{"id":8483,"date":"2023-12-07T08:00:01","date_gmt":"2023-12-07T14:00:01","guid":{"rendered":"https:\/\/expressometro.mx\/?p=8483"},"modified":"2023-12-15T08:35:52","modified_gmt":"2023-12-15T14:35:52","slug":"segundo-informe-de-gobierno-de-jorge-alfredo-osornio-victoria","status":"publish","type":"post","link":"https:\/\/expressometro.mx\/index.php\/2023\/12\/07\/segundo-informe-de-gobierno-de-jorge-alfredo-osornio-victoria\/","title":{"rendered":"SEGUNDO INFORME DE GOBIERNO DE JORGE ALFREDO OSORNIO VICTORIA"},"content":{"rendered":"\n<p><\/p>\n\n\n\n<p>El Presidente Municipal de Aculco, Jorge Alfredo Osornio Victoria, llev\u00f3 a cabo su segundo informe de gobierno, en donde expres\u00f3 su m\u00e1s sincero agradecimiento por estar presentes en el evento, y presenciar los compromisos hechos realidad, durante la presente administraci\u00f3n. El Presidente y su cabildo han trabajado arduamente para mejorar la calidad de vida de los aculquenses y brindar m\u00e1s y mejores servicios.\u00a0<\/p>\n\n\n\n<p>Se atendieron tanto, comunidades rurales y urbanas con una inversi\u00f3n de 35 millones de pesos, de los programas FAISMUN y FEFOM. Se rehabilitaron 27 mil metros cuadrados de la superficie de rodamiento en nueve comunidades y se logr\u00f3 la construcci\u00f3n de 27 mil metros cuadrados en pavimentaci\u00f3n de 48 comunidades.<\/p>\n\n\n\n<p>Los adultos mayores tambi\u00e9n fueron especialmente atendidos en esta administraci\u00f3n, se recibi\u00f3 el equipo para la apertura de la Casa Municipal de los Abuelos, donde se brinda terapia f\u00edsica, consulta nutricional, consulta odontol\u00f3gica y hasta asesor\u00edas jur\u00eddicas, con una inversi\u00f3n total de 204 mil pesos.<\/p>\n\n\n\n<p>Se realiz\u00f3 el equipamiento, la adquisici\u00f3n de mobiliario, y la construcci\u00f3n de infraestructura mediante los programas FAISMUN y FEFOM, con una inversi\u00f3n total de 9 millones 500 mil pesos. Se construyeron siete techumbres, dos aulas, siete bardas perimetrales, dos m\u00f3dulos de sanitarios, y un biodigestor en 16 escuelas del municipio, adicionalmente se rehabilitaron dos aulas y dos m\u00f3dulos de sanitarios en dos escuelas m\u00e1s.<\/p>\n\n\n\n<p>Con la finalidad de mejorar el parque vehicular de seguridad p\u00fablica y de ofrecer un mejor servicio, se adquirieron dos patrullas, una nissan Frontier doble cabina y un sedan nissan Versa, con una inversi\u00f3n total de un mill\u00f3n cuarenta y cinco mil pesos. Tambi\u00e9n con el objetivo de mejorar las condiciones en ejercicio policial, se compr\u00f3 diez c\u00e1maras de solapa, dos c\u00e1maras fotogr\u00e1ficas para primer respondiente, tres sistemas de grabaci\u00f3n en patrulla, cuatro discos duros de estado s\u00f3lido de un terabyte, dos computadoras de escritorio, dos computadoras port\u00e1tiles, cuatro unidades de respaldo de energ\u00eda y dos videoc\u00e1maras, con una inversi\u00f3n total de 641 mil pesos. Se hizo entrega de 80 uniformes completos para los elementos de seguridad p\u00fablica.<\/p>\n\n\n\n<p>Jorge Osornio asegura que a\u00fan falta muchas obras por cubrir, pero que est\u00e1n haciendo su mayor esfuerzo para cubrir las necesidades b\u00e1sicas de las comunidades m\u00e1s alejadas, para que se logre integrar mejor el municipio y poder alcanzar el desarrollo deseado.<\/p>\n","protected":false},"excerpt":{"rendered":"<p>El Presidente Municipal de Aculco, Jorge Alfredo Osornio Victoria, llev\u00f3 a cabo su segundo informe de gobierno, en donde expres\u00f3 su m\u00e1s sincero agradecimiento por estar presentes en el evento, y presenciar los compromisos hechos realidad, durante la presente administraci\u00f3n. El Presidente y su cabildo han trabajado arduamente para mejorar la calidad de vida de los aculquenses y brindar m\u00e1s y mejores servicios.\u00a0<\/p>\n","protected":false},"author":1,"featured_media":8485,"comment_status":"open","ping_status":"open","sticky":false,"template":"","format":"standard","meta":{"footnotes":""},"categories":[4,3,1,231],"tags":[955,1982,86,954],"class_list":["post-8483","post","type-post","status-publish","format-standard","has-post-thumbnail","hentry","category-finanzas","category-gobierno","category-otros","category-politica","tag-aculco","tag-edomex","tag-gem","tag-jorge-osornio"],"yoast_head":"<!-- This site is optimized with the Yoast SEO plugin v27.4 - https:\/\/yoast.com\/product\/yoast-seo-wordpress\/ -->\n<title>SEGUNDO INFORME DE GOBIERNO DE JORGE ALFREDO OSORNIO VICTORIA - Expresso Metropolitano<\/title>\n<meta name=\"robots\" content=\"index, follow, max-snippet:-1, max-image-preview:large, max-video-preview:-1\" \/>\n<link rel=\"canonical\" href=\"https:\/\/expressometro.mx\/index.php\/2023\/12\/07\/segundo-informe-de-gobierno-de-jorge-alfredo-osornio-victoria\/\" \/>\n<meta property=\"og:locale\" content=\"es_MX\" \/>\n<meta property=\"og:type\" content=\"article\" \/>\n<meta property=\"og:title\" content=\"SEGUNDO INFORME DE GOBIERNO DE JORGE ALFREDO OSORNIO VICTORIA - Expresso Metropolitano\" \/>\n<meta property=\"og:description\" content=\"El Presidente Municipal de Aculco, Jorge Alfredo Osornio Victoria, llev\u00f3 a cabo su segundo informe de gobierno, en donde expres\u00f3 su m\u00e1s sincero agradecimiento por estar presentes en el evento, y presenciar los compromisos hechos realidad, durante la presente administraci\u00f3n. El Presidente y su cabildo han trabajado arduamente para mejorar la calidad de vida de los aculquenses y brindar m\u00e1s y mejores servicios.\u00a0\" \/>\n<meta property=\"og:url\" content=\"https:\/\/expressometro.mx\/index.php\/2023\/12\/07\/segundo-informe-de-gobierno-de-jorge-alfredo-osornio-victoria\/\" \/>\n<meta property=\"og:site_name\" content=\"Expresso Metropolitano\" \/>\n<meta property=\"article:published_time\" content=\"2023-12-07T14:00:01+00:00\" \/>\n<meta property=\"article:modified_time\" content=\"2023-12-15T14:35:52+00:00\" \/>\n<meta property=\"og:image\" content=\"http:\/\/expressometro.mx\/wp-content\/uploads\/2023\/12\/WhatsApp-Image-2023-12-15-at-8.00.54-AM.jpeg\" \/>\n\t<meta property=\"og:image:width\" content=\"651\" \/>\n\t<meta property=\"og:image:height\" content=\"507\" \/>\n\t<meta property=\"og:image:type\" content=\"image\/jpeg\" \/>\n<meta name=\"author\" content=\"Expresso Metropolitano\" \/>\n<meta name=\"twitter:label1\" content=\"Escrito por\" \/>\n\t<meta name=\"twitter:data1\" content=\"Expresso Metropolitano\" \/>\n\t<meta name=\"twitter:label2\" content=\"Tiempo de lectura\" \/>\n\t<meta name=\"twitter:data2\" content=\"2 minutos\" \/>\n<script type=\"application\/ld+json\" class=\"yoast-schema-graph\">{\"@context\":\"https:\\\/\\\/schema.org\",\"@graph\":[{\"@type\":\"Article\",\"@id\":\"https:\\\/\\\/expressometro.mx\\\/index.php\\\/2023\\\/12\\\/07\\\/segundo-informe-de-gobierno-de-jorge-alfredo-osornio-victoria\\\/#article\",\"isPartOf\":{\"@id\":\"https:\\\/\\\/expressometro.mx\\\/index.php\\\/2023\\\/12\\\/07\\\/segundo-informe-de-gobierno-de-jorge-alfredo-osornio-victoria\\\/\"},\"author\":{\"name\":\"Expresso Metropolitano\",\"@id\":\"https:\\\/\\\/expressometro.mx\\\/#\\\/schema\\\/person\\\/efa971b4a0664db8ed5c22b1b0dd2f5d\"},\"headline\":\"SEGUNDO INFORME DE GOBIERNO DE JORGE ALFREDO OSORNIO VICTORIA\",\"datePublished\":\"2023-12-07T14:00:01+00:00\",\"dateModified\":\"2023-12-15T14:35:52+00:00\",\"mainEntityOfPage\":{\"@id\":\"https:\\\/\\\/expressometro.mx\\\/index.php\\\/2023\\\/12\\\/07\\\/segundo-informe-de-gobierno-de-jorge-alfredo-osornio-victoria\\\/\"},\"wordCount\":417,\"commentCount\":0,\"publisher\":{\"@id\":\"https:\\\/\\\/expressometro.mx\\\/#organization\"},\"image\":{\"@id\":\"https:\\\/\\\/expressometro.mx\\\/index.php\\\/2023\\\/12\\\/07\\\/segundo-informe-de-gobierno-de-jorge-alfredo-osornio-victoria\\\/#primaryimage\"},\"thumbnailUrl\":\"https:\\\/\\\/expressometro.mx\\\/wp-content\\\/uploads\\\/2023\\\/12\\\/WhatsApp-Image-2023-12-15-at-8.00.54-AM.jpeg\",\"keywords\":[\"Aculco\",\"Edomex\",\"GEM\",\"Jorge Osornio\"],\"articleSection\":[\"Finanzas\",\"Gobierno\",\"Otros\",\"Pol\u00edtica\"],\"inLanguage\":\"es\",\"potentialAction\":[{\"@type\":\"CommentAction\",\"name\":\"Comment\",\"target\":[\"https:\\\/\\\/expressometro.mx\\\/index.php\\\/2023\\\/12\\\/07\\\/segundo-informe-de-gobierno-de-jorge-alfredo-osornio-victoria\\\/#respond\"]}]},{\"@type\":\"WebPage\",\"@id\":\"https:\\\/\\\/expressometro.mx\\\/index.php\\\/2023\\\/12\\\/07\\\/segundo-informe-de-gobierno-de-jorge-alfredo-osornio-victoria\\\/\",\"url\":\"https:\\\/\\\/expressometro.mx\\\/index.php\\\/2023\\\/12\\\/07\\\/segundo-informe-de-gobierno-de-jorge-alfredo-osornio-victoria\\\/\",\"name\":\"SEGUNDO INFORME DE GOBIERNO DE JORGE ALFREDO OSORNIO VICTORIA - Expresso Metropolitano\",\"isPartOf\":{\"@id\":\"https:\\\/\\\/expressometro.mx\\\/#website\"},\"primaryImageOfPage\":{\"@id\":\"https:\\\/\\\/expressometro.mx\\\/index.php\\\/2023\\\/12\\\/07\\\/segundo-informe-de-gobierno-de-jorge-alfredo-osornio-victoria\\\/#primaryimage\"},\"image\":{\"@id\":\"https:\\\/\\\/expressometro.mx\\\/index.php\\\/2023\\\/12\\\/07\\\/segundo-informe-de-gobierno-de-jorge-alfredo-osornio-victoria\\\/#primaryimage\"},\"thumbnailUrl\":\"https:\\\/\\\/expressometro.mx\\\/wp-content\\\/uploads\\\/2023\\\/12\\\/WhatsApp-Image-2023-12-15-at-8.00.54-AM.jpeg\",\"datePublished\":\"2023-12-07T14:00:01+00:00\",\"dateModified\":\"2023-12-15T14:35:52+00:00\",\"breadcrumb\":{\"@id\":\"https:\\\/\\\/expressometro.mx\\\/index.php\\\/2023\\\/12\\\/07\\\/segundo-informe-de-gobierno-de-jorge-alfredo-osornio-victoria\\\/#breadcrumb\"},\"inLanguage\":\"es\",\"potentialAction\":[{\"@type\":\"ReadAction\",\"target\":[\"https:\\\/\\\/expressometro.mx\\\/index.php\\\/2023\\\/12\\\/07\\\/segundo-informe-de-gobierno-de-jorge-alfredo-osornio-victoria\\\/\"]}]},{\"@type\":\"ImageObject\",\"inLanguage\":\"es\",\"@id\":\"https:\\\/\\\/expressometro.mx\\\/index.php\\\/2023\\\/12\\\/07\\\/segundo-informe-de-gobierno-de-jorge-alfredo-osornio-victoria\\\/#primaryimage\",\"url\":\"https:\\\/\\\/expressometro.mx\\\/wp-content\\\/uploads\\\/2023\\\/12\\\/WhatsApp-Image-2023-12-15-at-8.00.54-AM.jpeg\",\"contentUrl\":\"https:\\\/\\\/expressometro.mx\\\/wp-content\\\/uploads\\\/2023\\\/12\\\/WhatsApp-Image-2023-12-15-at-8.00.54-AM.jpeg\",\"width\":651,\"height\":507},{\"@type\":\"BreadcrumbList\",\"@id\":\"https:\\\/\\\/expressometro.mx\\\/index.php\\\/2023\\\/12\\\/07\\\/segundo-informe-de-gobierno-de-jorge-alfredo-osornio-victoria\\\/#breadcrumb\",\"itemListElement\":[{\"@type\":\"ListItem\",\"position\":1,\"name\":\"Inicio\",\"item\":\"https:\\\/\\\/expressometro.mx\\\/\"},{\"@type\":\"ListItem\",\"position\":2,\"name\":\"SEGUNDO INFORME DE GOBIERNO DE JORGE ALFREDO OSORNIO VICTORIA\"}]},{\"@type\":\"WebSite\",\"@id\":\"https:\\\/\\\/expressometro.mx\\\/#website\",\"url\":\"https:\\\/\\\/expressometro.mx\\\/\",\"name\":\"Expresso Metropolitano\",\"description\":\"Periodismo comprometido, informaci\u00f3n, investigaci\u00f3n y an\u00e1lisis\",\"publisher\":{\"@id\":\"https:\\\/\\\/expressometro.mx\\\/#organization\"},\"potentialAction\":[{\"@type\":\"SearchAction\",\"target\":{\"@type\":\"EntryPoint\",\"urlTemplate\":\"https:\\\/\\\/expressometro.mx\\\/?s={search_term_string}\"},\"query-input\":{\"@type\":\"PropertyValueSpecification\",\"valueRequired\":true,\"valueName\":\"search_term_string\"}}],\"inLanguage\":\"es\"},{\"@type\":\"Organization\",\"@id\":\"https:\\\/\\\/expressometro.mx\\\/#organization\",\"name\":\"Expresso Metropolitano\",\"url\":\"https:\\\/\\\/expressometro.mx\\\/\",\"logo\":{\"@type\":\"ImageObject\",\"inLanguage\":\"es\",\"@id\":\"https:\\\/\\\/expressometro.mx\\\/#\\\/schema\\\/logo\\\/image\\\/\",\"url\":\"https:\\\/\\\/expressometro.mx\\\/wp-content\\\/uploads\\\/2019\\\/07\\\/cropped-Logo-Expresso-Metropolitano-1-1.jpeg\",\"contentUrl\":\"https:\\\/\\\/expressometro.mx\\\/wp-content\\\/uploads\\\/2019\\\/07\\\/cropped-Logo-Expresso-Metropolitano-1-1.jpeg\",\"width\":290,\"height\":73,\"caption\":\"Expresso Metropolitano\"},\"image\":{\"@id\":\"https:\\\/\\\/expressometro.mx\\\/#\\\/schema\\\/logo\\\/image\\\/\"}},{\"@type\":\"Person\",\"@id\":\"https:\\\/\\\/expressometro.mx\\\/#\\\/schema\\\/person\\\/efa971b4a0664db8ed5c22b1b0dd2f5d\",\"name\":\"Expresso Metropolitano\",\"image\":{\"@type\":\"ImageObject\",\"inLanguage\":\"es\",\"@id\":\"https:\\\/\\\/secure.gravatar.com\\\/avatar\\\/a89f802b8de18c6952f223c88d3d106e9e3679839f4e25a02f4a6cc2ae6ba3b3?s=96&d=mm&r=g\",\"url\":\"https:\\\/\\\/secure.gravatar.com\\\/avatar\\\/a89f802b8de18c6952f223c88d3d106e9e3679839f4e25a02f4a6cc2ae6ba3b3?s=96&d=mm&r=g\",\"contentUrl\":\"https:\\\/\\\/secure.gravatar.com\\\/avatar\\\/a89f802b8de18c6952f223c88d3d106e9e3679839f4e25a02f4a6cc2ae6ba3b3?s=96&d=mm&r=g\",\"caption\":\"Expresso Metropolitano\"},\"url\":\"https:\\\/\\\/expressometro.mx\\\/index.php\\\/author\\\/diego\\\/\"}]}<\/script>\n<!-- \/ Yoast SEO plugin. -->","yoast_head_json":{"title":"SEGUNDO INFORME DE GOBIERNO DE JORGE ALFREDO OSORNIO VICTORIA - Expresso Metropolitano","robots":{"index":"index","follow":"follow","max-snippet":"max-snippet:-1","max-image-preview":"max-image-preview:large","max-video-preview":"max-video-preview:-1"},"canonical":"https:\/\/expressometro.mx\/index.php\/2023\/12\/07\/segundo-informe-de-gobierno-de-jorge-alfredo-osornio-victoria\/","og_locale":"es_MX","og_type":"article","og_title":"SEGUNDO INFORME DE GOBIERNO DE JORGE ALFREDO OSORNIO VICTORIA - Expresso Metropolitano","og_description":"El Presidente Municipal de Aculco, Jorge Alfredo Osornio Victoria, llev\u00f3 a cabo su segundo informe de gobierno, en donde expres\u00f3 su m\u00e1s sincero agradecimiento por estar presentes en el evento, y presenciar los compromisos hechos realidad, durante la presente administraci\u00f3n. El Presidente y su cabildo han trabajado arduamente para mejorar la calidad de vida de los aculquenses y brindar m\u00e1s y mejores servicios.\u00a0","og_url":"https:\/\/expressometro.mx\/index.php\/2023\/12\/07\/segundo-informe-de-gobierno-de-jorge-alfredo-osornio-victoria\/","og_site_name":"Expresso Metropolitano","article_published_time":"2023-12-07T14:00:01+00:00","article_modified_time":"2023-12-15T14:35:52+00:00","og_image":[{"width":651,"height":507,"url":"http:\/\/expressometro.mx\/wp-content\/uploads\/2023\/12\/WhatsApp-Image-2023-12-15-at-8.00.54-AM.jpeg","type":"image\/jpeg"}],"author":"Expresso Metropolitano","twitter_misc":{"Escrito por":"Expresso Metropolitano","Tiempo de lectura":"2 minutos"},"schema":{"@context":"https:\/\/schema.org","@graph":[{"@type":"Article","@id":"https:\/\/expressometro.mx\/index.php\/2023\/12\/07\/segundo-informe-de-gobierno-de-jorge-alfredo-osornio-victoria\/#article","isPartOf":{"@id":"https:\/\/expressometro.mx\/index.php\/2023\/12\/07\/segundo-informe-de-gobierno-de-jorge-alfredo-osornio-victoria\/"},"author":{"name":"Expresso Metropolitano","@id":"https:\/\/expressometro.mx\/#\/schema\/person\/efa971b4a0664db8ed5c22b1b0dd2f5d"},"headline":"SEGUNDO INFORME DE GOBIERNO DE JORGE ALFREDO OSORNIO VICTORIA","datePublished":"2023-12-07T14:00:01+00:00","dateModified":"2023-12-15T14:35:52+00:00","mainEntityOfPage":{"@id":"https:\/\/expressometro.mx\/index.php\/2023\/12\/07\/segundo-informe-de-gobierno-de-jorge-alfredo-osornio-victoria\/"},"wordCount":417,"commentCount":0,"publisher":{"@id":"https:\/\/expressometro.mx\/#organization"},"image":{"@id":"https:\/\/expressometro.mx\/index.php\/2023\/12\/07\/segundo-informe-de-gobierno-de-jorge-alfredo-osornio-victoria\/#primaryimage"},"thumbnailUrl":"https:\/\/expressometro.mx\/wp-content\/uploads\/2023\/12\/WhatsApp-Image-2023-12-15-at-8.00.54-AM.jpeg","keywords":["Aculco","Edomex","GEM","Jorge Osornio"],"articleSection":["Finanzas","Gobierno","Otros","Pol\u00edtica"],"inLanguage":"es","potentialAction":[{"@type":"CommentAction","name":"Comment","target":["https:\/\/expressometro.mx\/index.php\/2023\/12\/07\/segundo-informe-de-gobierno-de-jorge-alfredo-osornio-victoria\/#respond"]}]},{"@type":"WebPage","@id":"https:\/\/expressometro.mx\/index.php\/2023\/12\/07\/segundo-informe-de-gobierno-de-jorge-alfredo-osornio-victoria\/","url":"https:\/\/expressometro.mx\/index.php\/2023\/12\/07\/segundo-informe-de-gobierno-de-jorge-alfredo-osornio-victoria\/","name":"SEGUNDO INFORME DE GOBIERNO DE JORGE ALFREDO OSORNIO VICTORIA - Expresso Metropolitano","isPartOf":{"@id":"https:\/\/expressometro.mx\/#website"},"primaryImageOfPage":{"@id":"https:\/\/expressometro.mx\/index.php\/2023\/12\/07\/segundo-informe-de-gobierno-de-jorge-alfredo-osornio-victoria\/#primaryimage"},"image":{"@id":"https:\/\/expressometro.mx\/index.php\/2023\/12\/07\/segundo-informe-de-gobierno-de-jorge-alfredo-osornio-victoria\/#primaryimage"},"thumbnailUrl":"https:\/\/expressometro.mx\/wp-content\/uploads\/2023\/12\/WhatsApp-Image-2023-12-15-at-8.00.54-AM.jpeg","datePublished":"2023-12-07T14:00:01+00:00","dateModified":"2023-12-15T14:35:52+00:00","breadcrumb":{"@id":"https:\/\/expressometro.mx\/index.php\/2023\/12\/07\/segundo-informe-de-gobierno-de-jorge-alfredo-osornio-victoria\/#breadcrumb"},"inLanguage":"es","potentialAction":[{"@type":"ReadAction","target":["https:\/\/expressometro.mx\/index.php\/2023\/12\/07\/segundo-informe-de-gobierno-de-jorge-alfredo-osornio-victoria\/"]}]},{"@type":"ImageObject","inLanguage":"es","@id":"https:\/\/expressometro.mx\/index.php\/2023\/12\/07\/segundo-informe-de-gobierno-de-jorge-alfredo-osornio-victoria\/#primaryimage","url":"https:\/\/expressometro.mx\/wp-content\/uploads\/2023\/12\/WhatsApp-Image-2023-12-15-at-8.00.54-AM.jpeg","contentUrl":"https:\/\/expressometro.mx\/wp-content\/uploads\/2023\/12\/WhatsApp-Image-2023-12-15-at-8.00.54-AM.jpeg","width":651,"height":507},{"@type":"BreadcrumbList","@id":"https:\/\/expressometro.mx\/index.php\/2023\/12\/07\/segundo-informe-de-gobierno-de-jorge-alfredo-osornio-victoria\/#breadcrumb","itemListElement":[{"@type":"ListItem","position":1,"name":"Inicio","item":"https:\/\/expressometro.mx\/"},{"@type":"ListItem","position":2,"name":"SEGUNDO INFORME DE GOBIERNO DE JORGE ALFREDO OSORNIO VICTORIA"}]},{"@type":"WebSite","@id":"https:\/\/expressometro.mx\/#website","url":"https:\/\/expressometro.mx\/","name":"Expresso Metropolitano","description":"Periodismo comprometido, informaci\u00f3n, investigaci\u00f3n y an\u00e1lisis","publisher":{"@id":"https:\/\/expressometro.mx\/#organization"},"potentialAction":[{"@type":"SearchAction","target":{"@type":"EntryPoint","urlTemplate":"https:\/\/expressometro.mx\/?s={search_term_string}"},"query-input":{"@type":"PropertyValueSpecification","valueRequired":true,"valueName":"search_term_string"}}],"inLanguage":"es"},{"@type":"Organization","@id":"https:\/\/expressometro.mx\/#organization","name":"Expresso Metropolitano","url":"https:\/\/expressometro.mx\/","logo":{"@type":"ImageObject","inLanguage":"es","@id":"https:\/\/expressometro.mx\/#\/schema\/logo\/image\/","url":"https:\/\/expressometro.mx\/wp-content\/uploads\/2019\/07\/cropped-Logo-Expresso-Metropolitano-1-1.jpeg","contentUrl":"https:\/\/expressometro.mx\/wp-content\/uploads\/2019\/07\/cropped-Logo-Expresso-Metropolitano-1-1.jpeg","width":290,"height":73,"caption":"Expresso Metropolitano"},"image":{"@id":"https:\/\/expressometro.mx\/#\/schema\/logo\/image\/"}},{"@type":"Person","@id":"https:\/\/expressometro.mx\/#\/schema\/person\/efa971b4a0664db8ed5c22b1b0dd2f5d","name":"Expresso Metropolitano","image":{"@type":"ImageObject","inLanguage":"es","@id":"https:\/\/secure.gravatar.com\/avatar\/a89f802b8de18c6952f223c88d3d106e9e3679839f4e25a02f4a6cc2ae6ba3b3?s=96&d=mm&r=g","url":"https:\/\/secure.gravatar.com\/avatar\/a89f802b8de18c6952f223c88d3d106e9e3679839f4e25a02f4a6cc2ae6ba3b3?s=96&d=mm&r=g","contentUrl":"https:\/\/secure.gravatar.com\/avatar\/a89f802b8de18c6952f223c88d3d106e9e3679839f4e25a02f4a6cc2ae6ba3b3?s=96&d=mm&r=g","caption":"Expresso Metropolitano"},"url":"https:\/\/expressometro.mx\/index.php\/author\/diego\/"}]}},"amp_enabled":true,"_links":{"self":[{"href":"https:\/\/expressometro.mx\/index.php\/wp-json\/wp\/v2\/posts\/8483","targetHints":{"allow":["GET"]}}],"collection":[{"href":"https:\/\/expressometro.mx\/index.php\/wp-json\/wp\/v2\/posts"}],"about":[{"href":"https:\/\/expressometro.mx\/index.php\/wp-json\/wp\/v2\/types\/post"}],"author":[{"embeddable":true,"href":"https:\/\/expressometro.mx\/index.php\/wp-json\/wp\/v2\/users\/1"}],"replies":[{"embeddable":true,"href":"https:\/\/expressometro.mx\/index.php\/wp-json\/wp\/v2\/comments?post=8483"}],"version-history":[{"count":1,"href":"https:\/\/expressometro.mx\/index.php\/wp-json\/wp\/v2\/posts\/8483\/revisions"}],"predecessor-version":[{"id":8486,"href":"https:\/\/expressometro.mx\/index.php\/wp-json\/wp\/v2\/posts\/8483\/revisions\/8486"}],"wp:featuredmedia":[{"embeddable":true,"href":"https:\/\/expressometro.mx\/index.php\/wp-json\/wp\/v2\/media\/8485"}],"wp:attachment":[{"href":"https:\/\/expressometro.mx\/index.php\/wp-json\/wp\/v2\/media?parent=8483"}],"wp:term":[{"taxonomy":"category","embeddable":true,"href":"https:\/\/expressometro.mx\/index.php\/wp-json\/wp\/v2\/categories?post=8483"},{"taxonomy":"post_tag","embeddable":true,"href":"https:\/\/expressometro.mx\/index.php\/wp-json\/wp\/v2\/tags?post=8483"}],"curies":[{"name":"wp","href":"https:\/\/api.w.org\/{rel}","templated":true}]}}