{"id":8477,"date":"2023-11-30T06:31:15","date_gmt":"2023-11-30T12:31:15","guid":{"rendered":"https:\/\/expressometro.mx\/?p=8477"},"modified":"2023-12-12T07:00:15","modified_gmt":"2023-12-12T13:00:15","slug":"primer-foro-lechero-del-estado-de-mexico-aculco","status":"publish","type":"post","link":"https:\/\/expressometro.mx\/index.php\/2023\/11\/30\/primer-foro-lechero-del-estado-de-mexico-aculco\/","title":{"rendered":"PRIMER FORO LECHERO DEL ESTADO DE M\u00c9XICO: ACULCO"},"content":{"rendered":"\n<p><\/p>\n\n\n\n<p>En coordinaci\u00f3n con la Secretar\u00eda de Agricultura se realiz\u00f3 el primer foro lechero del Estado de M\u00e9xico, contando con la presencia de m\u00e1s de 250 personas. La inauguraci\u00f3n fue llevada a cabo por el Presidente Municipal, Jorge Alfredo Osornio Victoria, en compa\u00f1\u00eda del Ing. J. Guadalupe P\u00e9rez Elizalde, Titular de la oficina de Representaci\u00f3n de Agricultura, Estado de M\u00e9xico, quien instaur\u00f3 el Consejo Municipal de Desarrollo Rural Sustentable de Aculco.<\/p>\n\n\n\n<p>Jorge Osornio hizo hincapi\u00e9 en la necesidad de reforzar los est\u00e1ndares de calidad para garantizar la integridad nutricional de los l\u00e1cteos producidos en M\u00e9xico. Hizo un llamado a las organizaciones de productores y a la industria l\u00e1ctea a colaborar en el desarrollo de normativas que aseguren la calidad de los productos y prevengan la adulteraci\u00f3n de la leche y sus derivados.<\/p>\n\n\n\n<p>Durante el foro, se debatieron los retos y las oportunidades del sector l\u00e1cteo en M\u00e9xico, que van desde la lucha contra las emisiones de carbono hasta la relocalizaci\u00f3n de la producci\u00f3n en regiones con suficiente agua. El alcalde destac\u00f3 la importancia de las inversiones p\u00fablico-privadas para incrementar la productividad del ganado lechero y reducir las emisiones de metano.<\/p>\n\n\n\n<p>Para Jorge Osornio es de suma importancia posicionar la leche y sus derivados como parte fundamental de la dieta del mexicano para promover la salud y el bienestar de la poblaci\u00f3n.<\/p>\n","protected":false},"excerpt":{"rendered":"<p>En coordinaci\u00f3n con la Secretar\u00eda de Agricultura se realiz\u00f3 el primer foro lechero del Estado de M\u00e9xico, contando con la presencia de m\u00e1s de 250 personas. La inauguraci\u00f3n fue llevada a cabo por el Presidente Municipal, Jorge Alfredo Osornio Victoria, en compa\u00f1\u00eda del Ing. J. Guadalupe P\u00e9rez Elizalde, Titular de la oficina de Representaci\u00f3n de Agricultura, Estado de M\u00e9xico, quien instaur\u00f3 el Consejo Municipal de Desarrollo Rural Sustentable de Aculco.<\/p>\n","protected":false},"author":1,"featured_media":8479,"comment_status":"open","ping_status":"open","sticky":false,"template":"","format":"standard","meta":{"footnotes":""},"categories":[4,3,8,1,231],"tags":[955,1982,86,954],"class_list":["post-8477","post","type-post","status-publish","format-standard","has-post-thumbnail","hentry","category-finanzas","category-gobierno","category-medio-ambiente","category-otros","category-politica","tag-aculco","tag-edomex","tag-gem","tag-jorge-osornio"],"yoast_head":"<!-- This site is optimized with the Yoast SEO plugin v27.5 - https:\/\/yoast.com\/product\/yoast-seo-wordpress\/ -->\n<title>PRIMER FORO LECHERO DEL ESTADO DE M\u00c9XICO: ACULCO - Expresso Metropolitano<\/title>\n<meta name=\"robots\" content=\"index, follow, max-snippet:-1, max-image-preview:large, max-video-preview:-1\" \/>\n<link rel=\"canonical\" href=\"https:\/\/expressometro.mx\/index.php\/2023\/11\/30\/primer-foro-lechero-del-estado-de-mexico-aculco\/\" \/>\n<meta property=\"og:locale\" content=\"es_MX\" \/>\n<meta property=\"og:type\" content=\"article\" \/>\n<meta property=\"og:title\" content=\"PRIMER FORO LECHERO DEL ESTADO DE M\u00c9XICO: ACULCO - Expresso Metropolitano\" \/>\n<meta property=\"og:description\" content=\"En coordinaci\u00f3n con la Secretar\u00eda de Agricultura se realiz\u00f3 el primer foro lechero del Estado de M\u00e9xico, contando con la presencia de m\u00e1s de 250 personas. La inauguraci\u00f3n fue llevada a cabo por el Presidente Municipal, Jorge Alfredo Osornio Victoria, en compa\u00f1\u00eda del Ing. J. Guadalupe P\u00e9rez Elizalde, Titular de la oficina de Representaci\u00f3n de Agricultura, Estado de M\u00e9xico, quien instaur\u00f3 el Consejo Municipal de Desarrollo Rural Sustentable de Aculco.\" \/>\n<meta property=\"og:url\" content=\"https:\/\/expressometro.mx\/index.php\/2023\/11\/30\/primer-foro-lechero-del-estado-de-mexico-aculco\/\" \/>\n<meta property=\"og:site_name\" content=\"Expresso Metropolitano\" \/>\n<meta property=\"article:published_time\" content=\"2023-11-30T12:31:15+00:00\" \/>\n<meta property=\"article:modified_time\" content=\"2023-12-12T13:00:15+00:00\" \/>\n<meta property=\"og:image\" content=\"http:\/\/expressometro.mx\/wp-content\/uploads\/2023\/12\/WhatsApp-Image-2023-12-12-at-6.51.07-AM.jpeg\" \/>\n\t<meta property=\"og:image:width\" content=\"646\" \/>\n\t<meta property=\"og:image:height\" content=\"448\" \/>\n\t<meta property=\"og:image:type\" content=\"image\/jpeg\" \/>\n<meta name=\"author\" content=\"Expresso Metropolitano\" \/>\n<meta name=\"twitter:label1\" content=\"Escrito por\" \/>\n\t<meta name=\"twitter:data1\" content=\"Expresso Metropolitano\" \/>\n\t<meta name=\"twitter:label2\" content=\"Tiempo de lectura\" \/>\n\t<meta name=\"twitter:data2\" content=\"2 minutos\" \/>\n<script type=\"application\/ld+json\" class=\"yoast-schema-graph\">{\"@context\":\"https:\\\/\\\/schema.org\",\"@graph\":[{\"@type\":\"Article\",\"@id\":\"https:\\\/\\\/expressometro.mx\\\/index.php\\\/2023\\\/11\\\/30\\\/primer-foro-lechero-del-estado-de-mexico-aculco\\\/#article\",\"isPartOf\":{\"@id\":\"https:\\\/\\\/expressometro.mx\\\/index.php\\\/2023\\\/11\\\/30\\\/primer-foro-lechero-del-estado-de-mexico-aculco\\\/\"},\"author\":{\"name\":\"Expresso Metropolitano\",\"@id\":\"https:\\\/\\\/expressometro.mx\\\/#\\\/schema\\\/person\\\/efa971b4a0664db8ed5c22b1b0dd2f5d\"},\"headline\":\"PRIMER FORO LECHERO DEL ESTADO DE M\u00c9XICO: ACULCO\",\"datePublished\":\"2023-11-30T12:31:15+00:00\",\"dateModified\":\"2023-12-12T13:00:15+00:00\",\"mainEntityOfPage\":{\"@id\":\"https:\\\/\\\/expressometro.mx\\\/index.php\\\/2023\\\/11\\\/30\\\/primer-foro-lechero-del-estado-de-mexico-aculco\\\/\"},\"wordCount\":248,\"commentCount\":0,\"publisher\":{\"@id\":\"https:\\\/\\\/expressometro.mx\\\/#organization\"},\"image\":{\"@id\":\"https:\\\/\\\/expressometro.mx\\\/index.php\\\/2023\\\/11\\\/30\\\/primer-foro-lechero-del-estado-de-mexico-aculco\\\/#primaryimage\"},\"thumbnailUrl\":\"https:\\\/\\\/expressometro.mx\\\/wp-content\\\/uploads\\\/2023\\\/12\\\/WhatsApp-Image-2023-12-12-at-6.51.07-AM.jpeg\",\"keywords\":[\"Aculco\",\"Edomex\",\"GEM\",\"Jorge Osornio\"],\"articleSection\":[\"Finanzas\",\"Gobierno\",\"Medio ambiente\",\"Otros\",\"Pol\u00edtica\"],\"inLanguage\":\"es\",\"potentialAction\":[{\"@type\":\"CommentAction\",\"name\":\"Comment\",\"target\":[\"https:\\\/\\\/expressometro.mx\\\/index.php\\\/2023\\\/11\\\/30\\\/primer-foro-lechero-del-estado-de-mexico-aculco\\\/#respond\"]}]},{\"@type\":\"WebPage\",\"@id\":\"https:\\\/\\\/expressometro.mx\\\/index.php\\\/2023\\\/11\\\/30\\\/primer-foro-lechero-del-estado-de-mexico-aculco\\\/\",\"url\":\"https:\\\/\\\/expressometro.mx\\\/index.php\\\/2023\\\/11\\\/30\\\/primer-foro-lechero-del-estado-de-mexico-aculco\\\/\",\"name\":\"PRIMER FORO LECHERO DEL ESTADO DE M\u00c9XICO: ACULCO - Expresso Metropolitano\",\"isPartOf\":{\"@id\":\"https:\\\/\\\/expressometro.mx\\\/#website\"},\"primaryImageOfPage\":{\"@id\":\"https:\\\/\\\/expressometro.mx\\\/index.php\\\/2023\\\/11\\\/30\\\/primer-foro-lechero-del-estado-de-mexico-aculco\\\/#primaryimage\"},\"image\":{\"@id\":\"https:\\\/\\\/expressometro.mx\\\/index.php\\\/2023\\\/11\\\/30\\\/primer-foro-lechero-del-estado-de-mexico-aculco\\\/#primaryimage\"},\"thumbnailUrl\":\"https:\\\/\\\/expressometro.mx\\\/wp-content\\\/uploads\\\/2023\\\/12\\\/WhatsApp-Image-2023-12-12-at-6.51.07-AM.jpeg\",\"datePublished\":\"2023-11-30T12:31:15+00:00\",\"dateModified\":\"2023-12-12T13:00:15+00:00\",\"breadcrumb\":{\"@id\":\"https:\\\/\\\/expressometro.mx\\\/index.php\\\/2023\\\/11\\\/30\\\/primer-foro-lechero-del-estado-de-mexico-aculco\\\/#breadcrumb\"},\"inLanguage\":\"es\",\"potentialAction\":[{\"@type\":\"ReadAction\",\"target\":[\"https:\\\/\\\/expressometro.mx\\\/index.php\\\/2023\\\/11\\\/30\\\/primer-foro-lechero-del-estado-de-mexico-aculco\\\/\"]}]},{\"@type\":\"ImageObject\",\"inLanguage\":\"es\",\"@id\":\"https:\\\/\\\/expressometro.mx\\\/index.php\\\/2023\\\/11\\\/30\\\/primer-foro-lechero-del-estado-de-mexico-aculco\\\/#primaryimage\",\"url\":\"https:\\\/\\\/expressometro.mx\\\/wp-content\\\/uploads\\\/2023\\\/12\\\/WhatsApp-Image-2023-12-12-at-6.51.07-AM.jpeg\",\"contentUrl\":\"https:\\\/\\\/expressometro.mx\\\/wp-content\\\/uploads\\\/2023\\\/12\\\/WhatsApp-Image-2023-12-12-at-6.51.07-AM.jpeg\",\"width\":646,\"height\":448},{\"@type\":\"BreadcrumbList\",\"@id\":\"https:\\\/\\\/expressometro.mx\\\/index.php\\\/2023\\\/11\\\/30\\\/primer-foro-lechero-del-estado-de-mexico-aculco\\\/#breadcrumb\",\"itemListElement\":[{\"@type\":\"ListItem\",\"position\":1,\"name\":\"Inicio\",\"item\":\"https:\\\/\\\/expressometro.mx\\\/\"},{\"@type\":\"ListItem\",\"position\":2,\"name\":\"PRIMER FORO LECHERO DEL ESTADO DE M\u00c9XICO: ACULCO\"}]},{\"@type\":\"WebSite\",\"@id\":\"https:\\\/\\\/expressometro.mx\\\/#website\",\"url\":\"https:\\\/\\\/expressometro.mx\\\/\",\"name\":\"Expresso Metropolitano\",\"description\":\"Periodismo comprometido, informaci\u00f3n, investigaci\u00f3n y an\u00e1lisis\",\"publisher\":{\"@id\":\"https:\\\/\\\/expressometro.mx\\\/#organization\"},\"potentialAction\":[{\"@type\":\"SearchAction\",\"target\":{\"@type\":\"EntryPoint\",\"urlTemplate\":\"https:\\\/\\\/expressometro.mx\\\/?s={search_term_string}\"},\"query-input\":{\"@type\":\"PropertyValueSpecification\",\"valueRequired\":true,\"valueName\":\"search_term_string\"}}],\"inLanguage\":\"es\"},{\"@type\":\"Organization\",\"@id\":\"https:\\\/\\\/expressometro.mx\\\/#organization\",\"name\":\"Expresso Metropolitano\",\"url\":\"https:\\\/\\\/expressometro.mx\\\/\",\"logo\":{\"@type\":\"ImageObject\",\"inLanguage\":\"es\",\"@id\":\"https:\\\/\\\/expressometro.mx\\\/#\\\/schema\\\/logo\\\/image\\\/\",\"url\":\"https:\\\/\\\/expressometro.mx\\\/wp-content\\\/uploads\\\/2019\\\/07\\\/cropped-Logo-Expresso-Metropolitano-1-1.jpeg\",\"contentUrl\":\"https:\\\/\\\/expressometro.mx\\\/wp-content\\\/uploads\\\/2019\\\/07\\\/cropped-Logo-Expresso-Metropolitano-1-1.jpeg\",\"width\":290,\"height\":73,\"caption\":\"Expresso Metropolitano\"},\"image\":{\"@id\":\"https:\\\/\\\/expressometro.mx\\\/#\\\/schema\\\/logo\\\/image\\\/\"}},{\"@type\":\"Person\",\"@id\":\"https:\\\/\\\/expressometro.mx\\\/#\\\/schema\\\/person\\\/efa971b4a0664db8ed5c22b1b0dd2f5d\",\"name\":\"Expresso Metropolitano\",\"image\":{\"@type\":\"ImageObject\",\"inLanguage\":\"es\",\"@id\":\"https:\\\/\\\/secure.gravatar.com\\\/avatar\\\/a89f802b8de18c6952f223c88d3d106e9e3679839f4e25a02f4a6cc2ae6ba3b3?s=96&d=mm&r=g\",\"url\":\"https:\\\/\\\/secure.gravatar.com\\\/avatar\\\/a89f802b8de18c6952f223c88d3d106e9e3679839f4e25a02f4a6cc2ae6ba3b3?s=96&d=mm&r=g\",\"contentUrl\":\"https:\\\/\\\/secure.gravatar.com\\\/avatar\\\/a89f802b8de18c6952f223c88d3d106e9e3679839f4e25a02f4a6cc2ae6ba3b3?s=96&d=mm&r=g\",\"caption\":\"Expresso Metropolitano\"},\"url\":\"https:\\\/\\\/expressometro.mx\\\/index.php\\\/author\\\/diego\\\/\"}]}<\/script>\n<!-- \/ Yoast SEO plugin. -->","yoast_head_json":{"title":"PRIMER FORO LECHERO DEL ESTADO DE M\u00c9XICO: ACULCO - Expresso Metropolitano","robots":{"index":"index","follow":"follow","max-snippet":"max-snippet:-1","max-image-preview":"max-image-preview:large","max-video-preview":"max-video-preview:-1"},"canonical":"https:\/\/expressometro.mx\/index.php\/2023\/11\/30\/primer-foro-lechero-del-estado-de-mexico-aculco\/","og_locale":"es_MX","og_type":"article","og_title":"PRIMER FORO LECHERO DEL ESTADO DE M\u00c9XICO: ACULCO - Expresso Metropolitano","og_description":"En coordinaci\u00f3n con la Secretar\u00eda de Agricultura se realiz\u00f3 el primer foro lechero del Estado de M\u00e9xico, contando con la presencia de m\u00e1s de 250 personas. La inauguraci\u00f3n fue llevada a cabo por el Presidente Municipal, Jorge Alfredo Osornio Victoria, en compa\u00f1\u00eda del Ing. J. Guadalupe P\u00e9rez Elizalde, Titular de la oficina de Representaci\u00f3n de Agricultura, Estado de M\u00e9xico, quien instaur\u00f3 el Consejo Municipal de Desarrollo Rural Sustentable de Aculco.","og_url":"https:\/\/expressometro.mx\/index.php\/2023\/11\/30\/primer-foro-lechero-del-estado-de-mexico-aculco\/","og_site_name":"Expresso Metropolitano","article_published_time":"2023-11-30T12:31:15+00:00","article_modified_time":"2023-12-12T13:00:15+00:00","og_image":[{"width":646,"height":448,"url":"http:\/\/expressometro.mx\/wp-content\/uploads\/2023\/12\/WhatsApp-Image-2023-12-12-at-6.51.07-AM.jpeg","type":"image\/jpeg"}],"author":"Expresso Metropolitano","twitter_misc":{"Escrito por":"Expresso Metropolitano","Tiempo de lectura":"2 minutos"},"schema":{"@context":"https:\/\/schema.org","@graph":[{"@type":"Article","@id":"https:\/\/expressometro.mx\/index.php\/2023\/11\/30\/primer-foro-lechero-del-estado-de-mexico-aculco\/#article","isPartOf":{"@id":"https:\/\/expressometro.mx\/index.php\/2023\/11\/30\/primer-foro-lechero-del-estado-de-mexico-aculco\/"},"author":{"name":"Expresso Metropolitano","@id":"https:\/\/expressometro.mx\/#\/schema\/person\/efa971b4a0664db8ed5c22b1b0dd2f5d"},"headline":"PRIMER FORO LECHERO DEL ESTADO DE M\u00c9XICO: ACULCO","datePublished":"2023-11-30T12:31:15+00:00","dateModified":"2023-12-12T13:00:15+00:00","mainEntityOfPage":{"@id":"https:\/\/expressometro.mx\/index.php\/2023\/11\/30\/primer-foro-lechero-del-estado-de-mexico-aculco\/"},"wordCount":248,"commentCount":0,"publisher":{"@id":"https:\/\/expressometro.mx\/#organization"},"image":{"@id":"https:\/\/expressometro.mx\/index.php\/2023\/11\/30\/primer-foro-lechero-del-estado-de-mexico-aculco\/#primaryimage"},"thumbnailUrl":"https:\/\/expressometro.mx\/wp-content\/uploads\/2023\/12\/WhatsApp-Image-2023-12-12-at-6.51.07-AM.jpeg","keywords":["Aculco","Edomex","GEM","Jorge Osornio"],"articleSection":["Finanzas","Gobierno","Medio ambiente","Otros","Pol\u00edtica"],"inLanguage":"es","potentialAction":[{"@type":"CommentAction","name":"Comment","target":["https:\/\/expressometro.mx\/index.php\/2023\/11\/30\/primer-foro-lechero-del-estado-de-mexico-aculco\/#respond"]}]},{"@type":"WebPage","@id":"https:\/\/expressometro.mx\/index.php\/2023\/11\/30\/primer-foro-lechero-del-estado-de-mexico-aculco\/","url":"https:\/\/expressometro.mx\/index.php\/2023\/11\/30\/primer-foro-lechero-del-estado-de-mexico-aculco\/","name":"PRIMER FORO LECHERO DEL ESTADO DE M\u00c9XICO: ACULCO - Expresso Metropolitano","isPartOf":{"@id":"https:\/\/expressometro.mx\/#website"},"primaryImageOfPage":{"@id":"https:\/\/expressometro.mx\/index.php\/2023\/11\/30\/primer-foro-lechero-del-estado-de-mexico-aculco\/#primaryimage"},"image":{"@id":"https:\/\/expressometro.mx\/index.php\/2023\/11\/30\/primer-foro-lechero-del-estado-de-mexico-aculco\/#primaryimage"},"thumbnailUrl":"https:\/\/expressometro.mx\/wp-content\/uploads\/2023\/12\/WhatsApp-Image-2023-12-12-at-6.51.07-AM.jpeg","datePublished":"2023-11-30T12:31:15+00:00","dateModified":"2023-12-12T13:00:15+00:00","breadcrumb":{"@id":"https:\/\/expressometro.mx\/index.php\/2023\/11\/30\/primer-foro-lechero-del-estado-de-mexico-aculco\/#breadcrumb"},"inLanguage":"es","potentialAction":[{"@type":"ReadAction","target":["https:\/\/expressometro.mx\/index.php\/2023\/11\/30\/primer-foro-lechero-del-estado-de-mexico-aculco\/"]}]},{"@type":"ImageObject","inLanguage":"es","@id":"https:\/\/expressometro.mx\/index.php\/2023\/11\/30\/primer-foro-lechero-del-estado-de-mexico-aculco\/#primaryimage","url":"https:\/\/expressometro.mx\/wp-content\/uploads\/2023\/12\/WhatsApp-Image-2023-12-12-at-6.51.07-AM.jpeg","contentUrl":"https:\/\/expressometro.mx\/wp-content\/uploads\/2023\/12\/WhatsApp-Image-2023-12-12-at-6.51.07-AM.jpeg","width":646,"height":448},{"@type":"BreadcrumbList","@id":"https:\/\/expressometro.mx\/index.php\/2023\/11\/30\/primer-foro-lechero-del-estado-de-mexico-aculco\/#breadcrumb","itemListElement":[{"@type":"ListItem","position":1,"name":"Inicio","item":"https:\/\/expressometro.mx\/"},{"@type":"ListItem","position":2,"name":"PRIMER FORO LECHERO DEL ESTADO DE M\u00c9XICO: ACULCO"}]},{"@type":"WebSite","@id":"https:\/\/expressometro.mx\/#website","url":"https:\/\/expressometro.mx\/","name":"Expresso Metropolitano","description":"Periodismo comprometido, informaci\u00f3n, investigaci\u00f3n y an\u00e1lisis","publisher":{"@id":"https:\/\/expressometro.mx\/#organization"},"potentialAction":[{"@type":"SearchAction","target":{"@type":"EntryPoint","urlTemplate":"https:\/\/expressometro.mx\/?s={search_term_string}"},"query-input":{"@type":"PropertyValueSpecification","valueRequired":true,"valueName":"search_term_string"}}],"inLanguage":"es"},{"@type":"Organization","@id":"https:\/\/expressometro.mx\/#organization","name":"Expresso Metropolitano","url":"https:\/\/expressometro.mx\/","logo":{"@type":"ImageObject","inLanguage":"es","@id":"https:\/\/expressometro.mx\/#\/schema\/logo\/image\/","url":"https:\/\/expressometro.mx\/wp-content\/uploads\/2019\/07\/cropped-Logo-Expresso-Metropolitano-1-1.jpeg","contentUrl":"https:\/\/expressometro.mx\/wp-content\/uploads\/2019\/07\/cropped-Logo-Expresso-Metropolitano-1-1.jpeg","width":290,"height":73,"caption":"Expresso Metropolitano"},"image":{"@id":"https:\/\/expressometro.mx\/#\/schema\/logo\/image\/"}},{"@type":"Person","@id":"https:\/\/expressometro.mx\/#\/schema\/person\/efa971b4a0664db8ed5c22b1b0dd2f5d","name":"Expresso Metropolitano","image":{"@type":"ImageObject","inLanguage":"es","@id":"https:\/\/secure.gravatar.com\/avatar\/a89f802b8de18c6952f223c88d3d106e9e3679839f4e25a02f4a6cc2ae6ba3b3?s=96&d=mm&r=g","url":"https:\/\/secure.gravatar.com\/avatar\/a89f802b8de18c6952f223c88d3d106e9e3679839f4e25a02f4a6cc2ae6ba3b3?s=96&d=mm&r=g","contentUrl":"https:\/\/secure.gravatar.com\/avatar\/a89f802b8de18c6952f223c88d3d106e9e3679839f4e25a02f4a6cc2ae6ba3b3?s=96&d=mm&r=g","caption":"Expresso Metropolitano"},"url":"https:\/\/expressometro.mx\/index.php\/author\/diego\/"}]}},"amp_enabled":true,"_links":{"self":[{"href":"https:\/\/expressometro.mx\/index.php\/wp-json\/wp\/v2\/posts\/8477","targetHints":{"allow":["GET"]}}],"collection":[{"href":"https:\/\/expressometro.mx\/index.php\/wp-json\/wp\/v2\/posts"}],"about":[{"href":"https:\/\/expressometro.mx\/index.php\/wp-json\/wp\/v2\/types\/post"}],"author":[{"embeddable":true,"href":"https:\/\/expressometro.mx\/index.php\/wp-json\/wp\/v2\/users\/1"}],"replies":[{"embeddable":true,"href":"https:\/\/expressometro.mx\/index.php\/wp-json\/wp\/v2\/comments?post=8477"}],"version-history":[{"count":1,"href":"https:\/\/expressometro.mx\/index.php\/wp-json\/wp\/v2\/posts\/8477\/revisions"}],"predecessor-version":[{"id":8480,"href":"https:\/\/expressometro.mx\/index.php\/wp-json\/wp\/v2\/posts\/8477\/revisions\/8480"}],"wp:featuredmedia":[{"embeddable":true,"href":"https:\/\/expressometro.mx\/index.php\/wp-json\/wp\/v2\/media\/8479"}],"wp:attachment":[{"href":"https:\/\/expressometro.mx\/index.php\/wp-json\/wp\/v2\/media?parent=8477"}],"wp:term":[{"taxonomy":"category","embeddable":true,"href":"https:\/\/expressometro.mx\/index.php\/wp-json\/wp\/v2\/categories?post=8477"},{"taxonomy":"post_tag","embeddable":true,"href":"https:\/\/expressometro.mx\/index.php\/wp-json\/wp\/v2\/tags?post=8477"}],"curies":[{"name":"wp","href":"https:\/\/api.w.org\/{rel}","templated":true}]}}