{"id":846,"date":"2019-10-06T22:07:42","date_gmt":"2019-10-07T03:07:42","guid":{"rendered":"http:\/\/expressometro.mx\/?p=846"},"modified":"2019-10-07T22:08:53","modified_gmt":"2019-10-08T03:08:53","slug":"unen-esfuerzos-a-favor-del-cuidado-del-agua","status":"publish","type":"post","link":"https:\/\/expressometro.mx\/index.php\/2019\/10\/06\/unen-esfuerzos-a-favor-del-cuidado-del-agua\/","title":{"rendered":"Unen esfuerzos a favor del cuidado del agua"},"content":{"rendered":"\n<p>El presidente municipal de Cuautitl\u00e1n Izcalli, Ricardo N\u00fa\u00f1ez Ayala, encabez\u00f3 el primer Foro Regional del Comit\u00e9 de Uso P\u00fablico Urbano del Estado de M\u00e9xico que se realiz\u00f3 en el municipio de Jilotepec, ah\u00ed, como titular del mismo, resalt\u00f3 la importancia de contar con este tipo de reuniones para tener un diagn\u00f3stico preciso sobre el tema del agua, indic\u00f3 que por tratarse de un tema global es necesaria la participaci\u00f3n de municipios vecinos para establecer trabajos coordinados.<\/p>\n\n\n\n<p>Integrantes del Comit\u00e9 de Uso P\u00fablico Urbano del Estado de M\u00e9xico, acordaron crear acciones conjuntas enfocadas a la preservaci\u00f3n y cuidado del agua con la participaci\u00f3n activa de los tres \u00f3rdenes de gobierno; el objetivo es realizar un diagn\u00f3stico preciso sobre la situaci\u00f3n h\u00eddrica de la regi\u00f3n y a partir de ello trazar un plan de trabajo.<\/p>\n\n\n\n<p>Mart\u00edn Guerrero Baeza, director de OPERAGUA, indic\u00f3 que el objetivo de dicho comit\u00e9 es lograr un esfuerzo coordinado entre la autoridad del agua (organismos operadores, comit\u00e9s, coordinaciones, y\/o departamentos) y organizaciones de usuarios, en la gesti\u00f3n del agua.<\/p>\n\n\n\n<p>El plan de trabajo del Comit\u00e9 de Uso P\u00fablico Urbano del Estado de M\u00e9xico, es lograr una gesti\u00f3n integral y sustentable del agua, fortaleciendo con ello, la participaci\u00f3n, coordinaci\u00f3n y concertaci\u00f3n entre usuarios, organizaciones sociales, instituciones y dependencias p\u00fablicas.<\/p>\n\n\n\n<p>En su intervenci\u00f3n, Sylbeth Garc\u00eda Boone, directora general del Programa Hidr\u00e1ulico de CAEM, resalt\u00f3 la importancia de hacer un uso responsable del agua, record\u00f3 que desde hace un mes y hasta fin de a\u00f1o el suministro de abasto en la zona por parte del sistema Cutzamala disminuy\u00f3 debido a la falta de lluvia en esta temporada. Sobre el tema, inform\u00f3 que la CAEM trabaja en la reparaci\u00f3n de fugas, redistribuci\u00f3n de caudales disponibles y detecci\u00f3n de fugas no visibles, as\u00ed como la rehabilitaci\u00f3n y perforaci\u00f3n de pozos profundos.<\/p>\n\n\n\n<p>Representantes de los municipios de Chapa de Mota, Acambay, Soyaniquilpan y Villa del Carb\u00f3n, que participaron en el comit\u00e9, coincidieron en se\u00f1alar la importancia de realizar acciones concretas a favor del agua y en su caso poner en marcha acciones alternativas que ayuden a mitigar la situaci\u00f3n adversa de c\u00f3mo habilitar plantas tratadoras de aguas residuales y programas de saneamiento.<\/p>\n","protected":false},"excerpt":{"rendered":"<p>El presidente municipal de Cuautitl\u00e1n Izcalli, Ricardo N\u00fa\u00f1ez Ayala, encabez\u00f3 el primer Foro Regional del Comit\u00e9 de Uso P\u00fablico Urbano del Estado de M\u00e9xico que se realiz\u00f3 en el municipio de Jilotepec, ah\u00ed, como titular del mismo, resalt\u00f3 la importancia de contar con este tipo de reuniones para tener un diagn\u00f3stico preciso sobre el tema del agua, indic\u00f3 que por tratarse de un tema global es necesaria la participaci\u00f3n de municipios vecinos para establecer trabajos coordinados. Integrantes del Comit\u00e9 de Uso P\u00fablico Urbano del Estado de M\u00e9xico, acordaron crear acciones&hellip;<\/p>\n","protected":false},"author":1,"featured_media":847,"comment_status":"open","ping_status":"open","sticky":false,"template":"","format":"standard","meta":{"footnotes":""},"categories":[1],"tags":[],"class_list":["post-846","post","type-post","status-publish","format-standard","has-post-thumbnail","hentry","category-otros"],"yoast_head":"<!-- This site is optimized with the Yoast SEO plugin v27.5 - https:\/\/yoast.com\/product\/yoast-seo-wordpress\/ -->\n<title>Unen esfuerzos a favor del cuidado del agua - Expresso Metropolitano<\/title>\n<meta name=\"robots\" content=\"index, follow, max-snippet:-1, max-image-preview:large, max-video-preview:-1\" \/>\n<link rel=\"canonical\" href=\"https:\/\/expressometro.mx\/index.php\/2019\/10\/06\/unen-esfuerzos-a-favor-del-cuidado-del-agua\/\" \/>\n<meta property=\"og:locale\" content=\"es_MX\" \/>\n<meta property=\"og:type\" content=\"article\" \/>\n<meta property=\"og:title\" content=\"Unen esfuerzos a favor del cuidado del agua - Expresso Metropolitano\" \/>\n<meta property=\"og:description\" content=\"El presidente municipal de Cuautitl\u00e1n Izcalli, Ricardo N\u00fa\u00f1ez Ayala, encabez\u00f3 el primer Foro Regional del Comit\u00e9 de Uso P\u00fablico Urbano del Estado de M\u00e9xico que se realiz\u00f3 en el municipio de Jilotepec, ah\u00ed, como titular del mismo, resalt\u00f3 la importancia de contar con este tipo de reuniones para tener un diagn\u00f3stico preciso sobre el tema del agua, indic\u00f3 que por tratarse de un tema global es necesaria la participaci\u00f3n de municipios vecinos para establecer trabajos coordinados. Integrantes del Comit\u00e9 de Uso P\u00fablico Urbano del Estado de M\u00e9xico, acordaron crear acciones&hellip;\" \/>\n<meta property=\"og:url\" content=\"https:\/\/expressometro.mx\/index.php\/2019\/10\/06\/unen-esfuerzos-a-favor-del-cuidado-del-agua\/\" \/>\n<meta property=\"og:site_name\" content=\"Expresso Metropolitano\" \/>\n<meta property=\"article:published_time\" content=\"2019-10-07T03:07:42+00:00\" \/>\n<meta property=\"article:modified_time\" content=\"2019-10-08T03:08:53+00:00\" \/>\n<meta property=\"og:image\" content=\"https:\/\/expressometro.mx\/wp-content\/uploads\/2019\/10\/BO050_06.jpeg\" \/>\n\t<meta property=\"og:image:width\" content=\"892\" \/>\n\t<meta property=\"og:image:height\" content=\"473\" \/>\n\t<meta property=\"og:image:type\" content=\"image\/jpeg\" \/>\n<meta name=\"author\" content=\"Expresso Metropolitano\" \/>\n<meta name=\"twitter:label1\" content=\"Escrito por\" \/>\n\t<meta name=\"twitter:data1\" content=\"Expresso Metropolitano\" \/>\n\t<meta name=\"twitter:label2\" content=\"Tiempo de lectura\" \/>\n\t<meta name=\"twitter:data2\" content=\"2 minutos\" \/>\n<script type=\"application\/ld+json\" class=\"yoast-schema-graph\">{\"@context\":\"https:\\\/\\\/schema.org\",\"@graph\":[{\"@type\":\"Article\",\"@id\":\"https:\\\/\\\/expressometro.mx\\\/index.php\\\/2019\\\/10\\\/06\\\/unen-esfuerzos-a-favor-del-cuidado-del-agua\\\/#article\",\"isPartOf\":{\"@id\":\"https:\\\/\\\/expressometro.mx\\\/index.php\\\/2019\\\/10\\\/06\\\/unen-esfuerzos-a-favor-del-cuidado-del-agua\\\/\"},\"author\":{\"name\":\"Expresso Metropolitano\",\"@id\":\"https:\\\/\\\/expressometro.mx\\\/#\\\/schema\\\/person\\\/efa971b4a0664db8ed5c22b1b0dd2f5d\"},\"headline\":\"Unen esfuerzos a favor del cuidado del agua\",\"datePublished\":\"2019-10-07T03:07:42+00:00\",\"dateModified\":\"2019-10-08T03:08:53+00:00\",\"mainEntityOfPage\":{\"@id\":\"https:\\\/\\\/expressometro.mx\\\/index.php\\\/2019\\\/10\\\/06\\\/unen-esfuerzos-a-favor-del-cuidado-del-agua\\\/\"},\"wordCount\":404,\"commentCount\":0,\"publisher\":{\"@id\":\"https:\\\/\\\/expressometro.mx\\\/#organization\"},\"image\":{\"@id\":\"https:\\\/\\\/expressometro.mx\\\/index.php\\\/2019\\\/10\\\/06\\\/unen-esfuerzos-a-favor-del-cuidado-del-agua\\\/#primaryimage\"},\"thumbnailUrl\":\"https:\\\/\\\/expressometro.mx\\\/wp-content\\\/uploads\\\/2019\\\/10\\\/BO050_06.jpeg\",\"articleSection\":[\"Otros\"],\"inLanguage\":\"es\",\"potentialAction\":[{\"@type\":\"CommentAction\",\"name\":\"Comment\",\"target\":[\"https:\\\/\\\/expressometro.mx\\\/index.php\\\/2019\\\/10\\\/06\\\/unen-esfuerzos-a-favor-del-cuidado-del-agua\\\/#respond\"]}]},{\"@type\":\"WebPage\",\"@id\":\"https:\\\/\\\/expressometro.mx\\\/index.php\\\/2019\\\/10\\\/06\\\/unen-esfuerzos-a-favor-del-cuidado-del-agua\\\/\",\"url\":\"https:\\\/\\\/expressometro.mx\\\/index.php\\\/2019\\\/10\\\/06\\\/unen-esfuerzos-a-favor-del-cuidado-del-agua\\\/\",\"name\":\"Unen esfuerzos a favor del cuidado del agua - Expresso Metropolitano\",\"isPartOf\":{\"@id\":\"https:\\\/\\\/expressometro.mx\\\/#website\"},\"primaryImageOfPage\":{\"@id\":\"https:\\\/\\\/expressometro.mx\\\/index.php\\\/2019\\\/10\\\/06\\\/unen-esfuerzos-a-favor-del-cuidado-del-agua\\\/#primaryimage\"},\"image\":{\"@id\":\"https:\\\/\\\/expressometro.mx\\\/index.php\\\/2019\\\/10\\\/06\\\/unen-esfuerzos-a-favor-del-cuidado-del-agua\\\/#primaryimage\"},\"thumbnailUrl\":\"https:\\\/\\\/expressometro.mx\\\/wp-content\\\/uploads\\\/2019\\\/10\\\/BO050_06.jpeg\",\"datePublished\":\"2019-10-07T03:07:42+00:00\",\"dateModified\":\"2019-10-08T03:08:53+00:00\",\"breadcrumb\":{\"@id\":\"https:\\\/\\\/expressometro.mx\\\/index.php\\\/2019\\\/10\\\/06\\\/unen-esfuerzos-a-favor-del-cuidado-del-agua\\\/#breadcrumb\"},\"inLanguage\":\"es\",\"potentialAction\":[{\"@type\":\"ReadAction\",\"target\":[\"https:\\\/\\\/expressometro.mx\\\/index.php\\\/2019\\\/10\\\/06\\\/unen-esfuerzos-a-favor-del-cuidado-del-agua\\\/\"]}]},{\"@type\":\"ImageObject\",\"inLanguage\":\"es\",\"@id\":\"https:\\\/\\\/expressometro.mx\\\/index.php\\\/2019\\\/10\\\/06\\\/unen-esfuerzos-a-favor-del-cuidado-del-agua\\\/#primaryimage\",\"url\":\"https:\\\/\\\/expressometro.mx\\\/wp-content\\\/uploads\\\/2019\\\/10\\\/BO050_06.jpeg\",\"contentUrl\":\"https:\\\/\\\/expressometro.mx\\\/wp-content\\\/uploads\\\/2019\\\/10\\\/BO050_06.jpeg\",\"width\":892,\"height\":473},{\"@type\":\"BreadcrumbList\",\"@id\":\"https:\\\/\\\/expressometro.mx\\\/index.php\\\/2019\\\/10\\\/06\\\/unen-esfuerzos-a-favor-del-cuidado-del-agua\\\/#breadcrumb\",\"itemListElement\":[{\"@type\":\"ListItem\",\"position\":1,\"name\":\"Inicio\",\"item\":\"https:\\\/\\\/expressometro.mx\\\/\"},{\"@type\":\"ListItem\",\"position\":2,\"name\":\"Unen esfuerzos a favor del cuidado del agua\"}]},{\"@type\":\"WebSite\",\"@id\":\"https:\\\/\\\/expressometro.mx\\\/#website\",\"url\":\"https:\\\/\\\/expressometro.mx\\\/\",\"name\":\"Expresso Metropolitano\",\"description\":\"Periodismo comprometido, informaci\u00f3n, investigaci\u00f3n y an\u00e1lisis\",\"publisher\":{\"@id\":\"https:\\\/\\\/expressometro.mx\\\/#organization\"},\"potentialAction\":[{\"@type\":\"SearchAction\",\"target\":{\"@type\":\"EntryPoint\",\"urlTemplate\":\"https:\\\/\\\/expressometro.mx\\\/?s={search_term_string}\"},\"query-input\":{\"@type\":\"PropertyValueSpecification\",\"valueRequired\":true,\"valueName\":\"search_term_string\"}}],\"inLanguage\":\"es\"},{\"@type\":\"Organization\",\"@id\":\"https:\\\/\\\/expressometro.mx\\\/#organization\",\"name\":\"Expresso Metropolitano\",\"url\":\"https:\\\/\\\/expressometro.mx\\\/\",\"logo\":{\"@type\":\"ImageObject\",\"inLanguage\":\"es\",\"@id\":\"https:\\\/\\\/expressometro.mx\\\/#\\\/schema\\\/logo\\\/image\\\/\",\"url\":\"https:\\\/\\\/expressometro.mx\\\/wp-content\\\/uploads\\\/2019\\\/07\\\/cropped-Logo-Expresso-Metropolitano-1-1.jpeg\",\"contentUrl\":\"https:\\\/\\\/expressometro.mx\\\/wp-content\\\/uploads\\\/2019\\\/07\\\/cropped-Logo-Expresso-Metropolitano-1-1.jpeg\",\"width\":290,\"height\":73,\"caption\":\"Expresso Metropolitano\"},\"image\":{\"@id\":\"https:\\\/\\\/expressometro.mx\\\/#\\\/schema\\\/logo\\\/image\\\/\"}},{\"@type\":\"Person\",\"@id\":\"https:\\\/\\\/expressometro.mx\\\/#\\\/schema\\\/person\\\/efa971b4a0664db8ed5c22b1b0dd2f5d\",\"name\":\"Expresso Metropolitano\",\"image\":{\"@type\":\"ImageObject\",\"inLanguage\":\"es\",\"@id\":\"https:\\\/\\\/secure.gravatar.com\\\/avatar\\\/a89f802b8de18c6952f223c88d3d106e9e3679839f4e25a02f4a6cc2ae6ba3b3?s=96&d=mm&r=g\",\"url\":\"https:\\\/\\\/secure.gravatar.com\\\/avatar\\\/a89f802b8de18c6952f223c88d3d106e9e3679839f4e25a02f4a6cc2ae6ba3b3?s=96&d=mm&r=g\",\"contentUrl\":\"https:\\\/\\\/secure.gravatar.com\\\/avatar\\\/a89f802b8de18c6952f223c88d3d106e9e3679839f4e25a02f4a6cc2ae6ba3b3?s=96&d=mm&r=g\",\"caption\":\"Expresso Metropolitano\"},\"url\":\"https:\\\/\\\/expressometro.mx\\\/index.php\\\/author\\\/diego\\\/\"}]}<\/script>\n<!-- \/ Yoast SEO plugin. -->","yoast_head_json":{"title":"Unen esfuerzos a favor del cuidado del agua - Expresso Metropolitano","robots":{"index":"index","follow":"follow","max-snippet":"max-snippet:-1","max-image-preview":"max-image-preview:large","max-video-preview":"max-video-preview:-1"},"canonical":"https:\/\/expressometro.mx\/index.php\/2019\/10\/06\/unen-esfuerzos-a-favor-del-cuidado-del-agua\/","og_locale":"es_MX","og_type":"article","og_title":"Unen esfuerzos a favor del cuidado del agua - Expresso Metropolitano","og_description":"El presidente municipal de Cuautitl\u00e1n Izcalli, Ricardo N\u00fa\u00f1ez Ayala, encabez\u00f3 el primer Foro Regional del Comit\u00e9 de Uso P\u00fablico Urbano del Estado de M\u00e9xico que se realiz\u00f3 en el municipio de Jilotepec, ah\u00ed, como titular del mismo, resalt\u00f3 la importancia de contar con este tipo de reuniones para tener un diagn\u00f3stico preciso sobre el tema del agua, indic\u00f3 que por tratarse de un tema global es necesaria la participaci\u00f3n de municipios vecinos para establecer trabajos coordinados. Integrantes del Comit\u00e9 de Uso P\u00fablico Urbano del Estado de M\u00e9xico, acordaron crear acciones&hellip;","og_url":"https:\/\/expressometro.mx\/index.php\/2019\/10\/06\/unen-esfuerzos-a-favor-del-cuidado-del-agua\/","og_site_name":"Expresso Metropolitano","article_published_time":"2019-10-07T03:07:42+00:00","article_modified_time":"2019-10-08T03:08:53+00:00","og_image":[{"width":892,"height":473,"url":"https:\/\/expressometro.mx\/wp-content\/uploads\/2019\/10\/BO050_06.jpeg","type":"image\/jpeg"}],"author":"Expresso Metropolitano","twitter_misc":{"Escrito por":"Expresso Metropolitano","Tiempo de lectura":"2 minutos"},"schema":{"@context":"https:\/\/schema.org","@graph":[{"@type":"Article","@id":"https:\/\/expressometro.mx\/index.php\/2019\/10\/06\/unen-esfuerzos-a-favor-del-cuidado-del-agua\/#article","isPartOf":{"@id":"https:\/\/expressometro.mx\/index.php\/2019\/10\/06\/unen-esfuerzos-a-favor-del-cuidado-del-agua\/"},"author":{"name":"Expresso Metropolitano","@id":"https:\/\/expressometro.mx\/#\/schema\/person\/efa971b4a0664db8ed5c22b1b0dd2f5d"},"headline":"Unen esfuerzos a favor del cuidado del agua","datePublished":"2019-10-07T03:07:42+00:00","dateModified":"2019-10-08T03:08:53+00:00","mainEntityOfPage":{"@id":"https:\/\/expressometro.mx\/index.php\/2019\/10\/06\/unen-esfuerzos-a-favor-del-cuidado-del-agua\/"},"wordCount":404,"commentCount":0,"publisher":{"@id":"https:\/\/expressometro.mx\/#organization"},"image":{"@id":"https:\/\/expressometro.mx\/index.php\/2019\/10\/06\/unen-esfuerzos-a-favor-del-cuidado-del-agua\/#primaryimage"},"thumbnailUrl":"https:\/\/expressometro.mx\/wp-content\/uploads\/2019\/10\/BO050_06.jpeg","articleSection":["Otros"],"inLanguage":"es","potentialAction":[{"@type":"CommentAction","name":"Comment","target":["https:\/\/expressometro.mx\/index.php\/2019\/10\/06\/unen-esfuerzos-a-favor-del-cuidado-del-agua\/#respond"]}]},{"@type":"WebPage","@id":"https:\/\/expressometro.mx\/index.php\/2019\/10\/06\/unen-esfuerzos-a-favor-del-cuidado-del-agua\/","url":"https:\/\/expressometro.mx\/index.php\/2019\/10\/06\/unen-esfuerzos-a-favor-del-cuidado-del-agua\/","name":"Unen esfuerzos a favor del cuidado del agua - Expresso Metropolitano","isPartOf":{"@id":"https:\/\/expressometro.mx\/#website"},"primaryImageOfPage":{"@id":"https:\/\/expressometro.mx\/index.php\/2019\/10\/06\/unen-esfuerzos-a-favor-del-cuidado-del-agua\/#primaryimage"},"image":{"@id":"https:\/\/expressometro.mx\/index.php\/2019\/10\/06\/unen-esfuerzos-a-favor-del-cuidado-del-agua\/#primaryimage"},"thumbnailUrl":"https:\/\/expressometro.mx\/wp-content\/uploads\/2019\/10\/BO050_06.jpeg","datePublished":"2019-10-07T03:07:42+00:00","dateModified":"2019-10-08T03:08:53+00:00","breadcrumb":{"@id":"https:\/\/expressometro.mx\/index.php\/2019\/10\/06\/unen-esfuerzos-a-favor-del-cuidado-del-agua\/#breadcrumb"},"inLanguage":"es","potentialAction":[{"@type":"ReadAction","target":["https:\/\/expressometro.mx\/index.php\/2019\/10\/06\/unen-esfuerzos-a-favor-del-cuidado-del-agua\/"]}]},{"@type":"ImageObject","inLanguage":"es","@id":"https:\/\/expressometro.mx\/index.php\/2019\/10\/06\/unen-esfuerzos-a-favor-del-cuidado-del-agua\/#primaryimage","url":"https:\/\/expressometro.mx\/wp-content\/uploads\/2019\/10\/BO050_06.jpeg","contentUrl":"https:\/\/expressometro.mx\/wp-content\/uploads\/2019\/10\/BO050_06.jpeg","width":892,"height":473},{"@type":"BreadcrumbList","@id":"https:\/\/expressometro.mx\/index.php\/2019\/10\/06\/unen-esfuerzos-a-favor-del-cuidado-del-agua\/#breadcrumb","itemListElement":[{"@type":"ListItem","position":1,"name":"Inicio","item":"https:\/\/expressometro.mx\/"},{"@type":"ListItem","position":2,"name":"Unen esfuerzos a favor del cuidado del agua"}]},{"@type":"WebSite","@id":"https:\/\/expressometro.mx\/#website","url":"https:\/\/expressometro.mx\/","name":"Expresso Metropolitano","description":"Periodismo comprometido, informaci\u00f3n, investigaci\u00f3n y an\u00e1lisis","publisher":{"@id":"https:\/\/expressometro.mx\/#organization"},"potentialAction":[{"@type":"SearchAction","target":{"@type":"EntryPoint","urlTemplate":"https:\/\/expressometro.mx\/?s={search_term_string}"},"query-input":{"@type":"PropertyValueSpecification","valueRequired":true,"valueName":"search_term_string"}}],"inLanguage":"es"},{"@type":"Organization","@id":"https:\/\/expressometro.mx\/#organization","name":"Expresso Metropolitano","url":"https:\/\/expressometro.mx\/","logo":{"@type":"ImageObject","inLanguage":"es","@id":"https:\/\/expressometro.mx\/#\/schema\/logo\/image\/","url":"https:\/\/expressometro.mx\/wp-content\/uploads\/2019\/07\/cropped-Logo-Expresso-Metropolitano-1-1.jpeg","contentUrl":"https:\/\/expressometro.mx\/wp-content\/uploads\/2019\/07\/cropped-Logo-Expresso-Metropolitano-1-1.jpeg","width":290,"height":73,"caption":"Expresso Metropolitano"},"image":{"@id":"https:\/\/expressometro.mx\/#\/schema\/logo\/image\/"}},{"@type":"Person","@id":"https:\/\/expressometro.mx\/#\/schema\/person\/efa971b4a0664db8ed5c22b1b0dd2f5d","name":"Expresso Metropolitano","image":{"@type":"ImageObject","inLanguage":"es","@id":"https:\/\/secure.gravatar.com\/avatar\/a89f802b8de18c6952f223c88d3d106e9e3679839f4e25a02f4a6cc2ae6ba3b3?s=96&d=mm&r=g","url":"https:\/\/secure.gravatar.com\/avatar\/a89f802b8de18c6952f223c88d3d106e9e3679839f4e25a02f4a6cc2ae6ba3b3?s=96&d=mm&r=g","contentUrl":"https:\/\/secure.gravatar.com\/avatar\/a89f802b8de18c6952f223c88d3d106e9e3679839f4e25a02f4a6cc2ae6ba3b3?s=96&d=mm&r=g","caption":"Expresso Metropolitano"},"url":"https:\/\/expressometro.mx\/index.php\/author\/diego\/"}]}},"amp_enabled":true,"_links":{"self":[{"href":"https:\/\/expressometro.mx\/index.php\/wp-json\/wp\/v2\/posts\/846","targetHints":{"allow":["GET"]}}],"collection":[{"href":"https:\/\/expressometro.mx\/index.php\/wp-json\/wp\/v2\/posts"}],"about":[{"href":"https:\/\/expressometro.mx\/index.php\/wp-json\/wp\/v2\/types\/post"}],"author":[{"embeddable":true,"href":"https:\/\/expressometro.mx\/index.php\/wp-json\/wp\/v2\/users\/1"}],"replies":[{"embeddable":true,"href":"https:\/\/expressometro.mx\/index.php\/wp-json\/wp\/v2\/comments?post=846"}],"version-history":[{"count":1,"href":"https:\/\/expressometro.mx\/index.php\/wp-json\/wp\/v2\/posts\/846\/revisions"}],"predecessor-version":[{"id":848,"href":"https:\/\/expressometro.mx\/index.php\/wp-json\/wp\/v2\/posts\/846\/revisions\/848"}],"wp:featuredmedia":[{"embeddable":true,"href":"https:\/\/expressometro.mx\/index.php\/wp-json\/wp\/v2\/media\/847"}],"wp:attachment":[{"href":"https:\/\/expressometro.mx\/index.php\/wp-json\/wp\/v2\/media?parent=846"}],"wp:term":[{"taxonomy":"category","embeddable":true,"href":"https:\/\/expressometro.mx\/index.php\/wp-json\/wp\/v2\/categories?post=846"},{"taxonomy":"post_tag","embeddable":true,"href":"https:\/\/expressometro.mx\/index.php\/wp-json\/wp\/v2\/tags?post=846"}],"curies":[{"name":"wp","href":"https:\/\/api.w.org\/{rel}","templated":true}]}}