{"id":8455,"date":"2023-12-09T12:39:10","date_gmt":"2023-12-09T18:39:10","guid":{"rendered":"https:\/\/expressometro.mx\/?p=8455"},"modified":"2023-12-11T12:51:45","modified_gmt":"2023-12-11T18:51:45","slug":"25-aniversario-tesjo","status":"publish","type":"post","link":"https:\/\/expressometro.mx\/index.php\/2023\/12\/09\/25-aniversario-tesjo\/","title":{"rendered":"25\u00b0 ANIVERSARIO TESJo"},"content":{"rendered":"\n<p><\/p>\n\n\n\n<p>El Presidente Municipal, Jes\u00fas Cedillo Gonz\u00e1lez; acompa\u00f1ado del Director General de Educaci\u00f3n del Edomex, Dr. Juvenal Arias Mu\u00f1oz; del Diputado Local Iv\u00e1n Esquer Cruz y del Director General del TESJo, Alejandro Carmona Prantl, asistieron al 25\u00b0 Aniversario del Tecnol\u00f3gico de Estudios Superiores de Jocotitl\u00e1n quienes celebraron un a\u00f1o m\u00e1s de su fundaci\u00f3n, reconociendo la gran calidad de los Directivos, Cuerpo Acad\u00e9mico y Alumnado.<\/p>\n","protected":false},"excerpt":{"rendered":"<p>El Presidente Municipal, Jes\u00fas Cedillo Gonz\u00e1lez; acompa\u00f1ado del Director General de Educaci\u00f3n del Edomex, Dr. Juvenal Arias Mu\u00f1oz; del Diputado Local Iv\u00e1n Esquer Cruz y del Director General del TESJo, Alejandro Carmona Prantl, asistieron al 25\u00b0 Aniversario del Tecnol\u00f3gico de Estudios Superiores de Jocotitl\u00e1n quienes celebraron un a\u00f1o m\u00e1s de su fundaci\u00f3n, reconociendo la gran calidad de los Directivos, Cuerpo Acad\u00e9mico y Alumnado.<\/p>\n","protected":false},"author":1,"featured_media":8457,"comment_status":"open","ping_status":"open","sticky":false,"template":"","format":"standard","meta":{"footnotes":""},"categories":[108,3,1,231],"tags":[1982,86,1790,324],"class_list":["post-8455","post","type-post","status-publish","format-standard","has-post-thumbnail","hentry","category-educacion","category-gobierno","category-otros","category-politica","tag-edomex","tag-gem","tag-jesus-cedillo-gonzalez","tag-jocotitlan"],"yoast_head":"<!-- This site is optimized with the Yoast SEO plugin v27.4 - https:\/\/yoast.com\/product\/yoast-seo-wordpress\/ -->\n<title>25\u00b0 ANIVERSARIO TESJo - Expresso Metropolitano<\/title>\n<meta name=\"robots\" content=\"index, follow, max-snippet:-1, max-image-preview:large, max-video-preview:-1\" \/>\n<link rel=\"canonical\" href=\"https:\/\/expressometro.mx\/index.php\/2023\/12\/09\/25-aniversario-tesjo\/\" \/>\n<meta property=\"og:locale\" content=\"es_MX\" \/>\n<meta property=\"og:type\" content=\"article\" \/>\n<meta property=\"og:title\" content=\"25\u00b0 ANIVERSARIO TESJo - Expresso Metropolitano\" \/>\n<meta property=\"og:description\" content=\"El Presidente Municipal, Jes\u00fas Cedillo Gonz\u00e1lez; acompa\u00f1ado del Director General de Educaci\u00f3n del Edomex, Dr. Juvenal Arias Mu\u00f1oz; del Diputado Local Iv\u00e1n Esquer Cruz y del Director General del TESJo, Alejandro Carmona Prantl, asistieron al 25\u00b0 Aniversario del Tecnol\u00f3gico de Estudios Superiores de Jocotitl\u00e1n quienes celebraron un a\u00f1o m\u00e1s de su fundaci\u00f3n, reconociendo la gran calidad de los Directivos, Cuerpo Acad\u00e9mico y Alumnado.\" \/>\n<meta property=\"og:url\" content=\"https:\/\/expressometro.mx\/index.php\/2023\/12\/09\/25-aniversario-tesjo\/\" \/>\n<meta property=\"og:site_name\" content=\"Expresso Metropolitano\" \/>\n<meta property=\"article:published_time\" content=\"2023-12-09T18:39:10+00:00\" \/>\n<meta property=\"article:modified_time\" content=\"2023-12-11T18:51:45+00:00\" \/>\n<meta property=\"og:image\" content=\"http:\/\/expressometro.mx\/wp-content\/uploads\/2023\/12\/Jocotitlan-TESJo-091223-1.jpg\" \/>\n\t<meta property=\"og:image:width\" content=\"2048\" \/>\n\t<meta property=\"og:image:height\" content=\"1402\" \/>\n\t<meta property=\"og:image:type\" content=\"image\/jpeg\" \/>\n<meta name=\"author\" content=\"Expresso Metropolitano\" \/>\n<meta name=\"twitter:label1\" content=\"Escrito por\" \/>\n\t<meta name=\"twitter:data1\" content=\"Expresso Metropolitano\" \/>\n\t<meta name=\"twitter:label2\" content=\"Tiempo de lectura\" \/>\n\t<meta name=\"twitter:data2\" content=\"1 minuto\" \/>\n<script type=\"application\/ld+json\" class=\"yoast-schema-graph\">{\"@context\":\"https:\\\/\\\/schema.org\",\"@graph\":[{\"@type\":\"Article\",\"@id\":\"https:\\\/\\\/expressometro.mx\\\/index.php\\\/2023\\\/12\\\/09\\\/25-aniversario-tesjo\\\/#article\",\"isPartOf\":{\"@id\":\"https:\\\/\\\/expressometro.mx\\\/index.php\\\/2023\\\/12\\\/09\\\/25-aniversario-tesjo\\\/\"},\"author\":{\"name\":\"Expresso Metropolitano\",\"@id\":\"https:\\\/\\\/expressometro.mx\\\/#\\\/schema\\\/person\\\/efa971b4a0664db8ed5c22b1b0dd2f5d\"},\"headline\":\"25\u00b0 ANIVERSARIO TESJo\",\"datePublished\":\"2023-12-09T18:39:10+00:00\",\"dateModified\":\"2023-12-11T18:51:45+00:00\",\"mainEntityOfPage\":{\"@id\":\"https:\\\/\\\/expressometro.mx\\\/index.php\\\/2023\\\/12\\\/09\\\/25-aniversario-tesjo\\\/\"},\"wordCount\":76,\"commentCount\":0,\"publisher\":{\"@id\":\"https:\\\/\\\/expressometro.mx\\\/#organization\"},\"image\":{\"@id\":\"https:\\\/\\\/expressometro.mx\\\/index.php\\\/2023\\\/12\\\/09\\\/25-aniversario-tesjo\\\/#primaryimage\"},\"thumbnailUrl\":\"https:\\\/\\\/expressometro.mx\\\/wp-content\\\/uploads\\\/2023\\\/12\\\/Jocotitlan-TESJo-091223-1.jpg\",\"keywords\":[\"Edomex\",\"GEM\",\"Jes\u00fas Cedillo Gonz\u00e1lez\",\"Jocotitl\u00e1n\"],\"articleSection\":[\"Educaci\u00f3n\",\"Gobierno\",\"Otros\",\"Pol\u00edtica\"],\"inLanguage\":\"es\",\"potentialAction\":[{\"@type\":\"CommentAction\",\"name\":\"Comment\",\"target\":[\"https:\\\/\\\/expressometro.mx\\\/index.php\\\/2023\\\/12\\\/09\\\/25-aniversario-tesjo\\\/#respond\"]}]},{\"@type\":\"WebPage\",\"@id\":\"https:\\\/\\\/expressometro.mx\\\/index.php\\\/2023\\\/12\\\/09\\\/25-aniversario-tesjo\\\/\",\"url\":\"https:\\\/\\\/expressometro.mx\\\/index.php\\\/2023\\\/12\\\/09\\\/25-aniversario-tesjo\\\/\",\"name\":\"25\u00b0 ANIVERSARIO TESJo - Expresso Metropolitano\",\"isPartOf\":{\"@id\":\"https:\\\/\\\/expressometro.mx\\\/#website\"},\"primaryImageOfPage\":{\"@id\":\"https:\\\/\\\/expressometro.mx\\\/index.php\\\/2023\\\/12\\\/09\\\/25-aniversario-tesjo\\\/#primaryimage\"},\"image\":{\"@id\":\"https:\\\/\\\/expressometro.mx\\\/index.php\\\/2023\\\/12\\\/09\\\/25-aniversario-tesjo\\\/#primaryimage\"},\"thumbnailUrl\":\"https:\\\/\\\/expressometro.mx\\\/wp-content\\\/uploads\\\/2023\\\/12\\\/Jocotitlan-TESJo-091223-1.jpg\",\"datePublished\":\"2023-12-09T18:39:10+00:00\",\"dateModified\":\"2023-12-11T18:51:45+00:00\",\"breadcrumb\":{\"@id\":\"https:\\\/\\\/expressometro.mx\\\/index.php\\\/2023\\\/12\\\/09\\\/25-aniversario-tesjo\\\/#breadcrumb\"},\"inLanguage\":\"es\",\"potentialAction\":[{\"@type\":\"ReadAction\",\"target\":[\"https:\\\/\\\/expressometro.mx\\\/index.php\\\/2023\\\/12\\\/09\\\/25-aniversario-tesjo\\\/\"]}]},{\"@type\":\"ImageObject\",\"inLanguage\":\"es\",\"@id\":\"https:\\\/\\\/expressometro.mx\\\/index.php\\\/2023\\\/12\\\/09\\\/25-aniversario-tesjo\\\/#primaryimage\",\"url\":\"https:\\\/\\\/expressometro.mx\\\/wp-content\\\/uploads\\\/2023\\\/12\\\/Jocotitlan-TESJo-091223-1.jpg\",\"contentUrl\":\"https:\\\/\\\/expressometro.mx\\\/wp-content\\\/uploads\\\/2023\\\/12\\\/Jocotitlan-TESJo-091223-1.jpg\",\"width\":2048,\"height\":1402},{\"@type\":\"BreadcrumbList\",\"@id\":\"https:\\\/\\\/expressometro.mx\\\/index.php\\\/2023\\\/12\\\/09\\\/25-aniversario-tesjo\\\/#breadcrumb\",\"itemListElement\":[{\"@type\":\"ListItem\",\"position\":1,\"name\":\"Inicio\",\"item\":\"https:\\\/\\\/expressometro.mx\\\/\"},{\"@type\":\"ListItem\",\"position\":2,\"name\":\"25\u00b0 ANIVERSARIO TESJo\"}]},{\"@type\":\"WebSite\",\"@id\":\"https:\\\/\\\/expressometro.mx\\\/#website\",\"url\":\"https:\\\/\\\/expressometro.mx\\\/\",\"name\":\"Expresso Metropolitano\",\"description\":\"Periodismo comprometido, informaci\u00f3n, investigaci\u00f3n y an\u00e1lisis\",\"publisher\":{\"@id\":\"https:\\\/\\\/expressometro.mx\\\/#organization\"},\"potentialAction\":[{\"@type\":\"SearchAction\",\"target\":{\"@type\":\"EntryPoint\",\"urlTemplate\":\"https:\\\/\\\/expressometro.mx\\\/?s={search_term_string}\"},\"query-input\":{\"@type\":\"PropertyValueSpecification\",\"valueRequired\":true,\"valueName\":\"search_term_string\"}}],\"inLanguage\":\"es\"},{\"@type\":\"Organization\",\"@id\":\"https:\\\/\\\/expressometro.mx\\\/#organization\",\"name\":\"Expresso Metropolitano\",\"url\":\"https:\\\/\\\/expressometro.mx\\\/\",\"logo\":{\"@type\":\"ImageObject\",\"inLanguage\":\"es\",\"@id\":\"https:\\\/\\\/expressometro.mx\\\/#\\\/schema\\\/logo\\\/image\\\/\",\"url\":\"https:\\\/\\\/expressometro.mx\\\/wp-content\\\/uploads\\\/2019\\\/07\\\/cropped-Logo-Expresso-Metropolitano-1-1.jpeg\",\"contentUrl\":\"https:\\\/\\\/expressometro.mx\\\/wp-content\\\/uploads\\\/2019\\\/07\\\/cropped-Logo-Expresso-Metropolitano-1-1.jpeg\",\"width\":290,\"height\":73,\"caption\":\"Expresso Metropolitano\"},\"image\":{\"@id\":\"https:\\\/\\\/expressometro.mx\\\/#\\\/schema\\\/logo\\\/image\\\/\"}},{\"@type\":\"Person\",\"@id\":\"https:\\\/\\\/expressometro.mx\\\/#\\\/schema\\\/person\\\/efa971b4a0664db8ed5c22b1b0dd2f5d\",\"name\":\"Expresso Metropolitano\",\"image\":{\"@type\":\"ImageObject\",\"inLanguage\":\"es\",\"@id\":\"https:\\\/\\\/secure.gravatar.com\\\/avatar\\\/a89f802b8de18c6952f223c88d3d106e9e3679839f4e25a02f4a6cc2ae6ba3b3?s=96&d=mm&r=g\",\"url\":\"https:\\\/\\\/secure.gravatar.com\\\/avatar\\\/a89f802b8de18c6952f223c88d3d106e9e3679839f4e25a02f4a6cc2ae6ba3b3?s=96&d=mm&r=g\",\"contentUrl\":\"https:\\\/\\\/secure.gravatar.com\\\/avatar\\\/a89f802b8de18c6952f223c88d3d106e9e3679839f4e25a02f4a6cc2ae6ba3b3?s=96&d=mm&r=g\",\"caption\":\"Expresso Metropolitano\"},\"url\":\"https:\\\/\\\/expressometro.mx\\\/index.php\\\/author\\\/diego\\\/\"}]}<\/script>\n<!-- \/ Yoast SEO plugin. -->","yoast_head_json":{"title":"25\u00b0 ANIVERSARIO TESJo - Expresso Metropolitano","robots":{"index":"index","follow":"follow","max-snippet":"max-snippet:-1","max-image-preview":"max-image-preview:large","max-video-preview":"max-video-preview:-1"},"canonical":"https:\/\/expressometro.mx\/index.php\/2023\/12\/09\/25-aniversario-tesjo\/","og_locale":"es_MX","og_type":"article","og_title":"25\u00b0 ANIVERSARIO TESJo - Expresso Metropolitano","og_description":"El Presidente Municipal, Jes\u00fas Cedillo Gonz\u00e1lez; acompa\u00f1ado del Director General de Educaci\u00f3n del Edomex, Dr. Juvenal Arias Mu\u00f1oz; del Diputado Local Iv\u00e1n Esquer Cruz y del Director General del TESJo, Alejandro Carmona Prantl, asistieron al 25\u00b0 Aniversario del Tecnol\u00f3gico de Estudios Superiores de Jocotitl\u00e1n quienes celebraron un a\u00f1o m\u00e1s de su fundaci\u00f3n, reconociendo la gran calidad de los Directivos, Cuerpo Acad\u00e9mico y Alumnado.","og_url":"https:\/\/expressometro.mx\/index.php\/2023\/12\/09\/25-aniversario-tesjo\/","og_site_name":"Expresso Metropolitano","article_published_time":"2023-12-09T18:39:10+00:00","article_modified_time":"2023-12-11T18:51:45+00:00","og_image":[{"width":2048,"height":1402,"url":"http:\/\/expressometro.mx\/wp-content\/uploads\/2023\/12\/Jocotitlan-TESJo-091223-1.jpg","type":"image\/jpeg"}],"author":"Expresso Metropolitano","twitter_misc":{"Escrito por":"Expresso Metropolitano","Tiempo de lectura":"1 minuto"},"schema":{"@context":"https:\/\/schema.org","@graph":[{"@type":"Article","@id":"https:\/\/expressometro.mx\/index.php\/2023\/12\/09\/25-aniversario-tesjo\/#article","isPartOf":{"@id":"https:\/\/expressometro.mx\/index.php\/2023\/12\/09\/25-aniversario-tesjo\/"},"author":{"name":"Expresso Metropolitano","@id":"https:\/\/expressometro.mx\/#\/schema\/person\/efa971b4a0664db8ed5c22b1b0dd2f5d"},"headline":"25\u00b0 ANIVERSARIO TESJo","datePublished":"2023-12-09T18:39:10+00:00","dateModified":"2023-12-11T18:51:45+00:00","mainEntityOfPage":{"@id":"https:\/\/expressometro.mx\/index.php\/2023\/12\/09\/25-aniversario-tesjo\/"},"wordCount":76,"commentCount":0,"publisher":{"@id":"https:\/\/expressometro.mx\/#organization"},"image":{"@id":"https:\/\/expressometro.mx\/index.php\/2023\/12\/09\/25-aniversario-tesjo\/#primaryimage"},"thumbnailUrl":"https:\/\/expressometro.mx\/wp-content\/uploads\/2023\/12\/Jocotitlan-TESJo-091223-1.jpg","keywords":["Edomex","GEM","Jes\u00fas Cedillo Gonz\u00e1lez","Jocotitl\u00e1n"],"articleSection":["Educaci\u00f3n","Gobierno","Otros","Pol\u00edtica"],"inLanguage":"es","potentialAction":[{"@type":"CommentAction","name":"Comment","target":["https:\/\/expressometro.mx\/index.php\/2023\/12\/09\/25-aniversario-tesjo\/#respond"]}]},{"@type":"WebPage","@id":"https:\/\/expressometro.mx\/index.php\/2023\/12\/09\/25-aniversario-tesjo\/","url":"https:\/\/expressometro.mx\/index.php\/2023\/12\/09\/25-aniversario-tesjo\/","name":"25\u00b0 ANIVERSARIO TESJo - Expresso Metropolitano","isPartOf":{"@id":"https:\/\/expressometro.mx\/#website"},"primaryImageOfPage":{"@id":"https:\/\/expressometro.mx\/index.php\/2023\/12\/09\/25-aniversario-tesjo\/#primaryimage"},"image":{"@id":"https:\/\/expressometro.mx\/index.php\/2023\/12\/09\/25-aniversario-tesjo\/#primaryimage"},"thumbnailUrl":"https:\/\/expressometro.mx\/wp-content\/uploads\/2023\/12\/Jocotitlan-TESJo-091223-1.jpg","datePublished":"2023-12-09T18:39:10+00:00","dateModified":"2023-12-11T18:51:45+00:00","breadcrumb":{"@id":"https:\/\/expressometro.mx\/index.php\/2023\/12\/09\/25-aniversario-tesjo\/#breadcrumb"},"inLanguage":"es","potentialAction":[{"@type":"ReadAction","target":["https:\/\/expressometro.mx\/index.php\/2023\/12\/09\/25-aniversario-tesjo\/"]}]},{"@type":"ImageObject","inLanguage":"es","@id":"https:\/\/expressometro.mx\/index.php\/2023\/12\/09\/25-aniversario-tesjo\/#primaryimage","url":"https:\/\/expressometro.mx\/wp-content\/uploads\/2023\/12\/Jocotitlan-TESJo-091223-1.jpg","contentUrl":"https:\/\/expressometro.mx\/wp-content\/uploads\/2023\/12\/Jocotitlan-TESJo-091223-1.jpg","width":2048,"height":1402},{"@type":"BreadcrumbList","@id":"https:\/\/expressometro.mx\/index.php\/2023\/12\/09\/25-aniversario-tesjo\/#breadcrumb","itemListElement":[{"@type":"ListItem","position":1,"name":"Inicio","item":"https:\/\/expressometro.mx\/"},{"@type":"ListItem","position":2,"name":"25\u00b0 ANIVERSARIO TESJo"}]},{"@type":"WebSite","@id":"https:\/\/expressometro.mx\/#website","url":"https:\/\/expressometro.mx\/","name":"Expresso Metropolitano","description":"Periodismo comprometido, informaci\u00f3n, investigaci\u00f3n y an\u00e1lisis","publisher":{"@id":"https:\/\/expressometro.mx\/#organization"},"potentialAction":[{"@type":"SearchAction","target":{"@type":"EntryPoint","urlTemplate":"https:\/\/expressometro.mx\/?s={search_term_string}"},"query-input":{"@type":"PropertyValueSpecification","valueRequired":true,"valueName":"search_term_string"}}],"inLanguage":"es"},{"@type":"Organization","@id":"https:\/\/expressometro.mx\/#organization","name":"Expresso Metropolitano","url":"https:\/\/expressometro.mx\/","logo":{"@type":"ImageObject","inLanguage":"es","@id":"https:\/\/expressometro.mx\/#\/schema\/logo\/image\/","url":"https:\/\/expressometro.mx\/wp-content\/uploads\/2019\/07\/cropped-Logo-Expresso-Metropolitano-1-1.jpeg","contentUrl":"https:\/\/expressometro.mx\/wp-content\/uploads\/2019\/07\/cropped-Logo-Expresso-Metropolitano-1-1.jpeg","width":290,"height":73,"caption":"Expresso Metropolitano"},"image":{"@id":"https:\/\/expressometro.mx\/#\/schema\/logo\/image\/"}},{"@type":"Person","@id":"https:\/\/expressometro.mx\/#\/schema\/person\/efa971b4a0664db8ed5c22b1b0dd2f5d","name":"Expresso Metropolitano","image":{"@type":"ImageObject","inLanguage":"es","@id":"https:\/\/secure.gravatar.com\/avatar\/a89f802b8de18c6952f223c88d3d106e9e3679839f4e25a02f4a6cc2ae6ba3b3?s=96&d=mm&r=g","url":"https:\/\/secure.gravatar.com\/avatar\/a89f802b8de18c6952f223c88d3d106e9e3679839f4e25a02f4a6cc2ae6ba3b3?s=96&d=mm&r=g","contentUrl":"https:\/\/secure.gravatar.com\/avatar\/a89f802b8de18c6952f223c88d3d106e9e3679839f4e25a02f4a6cc2ae6ba3b3?s=96&d=mm&r=g","caption":"Expresso Metropolitano"},"url":"https:\/\/expressometro.mx\/index.php\/author\/diego\/"}]}},"amp_enabled":true,"_links":{"self":[{"href":"https:\/\/expressometro.mx\/index.php\/wp-json\/wp\/v2\/posts\/8455","targetHints":{"allow":["GET"]}}],"collection":[{"href":"https:\/\/expressometro.mx\/index.php\/wp-json\/wp\/v2\/posts"}],"about":[{"href":"https:\/\/expressometro.mx\/index.php\/wp-json\/wp\/v2\/types\/post"}],"author":[{"embeddable":true,"href":"https:\/\/expressometro.mx\/index.php\/wp-json\/wp\/v2\/users\/1"}],"replies":[{"embeddable":true,"href":"https:\/\/expressometro.mx\/index.php\/wp-json\/wp\/v2\/comments?post=8455"}],"version-history":[{"count":1,"href":"https:\/\/expressometro.mx\/index.php\/wp-json\/wp\/v2\/posts\/8455\/revisions"}],"predecessor-version":[{"id":8458,"href":"https:\/\/expressometro.mx\/index.php\/wp-json\/wp\/v2\/posts\/8455\/revisions\/8458"}],"wp:featuredmedia":[{"embeddable":true,"href":"https:\/\/expressometro.mx\/index.php\/wp-json\/wp\/v2\/media\/8457"}],"wp:attachment":[{"href":"https:\/\/expressometro.mx\/index.php\/wp-json\/wp\/v2\/media?parent=8455"}],"wp:term":[{"taxonomy":"category","embeddable":true,"href":"https:\/\/expressometro.mx\/index.php\/wp-json\/wp\/v2\/categories?post=8455"},{"taxonomy":"post_tag","embeddable":true,"href":"https:\/\/expressometro.mx\/index.php\/wp-json\/wp\/v2\/tags?post=8455"}],"curies":[{"name":"wp","href":"https:\/\/api.w.org\/{rel}","templated":true}]}}