{"id":8445,"date":"2023-12-07T11:52:26","date_gmt":"2023-12-07T17:52:26","guid":{"rendered":"https:\/\/expressometro.mx\/?p=8445"},"modified":"2023-12-11T12:23:46","modified_gmt":"2023-12-11T18:23:46","slug":"jocotitlan-participara-en-la-muestra-artesanal-y-turistica-en-el-parque-de-la-ciencia-fundadores-toluca","status":"publish","type":"post","link":"https:\/\/expressometro.mx\/index.php\/2023\/12\/07\/jocotitlan-participara-en-la-muestra-artesanal-y-turistica-en-el-parque-de-la-ciencia-fundadores-toluca\/","title":{"rendered":"JOCOTITL\u00c1N PARTICIPAR\u00c1 EN LA MUESTRA ARTESANAL Y TUR\u00cdSTICA EN EL PARQUE DE LA CIENCIA FUNDADORES, TOLUCA"},"content":{"rendered":"\n<p><\/p>\n\n\n\n<p>El Presidente Municipal Jes\u00fas Cedillo Gonz\u00e1lez sostuvo una reuni\u00f3n de trabajo previo a la \u201cMuestra artesanal y tur\u00edstica\u201d que se llevar\u00e1 a cabo en el Parque de la Ciencia Fundadores en la Ciudad de Toluca, fortaleciendo lo hecho en Joco.<\/p>\n\n\n\n<p>Como parte de las acciones emprendidas por el Gobierno de la Maestra Delfina G\u00f3mez \u00c1lvarez, de fortalecer, promocionar y difundir la grandeza de los 125 municipios de la entidad, se presentar\u00e1n trabajos artesanales de los distintos municipios del Estado de M\u00e9xico en el Parque de la Ciencia Fundadores, de Toluca.<\/p>\n\n\n\n<p>Habr\u00e1 una gran variedad de ramas artesanales de textiles, productos en conserva, figuras artesanales, as\u00ed como una muestra gastron\u00f3mica de la regi\u00f3n, en este espacio cultural. Los mexiquenses podr\u00e1n disfrutar, los fines de semana, de los grupos de danza regionales y conjuntos musicales de la regi\u00f3n que se presentar\u00e1n en este espacio.<\/p>\n","protected":false},"excerpt":{"rendered":"<p>El Presidente Municipal Jes\u00fas Cedillo Gonz\u00e1lez sostuvo una reuni\u00f3n de trabajo previo a la \u201cMuestra artesanal y tur\u00edstica\u201d que se llevar\u00e1 a cabo en el Parque de la Ciencia Fundadores en la Ciudad de Toluca, fortaleciendo lo hecho en Joco.<\/p>\n","protected":false},"author":1,"featured_media":8447,"comment_status":"open","ping_status":"open","sticky":false,"template":"","format":"standard","meta":{"footnotes":""},"categories":[11,4,3,8,231],"tags":[1982,1790,324,158],"class_list":["post-8445","post","type-post","status-publish","format-standard","has-post-thumbnail","hentry","category-cultura","category-finanzas","category-gobierno","category-medio-ambiente","category-politica","tag-edomex","tag-jesus-cedillo-gonzalez","tag-jocotitlan","tag-pri"],"yoast_head":"<!-- This site is optimized with the Yoast SEO plugin v27.4 - https:\/\/yoast.com\/product\/yoast-seo-wordpress\/ -->\n<title>JOCOTITL\u00c1N PARTICIPAR\u00c1 EN LA MUESTRA ARTESANAL Y TUR\u00cdSTICA EN EL PARQUE DE LA CIENCIA FUNDADORES, TOLUCA - Expresso Metropolitano<\/title>\n<meta name=\"robots\" content=\"index, follow, max-snippet:-1, max-image-preview:large, max-video-preview:-1\" \/>\n<link rel=\"canonical\" href=\"https:\/\/expressometro.mx\/index.php\/2023\/12\/07\/jocotitlan-participara-en-la-muestra-artesanal-y-turistica-en-el-parque-de-la-ciencia-fundadores-toluca\/\" \/>\n<meta property=\"og:locale\" content=\"es_MX\" \/>\n<meta property=\"og:type\" content=\"article\" \/>\n<meta property=\"og:title\" content=\"JOCOTITL\u00c1N PARTICIPAR\u00c1 EN LA MUESTRA ARTESANAL Y TUR\u00cdSTICA EN EL PARQUE DE LA CIENCIA FUNDADORES, TOLUCA - Expresso Metropolitano\" \/>\n<meta property=\"og:description\" content=\"El Presidente Municipal Jes\u00fas Cedillo Gonz\u00e1lez sostuvo una reuni\u00f3n de trabajo previo a la \u201cMuestra artesanal y tur\u00edstica\u201d que se llevar\u00e1 a cabo en el Parque de la Ciencia Fundadores en la Ciudad de Toluca, fortaleciendo lo hecho en Joco.\" \/>\n<meta property=\"og:url\" content=\"https:\/\/expressometro.mx\/index.php\/2023\/12\/07\/jocotitlan-participara-en-la-muestra-artesanal-y-turistica-en-el-parque-de-la-ciencia-fundadores-toluca\/\" \/>\n<meta property=\"og:site_name\" content=\"Expresso Metropolitano\" \/>\n<meta property=\"article:published_time\" content=\"2023-12-07T17:52:26+00:00\" \/>\n<meta property=\"article:modified_time\" content=\"2023-12-11T18:23:46+00:00\" \/>\n<meta property=\"og:image\" content=\"http:\/\/expressometro.mx\/wp-content\/uploads\/2023\/12\/Jocotitlan-Muestra-Gastronomica-y-Cultural-071223-1.jpg\" \/>\n\t<meta property=\"og:image:width\" content=\"2048\" \/>\n\t<meta property=\"og:image:height\" content=\"1366\" \/>\n\t<meta property=\"og:image:type\" content=\"image\/jpeg\" \/>\n<meta name=\"author\" content=\"Expresso Metropolitano\" \/>\n<meta name=\"twitter:label1\" content=\"Escrito por\" \/>\n\t<meta name=\"twitter:data1\" content=\"Expresso Metropolitano\" \/>\n\t<meta name=\"twitter:label2\" content=\"Tiempo de lectura\" \/>\n\t<meta name=\"twitter:data2\" content=\"1 minuto\" \/>\n<script type=\"application\/ld+json\" class=\"yoast-schema-graph\">{\"@context\":\"https:\\\/\\\/schema.org\",\"@graph\":[{\"@type\":\"Article\",\"@id\":\"https:\\\/\\\/expressometro.mx\\\/index.php\\\/2023\\\/12\\\/07\\\/jocotitlan-participara-en-la-muestra-artesanal-y-turistica-en-el-parque-de-la-ciencia-fundadores-toluca\\\/#article\",\"isPartOf\":{\"@id\":\"https:\\\/\\\/expressometro.mx\\\/index.php\\\/2023\\\/12\\\/07\\\/jocotitlan-participara-en-la-muestra-artesanal-y-turistica-en-el-parque-de-la-ciencia-fundadores-toluca\\\/\"},\"author\":{\"name\":\"Expresso Metropolitano\",\"@id\":\"https:\\\/\\\/expressometro.mx\\\/#\\\/schema\\\/person\\\/efa971b4a0664db8ed5c22b1b0dd2f5d\"},\"headline\":\"JOCOTITL\u00c1N PARTICIPAR\u00c1 EN LA MUESTRA ARTESANAL Y TUR\u00cdSTICA EN EL PARQUE DE LA CIENCIA FUNDADORES, TOLUCA\",\"datePublished\":\"2023-12-07T17:52:26+00:00\",\"dateModified\":\"2023-12-11T18:23:46+00:00\",\"mainEntityOfPage\":{\"@id\":\"https:\\\/\\\/expressometro.mx\\\/index.php\\\/2023\\\/12\\\/07\\\/jocotitlan-participara-en-la-muestra-artesanal-y-turistica-en-el-parque-de-la-ciencia-fundadores-toluca\\\/\"},\"wordCount\":171,\"commentCount\":0,\"publisher\":{\"@id\":\"https:\\\/\\\/expressometro.mx\\\/#organization\"},\"image\":{\"@id\":\"https:\\\/\\\/expressometro.mx\\\/index.php\\\/2023\\\/12\\\/07\\\/jocotitlan-participara-en-la-muestra-artesanal-y-turistica-en-el-parque-de-la-ciencia-fundadores-toluca\\\/#primaryimage\"},\"thumbnailUrl\":\"https:\\\/\\\/expressometro.mx\\\/wp-content\\\/uploads\\\/2023\\\/12\\\/Jocotitlan-Muestra-Gastronomica-y-Cultural-071223-1.jpg\",\"keywords\":[\"Edomex\",\"Jes\u00fas Cedillo Gonz\u00e1lez\",\"Jocotitl\u00e1n\",\"PRI\"],\"articleSection\":[\"Cultura\",\"Finanzas\",\"Gobierno\",\"Medio ambiente\",\"Pol\u00edtica\"],\"inLanguage\":\"es\",\"potentialAction\":[{\"@type\":\"CommentAction\",\"name\":\"Comment\",\"target\":[\"https:\\\/\\\/expressometro.mx\\\/index.php\\\/2023\\\/12\\\/07\\\/jocotitlan-participara-en-la-muestra-artesanal-y-turistica-en-el-parque-de-la-ciencia-fundadores-toluca\\\/#respond\"]}]},{\"@type\":\"WebPage\",\"@id\":\"https:\\\/\\\/expressometro.mx\\\/index.php\\\/2023\\\/12\\\/07\\\/jocotitlan-participara-en-la-muestra-artesanal-y-turistica-en-el-parque-de-la-ciencia-fundadores-toluca\\\/\",\"url\":\"https:\\\/\\\/expressometro.mx\\\/index.php\\\/2023\\\/12\\\/07\\\/jocotitlan-participara-en-la-muestra-artesanal-y-turistica-en-el-parque-de-la-ciencia-fundadores-toluca\\\/\",\"name\":\"JOCOTITL\u00c1N PARTICIPAR\u00c1 EN LA MUESTRA ARTESANAL Y TUR\u00cdSTICA EN EL PARQUE DE LA CIENCIA FUNDADORES, TOLUCA - Expresso Metropolitano\",\"isPartOf\":{\"@id\":\"https:\\\/\\\/expressometro.mx\\\/#website\"},\"primaryImageOfPage\":{\"@id\":\"https:\\\/\\\/expressometro.mx\\\/index.php\\\/2023\\\/12\\\/07\\\/jocotitlan-participara-en-la-muestra-artesanal-y-turistica-en-el-parque-de-la-ciencia-fundadores-toluca\\\/#primaryimage\"},\"image\":{\"@id\":\"https:\\\/\\\/expressometro.mx\\\/index.php\\\/2023\\\/12\\\/07\\\/jocotitlan-participara-en-la-muestra-artesanal-y-turistica-en-el-parque-de-la-ciencia-fundadores-toluca\\\/#primaryimage\"},\"thumbnailUrl\":\"https:\\\/\\\/expressometro.mx\\\/wp-content\\\/uploads\\\/2023\\\/12\\\/Jocotitlan-Muestra-Gastronomica-y-Cultural-071223-1.jpg\",\"datePublished\":\"2023-12-07T17:52:26+00:00\",\"dateModified\":\"2023-12-11T18:23:46+00:00\",\"breadcrumb\":{\"@id\":\"https:\\\/\\\/expressometro.mx\\\/index.php\\\/2023\\\/12\\\/07\\\/jocotitlan-participara-en-la-muestra-artesanal-y-turistica-en-el-parque-de-la-ciencia-fundadores-toluca\\\/#breadcrumb\"},\"inLanguage\":\"es\",\"potentialAction\":[{\"@type\":\"ReadAction\",\"target\":[\"https:\\\/\\\/expressometro.mx\\\/index.php\\\/2023\\\/12\\\/07\\\/jocotitlan-participara-en-la-muestra-artesanal-y-turistica-en-el-parque-de-la-ciencia-fundadores-toluca\\\/\"]}]},{\"@type\":\"ImageObject\",\"inLanguage\":\"es\",\"@id\":\"https:\\\/\\\/expressometro.mx\\\/index.php\\\/2023\\\/12\\\/07\\\/jocotitlan-participara-en-la-muestra-artesanal-y-turistica-en-el-parque-de-la-ciencia-fundadores-toluca\\\/#primaryimage\",\"url\":\"https:\\\/\\\/expressometro.mx\\\/wp-content\\\/uploads\\\/2023\\\/12\\\/Jocotitlan-Muestra-Gastronomica-y-Cultural-071223-1.jpg\",\"contentUrl\":\"https:\\\/\\\/expressometro.mx\\\/wp-content\\\/uploads\\\/2023\\\/12\\\/Jocotitlan-Muestra-Gastronomica-y-Cultural-071223-1.jpg\",\"width\":2048,\"height\":1366},{\"@type\":\"BreadcrumbList\",\"@id\":\"https:\\\/\\\/expressometro.mx\\\/index.php\\\/2023\\\/12\\\/07\\\/jocotitlan-participara-en-la-muestra-artesanal-y-turistica-en-el-parque-de-la-ciencia-fundadores-toluca\\\/#breadcrumb\",\"itemListElement\":[{\"@type\":\"ListItem\",\"position\":1,\"name\":\"Inicio\",\"item\":\"https:\\\/\\\/expressometro.mx\\\/\"},{\"@type\":\"ListItem\",\"position\":2,\"name\":\"JOCOTITL\u00c1N PARTICIPAR\u00c1 EN LA MUESTRA ARTESANAL Y TUR\u00cdSTICA EN EL PARQUE DE LA CIENCIA FUNDADORES, TOLUCA\"}]},{\"@type\":\"WebSite\",\"@id\":\"https:\\\/\\\/expressometro.mx\\\/#website\",\"url\":\"https:\\\/\\\/expressometro.mx\\\/\",\"name\":\"Expresso Metropolitano\",\"description\":\"Periodismo comprometido, informaci\u00f3n, investigaci\u00f3n y an\u00e1lisis\",\"publisher\":{\"@id\":\"https:\\\/\\\/expressometro.mx\\\/#organization\"},\"potentialAction\":[{\"@type\":\"SearchAction\",\"target\":{\"@type\":\"EntryPoint\",\"urlTemplate\":\"https:\\\/\\\/expressometro.mx\\\/?s={search_term_string}\"},\"query-input\":{\"@type\":\"PropertyValueSpecification\",\"valueRequired\":true,\"valueName\":\"search_term_string\"}}],\"inLanguage\":\"es\"},{\"@type\":\"Organization\",\"@id\":\"https:\\\/\\\/expressometro.mx\\\/#organization\",\"name\":\"Expresso Metropolitano\",\"url\":\"https:\\\/\\\/expressometro.mx\\\/\",\"logo\":{\"@type\":\"ImageObject\",\"inLanguage\":\"es\",\"@id\":\"https:\\\/\\\/expressometro.mx\\\/#\\\/schema\\\/logo\\\/image\\\/\",\"url\":\"https:\\\/\\\/expressometro.mx\\\/wp-content\\\/uploads\\\/2019\\\/07\\\/cropped-Logo-Expresso-Metropolitano-1-1.jpeg\",\"contentUrl\":\"https:\\\/\\\/expressometro.mx\\\/wp-content\\\/uploads\\\/2019\\\/07\\\/cropped-Logo-Expresso-Metropolitano-1-1.jpeg\",\"width\":290,\"height\":73,\"caption\":\"Expresso Metropolitano\"},\"image\":{\"@id\":\"https:\\\/\\\/expressometro.mx\\\/#\\\/schema\\\/logo\\\/image\\\/\"}},{\"@type\":\"Person\",\"@id\":\"https:\\\/\\\/expressometro.mx\\\/#\\\/schema\\\/person\\\/efa971b4a0664db8ed5c22b1b0dd2f5d\",\"name\":\"Expresso Metropolitano\",\"image\":{\"@type\":\"ImageObject\",\"inLanguage\":\"es\",\"@id\":\"https:\\\/\\\/secure.gravatar.com\\\/avatar\\\/a89f802b8de18c6952f223c88d3d106e9e3679839f4e25a02f4a6cc2ae6ba3b3?s=96&d=mm&r=g\",\"url\":\"https:\\\/\\\/secure.gravatar.com\\\/avatar\\\/a89f802b8de18c6952f223c88d3d106e9e3679839f4e25a02f4a6cc2ae6ba3b3?s=96&d=mm&r=g\",\"contentUrl\":\"https:\\\/\\\/secure.gravatar.com\\\/avatar\\\/a89f802b8de18c6952f223c88d3d106e9e3679839f4e25a02f4a6cc2ae6ba3b3?s=96&d=mm&r=g\",\"caption\":\"Expresso Metropolitano\"},\"url\":\"https:\\\/\\\/expressometro.mx\\\/index.php\\\/author\\\/diego\\\/\"}]}<\/script>\n<!-- \/ Yoast SEO plugin. -->","yoast_head_json":{"title":"JOCOTITL\u00c1N PARTICIPAR\u00c1 EN LA MUESTRA ARTESANAL Y TUR\u00cdSTICA EN EL PARQUE DE LA CIENCIA FUNDADORES, TOLUCA - Expresso Metropolitano","robots":{"index":"index","follow":"follow","max-snippet":"max-snippet:-1","max-image-preview":"max-image-preview:large","max-video-preview":"max-video-preview:-1"},"canonical":"https:\/\/expressometro.mx\/index.php\/2023\/12\/07\/jocotitlan-participara-en-la-muestra-artesanal-y-turistica-en-el-parque-de-la-ciencia-fundadores-toluca\/","og_locale":"es_MX","og_type":"article","og_title":"JOCOTITL\u00c1N PARTICIPAR\u00c1 EN LA MUESTRA ARTESANAL Y TUR\u00cdSTICA EN EL PARQUE DE LA CIENCIA FUNDADORES, TOLUCA - Expresso Metropolitano","og_description":"El Presidente Municipal Jes\u00fas Cedillo Gonz\u00e1lez sostuvo una reuni\u00f3n de trabajo previo a la \u201cMuestra artesanal y tur\u00edstica\u201d que se llevar\u00e1 a cabo en el Parque de la Ciencia Fundadores en la Ciudad de Toluca, fortaleciendo lo hecho en Joco.","og_url":"https:\/\/expressometro.mx\/index.php\/2023\/12\/07\/jocotitlan-participara-en-la-muestra-artesanal-y-turistica-en-el-parque-de-la-ciencia-fundadores-toluca\/","og_site_name":"Expresso Metropolitano","article_published_time":"2023-12-07T17:52:26+00:00","article_modified_time":"2023-12-11T18:23:46+00:00","og_image":[{"width":2048,"height":1366,"url":"http:\/\/expressometro.mx\/wp-content\/uploads\/2023\/12\/Jocotitlan-Muestra-Gastronomica-y-Cultural-071223-1.jpg","type":"image\/jpeg"}],"author":"Expresso Metropolitano","twitter_misc":{"Escrito por":"Expresso Metropolitano","Tiempo de lectura":"1 minuto"},"schema":{"@context":"https:\/\/schema.org","@graph":[{"@type":"Article","@id":"https:\/\/expressometro.mx\/index.php\/2023\/12\/07\/jocotitlan-participara-en-la-muestra-artesanal-y-turistica-en-el-parque-de-la-ciencia-fundadores-toluca\/#article","isPartOf":{"@id":"https:\/\/expressometro.mx\/index.php\/2023\/12\/07\/jocotitlan-participara-en-la-muestra-artesanal-y-turistica-en-el-parque-de-la-ciencia-fundadores-toluca\/"},"author":{"name":"Expresso Metropolitano","@id":"https:\/\/expressometro.mx\/#\/schema\/person\/efa971b4a0664db8ed5c22b1b0dd2f5d"},"headline":"JOCOTITL\u00c1N PARTICIPAR\u00c1 EN LA MUESTRA ARTESANAL Y TUR\u00cdSTICA EN EL PARQUE DE LA CIENCIA FUNDADORES, TOLUCA","datePublished":"2023-12-07T17:52:26+00:00","dateModified":"2023-12-11T18:23:46+00:00","mainEntityOfPage":{"@id":"https:\/\/expressometro.mx\/index.php\/2023\/12\/07\/jocotitlan-participara-en-la-muestra-artesanal-y-turistica-en-el-parque-de-la-ciencia-fundadores-toluca\/"},"wordCount":171,"commentCount":0,"publisher":{"@id":"https:\/\/expressometro.mx\/#organization"},"image":{"@id":"https:\/\/expressometro.mx\/index.php\/2023\/12\/07\/jocotitlan-participara-en-la-muestra-artesanal-y-turistica-en-el-parque-de-la-ciencia-fundadores-toluca\/#primaryimage"},"thumbnailUrl":"https:\/\/expressometro.mx\/wp-content\/uploads\/2023\/12\/Jocotitlan-Muestra-Gastronomica-y-Cultural-071223-1.jpg","keywords":["Edomex","Jes\u00fas Cedillo Gonz\u00e1lez","Jocotitl\u00e1n","PRI"],"articleSection":["Cultura","Finanzas","Gobierno","Medio ambiente","Pol\u00edtica"],"inLanguage":"es","potentialAction":[{"@type":"CommentAction","name":"Comment","target":["https:\/\/expressometro.mx\/index.php\/2023\/12\/07\/jocotitlan-participara-en-la-muestra-artesanal-y-turistica-en-el-parque-de-la-ciencia-fundadores-toluca\/#respond"]}]},{"@type":"WebPage","@id":"https:\/\/expressometro.mx\/index.php\/2023\/12\/07\/jocotitlan-participara-en-la-muestra-artesanal-y-turistica-en-el-parque-de-la-ciencia-fundadores-toluca\/","url":"https:\/\/expressometro.mx\/index.php\/2023\/12\/07\/jocotitlan-participara-en-la-muestra-artesanal-y-turistica-en-el-parque-de-la-ciencia-fundadores-toluca\/","name":"JOCOTITL\u00c1N PARTICIPAR\u00c1 EN LA MUESTRA ARTESANAL Y TUR\u00cdSTICA EN EL PARQUE DE LA CIENCIA FUNDADORES, TOLUCA - Expresso Metropolitano","isPartOf":{"@id":"https:\/\/expressometro.mx\/#website"},"primaryImageOfPage":{"@id":"https:\/\/expressometro.mx\/index.php\/2023\/12\/07\/jocotitlan-participara-en-la-muestra-artesanal-y-turistica-en-el-parque-de-la-ciencia-fundadores-toluca\/#primaryimage"},"image":{"@id":"https:\/\/expressometro.mx\/index.php\/2023\/12\/07\/jocotitlan-participara-en-la-muestra-artesanal-y-turistica-en-el-parque-de-la-ciencia-fundadores-toluca\/#primaryimage"},"thumbnailUrl":"https:\/\/expressometro.mx\/wp-content\/uploads\/2023\/12\/Jocotitlan-Muestra-Gastronomica-y-Cultural-071223-1.jpg","datePublished":"2023-12-07T17:52:26+00:00","dateModified":"2023-12-11T18:23:46+00:00","breadcrumb":{"@id":"https:\/\/expressometro.mx\/index.php\/2023\/12\/07\/jocotitlan-participara-en-la-muestra-artesanal-y-turistica-en-el-parque-de-la-ciencia-fundadores-toluca\/#breadcrumb"},"inLanguage":"es","potentialAction":[{"@type":"ReadAction","target":["https:\/\/expressometro.mx\/index.php\/2023\/12\/07\/jocotitlan-participara-en-la-muestra-artesanal-y-turistica-en-el-parque-de-la-ciencia-fundadores-toluca\/"]}]},{"@type":"ImageObject","inLanguage":"es","@id":"https:\/\/expressometro.mx\/index.php\/2023\/12\/07\/jocotitlan-participara-en-la-muestra-artesanal-y-turistica-en-el-parque-de-la-ciencia-fundadores-toluca\/#primaryimage","url":"https:\/\/expressometro.mx\/wp-content\/uploads\/2023\/12\/Jocotitlan-Muestra-Gastronomica-y-Cultural-071223-1.jpg","contentUrl":"https:\/\/expressometro.mx\/wp-content\/uploads\/2023\/12\/Jocotitlan-Muestra-Gastronomica-y-Cultural-071223-1.jpg","width":2048,"height":1366},{"@type":"BreadcrumbList","@id":"https:\/\/expressometro.mx\/index.php\/2023\/12\/07\/jocotitlan-participara-en-la-muestra-artesanal-y-turistica-en-el-parque-de-la-ciencia-fundadores-toluca\/#breadcrumb","itemListElement":[{"@type":"ListItem","position":1,"name":"Inicio","item":"https:\/\/expressometro.mx\/"},{"@type":"ListItem","position":2,"name":"JOCOTITL\u00c1N PARTICIPAR\u00c1 EN LA MUESTRA ARTESANAL Y TUR\u00cdSTICA EN EL PARQUE DE LA CIENCIA FUNDADORES, TOLUCA"}]},{"@type":"WebSite","@id":"https:\/\/expressometro.mx\/#website","url":"https:\/\/expressometro.mx\/","name":"Expresso Metropolitano","description":"Periodismo comprometido, informaci\u00f3n, investigaci\u00f3n y an\u00e1lisis","publisher":{"@id":"https:\/\/expressometro.mx\/#organization"},"potentialAction":[{"@type":"SearchAction","target":{"@type":"EntryPoint","urlTemplate":"https:\/\/expressometro.mx\/?s={search_term_string}"},"query-input":{"@type":"PropertyValueSpecification","valueRequired":true,"valueName":"search_term_string"}}],"inLanguage":"es"},{"@type":"Organization","@id":"https:\/\/expressometro.mx\/#organization","name":"Expresso Metropolitano","url":"https:\/\/expressometro.mx\/","logo":{"@type":"ImageObject","inLanguage":"es","@id":"https:\/\/expressometro.mx\/#\/schema\/logo\/image\/","url":"https:\/\/expressometro.mx\/wp-content\/uploads\/2019\/07\/cropped-Logo-Expresso-Metropolitano-1-1.jpeg","contentUrl":"https:\/\/expressometro.mx\/wp-content\/uploads\/2019\/07\/cropped-Logo-Expresso-Metropolitano-1-1.jpeg","width":290,"height":73,"caption":"Expresso Metropolitano"},"image":{"@id":"https:\/\/expressometro.mx\/#\/schema\/logo\/image\/"}},{"@type":"Person","@id":"https:\/\/expressometro.mx\/#\/schema\/person\/efa971b4a0664db8ed5c22b1b0dd2f5d","name":"Expresso Metropolitano","image":{"@type":"ImageObject","inLanguage":"es","@id":"https:\/\/secure.gravatar.com\/avatar\/a89f802b8de18c6952f223c88d3d106e9e3679839f4e25a02f4a6cc2ae6ba3b3?s=96&d=mm&r=g","url":"https:\/\/secure.gravatar.com\/avatar\/a89f802b8de18c6952f223c88d3d106e9e3679839f4e25a02f4a6cc2ae6ba3b3?s=96&d=mm&r=g","contentUrl":"https:\/\/secure.gravatar.com\/avatar\/a89f802b8de18c6952f223c88d3d106e9e3679839f4e25a02f4a6cc2ae6ba3b3?s=96&d=mm&r=g","caption":"Expresso Metropolitano"},"url":"https:\/\/expressometro.mx\/index.php\/author\/diego\/"}]}},"amp_enabled":true,"_links":{"self":[{"href":"https:\/\/expressometro.mx\/index.php\/wp-json\/wp\/v2\/posts\/8445","targetHints":{"allow":["GET"]}}],"collection":[{"href":"https:\/\/expressometro.mx\/index.php\/wp-json\/wp\/v2\/posts"}],"about":[{"href":"https:\/\/expressometro.mx\/index.php\/wp-json\/wp\/v2\/types\/post"}],"author":[{"embeddable":true,"href":"https:\/\/expressometro.mx\/index.php\/wp-json\/wp\/v2\/users\/1"}],"replies":[{"embeddable":true,"href":"https:\/\/expressometro.mx\/index.php\/wp-json\/wp\/v2\/comments?post=8445"}],"version-history":[{"count":1,"href":"https:\/\/expressometro.mx\/index.php\/wp-json\/wp\/v2\/posts\/8445\/revisions"}],"predecessor-version":[{"id":8448,"href":"https:\/\/expressometro.mx\/index.php\/wp-json\/wp\/v2\/posts\/8445\/revisions\/8448"}],"wp:featuredmedia":[{"embeddable":true,"href":"https:\/\/expressometro.mx\/index.php\/wp-json\/wp\/v2\/media\/8447"}],"wp:attachment":[{"href":"https:\/\/expressometro.mx\/index.php\/wp-json\/wp\/v2\/media?parent=8445"}],"wp:term":[{"taxonomy":"category","embeddable":true,"href":"https:\/\/expressometro.mx\/index.php\/wp-json\/wp\/v2\/categories?post=8445"},{"taxonomy":"post_tag","embeddable":true,"href":"https:\/\/expressometro.mx\/index.php\/wp-json\/wp\/v2\/tags?post=8445"}],"curies":[{"name":"wp","href":"https:\/\/api.w.org\/{rel}","templated":true}]}}