{"id":8435,"date":"2023-12-11T10:43:59","date_gmt":"2023-12-11T16:43:59","guid":{"rendered":"https:\/\/expressometro.mx\/?p=8435"},"modified":"2023-12-11T10:44:01","modified_gmt":"2023-12-11T16:44:01","slug":"dara-el-pri-la-hoja-de-ruta-a-la-patria-eric-sevilla","status":"publish","type":"post","link":"https:\/\/expressometro.mx\/index.php\/2023\/12\/11\/dara-el-pri-la-hoja-de-ruta-a-la-patria-eric-sevilla\/","title":{"rendered":"DAR\u00c1 EL PRI LA HOJA DE RUTA A LA PATRIA: ERIC SEVILLA"},"content":{"rendered":"\n<p><\/p>\n\n\n\n<p>* El PRI est\u00e1 listo para enfrentar y ganar las elecciones federales y locales del pr\u00f3ximo a\u00f1o, dej\u00f3 en claro el jefe de partido.<\/p>\n\n\n\n<p><\/p>\n\n\n\n<p>El priismo mexiquense tiene muy claro que su tarea en los pr\u00f3ximos meses ser\u00e1 fundamental para devolver a la patria una hoja de ruta que le permita salir de la autocomplacencia de un gobierno federal que le fall\u00f3 al pueblo con sus pol\u00edticas p\u00fablicas equivocadas como en seguridad, salud, educaci\u00f3n y econom\u00eda, dijo el presidente del Comit\u00e9 Directivo Estatal (CDE), Eric Sevilla.<\/p>\n\n\n\n<p>\u201cHan llegado las horas m\u00e1s importantes para el pa\u00eds, son tiempos de lucha y de ganar las pr\u00f3ximas elecciones a nivel federal y local con la renovaci\u00f3n de la C\u00e1mara de Diputados y las presidencias municipales, estamos preparados para la victoria\u201d, dej\u00f3 en claro el l\u00edder pri\u00edsta, en reuni\u00f3n con la estructura municipal de este instituto pol\u00edtico en Ecatepec.<\/p>\n\n\n\n<p>Luego de escuchar los planteamientos de los diferentes liderazgos del priismo de Ecatepec, el dirigente estatal sostuvo que m\u00e1s all\u00e1 de los intereses personales \u201cdebemos de anteponer el bien colectivo del propio partido, no nos vamos a rajar en las definiciones que se tomen y mantendremos la unidad porque hay mucho PRI para hacer historia\u201d.<\/p>\n\n\n\n<p>Hoy la unidad en el PRI cobra fuerza porque lo m\u00e1s importan en pol\u00edtica es la lealtad, \u201ctenemos un partido grande y debemos trabajar a brazo partido en todos los municipios para registrar ante los \u00f3rganos competentes nuestra representaci\u00f3n electoral\u201d, destac\u00f3 Eric Sevilla, luego de refrendar que se abrir\u00e1 un proceso interno para construir la coalici\u00f3n que se necesita.<\/p>\n\n\n\n<p>Lleg\u00f3 el momento de ver por el partido, \u201chemos dinamizado la vida nacional y somos constructores de instituciones, vamos a detener el desastre de pa\u00eds que nos van a entregar cuando ganemos la elecci\u00f3n presidencial en junio pr\u00f3ximo\u201d, enfatiz\u00f3 el jefe de partido. \u201cVamos a pelear en todas las trincheras electorales con la firme idea de defender al Estado de M\u00e9xico desde una mayor\u00eda en la C\u00e1mara de Diputados y con una gran mayor\u00eda en todas las presidencias municipales, no les vamos a permitir m\u00e1s locuras ni ocurrencias desde el poder p\u00fablico\u201d, sentenci\u00f3.<\/p>\n","protected":false},"excerpt":{"rendered":"<p>El priismo mexiquense tiene muy claro que su tarea en los pr\u00f3ximos meses ser\u00e1 fundamental para devolver a la patria una hoja de ruta que le permita salir de la autocomplacencia de un gobierno federal que le fall\u00f3 al pueblo con sus pol\u00edticas p\u00fablicas equivocadas como en seguridad, salud, educaci\u00f3n y econom\u00eda, dijo el presidente del Comit\u00e9 Directivo Estatal (CDE), Eric Sevilla.<\/p>\n","protected":false},"author":1,"featured_media":8437,"comment_status":"open","ping_status":"open","sticky":false,"template":"","format":"standard","meta":{"footnotes":""},"categories":[3,1,231],"tags":[1982,1461,158],"class_list":["post-8435","post","type-post","status-publish","format-standard","has-post-thumbnail","hentry","category-gobierno","category-otros","category-politica","tag-edomex","tag-eric-sevilla","tag-pri"],"yoast_head":"<!-- This site is optimized with the Yoast SEO plugin v27.5 - https:\/\/yoast.com\/product\/yoast-seo-wordpress\/ -->\n<title>DAR\u00c1 EL PRI LA HOJA DE RUTA A LA PATRIA: ERIC SEVILLA - Expresso Metropolitano<\/title>\n<meta name=\"robots\" content=\"index, follow, max-snippet:-1, max-image-preview:large, max-video-preview:-1\" \/>\n<link rel=\"canonical\" href=\"https:\/\/expressometro.mx\/index.php\/2023\/12\/11\/dara-el-pri-la-hoja-de-ruta-a-la-patria-eric-sevilla\/\" \/>\n<meta property=\"og:locale\" content=\"es_MX\" \/>\n<meta property=\"og:type\" content=\"article\" \/>\n<meta property=\"og:title\" content=\"DAR\u00c1 EL PRI LA HOJA DE RUTA A LA PATRIA: ERIC SEVILLA - Expresso Metropolitano\" \/>\n<meta property=\"og:description\" content=\"El priismo mexiquense tiene muy claro que su tarea en los pr\u00f3ximos meses ser\u00e1 fundamental para devolver a la patria una hoja de ruta que le permita salir de la autocomplacencia de un gobierno federal que le fall\u00f3 al pueblo con sus pol\u00edticas p\u00fablicas equivocadas como en seguridad, salud, educaci\u00f3n y econom\u00eda, dijo el presidente del Comit\u00e9 Directivo Estatal (CDE), Eric Sevilla.\" \/>\n<meta property=\"og:url\" content=\"https:\/\/expressometro.mx\/index.php\/2023\/12\/11\/dara-el-pri-la-hoja-de-ruta-a-la-patria-eric-sevilla\/\" \/>\n<meta property=\"og:site_name\" content=\"Expresso Metropolitano\" \/>\n<meta property=\"article:published_time\" content=\"2023-12-11T16:43:59+00:00\" \/>\n<meta property=\"article:modified_time\" content=\"2023-12-11T16:44:01+00:00\" \/>\n<meta property=\"og:image\" content=\"http:\/\/expressometro.mx\/wp-content\/uploads\/2023\/12\/WhatsApp-Image-2023-12-10-at-4.32.46-PM.jpeg\" \/>\n\t<meta property=\"og:image:width\" content=\"1024\" \/>\n\t<meta property=\"og:image:height\" content=\"706\" \/>\n\t<meta property=\"og:image:type\" content=\"image\/jpeg\" \/>\n<meta name=\"author\" content=\"Expresso Metropolitano\" \/>\n<meta name=\"twitter:label1\" content=\"Escrito por\" \/>\n\t<meta name=\"twitter:data1\" content=\"Expresso Metropolitano\" \/>\n\t<meta name=\"twitter:label2\" content=\"Tiempo de lectura\" \/>\n\t<meta name=\"twitter:data2\" content=\"2 minutos\" \/>\n<script type=\"application\/ld+json\" class=\"yoast-schema-graph\">{\"@context\":\"https:\\\/\\\/schema.org\",\"@graph\":[{\"@type\":\"Article\",\"@id\":\"https:\\\/\\\/expressometro.mx\\\/index.php\\\/2023\\\/12\\\/11\\\/dara-el-pri-la-hoja-de-ruta-a-la-patria-eric-sevilla\\\/#article\",\"isPartOf\":{\"@id\":\"https:\\\/\\\/expressometro.mx\\\/index.php\\\/2023\\\/12\\\/11\\\/dara-el-pri-la-hoja-de-ruta-a-la-patria-eric-sevilla\\\/\"},\"author\":{\"name\":\"Expresso Metropolitano\",\"@id\":\"https:\\\/\\\/expressometro.mx\\\/#\\\/schema\\\/person\\\/efa971b4a0664db8ed5c22b1b0dd2f5d\"},\"headline\":\"DAR\u00c1 EL PRI LA HOJA DE RUTA A LA PATRIA: ERIC SEVILLA\",\"datePublished\":\"2023-12-11T16:43:59+00:00\",\"dateModified\":\"2023-12-11T16:44:01+00:00\",\"mainEntityOfPage\":{\"@id\":\"https:\\\/\\\/expressometro.mx\\\/index.php\\\/2023\\\/12\\\/11\\\/dara-el-pri-la-hoja-de-ruta-a-la-patria-eric-sevilla\\\/\"},\"wordCount\":393,\"commentCount\":0,\"publisher\":{\"@id\":\"https:\\\/\\\/expressometro.mx\\\/#organization\"},\"image\":{\"@id\":\"https:\\\/\\\/expressometro.mx\\\/index.php\\\/2023\\\/12\\\/11\\\/dara-el-pri-la-hoja-de-ruta-a-la-patria-eric-sevilla\\\/#primaryimage\"},\"thumbnailUrl\":\"https:\\\/\\\/expressometro.mx\\\/wp-content\\\/uploads\\\/2023\\\/12\\\/WhatsApp-Image-2023-12-10-at-4.32.46-PM.jpeg\",\"keywords\":[\"Edomex\",\"Eric Sevilla\",\"PRI\"],\"articleSection\":[\"Gobierno\",\"Otros\",\"Pol\u00edtica\"],\"inLanguage\":\"es\",\"potentialAction\":[{\"@type\":\"CommentAction\",\"name\":\"Comment\",\"target\":[\"https:\\\/\\\/expressometro.mx\\\/index.php\\\/2023\\\/12\\\/11\\\/dara-el-pri-la-hoja-de-ruta-a-la-patria-eric-sevilla\\\/#respond\"]}]},{\"@type\":\"WebPage\",\"@id\":\"https:\\\/\\\/expressometro.mx\\\/index.php\\\/2023\\\/12\\\/11\\\/dara-el-pri-la-hoja-de-ruta-a-la-patria-eric-sevilla\\\/\",\"url\":\"https:\\\/\\\/expressometro.mx\\\/index.php\\\/2023\\\/12\\\/11\\\/dara-el-pri-la-hoja-de-ruta-a-la-patria-eric-sevilla\\\/\",\"name\":\"DAR\u00c1 EL PRI LA HOJA DE RUTA A LA PATRIA: ERIC SEVILLA - Expresso Metropolitano\",\"isPartOf\":{\"@id\":\"https:\\\/\\\/expressometro.mx\\\/#website\"},\"primaryImageOfPage\":{\"@id\":\"https:\\\/\\\/expressometro.mx\\\/index.php\\\/2023\\\/12\\\/11\\\/dara-el-pri-la-hoja-de-ruta-a-la-patria-eric-sevilla\\\/#primaryimage\"},\"image\":{\"@id\":\"https:\\\/\\\/expressometro.mx\\\/index.php\\\/2023\\\/12\\\/11\\\/dara-el-pri-la-hoja-de-ruta-a-la-patria-eric-sevilla\\\/#primaryimage\"},\"thumbnailUrl\":\"https:\\\/\\\/expressometro.mx\\\/wp-content\\\/uploads\\\/2023\\\/12\\\/WhatsApp-Image-2023-12-10-at-4.32.46-PM.jpeg\",\"datePublished\":\"2023-12-11T16:43:59+00:00\",\"dateModified\":\"2023-12-11T16:44:01+00:00\",\"breadcrumb\":{\"@id\":\"https:\\\/\\\/expressometro.mx\\\/index.php\\\/2023\\\/12\\\/11\\\/dara-el-pri-la-hoja-de-ruta-a-la-patria-eric-sevilla\\\/#breadcrumb\"},\"inLanguage\":\"es\",\"potentialAction\":[{\"@type\":\"ReadAction\",\"target\":[\"https:\\\/\\\/expressometro.mx\\\/index.php\\\/2023\\\/12\\\/11\\\/dara-el-pri-la-hoja-de-ruta-a-la-patria-eric-sevilla\\\/\"]}]},{\"@type\":\"ImageObject\",\"inLanguage\":\"es\",\"@id\":\"https:\\\/\\\/expressometro.mx\\\/index.php\\\/2023\\\/12\\\/11\\\/dara-el-pri-la-hoja-de-ruta-a-la-patria-eric-sevilla\\\/#primaryimage\",\"url\":\"https:\\\/\\\/expressometro.mx\\\/wp-content\\\/uploads\\\/2023\\\/12\\\/WhatsApp-Image-2023-12-10-at-4.32.46-PM.jpeg\",\"contentUrl\":\"https:\\\/\\\/expressometro.mx\\\/wp-content\\\/uploads\\\/2023\\\/12\\\/WhatsApp-Image-2023-12-10-at-4.32.46-PM.jpeg\",\"width\":1024,\"height\":706},{\"@type\":\"BreadcrumbList\",\"@id\":\"https:\\\/\\\/expressometro.mx\\\/index.php\\\/2023\\\/12\\\/11\\\/dara-el-pri-la-hoja-de-ruta-a-la-patria-eric-sevilla\\\/#breadcrumb\",\"itemListElement\":[{\"@type\":\"ListItem\",\"position\":1,\"name\":\"Inicio\",\"item\":\"https:\\\/\\\/expressometro.mx\\\/\"},{\"@type\":\"ListItem\",\"position\":2,\"name\":\"DAR\u00c1 EL PRI LA HOJA DE RUTA A LA PATRIA: ERIC SEVILLA\"}]},{\"@type\":\"WebSite\",\"@id\":\"https:\\\/\\\/expressometro.mx\\\/#website\",\"url\":\"https:\\\/\\\/expressometro.mx\\\/\",\"name\":\"Expresso Metropolitano\",\"description\":\"Periodismo comprometido, informaci\u00f3n, investigaci\u00f3n y an\u00e1lisis\",\"publisher\":{\"@id\":\"https:\\\/\\\/expressometro.mx\\\/#organization\"},\"potentialAction\":[{\"@type\":\"SearchAction\",\"target\":{\"@type\":\"EntryPoint\",\"urlTemplate\":\"https:\\\/\\\/expressometro.mx\\\/?s={search_term_string}\"},\"query-input\":{\"@type\":\"PropertyValueSpecification\",\"valueRequired\":true,\"valueName\":\"search_term_string\"}}],\"inLanguage\":\"es\"},{\"@type\":\"Organization\",\"@id\":\"https:\\\/\\\/expressometro.mx\\\/#organization\",\"name\":\"Expresso Metropolitano\",\"url\":\"https:\\\/\\\/expressometro.mx\\\/\",\"logo\":{\"@type\":\"ImageObject\",\"inLanguage\":\"es\",\"@id\":\"https:\\\/\\\/expressometro.mx\\\/#\\\/schema\\\/logo\\\/image\\\/\",\"url\":\"https:\\\/\\\/expressometro.mx\\\/wp-content\\\/uploads\\\/2019\\\/07\\\/cropped-Logo-Expresso-Metropolitano-1-1.jpeg\",\"contentUrl\":\"https:\\\/\\\/expressometro.mx\\\/wp-content\\\/uploads\\\/2019\\\/07\\\/cropped-Logo-Expresso-Metropolitano-1-1.jpeg\",\"width\":290,\"height\":73,\"caption\":\"Expresso Metropolitano\"},\"image\":{\"@id\":\"https:\\\/\\\/expressometro.mx\\\/#\\\/schema\\\/logo\\\/image\\\/\"}},{\"@type\":\"Person\",\"@id\":\"https:\\\/\\\/expressometro.mx\\\/#\\\/schema\\\/person\\\/efa971b4a0664db8ed5c22b1b0dd2f5d\",\"name\":\"Expresso Metropolitano\",\"image\":{\"@type\":\"ImageObject\",\"inLanguage\":\"es\",\"@id\":\"https:\\\/\\\/secure.gravatar.com\\\/avatar\\\/a89f802b8de18c6952f223c88d3d106e9e3679839f4e25a02f4a6cc2ae6ba3b3?s=96&d=mm&r=g\",\"url\":\"https:\\\/\\\/secure.gravatar.com\\\/avatar\\\/a89f802b8de18c6952f223c88d3d106e9e3679839f4e25a02f4a6cc2ae6ba3b3?s=96&d=mm&r=g\",\"contentUrl\":\"https:\\\/\\\/secure.gravatar.com\\\/avatar\\\/a89f802b8de18c6952f223c88d3d106e9e3679839f4e25a02f4a6cc2ae6ba3b3?s=96&d=mm&r=g\",\"caption\":\"Expresso Metropolitano\"},\"url\":\"https:\\\/\\\/expressometro.mx\\\/index.php\\\/author\\\/diego\\\/\"}]}<\/script>\n<!-- \/ Yoast SEO plugin. -->","yoast_head_json":{"title":"DAR\u00c1 EL PRI LA HOJA DE RUTA A LA PATRIA: ERIC SEVILLA - Expresso Metropolitano","robots":{"index":"index","follow":"follow","max-snippet":"max-snippet:-1","max-image-preview":"max-image-preview:large","max-video-preview":"max-video-preview:-1"},"canonical":"https:\/\/expressometro.mx\/index.php\/2023\/12\/11\/dara-el-pri-la-hoja-de-ruta-a-la-patria-eric-sevilla\/","og_locale":"es_MX","og_type":"article","og_title":"DAR\u00c1 EL PRI LA HOJA DE RUTA A LA PATRIA: ERIC SEVILLA - Expresso Metropolitano","og_description":"El priismo mexiquense tiene muy claro que su tarea en los pr\u00f3ximos meses ser\u00e1 fundamental para devolver a la patria una hoja de ruta que le permita salir de la autocomplacencia de un gobierno federal que le fall\u00f3 al pueblo con sus pol\u00edticas p\u00fablicas equivocadas como en seguridad, salud, educaci\u00f3n y econom\u00eda, dijo el presidente del Comit\u00e9 Directivo Estatal (CDE), Eric Sevilla.","og_url":"https:\/\/expressometro.mx\/index.php\/2023\/12\/11\/dara-el-pri-la-hoja-de-ruta-a-la-patria-eric-sevilla\/","og_site_name":"Expresso Metropolitano","article_published_time":"2023-12-11T16:43:59+00:00","article_modified_time":"2023-12-11T16:44:01+00:00","og_image":[{"width":1024,"height":706,"url":"http:\/\/expressometro.mx\/wp-content\/uploads\/2023\/12\/WhatsApp-Image-2023-12-10-at-4.32.46-PM.jpeg","type":"image\/jpeg"}],"author":"Expresso Metropolitano","twitter_misc":{"Escrito por":"Expresso Metropolitano","Tiempo de lectura":"2 minutos"},"schema":{"@context":"https:\/\/schema.org","@graph":[{"@type":"Article","@id":"https:\/\/expressometro.mx\/index.php\/2023\/12\/11\/dara-el-pri-la-hoja-de-ruta-a-la-patria-eric-sevilla\/#article","isPartOf":{"@id":"https:\/\/expressometro.mx\/index.php\/2023\/12\/11\/dara-el-pri-la-hoja-de-ruta-a-la-patria-eric-sevilla\/"},"author":{"name":"Expresso Metropolitano","@id":"https:\/\/expressometro.mx\/#\/schema\/person\/efa971b4a0664db8ed5c22b1b0dd2f5d"},"headline":"DAR\u00c1 EL PRI LA HOJA DE RUTA A LA PATRIA: ERIC SEVILLA","datePublished":"2023-12-11T16:43:59+00:00","dateModified":"2023-12-11T16:44:01+00:00","mainEntityOfPage":{"@id":"https:\/\/expressometro.mx\/index.php\/2023\/12\/11\/dara-el-pri-la-hoja-de-ruta-a-la-patria-eric-sevilla\/"},"wordCount":393,"commentCount":0,"publisher":{"@id":"https:\/\/expressometro.mx\/#organization"},"image":{"@id":"https:\/\/expressometro.mx\/index.php\/2023\/12\/11\/dara-el-pri-la-hoja-de-ruta-a-la-patria-eric-sevilla\/#primaryimage"},"thumbnailUrl":"https:\/\/expressometro.mx\/wp-content\/uploads\/2023\/12\/WhatsApp-Image-2023-12-10-at-4.32.46-PM.jpeg","keywords":["Edomex","Eric Sevilla","PRI"],"articleSection":["Gobierno","Otros","Pol\u00edtica"],"inLanguage":"es","potentialAction":[{"@type":"CommentAction","name":"Comment","target":["https:\/\/expressometro.mx\/index.php\/2023\/12\/11\/dara-el-pri-la-hoja-de-ruta-a-la-patria-eric-sevilla\/#respond"]}]},{"@type":"WebPage","@id":"https:\/\/expressometro.mx\/index.php\/2023\/12\/11\/dara-el-pri-la-hoja-de-ruta-a-la-patria-eric-sevilla\/","url":"https:\/\/expressometro.mx\/index.php\/2023\/12\/11\/dara-el-pri-la-hoja-de-ruta-a-la-patria-eric-sevilla\/","name":"DAR\u00c1 EL PRI LA HOJA DE RUTA A LA PATRIA: ERIC SEVILLA - Expresso Metropolitano","isPartOf":{"@id":"https:\/\/expressometro.mx\/#website"},"primaryImageOfPage":{"@id":"https:\/\/expressometro.mx\/index.php\/2023\/12\/11\/dara-el-pri-la-hoja-de-ruta-a-la-patria-eric-sevilla\/#primaryimage"},"image":{"@id":"https:\/\/expressometro.mx\/index.php\/2023\/12\/11\/dara-el-pri-la-hoja-de-ruta-a-la-patria-eric-sevilla\/#primaryimage"},"thumbnailUrl":"https:\/\/expressometro.mx\/wp-content\/uploads\/2023\/12\/WhatsApp-Image-2023-12-10-at-4.32.46-PM.jpeg","datePublished":"2023-12-11T16:43:59+00:00","dateModified":"2023-12-11T16:44:01+00:00","breadcrumb":{"@id":"https:\/\/expressometro.mx\/index.php\/2023\/12\/11\/dara-el-pri-la-hoja-de-ruta-a-la-patria-eric-sevilla\/#breadcrumb"},"inLanguage":"es","potentialAction":[{"@type":"ReadAction","target":["https:\/\/expressometro.mx\/index.php\/2023\/12\/11\/dara-el-pri-la-hoja-de-ruta-a-la-patria-eric-sevilla\/"]}]},{"@type":"ImageObject","inLanguage":"es","@id":"https:\/\/expressometro.mx\/index.php\/2023\/12\/11\/dara-el-pri-la-hoja-de-ruta-a-la-patria-eric-sevilla\/#primaryimage","url":"https:\/\/expressometro.mx\/wp-content\/uploads\/2023\/12\/WhatsApp-Image-2023-12-10-at-4.32.46-PM.jpeg","contentUrl":"https:\/\/expressometro.mx\/wp-content\/uploads\/2023\/12\/WhatsApp-Image-2023-12-10-at-4.32.46-PM.jpeg","width":1024,"height":706},{"@type":"BreadcrumbList","@id":"https:\/\/expressometro.mx\/index.php\/2023\/12\/11\/dara-el-pri-la-hoja-de-ruta-a-la-patria-eric-sevilla\/#breadcrumb","itemListElement":[{"@type":"ListItem","position":1,"name":"Inicio","item":"https:\/\/expressometro.mx\/"},{"@type":"ListItem","position":2,"name":"DAR\u00c1 EL PRI LA HOJA DE RUTA A LA PATRIA: ERIC SEVILLA"}]},{"@type":"WebSite","@id":"https:\/\/expressometro.mx\/#website","url":"https:\/\/expressometro.mx\/","name":"Expresso Metropolitano","description":"Periodismo comprometido, informaci\u00f3n, investigaci\u00f3n y an\u00e1lisis","publisher":{"@id":"https:\/\/expressometro.mx\/#organization"},"potentialAction":[{"@type":"SearchAction","target":{"@type":"EntryPoint","urlTemplate":"https:\/\/expressometro.mx\/?s={search_term_string}"},"query-input":{"@type":"PropertyValueSpecification","valueRequired":true,"valueName":"search_term_string"}}],"inLanguage":"es"},{"@type":"Organization","@id":"https:\/\/expressometro.mx\/#organization","name":"Expresso Metropolitano","url":"https:\/\/expressometro.mx\/","logo":{"@type":"ImageObject","inLanguage":"es","@id":"https:\/\/expressometro.mx\/#\/schema\/logo\/image\/","url":"https:\/\/expressometro.mx\/wp-content\/uploads\/2019\/07\/cropped-Logo-Expresso-Metropolitano-1-1.jpeg","contentUrl":"https:\/\/expressometro.mx\/wp-content\/uploads\/2019\/07\/cropped-Logo-Expresso-Metropolitano-1-1.jpeg","width":290,"height":73,"caption":"Expresso Metropolitano"},"image":{"@id":"https:\/\/expressometro.mx\/#\/schema\/logo\/image\/"}},{"@type":"Person","@id":"https:\/\/expressometro.mx\/#\/schema\/person\/efa971b4a0664db8ed5c22b1b0dd2f5d","name":"Expresso Metropolitano","image":{"@type":"ImageObject","inLanguage":"es","@id":"https:\/\/secure.gravatar.com\/avatar\/a89f802b8de18c6952f223c88d3d106e9e3679839f4e25a02f4a6cc2ae6ba3b3?s=96&d=mm&r=g","url":"https:\/\/secure.gravatar.com\/avatar\/a89f802b8de18c6952f223c88d3d106e9e3679839f4e25a02f4a6cc2ae6ba3b3?s=96&d=mm&r=g","contentUrl":"https:\/\/secure.gravatar.com\/avatar\/a89f802b8de18c6952f223c88d3d106e9e3679839f4e25a02f4a6cc2ae6ba3b3?s=96&d=mm&r=g","caption":"Expresso Metropolitano"},"url":"https:\/\/expressometro.mx\/index.php\/author\/diego\/"}]}},"amp_enabled":true,"_links":{"self":[{"href":"https:\/\/expressometro.mx\/index.php\/wp-json\/wp\/v2\/posts\/8435","targetHints":{"allow":["GET"]}}],"collection":[{"href":"https:\/\/expressometro.mx\/index.php\/wp-json\/wp\/v2\/posts"}],"about":[{"href":"https:\/\/expressometro.mx\/index.php\/wp-json\/wp\/v2\/types\/post"}],"author":[{"embeddable":true,"href":"https:\/\/expressometro.mx\/index.php\/wp-json\/wp\/v2\/users\/1"}],"replies":[{"embeddable":true,"href":"https:\/\/expressometro.mx\/index.php\/wp-json\/wp\/v2\/comments?post=8435"}],"version-history":[{"count":1,"href":"https:\/\/expressometro.mx\/index.php\/wp-json\/wp\/v2\/posts\/8435\/revisions"}],"predecessor-version":[{"id":8438,"href":"https:\/\/expressometro.mx\/index.php\/wp-json\/wp\/v2\/posts\/8435\/revisions\/8438"}],"wp:featuredmedia":[{"embeddable":true,"href":"https:\/\/expressometro.mx\/index.php\/wp-json\/wp\/v2\/media\/8437"}],"wp:attachment":[{"href":"https:\/\/expressometro.mx\/index.php\/wp-json\/wp\/v2\/media?parent=8435"}],"wp:term":[{"taxonomy":"category","embeddable":true,"href":"https:\/\/expressometro.mx\/index.php\/wp-json\/wp\/v2\/categories?post=8435"},{"taxonomy":"post_tag","embeddable":true,"href":"https:\/\/expressometro.mx\/index.php\/wp-json\/wp\/v2\/tags?post=8435"}],"curies":[{"name":"wp","href":"https:\/\/api.w.org\/{rel}","templated":true}]}}