{"id":8413,"date":"2023-12-03T21:26:30","date_gmt":"2023-12-04T03:26:30","guid":{"rendered":"https:\/\/expressometro.mx\/?p=8413"},"modified":"2023-12-03T21:26:31","modified_gmt":"2023-12-04T03:26:31","slug":"el-pri-esta-llamado-a-construir-patria","status":"publish","type":"post","link":"https:\/\/expressometro.mx\/index.php\/2023\/12\/03\/el-pri-esta-llamado-a-construir-patria\/","title":{"rendered":"EL PRI EST\u00c1 LLAMADO A CONSTRUIR PATRIA"},"content":{"rendered":"\n<p><\/p>\n\n\n\n<p>* El dirigente estatal del Instituto Reyes Heroles<\/p>\n\n\n\n<p><\/p>\n\n\n\n<p>Al hacer un llamado a la militancia del Partido Revolucionario Institucional (PRI) a cerrar filas para enfrentar el proceso electoral del 2024, el dirigente del Instituto Jes\u00fas Reyes Heroles del Estado de M\u00e9xico, An\u00edbal Gonz\u00e1lez Pedraza, advirti\u00f3 que no hay espacio para las dudas en defender las causas sociales y esto significa que m\u00e1s all\u00e1 de preparar una campa\u00f1a, \u201cestamos llamados a hacer patria\u201d.\u00a0<\/p>\n\n\n\n<p>En su primer informe de actividades y de rendici\u00f3n de cuentas, el dirigente partidista sostuvo que en el Frente Amplio por M\u00e9xico \u201cestamos del lado correcto de la historia y nuestra lucha es por defender nuestra patria; esa lucha tendr\u00e1 un valor inconmensurable para nuestro pa\u00eds y para nuestras familias, con una militancia decidida y una ciudadan\u00eda bien orientada\u201d.<\/p>\n\n\n\n<p>Acompa\u00f1ado de la diputada federal Melissa Vargas Camacho, manifest\u00f3 que s\u00f3lo en unidad y con liderazgos firmes se podr\u00e1 salir adelante con los 2 mil 290 cargos de elecci\u00f3n que se disputar\u00e1n en la entidad mexiquense.&nbsp; \u201cEst\u00e1 latente la amenaza de una dictadura, y solamente podremos resistir y ganar la embestida con fuerza y coraz\u00f3n, como lo hace nuestra precandidata X\u00f3chitl G\u00e1lvez\u201d.&nbsp;&nbsp;<\/p>\n\n\n\n<p>\u201cDebemos de construir en paralelo a las contiendas electorales que vamos a enfrentar, los cimientos de restauraci\u00f3n de una verdadera Rep\u00fablica Democr\u00e1tica que nos brinde paz y estabilidad, para volvernos a unir en un pacto social de poder ciudadano; el Frente Amplio por M\u00e9xico representa un contrapeso a la concentraci\u00f3n de poder\u201d, agreg\u00f3.&nbsp;<\/p>\n\n\n\n<p>Recalc\u00f3 que los mexiquenses deben saber que estamos sentando las bases para construir el Primer Gobierno de Coalici\u00f3n plural, eficaz y profesional, que se comprometa a ser un punto de encuentro y reconciliaci\u00f3n, y que se traduzca en la tan a\u00f1orada justicia social o bien com\u00fan que buscamos, anot\u00f3 Gonz\u00e1lez Pedraza al afirmar que Toluca se defender\u00e1 en los comicios del pr\u00f3ximo a\u00f1o.<\/p>\n","protected":false},"excerpt":{"rendered":"<p>En su primer informe de actividades y de rendici\u00f3n de cuentas, el dirigente partidista sostuvo que en el Frente Amplio por M\u00e9xico \u201cestamos del lado correcto de la historia y nuestra lucha es por defender nuestra patria; esa lucha tendr\u00e1 un valor inconmensurable para nuestro pa\u00eds y para nuestras familias, con una militancia decidida y una ciudadan\u00eda bien orientada\u201d.<\/p>\n","protected":false},"author":1,"featured_media":8415,"comment_status":"open","ping_status":"open","sticky":false,"template":"","format":"standard","meta":{"footnotes":""},"categories":[3,1,231],"tags":[2270,1982,158],"class_list":["post-8413","post","type-post","status-publish","format-standard","has-post-thumbnail","hentry","category-gobierno","category-otros","category-politica","tag-anibal-gonzalez-pedraza","tag-edomex","tag-pri"],"yoast_head":"<!-- This site is optimized with the Yoast SEO plugin v27.5 - https:\/\/yoast.com\/product\/yoast-seo-wordpress\/ -->\n<title>EL PRI EST\u00c1 LLAMADO A CONSTRUIR PATRIA - Expresso Metropolitano<\/title>\n<meta name=\"robots\" content=\"index, follow, max-snippet:-1, max-image-preview:large, max-video-preview:-1\" \/>\n<link rel=\"canonical\" href=\"https:\/\/expressometro.mx\/index.php\/2023\/12\/03\/el-pri-esta-llamado-a-construir-patria\/\" \/>\n<meta property=\"og:locale\" content=\"es_MX\" \/>\n<meta property=\"og:type\" content=\"article\" \/>\n<meta property=\"og:title\" content=\"EL PRI EST\u00c1 LLAMADO A CONSTRUIR PATRIA - Expresso Metropolitano\" \/>\n<meta property=\"og:description\" content=\"En su primer informe de actividades y de rendici\u00f3n de cuentas, el dirigente partidista sostuvo que en el Frente Amplio por M\u00e9xico \u201cestamos del lado correcto de la historia y nuestra lucha es por defender nuestra patria; esa lucha tendr\u00e1 un valor inconmensurable para nuestro pa\u00eds y para nuestras familias, con una militancia decidida y una ciudadan\u00eda bien orientada\u201d.\" \/>\n<meta property=\"og:url\" content=\"https:\/\/expressometro.mx\/index.php\/2023\/12\/03\/el-pri-esta-llamado-a-construir-patria\/\" \/>\n<meta property=\"og:site_name\" content=\"Expresso Metropolitano\" \/>\n<meta property=\"article:published_time\" content=\"2023-12-04T03:26:30+00:00\" \/>\n<meta property=\"article:modified_time\" content=\"2023-12-04T03:26:31+00:00\" \/>\n<meta property=\"og:image\" content=\"http:\/\/expressometro.mx\/wp-content\/uploads\/2023\/12\/WhatsApp-Image-2023-12-03-at-4.23.50-PM.jpeg\" \/>\n\t<meta property=\"og:image:width\" content=\"1024\" \/>\n\t<meta property=\"og:image:height\" content=\"596\" \/>\n\t<meta property=\"og:image:type\" content=\"image\/jpeg\" \/>\n<meta name=\"author\" content=\"Expresso Metropolitano\" \/>\n<meta name=\"twitter:label1\" content=\"Escrito por\" \/>\n\t<meta name=\"twitter:data1\" content=\"Expresso Metropolitano\" \/>\n\t<meta name=\"twitter:label2\" content=\"Tiempo de lectura\" \/>\n\t<meta name=\"twitter:data2\" content=\"2 minutos\" \/>\n<script type=\"application\/ld+json\" class=\"yoast-schema-graph\">{\"@context\":\"https:\\\/\\\/schema.org\",\"@graph\":[{\"@type\":\"Article\",\"@id\":\"https:\\\/\\\/expressometro.mx\\\/index.php\\\/2023\\\/12\\\/03\\\/el-pri-esta-llamado-a-construir-patria\\\/#article\",\"isPartOf\":{\"@id\":\"https:\\\/\\\/expressometro.mx\\\/index.php\\\/2023\\\/12\\\/03\\\/el-pri-esta-llamado-a-construir-patria\\\/\"},\"author\":{\"name\":\"Expresso Metropolitano\",\"@id\":\"https:\\\/\\\/expressometro.mx\\\/#\\\/schema\\\/person\\\/efa971b4a0664db8ed5c22b1b0dd2f5d\"},\"headline\":\"EL PRI EST\u00c1 LLAMADO A CONSTRUIR PATRIA\",\"datePublished\":\"2023-12-04T03:26:30+00:00\",\"dateModified\":\"2023-12-04T03:26:31+00:00\",\"mainEntityOfPage\":{\"@id\":\"https:\\\/\\\/expressometro.mx\\\/index.php\\\/2023\\\/12\\\/03\\\/el-pri-esta-llamado-a-construir-patria\\\/\"},\"wordCount\":345,\"commentCount\":0,\"publisher\":{\"@id\":\"https:\\\/\\\/expressometro.mx\\\/#organization\"},\"image\":{\"@id\":\"https:\\\/\\\/expressometro.mx\\\/index.php\\\/2023\\\/12\\\/03\\\/el-pri-esta-llamado-a-construir-patria\\\/#primaryimage\"},\"thumbnailUrl\":\"https:\\\/\\\/expressometro.mx\\\/wp-content\\\/uploads\\\/2023\\\/12\\\/WhatsApp-Image-2023-12-03-at-4.23.50-PM.jpeg\",\"keywords\":[\"An\u00edbal Gonz\u00e1lez Pedraza\",\"Edomex\",\"PRI\"],\"articleSection\":[\"Gobierno\",\"Otros\",\"Pol\u00edtica\"],\"inLanguage\":\"es\",\"potentialAction\":[{\"@type\":\"CommentAction\",\"name\":\"Comment\",\"target\":[\"https:\\\/\\\/expressometro.mx\\\/index.php\\\/2023\\\/12\\\/03\\\/el-pri-esta-llamado-a-construir-patria\\\/#respond\"]}]},{\"@type\":\"WebPage\",\"@id\":\"https:\\\/\\\/expressometro.mx\\\/index.php\\\/2023\\\/12\\\/03\\\/el-pri-esta-llamado-a-construir-patria\\\/\",\"url\":\"https:\\\/\\\/expressometro.mx\\\/index.php\\\/2023\\\/12\\\/03\\\/el-pri-esta-llamado-a-construir-patria\\\/\",\"name\":\"EL PRI EST\u00c1 LLAMADO A CONSTRUIR PATRIA - Expresso Metropolitano\",\"isPartOf\":{\"@id\":\"https:\\\/\\\/expressometro.mx\\\/#website\"},\"primaryImageOfPage\":{\"@id\":\"https:\\\/\\\/expressometro.mx\\\/index.php\\\/2023\\\/12\\\/03\\\/el-pri-esta-llamado-a-construir-patria\\\/#primaryimage\"},\"image\":{\"@id\":\"https:\\\/\\\/expressometro.mx\\\/index.php\\\/2023\\\/12\\\/03\\\/el-pri-esta-llamado-a-construir-patria\\\/#primaryimage\"},\"thumbnailUrl\":\"https:\\\/\\\/expressometro.mx\\\/wp-content\\\/uploads\\\/2023\\\/12\\\/WhatsApp-Image-2023-12-03-at-4.23.50-PM.jpeg\",\"datePublished\":\"2023-12-04T03:26:30+00:00\",\"dateModified\":\"2023-12-04T03:26:31+00:00\",\"breadcrumb\":{\"@id\":\"https:\\\/\\\/expressometro.mx\\\/index.php\\\/2023\\\/12\\\/03\\\/el-pri-esta-llamado-a-construir-patria\\\/#breadcrumb\"},\"inLanguage\":\"es\",\"potentialAction\":[{\"@type\":\"ReadAction\",\"target\":[\"https:\\\/\\\/expressometro.mx\\\/index.php\\\/2023\\\/12\\\/03\\\/el-pri-esta-llamado-a-construir-patria\\\/\"]}]},{\"@type\":\"ImageObject\",\"inLanguage\":\"es\",\"@id\":\"https:\\\/\\\/expressometro.mx\\\/index.php\\\/2023\\\/12\\\/03\\\/el-pri-esta-llamado-a-construir-patria\\\/#primaryimage\",\"url\":\"https:\\\/\\\/expressometro.mx\\\/wp-content\\\/uploads\\\/2023\\\/12\\\/WhatsApp-Image-2023-12-03-at-4.23.50-PM.jpeg\",\"contentUrl\":\"https:\\\/\\\/expressometro.mx\\\/wp-content\\\/uploads\\\/2023\\\/12\\\/WhatsApp-Image-2023-12-03-at-4.23.50-PM.jpeg\",\"width\":1024,\"height\":596},{\"@type\":\"BreadcrumbList\",\"@id\":\"https:\\\/\\\/expressometro.mx\\\/index.php\\\/2023\\\/12\\\/03\\\/el-pri-esta-llamado-a-construir-patria\\\/#breadcrumb\",\"itemListElement\":[{\"@type\":\"ListItem\",\"position\":1,\"name\":\"Inicio\",\"item\":\"https:\\\/\\\/expressometro.mx\\\/\"},{\"@type\":\"ListItem\",\"position\":2,\"name\":\"EL PRI EST\u00c1 LLAMADO A CONSTRUIR PATRIA\"}]},{\"@type\":\"WebSite\",\"@id\":\"https:\\\/\\\/expressometro.mx\\\/#website\",\"url\":\"https:\\\/\\\/expressometro.mx\\\/\",\"name\":\"Expresso Metropolitano\",\"description\":\"Periodismo comprometido, informaci\u00f3n, investigaci\u00f3n y an\u00e1lisis\",\"publisher\":{\"@id\":\"https:\\\/\\\/expressometro.mx\\\/#organization\"},\"potentialAction\":[{\"@type\":\"SearchAction\",\"target\":{\"@type\":\"EntryPoint\",\"urlTemplate\":\"https:\\\/\\\/expressometro.mx\\\/?s={search_term_string}\"},\"query-input\":{\"@type\":\"PropertyValueSpecification\",\"valueRequired\":true,\"valueName\":\"search_term_string\"}}],\"inLanguage\":\"es\"},{\"@type\":\"Organization\",\"@id\":\"https:\\\/\\\/expressometro.mx\\\/#organization\",\"name\":\"Expresso Metropolitano\",\"url\":\"https:\\\/\\\/expressometro.mx\\\/\",\"logo\":{\"@type\":\"ImageObject\",\"inLanguage\":\"es\",\"@id\":\"https:\\\/\\\/expressometro.mx\\\/#\\\/schema\\\/logo\\\/image\\\/\",\"url\":\"https:\\\/\\\/expressometro.mx\\\/wp-content\\\/uploads\\\/2019\\\/07\\\/cropped-Logo-Expresso-Metropolitano-1-1.jpeg\",\"contentUrl\":\"https:\\\/\\\/expressometro.mx\\\/wp-content\\\/uploads\\\/2019\\\/07\\\/cropped-Logo-Expresso-Metropolitano-1-1.jpeg\",\"width\":290,\"height\":73,\"caption\":\"Expresso Metropolitano\"},\"image\":{\"@id\":\"https:\\\/\\\/expressometro.mx\\\/#\\\/schema\\\/logo\\\/image\\\/\"}},{\"@type\":\"Person\",\"@id\":\"https:\\\/\\\/expressometro.mx\\\/#\\\/schema\\\/person\\\/efa971b4a0664db8ed5c22b1b0dd2f5d\",\"name\":\"Expresso Metropolitano\",\"image\":{\"@type\":\"ImageObject\",\"inLanguage\":\"es\",\"@id\":\"https:\\\/\\\/secure.gravatar.com\\\/avatar\\\/a89f802b8de18c6952f223c88d3d106e9e3679839f4e25a02f4a6cc2ae6ba3b3?s=96&d=mm&r=g\",\"url\":\"https:\\\/\\\/secure.gravatar.com\\\/avatar\\\/a89f802b8de18c6952f223c88d3d106e9e3679839f4e25a02f4a6cc2ae6ba3b3?s=96&d=mm&r=g\",\"contentUrl\":\"https:\\\/\\\/secure.gravatar.com\\\/avatar\\\/a89f802b8de18c6952f223c88d3d106e9e3679839f4e25a02f4a6cc2ae6ba3b3?s=96&d=mm&r=g\",\"caption\":\"Expresso Metropolitano\"},\"url\":\"https:\\\/\\\/expressometro.mx\\\/index.php\\\/author\\\/diego\\\/\"}]}<\/script>\n<!-- \/ Yoast SEO plugin. -->","yoast_head_json":{"title":"EL PRI EST\u00c1 LLAMADO A CONSTRUIR PATRIA - Expresso Metropolitano","robots":{"index":"index","follow":"follow","max-snippet":"max-snippet:-1","max-image-preview":"max-image-preview:large","max-video-preview":"max-video-preview:-1"},"canonical":"https:\/\/expressometro.mx\/index.php\/2023\/12\/03\/el-pri-esta-llamado-a-construir-patria\/","og_locale":"es_MX","og_type":"article","og_title":"EL PRI EST\u00c1 LLAMADO A CONSTRUIR PATRIA - Expresso Metropolitano","og_description":"En su primer informe de actividades y de rendici\u00f3n de cuentas, el dirigente partidista sostuvo que en el Frente Amplio por M\u00e9xico \u201cestamos del lado correcto de la historia y nuestra lucha es por defender nuestra patria; esa lucha tendr\u00e1 un valor inconmensurable para nuestro pa\u00eds y para nuestras familias, con una militancia decidida y una ciudadan\u00eda bien orientada\u201d.","og_url":"https:\/\/expressometro.mx\/index.php\/2023\/12\/03\/el-pri-esta-llamado-a-construir-patria\/","og_site_name":"Expresso Metropolitano","article_published_time":"2023-12-04T03:26:30+00:00","article_modified_time":"2023-12-04T03:26:31+00:00","og_image":[{"width":1024,"height":596,"url":"http:\/\/expressometro.mx\/wp-content\/uploads\/2023\/12\/WhatsApp-Image-2023-12-03-at-4.23.50-PM.jpeg","type":"image\/jpeg"}],"author":"Expresso Metropolitano","twitter_misc":{"Escrito por":"Expresso Metropolitano","Tiempo de lectura":"2 minutos"},"schema":{"@context":"https:\/\/schema.org","@graph":[{"@type":"Article","@id":"https:\/\/expressometro.mx\/index.php\/2023\/12\/03\/el-pri-esta-llamado-a-construir-patria\/#article","isPartOf":{"@id":"https:\/\/expressometro.mx\/index.php\/2023\/12\/03\/el-pri-esta-llamado-a-construir-patria\/"},"author":{"name":"Expresso Metropolitano","@id":"https:\/\/expressometro.mx\/#\/schema\/person\/efa971b4a0664db8ed5c22b1b0dd2f5d"},"headline":"EL PRI EST\u00c1 LLAMADO A CONSTRUIR PATRIA","datePublished":"2023-12-04T03:26:30+00:00","dateModified":"2023-12-04T03:26:31+00:00","mainEntityOfPage":{"@id":"https:\/\/expressometro.mx\/index.php\/2023\/12\/03\/el-pri-esta-llamado-a-construir-patria\/"},"wordCount":345,"commentCount":0,"publisher":{"@id":"https:\/\/expressometro.mx\/#organization"},"image":{"@id":"https:\/\/expressometro.mx\/index.php\/2023\/12\/03\/el-pri-esta-llamado-a-construir-patria\/#primaryimage"},"thumbnailUrl":"https:\/\/expressometro.mx\/wp-content\/uploads\/2023\/12\/WhatsApp-Image-2023-12-03-at-4.23.50-PM.jpeg","keywords":["An\u00edbal Gonz\u00e1lez Pedraza","Edomex","PRI"],"articleSection":["Gobierno","Otros","Pol\u00edtica"],"inLanguage":"es","potentialAction":[{"@type":"CommentAction","name":"Comment","target":["https:\/\/expressometro.mx\/index.php\/2023\/12\/03\/el-pri-esta-llamado-a-construir-patria\/#respond"]}]},{"@type":"WebPage","@id":"https:\/\/expressometro.mx\/index.php\/2023\/12\/03\/el-pri-esta-llamado-a-construir-patria\/","url":"https:\/\/expressometro.mx\/index.php\/2023\/12\/03\/el-pri-esta-llamado-a-construir-patria\/","name":"EL PRI EST\u00c1 LLAMADO A CONSTRUIR PATRIA - Expresso Metropolitano","isPartOf":{"@id":"https:\/\/expressometro.mx\/#website"},"primaryImageOfPage":{"@id":"https:\/\/expressometro.mx\/index.php\/2023\/12\/03\/el-pri-esta-llamado-a-construir-patria\/#primaryimage"},"image":{"@id":"https:\/\/expressometro.mx\/index.php\/2023\/12\/03\/el-pri-esta-llamado-a-construir-patria\/#primaryimage"},"thumbnailUrl":"https:\/\/expressometro.mx\/wp-content\/uploads\/2023\/12\/WhatsApp-Image-2023-12-03-at-4.23.50-PM.jpeg","datePublished":"2023-12-04T03:26:30+00:00","dateModified":"2023-12-04T03:26:31+00:00","breadcrumb":{"@id":"https:\/\/expressometro.mx\/index.php\/2023\/12\/03\/el-pri-esta-llamado-a-construir-patria\/#breadcrumb"},"inLanguage":"es","potentialAction":[{"@type":"ReadAction","target":["https:\/\/expressometro.mx\/index.php\/2023\/12\/03\/el-pri-esta-llamado-a-construir-patria\/"]}]},{"@type":"ImageObject","inLanguage":"es","@id":"https:\/\/expressometro.mx\/index.php\/2023\/12\/03\/el-pri-esta-llamado-a-construir-patria\/#primaryimage","url":"https:\/\/expressometro.mx\/wp-content\/uploads\/2023\/12\/WhatsApp-Image-2023-12-03-at-4.23.50-PM.jpeg","contentUrl":"https:\/\/expressometro.mx\/wp-content\/uploads\/2023\/12\/WhatsApp-Image-2023-12-03-at-4.23.50-PM.jpeg","width":1024,"height":596},{"@type":"BreadcrumbList","@id":"https:\/\/expressometro.mx\/index.php\/2023\/12\/03\/el-pri-esta-llamado-a-construir-patria\/#breadcrumb","itemListElement":[{"@type":"ListItem","position":1,"name":"Inicio","item":"https:\/\/expressometro.mx\/"},{"@type":"ListItem","position":2,"name":"EL PRI EST\u00c1 LLAMADO A CONSTRUIR PATRIA"}]},{"@type":"WebSite","@id":"https:\/\/expressometro.mx\/#website","url":"https:\/\/expressometro.mx\/","name":"Expresso Metropolitano","description":"Periodismo comprometido, informaci\u00f3n, investigaci\u00f3n y an\u00e1lisis","publisher":{"@id":"https:\/\/expressometro.mx\/#organization"},"potentialAction":[{"@type":"SearchAction","target":{"@type":"EntryPoint","urlTemplate":"https:\/\/expressometro.mx\/?s={search_term_string}"},"query-input":{"@type":"PropertyValueSpecification","valueRequired":true,"valueName":"search_term_string"}}],"inLanguage":"es"},{"@type":"Organization","@id":"https:\/\/expressometro.mx\/#organization","name":"Expresso Metropolitano","url":"https:\/\/expressometro.mx\/","logo":{"@type":"ImageObject","inLanguage":"es","@id":"https:\/\/expressometro.mx\/#\/schema\/logo\/image\/","url":"https:\/\/expressometro.mx\/wp-content\/uploads\/2019\/07\/cropped-Logo-Expresso-Metropolitano-1-1.jpeg","contentUrl":"https:\/\/expressometro.mx\/wp-content\/uploads\/2019\/07\/cropped-Logo-Expresso-Metropolitano-1-1.jpeg","width":290,"height":73,"caption":"Expresso Metropolitano"},"image":{"@id":"https:\/\/expressometro.mx\/#\/schema\/logo\/image\/"}},{"@type":"Person","@id":"https:\/\/expressometro.mx\/#\/schema\/person\/efa971b4a0664db8ed5c22b1b0dd2f5d","name":"Expresso Metropolitano","image":{"@type":"ImageObject","inLanguage":"es","@id":"https:\/\/secure.gravatar.com\/avatar\/a89f802b8de18c6952f223c88d3d106e9e3679839f4e25a02f4a6cc2ae6ba3b3?s=96&d=mm&r=g","url":"https:\/\/secure.gravatar.com\/avatar\/a89f802b8de18c6952f223c88d3d106e9e3679839f4e25a02f4a6cc2ae6ba3b3?s=96&d=mm&r=g","contentUrl":"https:\/\/secure.gravatar.com\/avatar\/a89f802b8de18c6952f223c88d3d106e9e3679839f4e25a02f4a6cc2ae6ba3b3?s=96&d=mm&r=g","caption":"Expresso Metropolitano"},"url":"https:\/\/expressometro.mx\/index.php\/author\/diego\/"}]}},"amp_enabled":true,"_links":{"self":[{"href":"https:\/\/expressometro.mx\/index.php\/wp-json\/wp\/v2\/posts\/8413","targetHints":{"allow":["GET"]}}],"collection":[{"href":"https:\/\/expressometro.mx\/index.php\/wp-json\/wp\/v2\/posts"}],"about":[{"href":"https:\/\/expressometro.mx\/index.php\/wp-json\/wp\/v2\/types\/post"}],"author":[{"embeddable":true,"href":"https:\/\/expressometro.mx\/index.php\/wp-json\/wp\/v2\/users\/1"}],"replies":[{"embeddable":true,"href":"https:\/\/expressometro.mx\/index.php\/wp-json\/wp\/v2\/comments?post=8413"}],"version-history":[{"count":1,"href":"https:\/\/expressometro.mx\/index.php\/wp-json\/wp\/v2\/posts\/8413\/revisions"}],"predecessor-version":[{"id":8416,"href":"https:\/\/expressometro.mx\/index.php\/wp-json\/wp\/v2\/posts\/8413\/revisions\/8416"}],"wp:featuredmedia":[{"embeddable":true,"href":"https:\/\/expressometro.mx\/index.php\/wp-json\/wp\/v2\/media\/8415"}],"wp:attachment":[{"href":"https:\/\/expressometro.mx\/index.php\/wp-json\/wp\/v2\/media?parent=8413"}],"wp:term":[{"taxonomy":"category","embeddable":true,"href":"https:\/\/expressometro.mx\/index.php\/wp-json\/wp\/v2\/categories?post=8413"},{"taxonomy":"post_tag","embeddable":true,"href":"https:\/\/expressometro.mx\/index.php\/wp-json\/wp\/v2\/tags?post=8413"}],"curies":[{"name":"wp","href":"https:\/\/api.w.org\/{rel}","templated":true}]}}