{"id":8386,"date":"2023-11-27T23:38:11","date_gmt":"2023-11-28T05:38:11","guid":{"rendered":"https:\/\/expressometro.mx\/?p=8386"},"modified":"2023-11-29T23:42:28","modified_gmt":"2023-11-30T05:42:28","slug":"facultad-de-artes-de-la-uaemex-referente-en-la-formacion-artistica-de-la-entidad","status":"publish","type":"post","link":"https:\/\/expressometro.mx\/index.php\/2023\/11\/27\/facultad-de-artes-de-la-uaemex-referente-en-la-formacion-artistica-de-la-entidad\/","title":{"rendered":"FACULTAD DE ARTES DE LA UAEM\u00c9X, REFERENTE EN LA FORMACI\u00d3N ART\u00cdSTICA DE LA ENTIDAD"},"content":{"rendered":"\n<p><\/p>\n\n\n\n<p>* Previo al informe de directora de la Facultad de Artes, el rector de la UAEM\u00e9x Carlos Eduardo Barrera D\u00edaz, coloc\u00f3 la primera piedra de la construcci\u00f3n de Cub\u00edculos para profesores de tiempo completo y Sala de Maestros en el Primer Nivel del Edificio \u201cC\u201d.<\/p>\n\n\n\n<p>Desde sus or\u00edgenes, la Facultad de Artes de la Universidad Aut\u00f3noma del Estado de M\u00e9xico (UAEM\u00e9x) se ha convertido en referente para la formaci\u00f3n de artistas visuales e investigadores en el campo de las artes, afirm\u00f3 el rector, Carlos Eduardo Barrera D\u00edaz, al encabezar el Primer Informe de actividades de la directora de este organismo acad\u00e9mico, Ana Lilia Cruz Pais.<\/p>\n\n\n\n<p>Ante los miembros de los consejos Acad\u00e9mico y de Gobierno de la Facultad, integrantes del gabinete universitario, ex directores, invitados especiales, as\u00ed como estudiantes, docentes y trabajadores administrativos, Barrera D\u00edaz destac\u00f3 que la actual administraci\u00f3n de este espacio acad\u00e9mico ha logrado disminuir el \u00edndice de deserci\u00f3n escolar un 3.4 por ciento y la matr\u00edcula de sus programas de licenciatura est\u00e1 cerca de duplicarse al pasar de 381 estudiantes en 2018 a 642 en 2023.<\/p>\n\n\n\n<p>\u201cLas y los invit\u00f3 a que contin\u00faen dibujando y escribiendo la historia de la Facultad de Artes, con toda la pasi\u00f3n y la energ\u00eda que caracteriza a las y los artistas universitarios\u201d, abund\u00f3.<\/p>\n\n\n\n<p>Previo a la rendici\u00f3n del informe, Barrera D\u00edaz coloc\u00f3 la primera piedra de la construcci\u00f3n de Cub\u00edculos para profesores de tiempo completo y Sala de Maestros en el Primer Nivel del Edificio \u201cC\u201d. Adem\u00e1s, se inaugur\u00f3 el Laboratorio Digital de Idiomas equipado con 10 computadoras; de igual forma, hizo entrega de 20 soportes de animaci\u00f3n, tres kits de iluminaci\u00f3n, equipamiento para el Taller de Escultura y un rellenador de agua en beneficio del estudiantado.<\/p>\n\n\n\n<p>Por su parte, la directora Ana Lilia Cruz Pais, destac\u00f3 que a fin de mantener acciones congruentes que contribuyan con el fortalecimiento acad\u00e9mico, el personal administrativo y docente actualizan sus conocimientos a trav\u00e9s de cursos y seminarios ofertados por la Aut\u00f3noma mexiquense.<\/p>\n\n\n\n<p>Adem\u00e1s, durante el periodo que se informa, se adquirieron herramientas para los talleres de producci\u00f3n, se actualiz\u00f3 el equipamiento de las aulas con pantallas inteligentes, computadoras y proyectores.&nbsp;&nbsp;&nbsp;&nbsp;&nbsp;&nbsp;&nbsp;<\/p>\n\n\n\n<p>La servidora universitaria, destac\u00f3 la participaci\u00f3n de la Facultad de Artes en la Red de Colaboraciones Art\u00edsticas Internacionales (INTAC), donde el alumnado de estudios profesionales viaj\u00f3 a Berl\u00edn para participar en la exposici\u00f3n que organiza anualmente.<\/p>\n\n\n\n<p>Durante el periodo que se informa y con el prop\u00f3sito de contribuir a la equidad de g\u00e9nero, en conmemoraci\u00f3n del D\u00eda Internacional de la Mujer, se realizaron muestras art\u00edsticas, presentaci\u00f3n de cortometrajes y difusi\u00f3n de diversas actividades.<\/p>\n\n\n\n<p>Al acto, acudieron la secretaria de Administraci\u00f3n, Er\u00e9ndira Fierro Moreno, la secretaria de Planeaci\u00f3n y Desarrollo Institucional, Mar\u00eda Esther Aurora Lara Vega, la Directora General de Comunicaci\u00f3n Universitaria, Ginarely Valencia Alc\u00e1ntara e invitados especiales como la directora del Museo de la Estampa, Alejandra Abraham Arqu\u00edn, la directora del Museo de Bellas Artes, Lourdes Malag\u00f3n Alb\u00edn y el director de la Cineteca Mexiquense, No\u00e9 Tovar Soto.<\/p>\n","protected":false},"excerpt":{"rendered":"<p> Previo al informe de directora de la Facultad de Artes, el rector de la UAEM\u00e9x Carlos Eduardo Barrera D\u00edaz, coloc\u00f3 la primera piedra de la construcci\u00f3n de Cub\u00edculos para profesores de tiempo completo y Sala de Maestros en el Primer Nivel del Edificio \u201cC\u201d.<\/p>\n","protected":false},"author":1,"featured_media":8389,"comment_status":"open","ping_status":"open","sticky":false,"template":"","format":"standard","meta":{"footnotes":""},"categories":[108,3,231],"tags":[313,1982,86,82],"class_list":["post-8386","post","type-post","status-publish","format-standard","has-post-thumbnail","hentry","category-educacion","category-gobierno","category-politica","tag-carlos-eduardo-barrera-diaz","tag-edomex","tag-gem","tag-uaemex"],"yoast_head":"<!-- This site is optimized with the Yoast SEO plugin v27.4 - https:\/\/yoast.com\/product\/yoast-seo-wordpress\/ -->\n<title>FACULTAD DE ARTES DE LA UAEM\u00c9X, REFERENTE EN LA FORMACI\u00d3N ART\u00cdSTICA DE LA ENTIDAD - Expresso Metropolitano<\/title>\n<meta name=\"robots\" content=\"index, follow, max-snippet:-1, max-image-preview:large, max-video-preview:-1\" \/>\n<link rel=\"canonical\" href=\"https:\/\/expressometro.mx\/index.php\/2023\/11\/27\/facultad-de-artes-de-la-uaemex-referente-en-la-formacion-artistica-de-la-entidad\/\" \/>\n<meta property=\"og:locale\" content=\"es_MX\" \/>\n<meta property=\"og:type\" content=\"article\" \/>\n<meta property=\"og:title\" content=\"FACULTAD DE ARTES DE LA UAEM\u00c9X, REFERENTE EN LA FORMACI\u00d3N ART\u00cdSTICA DE LA ENTIDAD - Expresso Metropolitano\" \/>\n<meta property=\"og:description\" content=\"Previo al informe de directora de la Facultad de Artes, el rector de la UAEM\u00e9x Carlos Eduardo Barrera D\u00edaz, coloc\u00f3 la primera piedra de la construcci\u00f3n de Cub\u00edculos para profesores de tiempo completo y Sala de Maestros en el Primer Nivel del Edificio \u201cC\u201d.\" \/>\n<meta property=\"og:url\" content=\"https:\/\/expressometro.mx\/index.php\/2023\/11\/27\/facultad-de-artes-de-la-uaemex-referente-en-la-formacion-artistica-de-la-entidad\/\" \/>\n<meta property=\"og:site_name\" content=\"Expresso Metropolitano\" \/>\n<meta property=\"article:published_time\" content=\"2023-11-28T05:38:11+00:00\" \/>\n<meta property=\"article:modified_time\" content=\"2023-11-30T05:42:28+00:00\" \/>\n<meta property=\"og:image\" content=\"http:\/\/expressometro.mx\/wp-content\/uploads\/2023\/11\/UAEM-Facultad-de-artes-271123-1-1.jpg\" \/>\n\t<meta property=\"og:image:width\" content=\"800\" \/>\n\t<meta property=\"og:image:height\" content=\"533\" \/>\n\t<meta property=\"og:image:type\" content=\"image\/jpeg\" \/>\n<meta name=\"author\" content=\"Expresso Metropolitano\" \/>\n<meta name=\"twitter:label1\" content=\"Escrito por\" \/>\n\t<meta name=\"twitter:data1\" content=\"Expresso Metropolitano\" \/>\n\t<meta name=\"twitter:label2\" content=\"Tiempo de lectura\" \/>\n\t<meta name=\"twitter:data2\" content=\"3 minutos\" \/>\n<script type=\"application\/ld+json\" class=\"yoast-schema-graph\">{\"@context\":\"https:\\\/\\\/schema.org\",\"@graph\":[{\"@type\":\"Article\",\"@id\":\"https:\\\/\\\/expressometro.mx\\\/index.php\\\/2023\\\/11\\\/27\\\/facultad-de-artes-de-la-uaemex-referente-en-la-formacion-artistica-de-la-entidad\\\/#article\",\"isPartOf\":{\"@id\":\"https:\\\/\\\/expressometro.mx\\\/index.php\\\/2023\\\/11\\\/27\\\/facultad-de-artes-de-la-uaemex-referente-en-la-formacion-artistica-de-la-entidad\\\/\"},\"author\":{\"name\":\"Expresso Metropolitano\",\"@id\":\"https:\\\/\\\/expressometro.mx\\\/#\\\/schema\\\/person\\\/efa971b4a0664db8ed5c22b1b0dd2f5d\"},\"headline\":\"FACULTAD DE ARTES DE LA UAEM\u00c9X, REFERENTE EN LA FORMACI\u00d3N ART\u00cdSTICA DE LA ENTIDAD\",\"datePublished\":\"2023-11-28T05:38:11+00:00\",\"dateModified\":\"2023-11-30T05:42:28+00:00\",\"mainEntityOfPage\":{\"@id\":\"https:\\\/\\\/expressometro.mx\\\/index.php\\\/2023\\\/11\\\/27\\\/facultad-de-artes-de-la-uaemex-referente-en-la-formacion-artistica-de-la-entidad\\\/\"},\"wordCount\":562,\"commentCount\":0,\"publisher\":{\"@id\":\"https:\\\/\\\/expressometro.mx\\\/#organization\"},\"image\":{\"@id\":\"https:\\\/\\\/expressometro.mx\\\/index.php\\\/2023\\\/11\\\/27\\\/facultad-de-artes-de-la-uaemex-referente-en-la-formacion-artistica-de-la-entidad\\\/#primaryimage\"},\"thumbnailUrl\":\"https:\\\/\\\/expressometro.mx\\\/wp-content\\\/uploads\\\/2023\\\/11\\\/UAEM-Facultad-de-artes-271123-1-1.jpg\",\"keywords\":[\"Carlos Eduardo Barrera D\u00edaz\",\"Edomex\",\"GEM\",\"UAEMex\"],\"articleSection\":[\"Educaci\u00f3n\",\"Gobierno\",\"Pol\u00edtica\"],\"inLanguage\":\"es\",\"potentialAction\":[{\"@type\":\"CommentAction\",\"name\":\"Comment\",\"target\":[\"https:\\\/\\\/expressometro.mx\\\/index.php\\\/2023\\\/11\\\/27\\\/facultad-de-artes-de-la-uaemex-referente-en-la-formacion-artistica-de-la-entidad\\\/#respond\"]}]},{\"@type\":\"WebPage\",\"@id\":\"https:\\\/\\\/expressometro.mx\\\/index.php\\\/2023\\\/11\\\/27\\\/facultad-de-artes-de-la-uaemex-referente-en-la-formacion-artistica-de-la-entidad\\\/\",\"url\":\"https:\\\/\\\/expressometro.mx\\\/index.php\\\/2023\\\/11\\\/27\\\/facultad-de-artes-de-la-uaemex-referente-en-la-formacion-artistica-de-la-entidad\\\/\",\"name\":\"FACULTAD DE ARTES DE LA UAEM\u00c9X, REFERENTE EN LA FORMACI\u00d3N ART\u00cdSTICA DE LA ENTIDAD - Expresso Metropolitano\",\"isPartOf\":{\"@id\":\"https:\\\/\\\/expressometro.mx\\\/#website\"},\"primaryImageOfPage\":{\"@id\":\"https:\\\/\\\/expressometro.mx\\\/index.php\\\/2023\\\/11\\\/27\\\/facultad-de-artes-de-la-uaemex-referente-en-la-formacion-artistica-de-la-entidad\\\/#primaryimage\"},\"image\":{\"@id\":\"https:\\\/\\\/expressometro.mx\\\/index.php\\\/2023\\\/11\\\/27\\\/facultad-de-artes-de-la-uaemex-referente-en-la-formacion-artistica-de-la-entidad\\\/#primaryimage\"},\"thumbnailUrl\":\"https:\\\/\\\/expressometro.mx\\\/wp-content\\\/uploads\\\/2023\\\/11\\\/UAEM-Facultad-de-artes-271123-1-1.jpg\",\"datePublished\":\"2023-11-28T05:38:11+00:00\",\"dateModified\":\"2023-11-30T05:42:28+00:00\",\"breadcrumb\":{\"@id\":\"https:\\\/\\\/expressometro.mx\\\/index.php\\\/2023\\\/11\\\/27\\\/facultad-de-artes-de-la-uaemex-referente-en-la-formacion-artistica-de-la-entidad\\\/#breadcrumb\"},\"inLanguage\":\"es\",\"potentialAction\":[{\"@type\":\"ReadAction\",\"target\":[\"https:\\\/\\\/expressometro.mx\\\/index.php\\\/2023\\\/11\\\/27\\\/facultad-de-artes-de-la-uaemex-referente-en-la-formacion-artistica-de-la-entidad\\\/\"]}]},{\"@type\":\"ImageObject\",\"inLanguage\":\"es\",\"@id\":\"https:\\\/\\\/expressometro.mx\\\/index.php\\\/2023\\\/11\\\/27\\\/facultad-de-artes-de-la-uaemex-referente-en-la-formacion-artistica-de-la-entidad\\\/#primaryimage\",\"url\":\"https:\\\/\\\/expressometro.mx\\\/wp-content\\\/uploads\\\/2023\\\/11\\\/UAEM-Facultad-de-artes-271123-1-1.jpg\",\"contentUrl\":\"https:\\\/\\\/expressometro.mx\\\/wp-content\\\/uploads\\\/2023\\\/11\\\/UAEM-Facultad-de-artes-271123-1-1.jpg\",\"width\":800,\"height\":533},{\"@type\":\"BreadcrumbList\",\"@id\":\"https:\\\/\\\/expressometro.mx\\\/index.php\\\/2023\\\/11\\\/27\\\/facultad-de-artes-de-la-uaemex-referente-en-la-formacion-artistica-de-la-entidad\\\/#breadcrumb\",\"itemListElement\":[{\"@type\":\"ListItem\",\"position\":1,\"name\":\"Inicio\",\"item\":\"https:\\\/\\\/expressometro.mx\\\/\"},{\"@type\":\"ListItem\",\"position\":2,\"name\":\"FACULTAD DE ARTES DE LA UAEM\u00c9X, REFERENTE EN LA FORMACI\u00d3N ART\u00cdSTICA DE LA ENTIDAD\"}]},{\"@type\":\"WebSite\",\"@id\":\"https:\\\/\\\/expressometro.mx\\\/#website\",\"url\":\"https:\\\/\\\/expressometro.mx\\\/\",\"name\":\"Expresso Metropolitano\",\"description\":\"Periodismo comprometido, informaci\u00f3n, investigaci\u00f3n y an\u00e1lisis\",\"publisher\":{\"@id\":\"https:\\\/\\\/expressometro.mx\\\/#organization\"},\"potentialAction\":[{\"@type\":\"SearchAction\",\"target\":{\"@type\":\"EntryPoint\",\"urlTemplate\":\"https:\\\/\\\/expressometro.mx\\\/?s={search_term_string}\"},\"query-input\":{\"@type\":\"PropertyValueSpecification\",\"valueRequired\":true,\"valueName\":\"search_term_string\"}}],\"inLanguage\":\"es\"},{\"@type\":\"Organization\",\"@id\":\"https:\\\/\\\/expressometro.mx\\\/#organization\",\"name\":\"Expresso Metropolitano\",\"url\":\"https:\\\/\\\/expressometro.mx\\\/\",\"logo\":{\"@type\":\"ImageObject\",\"inLanguage\":\"es\",\"@id\":\"https:\\\/\\\/expressometro.mx\\\/#\\\/schema\\\/logo\\\/image\\\/\",\"url\":\"https:\\\/\\\/expressometro.mx\\\/wp-content\\\/uploads\\\/2019\\\/07\\\/cropped-Logo-Expresso-Metropolitano-1-1.jpeg\",\"contentUrl\":\"https:\\\/\\\/expressometro.mx\\\/wp-content\\\/uploads\\\/2019\\\/07\\\/cropped-Logo-Expresso-Metropolitano-1-1.jpeg\",\"width\":290,\"height\":73,\"caption\":\"Expresso Metropolitano\"},\"image\":{\"@id\":\"https:\\\/\\\/expressometro.mx\\\/#\\\/schema\\\/logo\\\/image\\\/\"}},{\"@type\":\"Person\",\"@id\":\"https:\\\/\\\/expressometro.mx\\\/#\\\/schema\\\/person\\\/efa971b4a0664db8ed5c22b1b0dd2f5d\",\"name\":\"Expresso Metropolitano\",\"image\":{\"@type\":\"ImageObject\",\"inLanguage\":\"es\",\"@id\":\"https:\\\/\\\/secure.gravatar.com\\\/avatar\\\/a89f802b8de18c6952f223c88d3d106e9e3679839f4e25a02f4a6cc2ae6ba3b3?s=96&d=mm&r=g\",\"url\":\"https:\\\/\\\/secure.gravatar.com\\\/avatar\\\/a89f802b8de18c6952f223c88d3d106e9e3679839f4e25a02f4a6cc2ae6ba3b3?s=96&d=mm&r=g\",\"contentUrl\":\"https:\\\/\\\/secure.gravatar.com\\\/avatar\\\/a89f802b8de18c6952f223c88d3d106e9e3679839f4e25a02f4a6cc2ae6ba3b3?s=96&d=mm&r=g\",\"caption\":\"Expresso Metropolitano\"},\"url\":\"https:\\\/\\\/expressometro.mx\\\/index.php\\\/author\\\/diego\\\/\"}]}<\/script>\n<!-- \/ Yoast SEO plugin. -->","yoast_head_json":{"title":"FACULTAD DE ARTES DE LA UAEM\u00c9X, REFERENTE EN LA FORMACI\u00d3N ART\u00cdSTICA DE LA ENTIDAD - Expresso Metropolitano","robots":{"index":"index","follow":"follow","max-snippet":"max-snippet:-1","max-image-preview":"max-image-preview:large","max-video-preview":"max-video-preview:-1"},"canonical":"https:\/\/expressometro.mx\/index.php\/2023\/11\/27\/facultad-de-artes-de-la-uaemex-referente-en-la-formacion-artistica-de-la-entidad\/","og_locale":"es_MX","og_type":"article","og_title":"FACULTAD DE ARTES DE LA UAEM\u00c9X, REFERENTE EN LA FORMACI\u00d3N ART\u00cdSTICA DE LA ENTIDAD - Expresso Metropolitano","og_description":"Previo al informe de directora de la Facultad de Artes, el rector de la UAEM\u00e9x Carlos Eduardo Barrera D\u00edaz, coloc\u00f3 la primera piedra de la construcci\u00f3n de Cub\u00edculos para profesores de tiempo completo y Sala de Maestros en el Primer Nivel del Edificio \u201cC\u201d.","og_url":"https:\/\/expressometro.mx\/index.php\/2023\/11\/27\/facultad-de-artes-de-la-uaemex-referente-en-la-formacion-artistica-de-la-entidad\/","og_site_name":"Expresso Metropolitano","article_published_time":"2023-11-28T05:38:11+00:00","article_modified_time":"2023-11-30T05:42:28+00:00","og_image":[{"width":800,"height":533,"url":"http:\/\/expressometro.mx\/wp-content\/uploads\/2023\/11\/UAEM-Facultad-de-artes-271123-1-1.jpg","type":"image\/jpeg"}],"author":"Expresso Metropolitano","twitter_misc":{"Escrito por":"Expresso Metropolitano","Tiempo de lectura":"3 minutos"},"schema":{"@context":"https:\/\/schema.org","@graph":[{"@type":"Article","@id":"https:\/\/expressometro.mx\/index.php\/2023\/11\/27\/facultad-de-artes-de-la-uaemex-referente-en-la-formacion-artistica-de-la-entidad\/#article","isPartOf":{"@id":"https:\/\/expressometro.mx\/index.php\/2023\/11\/27\/facultad-de-artes-de-la-uaemex-referente-en-la-formacion-artistica-de-la-entidad\/"},"author":{"name":"Expresso Metropolitano","@id":"https:\/\/expressometro.mx\/#\/schema\/person\/efa971b4a0664db8ed5c22b1b0dd2f5d"},"headline":"FACULTAD DE ARTES DE LA UAEM\u00c9X, REFERENTE EN LA FORMACI\u00d3N ART\u00cdSTICA DE LA ENTIDAD","datePublished":"2023-11-28T05:38:11+00:00","dateModified":"2023-11-30T05:42:28+00:00","mainEntityOfPage":{"@id":"https:\/\/expressometro.mx\/index.php\/2023\/11\/27\/facultad-de-artes-de-la-uaemex-referente-en-la-formacion-artistica-de-la-entidad\/"},"wordCount":562,"commentCount":0,"publisher":{"@id":"https:\/\/expressometro.mx\/#organization"},"image":{"@id":"https:\/\/expressometro.mx\/index.php\/2023\/11\/27\/facultad-de-artes-de-la-uaemex-referente-en-la-formacion-artistica-de-la-entidad\/#primaryimage"},"thumbnailUrl":"https:\/\/expressometro.mx\/wp-content\/uploads\/2023\/11\/UAEM-Facultad-de-artes-271123-1-1.jpg","keywords":["Carlos Eduardo Barrera D\u00edaz","Edomex","GEM","UAEMex"],"articleSection":["Educaci\u00f3n","Gobierno","Pol\u00edtica"],"inLanguage":"es","potentialAction":[{"@type":"CommentAction","name":"Comment","target":["https:\/\/expressometro.mx\/index.php\/2023\/11\/27\/facultad-de-artes-de-la-uaemex-referente-en-la-formacion-artistica-de-la-entidad\/#respond"]}]},{"@type":"WebPage","@id":"https:\/\/expressometro.mx\/index.php\/2023\/11\/27\/facultad-de-artes-de-la-uaemex-referente-en-la-formacion-artistica-de-la-entidad\/","url":"https:\/\/expressometro.mx\/index.php\/2023\/11\/27\/facultad-de-artes-de-la-uaemex-referente-en-la-formacion-artistica-de-la-entidad\/","name":"FACULTAD DE ARTES DE LA UAEM\u00c9X, REFERENTE EN LA FORMACI\u00d3N ART\u00cdSTICA DE LA ENTIDAD - Expresso Metropolitano","isPartOf":{"@id":"https:\/\/expressometro.mx\/#website"},"primaryImageOfPage":{"@id":"https:\/\/expressometro.mx\/index.php\/2023\/11\/27\/facultad-de-artes-de-la-uaemex-referente-en-la-formacion-artistica-de-la-entidad\/#primaryimage"},"image":{"@id":"https:\/\/expressometro.mx\/index.php\/2023\/11\/27\/facultad-de-artes-de-la-uaemex-referente-en-la-formacion-artistica-de-la-entidad\/#primaryimage"},"thumbnailUrl":"https:\/\/expressometro.mx\/wp-content\/uploads\/2023\/11\/UAEM-Facultad-de-artes-271123-1-1.jpg","datePublished":"2023-11-28T05:38:11+00:00","dateModified":"2023-11-30T05:42:28+00:00","breadcrumb":{"@id":"https:\/\/expressometro.mx\/index.php\/2023\/11\/27\/facultad-de-artes-de-la-uaemex-referente-en-la-formacion-artistica-de-la-entidad\/#breadcrumb"},"inLanguage":"es","potentialAction":[{"@type":"ReadAction","target":["https:\/\/expressometro.mx\/index.php\/2023\/11\/27\/facultad-de-artes-de-la-uaemex-referente-en-la-formacion-artistica-de-la-entidad\/"]}]},{"@type":"ImageObject","inLanguage":"es","@id":"https:\/\/expressometro.mx\/index.php\/2023\/11\/27\/facultad-de-artes-de-la-uaemex-referente-en-la-formacion-artistica-de-la-entidad\/#primaryimage","url":"https:\/\/expressometro.mx\/wp-content\/uploads\/2023\/11\/UAEM-Facultad-de-artes-271123-1-1.jpg","contentUrl":"https:\/\/expressometro.mx\/wp-content\/uploads\/2023\/11\/UAEM-Facultad-de-artes-271123-1-1.jpg","width":800,"height":533},{"@type":"BreadcrumbList","@id":"https:\/\/expressometro.mx\/index.php\/2023\/11\/27\/facultad-de-artes-de-la-uaemex-referente-en-la-formacion-artistica-de-la-entidad\/#breadcrumb","itemListElement":[{"@type":"ListItem","position":1,"name":"Inicio","item":"https:\/\/expressometro.mx\/"},{"@type":"ListItem","position":2,"name":"FACULTAD DE ARTES DE LA UAEM\u00c9X, REFERENTE EN LA FORMACI\u00d3N ART\u00cdSTICA DE LA ENTIDAD"}]},{"@type":"WebSite","@id":"https:\/\/expressometro.mx\/#website","url":"https:\/\/expressometro.mx\/","name":"Expresso Metropolitano","description":"Periodismo comprometido, informaci\u00f3n, investigaci\u00f3n y an\u00e1lisis","publisher":{"@id":"https:\/\/expressometro.mx\/#organization"},"potentialAction":[{"@type":"SearchAction","target":{"@type":"EntryPoint","urlTemplate":"https:\/\/expressometro.mx\/?s={search_term_string}"},"query-input":{"@type":"PropertyValueSpecification","valueRequired":true,"valueName":"search_term_string"}}],"inLanguage":"es"},{"@type":"Organization","@id":"https:\/\/expressometro.mx\/#organization","name":"Expresso Metropolitano","url":"https:\/\/expressometro.mx\/","logo":{"@type":"ImageObject","inLanguage":"es","@id":"https:\/\/expressometro.mx\/#\/schema\/logo\/image\/","url":"https:\/\/expressometro.mx\/wp-content\/uploads\/2019\/07\/cropped-Logo-Expresso-Metropolitano-1-1.jpeg","contentUrl":"https:\/\/expressometro.mx\/wp-content\/uploads\/2019\/07\/cropped-Logo-Expresso-Metropolitano-1-1.jpeg","width":290,"height":73,"caption":"Expresso Metropolitano"},"image":{"@id":"https:\/\/expressometro.mx\/#\/schema\/logo\/image\/"}},{"@type":"Person","@id":"https:\/\/expressometro.mx\/#\/schema\/person\/efa971b4a0664db8ed5c22b1b0dd2f5d","name":"Expresso Metropolitano","image":{"@type":"ImageObject","inLanguage":"es","@id":"https:\/\/secure.gravatar.com\/avatar\/a89f802b8de18c6952f223c88d3d106e9e3679839f4e25a02f4a6cc2ae6ba3b3?s=96&d=mm&r=g","url":"https:\/\/secure.gravatar.com\/avatar\/a89f802b8de18c6952f223c88d3d106e9e3679839f4e25a02f4a6cc2ae6ba3b3?s=96&d=mm&r=g","contentUrl":"https:\/\/secure.gravatar.com\/avatar\/a89f802b8de18c6952f223c88d3d106e9e3679839f4e25a02f4a6cc2ae6ba3b3?s=96&d=mm&r=g","caption":"Expresso Metropolitano"},"url":"https:\/\/expressometro.mx\/index.php\/author\/diego\/"}]}},"amp_enabled":true,"_links":{"self":[{"href":"https:\/\/expressometro.mx\/index.php\/wp-json\/wp\/v2\/posts\/8386","targetHints":{"allow":["GET"]}}],"collection":[{"href":"https:\/\/expressometro.mx\/index.php\/wp-json\/wp\/v2\/posts"}],"about":[{"href":"https:\/\/expressometro.mx\/index.php\/wp-json\/wp\/v2\/types\/post"}],"author":[{"embeddable":true,"href":"https:\/\/expressometro.mx\/index.php\/wp-json\/wp\/v2\/users\/1"}],"replies":[{"embeddable":true,"href":"https:\/\/expressometro.mx\/index.php\/wp-json\/wp\/v2\/comments?post=8386"}],"version-history":[{"count":1,"href":"https:\/\/expressometro.mx\/index.php\/wp-json\/wp\/v2\/posts\/8386\/revisions"}],"predecessor-version":[{"id":8390,"href":"https:\/\/expressometro.mx\/index.php\/wp-json\/wp\/v2\/posts\/8386\/revisions\/8390"}],"wp:featuredmedia":[{"embeddable":true,"href":"https:\/\/expressometro.mx\/index.php\/wp-json\/wp\/v2\/media\/8389"}],"wp:attachment":[{"href":"https:\/\/expressometro.mx\/index.php\/wp-json\/wp\/v2\/media?parent=8386"}],"wp:term":[{"taxonomy":"category","embeddable":true,"href":"https:\/\/expressometro.mx\/index.php\/wp-json\/wp\/v2\/categories?post=8386"},{"taxonomy":"post_tag","embeddable":true,"href":"https:\/\/expressometro.mx\/index.php\/wp-json\/wp\/v2\/tags?post=8386"}],"curies":[{"name":"wp","href":"https:\/\/api.w.org\/{rel}","templated":true}]}}