{"id":8381,"date":"2023-11-27T22:27:49","date_gmt":"2023-11-28T04:27:49","guid":{"rendered":"https:\/\/expressometro.mx\/?p=8381"},"modified":"2023-11-29T23:02:25","modified_gmt":"2023-11-30T05:02:25","slug":"reunion-anual-de-la-coparmex-jiquipilco-presente","status":"publish","type":"post","link":"https:\/\/expressometro.mx\/index.php\/2023\/11\/27\/reunion-anual-de-la-coparmex-jiquipilco-presente\/","title":{"rendered":"REUNI\u00d3N ANUAL DE LA COPARMEX: JIQUIPILCO PRESENTE"},"content":{"rendered":"\n<p><\/p>\n\n\n\n<p>El Presidente Municipal de Jiquipilco, Felipe de Jes\u00fas S\u00e1nchez D\u00e1vila asisti\u00f3 a la reuni\u00f3n anual de la Confederaci\u00f3n Patronal de la Rep\u00fablica Mexicana (COPARMEX). Tambi\u00e9n asistieron al evento, la Lic. Laura Gonz\u00e1lez Hern\u00e1ndez; Secretaria de Desarrollo Econ\u00f3mico del Estado de M\u00e9xico y del Lic. Jes\u00fas Trigos Rodr\u00edguez; Presidente de la COPARMEX Edo. M\u00e9x.<\/p>\n\n\n\n<p>El alcalde particip\u00f3 con la finalidad de implementar parte del plan de crecimiento econ\u00f3mico municipal, as\u00ed, tambi\u00e9n el Sistema DIF Jiquipilco estuvo representado por su titular Susy \u00c1vila. Durante el desarrollo de la gala, se dieron a conocer las necesidades que distintos rubros empresariales solicitan de un municipio; esto con la finalidad de generar las condiciones sociodemogr\u00e1ficas para que, Jiquipilco pueda ser un lugar atractivo para las inversiones empresariales a corto, mediano y largo plazo.<\/p>\n\n\n\n<p>El objetivo principal es lograr atraer el establecimiento de distintas empresas en territorio jiquilpense, logrando la generaci\u00f3n de nuevos empleos para los locales. Alcanzar un avance como este es necesario que los ciudadanos puedan dar apertura a nuevas formas de comercio, de trabajo, de tecnolog\u00eda para lograr alcanzar el deseado desarrollo de este municipio. Mejorar el comportamiento c\u00edvico tambi\u00e9n ayudar\u00e1, para lograr un municipio m\u00e1s unido y as\u00ed poder crecer juntos.<\/p>\n","protected":false},"excerpt":{"rendered":"<p>El Presidente Municipal de Jiquipilco, Felipe de Jes\u00fas S\u00e1nchez D\u00e1vila asisti\u00f3 a la reuni\u00f3n anual de la Confederaci\u00f3n Patronal de la Rep\u00fablica Mexicana (COPARMEX). Tambi\u00e9n asistieron al evento, la Lic. Laura Gonz\u00e1lez Hern\u00e1ndez; Secretaria de Desarrollo Econ\u00f3mico del Estado de M\u00e9xico y del Lic. Jes\u00fas Trigos Rodr\u00edguez; Presidente de la COPARMEX Edo. M\u00e9x.<\/p>\n","protected":false},"author":1,"featured_media":8383,"comment_status":"open","ping_status":"open","sticky":false,"template":"","format":"standard","meta":{"footnotes":""},"categories":[4,3,231],"tags":[1982,1670,86,196],"class_list":["post-8381","post","type-post","status-publish","format-standard","has-post-thumbnail","hentry","category-finanzas","category-gobierno","category-politica","tag-edomex","tag-felipe-de-jesus-sanchez","tag-gem","tag-jiquipilco"],"yoast_head":"<!-- This site is optimized with the Yoast SEO plugin v27.4 - https:\/\/yoast.com\/product\/yoast-seo-wordpress\/ -->\n<title>REUNI\u00d3N ANUAL DE LA COPARMEX: JIQUIPILCO PRESENTE - Expresso Metropolitano<\/title>\n<meta name=\"robots\" content=\"index, follow, max-snippet:-1, max-image-preview:large, max-video-preview:-1\" \/>\n<link rel=\"canonical\" href=\"https:\/\/expressometro.mx\/index.php\/2023\/11\/27\/reunion-anual-de-la-coparmex-jiquipilco-presente\/\" \/>\n<meta property=\"og:locale\" content=\"es_MX\" \/>\n<meta property=\"og:type\" content=\"article\" \/>\n<meta property=\"og:title\" content=\"REUNI\u00d3N ANUAL DE LA COPARMEX: JIQUIPILCO PRESENTE - Expresso Metropolitano\" \/>\n<meta property=\"og:description\" content=\"El Presidente Municipal de Jiquipilco, Felipe de Jes\u00fas S\u00e1nchez D\u00e1vila asisti\u00f3 a la reuni\u00f3n anual de la Confederaci\u00f3n Patronal de la Rep\u00fablica Mexicana (COPARMEX). Tambi\u00e9n asistieron al evento, la Lic. Laura Gonz\u00e1lez Hern\u00e1ndez; Secretaria de Desarrollo Econ\u00f3mico del Estado de M\u00e9xico y del Lic. Jes\u00fas Trigos Rodr\u00edguez; Presidente de la COPARMEX Edo. M\u00e9x.\" \/>\n<meta property=\"og:url\" content=\"https:\/\/expressometro.mx\/index.php\/2023\/11\/27\/reunion-anual-de-la-coparmex-jiquipilco-presente\/\" \/>\n<meta property=\"og:site_name\" content=\"Expresso Metropolitano\" \/>\n<meta property=\"article:published_time\" content=\"2023-11-28T04:27:49+00:00\" \/>\n<meta property=\"article:modified_time\" content=\"2023-11-30T05:02:25+00:00\" \/>\n<meta property=\"og:image\" content=\"http:\/\/expressometro.mx\/wp-content\/uploads\/2023\/11\/WhatsApp-Image-2023-11-29-at-10.54.17-PM.jpeg\" \/>\n\t<meta property=\"og:image:width\" content=\"846\" \/>\n\t<meta property=\"og:image:height\" content=\"498\" \/>\n\t<meta property=\"og:image:type\" content=\"image\/jpeg\" \/>\n<meta name=\"author\" content=\"Expresso Metropolitano\" \/>\n<meta name=\"twitter:label1\" content=\"Escrito por\" \/>\n\t<meta name=\"twitter:data1\" content=\"Expresso Metropolitano\" \/>\n\t<meta name=\"twitter:label2\" content=\"Tiempo de lectura\" \/>\n\t<meta name=\"twitter:data2\" content=\"1 minuto\" \/>\n<script type=\"application\/ld+json\" class=\"yoast-schema-graph\">{\"@context\":\"https:\\\/\\\/schema.org\",\"@graph\":[{\"@type\":\"Article\",\"@id\":\"https:\\\/\\\/expressometro.mx\\\/index.php\\\/2023\\\/11\\\/27\\\/reunion-anual-de-la-coparmex-jiquipilco-presente\\\/#article\",\"isPartOf\":{\"@id\":\"https:\\\/\\\/expressometro.mx\\\/index.php\\\/2023\\\/11\\\/27\\\/reunion-anual-de-la-coparmex-jiquipilco-presente\\\/\"},\"author\":{\"name\":\"Expresso Metropolitano\",\"@id\":\"https:\\\/\\\/expressometro.mx\\\/#\\\/schema\\\/person\\\/efa971b4a0664db8ed5c22b1b0dd2f5d\"},\"headline\":\"REUNI\u00d3N ANUAL DE LA COPARMEX: JIQUIPILCO PRESENTE\",\"datePublished\":\"2023-11-28T04:27:49+00:00\",\"dateModified\":\"2023-11-30T05:02:25+00:00\",\"mainEntityOfPage\":{\"@id\":\"https:\\\/\\\/expressometro.mx\\\/index.php\\\/2023\\\/11\\\/27\\\/reunion-anual-de-la-coparmex-jiquipilco-presente\\\/\"},\"wordCount\":229,\"commentCount\":0,\"publisher\":{\"@id\":\"https:\\\/\\\/expressometro.mx\\\/#organization\"},\"image\":{\"@id\":\"https:\\\/\\\/expressometro.mx\\\/index.php\\\/2023\\\/11\\\/27\\\/reunion-anual-de-la-coparmex-jiquipilco-presente\\\/#primaryimage\"},\"thumbnailUrl\":\"https:\\\/\\\/expressometro.mx\\\/wp-content\\\/uploads\\\/2023\\\/11\\\/WhatsApp-Image-2023-11-29-at-10.54.17-PM.jpeg\",\"keywords\":[\"Edomex\",\"Felipe de Jes\u00fas S\u00e1nchez\",\"GEM\",\"Jiquipilco\"],\"articleSection\":[\"Finanzas\",\"Gobierno\",\"Pol\u00edtica\"],\"inLanguage\":\"es\",\"potentialAction\":[{\"@type\":\"CommentAction\",\"name\":\"Comment\",\"target\":[\"https:\\\/\\\/expressometro.mx\\\/index.php\\\/2023\\\/11\\\/27\\\/reunion-anual-de-la-coparmex-jiquipilco-presente\\\/#respond\"]}]},{\"@type\":\"WebPage\",\"@id\":\"https:\\\/\\\/expressometro.mx\\\/index.php\\\/2023\\\/11\\\/27\\\/reunion-anual-de-la-coparmex-jiquipilco-presente\\\/\",\"url\":\"https:\\\/\\\/expressometro.mx\\\/index.php\\\/2023\\\/11\\\/27\\\/reunion-anual-de-la-coparmex-jiquipilco-presente\\\/\",\"name\":\"REUNI\u00d3N ANUAL DE LA COPARMEX: JIQUIPILCO PRESENTE - Expresso Metropolitano\",\"isPartOf\":{\"@id\":\"https:\\\/\\\/expressometro.mx\\\/#website\"},\"primaryImageOfPage\":{\"@id\":\"https:\\\/\\\/expressometro.mx\\\/index.php\\\/2023\\\/11\\\/27\\\/reunion-anual-de-la-coparmex-jiquipilco-presente\\\/#primaryimage\"},\"image\":{\"@id\":\"https:\\\/\\\/expressometro.mx\\\/index.php\\\/2023\\\/11\\\/27\\\/reunion-anual-de-la-coparmex-jiquipilco-presente\\\/#primaryimage\"},\"thumbnailUrl\":\"https:\\\/\\\/expressometro.mx\\\/wp-content\\\/uploads\\\/2023\\\/11\\\/WhatsApp-Image-2023-11-29-at-10.54.17-PM.jpeg\",\"datePublished\":\"2023-11-28T04:27:49+00:00\",\"dateModified\":\"2023-11-30T05:02:25+00:00\",\"breadcrumb\":{\"@id\":\"https:\\\/\\\/expressometro.mx\\\/index.php\\\/2023\\\/11\\\/27\\\/reunion-anual-de-la-coparmex-jiquipilco-presente\\\/#breadcrumb\"},\"inLanguage\":\"es\",\"potentialAction\":[{\"@type\":\"ReadAction\",\"target\":[\"https:\\\/\\\/expressometro.mx\\\/index.php\\\/2023\\\/11\\\/27\\\/reunion-anual-de-la-coparmex-jiquipilco-presente\\\/\"]}]},{\"@type\":\"ImageObject\",\"inLanguage\":\"es\",\"@id\":\"https:\\\/\\\/expressometro.mx\\\/index.php\\\/2023\\\/11\\\/27\\\/reunion-anual-de-la-coparmex-jiquipilco-presente\\\/#primaryimage\",\"url\":\"https:\\\/\\\/expressometro.mx\\\/wp-content\\\/uploads\\\/2023\\\/11\\\/WhatsApp-Image-2023-11-29-at-10.54.17-PM.jpeg\",\"contentUrl\":\"https:\\\/\\\/expressometro.mx\\\/wp-content\\\/uploads\\\/2023\\\/11\\\/WhatsApp-Image-2023-11-29-at-10.54.17-PM.jpeg\",\"width\":846,\"height\":498},{\"@type\":\"BreadcrumbList\",\"@id\":\"https:\\\/\\\/expressometro.mx\\\/index.php\\\/2023\\\/11\\\/27\\\/reunion-anual-de-la-coparmex-jiquipilco-presente\\\/#breadcrumb\",\"itemListElement\":[{\"@type\":\"ListItem\",\"position\":1,\"name\":\"Inicio\",\"item\":\"https:\\\/\\\/expressometro.mx\\\/\"},{\"@type\":\"ListItem\",\"position\":2,\"name\":\"REUNI\u00d3N ANUAL DE LA COPARMEX: JIQUIPILCO PRESENTE\"}]},{\"@type\":\"WebSite\",\"@id\":\"https:\\\/\\\/expressometro.mx\\\/#website\",\"url\":\"https:\\\/\\\/expressometro.mx\\\/\",\"name\":\"Expresso Metropolitano\",\"description\":\"Periodismo comprometido, informaci\u00f3n, investigaci\u00f3n y an\u00e1lisis\",\"publisher\":{\"@id\":\"https:\\\/\\\/expressometro.mx\\\/#organization\"},\"potentialAction\":[{\"@type\":\"SearchAction\",\"target\":{\"@type\":\"EntryPoint\",\"urlTemplate\":\"https:\\\/\\\/expressometro.mx\\\/?s={search_term_string}\"},\"query-input\":{\"@type\":\"PropertyValueSpecification\",\"valueRequired\":true,\"valueName\":\"search_term_string\"}}],\"inLanguage\":\"es\"},{\"@type\":\"Organization\",\"@id\":\"https:\\\/\\\/expressometro.mx\\\/#organization\",\"name\":\"Expresso Metropolitano\",\"url\":\"https:\\\/\\\/expressometro.mx\\\/\",\"logo\":{\"@type\":\"ImageObject\",\"inLanguage\":\"es\",\"@id\":\"https:\\\/\\\/expressometro.mx\\\/#\\\/schema\\\/logo\\\/image\\\/\",\"url\":\"https:\\\/\\\/expressometro.mx\\\/wp-content\\\/uploads\\\/2019\\\/07\\\/cropped-Logo-Expresso-Metropolitano-1-1.jpeg\",\"contentUrl\":\"https:\\\/\\\/expressometro.mx\\\/wp-content\\\/uploads\\\/2019\\\/07\\\/cropped-Logo-Expresso-Metropolitano-1-1.jpeg\",\"width\":290,\"height\":73,\"caption\":\"Expresso Metropolitano\"},\"image\":{\"@id\":\"https:\\\/\\\/expressometro.mx\\\/#\\\/schema\\\/logo\\\/image\\\/\"}},{\"@type\":\"Person\",\"@id\":\"https:\\\/\\\/expressometro.mx\\\/#\\\/schema\\\/person\\\/efa971b4a0664db8ed5c22b1b0dd2f5d\",\"name\":\"Expresso Metropolitano\",\"image\":{\"@type\":\"ImageObject\",\"inLanguage\":\"es\",\"@id\":\"https:\\\/\\\/secure.gravatar.com\\\/avatar\\\/a89f802b8de18c6952f223c88d3d106e9e3679839f4e25a02f4a6cc2ae6ba3b3?s=96&d=mm&r=g\",\"url\":\"https:\\\/\\\/secure.gravatar.com\\\/avatar\\\/a89f802b8de18c6952f223c88d3d106e9e3679839f4e25a02f4a6cc2ae6ba3b3?s=96&d=mm&r=g\",\"contentUrl\":\"https:\\\/\\\/secure.gravatar.com\\\/avatar\\\/a89f802b8de18c6952f223c88d3d106e9e3679839f4e25a02f4a6cc2ae6ba3b3?s=96&d=mm&r=g\",\"caption\":\"Expresso Metropolitano\"},\"url\":\"https:\\\/\\\/expressometro.mx\\\/index.php\\\/author\\\/diego\\\/\"}]}<\/script>\n<!-- \/ Yoast SEO plugin. -->","yoast_head_json":{"title":"REUNI\u00d3N ANUAL DE LA COPARMEX: JIQUIPILCO PRESENTE - Expresso Metropolitano","robots":{"index":"index","follow":"follow","max-snippet":"max-snippet:-1","max-image-preview":"max-image-preview:large","max-video-preview":"max-video-preview:-1"},"canonical":"https:\/\/expressometro.mx\/index.php\/2023\/11\/27\/reunion-anual-de-la-coparmex-jiquipilco-presente\/","og_locale":"es_MX","og_type":"article","og_title":"REUNI\u00d3N ANUAL DE LA COPARMEX: JIQUIPILCO PRESENTE - Expresso Metropolitano","og_description":"El Presidente Municipal de Jiquipilco, Felipe de Jes\u00fas S\u00e1nchez D\u00e1vila asisti\u00f3 a la reuni\u00f3n anual de la Confederaci\u00f3n Patronal de la Rep\u00fablica Mexicana (COPARMEX). Tambi\u00e9n asistieron al evento, la Lic. Laura Gonz\u00e1lez Hern\u00e1ndez; Secretaria de Desarrollo Econ\u00f3mico del Estado de M\u00e9xico y del Lic. Jes\u00fas Trigos Rodr\u00edguez; Presidente de la COPARMEX Edo. M\u00e9x.","og_url":"https:\/\/expressometro.mx\/index.php\/2023\/11\/27\/reunion-anual-de-la-coparmex-jiquipilco-presente\/","og_site_name":"Expresso Metropolitano","article_published_time":"2023-11-28T04:27:49+00:00","article_modified_time":"2023-11-30T05:02:25+00:00","og_image":[{"width":846,"height":498,"url":"http:\/\/expressometro.mx\/wp-content\/uploads\/2023\/11\/WhatsApp-Image-2023-11-29-at-10.54.17-PM.jpeg","type":"image\/jpeg"}],"author":"Expresso Metropolitano","twitter_misc":{"Escrito por":"Expresso Metropolitano","Tiempo de lectura":"1 minuto"},"schema":{"@context":"https:\/\/schema.org","@graph":[{"@type":"Article","@id":"https:\/\/expressometro.mx\/index.php\/2023\/11\/27\/reunion-anual-de-la-coparmex-jiquipilco-presente\/#article","isPartOf":{"@id":"https:\/\/expressometro.mx\/index.php\/2023\/11\/27\/reunion-anual-de-la-coparmex-jiquipilco-presente\/"},"author":{"name":"Expresso Metropolitano","@id":"https:\/\/expressometro.mx\/#\/schema\/person\/efa971b4a0664db8ed5c22b1b0dd2f5d"},"headline":"REUNI\u00d3N ANUAL DE LA COPARMEX: JIQUIPILCO PRESENTE","datePublished":"2023-11-28T04:27:49+00:00","dateModified":"2023-11-30T05:02:25+00:00","mainEntityOfPage":{"@id":"https:\/\/expressometro.mx\/index.php\/2023\/11\/27\/reunion-anual-de-la-coparmex-jiquipilco-presente\/"},"wordCount":229,"commentCount":0,"publisher":{"@id":"https:\/\/expressometro.mx\/#organization"},"image":{"@id":"https:\/\/expressometro.mx\/index.php\/2023\/11\/27\/reunion-anual-de-la-coparmex-jiquipilco-presente\/#primaryimage"},"thumbnailUrl":"https:\/\/expressometro.mx\/wp-content\/uploads\/2023\/11\/WhatsApp-Image-2023-11-29-at-10.54.17-PM.jpeg","keywords":["Edomex","Felipe de Jes\u00fas S\u00e1nchez","GEM","Jiquipilco"],"articleSection":["Finanzas","Gobierno","Pol\u00edtica"],"inLanguage":"es","potentialAction":[{"@type":"CommentAction","name":"Comment","target":["https:\/\/expressometro.mx\/index.php\/2023\/11\/27\/reunion-anual-de-la-coparmex-jiquipilco-presente\/#respond"]}]},{"@type":"WebPage","@id":"https:\/\/expressometro.mx\/index.php\/2023\/11\/27\/reunion-anual-de-la-coparmex-jiquipilco-presente\/","url":"https:\/\/expressometro.mx\/index.php\/2023\/11\/27\/reunion-anual-de-la-coparmex-jiquipilco-presente\/","name":"REUNI\u00d3N ANUAL DE LA COPARMEX: JIQUIPILCO PRESENTE - Expresso Metropolitano","isPartOf":{"@id":"https:\/\/expressometro.mx\/#website"},"primaryImageOfPage":{"@id":"https:\/\/expressometro.mx\/index.php\/2023\/11\/27\/reunion-anual-de-la-coparmex-jiquipilco-presente\/#primaryimage"},"image":{"@id":"https:\/\/expressometro.mx\/index.php\/2023\/11\/27\/reunion-anual-de-la-coparmex-jiquipilco-presente\/#primaryimage"},"thumbnailUrl":"https:\/\/expressometro.mx\/wp-content\/uploads\/2023\/11\/WhatsApp-Image-2023-11-29-at-10.54.17-PM.jpeg","datePublished":"2023-11-28T04:27:49+00:00","dateModified":"2023-11-30T05:02:25+00:00","breadcrumb":{"@id":"https:\/\/expressometro.mx\/index.php\/2023\/11\/27\/reunion-anual-de-la-coparmex-jiquipilco-presente\/#breadcrumb"},"inLanguage":"es","potentialAction":[{"@type":"ReadAction","target":["https:\/\/expressometro.mx\/index.php\/2023\/11\/27\/reunion-anual-de-la-coparmex-jiquipilco-presente\/"]}]},{"@type":"ImageObject","inLanguage":"es","@id":"https:\/\/expressometro.mx\/index.php\/2023\/11\/27\/reunion-anual-de-la-coparmex-jiquipilco-presente\/#primaryimage","url":"https:\/\/expressometro.mx\/wp-content\/uploads\/2023\/11\/WhatsApp-Image-2023-11-29-at-10.54.17-PM.jpeg","contentUrl":"https:\/\/expressometro.mx\/wp-content\/uploads\/2023\/11\/WhatsApp-Image-2023-11-29-at-10.54.17-PM.jpeg","width":846,"height":498},{"@type":"BreadcrumbList","@id":"https:\/\/expressometro.mx\/index.php\/2023\/11\/27\/reunion-anual-de-la-coparmex-jiquipilco-presente\/#breadcrumb","itemListElement":[{"@type":"ListItem","position":1,"name":"Inicio","item":"https:\/\/expressometro.mx\/"},{"@type":"ListItem","position":2,"name":"REUNI\u00d3N ANUAL DE LA COPARMEX: JIQUIPILCO PRESENTE"}]},{"@type":"WebSite","@id":"https:\/\/expressometro.mx\/#website","url":"https:\/\/expressometro.mx\/","name":"Expresso Metropolitano","description":"Periodismo comprometido, informaci\u00f3n, investigaci\u00f3n y an\u00e1lisis","publisher":{"@id":"https:\/\/expressometro.mx\/#organization"},"potentialAction":[{"@type":"SearchAction","target":{"@type":"EntryPoint","urlTemplate":"https:\/\/expressometro.mx\/?s={search_term_string}"},"query-input":{"@type":"PropertyValueSpecification","valueRequired":true,"valueName":"search_term_string"}}],"inLanguage":"es"},{"@type":"Organization","@id":"https:\/\/expressometro.mx\/#organization","name":"Expresso Metropolitano","url":"https:\/\/expressometro.mx\/","logo":{"@type":"ImageObject","inLanguage":"es","@id":"https:\/\/expressometro.mx\/#\/schema\/logo\/image\/","url":"https:\/\/expressometro.mx\/wp-content\/uploads\/2019\/07\/cropped-Logo-Expresso-Metropolitano-1-1.jpeg","contentUrl":"https:\/\/expressometro.mx\/wp-content\/uploads\/2019\/07\/cropped-Logo-Expresso-Metropolitano-1-1.jpeg","width":290,"height":73,"caption":"Expresso Metropolitano"},"image":{"@id":"https:\/\/expressometro.mx\/#\/schema\/logo\/image\/"}},{"@type":"Person","@id":"https:\/\/expressometro.mx\/#\/schema\/person\/efa971b4a0664db8ed5c22b1b0dd2f5d","name":"Expresso Metropolitano","image":{"@type":"ImageObject","inLanguage":"es","@id":"https:\/\/secure.gravatar.com\/avatar\/a89f802b8de18c6952f223c88d3d106e9e3679839f4e25a02f4a6cc2ae6ba3b3?s=96&d=mm&r=g","url":"https:\/\/secure.gravatar.com\/avatar\/a89f802b8de18c6952f223c88d3d106e9e3679839f4e25a02f4a6cc2ae6ba3b3?s=96&d=mm&r=g","contentUrl":"https:\/\/secure.gravatar.com\/avatar\/a89f802b8de18c6952f223c88d3d106e9e3679839f4e25a02f4a6cc2ae6ba3b3?s=96&d=mm&r=g","caption":"Expresso Metropolitano"},"url":"https:\/\/expressometro.mx\/index.php\/author\/diego\/"}]}},"amp_enabled":true,"_links":{"self":[{"href":"https:\/\/expressometro.mx\/index.php\/wp-json\/wp\/v2\/posts\/8381","targetHints":{"allow":["GET"]}}],"collection":[{"href":"https:\/\/expressometro.mx\/index.php\/wp-json\/wp\/v2\/posts"}],"about":[{"href":"https:\/\/expressometro.mx\/index.php\/wp-json\/wp\/v2\/types\/post"}],"author":[{"embeddable":true,"href":"https:\/\/expressometro.mx\/index.php\/wp-json\/wp\/v2\/users\/1"}],"replies":[{"embeddable":true,"href":"https:\/\/expressometro.mx\/index.php\/wp-json\/wp\/v2\/comments?post=8381"}],"version-history":[{"count":1,"href":"https:\/\/expressometro.mx\/index.php\/wp-json\/wp\/v2\/posts\/8381\/revisions"}],"predecessor-version":[{"id":8384,"href":"https:\/\/expressometro.mx\/index.php\/wp-json\/wp\/v2\/posts\/8381\/revisions\/8384"}],"wp:featuredmedia":[{"embeddable":true,"href":"https:\/\/expressometro.mx\/index.php\/wp-json\/wp\/v2\/media\/8383"}],"wp:attachment":[{"href":"https:\/\/expressometro.mx\/index.php\/wp-json\/wp\/v2\/media?parent=8381"}],"wp:term":[{"taxonomy":"category","embeddable":true,"href":"https:\/\/expressometro.mx\/index.php\/wp-json\/wp\/v2\/categories?post=8381"},{"taxonomy":"post_tag","embeddable":true,"href":"https:\/\/expressometro.mx\/index.php\/wp-json\/wp\/v2\/tags?post=8381"}],"curies":[{"name":"wp","href":"https:\/\/api.w.org\/{rel}","templated":true}]}}