{"id":8364,"date":"2023-11-25T06:28:48","date_gmt":"2023-11-25T12:28:48","guid":{"rendered":"https:\/\/expressometro.mx\/?p=8364"},"modified":"2023-11-28T06:49:20","modified_gmt":"2023-11-28T12:49:20","slug":"inicio-de-construccion-de-espacio-deportivo-para-jiquipilquenses","status":"publish","type":"post","link":"https:\/\/expressometro.mx\/index.php\/2023\/11\/25\/inicio-de-construccion-de-espacio-deportivo-para-jiquipilquenses\/","title":{"rendered":"INICIO DE CONSTRUCCI\u00d3N DE ESPACIO DEPORTIVO PARA JIQUIPILQUENSES"},"content":{"rendered":"\n<p><\/p>\n\n\n\n<p>En gira de trabajo por Jiquipilco, acompa\u00f1ando al Presidente Municipal, Felipe de Jes\u00fas S\u00e1nchez D\u00e1vila y a los Diputados Locales, Leticia Mej\u00eda Garc\u00eda e Iv\u00e1n Esquer Cruz; el Diputado Federal y Vicecoordinador del GP del PRI, Gustavo C\u00e1rdenas Monroy estuvo presente en el inicio de la construcci\u00f3n de la obra de la Unidad Deportiva en Santa Cruz Tepexpan.<\/p>\n\n\n\n<p>Tambi\u00e9n se dio banderazo a la construcci\u00f3n de la carretera en la Colonia Morelos en San Felipe Santiago, donde C\u00e1rdenas Monroy coment\u00f3 que estos espacios son de suma importancia para la juventud y la ni\u00f1ez, como de quienes practican deporte, ya que son espacios de sana convivencia donde pueden ir a jugar, por eso deben ser aprovechados y cuidados por quienes los utilizar\u00e1n, ya que no en todos los municipios se puede realizar obras de esta magnitud.<\/p>\n\n\n\n<p>El alcalde siempre ha procurado que la construcci\u00f3n de infraestructura para los ni\u00f1os y j\u00f3venes sea posible y accesible; gracias a las gestiones del Alcalde y de los diputados locales y federal. En estos tiempos es muy dif\u00edcil conseguir recursos para cualquier tipo de obra; sin embargo, el trabajo coordinado entre las autoridades hace posible que se realicen obras para el beneficio de la poblaci\u00f3n, como lo es la carretera que ser\u00e1 una v\u00eda de tr\u00e1nsito para quienes la recorren todos los d\u00edas y qui\u00e9nes ocasionalmente pasan tambi\u00e9n por este lugar.<\/p>\n","protected":false},"excerpt":{"rendered":"<p>En gira de trabajo por Jiquipilco, acompa\u00f1ando al Presidente Municipal, Felipe de Jes\u00fas S\u00e1nchez D\u00e1vila y a los Diputados Locales, Leticia Mej\u00eda Garc\u00eda e Iv\u00e1n Esquer Cruz; el Diputado Federal y Vicecoordinador del GP del PRI, Gustavo C\u00e1rdenas Monroy estuvo presente en el inicio de la construcci\u00f3n de la obra de la Unidad Deportiva en Santa Cruz Tepexpan.<\/p>\n","protected":false},"author":1,"featured_media":8366,"comment_status":"open","ping_status":"open","sticky":false,"template":"","format":"standard","meta":{"footnotes":""},"categories":[9,4,3,231],"tags":[1982,86,891,196,158],"class_list":["post-8364","post","type-post","status-publish","format-standard","has-post-thumbnail","hentry","category-deportes","category-finanzas","category-gobierno","category-politica","tag-edomex","tag-gem","tag-gustavo-cardenas-2","tag-jiquipilco","tag-pri"],"yoast_head":"<!-- This site is optimized with the Yoast SEO plugin v27.4 - https:\/\/yoast.com\/product\/yoast-seo-wordpress\/ -->\n<title>INICIO DE CONSTRUCCI\u00d3N DE ESPACIO DEPORTIVO PARA JIQUIPILQUENSES - Expresso Metropolitano<\/title>\n<meta name=\"robots\" content=\"index, follow, max-snippet:-1, max-image-preview:large, max-video-preview:-1\" \/>\n<link rel=\"canonical\" href=\"https:\/\/expressometro.mx\/index.php\/2023\/11\/25\/inicio-de-construccion-de-espacio-deportivo-para-jiquipilquenses\/\" \/>\n<meta property=\"og:locale\" content=\"es_MX\" \/>\n<meta property=\"og:type\" content=\"article\" \/>\n<meta property=\"og:title\" content=\"INICIO DE CONSTRUCCI\u00d3N DE ESPACIO DEPORTIVO PARA JIQUIPILQUENSES - Expresso Metropolitano\" \/>\n<meta property=\"og:description\" content=\"En gira de trabajo por Jiquipilco, acompa\u00f1ando al Presidente Municipal, Felipe de Jes\u00fas S\u00e1nchez D\u00e1vila y a los Diputados Locales, Leticia Mej\u00eda Garc\u00eda e Iv\u00e1n Esquer Cruz; el Diputado Federal y Vicecoordinador del GP del PRI, Gustavo C\u00e1rdenas Monroy estuvo presente en el inicio de la construcci\u00f3n de la obra de la Unidad Deportiva en Santa Cruz Tepexpan.\" \/>\n<meta property=\"og:url\" content=\"https:\/\/expressometro.mx\/index.php\/2023\/11\/25\/inicio-de-construccion-de-espacio-deportivo-para-jiquipilquenses\/\" \/>\n<meta property=\"og:site_name\" content=\"Expresso Metropolitano\" \/>\n<meta property=\"article:published_time\" content=\"2023-11-25T12:28:48+00:00\" \/>\n<meta property=\"article:modified_time\" content=\"2023-11-28T12:49:20+00:00\" \/>\n<meta property=\"og:image\" content=\"http:\/\/expressometro.mx\/wp-content\/uploads\/2023\/11\/Jiquipilco-Obras-Diputados-251123-1.jpg\" \/>\n\t<meta property=\"og:image:width\" content=\"1600\" \/>\n\t<meta property=\"og:image:height\" content=\"1200\" \/>\n\t<meta property=\"og:image:type\" content=\"image\/jpeg\" \/>\n<meta name=\"author\" content=\"Expresso Metropolitano\" \/>\n<meta name=\"twitter:label1\" content=\"Escrito por\" \/>\n\t<meta name=\"twitter:data1\" content=\"Expresso Metropolitano\" \/>\n\t<meta name=\"twitter:label2\" content=\"Tiempo de lectura\" \/>\n\t<meta name=\"twitter:data2\" content=\"2 minutos\" \/>\n<script type=\"application\/ld+json\" class=\"yoast-schema-graph\">{\"@context\":\"https:\\\/\\\/schema.org\",\"@graph\":[{\"@type\":\"Article\",\"@id\":\"https:\\\/\\\/expressometro.mx\\\/index.php\\\/2023\\\/11\\\/25\\\/inicio-de-construccion-de-espacio-deportivo-para-jiquipilquenses\\\/#article\",\"isPartOf\":{\"@id\":\"https:\\\/\\\/expressometro.mx\\\/index.php\\\/2023\\\/11\\\/25\\\/inicio-de-construccion-de-espacio-deportivo-para-jiquipilquenses\\\/\"},\"author\":{\"name\":\"Expresso Metropolitano\",\"@id\":\"https:\\\/\\\/expressometro.mx\\\/#\\\/schema\\\/person\\\/efa971b4a0664db8ed5c22b1b0dd2f5d\"},\"headline\":\"INICIO DE CONSTRUCCI\u00d3N DE ESPACIO DEPORTIVO PARA JIQUIPILQUENSES\",\"datePublished\":\"2023-11-25T12:28:48+00:00\",\"dateModified\":\"2023-11-28T12:49:20+00:00\",\"mainEntityOfPage\":{\"@id\":\"https:\\\/\\\/expressometro.mx\\\/index.php\\\/2023\\\/11\\\/25\\\/inicio-de-construccion-de-espacio-deportivo-para-jiquipilquenses\\\/\"},\"wordCount\":259,\"commentCount\":0,\"publisher\":{\"@id\":\"https:\\\/\\\/expressometro.mx\\\/#organization\"},\"image\":{\"@id\":\"https:\\\/\\\/expressometro.mx\\\/index.php\\\/2023\\\/11\\\/25\\\/inicio-de-construccion-de-espacio-deportivo-para-jiquipilquenses\\\/#primaryimage\"},\"thumbnailUrl\":\"https:\\\/\\\/expressometro.mx\\\/wp-content\\\/uploads\\\/2023\\\/11\\\/Jiquipilco-Obras-Diputados-251123-1.jpg\",\"keywords\":[\"Edomex\",\"GEM\",\"Gustavo C\u00e1rdenas\",\"Jiquipilco\",\"PRI\"],\"articleSection\":[\"Deportes\",\"Finanzas\",\"Gobierno\",\"Pol\u00edtica\"],\"inLanguage\":\"es\",\"potentialAction\":[{\"@type\":\"CommentAction\",\"name\":\"Comment\",\"target\":[\"https:\\\/\\\/expressometro.mx\\\/index.php\\\/2023\\\/11\\\/25\\\/inicio-de-construccion-de-espacio-deportivo-para-jiquipilquenses\\\/#respond\"]}]},{\"@type\":\"WebPage\",\"@id\":\"https:\\\/\\\/expressometro.mx\\\/index.php\\\/2023\\\/11\\\/25\\\/inicio-de-construccion-de-espacio-deportivo-para-jiquipilquenses\\\/\",\"url\":\"https:\\\/\\\/expressometro.mx\\\/index.php\\\/2023\\\/11\\\/25\\\/inicio-de-construccion-de-espacio-deportivo-para-jiquipilquenses\\\/\",\"name\":\"INICIO DE CONSTRUCCI\u00d3N DE ESPACIO DEPORTIVO PARA JIQUIPILQUENSES - Expresso Metropolitano\",\"isPartOf\":{\"@id\":\"https:\\\/\\\/expressometro.mx\\\/#website\"},\"primaryImageOfPage\":{\"@id\":\"https:\\\/\\\/expressometro.mx\\\/index.php\\\/2023\\\/11\\\/25\\\/inicio-de-construccion-de-espacio-deportivo-para-jiquipilquenses\\\/#primaryimage\"},\"image\":{\"@id\":\"https:\\\/\\\/expressometro.mx\\\/index.php\\\/2023\\\/11\\\/25\\\/inicio-de-construccion-de-espacio-deportivo-para-jiquipilquenses\\\/#primaryimage\"},\"thumbnailUrl\":\"https:\\\/\\\/expressometro.mx\\\/wp-content\\\/uploads\\\/2023\\\/11\\\/Jiquipilco-Obras-Diputados-251123-1.jpg\",\"datePublished\":\"2023-11-25T12:28:48+00:00\",\"dateModified\":\"2023-11-28T12:49:20+00:00\",\"breadcrumb\":{\"@id\":\"https:\\\/\\\/expressometro.mx\\\/index.php\\\/2023\\\/11\\\/25\\\/inicio-de-construccion-de-espacio-deportivo-para-jiquipilquenses\\\/#breadcrumb\"},\"inLanguage\":\"es\",\"potentialAction\":[{\"@type\":\"ReadAction\",\"target\":[\"https:\\\/\\\/expressometro.mx\\\/index.php\\\/2023\\\/11\\\/25\\\/inicio-de-construccion-de-espacio-deportivo-para-jiquipilquenses\\\/\"]}]},{\"@type\":\"ImageObject\",\"inLanguage\":\"es\",\"@id\":\"https:\\\/\\\/expressometro.mx\\\/index.php\\\/2023\\\/11\\\/25\\\/inicio-de-construccion-de-espacio-deportivo-para-jiquipilquenses\\\/#primaryimage\",\"url\":\"https:\\\/\\\/expressometro.mx\\\/wp-content\\\/uploads\\\/2023\\\/11\\\/Jiquipilco-Obras-Diputados-251123-1.jpg\",\"contentUrl\":\"https:\\\/\\\/expressometro.mx\\\/wp-content\\\/uploads\\\/2023\\\/11\\\/Jiquipilco-Obras-Diputados-251123-1.jpg\",\"width\":1600,\"height\":1200},{\"@type\":\"BreadcrumbList\",\"@id\":\"https:\\\/\\\/expressometro.mx\\\/index.php\\\/2023\\\/11\\\/25\\\/inicio-de-construccion-de-espacio-deportivo-para-jiquipilquenses\\\/#breadcrumb\",\"itemListElement\":[{\"@type\":\"ListItem\",\"position\":1,\"name\":\"Inicio\",\"item\":\"https:\\\/\\\/expressometro.mx\\\/\"},{\"@type\":\"ListItem\",\"position\":2,\"name\":\"INICIO DE CONSTRUCCI\u00d3N DE ESPACIO DEPORTIVO PARA JIQUIPILQUENSES\"}]},{\"@type\":\"WebSite\",\"@id\":\"https:\\\/\\\/expressometro.mx\\\/#website\",\"url\":\"https:\\\/\\\/expressometro.mx\\\/\",\"name\":\"Expresso Metropolitano\",\"description\":\"Periodismo comprometido, informaci\u00f3n, investigaci\u00f3n y an\u00e1lisis\",\"publisher\":{\"@id\":\"https:\\\/\\\/expressometro.mx\\\/#organization\"},\"potentialAction\":[{\"@type\":\"SearchAction\",\"target\":{\"@type\":\"EntryPoint\",\"urlTemplate\":\"https:\\\/\\\/expressometro.mx\\\/?s={search_term_string}\"},\"query-input\":{\"@type\":\"PropertyValueSpecification\",\"valueRequired\":true,\"valueName\":\"search_term_string\"}}],\"inLanguage\":\"es\"},{\"@type\":\"Organization\",\"@id\":\"https:\\\/\\\/expressometro.mx\\\/#organization\",\"name\":\"Expresso Metropolitano\",\"url\":\"https:\\\/\\\/expressometro.mx\\\/\",\"logo\":{\"@type\":\"ImageObject\",\"inLanguage\":\"es\",\"@id\":\"https:\\\/\\\/expressometro.mx\\\/#\\\/schema\\\/logo\\\/image\\\/\",\"url\":\"https:\\\/\\\/expressometro.mx\\\/wp-content\\\/uploads\\\/2019\\\/07\\\/cropped-Logo-Expresso-Metropolitano-1-1.jpeg\",\"contentUrl\":\"https:\\\/\\\/expressometro.mx\\\/wp-content\\\/uploads\\\/2019\\\/07\\\/cropped-Logo-Expresso-Metropolitano-1-1.jpeg\",\"width\":290,\"height\":73,\"caption\":\"Expresso Metropolitano\"},\"image\":{\"@id\":\"https:\\\/\\\/expressometro.mx\\\/#\\\/schema\\\/logo\\\/image\\\/\"}},{\"@type\":\"Person\",\"@id\":\"https:\\\/\\\/expressometro.mx\\\/#\\\/schema\\\/person\\\/efa971b4a0664db8ed5c22b1b0dd2f5d\",\"name\":\"Expresso Metropolitano\",\"image\":{\"@type\":\"ImageObject\",\"inLanguage\":\"es\",\"@id\":\"https:\\\/\\\/secure.gravatar.com\\\/avatar\\\/a89f802b8de18c6952f223c88d3d106e9e3679839f4e25a02f4a6cc2ae6ba3b3?s=96&d=mm&r=g\",\"url\":\"https:\\\/\\\/secure.gravatar.com\\\/avatar\\\/a89f802b8de18c6952f223c88d3d106e9e3679839f4e25a02f4a6cc2ae6ba3b3?s=96&d=mm&r=g\",\"contentUrl\":\"https:\\\/\\\/secure.gravatar.com\\\/avatar\\\/a89f802b8de18c6952f223c88d3d106e9e3679839f4e25a02f4a6cc2ae6ba3b3?s=96&d=mm&r=g\",\"caption\":\"Expresso Metropolitano\"},\"url\":\"https:\\\/\\\/expressometro.mx\\\/index.php\\\/author\\\/diego\\\/\"}]}<\/script>\n<!-- \/ Yoast SEO plugin. -->","yoast_head_json":{"title":"INICIO DE CONSTRUCCI\u00d3N DE ESPACIO DEPORTIVO PARA JIQUIPILQUENSES - Expresso Metropolitano","robots":{"index":"index","follow":"follow","max-snippet":"max-snippet:-1","max-image-preview":"max-image-preview:large","max-video-preview":"max-video-preview:-1"},"canonical":"https:\/\/expressometro.mx\/index.php\/2023\/11\/25\/inicio-de-construccion-de-espacio-deportivo-para-jiquipilquenses\/","og_locale":"es_MX","og_type":"article","og_title":"INICIO DE CONSTRUCCI\u00d3N DE ESPACIO DEPORTIVO PARA JIQUIPILQUENSES - Expresso Metropolitano","og_description":"En gira de trabajo por Jiquipilco, acompa\u00f1ando al Presidente Municipal, Felipe de Jes\u00fas S\u00e1nchez D\u00e1vila y a los Diputados Locales, Leticia Mej\u00eda Garc\u00eda e Iv\u00e1n Esquer Cruz; el Diputado Federal y Vicecoordinador del GP del PRI, Gustavo C\u00e1rdenas Monroy estuvo presente en el inicio de la construcci\u00f3n de la obra de la Unidad Deportiva en Santa Cruz Tepexpan.","og_url":"https:\/\/expressometro.mx\/index.php\/2023\/11\/25\/inicio-de-construccion-de-espacio-deportivo-para-jiquipilquenses\/","og_site_name":"Expresso Metropolitano","article_published_time":"2023-11-25T12:28:48+00:00","article_modified_time":"2023-11-28T12:49:20+00:00","og_image":[{"width":1600,"height":1200,"url":"http:\/\/expressometro.mx\/wp-content\/uploads\/2023\/11\/Jiquipilco-Obras-Diputados-251123-1.jpg","type":"image\/jpeg"}],"author":"Expresso Metropolitano","twitter_misc":{"Escrito por":"Expresso Metropolitano","Tiempo de lectura":"2 minutos"},"schema":{"@context":"https:\/\/schema.org","@graph":[{"@type":"Article","@id":"https:\/\/expressometro.mx\/index.php\/2023\/11\/25\/inicio-de-construccion-de-espacio-deportivo-para-jiquipilquenses\/#article","isPartOf":{"@id":"https:\/\/expressometro.mx\/index.php\/2023\/11\/25\/inicio-de-construccion-de-espacio-deportivo-para-jiquipilquenses\/"},"author":{"name":"Expresso Metropolitano","@id":"https:\/\/expressometro.mx\/#\/schema\/person\/efa971b4a0664db8ed5c22b1b0dd2f5d"},"headline":"INICIO DE CONSTRUCCI\u00d3N DE ESPACIO DEPORTIVO PARA JIQUIPILQUENSES","datePublished":"2023-11-25T12:28:48+00:00","dateModified":"2023-11-28T12:49:20+00:00","mainEntityOfPage":{"@id":"https:\/\/expressometro.mx\/index.php\/2023\/11\/25\/inicio-de-construccion-de-espacio-deportivo-para-jiquipilquenses\/"},"wordCount":259,"commentCount":0,"publisher":{"@id":"https:\/\/expressometro.mx\/#organization"},"image":{"@id":"https:\/\/expressometro.mx\/index.php\/2023\/11\/25\/inicio-de-construccion-de-espacio-deportivo-para-jiquipilquenses\/#primaryimage"},"thumbnailUrl":"https:\/\/expressometro.mx\/wp-content\/uploads\/2023\/11\/Jiquipilco-Obras-Diputados-251123-1.jpg","keywords":["Edomex","GEM","Gustavo C\u00e1rdenas","Jiquipilco","PRI"],"articleSection":["Deportes","Finanzas","Gobierno","Pol\u00edtica"],"inLanguage":"es","potentialAction":[{"@type":"CommentAction","name":"Comment","target":["https:\/\/expressometro.mx\/index.php\/2023\/11\/25\/inicio-de-construccion-de-espacio-deportivo-para-jiquipilquenses\/#respond"]}]},{"@type":"WebPage","@id":"https:\/\/expressometro.mx\/index.php\/2023\/11\/25\/inicio-de-construccion-de-espacio-deportivo-para-jiquipilquenses\/","url":"https:\/\/expressometro.mx\/index.php\/2023\/11\/25\/inicio-de-construccion-de-espacio-deportivo-para-jiquipilquenses\/","name":"INICIO DE CONSTRUCCI\u00d3N DE ESPACIO DEPORTIVO PARA JIQUIPILQUENSES - Expresso Metropolitano","isPartOf":{"@id":"https:\/\/expressometro.mx\/#website"},"primaryImageOfPage":{"@id":"https:\/\/expressometro.mx\/index.php\/2023\/11\/25\/inicio-de-construccion-de-espacio-deportivo-para-jiquipilquenses\/#primaryimage"},"image":{"@id":"https:\/\/expressometro.mx\/index.php\/2023\/11\/25\/inicio-de-construccion-de-espacio-deportivo-para-jiquipilquenses\/#primaryimage"},"thumbnailUrl":"https:\/\/expressometro.mx\/wp-content\/uploads\/2023\/11\/Jiquipilco-Obras-Diputados-251123-1.jpg","datePublished":"2023-11-25T12:28:48+00:00","dateModified":"2023-11-28T12:49:20+00:00","breadcrumb":{"@id":"https:\/\/expressometro.mx\/index.php\/2023\/11\/25\/inicio-de-construccion-de-espacio-deportivo-para-jiquipilquenses\/#breadcrumb"},"inLanguage":"es","potentialAction":[{"@type":"ReadAction","target":["https:\/\/expressometro.mx\/index.php\/2023\/11\/25\/inicio-de-construccion-de-espacio-deportivo-para-jiquipilquenses\/"]}]},{"@type":"ImageObject","inLanguage":"es","@id":"https:\/\/expressometro.mx\/index.php\/2023\/11\/25\/inicio-de-construccion-de-espacio-deportivo-para-jiquipilquenses\/#primaryimage","url":"https:\/\/expressometro.mx\/wp-content\/uploads\/2023\/11\/Jiquipilco-Obras-Diputados-251123-1.jpg","contentUrl":"https:\/\/expressometro.mx\/wp-content\/uploads\/2023\/11\/Jiquipilco-Obras-Diputados-251123-1.jpg","width":1600,"height":1200},{"@type":"BreadcrumbList","@id":"https:\/\/expressometro.mx\/index.php\/2023\/11\/25\/inicio-de-construccion-de-espacio-deportivo-para-jiquipilquenses\/#breadcrumb","itemListElement":[{"@type":"ListItem","position":1,"name":"Inicio","item":"https:\/\/expressometro.mx\/"},{"@type":"ListItem","position":2,"name":"INICIO DE CONSTRUCCI\u00d3N DE ESPACIO DEPORTIVO PARA JIQUIPILQUENSES"}]},{"@type":"WebSite","@id":"https:\/\/expressometro.mx\/#website","url":"https:\/\/expressometro.mx\/","name":"Expresso Metropolitano","description":"Periodismo comprometido, informaci\u00f3n, investigaci\u00f3n y an\u00e1lisis","publisher":{"@id":"https:\/\/expressometro.mx\/#organization"},"potentialAction":[{"@type":"SearchAction","target":{"@type":"EntryPoint","urlTemplate":"https:\/\/expressometro.mx\/?s={search_term_string}"},"query-input":{"@type":"PropertyValueSpecification","valueRequired":true,"valueName":"search_term_string"}}],"inLanguage":"es"},{"@type":"Organization","@id":"https:\/\/expressometro.mx\/#organization","name":"Expresso Metropolitano","url":"https:\/\/expressometro.mx\/","logo":{"@type":"ImageObject","inLanguage":"es","@id":"https:\/\/expressometro.mx\/#\/schema\/logo\/image\/","url":"https:\/\/expressometro.mx\/wp-content\/uploads\/2019\/07\/cropped-Logo-Expresso-Metropolitano-1-1.jpeg","contentUrl":"https:\/\/expressometro.mx\/wp-content\/uploads\/2019\/07\/cropped-Logo-Expresso-Metropolitano-1-1.jpeg","width":290,"height":73,"caption":"Expresso Metropolitano"},"image":{"@id":"https:\/\/expressometro.mx\/#\/schema\/logo\/image\/"}},{"@type":"Person","@id":"https:\/\/expressometro.mx\/#\/schema\/person\/efa971b4a0664db8ed5c22b1b0dd2f5d","name":"Expresso Metropolitano","image":{"@type":"ImageObject","inLanguage":"es","@id":"https:\/\/secure.gravatar.com\/avatar\/a89f802b8de18c6952f223c88d3d106e9e3679839f4e25a02f4a6cc2ae6ba3b3?s=96&d=mm&r=g","url":"https:\/\/secure.gravatar.com\/avatar\/a89f802b8de18c6952f223c88d3d106e9e3679839f4e25a02f4a6cc2ae6ba3b3?s=96&d=mm&r=g","contentUrl":"https:\/\/secure.gravatar.com\/avatar\/a89f802b8de18c6952f223c88d3d106e9e3679839f4e25a02f4a6cc2ae6ba3b3?s=96&d=mm&r=g","caption":"Expresso Metropolitano"},"url":"https:\/\/expressometro.mx\/index.php\/author\/diego\/"}]}},"amp_enabled":true,"_links":{"self":[{"href":"https:\/\/expressometro.mx\/index.php\/wp-json\/wp\/v2\/posts\/8364","targetHints":{"allow":["GET"]}}],"collection":[{"href":"https:\/\/expressometro.mx\/index.php\/wp-json\/wp\/v2\/posts"}],"about":[{"href":"https:\/\/expressometro.mx\/index.php\/wp-json\/wp\/v2\/types\/post"}],"author":[{"embeddable":true,"href":"https:\/\/expressometro.mx\/index.php\/wp-json\/wp\/v2\/users\/1"}],"replies":[{"embeddable":true,"href":"https:\/\/expressometro.mx\/index.php\/wp-json\/wp\/v2\/comments?post=8364"}],"version-history":[{"count":1,"href":"https:\/\/expressometro.mx\/index.php\/wp-json\/wp\/v2\/posts\/8364\/revisions"}],"predecessor-version":[{"id":8367,"href":"https:\/\/expressometro.mx\/index.php\/wp-json\/wp\/v2\/posts\/8364\/revisions\/8367"}],"wp:featuredmedia":[{"embeddable":true,"href":"https:\/\/expressometro.mx\/index.php\/wp-json\/wp\/v2\/media\/8366"}],"wp:attachment":[{"href":"https:\/\/expressometro.mx\/index.php\/wp-json\/wp\/v2\/media?parent=8364"}],"wp:term":[{"taxonomy":"category","embeddable":true,"href":"https:\/\/expressometro.mx\/index.php\/wp-json\/wp\/v2\/categories?post=8364"},{"taxonomy":"post_tag","embeddable":true,"href":"https:\/\/expressometro.mx\/index.php\/wp-json\/wp\/v2\/tags?post=8364"}],"curies":[{"name":"wp","href":"https:\/\/api.w.org\/{rel}","templated":true}]}}