{"id":8333,"date":"2023-11-16T09:56:49","date_gmt":"2023-11-16T15:56:49","guid":{"rendered":"https:\/\/expressometro.mx\/?p=8333"},"modified":"2023-11-24T10:05:16","modified_gmt":"2023-11-24T16:05:16","slug":"uaemex-sede-de-la-presentacion-del-panorama-agroalimentario-2023","status":"publish","type":"post","link":"https:\/\/expressometro.mx\/index.php\/2023\/11\/16\/uaemex-sede-de-la-presentacion-del-panorama-agroalimentario-2023\/","title":{"rendered":"UAEM\u00c9X, SEDE DE LA PRESENTACI\u00d3N DEL \u201cPANORAMA AGROALIMENTARIO 2023\u201d"},"content":{"rendered":"\n<p><\/p>\n\n\n\n<p>* La gobernadora mexiquense, Delfina G\u00f3mez \u00c1lvarez; el secretario de Agricultura y Desarrollo Rural del Gobierno de M\u00e9xico, V\u00edctor Manuel Villalobos Ar\u00e1mbula, y el rector de la UAEM\u00e9x, Carlos Eduardo Barrera D\u00edaz, encabezaron la presentaci\u00f3n del \u201cPanorama Agroalimentario 2023\u201d.<\/p>\n\n\n\n<p>* El \u201cPanorama Agroalimentario 2023\u201d es una publicaci\u00f3n anual que funge como herramienta de consulta sobre la situaci\u00f3n que guarda el sector agroalimentario del pa\u00eds.<\/p>\n\n\n\n<p>* El rector de la UAEM\u00e9x destac\u00f3 la oferta educativa que se imparte en la UAEM\u00e9x con el prop\u00f3sito de impulsar el campo mexicano.<\/p>\n\n\n\n<p><\/p>\n\n\n\n<p>La Universidad Aut\u00f3noma del Estado de M\u00e9xico (UAEM\u00e9x) fue sede de la presentaci\u00f3n de la publicaci\u00f3n \u201cPanorama Agroalimentario 2023\u201d, acto que encabez\u00f3 la gobernadora mexiquense, Delfina G\u00f3mez \u00c1lvarez; el secretario de Agricultura y Desarrollo Rural del Gobierno de M\u00e9xico, V\u00edctor Manuel Villalobos Ar\u00e1mbula, y el rector de esta casa de estudios, Carlos Eduardo Barrera D\u00edaz.<\/p>\n\n\n\n<p>Ante productores del campo, en el Aula Magna \u201cLic. Adolfo L\u00f3pez Mateos\u201d del Edificio de Rector\u00eda, la gobernadora del Estado de M\u00e9xico, Delfina G\u00f3mez \u00c1lvarez, expres\u00f3 que el \u201cPanorama Agroalimentario 2023\u201d es un documento de suma relevancia que permitir\u00e1 a la administraci\u00f3n estatal que encabeza tomar acciones y decisiones adecuadas en materia de campo, con el prop\u00f3sito de que la entidad mexiquense progrese y aumente la producci\u00f3n agr\u00edcola de la mano del ascenso de las tecnolog\u00edas sostenibles.<\/p>\n\n\n\n<p>\u201cEste documento me va a permitir, por lo menos a m\u00ed, como gobernadora, tomar las acciones y las decisiones adecuadas para fortalecer algo que, sin duda, lo he dicho y siempre lo seguir\u00e9 diciendo, el poder crear esa justicia que todav\u00eda hace falta para nuestros productores, para nuestros compa\u00f1eros que se dedican a la cuesti\u00f3n agr\u00edcola\u201d, afirm\u00f3.<\/p>\n\n\n\n<p>En tanto, el rector de la UAEM\u00e9x, Carlos Eduardo Barrera D\u00edaz, expres\u00f3 que la M\u00e1xima Casa de Estudios mexiquense reconoce la importancia que tiene la producci\u00f3n del campo para la entidad, para el pa\u00eds y para el mundo, por lo que la Aut\u00f3noma mexiquense cuenta con ocho programas de licenciatura, cuatro diplomados, tres especialidades, cinco maestr\u00edas y cuatro doctorados que abordan la tem\u00e1tica del campo y desarrollo agropecuario, adem\u00e1s de 31 proyectos de investigaci\u00f3n relacionados con el sector agroalimentario.<\/p>\n\n\n\n<p>Barrera D\u00edaz record\u00f3 que en la Facultad de Ciencias Agr\u00edcolas se encuentra la Plataforma de Transferencia de Tecnolog\u00eda, en colaboraci\u00f3n con el Centro Internacional de Mejoramiento de Ma\u00edz y Trigo, en la cual empresas, sector productivo y campesinos pueden ver c\u00f3mo se est\u00e1 mejorando la producci\u00f3n en m\u00e1s de 12 hect\u00e1reas sembradas y c\u00f3mo mejorar los procesos de rendimiento de grano y la capacitaci\u00f3n y filtraci\u00f3n de agua, a trav\u00e9s de una preparaci\u00f3n temprana de suelo.<\/p>\n\n\n\n<p>\u201cEs de suma importancia la informaci\u00f3n del Panorama, pues la producci\u00f3n alimentaria constituye un imperativo \u00e9tico que orienta las acciones del Estado y apuntala la soberan\u00eda nacional. La actividad que hoy nos convoca es de gran inter\u00e9s para todas las profesiones que tienen que ver con las ciencias agr\u00edcolas y rurales, la econom\u00eda, la geograf\u00eda, la medicina veterinaria y zootecnia\u201d, asegur\u00f3.<\/p>\n\n\n\n<p>Barrera D\u00edaz asegur\u00f3 que la Aut\u00f3noma mexiquense, con la voluntad de contribuir al mejoramiento del sector agroalimentario, impulsar\u00e1 la difusi\u00f3n del \u201cPanorama Agroalimentario 2023\u201d entre la comunidad universitaria.<\/p>\n\n\n\n<p>En su oportunidad, el secretario de Agricultura y Desarrollo Rural del Gobierno de M\u00e9xico, V\u00edctor Manuel Villalobos Ar\u00e1mbula, dijo que los desaf\u00edos que enfrenta el sector agroalimentario del pa\u00eds son muy similares a los de otras naciones como producir de manera m\u00e1s eficiente, integrar e incrementar de forma vigorosa y positiva las cadenas productivas, mejorar la competitividad, producir de modo m\u00e1s sustentable, garantizar la seguridad alimentaria de la poblaci\u00f3n y mejorar&nbsp; las condiciones de vida de los productores del campo.<\/p>\n\n\n\n<p>\u201cSabemos que el futuro del planeta y de las siguientes generaciones dependen de encontrar mejores formas de producir, pero tambi\u00e9n mejores formas de conservar\u201d.<\/p>\n\n\n\n<p>La Secretar\u00eda de Agricultura y Desarrollo Rural federal, a trav\u00e9s del Servicio de Informaci\u00f3n Agroalimentaria y Pesquera (SIAP), elabor\u00f3 el \u201cPanorama Agroalimentario 2023\u201d, documento accesible para el conocimiento y comprensi\u00f3n de las estad\u00edsticas b\u00e1sicas del campo mexicano, una publicaci\u00f3n anual que enriquece la investigaci\u00f3n y que se pone a disposici\u00f3n del p\u00fablico en general como una herramienta de consulta eficaz para sustentar decisiones productivas, de inversi\u00f3n, de necesidades de servicios y de oportunidades comerciales.<\/p>\n\n\n\n<p>La gobernadora estatal y el secretario federal agradecieron al rector de la UAEM\u00e9x, Carlos Eduardo Barrera D\u00edaz, la anfitrion\u00eda para dar a conocer el documento de relevancia nacional.<\/p>\n\n\n\n<p>Al acto acudieron la directora en jefe del SIAP, Patricia Ornelas Ruiz; la representante de la FAO en M\u00e9xico, Lina Pohl Alfaro; la secretaria del Campo estatal, Mar\u00eda Eugenia Rojano Vald\u00e9s, gabinete universitario y productores del campo.<\/p>\n","protected":false},"excerpt":{"rendered":"<p>La Universidad Aut\u00f3noma del Estado de M\u00e9xico (UAEM\u00e9x) fue sede de la presentaci\u00f3n de la publicaci\u00f3n \u201cPanorama Agroalimentario 2023\u201d, acto que encabez\u00f3 la gobernadora mexiquense, Delfina G\u00f3mez \u00c1lvarez; el secretario de Agricultura y Desarrollo Rural del Gobierno de M\u00e9xico, V\u00edctor Manuel Villalobos Ar\u00e1mbula, y el rector de esta casa de estudios, Carlos Eduardo Barrera D\u00edaz.<\/p>\n","protected":false},"author":1,"featured_media":8335,"comment_status":"open","ping_status":"open","sticky":false,"template":"","format":"standard","meta":{"footnotes":""},"categories":[108,4,3,231],"tags":[313,1314,1982,86,82],"class_list":["post-8333","post","type-post","status-publish","format-standard","has-post-thumbnail","hentry","category-educacion","category-finanzas","category-gobierno","category-politica","tag-carlos-eduardo-barrera-diaz","tag-delfina-gomez","tag-edomex","tag-gem","tag-uaemex"],"yoast_head":"<!-- This site is optimized with the Yoast SEO plugin v27.4 - https:\/\/yoast.com\/product\/yoast-seo-wordpress\/ -->\n<title>UAEM\u00c9X, SEDE DE LA PRESENTACI\u00d3N DEL \u201cPANORAMA AGROALIMENTARIO 2023\u201d - Expresso Metropolitano<\/title>\n<meta name=\"robots\" content=\"index, follow, max-snippet:-1, max-image-preview:large, max-video-preview:-1\" \/>\n<link rel=\"canonical\" href=\"https:\/\/expressometro.mx\/index.php\/2023\/11\/16\/uaemex-sede-de-la-presentacion-del-panorama-agroalimentario-2023\/\" \/>\n<meta property=\"og:locale\" content=\"es_MX\" \/>\n<meta property=\"og:type\" content=\"article\" \/>\n<meta property=\"og:title\" content=\"UAEM\u00c9X, SEDE DE LA PRESENTACI\u00d3N DEL \u201cPANORAMA AGROALIMENTARIO 2023\u201d - Expresso Metropolitano\" \/>\n<meta property=\"og:description\" content=\"La Universidad Aut\u00f3noma del Estado de M\u00e9xico (UAEM\u00e9x) fue sede de la presentaci\u00f3n de la publicaci\u00f3n \u201cPanorama Agroalimentario 2023\u201d, acto que encabez\u00f3 la gobernadora mexiquense, Delfina G\u00f3mez \u00c1lvarez; el secretario de Agricultura y Desarrollo Rural del Gobierno de M\u00e9xico, V\u00edctor Manuel Villalobos Ar\u00e1mbula, y el rector de esta casa de estudios, Carlos Eduardo Barrera D\u00edaz.\" \/>\n<meta property=\"og:url\" content=\"https:\/\/expressometro.mx\/index.php\/2023\/11\/16\/uaemex-sede-de-la-presentacion-del-panorama-agroalimentario-2023\/\" \/>\n<meta property=\"og:site_name\" content=\"Expresso Metropolitano\" \/>\n<meta property=\"article:published_time\" content=\"2023-11-16T15:56:49+00:00\" \/>\n<meta property=\"article:modified_time\" content=\"2023-11-24T16:05:16+00:00\" \/>\n<meta property=\"og:image\" content=\"http:\/\/expressometro.mx\/wp-content\/uploads\/2023\/11\/UAEM-Delfina-161123-1.jpg\" \/>\n\t<meta property=\"og:image:width\" content=\"800\" \/>\n\t<meta property=\"og:image:height\" content=\"533\" \/>\n\t<meta property=\"og:image:type\" content=\"image\/jpeg\" \/>\n<meta name=\"author\" content=\"Expresso Metropolitano\" \/>\n<meta name=\"twitter:label1\" content=\"Escrito por\" \/>\n\t<meta name=\"twitter:data1\" content=\"Expresso Metropolitano\" \/>\n\t<meta name=\"twitter:label2\" content=\"Tiempo de lectura\" \/>\n\t<meta name=\"twitter:data2\" content=\"4 minutos\" \/>\n<script type=\"application\/ld+json\" class=\"yoast-schema-graph\">{\"@context\":\"https:\\\/\\\/schema.org\",\"@graph\":[{\"@type\":\"Article\",\"@id\":\"https:\\\/\\\/expressometro.mx\\\/index.php\\\/2023\\\/11\\\/16\\\/uaemex-sede-de-la-presentacion-del-panorama-agroalimentario-2023\\\/#article\",\"isPartOf\":{\"@id\":\"https:\\\/\\\/expressometro.mx\\\/index.php\\\/2023\\\/11\\\/16\\\/uaemex-sede-de-la-presentacion-del-panorama-agroalimentario-2023\\\/\"},\"author\":{\"name\":\"Expresso Metropolitano\",\"@id\":\"https:\\\/\\\/expressometro.mx\\\/#\\\/schema\\\/person\\\/efa971b4a0664db8ed5c22b1b0dd2f5d\"},\"headline\":\"UAEM\u00c9X, SEDE DE LA PRESENTACI\u00d3N DEL \u201cPANORAMA AGROALIMENTARIO 2023\u201d\",\"datePublished\":\"2023-11-16T15:56:49+00:00\",\"dateModified\":\"2023-11-24T16:05:16+00:00\",\"mainEntityOfPage\":{\"@id\":\"https:\\\/\\\/expressometro.mx\\\/index.php\\\/2023\\\/11\\\/16\\\/uaemex-sede-de-la-presentacion-del-panorama-agroalimentario-2023\\\/\"},\"wordCount\":860,\"commentCount\":0,\"publisher\":{\"@id\":\"https:\\\/\\\/expressometro.mx\\\/#organization\"},\"image\":{\"@id\":\"https:\\\/\\\/expressometro.mx\\\/index.php\\\/2023\\\/11\\\/16\\\/uaemex-sede-de-la-presentacion-del-panorama-agroalimentario-2023\\\/#primaryimage\"},\"thumbnailUrl\":\"https:\\\/\\\/expressometro.mx\\\/wp-content\\\/uploads\\\/2023\\\/11\\\/UAEM-Delfina-161123-1.jpg\",\"keywords\":[\"Carlos Eduardo Barrera D\u00edaz\",\"Delfina G\u00f3mez\",\"Edomex\",\"GEM\",\"UAEMex\"],\"articleSection\":[\"Educaci\u00f3n\",\"Finanzas\",\"Gobierno\",\"Pol\u00edtica\"],\"inLanguage\":\"es\",\"potentialAction\":[{\"@type\":\"CommentAction\",\"name\":\"Comment\",\"target\":[\"https:\\\/\\\/expressometro.mx\\\/index.php\\\/2023\\\/11\\\/16\\\/uaemex-sede-de-la-presentacion-del-panorama-agroalimentario-2023\\\/#respond\"]}]},{\"@type\":\"WebPage\",\"@id\":\"https:\\\/\\\/expressometro.mx\\\/index.php\\\/2023\\\/11\\\/16\\\/uaemex-sede-de-la-presentacion-del-panorama-agroalimentario-2023\\\/\",\"url\":\"https:\\\/\\\/expressometro.mx\\\/index.php\\\/2023\\\/11\\\/16\\\/uaemex-sede-de-la-presentacion-del-panorama-agroalimentario-2023\\\/\",\"name\":\"UAEM\u00c9X, SEDE DE LA PRESENTACI\u00d3N DEL \u201cPANORAMA AGROALIMENTARIO 2023\u201d - Expresso Metropolitano\",\"isPartOf\":{\"@id\":\"https:\\\/\\\/expressometro.mx\\\/#website\"},\"primaryImageOfPage\":{\"@id\":\"https:\\\/\\\/expressometro.mx\\\/index.php\\\/2023\\\/11\\\/16\\\/uaemex-sede-de-la-presentacion-del-panorama-agroalimentario-2023\\\/#primaryimage\"},\"image\":{\"@id\":\"https:\\\/\\\/expressometro.mx\\\/index.php\\\/2023\\\/11\\\/16\\\/uaemex-sede-de-la-presentacion-del-panorama-agroalimentario-2023\\\/#primaryimage\"},\"thumbnailUrl\":\"https:\\\/\\\/expressometro.mx\\\/wp-content\\\/uploads\\\/2023\\\/11\\\/UAEM-Delfina-161123-1.jpg\",\"datePublished\":\"2023-11-16T15:56:49+00:00\",\"dateModified\":\"2023-11-24T16:05:16+00:00\",\"breadcrumb\":{\"@id\":\"https:\\\/\\\/expressometro.mx\\\/index.php\\\/2023\\\/11\\\/16\\\/uaemex-sede-de-la-presentacion-del-panorama-agroalimentario-2023\\\/#breadcrumb\"},\"inLanguage\":\"es\",\"potentialAction\":[{\"@type\":\"ReadAction\",\"target\":[\"https:\\\/\\\/expressometro.mx\\\/index.php\\\/2023\\\/11\\\/16\\\/uaemex-sede-de-la-presentacion-del-panorama-agroalimentario-2023\\\/\"]}]},{\"@type\":\"ImageObject\",\"inLanguage\":\"es\",\"@id\":\"https:\\\/\\\/expressometro.mx\\\/index.php\\\/2023\\\/11\\\/16\\\/uaemex-sede-de-la-presentacion-del-panorama-agroalimentario-2023\\\/#primaryimage\",\"url\":\"https:\\\/\\\/expressometro.mx\\\/wp-content\\\/uploads\\\/2023\\\/11\\\/UAEM-Delfina-161123-1.jpg\",\"contentUrl\":\"https:\\\/\\\/expressometro.mx\\\/wp-content\\\/uploads\\\/2023\\\/11\\\/UAEM-Delfina-161123-1.jpg\",\"width\":800,\"height\":533},{\"@type\":\"BreadcrumbList\",\"@id\":\"https:\\\/\\\/expressometro.mx\\\/index.php\\\/2023\\\/11\\\/16\\\/uaemex-sede-de-la-presentacion-del-panorama-agroalimentario-2023\\\/#breadcrumb\",\"itemListElement\":[{\"@type\":\"ListItem\",\"position\":1,\"name\":\"Inicio\",\"item\":\"https:\\\/\\\/expressometro.mx\\\/\"},{\"@type\":\"ListItem\",\"position\":2,\"name\":\"UAEM\u00c9X, SEDE DE LA PRESENTACI\u00d3N DEL \u201cPANORAMA AGROALIMENTARIO 2023\u201d\"}]},{\"@type\":\"WebSite\",\"@id\":\"https:\\\/\\\/expressometro.mx\\\/#website\",\"url\":\"https:\\\/\\\/expressometro.mx\\\/\",\"name\":\"Expresso Metropolitano\",\"description\":\"Periodismo comprometido, informaci\u00f3n, investigaci\u00f3n y an\u00e1lisis\",\"publisher\":{\"@id\":\"https:\\\/\\\/expressometro.mx\\\/#organization\"},\"potentialAction\":[{\"@type\":\"SearchAction\",\"target\":{\"@type\":\"EntryPoint\",\"urlTemplate\":\"https:\\\/\\\/expressometro.mx\\\/?s={search_term_string}\"},\"query-input\":{\"@type\":\"PropertyValueSpecification\",\"valueRequired\":true,\"valueName\":\"search_term_string\"}}],\"inLanguage\":\"es\"},{\"@type\":\"Organization\",\"@id\":\"https:\\\/\\\/expressometro.mx\\\/#organization\",\"name\":\"Expresso Metropolitano\",\"url\":\"https:\\\/\\\/expressometro.mx\\\/\",\"logo\":{\"@type\":\"ImageObject\",\"inLanguage\":\"es\",\"@id\":\"https:\\\/\\\/expressometro.mx\\\/#\\\/schema\\\/logo\\\/image\\\/\",\"url\":\"https:\\\/\\\/expressometro.mx\\\/wp-content\\\/uploads\\\/2019\\\/07\\\/cropped-Logo-Expresso-Metropolitano-1-1.jpeg\",\"contentUrl\":\"https:\\\/\\\/expressometro.mx\\\/wp-content\\\/uploads\\\/2019\\\/07\\\/cropped-Logo-Expresso-Metropolitano-1-1.jpeg\",\"width\":290,\"height\":73,\"caption\":\"Expresso Metropolitano\"},\"image\":{\"@id\":\"https:\\\/\\\/expressometro.mx\\\/#\\\/schema\\\/logo\\\/image\\\/\"}},{\"@type\":\"Person\",\"@id\":\"https:\\\/\\\/expressometro.mx\\\/#\\\/schema\\\/person\\\/efa971b4a0664db8ed5c22b1b0dd2f5d\",\"name\":\"Expresso Metropolitano\",\"image\":{\"@type\":\"ImageObject\",\"inLanguage\":\"es\",\"@id\":\"https:\\\/\\\/secure.gravatar.com\\\/avatar\\\/a89f802b8de18c6952f223c88d3d106e9e3679839f4e25a02f4a6cc2ae6ba3b3?s=96&d=mm&r=g\",\"url\":\"https:\\\/\\\/secure.gravatar.com\\\/avatar\\\/a89f802b8de18c6952f223c88d3d106e9e3679839f4e25a02f4a6cc2ae6ba3b3?s=96&d=mm&r=g\",\"contentUrl\":\"https:\\\/\\\/secure.gravatar.com\\\/avatar\\\/a89f802b8de18c6952f223c88d3d106e9e3679839f4e25a02f4a6cc2ae6ba3b3?s=96&d=mm&r=g\",\"caption\":\"Expresso Metropolitano\"},\"url\":\"https:\\\/\\\/expressometro.mx\\\/index.php\\\/author\\\/diego\\\/\"}]}<\/script>\n<!-- \/ Yoast SEO plugin. -->","yoast_head_json":{"title":"UAEM\u00c9X, SEDE DE LA PRESENTACI\u00d3N DEL \u201cPANORAMA AGROALIMENTARIO 2023\u201d - Expresso Metropolitano","robots":{"index":"index","follow":"follow","max-snippet":"max-snippet:-1","max-image-preview":"max-image-preview:large","max-video-preview":"max-video-preview:-1"},"canonical":"https:\/\/expressometro.mx\/index.php\/2023\/11\/16\/uaemex-sede-de-la-presentacion-del-panorama-agroalimentario-2023\/","og_locale":"es_MX","og_type":"article","og_title":"UAEM\u00c9X, SEDE DE LA PRESENTACI\u00d3N DEL \u201cPANORAMA AGROALIMENTARIO 2023\u201d - Expresso Metropolitano","og_description":"La Universidad Aut\u00f3noma del Estado de M\u00e9xico (UAEM\u00e9x) fue sede de la presentaci\u00f3n de la publicaci\u00f3n \u201cPanorama Agroalimentario 2023\u201d, acto que encabez\u00f3 la gobernadora mexiquense, Delfina G\u00f3mez \u00c1lvarez; el secretario de Agricultura y Desarrollo Rural del Gobierno de M\u00e9xico, V\u00edctor Manuel Villalobos Ar\u00e1mbula, y el rector de esta casa de estudios, Carlos Eduardo Barrera D\u00edaz.","og_url":"https:\/\/expressometro.mx\/index.php\/2023\/11\/16\/uaemex-sede-de-la-presentacion-del-panorama-agroalimentario-2023\/","og_site_name":"Expresso Metropolitano","article_published_time":"2023-11-16T15:56:49+00:00","article_modified_time":"2023-11-24T16:05:16+00:00","og_image":[{"width":800,"height":533,"url":"http:\/\/expressometro.mx\/wp-content\/uploads\/2023\/11\/UAEM-Delfina-161123-1.jpg","type":"image\/jpeg"}],"author":"Expresso Metropolitano","twitter_misc":{"Escrito por":"Expresso Metropolitano","Tiempo de lectura":"4 minutos"},"schema":{"@context":"https:\/\/schema.org","@graph":[{"@type":"Article","@id":"https:\/\/expressometro.mx\/index.php\/2023\/11\/16\/uaemex-sede-de-la-presentacion-del-panorama-agroalimentario-2023\/#article","isPartOf":{"@id":"https:\/\/expressometro.mx\/index.php\/2023\/11\/16\/uaemex-sede-de-la-presentacion-del-panorama-agroalimentario-2023\/"},"author":{"name":"Expresso Metropolitano","@id":"https:\/\/expressometro.mx\/#\/schema\/person\/efa971b4a0664db8ed5c22b1b0dd2f5d"},"headline":"UAEM\u00c9X, SEDE DE LA PRESENTACI\u00d3N DEL \u201cPANORAMA AGROALIMENTARIO 2023\u201d","datePublished":"2023-11-16T15:56:49+00:00","dateModified":"2023-11-24T16:05:16+00:00","mainEntityOfPage":{"@id":"https:\/\/expressometro.mx\/index.php\/2023\/11\/16\/uaemex-sede-de-la-presentacion-del-panorama-agroalimentario-2023\/"},"wordCount":860,"commentCount":0,"publisher":{"@id":"https:\/\/expressometro.mx\/#organization"},"image":{"@id":"https:\/\/expressometro.mx\/index.php\/2023\/11\/16\/uaemex-sede-de-la-presentacion-del-panorama-agroalimentario-2023\/#primaryimage"},"thumbnailUrl":"https:\/\/expressometro.mx\/wp-content\/uploads\/2023\/11\/UAEM-Delfina-161123-1.jpg","keywords":["Carlos Eduardo Barrera D\u00edaz","Delfina G\u00f3mez","Edomex","GEM","UAEMex"],"articleSection":["Educaci\u00f3n","Finanzas","Gobierno","Pol\u00edtica"],"inLanguage":"es","potentialAction":[{"@type":"CommentAction","name":"Comment","target":["https:\/\/expressometro.mx\/index.php\/2023\/11\/16\/uaemex-sede-de-la-presentacion-del-panorama-agroalimentario-2023\/#respond"]}]},{"@type":"WebPage","@id":"https:\/\/expressometro.mx\/index.php\/2023\/11\/16\/uaemex-sede-de-la-presentacion-del-panorama-agroalimentario-2023\/","url":"https:\/\/expressometro.mx\/index.php\/2023\/11\/16\/uaemex-sede-de-la-presentacion-del-panorama-agroalimentario-2023\/","name":"UAEM\u00c9X, SEDE DE LA PRESENTACI\u00d3N DEL \u201cPANORAMA AGROALIMENTARIO 2023\u201d - Expresso Metropolitano","isPartOf":{"@id":"https:\/\/expressometro.mx\/#website"},"primaryImageOfPage":{"@id":"https:\/\/expressometro.mx\/index.php\/2023\/11\/16\/uaemex-sede-de-la-presentacion-del-panorama-agroalimentario-2023\/#primaryimage"},"image":{"@id":"https:\/\/expressometro.mx\/index.php\/2023\/11\/16\/uaemex-sede-de-la-presentacion-del-panorama-agroalimentario-2023\/#primaryimage"},"thumbnailUrl":"https:\/\/expressometro.mx\/wp-content\/uploads\/2023\/11\/UAEM-Delfina-161123-1.jpg","datePublished":"2023-11-16T15:56:49+00:00","dateModified":"2023-11-24T16:05:16+00:00","breadcrumb":{"@id":"https:\/\/expressometro.mx\/index.php\/2023\/11\/16\/uaemex-sede-de-la-presentacion-del-panorama-agroalimentario-2023\/#breadcrumb"},"inLanguage":"es","potentialAction":[{"@type":"ReadAction","target":["https:\/\/expressometro.mx\/index.php\/2023\/11\/16\/uaemex-sede-de-la-presentacion-del-panorama-agroalimentario-2023\/"]}]},{"@type":"ImageObject","inLanguage":"es","@id":"https:\/\/expressometro.mx\/index.php\/2023\/11\/16\/uaemex-sede-de-la-presentacion-del-panorama-agroalimentario-2023\/#primaryimage","url":"https:\/\/expressometro.mx\/wp-content\/uploads\/2023\/11\/UAEM-Delfina-161123-1.jpg","contentUrl":"https:\/\/expressometro.mx\/wp-content\/uploads\/2023\/11\/UAEM-Delfina-161123-1.jpg","width":800,"height":533},{"@type":"BreadcrumbList","@id":"https:\/\/expressometro.mx\/index.php\/2023\/11\/16\/uaemex-sede-de-la-presentacion-del-panorama-agroalimentario-2023\/#breadcrumb","itemListElement":[{"@type":"ListItem","position":1,"name":"Inicio","item":"https:\/\/expressometro.mx\/"},{"@type":"ListItem","position":2,"name":"UAEM\u00c9X, SEDE DE LA PRESENTACI\u00d3N DEL \u201cPANORAMA AGROALIMENTARIO 2023\u201d"}]},{"@type":"WebSite","@id":"https:\/\/expressometro.mx\/#website","url":"https:\/\/expressometro.mx\/","name":"Expresso Metropolitano","description":"Periodismo comprometido, informaci\u00f3n, investigaci\u00f3n y an\u00e1lisis","publisher":{"@id":"https:\/\/expressometro.mx\/#organization"},"potentialAction":[{"@type":"SearchAction","target":{"@type":"EntryPoint","urlTemplate":"https:\/\/expressometro.mx\/?s={search_term_string}"},"query-input":{"@type":"PropertyValueSpecification","valueRequired":true,"valueName":"search_term_string"}}],"inLanguage":"es"},{"@type":"Organization","@id":"https:\/\/expressometro.mx\/#organization","name":"Expresso Metropolitano","url":"https:\/\/expressometro.mx\/","logo":{"@type":"ImageObject","inLanguage":"es","@id":"https:\/\/expressometro.mx\/#\/schema\/logo\/image\/","url":"https:\/\/expressometro.mx\/wp-content\/uploads\/2019\/07\/cropped-Logo-Expresso-Metropolitano-1-1.jpeg","contentUrl":"https:\/\/expressometro.mx\/wp-content\/uploads\/2019\/07\/cropped-Logo-Expresso-Metropolitano-1-1.jpeg","width":290,"height":73,"caption":"Expresso Metropolitano"},"image":{"@id":"https:\/\/expressometro.mx\/#\/schema\/logo\/image\/"}},{"@type":"Person","@id":"https:\/\/expressometro.mx\/#\/schema\/person\/efa971b4a0664db8ed5c22b1b0dd2f5d","name":"Expresso Metropolitano","image":{"@type":"ImageObject","inLanguage":"es","@id":"https:\/\/secure.gravatar.com\/avatar\/a89f802b8de18c6952f223c88d3d106e9e3679839f4e25a02f4a6cc2ae6ba3b3?s=96&d=mm&r=g","url":"https:\/\/secure.gravatar.com\/avatar\/a89f802b8de18c6952f223c88d3d106e9e3679839f4e25a02f4a6cc2ae6ba3b3?s=96&d=mm&r=g","contentUrl":"https:\/\/secure.gravatar.com\/avatar\/a89f802b8de18c6952f223c88d3d106e9e3679839f4e25a02f4a6cc2ae6ba3b3?s=96&d=mm&r=g","caption":"Expresso Metropolitano"},"url":"https:\/\/expressometro.mx\/index.php\/author\/diego\/"}]}},"amp_enabled":true,"_links":{"self":[{"href":"https:\/\/expressometro.mx\/index.php\/wp-json\/wp\/v2\/posts\/8333","targetHints":{"allow":["GET"]}}],"collection":[{"href":"https:\/\/expressometro.mx\/index.php\/wp-json\/wp\/v2\/posts"}],"about":[{"href":"https:\/\/expressometro.mx\/index.php\/wp-json\/wp\/v2\/types\/post"}],"author":[{"embeddable":true,"href":"https:\/\/expressometro.mx\/index.php\/wp-json\/wp\/v2\/users\/1"}],"replies":[{"embeddable":true,"href":"https:\/\/expressometro.mx\/index.php\/wp-json\/wp\/v2\/comments?post=8333"}],"version-history":[{"count":1,"href":"https:\/\/expressometro.mx\/index.php\/wp-json\/wp\/v2\/posts\/8333\/revisions"}],"predecessor-version":[{"id":8336,"href":"https:\/\/expressometro.mx\/index.php\/wp-json\/wp\/v2\/posts\/8333\/revisions\/8336"}],"wp:featuredmedia":[{"embeddable":true,"href":"https:\/\/expressometro.mx\/index.php\/wp-json\/wp\/v2\/media\/8335"}],"wp:attachment":[{"href":"https:\/\/expressometro.mx\/index.php\/wp-json\/wp\/v2\/media?parent=8333"}],"wp:term":[{"taxonomy":"category","embeddable":true,"href":"https:\/\/expressometro.mx\/index.php\/wp-json\/wp\/v2\/categories?post=8333"},{"taxonomy":"post_tag","embeddable":true,"href":"https:\/\/expressometro.mx\/index.php\/wp-json\/wp\/v2\/tags?post=8333"}],"curies":[{"name":"wp","href":"https:\/\/api.w.org\/{rel}","templated":true}]}}