{"id":8318,"date":"2023-11-10T05:52:21","date_gmt":"2023-11-10T11:52:21","guid":{"rendered":"https:\/\/expressometro.mx\/?p=8318"},"modified":"2023-11-23T06:10:52","modified_gmt":"2023-11-23T12:10:52","slug":"jesus-cedillo-recibe-reconocimiento-al-esfuerzo-hacendario-municipal-jose-maria-morelos-y-pavon","status":"publish","type":"post","link":"https:\/\/expressometro.mx\/index.php\/2023\/11\/10\/jesus-cedillo-recibe-reconocimiento-al-esfuerzo-hacendario-municipal-jose-maria-morelos-y-pavon\/","title":{"rendered":"JES\u00daS CEDILLO RECIBE RECONOCIMIENTO AL ESFUERZO HACENDARIO MUNICIPAL \u201cJOS\u00c9 MAR\u00cdA MORELOS Y PAV\u00d3N\u201d"},"content":{"rendered":"\n<p><\/p>\n\n\n\n<p>El Presidente Municipal, Jes\u00fas Cedillo Gonz\u00e1lez recibi\u00f3 un reconocimiento de manos del Vocal Ejecutivo del Instituto Hacendario del Estado de M\u00e9xico, Dr. Felipe Javier Serrano Llerena por destacarse en la Formaci\u00f3n de Servidores P\u00fablicos al esfuerzo hacendario Municipal \u201cJos\u00e9 Mar\u00eda Morelos y Pav\u00f3n\u201d en el marco del Sistema de Coordinaci\u00f3n Hacendaria del Estado de M\u00e9xico y Municipios.<\/p>\n\n\n\n<p>Jes\u00fas Cedillo recibi\u00f3 este reconocimiento, con el que se sostiene que Jocotitl\u00e1n es uno de los municipios mejor evaluados en el manejo adecuado de las finanzas p\u00fablicas, transparencia, efectividad en materia de electrificaci\u00f3n y recursos h\u00eddricos, entre otros apartados. El alcalde siempre se ha preocupado que los recursos alcancen para construir las obras que son de primera necesidad en las comunidades m\u00e1s alejadas de este municipio, con la finalidad de mejorar su calidad de vida.<\/p>\n\n\n\n<p>Algunos puntos que se toman en cuenta para evaluar son: el fortalecimiento al marco jur\u00eddico hacendario, participaci\u00f3n en el Sistema Estatal de Coordinaci\u00f3n Hacendaria, manejo adecuado de las finanzas p\u00fablicas, modernizaci\u00f3n predial y catastral; eficiencia en la gesti\u00f3n de recursos h\u00eddricos, innovaci\u00f3n en tecnolog\u00edas de la informaci\u00f3n, efectividad en materia de electrificaci\u00f3n, formaci\u00f3n de servidores p\u00fablicos, cumplimiento de obligaciones de transparencia y en materia de mejora regulatoria.<\/p>\n","protected":false},"excerpt":{"rendered":"<p>El Presidente Municipal, Jes\u00fas Cedillo Gonz\u00e1lez recibi\u00f3 un reconocimiento de manos del Vocal Ejecutivo del Instituto Hacendario del Estado de M\u00e9xico, Dr. Felipe Javier Serrano Llerena por destacarse en la Formaci\u00f3n de Servidores P\u00fablicos al esfuerzo hacendario Municipal \u201cJos\u00e9 Mar\u00eda Morelos y Pav\u00f3n\u201d en el marco del Sistema de Coordinaci\u00f3n Hacendaria del Estado de M\u00e9xico y Municipios.<\/p>\n","protected":false},"author":1,"featured_media":8320,"comment_status":"open","ping_status":"open","sticky":false,"template":"","format":"standard","meta":{"footnotes":""},"categories":[3,1,231],"tags":[1982,86,1790,324],"class_list":["post-8318","post","type-post","status-publish","format-standard","has-post-thumbnail","hentry","category-gobierno","category-otros","category-politica","tag-edomex","tag-gem","tag-jesus-cedillo-gonzalez","tag-jocotitlan"],"yoast_head":"<!-- This site is optimized with the Yoast SEO plugin v27.4 - https:\/\/yoast.com\/product\/yoast-seo-wordpress\/ -->\n<title>JES\u00daS CEDILLO RECIBE RECONOCIMIENTO AL ESFUERZO HACENDARIO MUNICIPAL \u201cJOS\u00c9 MAR\u00cdA MORELOS Y PAV\u00d3N\u201d - Expresso Metropolitano<\/title>\n<meta name=\"robots\" content=\"index, follow, max-snippet:-1, max-image-preview:large, max-video-preview:-1\" \/>\n<link rel=\"canonical\" href=\"https:\/\/expressometro.mx\/index.php\/2023\/11\/10\/jesus-cedillo-recibe-reconocimiento-al-esfuerzo-hacendario-municipal-jose-maria-morelos-y-pavon\/\" \/>\n<meta property=\"og:locale\" content=\"es_MX\" \/>\n<meta property=\"og:type\" content=\"article\" \/>\n<meta property=\"og:title\" content=\"JES\u00daS CEDILLO RECIBE RECONOCIMIENTO AL ESFUERZO HACENDARIO MUNICIPAL \u201cJOS\u00c9 MAR\u00cdA MORELOS Y PAV\u00d3N\u201d - Expresso Metropolitano\" \/>\n<meta property=\"og:description\" content=\"El Presidente Municipal, Jes\u00fas Cedillo Gonz\u00e1lez recibi\u00f3 un reconocimiento de manos del Vocal Ejecutivo del Instituto Hacendario del Estado de M\u00e9xico, Dr. Felipe Javier Serrano Llerena por destacarse en la Formaci\u00f3n de Servidores P\u00fablicos al esfuerzo hacendario Municipal \u201cJos\u00e9 Mar\u00eda Morelos y Pav\u00f3n\u201d en el marco del Sistema de Coordinaci\u00f3n Hacendaria del Estado de M\u00e9xico y Municipios.\" \/>\n<meta property=\"og:url\" content=\"https:\/\/expressometro.mx\/index.php\/2023\/11\/10\/jesus-cedillo-recibe-reconocimiento-al-esfuerzo-hacendario-municipal-jose-maria-morelos-y-pavon\/\" \/>\n<meta property=\"og:site_name\" content=\"Expresso Metropolitano\" \/>\n<meta property=\"article:published_time\" content=\"2023-11-10T11:52:21+00:00\" \/>\n<meta property=\"article:modified_time\" content=\"2023-11-23T12:10:52+00:00\" \/>\n<meta property=\"og:image\" content=\"http:\/\/expressometro.mx\/wp-content\/uploads\/2023\/11\/Jocotitlan-Premio-Hacendario-101123-1.jpg\" \/>\n\t<meta property=\"og:image:width\" content=\"2048\" \/>\n\t<meta property=\"og:image:height\" content=\"1126\" \/>\n\t<meta property=\"og:image:type\" content=\"image\/jpeg\" \/>\n<meta name=\"author\" content=\"Expresso Metropolitano\" \/>\n<meta name=\"twitter:label1\" content=\"Escrito por\" \/>\n\t<meta name=\"twitter:data1\" content=\"Expresso Metropolitano\" \/>\n\t<meta name=\"twitter:label2\" content=\"Tiempo de lectura\" \/>\n\t<meta name=\"twitter:data2\" content=\"1 minuto\" \/>\n<script type=\"application\/ld+json\" class=\"yoast-schema-graph\">{\"@context\":\"https:\\\/\\\/schema.org\",\"@graph\":[{\"@type\":\"Article\",\"@id\":\"https:\\\/\\\/expressometro.mx\\\/index.php\\\/2023\\\/11\\\/10\\\/jesus-cedillo-recibe-reconocimiento-al-esfuerzo-hacendario-municipal-jose-maria-morelos-y-pavon\\\/#article\",\"isPartOf\":{\"@id\":\"https:\\\/\\\/expressometro.mx\\\/index.php\\\/2023\\\/11\\\/10\\\/jesus-cedillo-recibe-reconocimiento-al-esfuerzo-hacendario-municipal-jose-maria-morelos-y-pavon\\\/\"},\"author\":{\"name\":\"Expresso Metropolitano\",\"@id\":\"https:\\\/\\\/expressometro.mx\\\/#\\\/schema\\\/person\\\/efa971b4a0664db8ed5c22b1b0dd2f5d\"},\"headline\":\"JES\u00daS CEDILLO RECIBE RECONOCIMIENTO AL ESFUERZO HACENDARIO MUNICIPAL \u201cJOS\u00c9 MAR\u00cdA MORELOS Y PAV\u00d3N\u201d\",\"datePublished\":\"2023-11-10T11:52:21+00:00\",\"dateModified\":\"2023-11-23T12:10:52+00:00\",\"mainEntityOfPage\":{\"@id\":\"https:\\\/\\\/expressometro.mx\\\/index.php\\\/2023\\\/11\\\/10\\\/jesus-cedillo-recibe-reconocimiento-al-esfuerzo-hacendario-municipal-jose-maria-morelos-y-pavon\\\/\"},\"wordCount\":243,\"commentCount\":0,\"publisher\":{\"@id\":\"https:\\\/\\\/expressometro.mx\\\/#organization\"},\"image\":{\"@id\":\"https:\\\/\\\/expressometro.mx\\\/index.php\\\/2023\\\/11\\\/10\\\/jesus-cedillo-recibe-reconocimiento-al-esfuerzo-hacendario-municipal-jose-maria-morelos-y-pavon\\\/#primaryimage\"},\"thumbnailUrl\":\"https:\\\/\\\/expressometro.mx\\\/wp-content\\\/uploads\\\/2023\\\/11\\\/Jocotitlan-Premio-Hacendario-101123-1.jpg\",\"keywords\":[\"Edomex\",\"GEM\",\"Jes\u00fas Cedillo Gonz\u00e1lez\",\"Jocotitl\u00e1n\"],\"articleSection\":[\"Gobierno\",\"Otros\",\"Pol\u00edtica\"],\"inLanguage\":\"es\",\"potentialAction\":[{\"@type\":\"CommentAction\",\"name\":\"Comment\",\"target\":[\"https:\\\/\\\/expressometro.mx\\\/index.php\\\/2023\\\/11\\\/10\\\/jesus-cedillo-recibe-reconocimiento-al-esfuerzo-hacendario-municipal-jose-maria-morelos-y-pavon\\\/#respond\"]}]},{\"@type\":\"WebPage\",\"@id\":\"https:\\\/\\\/expressometro.mx\\\/index.php\\\/2023\\\/11\\\/10\\\/jesus-cedillo-recibe-reconocimiento-al-esfuerzo-hacendario-municipal-jose-maria-morelos-y-pavon\\\/\",\"url\":\"https:\\\/\\\/expressometro.mx\\\/index.php\\\/2023\\\/11\\\/10\\\/jesus-cedillo-recibe-reconocimiento-al-esfuerzo-hacendario-municipal-jose-maria-morelos-y-pavon\\\/\",\"name\":\"JES\u00daS CEDILLO RECIBE RECONOCIMIENTO AL ESFUERZO HACENDARIO MUNICIPAL \u201cJOS\u00c9 MAR\u00cdA MORELOS Y PAV\u00d3N\u201d - Expresso Metropolitano\",\"isPartOf\":{\"@id\":\"https:\\\/\\\/expressometro.mx\\\/#website\"},\"primaryImageOfPage\":{\"@id\":\"https:\\\/\\\/expressometro.mx\\\/index.php\\\/2023\\\/11\\\/10\\\/jesus-cedillo-recibe-reconocimiento-al-esfuerzo-hacendario-municipal-jose-maria-morelos-y-pavon\\\/#primaryimage\"},\"image\":{\"@id\":\"https:\\\/\\\/expressometro.mx\\\/index.php\\\/2023\\\/11\\\/10\\\/jesus-cedillo-recibe-reconocimiento-al-esfuerzo-hacendario-municipal-jose-maria-morelos-y-pavon\\\/#primaryimage\"},\"thumbnailUrl\":\"https:\\\/\\\/expressometro.mx\\\/wp-content\\\/uploads\\\/2023\\\/11\\\/Jocotitlan-Premio-Hacendario-101123-1.jpg\",\"datePublished\":\"2023-11-10T11:52:21+00:00\",\"dateModified\":\"2023-11-23T12:10:52+00:00\",\"breadcrumb\":{\"@id\":\"https:\\\/\\\/expressometro.mx\\\/index.php\\\/2023\\\/11\\\/10\\\/jesus-cedillo-recibe-reconocimiento-al-esfuerzo-hacendario-municipal-jose-maria-morelos-y-pavon\\\/#breadcrumb\"},\"inLanguage\":\"es\",\"potentialAction\":[{\"@type\":\"ReadAction\",\"target\":[\"https:\\\/\\\/expressometro.mx\\\/index.php\\\/2023\\\/11\\\/10\\\/jesus-cedillo-recibe-reconocimiento-al-esfuerzo-hacendario-municipal-jose-maria-morelos-y-pavon\\\/\"]}]},{\"@type\":\"ImageObject\",\"inLanguage\":\"es\",\"@id\":\"https:\\\/\\\/expressometro.mx\\\/index.php\\\/2023\\\/11\\\/10\\\/jesus-cedillo-recibe-reconocimiento-al-esfuerzo-hacendario-municipal-jose-maria-morelos-y-pavon\\\/#primaryimage\",\"url\":\"https:\\\/\\\/expressometro.mx\\\/wp-content\\\/uploads\\\/2023\\\/11\\\/Jocotitlan-Premio-Hacendario-101123-1.jpg\",\"contentUrl\":\"https:\\\/\\\/expressometro.mx\\\/wp-content\\\/uploads\\\/2023\\\/11\\\/Jocotitlan-Premio-Hacendario-101123-1.jpg\",\"width\":2048,\"height\":1126},{\"@type\":\"BreadcrumbList\",\"@id\":\"https:\\\/\\\/expressometro.mx\\\/index.php\\\/2023\\\/11\\\/10\\\/jesus-cedillo-recibe-reconocimiento-al-esfuerzo-hacendario-municipal-jose-maria-morelos-y-pavon\\\/#breadcrumb\",\"itemListElement\":[{\"@type\":\"ListItem\",\"position\":1,\"name\":\"Inicio\",\"item\":\"https:\\\/\\\/expressometro.mx\\\/\"},{\"@type\":\"ListItem\",\"position\":2,\"name\":\"JES\u00daS CEDILLO RECIBE RECONOCIMIENTO AL ESFUERZO HACENDARIO MUNICIPAL \u201cJOS\u00c9 MAR\u00cdA MORELOS Y PAV\u00d3N\u201d\"}]},{\"@type\":\"WebSite\",\"@id\":\"https:\\\/\\\/expressometro.mx\\\/#website\",\"url\":\"https:\\\/\\\/expressometro.mx\\\/\",\"name\":\"Expresso Metropolitano\",\"description\":\"Periodismo comprometido, informaci\u00f3n, investigaci\u00f3n y an\u00e1lisis\",\"publisher\":{\"@id\":\"https:\\\/\\\/expressometro.mx\\\/#organization\"},\"potentialAction\":[{\"@type\":\"SearchAction\",\"target\":{\"@type\":\"EntryPoint\",\"urlTemplate\":\"https:\\\/\\\/expressometro.mx\\\/?s={search_term_string}\"},\"query-input\":{\"@type\":\"PropertyValueSpecification\",\"valueRequired\":true,\"valueName\":\"search_term_string\"}}],\"inLanguage\":\"es\"},{\"@type\":\"Organization\",\"@id\":\"https:\\\/\\\/expressometro.mx\\\/#organization\",\"name\":\"Expresso Metropolitano\",\"url\":\"https:\\\/\\\/expressometro.mx\\\/\",\"logo\":{\"@type\":\"ImageObject\",\"inLanguage\":\"es\",\"@id\":\"https:\\\/\\\/expressometro.mx\\\/#\\\/schema\\\/logo\\\/image\\\/\",\"url\":\"https:\\\/\\\/expressometro.mx\\\/wp-content\\\/uploads\\\/2019\\\/07\\\/cropped-Logo-Expresso-Metropolitano-1-1.jpeg\",\"contentUrl\":\"https:\\\/\\\/expressometro.mx\\\/wp-content\\\/uploads\\\/2019\\\/07\\\/cropped-Logo-Expresso-Metropolitano-1-1.jpeg\",\"width\":290,\"height\":73,\"caption\":\"Expresso Metropolitano\"},\"image\":{\"@id\":\"https:\\\/\\\/expressometro.mx\\\/#\\\/schema\\\/logo\\\/image\\\/\"}},{\"@type\":\"Person\",\"@id\":\"https:\\\/\\\/expressometro.mx\\\/#\\\/schema\\\/person\\\/efa971b4a0664db8ed5c22b1b0dd2f5d\",\"name\":\"Expresso Metropolitano\",\"image\":{\"@type\":\"ImageObject\",\"inLanguage\":\"es\",\"@id\":\"https:\\\/\\\/secure.gravatar.com\\\/avatar\\\/a89f802b8de18c6952f223c88d3d106e9e3679839f4e25a02f4a6cc2ae6ba3b3?s=96&d=mm&r=g\",\"url\":\"https:\\\/\\\/secure.gravatar.com\\\/avatar\\\/a89f802b8de18c6952f223c88d3d106e9e3679839f4e25a02f4a6cc2ae6ba3b3?s=96&d=mm&r=g\",\"contentUrl\":\"https:\\\/\\\/secure.gravatar.com\\\/avatar\\\/a89f802b8de18c6952f223c88d3d106e9e3679839f4e25a02f4a6cc2ae6ba3b3?s=96&d=mm&r=g\",\"caption\":\"Expresso Metropolitano\"},\"url\":\"https:\\\/\\\/expressometro.mx\\\/index.php\\\/author\\\/diego\\\/\"}]}<\/script>\n<!-- \/ Yoast SEO plugin. -->","yoast_head_json":{"title":"JES\u00daS CEDILLO RECIBE RECONOCIMIENTO AL ESFUERZO HACENDARIO MUNICIPAL \u201cJOS\u00c9 MAR\u00cdA MORELOS Y PAV\u00d3N\u201d - Expresso Metropolitano","robots":{"index":"index","follow":"follow","max-snippet":"max-snippet:-1","max-image-preview":"max-image-preview:large","max-video-preview":"max-video-preview:-1"},"canonical":"https:\/\/expressometro.mx\/index.php\/2023\/11\/10\/jesus-cedillo-recibe-reconocimiento-al-esfuerzo-hacendario-municipal-jose-maria-morelos-y-pavon\/","og_locale":"es_MX","og_type":"article","og_title":"JES\u00daS CEDILLO RECIBE RECONOCIMIENTO AL ESFUERZO HACENDARIO MUNICIPAL \u201cJOS\u00c9 MAR\u00cdA MORELOS Y PAV\u00d3N\u201d - Expresso Metropolitano","og_description":"El Presidente Municipal, Jes\u00fas Cedillo Gonz\u00e1lez recibi\u00f3 un reconocimiento de manos del Vocal Ejecutivo del Instituto Hacendario del Estado de M\u00e9xico, Dr. Felipe Javier Serrano Llerena por destacarse en la Formaci\u00f3n de Servidores P\u00fablicos al esfuerzo hacendario Municipal \u201cJos\u00e9 Mar\u00eda Morelos y Pav\u00f3n\u201d en el marco del Sistema de Coordinaci\u00f3n Hacendaria del Estado de M\u00e9xico y Municipios.","og_url":"https:\/\/expressometro.mx\/index.php\/2023\/11\/10\/jesus-cedillo-recibe-reconocimiento-al-esfuerzo-hacendario-municipal-jose-maria-morelos-y-pavon\/","og_site_name":"Expresso Metropolitano","article_published_time":"2023-11-10T11:52:21+00:00","article_modified_time":"2023-11-23T12:10:52+00:00","og_image":[{"width":2048,"height":1126,"url":"http:\/\/expressometro.mx\/wp-content\/uploads\/2023\/11\/Jocotitlan-Premio-Hacendario-101123-1.jpg","type":"image\/jpeg"}],"author":"Expresso Metropolitano","twitter_misc":{"Escrito por":"Expresso Metropolitano","Tiempo de lectura":"1 minuto"},"schema":{"@context":"https:\/\/schema.org","@graph":[{"@type":"Article","@id":"https:\/\/expressometro.mx\/index.php\/2023\/11\/10\/jesus-cedillo-recibe-reconocimiento-al-esfuerzo-hacendario-municipal-jose-maria-morelos-y-pavon\/#article","isPartOf":{"@id":"https:\/\/expressometro.mx\/index.php\/2023\/11\/10\/jesus-cedillo-recibe-reconocimiento-al-esfuerzo-hacendario-municipal-jose-maria-morelos-y-pavon\/"},"author":{"name":"Expresso Metropolitano","@id":"https:\/\/expressometro.mx\/#\/schema\/person\/efa971b4a0664db8ed5c22b1b0dd2f5d"},"headline":"JES\u00daS CEDILLO RECIBE RECONOCIMIENTO AL ESFUERZO HACENDARIO MUNICIPAL \u201cJOS\u00c9 MAR\u00cdA MORELOS Y PAV\u00d3N\u201d","datePublished":"2023-11-10T11:52:21+00:00","dateModified":"2023-11-23T12:10:52+00:00","mainEntityOfPage":{"@id":"https:\/\/expressometro.mx\/index.php\/2023\/11\/10\/jesus-cedillo-recibe-reconocimiento-al-esfuerzo-hacendario-municipal-jose-maria-morelos-y-pavon\/"},"wordCount":243,"commentCount":0,"publisher":{"@id":"https:\/\/expressometro.mx\/#organization"},"image":{"@id":"https:\/\/expressometro.mx\/index.php\/2023\/11\/10\/jesus-cedillo-recibe-reconocimiento-al-esfuerzo-hacendario-municipal-jose-maria-morelos-y-pavon\/#primaryimage"},"thumbnailUrl":"https:\/\/expressometro.mx\/wp-content\/uploads\/2023\/11\/Jocotitlan-Premio-Hacendario-101123-1.jpg","keywords":["Edomex","GEM","Jes\u00fas Cedillo Gonz\u00e1lez","Jocotitl\u00e1n"],"articleSection":["Gobierno","Otros","Pol\u00edtica"],"inLanguage":"es","potentialAction":[{"@type":"CommentAction","name":"Comment","target":["https:\/\/expressometro.mx\/index.php\/2023\/11\/10\/jesus-cedillo-recibe-reconocimiento-al-esfuerzo-hacendario-municipal-jose-maria-morelos-y-pavon\/#respond"]}]},{"@type":"WebPage","@id":"https:\/\/expressometro.mx\/index.php\/2023\/11\/10\/jesus-cedillo-recibe-reconocimiento-al-esfuerzo-hacendario-municipal-jose-maria-morelos-y-pavon\/","url":"https:\/\/expressometro.mx\/index.php\/2023\/11\/10\/jesus-cedillo-recibe-reconocimiento-al-esfuerzo-hacendario-municipal-jose-maria-morelos-y-pavon\/","name":"JES\u00daS CEDILLO RECIBE RECONOCIMIENTO AL ESFUERZO HACENDARIO MUNICIPAL \u201cJOS\u00c9 MAR\u00cdA MORELOS Y PAV\u00d3N\u201d - Expresso Metropolitano","isPartOf":{"@id":"https:\/\/expressometro.mx\/#website"},"primaryImageOfPage":{"@id":"https:\/\/expressometro.mx\/index.php\/2023\/11\/10\/jesus-cedillo-recibe-reconocimiento-al-esfuerzo-hacendario-municipal-jose-maria-morelos-y-pavon\/#primaryimage"},"image":{"@id":"https:\/\/expressometro.mx\/index.php\/2023\/11\/10\/jesus-cedillo-recibe-reconocimiento-al-esfuerzo-hacendario-municipal-jose-maria-morelos-y-pavon\/#primaryimage"},"thumbnailUrl":"https:\/\/expressometro.mx\/wp-content\/uploads\/2023\/11\/Jocotitlan-Premio-Hacendario-101123-1.jpg","datePublished":"2023-11-10T11:52:21+00:00","dateModified":"2023-11-23T12:10:52+00:00","breadcrumb":{"@id":"https:\/\/expressometro.mx\/index.php\/2023\/11\/10\/jesus-cedillo-recibe-reconocimiento-al-esfuerzo-hacendario-municipal-jose-maria-morelos-y-pavon\/#breadcrumb"},"inLanguage":"es","potentialAction":[{"@type":"ReadAction","target":["https:\/\/expressometro.mx\/index.php\/2023\/11\/10\/jesus-cedillo-recibe-reconocimiento-al-esfuerzo-hacendario-municipal-jose-maria-morelos-y-pavon\/"]}]},{"@type":"ImageObject","inLanguage":"es","@id":"https:\/\/expressometro.mx\/index.php\/2023\/11\/10\/jesus-cedillo-recibe-reconocimiento-al-esfuerzo-hacendario-municipal-jose-maria-morelos-y-pavon\/#primaryimage","url":"https:\/\/expressometro.mx\/wp-content\/uploads\/2023\/11\/Jocotitlan-Premio-Hacendario-101123-1.jpg","contentUrl":"https:\/\/expressometro.mx\/wp-content\/uploads\/2023\/11\/Jocotitlan-Premio-Hacendario-101123-1.jpg","width":2048,"height":1126},{"@type":"BreadcrumbList","@id":"https:\/\/expressometro.mx\/index.php\/2023\/11\/10\/jesus-cedillo-recibe-reconocimiento-al-esfuerzo-hacendario-municipal-jose-maria-morelos-y-pavon\/#breadcrumb","itemListElement":[{"@type":"ListItem","position":1,"name":"Inicio","item":"https:\/\/expressometro.mx\/"},{"@type":"ListItem","position":2,"name":"JES\u00daS CEDILLO RECIBE RECONOCIMIENTO AL ESFUERZO HACENDARIO MUNICIPAL \u201cJOS\u00c9 MAR\u00cdA MORELOS Y PAV\u00d3N\u201d"}]},{"@type":"WebSite","@id":"https:\/\/expressometro.mx\/#website","url":"https:\/\/expressometro.mx\/","name":"Expresso Metropolitano","description":"Periodismo comprometido, informaci\u00f3n, investigaci\u00f3n y an\u00e1lisis","publisher":{"@id":"https:\/\/expressometro.mx\/#organization"},"potentialAction":[{"@type":"SearchAction","target":{"@type":"EntryPoint","urlTemplate":"https:\/\/expressometro.mx\/?s={search_term_string}"},"query-input":{"@type":"PropertyValueSpecification","valueRequired":true,"valueName":"search_term_string"}}],"inLanguage":"es"},{"@type":"Organization","@id":"https:\/\/expressometro.mx\/#organization","name":"Expresso Metropolitano","url":"https:\/\/expressometro.mx\/","logo":{"@type":"ImageObject","inLanguage":"es","@id":"https:\/\/expressometro.mx\/#\/schema\/logo\/image\/","url":"https:\/\/expressometro.mx\/wp-content\/uploads\/2019\/07\/cropped-Logo-Expresso-Metropolitano-1-1.jpeg","contentUrl":"https:\/\/expressometro.mx\/wp-content\/uploads\/2019\/07\/cropped-Logo-Expresso-Metropolitano-1-1.jpeg","width":290,"height":73,"caption":"Expresso Metropolitano"},"image":{"@id":"https:\/\/expressometro.mx\/#\/schema\/logo\/image\/"}},{"@type":"Person","@id":"https:\/\/expressometro.mx\/#\/schema\/person\/efa971b4a0664db8ed5c22b1b0dd2f5d","name":"Expresso Metropolitano","image":{"@type":"ImageObject","inLanguage":"es","@id":"https:\/\/secure.gravatar.com\/avatar\/a89f802b8de18c6952f223c88d3d106e9e3679839f4e25a02f4a6cc2ae6ba3b3?s=96&d=mm&r=g","url":"https:\/\/secure.gravatar.com\/avatar\/a89f802b8de18c6952f223c88d3d106e9e3679839f4e25a02f4a6cc2ae6ba3b3?s=96&d=mm&r=g","contentUrl":"https:\/\/secure.gravatar.com\/avatar\/a89f802b8de18c6952f223c88d3d106e9e3679839f4e25a02f4a6cc2ae6ba3b3?s=96&d=mm&r=g","caption":"Expresso Metropolitano"},"url":"https:\/\/expressometro.mx\/index.php\/author\/diego\/"}]}},"amp_enabled":true,"_links":{"self":[{"href":"https:\/\/expressometro.mx\/index.php\/wp-json\/wp\/v2\/posts\/8318","targetHints":{"allow":["GET"]}}],"collection":[{"href":"https:\/\/expressometro.mx\/index.php\/wp-json\/wp\/v2\/posts"}],"about":[{"href":"https:\/\/expressometro.mx\/index.php\/wp-json\/wp\/v2\/types\/post"}],"author":[{"embeddable":true,"href":"https:\/\/expressometro.mx\/index.php\/wp-json\/wp\/v2\/users\/1"}],"replies":[{"embeddable":true,"href":"https:\/\/expressometro.mx\/index.php\/wp-json\/wp\/v2\/comments?post=8318"}],"version-history":[{"count":1,"href":"https:\/\/expressometro.mx\/index.php\/wp-json\/wp\/v2\/posts\/8318\/revisions"}],"predecessor-version":[{"id":8321,"href":"https:\/\/expressometro.mx\/index.php\/wp-json\/wp\/v2\/posts\/8318\/revisions\/8321"}],"wp:featuredmedia":[{"embeddable":true,"href":"https:\/\/expressometro.mx\/index.php\/wp-json\/wp\/v2\/media\/8320"}],"wp:attachment":[{"href":"https:\/\/expressometro.mx\/index.php\/wp-json\/wp\/v2\/media?parent=8318"}],"wp:term":[{"taxonomy":"category","embeddable":true,"href":"https:\/\/expressometro.mx\/index.php\/wp-json\/wp\/v2\/categories?post=8318"},{"taxonomy":"post_tag","embeddable":true,"href":"https:\/\/expressometro.mx\/index.php\/wp-json\/wp\/v2\/tags?post=8318"}],"curies":[{"name":"wp","href":"https:\/\/api.w.org\/{rel}","templated":true}]}}