{"id":8313,"date":"2023-11-07T05:34:09","date_gmt":"2023-11-07T11:34:09","guid":{"rendered":"https:\/\/expressometro.mx\/?p=8313"},"modified":"2023-11-23T05:47:38","modified_gmt":"2023-11-23T11:47:38","slug":"se-llevo-a-cabo-la-mesa-de-trabajo-de-la-coordinacion-territorial-para-la-construccion-de-la-paz-region-ii-atlacomulco","status":"publish","type":"post","link":"https:\/\/expressometro.mx\/index.php\/2023\/11\/07\/se-llevo-a-cabo-la-mesa-de-trabajo-de-la-coordinacion-territorial-para-la-construccion-de-la-paz-region-ii-atlacomulco\/","title":{"rendered":"SE LLEV\u00d3 A CABO LA MESA DE TRABAJO DE LA COORDINACI\u00d3N TERRITORIAL PARA LA CONSTRUCCI\u00d3N DE LA PAZ, REGI\u00d3N II ATLACOMULCO"},"content":{"rendered":"\n<p><\/p>\n\n\n\n<p>El Municipio de Jocotitl\u00e1n fue la cede para la Mesa de Trabajo de la Coordinaci\u00f3n Territorial para la Construcci\u00f3n de la PAZ, Regi\u00f3n II Atlacomulco; siendo anfitri\u00f3n el Presidente\u00a0 Jes\u00fas Cedillo Gonz\u00e1lez, recibi\u00f3 a los alcaldes y representantes de las diversas dependencias de seguridad de los 3 niveles de gobierno, dando seguimiento a las estrategias implementadas en la regi\u00f3n para contingencia fortaleciendo la seguridad.<\/p>\n\n\n\n<p>En dicha Mesa, Jes\u00fas Cedillo logr\u00f3 exponer los alcances obtenidos mediante el trabajo interinstitucional coordinado, que a su vez ha permitido que en esta administraci\u00f3n se articulen acciones para lograr reducir el \u00edndice de criminalidad en cada una de las comunidades de Jocotitl\u00e1n, con el objetivo de llegar al origen de la violencia.<\/p>\n\n\n\n<p>&nbsp;Cedillo tambi\u00e9n destac\u00f3 que lo hecho por la presente administraci\u00f3n en materia de seguridad, es percibida de manera positiva al exterior. As\u00ed, la Mesa se convierte en un espacio de an\u00e1lisis y definici\u00f3n de estrategias y acciones concretas para devolver la tranquilidad y la paz a los jocotitlenses. A pesar de las limitaciones presupuestales y de las implicaciones tan complejas del problema, la incidencia delictiva se ha mantenido estable y hay avances muy importantes en delitos de alto impacto.<\/p>\n\n\n\n<p>Finalmente, el alcalde refrend\u00f3 su agradecimiento y felicitaci\u00f3n a quienes realizan los trabajos de inteligencia y operatividad que han permitido contener los \u00edndices delictivos, adem\u00e1s, llam\u00f3 a las instituciones federales, estatales y municipales a redoblar esfuerzos durante la \u00e9poca decembrina, a fin de evitar que aumenten.<\/p>\n","protected":false},"excerpt":{"rendered":"<p>El Municipio de Jocotitl\u00e1n fue la cede para la Mesa de Trabajo de la Coordinaci\u00f3n Territorial para la Construcci\u00f3n de la PAZ, Regi\u00f3n II Atlacomulco; siendo anfitri\u00f3n el Presidente\u00a0 Jes\u00fas Cedillo Gonz\u00e1lez, recibi\u00f3 a los alcaldes y representantes de las diversas dependencias de seguridad de los 3 niveles de gobierno, dando seguimiento a las estrategias implementadas en la regi\u00f3n para contingencia fortaleciendo la seguridad.<\/p>\n","protected":false},"author":1,"featured_media":8315,"comment_status":"open","ping_status":"open","sticky":false,"template":"","format":"standard","meta":{"footnotes":""},"categories":[3,231,6],"tags":[1982,86,1790,324],"class_list":["post-8313","post","type-post","status-publish","format-standard","has-post-thumbnail","hentry","category-gobierno","category-politica","category-seguridad","tag-edomex","tag-gem","tag-jesus-cedillo-gonzalez","tag-jocotitlan"],"yoast_head":"<!-- This site is optimized with the Yoast SEO plugin v27.4 - https:\/\/yoast.com\/product\/yoast-seo-wordpress\/ -->\n<title>SE LLEV\u00d3 A CABO LA MESA DE TRABAJO DE LA COORDINACI\u00d3N TERRITORIAL PARA LA CONSTRUCCI\u00d3N DE LA PAZ, REGI\u00d3N II ATLACOMULCO - Expresso Metropolitano<\/title>\n<meta name=\"robots\" content=\"index, follow, max-snippet:-1, max-image-preview:large, max-video-preview:-1\" \/>\n<link rel=\"canonical\" href=\"https:\/\/expressometro.mx\/index.php\/2023\/11\/07\/se-llevo-a-cabo-la-mesa-de-trabajo-de-la-coordinacion-territorial-para-la-construccion-de-la-paz-region-ii-atlacomulco\/\" \/>\n<meta property=\"og:locale\" content=\"es_MX\" \/>\n<meta property=\"og:type\" content=\"article\" \/>\n<meta property=\"og:title\" content=\"SE LLEV\u00d3 A CABO LA MESA DE TRABAJO DE LA COORDINACI\u00d3N TERRITORIAL PARA LA CONSTRUCCI\u00d3N DE LA PAZ, REGI\u00d3N II ATLACOMULCO - Expresso Metropolitano\" \/>\n<meta property=\"og:description\" content=\"El Municipio de Jocotitl\u00e1n fue la cede para la Mesa de Trabajo de la Coordinaci\u00f3n Territorial para la Construcci\u00f3n de la PAZ, Regi\u00f3n II Atlacomulco; siendo anfitri\u00f3n el Presidente\u00a0 Jes\u00fas Cedillo Gonz\u00e1lez, recibi\u00f3 a los alcaldes y representantes de las diversas dependencias de seguridad de los 3 niveles de gobierno, dando seguimiento a las estrategias implementadas en la regi\u00f3n para contingencia fortaleciendo la seguridad.\" \/>\n<meta property=\"og:url\" content=\"https:\/\/expressometro.mx\/index.php\/2023\/11\/07\/se-llevo-a-cabo-la-mesa-de-trabajo-de-la-coordinacion-territorial-para-la-construccion-de-la-paz-region-ii-atlacomulco\/\" \/>\n<meta property=\"og:site_name\" content=\"Expresso Metropolitano\" \/>\n<meta property=\"article:published_time\" content=\"2023-11-07T11:34:09+00:00\" \/>\n<meta property=\"article:modified_time\" content=\"2023-11-23T11:47:38+00:00\" \/>\n<meta property=\"og:image\" content=\"http:\/\/expressometro.mx\/wp-content\/uploads\/2023\/11\/Jocotitlan-Mesa-de-Trabajo-por-la-Paz-071123-1.jpg\" \/>\n\t<meta property=\"og:image:width\" content=\"2048\" \/>\n\t<meta property=\"og:image:height\" content=\"1536\" \/>\n\t<meta property=\"og:image:type\" content=\"image\/jpeg\" \/>\n<meta name=\"author\" content=\"Expresso Metropolitano\" \/>\n<meta name=\"twitter:label1\" content=\"Escrito por\" \/>\n\t<meta name=\"twitter:data1\" content=\"Expresso Metropolitano\" \/>\n\t<meta name=\"twitter:label2\" content=\"Tiempo de lectura\" \/>\n\t<meta name=\"twitter:data2\" content=\"2 minutos\" \/>\n<script type=\"application\/ld+json\" class=\"yoast-schema-graph\">{\"@context\":\"https:\\\/\\\/schema.org\",\"@graph\":[{\"@type\":\"Article\",\"@id\":\"https:\\\/\\\/expressometro.mx\\\/index.php\\\/2023\\\/11\\\/07\\\/se-llevo-a-cabo-la-mesa-de-trabajo-de-la-coordinacion-territorial-para-la-construccion-de-la-paz-region-ii-atlacomulco\\\/#article\",\"isPartOf\":{\"@id\":\"https:\\\/\\\/expressometro.mx\\\/index.php\\\/2023\\\/11\\\/07\\\/se-llevo-a-cabo-la-mesa-de-trabajo-de-la-coordinacion-territorial-para-la-construccion-de-la-paz-region-ii-atlacomulco\\\/\"},\"author\":{\"name\":\"Expresso Metropolitano\",\"@id\":\"https:\\\/\\\/expressometro.mx\\\/#\\\/schema\\\/person\\\/efa971b4a0664db8ed5c22b1b0dd2f5d\"},\"headline\":\"SE LLEV\u00d3 A CABO LA MESA DE TRABAJO DE LA COORDINACI\u00d3N TERRITORIAL PARA LA CONSTRUCCI\u00d3N DE LA PAZ, REGI\u00d3N II ATLACOMULCO\",\"datePublished\":\"2023-11-07T11:34:09+00:00\",\"dateModified\":\"2023-11-23T11:47:38+00:00\",\"mainEntityOfPage\":{\"@id\":\"https:\\\/\\\/expressometro.mx\\\/index.php\\\/2023\\\/11\\\/07\\\/se-llevo-a-cabo-la-mesa-de-trabajo-de-la-coordinacion-territorial-para-la-construccion-de-la-paz-region-ii-atlacomulco\\\/\"},\"wordCount\":283,\"commentCount\":0,\"publisher\":{\"@id\":\"https:\\\/\\\/expressometro.mx\\\/#organization\"},\"image\":{\"@id\":\"https:\\\/\\\/expressometro.mx\\\/index.php\\\/2023\\\/11\\\/07\\\/se-llevo-a-cabo-la-mesa-de-trabajo-de-la-coordinacion-territorial-para-la-construccion-de-la-paz-region-ii-atlacomulco\\\/#primaryimage\"},\"thumbnailUrl\":\"https:\\\/\\\/expressometro.mx\\\/wp-content\\\/uploads\\\/2023\\\/11\\\/Jocotitlan-Mesa-de-Trabajo-por-la-Paz-071123-1.jpg\",\"keywords\":[\"Edomex\",\"GEM\",\"Jes\u00fas Cedillo Gonz\u00e1lez\",\"Jocotitl\u00e1n\"],\"articleSection\":[\"Gobierno\",\"Pol\u00edtica\",\"Seguridad\"],\"inLanguage\":\"es\",\"potentialAction\":[{\"@type\":\"CommentAction\",\"name\":\"Comment\",\"target\":[\"https:\\\/\\\/expressometro.mx\\\/index.php\\\/2023\\\/11\\\/07\\\/se-llevo-a-cabo-la-mesa-de-trabajo-de-la-coordinacion-territorial-para-la-construccion-de-la-paz-region-ii-atlacomulco\\\/#respond\"]}]},{\"@type\":\"WebPage\",\"@id\":\"https:\\\/\\\/expressometro.mx\\\/index.php\\\/2023\\\/11\\\/07\\\/se-llevo-a-cabo-la-mesa-de-trabajo-de-la-coordinacion-territorial-para-la-construccion-de-la-paz-region-ii-atlacomulco\\\/\",\"url\":\"https:\\\/\\\/expressometro.mx\\\/index.php\\\/2023\\\/11\\\/07\\\/se-llevo-a-cabo-la-mesa-de-trabajo-de-la-coordinacion-territorial-para-la-construccion-de-la-paz-region-ii-atlacomulco\\\/\",\"name\":\"SE LLEV\u00d3 A CABO LA MESA DE TRABAJO DE LA COORDINACI\u00d3N TERRITORIAL PARA LA CONSTRUCCI\u00d3N DE LA PAZ, REGI\u00d3N II ATLACOMULCO - Expresso Metropolitano\",\"isPartOf\":{\"@id\":\"https:\\\/\\\/expressometro.mx\\\/#website\"},\"primaryImageOfPage\":{\"@id\":\"https:\\\/\\\/expressometro.mx\\\/index.php\\\/2023\\\/11\\\/07\\\/se-llevo-a-cabo-la-mesa-de-trabajo-de-la-coordinacion-territorial-para-la-construccion-de-la-paz-region-ii-atlacomulco\\\/#primaryimage\"},\"image\":{\"@id\":\"https:\\\/\\\/expressometro.mx\\\/index.php\\\/2023\\\/11\\\/07\\\/se-llevo-a-cabo-la-mesa-de-trabajo-de-la-coordinacion-territorial-para-la-construccion-de-la-paz-region-ii-atlacomulco\\\/#primaryimage\"},\"thumbnailUrl\":\"https:\\\/\\\/expressometro.mx\\\/wp-content\\\/uploads\\\/2023\\\/11\\\/Jocotitlan-Mesa-de-Trabajo-por-la-Paz-071123-1.jpg\",\"datePublished\":\"2023-11-07T11:34:09+00:00\",\"dateModified\":\"2023-11-23T11:47:38+00:00\",\"breadcrumb\":{\"@id\":\"https:\\\/\\\/expressometro.mx\\\/index.php\\\/2023\\\/11\\\/07\\\/se-llevo-a-cabo-la-mesa-de-trabajo-de-la-coordinacion-territorial-para-la-construccion-de-la-paz-region-ii-atlacomulco\\\/#breadcrumb\"},\"inLanguage\":\"es\",\"potentialAction\":[{\"@type\":\"ReadAction\",\"target\":[\"https:\\\/\\\/expressometro.mx\\\/index.php\\\/2023\\\/11\\\/07\\\/se-llevo-a-cabo-la-mesa-de-trabajo-de-la-coordinacion-territorial-para-la-construccion-de-la-paz-region-ii-atlacomulco\\\/\"]}]},{\"@type\":\"ImageObject\",\"inLanguage\":\"es\",\"@id\":\"https:\\\/\\\/expressometro.mx\\\/index.php\\\/2023\\\/11\\\/07\\\/se-llevo-a-cabo-la-mesa-de-trabajo-de-la-coordinacion-territorial-para-la-construccion-de-la-paz-region-ii-atlacomulco\\\/#primaryimage\",\"url\":\"https:\\\/\\\/expressometro.mx\\\/wp-content\\\/uploads\\\/2023\\\/11\\\/Jocotitlan-Mesa-de-Trabajo-por-la-Paz-071123-1.jpg\",\"contentUrl\":\"https:\\\/\\\/expressometro.mx\\\/wp-content\\\/uploads\\\/2023\\\/11\\\/Jocotitlan-Mesa-de-Trabajo-por-la-Paz-071123-1.jpg\",\"width\":2048,\"height\":1536},{\"@type\":\"BreadcrumbList\",\"@id\":\"https:\\\/\\\/expressometro.mx\\\/index.php\\\/2023\\\/11\\\/07\\\/se-llevo-a-cabo-la-mesa-de-trabajo-de-la-coordinacion-territorial-para-la-construccion-de-la-paz-region-ii-atlacomulco\\\/#breadcrumb\",\"itemListElement\":[{\"@type\":\"ListItem\",\"position\":1,\"name\":\"Inicio\",\"item\":\"https:\\\/\\\/expressometro.mx\\\/\"},{\"@type\":\"ListItem\",\"position\":2,\"name\":\"SE LLEV\u00d3 A CABO LA MESA DE TRABAJO DE LA COORDINACI\u00d3N TERRITORIAL PARA LA CONSTRUCCI\u00d3N DE LA PAZ, REGI\u00d3N II ATLACOMULCO\"}]},{\"@type\":\"WebSite\",\"@id\":\"https:\\\/\\\/expressometro.mx\\\/#website\",\"url\":\"https:\\\/\\\/expressometro.mx\\\/\",\"name\":\"Expresso Metropolitano\",\"description\":\"Periodismo comprometido, informaci\u00f3n, investigaci\u00f3n y an\u00e1lisis\",\"publisher\":{\"@id\":\"https:\\\/\\\/expressometro.mx\\\/#organization\"},\"potentialAction\":[{\"@type\":\"SearchAction\",\"target\":{\"@type\":\"EntryPoint\",\"urlTemplate\":\"https:\\\/\\\/expressometro.mx\\\/?s={search_term_string}\"},\"query-input\":{\"@type\":\"PropertyValueSpecification\",\"valueRequired\":true,\"valueName\":\"search_term_string\"}}],\"inLanguage\":\"es\"},{\"@type\":\"Organization\",\"@id\":\"https:\\\/\\\/expressometro.mx\\\/#organization\",\"name\":\"Expresso Metropolitano\",\"url\":\"https:\\\/\\\/expressometro.mx\\\/\",\"logo\":{\"@type\":\"ImageObject\",\"inLanguage\":\"es\",\"@id\":\"https:\\\/\\\/expressometro.mx\\\/#\\\/schema\\\/logo\\\/image\\\/\",\"url\":\"https:\\\/\\\/expressometro.mx\\\/wp-content\\\/uploads\\\/2019\\\/07\\\/cropped-Logo-Expresso-Metropolitano-1-1.jpeg\",\"contentUrl\":\"https:\\\/\\\/expressometro.mx\\\/wp-content\\\/uploads\\\/2019\\\/07\\\/cropped-Logo-Expresso-Metropolitano-1-1.jpeg\",\"width\":290,\"height\":73,\"caption\":\"Expresso Metropolitano\"},\"image\":{\"@id\":\"https:\\\/\\\/expressometro.mx\\\/#\\\/schema\\\/logo\\\/image\\\/\"}},{\"@type\":\"Person\",\"@id\":\"https:\\\/\\\/expressometro.mx\\\/#\\\/schema\\\/person\\\/efa971b4a0664db8ed5c22b1b0dd2f5d\",\"name\":\"Expresso Metropolitano\",\"image\":{\"@type\":\"ImageObject\",\"inLanguage\":\"es\",\"@id\":\"https:\\\/\\\/secure.gravatar.com\\\/avatar\\\/a89f802b8de18c6952f223c88d3d106e9e3679839f4e25a02f4a6cc2ae6ba3b3?s=96&d=mm&r=g\",\"url\":\"https:\\\/\\\/secure.gravatar.com\\\/avatar\\\/a89f802b8de18c6952f223c88d3d106e9e3679839f4e25a02f4a6cc2ae6ba3b3?s=96&d=mm&r=g\",\"contentUrl\":\"https:\\\/\\\/secure.gravatar.com\\\/avatar\\\/a89f802b8de18c6952f223c88d3d106e9e3679839f4e25a02f4a6cc2ae6ba3b3?s=96&d=mm&r=g\",\"caption\":\"Expresso Metropolitano\"},\"url\":\"https:\\\/\\\/expressometro.mx\\\/index.php\\\/author\\\/diego\\\/\"}]}<\/script>\n<!-- \/ Yoast SEO plugin. -->","yoast_head_json":{"title":"SE LLEV\u00d3 A CABO LA MESA DE TRABAJO DE LA COORDINACI\u00d3N TERRITORIAL PARA LA CONSTRUCCI\u00d3N DE LA PAZ, REGI\u00d3N II ATLACOMULCO - Expresso Metropolitano","robots":{"index":"index","follow":"follow","max-snippet":"max-snippet:-1","max-image-preview":"max-image-preview:large","max-video-preview":"max-video-preview:-1"},"canonical":"https:\/\/expressometro.mx\/index.php\/2023\/11\/07\/se-llevo-a-cabo-la-mesa-de-trabajo-de-la-coordinacion-territorial-para-la-construccion-de-la-paz-region-ii-atlacomulco\/","og_locale":"es_MX","og_type":"article","og_title":"SE LLEV\u00d3 A CABO LA MESA DE TRABAJO DE LA COORDINACI\u00d3N TERRITORIAL PARA LA CONSTRUCCI\u00d3N DE LA PAZ, REGI\u00d3N II ATLACOMULCO - Expresso Metropolitano","og_description":"El Municipio de Jocotitl\u00e1n fue la cede para la Mesa de Trabajo de la Coordinaci\u00f3n Territorial para la Construcci\u00f3n de la PAZ, Regi\u00f3n II Atlacomulco; siendo anfitri\u00f3n el Presidente\u00a0 Jes\u00fas Cedillo Gonz\u00e1lez, recibi\u00f3 a los alcaldes y representantes de las diversas dependencias de seguridad de los 3 niveles de gobierno, dando seguimiento a las estrategias implementadas en la regi\u00f3n para contingencia fortaleciendo la seguridad.","og_url":"https:\/\/expressometro.mx\/index.php\/2023\/11\/07\/se-llevo-a-cabo-la-mesa-de-trabajo-de-la-coordinacion-territorial-para-la-construccion-de-la-paz-region-ii-atlacomulco\/","og_site_name":"Expresso Metropolitano","article_published_time":"2023-11-07T11:34:09+00:00","article_modified_time":"2023-11-23T11:47:38+00:00","og_image":[{"width":2048,"height":1536,"url":"http:\/\/expressometro.mx\/wp-content\/uploads\/2023\/11\/Jocotitlan-Mesa-de-Trabajo-por-la-Paz-071123-1.jpg","type":"image\/jpeg"}],"author":"Expresso Metropolitano","twitter_misc":{"Escrito por":"Expresso Metropolitano","Tiempo de lectura":"2 minutos"},"schema":{"@context":"https:\/\/schema.org","@graph":[{"@type":"Article","@id":"https:\/\/expressometro.mx\/index.php\/2023\/11\/07\/se-llevo-a-cabo-la-mesa-de-trabajo-de-la-coordinacion-territorial-para-la-construccion-de-la-paz-region-ii-atlacomulco\/#article","isPartOf":{"@id":"https:\/\/expressometro.mx\/index.php\/2023\/11\/07\/se-llevo-a-cabo-la-mesa-de-trabajo-de-la-coordinacion-territorial-para-la-construccion-de-la-paz-region-ii-atlacomulco\/"},"author":{"name":"Expresso Metropolitano","@id":"https:\/\/expressometro.mx\/#\/schema\/person\/efa971b4a0664db8ed5c22b1b0dd2f5d"},"headline":"SE LLEV\u00d3 A CABO LA MESA DE TRABAJO DE LA COORDINACI\u00d3N TERRITORIAL PARA LA CONSTRUCCI\u00d3N DE LA PAZ, REGI\u00d3N II ATLACOMULCO","datePublished":"2023-11-07T11:34:09+00:00","dateModified":"2023-11-23T11:47:38+00:00","mainEntityOfPage":{"@id":"https:\/\/expressometro.mx\/index.php\/2023\/11\/07\/se-llevo-a-cabo-la-mesa-de-trabajo-de-la-coordinacion-territorial-para-la-construccion-de-la-paz-region-ii-atlacomulco\/"},"wordCount":283,"commentCount":0,"publisher":{"@id":"https:\/\/expressometro.mx\/#organization"},"image":{"@id":"https:\/\/expressometro.mx\/index.php\/2023\/11\/07\/se-llevo-a-cabo-la-mesa-de-trabajo-de-la-coordinacion-territorial-para-la-construccion-de-la-paz-region-ii-atlacomulco\/#primaryimage"},"thumbnailUrl":"https:\/\/expressometro.mx\/wp-content\/uploads\/2023\/11\/Jocotitlan-Mesa-de-Trabajo-por-la-Paz-071123-1.jpg","keywords":["Edomex","GEM","Jes\u00fas Cedillo Gonz\u00e1lez","Jocotitl\u00e1n"],"articleSection":["Gobierno","Pol\u00edtica","Seguridad"],"inLanguage":"es","potentialAction":[{"@type":"CommentAction","name":"Comment","target":["https:\/\/expressometro.mx\/index.php\/2023\/11\/07\/se-llevo-a-cabo-la-mesa-de-trabajo-de-la-coordinacion-territorial-para-la-construccion-de-la-paz-region-ii-atlacomulco\/#respond"]}]},{"@type":"WebPage","@id":"https:\/\/expressometro.mx\/index.php\/2023\/11\/07\/se-llevo-a-cabo-la-mesa-de-trabajo-de-la-coordinacion-territorial-para-la-construccion-de-la-paz-region-ii-atlacomulco\/","url":"https:\/\/expressometro.mx\/index.php\/2023\/11\/07\/se-llevo-a-cabo-la-mesa-de-trabajo-de-la-coordinacion-territorial-para-la-construccion-de-la-paz-region-ii-atlacomulco\/","name":"SE LLEV\u00d3 A CABO LA MESA DE TRABAJO DE LA COORDINACI\u00d3N TERRITORIAL PARA LA CONSTRUCCI\u00d3N DE LA PAZ, REGI\u00d3N II ATLACOMULCO - Expresso Metropolitano","isPartOf":{"@id":"https:\/\/expressometro.mx\/#website"},"primaryImageOfPage":{"@id":"https:\/\/expressometro.mx\/index.php\/2023\/11\/07\/se-llevo-a-cabo-la-mesa-de-trabajo-de-la-coordinacion-territorial-para-la-construccion-de-la-paz-region-ii-atlacomulco\/#primaryimage"},"image":{"@id":"https:\/\/expressometro.mx\/index.php\/2023\/11\/07\/se-llevo-a-cabo-la-mesa-de-trabajo-de-la-coordinacion-territorial-para-la-construccion-de-la-paz-region-ii-atlacomulco\/#primaryimage"},"thumbnailUrl":"https:\/\/expressometro.mx\/wp-content\/uploads\/2023\/11\/Jocotitlan-Mesa-de-Trabajo-por-la-Paz-071123-1.jpg","datePublished":"2023-11-07T11:34:09+00:00","dateModified":"2023-11-23T11:47:38+00:00","breadcrumb":{"@id":"https:\/\/expressometro.mx\/index.php\/2023\/11\/07\/se-llevo-a-cabo-la-mesa-de-trabajo-de-la-coordinacion-territorial-para-la-construccion-de-la-paz-region-ii-atlacomulco\/#breadcrumb"},"inLanguage":"es","potentialAction":[{"@type":"ReadAction","target":["https:\/\/expressometro.mx\/index.php\/2023\/11\/07\/se-llevo-a-cabo-la-mesa-de-trabajo-de-la-coordinacion-territorial-para-la-construccion-de-la-paz-region-ii-atlacomulco\/"]}]},{"@type":"ImageObject","inLanguage":"es","@id":"https:\/\/expressometro.mx\/index.php\/2023\/11\/07\/se-llevo-a-cabo-la-mesa-de-trabajo-de-la-coordinacion-territorial-para-la-construccion-de-la-paz-region-ii-atlacomulco\/#primaryimage","url":"https:\/\/expressometro.mx\/wp-content\/uploads\/2023\/11\/Jocotitlan-Mesa-de-Trabajo-por-la-Paz-071123-1.jpg","contentUrl":"https:\/\/expressometro.mx\/wp-content\/uploads\/2023\/11\/Jocotitlan-Mesa-de-Trabajo-por-la-Paz-071123-1.jpg","width":2048,"height":1536},{"@type":"BreadcrumbList","@id":"https:\/\/expressometro.mx\/index.php\/2023\/11\/07\/se-llevo-a-cabo-la-mesa-de-trabajo-de-la-coordinacion-territorial-para-la-construccion-de-la-paz-region-ii-atlacomulco\/#breadcrumb","itemListElement":[{"@type":"ListItem","position":1,"name":"Inicio","item":"https:\/\/expressometro.mx\/"},{"@type":"ListItem","position":2,"name":"SE LLEV\u00d3 A CABO LA MESA DE TRABAJO DE LA COORDINACI\u00d3N TERRITORIAL PARA LA CONSTRUCCI\u00d3N DE LA PAZ, REGI\u00d3N II ATLACOMULCO"}]},{"@type":"WebSite","@id":"https:\/\/expressometro.mx\/#website","url":"https:\/\/expressometro.mx\/","name":"Expresso Metropolitano","description":"Periodismo comprometido, informaci\u00f3n, investigaci\u00f3n y an\u00e1lisis","publisher":{"@id":"https:\/\/expressometro.mx\/#organization"},"potentialAction":[{"@type":"SearchAction","target":{"@type":"EntryPoint","urlTemplate":"https:\/\/expressometro.mx\/?s={search_term_string}"},"query-input":{"@type":"PropertyValueSpecification","valueRequired":true,"valueName":"search_term_string"}}],"inLanguage":"es"},{"@type":"Organization","@id":"https:\/\/expressometro.mx\/#organization","name":"Expresso Metropolitano","url":"https:\/\/expressometro.mx\/","logo":{"@type":"ImageObject","inLanguage":"es","@id":"https:\/\/expressometro.mx\/#\/schema\/logo\/image\/","url":"https:\/\/expressometro.mx\/wp-content\/uploads\/2019\/07\/cropped-Logo-Expresso-Metropolitano-1-1.jpeg","contentUrl":"https:\/\/expressometro.mx\/wp-content\/uploads\/2019\/07\/cropped-Logo-Expresso-Metropolitano-1-1.jpeg","width":290,"height":73,"caption":"Expresso Metropolitano"},"image":{"@id":"https:\/\/expressometro.mx\/#\/schema\/logo\/image\/"}},{"@type":"Person","@id":"https:\/\/expressometro.mx\/#\/schema\/person\/efa971b4a0664db8ed5c22b1b0dd2f5d","name":"Expresso Metropolitano","image":{"@type":"ImageObject","inLanguage":"es","@id":"https:\/\/secure.gravatar.com\/avatar\/a89f802b8de18c6952f223c88d3d106e9e3679839f4e25a02f4a6cc2ae6ba3b3?s=96&d=mm&r=g","url":"https:\/\/secure.gravatar.com\/avatar\/a89f802b8de18c6952f223c88d3d106e9e3679839f4e25a02f4a6cc2ae6ba3b3?s=96&d=mm&r=g","contentUrl":"https:\/\/secure.gravatar.com\/avatar\/a89f802b8de18c6952f223c88d3d106e9e3679839f4e25a02f4a6cc2ae6ba3b3?s=96&d=mm&r=g","caption":"Expresso Metropolitano"},"url":"https:\/\/expressometro.mx\/index.php\/author\/diego\/"}]}},"amp_enabled":true,"_links":{"self":[{"href":"https:\/\/expressometro.mx\/index.php\/wp-json\/wp\/v2\/posts\/8313","targetHints":{"allow":["GET"]}}],"collection":[{"href":"https:\/\/expressometro.mx\/index.php\/wp-json\/wp\/v2\/posts"}],"about":[{"href":"https:\/\/expressometro.mx\/index.php\/wp-json\/wp\/v2\/types\/post"}],"author":[{"embeddable":true,"href":"https:\/\/expressometro.mx\/index.php\/wp-json\/wp\/v2\/users\/1"}],"replies":[{"embeddable":true,"href":"https:\/\/expressometro.mx\/index.php\/wp-json\/wp\/v2\/comments?post=8313"}],"version-history":[{"count":1,"href":"https:\/\/expressometro.mx\/index.php\/wp-json\/wp\/v2\/posts\/8313\/revisions"}],"predecessor-version":[{"id":8316,"href":"https:\/\/expressometro.mx\/index.php\/wp-json\/wp\/v2\/posts\/8313\/revisions\/8316"}],"wp:featuredmedia":[{"embeddable":true,"href":"https:\/\/expressometro.mx\/index.php\/wp-json\/wp\/v2\/media\/8315"}],"wp:attachment":[{"href":"https:\/\/expressometro.mx\/index.php\/wp-json\/wp\/v2\/media?parent=8313"}],"wp:term":[{"taxonomy":"category","embeddable":true,"href":"https:\/\/expressometro.mx\/index.php\/wp-json\/wp\/v2\/categories?post=8313"},{"taxonomy":"post_tag","embeddable":true,"href":"https:\/\/expressometro.mx\/index.php\/wp-json\/wp\/v2\/tags?post=8313"}],"curies":[{"name":"wp","href":"https:\/\/api.w.org\/{rel}","templated":true}]}}