{"id":8295,"date":"2023-10-18T01:22:00","date_gmt":"2023-10-18T06:22:00","guid":{"rendered":"https:\/\/expressometro.mx\/?p=8295"},"modified":"2023-11-16T06:00:23","modified_gmt":"2023-11-16T12:00:23","slug":"inauguracion-del-panteon-en-arroyo-zarco","status":"publish","type":"post","link":"https:\/\/expressometro.mx\/index.php\/2023\/10\/18\/inauguracion-del-panteon-en-arroyo-zarco\/","title":{"rendered":"INAUGURACI\u00d3N DEL PANTE\u00d3N EN ARROYO ZARCO"},"content":{"rendered":"\n<p>El Presidente Municipal de Aculco, Jorge Alfredo Osornio Victoria, en gira de trabajo por las comunidades de San Antonio el Zethe y San Antonio Arroyo Zarco, dio inicio a obras e inaugur\u00f3 el pante\u00f3n.<\/p>\n\n\n\n<p>En San Antonio se dio inicio a una construcci\u00f3n, la colocaci\u00f3n de seis l\u00e1mparas y la instalaci\u00f3n de calentadores solares con una inversi\u00f3n superior a los 167 mil pesos.<\/p>\n\n\n\n<p>Posteriormente, en la comunidad de Arroyo Zarco se inaugur\u00f3 y consagr\u00f3 el pante\u00f3n que tendr\u00e1 beneficio para las comunidades de La Lajas, El Colorado, El Moxhi, Los gavilanes y Arroyo Zarco Ejido.<\/p>\n","protected":false},"excerpt":{"rendered":"<p>El Presidente Municipal de Aculco, Jorge Alfredo Osornio Victoria, en gira de trabajo por las comunidades de San Antonio el Zethe y San Antonio Arroyo Zarco, dio inicio a obras e inaugur\u00f3 el pante\u00f3n. En San Antonio se dio inicio a una construcci\u00f3n, la colocaci\u00f3n de seis l\u00e1mparas y la instalaci\u00f3n de calentadores solares con una inversi\u00f3n superior a los 167 mil pesos. Posteriormente, en la comunidad de Arroyo Zarco se inaugur\u00f3 y consagr\u00f3 el pante\u00f3n que tendr\u00e1 beneficio para las comunidades de La Lajas, El Colorado, El Moxhi, Los&hellip;<\/p>\n","protected":false},"author":1,"featured_media":8298,"comment_status":"open","ping_status":"open","sticky":false,"template":"","format":"standard","meta":{"footnotes":""},"categories":[3,231,5],"tags":[955,1982,86,954],"class_list":["post-8295","post","type-post","status-publish","format-standard","has-post-thumbnail","hentry","category-gobierno","category-politica","category-salud","tag-aculco","tag-edomex","tag-gem","tag-jorge-osornio"],"yoast_head":"<!-- This site is optimized with the Yoast SEO plugin v27.4 - https:\/\/yoast.com\/product\/yoast-seo-wordpress\/ -->\n<title>INAUGURACI\u00d3N DEL PANTE\u00d3N EN ARROYO ZARCO - Expresso Metropolitano<\/title>\n<meta name=\"robots\" content=\"index, follow, max-snippet:-1, max-image-preview:large, max-video-preview:-1\" \/>\n<link rel=\"canonical\" href=\"https:\/\/expressometro.mx\/index.php\/2023\/10\/18\/inauguracion-del-panteon-en-arroyo-zarco\/\" \/>\n<meta property=\"og:locale\" content=\"es_MX\" \/>\n<meta property=\"og:type\" content=\"article\" \/>\n<meta property=\"og:title\" content=\"INAUGURACI\u00d3N DEL PANTE\u00d3N EN ARROYO ZARCO - Expresso Metropolitano\" \/>\n<meta property=\"og:description\" content=\"El Presidente Municipal de Aculco, Jorge Alfredo Osornio Victoria, en gira de trabajo por las comunidades de San Antonio el Zethe y San Antonio Arroyo Zarco, dio inicio a obras e inaugur\u00f3 el pante\u00f3n. En San Antonio se dio inicio a una construcci\u00f3n, la colocaci\u00f3n de seis l\u00e1mparas y la instalaci\u00f3n de calentadores solares con una inversi\u00f3n superior a los 167 mil pesos. Posteriormente, en la comunidad de Arroyo Zarco se inaugur\u00f3 y consagr\u00f3 el pante\u00f3n que tendr\u00e1 beneficio para las comunidades de La Lajas, El Colorado, El Moxhi, Los&hellip;\" \/>\n<meta property=\"og:url\" content=\"https:\/\/expressometro.mx\/index.php\/2023\/10\/18\/inauguracion-del-panteon-en-arroyo-zarco\/\" \/>\n<meta property=\"og:site_name\" content=\"Expresso Metropolitano\" \/>\n<meta property=\"article:published_time\" content=\"2023-10-18T06:22:00+00:00\" \/>\n<meta property=\"article:modified_time\" content=\"2023-11-16T12:00:23+00:00\" \/>\n<meta property=\"og:image\" content=\"http:\/\/expressometro.mx\/wp-content\/uploads\/2023\/11\/WhatsApp-Image-2023-11-16-at-5.50.29-AM.jpeg\" \/>\n\t<meta property=\"og:image:width\" content=\"736\" \/>\n\t<meta property=\"og:image:height\" content=\"416\" \/>\n\t<meta property=\"og:image:type\" content=\"image\/jpeg\" \/>\n<meta name=\"author\" content=\"Expresso Metropolitano\" \/>\n<meta name=\"twitter:label1\" content=\"Escrito por\" \/>\n\t<meta name=\"twitter:data1\" content=\"Expresso Metropolitano\" \/>\n\t<meta name=\"twitter:label2\" content=\"Tiempo de lectura\" \/>\n\t<meta name=\"twitter:data2\" content=\"1 minuto\" \/>\n<script type=\"application\/ld+json\" class=\"yoast-schema-graph\">{\"@context\":\"https:\\\/\\\/schema.org\",\"@graph\":[{\"@type\":\"Article\",\"@id\":\"https:\\\/\\\/expressometro.mx\\\/index.php\\\/2023\\\/10\\\/18\\\/inauguracion-del-panteon-en-arroyo-zarco\\\/#article\",\"isPartOf\":{\"@id\":\"https:\\\/\\\/expressometro.mx\\\/index.php\\\/2023\\\/10\\\/18\\\/inauguracion-del-panteon-en-arroyo-zarco\\\/\"},\"author\":{\"name\":\"Expresso Metropolitano\",\"@id\":\"https:\\\/\\\/expressometro.mx\\\/#\\\/schema\\\/person\\\/efa971b4a0664db8ed5c22b1b0dd2f5d\"},\"headline\":\"INAUGURACI\u00d3N DEL PANTE\u00d3N EN ARROYO ZARCO\",\"datePublished\":\"2023-10-18T06:22:00+00:00\",\"dateModified\":\"2023-11-16T12:00:23+00:00\",\"mainEntityOfPage\":{\"@id\":\"https:\\\/\\\/expressometro.mx\\\/index.php\\\/2023\\\/10\\\/18\\\/inauguracion-del-panteon-en-arroyo-zarco\\\/\"},\"wordCount\":109,\"commentCount\":0,\"publisher\":{\"@id\":\"https:\\\/\\\/expressometro.mx\\\/#organization\"},\"image\":{\"@id\":\"https:\\\/\\\/expressometro.mx\\\/index.php\\\/2023\\\/10\\\/18\\\/inauguracion-del-panteon-en-arroyo-zarco\\\/#primaryimage\"},\"thumbnailUrl\":\"https:\\\/\\\/expressometro.mx\\\/wp-content\\\/uploads\\\/2023\\\/11\\\/WhatsApp-Image-2023-11-16-at-5.50.29-AM.jpeg\",\"keywords\":[\"Aculco\",\"Edomex\",\"GEM\",\"Jorge Osornio\"],\"articleSection\":[\"Gobierno\",\"Pol\u00edtica\",\"Salud\"],\"inLanguage\":\"es\",\"potentialAction\":[{\"@type\":\"CommentAction\",\"name\":\"Comment\",\"target\":[\"https:\\\/\\\/expressometro.mx\\\/index.php\\\/2023\\\/10\\\/18\\\/inauguracion-del-panteon-en-arroyo-zarco\\\/#respond\"]}]},{\"@type\":\"WebPage\",\"@id\":\"https:\\\/\\\/expressometro.mx\\\/index.php\\\/2023\\\/10\\\/18\\\/inauguracion-del-panteon-en-arroyo-zarco\\\/\",\"url\":\"https:\\\/\\\/expressometro.mx\\\/index.php\\\/2023\\\/10\\\/18\\\/inauguracion-del-panteon-en-arroyo-zarco\\\/\",\"name\":\"INAUGURACI\u00d3N DEL PANTE\u00d3N EN ARROYO ZARCO - Expresso Metropolitano\",\"isPartOf\":{\"@id\":\"https:\\\/\\\/expressometro.mx\\\/#website\"},\"primaryImageOfPage\":{\"@id\":\"https:\\\/\\\/expressometro.mx\\\/index.php\\\/2023\\\/10\\\/18\\\/inauguracion-del-panteon-en-arroyo-zarco\\\/#primaryimage\"},\"image\":{\"@id\":\"https:\\\/\\\/expressometro.mx\\\/index.php\\\/2023\\\/10\\\/18\\\/inauguracion-del-panteon-en-arroyo-zarco\\\/#primaryimage\"},\"thumbnailUrl\":\"https:\\\/\\\/expressometro.mx\\\/wp-content\\\/uploads\\\/2023\\\/11\\\/WhatsApp-Image-2023-11-16-at-5.50.29-AM.jpeg\",\"datePublished\":\"2023-10-18T06:22:00+00:00\",\"dateModified\":\"2023-11-16T12:00:23+00:00\",\"breadcrumb\":{\"@id\":\"https:\\\/\\\/expressometro.mx\\\/index.php\\\/2023\\\/10\\\/18\\\/inauguracion-del-panteon-en-arroyo-zarco\\\/#breadcrumb\"},\"inLanguage\":\"es\",\"potentialAction\":[{\"@type\":\"ReadAction\",\"target\":[\"https:\\\/\\\/expressometro.mx\\\/index.php\\\/2023\\\/10\\\/18\\\/inauguracion-del-panteon-en-arroyo-zarco\\\/\"]}]},{\"@type\":\"ImageObject\",\"inLanguage\":\"es\",\"@id\":\"https:\\\/\\\/expressometro.mx\\\/index.php\\\/2023\\\/10\\\/18\\\/inauguracion-del-panteon-en-arroyo-zarco\\\/#primaryimage\",\"url\":\"https:\\\/\\\/expressometro.mx\\\/wp-content\\\/uploads\\\/2023\\\/11\\\/WhatsApp-Image-2023-11-16-at-5.50.29-AM.jpeg\",\"contentUrl\":\"https:\\\/\\\/expressometro.mx\\\/wp-content\\\/uploads\\\/2023\\\/11\\\/WhatsApp-Image-2023-11-16-at-5.50.29-AM.jpeg\",\"width\":736,\"height\":416},{\"@type\":\"BreadcrumbList\",\"@id\":\"https:\\\/\\\/expressometro.mx\\\/index.php\\\/2023\\\/10\\\/18\\\/inauguracion-del-panteon-en-arroyo-zarco\\\/#breadcrumb\",\"itemListElement\":[{\"@type\":\"ListItem\",\"position\":1,\"name\":\"Inicio\",\"item\":\"https:\\\/\\\/expressometro.mx\\\/\"},{\"@type\":\"ListItem\",\"position\":2,\"name\":\"INAUGURACI\u00d3N DEL PANTE\u00d3N EN ARROYO ZARCO\"}]},{\"@type\":\"WebSite\",\"@id\":\"https:\\\/\\\/expressometro.mx\\\/#website\",\"url\":\"https:\\\/\\\/expressometro.mx\\\/\",\"name\":\"Expresso Metropolitano\",\"description\":\"Periodismo comprometido, informaci\u00f3n, investigaci\u00f3n y an\u00e1lisis\",\"publisher\":{\"@id\":\"https:\\\/\\\/expressometro.mx\\\/#organization\"},\"potentialAction\":[{\"@type\":\"SearchAction\",\"target\":{\"@type\":\"EntryPoint\",\"urlTemplate\":\"https:\\\/\\\/expressometro.mx\\\/?s={search_term_string}\"},\"query-input\":{\"@type\":\"PropertyValueSpecification\",\"valueRequired\":true,\"valueName\":\"search_term_string\"}}],\"inLanguage\":\"es\"},{\"@type\":\"Organization\",\"@id\":\"https:\\\/\\\/expressometro.mx\\\/#organization\",\"name\":\"Expresso Metropolitano\",\"url\":\"https:\\\/\\\/expressometro.mx\\\/\",\"logo\":{\"@type\":\"ImageObject\",\"inLanguage\":\"es\",\"@id\":\"https:\\\/\\\/expressometro.mx\\\/#\\\/schema\\\/logo\\\/image\\\/\",\"url\":\"https:\\\/\\\/expressometro.mx\\\/wp-content\\\/uploads\\\/2019\\\/07\\\/cropped-Logo-Expresso-Metropolitano-1-1.jpeg\",\"contentUrl\":\"https:\\\/\\\/expressometro.mx\\\/wp-content\\\/uploads\\\/2019\\\/07\\\/cropped-Logo-Expresso-Metropolitano-1-1.jpeg\",\"width\":290,\"height\":73,\"caption\":\"Expresso Metropolitano\"},\"image\":{\"@id\":\"https:\\\/\\\/expressometro.mx\\\/#\\\/schema\\\/logo\\\/image\\\/\"}},{\"@type\":\"Person\",\"@id\":\"https:\\\/\\\/expressometro.mx\\\/#\\\/schema\\\/person\\\/efa971b4a0664db8ed5c22b1b0dd2f5d\",\"name\":\"Expresso Metropolitano\",\"image\":{\"@type\":\"ImageObject\",\"inLanguage\":\"es\",\"@id\":\"https:\\\/\\\/secure.gravatar.com\\\/avatar\\\/a89f802b8de18c6952f223c88d3d106e9e3679839f4e25a02f4a6cc2ae6ba3b3?s=96&d=mm&r=g\",\"url\":\"https:\\\/\\\/secure.gravatar.com\\\/avatar\\\/a89f802b8de18c6952f223c88d3d106e9e3679839f4e25a02f4a6cc2ae6ba3b3?s=96&d=mm&r=g\",\"contentUrl\":\"https:\\\/\\\/secure.gravatar.com\\\/avatar\\\/a89f802b8de18c6952f223c88d3d106e9e3679839f4e25a02f4a6cc2ae6ba3b3?s=96&d=mm&r=g\",\"caption\":\"Expresso Metropolitano\"},\"url\":\"https:\\\/\\\/expressometro.mx\\\/index.php\\\/author\\\/diego\\\/\"}]}<\/script>\n<!-- \/ Yoast SEO plugin. -->","yoast_head_json":{"title":"INAUGURACI\u00d3N DEL PANTE\u00d3N EN ARROYO ZARCO - Expresso Metropolitano","robots":{"index":"index","follow":"follow","max-snippet":"max-snippet:-1","max-image-preview":"max-image-preview:large","max-video-preview":"max-video-preview:-1"},"canonical":"https:\/\/expressometro.mx\/index.php\/2023\/10\/18\/inauguracion-del-panteon-en-arroyo-zarco\/","og_locale":"es_MX","og_type":"article","og_title":"INAUGURACI\u00d3N DEL PANTE\u00d3N EN ARROYO ZARCO - Expresso Metropolitano","og_description":"El Presidente Municipal de Aculco, Jorge Alfredo Osornio Victoria, en gira de trabajo por las comunidades de San Antonio el Zethe y San Antonio Arroyo Zarco, dio inicio a obras e inaugur\u00f3 el pante\u00f3n. En San Antonio se dio inicio a una construcci\u00f3n, la colocaci\u00f3n de seis l\u00e1mparas y la instalaci\u00f3n de calentadores solares con una inversi\u00f3n superior a los 167 mil pesos. Posteriormente, en la comunidad de Arroyo Zarco se inaugur\u00f3 y consagr\u00f3 el pante\u00f3n que tendr\u00e1 beneficio para las comunidades de La Lajas, El Colorado, El Moxhi, Los&hellip;","og_url":"https:\/\/expressometro.mx\/index.php\/2023\/10\/18\/inauguracion-del-panteon-en-arroyo-zarco\/","og_site_name":"Expresso Metropolitano","article_published_time":"2023-10-18T06:22:00+00:00","article_modified_time":"2023-11-16T12:00:23+00:00","og_image":[{"width":736,"height":416,"url":"http:\/\/expressometro.mx\/wp-content\/uploads\/2023\/11\/WhatsApp-Image-2023-11-16-at-5.50.29-AM.jpeg","type":"image\/jpeg"}],"author":"Expresso Metropolitano","twitter_misc":{"Escrito por":"Expresso Metropolitano","Tiempo de lectura":"1 minuto"},"schema":{"@context":"https:\/\/schema.org","@graph":[{"@type":"Article","@id":"https:\/\/expressometro.mx\/index.php\/2023\/10\/18\/inauguracion-del-panteon-en-arroyo-zarco\/#article","isPartOf":{"@id":"https:\/\/expressometro.mx\/index.php\/2023\/10\/18\/inauguracion-del-panteon-en-arroyo-zarco\/"},"author":{"name":"Expresso Metropolitano","@id":"https:\/\/expressometro.mx\/#\/schema\/person\/efa971b4a0664db8ed5c22b1b0dd2f5d"},"headline":"INAUGURACI\u00d3N DEL PANTE\u00d3N EN ARROYO ZARCO","datePublished":"2023-10-18T06:22:00+00:00","dateModified":"2023-11-16T12:00:23+00:00","mainEntityOfPage":{"@id":"https:\/\/expressometro.mx\/index.php\/2023\/10\/18\/inauguracion-del-panteon-en-arroyo-zarco\/"},"wordCount":109,"commentCount":0,"publisher":{"@id":"https:\/\/expressometro.mx\/#organization"},"image":{"@id":"https:\/\/expressometro.mx\/index.php\/2023\/10\/18\/inauguracion-del-panteon-en-arroyo-zarco\/#primaryimage"},"thumbnailUrl":"https:\/\/expressometro.mx\/wp-content\/uploads\/2023\/11\/WhatsApp-Image-2023-11-16-at-5.50.29-AM.jpeg","keywords":["Aculco","Edomex","GEM","Jorge Osornio"],"articleSection":["Gobierno","Pol\u00edtica","Salud"],"inLanguage":"es","potentialAction":[{"@type":"CommentAction","name":"Comment","target":["https:\/\/expressometro.mx\/index.php\/2023\/10\/18\/inauguracion-del-panteon-en-arroyo-zarco\/#respond"]}]},{"@type":"WebPage","@id":"https:\/\/expressometro.mx\/index.php\/2023\/10\/18\/inauguracion-del-panteon-en-arroyo-zarco\/","url":"https:\/\/expressometro.mx\/index.php\/2023\/10\/18\/inauguracion-del-panteon-en-arroyo-zarco\/","name":"INAUGURACI\u00d3N DEL PANTE\u00d3N EN ARROYO ZARCO - Expresso Metropolitano","isPartOf":{"@id":"https:\/\/expressometro.mx\/#website"},"primaryImageOfPage":{"@id":"https:\/\/expressometro.mx\/index.php\/2023\/10\/18\/inauguracion-del-panteon-en-arroyo-zarco\/#primaryimage"},"image":{"@id":"https:\/\/expressometro.mx\/index.php\/2023\/10\/18\/inauguracion-del-panteon-en-arroyo-zarco\/#primaryimage"},"thumbnailUrl":"https:\/\/expressometro.mx\/wp-content\/uploads\/2023\/11\/WhatsApp-Image-2023-11-16-at-5.50.29-AM.jpeg","datePublished":"2023-10-18T06:22:00+00:00","dateModified":"2023-11-16T12:00:23+00:00","breadcrumb":{"@id":"https:\/\/expressometro.mx\/index.php\/2023\/10\/18\/inauguracion-del-panteon-en-arroyo-zarco\/#breadcrumb"},"inLanguage":"es","potentialAction":[{"@type":"ReadAction","target":["https:\/\/expressometro.mx\/index.php\/2023\/10\/18\/inauguracion-del-panteon-en-arroyo-zarco\/"]}]},{"@type":"ImageObject","inLanguage":"es","@id":"https:\/\/expressometro.mx\/index.php\/2023\/10\/18\/inauguracion-del-panteon-en-arroyo-zarco\/#primaryimage","url":"https:\/\/expressometro.mx\/wp-content\/uploads\/2023\/11\/WhatsApp-Image-2023-11-16-at-5.50.29-AM.jpeg","contentUrl":"https:\/\/expressometro.mx\/wp-content\/uploads\/2023\/11\/WhatsApp-Image-2023-11-16-at-5.50.29-AM.jpeg","width":736,"height":416},{"@type":"BreadcrumbList","@id":"https:\/\/expressometro.mx\/index.php\/2023\/10\/18\/inauguracion-del-panteon-en-arroyo-zarco\/#breadcrumb","itemListElement":[{"@type":"ListItem","position":1,"name":"Inicio","item":"https:\/\/expressometro.mx\/"},{"@type":"ListItem","position":2,"name":"INAUGURACI\u00d3N DEL PANTE\u00d3N EN ARROYO ZARCO"}]},{"@type":"WebSite","@id":"https:\/\/expressometro.mx\/#website","url":"https:\/\/expressometro.mx\/","name":"Expresso Metropolitano","description":"Periodismo comprometido, informaci\u00f3n, investigaci\u00f3n y an\u00e1lisis","publisher":{"@id":"https:\/\/expressometro.mx\/#organization"},"potentialAction":[{"@type":"SearchAction","target":{"@type":"EntryPoint","urlTemplate":"https:\/\/expressometro.mx\/?s={search_term_string}"},"query-input":{"@type":"PropertyValueSpecification","valueRequired":true,"valueName":"search_term_string"}}],"inLanguage":"es"},{"@type":"Organization","@id":"https:\/\/expressometro.mx\/#organization","name":"Expresso Metropolitano","url":"https:\/\/expressometro.mx\/","logo":{"@type":"ImageObject","inLanguage":"es","@id":"https:\/\/expressometro.mx\/#\/schema\/logo\/image\/","url":"https:\/\/expressometro.mx\/wp-content\/uploads\/2019\/07\/cropped-Logo-Expresso-Metropolitano-1-1.jpeg","contentUrl":"https:\/\/expressometro.mx\/wp-content\/uploads\/2019\/07\/cropped-Logo-Expresso-Metropolitano-1-1.jpeg","width":290,"height":73,"caption":"Expresso Metropolitano"},"image":{"@id":"https:\/\/expressometro.mx\/#\/schema\/logo\/image\/"}},{"@type":"Person","@id":"https:\/\/expressometro.mx\/#\/schema\/person\/efa971b4a0664db8ed5c22b1b0dd2f5d","name":"Expresso Metropolitano","image":{"@type":"ImageObject","inLanguage":"es","@id":"https:\/\/secure.gravatar.com\/avatar\/a89f802b8de18c6952f223c88d3d106e9e3679839f4e25a02f4a6cc2ae6ba3b3?s=96&d=mm&r=g","url":"https:\/\/secure.gravatar.com\/avatar\/a89f802b8de18c6952f223c88d3d106e9e3679839f4e25a02f4a6cc2ae6ba3b3?s=96&d=mm&r=g","contentUrl":"https:\/\/secure.gravatar.com\/avatar\/a89f802b8de18c6952f223c88d3d106e9e3679839f4e25a02f4a6cc2ae6ba3b3?s=96&d=mm&r=g","caption":"Expresso Metropolitano"},"url":"https:\/\/expressometro.mx\/index.php\/author\/diego\/"}]}},"amp_enabled":true,"_links":{"self":[{"href":"https:\/\/expressometro.mx\/index.php\/wp-json\/wp\/v2\/posts\/8295","targetHints":{"allow":["GET"]}}],"collection":[{"href":"https:\/\/expressometro.mx\/index.php\/wp-json\/wp\/v2\/posts"}],"about":[{"href":"https:\/\/expressometro.mx\/index.php\/wp-json\/wp\/v2\/types\/post"}],"author":[{"embeddable":true,"href":"https:\/\/expressometro.mx\/index.php\/wp-json\/wp\/v2\/users\/1"}],"replies":[{"embeddable":true,"href":"https:\/\/expressometro.mx\/index.php\/wp-json\/wp\/v2\/comments?post=8295"}],"version-history":[{"count":1,"href":"https:\/\/expressometro.mx\/index.php\/wp-json\/wp\/v2\/posts\/8295\/revisions"}],"predecessor-version":[{"id":8299,"href":"https:\/\/expressometro.mx\/index.php\/wp-json\/wp\/v2\/posts\/8295\/revisions\/8299"}],"wp:featuredmedia":[{"embeddable":true,"href":"https:\/\/expressometro.mx\/index.php\/wp-json\/wp\/v2\/media\/8298"}],"wp:attachment":[{"href":"https:\/\/expressometro.mx\/index.php\/wp-json\/wp\/v2\/media?parent=8295"}],"wp:term":[{"taxonomy":"category","embeddable":true,"href":"https:\/\/expressometro.mx\/index.php\/wp-json\/wp\/v2\/categories?post=8295"},{"taxonomy":"post_tag","embeddable":true,"href":"https:\/\/expressometro.mx\/index.php\/wp-json\/wp\/v2\/tags?post=8295"}],"curies":[{"name":"wp","href":"https:\/\/api.w.org\/{rel}","templated":true}]}}