{"id":8278,"date":"2023-11-09T11:00:16","date_gmt":"2023-11-09T17:00:16","guid":{"rendered":"https:\/\/expressometro.mx\/?p=8278"},"modified":"2023-11-14T11:08:24","modified_gmt":"2023-11-14T17:08:24","slug":"uaemex-promueve-reflexion-sobre-sororidad-equidad-e-inclusion","status":"publish","type":"post","link":"https:\/\/expressometro.mx\/index.php\/2023\/11\/09\/uaemex-promueve-reflexion-sobre-sororidad-equidad-e-inclusion\/","title":{"rendered":"UAEM\u00c9X PROMUEVE REFLEXI\u00d3N SOBRE SORORIDAD, EQUIDAD E INCLUSI\u00d3N"},"content":{"rendered":"\n<p><\/p>\n\n\n\n<p>* El rector Carlos Eduardo Barrera D\u00edaz inaugur\u00f3 la muestra fotogr\u00e1fica \u201cSORORIDADes. Arte, G\u00e9nero y Cultura para la Paz\u201d, conformada por im\u00e1genes de estudiantes de la propia instituci\u00f3n.<\/p>\n\n\n\n<p><\/p>\n\n\n\n<p>En la Casa de \u201cLa Mora\u201d, sede de la Defensor\u00eda de los Derechos Universitarios, el rector de la Universidad Aut\u00f3noma del Estado de M\u00e9xico (UAEM\u00e9x), Carlos Eduardo Barrera D\u00edaz, inaugur\u00f3 la muestra fotogr\u00e1fica \u201cSORORIDADes. Arte, G\u00e9nero y Cultura para la Paz\u201d, conformada por im\u00e1genes de estudiantes de la propia instituci\u00f3n.<\/p>\n\n\n\n<p>La secretaria de Difusi\u00f3n Cultural de esta casa de estudios, Mar\u00eda de las Mercedes Portilla Luja, destac\u00f3 que esta colecci\u00f3n fotogr\u00e1fica invita a los espectadores a reflexionar sobre el concepto de sororidad.<\/p>\n\n\n\n<p>Ante el titular de la Defensor\u00eda de los Derechos Universitarios, Osiris Ram\u00edrez Prado, y las defensoras universitarias adjuntas, Patricia Garc\u00eda Romero y Patricia Varela Guerrero, afirm\u00f3 que, con su trabajo creativo, estudiantes y egresados universitarios, as\u00ed como estudiantes de la Escuela Superior de Fotograf\u00eda Lumi\u00e8re, muestran su visi\u00f3n art\u00edstica con relaci\u00f3n a la paz, a la mujer y el g\u00e9nero.<\/p>\n\n\n\n<p>Captan y proyectan en im\u00e1genes, asever\u00f3, el respeto, la uni\u00f3n, el amor, as\u00ed como las condiciones culturales, sociales y econ\u00f3micas actuales, tornan a la imagen en un veh\u00edculo para dialogar con los problemas sociales, con el prop\u00f3sito de crear sociedades m\u00e1s unidas y con valores.<\/p>\n\n\n\n<p>Ante la representante de los expositores, alumna de la Facultad de Artes, Sof\u00eda Quintero Jaramillo, Patricia Varela Guerrero sostuvo que los miembros de la comunidad universitaria tienen como objetivo promover los valores, principios y fines de la UAEM\u00e9x, entre los que destacan la equidad y la inclusi\u00f3n.<\/p>\n\n\n\n<p>Estas im\u00e1genes, manifest\u00f3, reflejan la solidaridad, la hermandad que existe entre mujeres que se encuentran en un contexto de discriminaci\u00f3n, as\u00ed como la lucha por el empoderamiento y respeto a la igualdad de g\u00e9nero.<\/p>\n\n\n\n<p>Por ello, abund\u00f3, es un placer dar albergue temporal en la Casa de \u201cLa Mora\u201d, a esta muestra, que contribuye a interpretar el mundo que nos rodea y difundir el conocimiento human\u00edstico.<\/p>\n","protected":false},"excerpt":{"rendered":"<p>En la Casa de \u201cLa Mora\u201d, sede de la Defensor\u00eda de los Derechos Universitarios, el rector de la Universidad Aut\u00f3noma del Estado de M\u00e9xico (UAEM\u00e9x), Carlos Eduardo Barrera D\u00edaz, inaugur\u00f3 la muestra fotogr\u00e1fica \u201cSORORIDADes. Arte, G\u00e9nero y Cultura para la Paz\u201d, conformada por im\u00e1genes de estudiantes de la propia instituci\u00f3n.<\/p>\n","protected":false},"author":1,"featured_media":8280,"comment_status":"open","ping_status":"open","sticky":false,"template":"","format":"standard","meta":{"footnotes":""},"categories":[11,108,3,1],"tags":[313,1982,86,82],"class_list":["post-8278","post","type-post","status-publish","format-standard","has-post-thumbnail","hentry","category-cultura","category-educacion","category-gobierno","category-otros","tag-carlos-eduardo-barrera-diaz","tag-edomex","tag-gem","tag-uaemex"],"yoast_head":"<!-- This site is optimized with the Yoast SEO plugin v27.4 - https:\/\/yoast.com\/product\/yoast-seo-wordpress\/ -->\n<title>UAEM\u00c9X PROMUEVE REFLEXI\u00d3N SOBRE SORORIDAD, EQUIDAD E INCLUSI\u00d3N - Expresso Metropolitano<\/title>\n<meta name=\"robots\" content=\"index, follow, max-snippet:-1, max-image-preview:large, max-video-preview:-1\" \/>\n<link rel=\"canonical\" href=\"https:\/\/expressometro.mx\/index.php\/2023\/11\/09\/uaemex-promueve-reflexion-sobre-sororidad-equidad-e-inclusion\/\" \/>\n<meta property=\"og:locale\" content=\"es_MX\" \/>\n<meta property=\"og:type\" content=\"article\" \/>\n<meta property=\"og:title\" content=\"UAEM\u00c9X PROMUEVE REFLEXI\u00d3N SOBRE SORORIDAD, EQUIDAD E INCLUSI\u00d3N - Expresso Metropolitano\" \/>\n<meta property=\"og:description\" content=\"En la Casa de \u201cLa Mora\u201d, sede de la Defensor\u00eda de los Derechos Universitarios, el rector de la Universidad Aut\u00f3noma del Estado de M\u00e9xico (UAEM\u00e9x), Carlos Eduardo Barrera D\u00edaz, inaugur\u00f3 la muestra fotogr\u00e1fica \u201cSORORIDADes. Arte, G\u00e9nero y Cultura para la Paz\u201d, conformada por im\u00e1genes de estudiantes de la propia instituci\u00f3n.\" \/>\n<meta property=\"og:url\" content=\"https:\/\/expressometro.mx\/index.php\/2023\/11\/09\/uaemex-promueve-reflexion-sobre-sororidad-equidad-e-inclusion\/\" \/>\n<meta property=\"og:site_name\" content=\"Expresso Metropolitano\" \/>\n<meta property=\"article:published_time\" content=\"2023-11-09T17:00:16+00:00\" \/>\n<meta property=\"article:modified_time\" content=\"2023-11-14T17:08:24+00:00\" \/>\n<meta property=\"og:image\" content=\"http:\/\/expressometro.mx\/wp-content\/uploads\/2023\/11\/UAEM-091123-21.jpg\" \/>\n\t<meta property=\"og:image:width\" content=\"1440\" \/>\n\t<meta property=\"og:image:height\" content=\"960\" \/>\n\t<meta property=\"og:image:type\" content=\"image\/jpeg\" \/>\n<meta name=\"author\" content=\"Expresso Metropolitano\" \/>\n<meta name=\"twitter:label1\" content=\"Escrito por\" \/>\n\t<meta name=\"twitter:data1\" content=\"Expresso Metropolitano\" \/>\n\t<meta name=\"twitter:label2\" content=\"Tiempo de lectura\" \/>\n\t<meta name=\"twitter:data2\" content=\"2 minutos\" \/>\n<script type=\"application\/ld+json\" class=\"yoast-schema-graph\">{\"@context\":\"https:\\\/\\\/schema.org\",\"@graph\":[{\"@type\":\"Article\",\"@id\":\"https:\\\/\\\/expressometro.mx\\\/index.php\\\/2023\\\/11\\\/09\\\/uaemex-promueve-reflexion-sobre-sororidad-equidad-e-inclusion\\\/#article\",\"isPartOf\":{\"@id\":\"https:\\\/\\\/expressometro.mx\\\/index.php\\\/2023\\\/11\\\/09\\\/uaemex-promueve-reflexion-sobre-sororidad-equidad-e-inclusion\\\/\"},\"author\":{\"name\":\"Expresso Metropolitano\",\"@id\":\"https:\\\/\\\/expressometro.mx\\\/#\\\/schema\\\/person\\\/efa971b4a0664db8ed5c22b1b0dd2f5d\"},\"headline\":\"UAEM\u00c9X PROMUEVE REFLEXI\u00d3N SOBRE SORORIDAD, EQUIDAD E INCLUSI\u00d3N\",\"datePublished\":\"2023-11-09T17:00:16+00:00\",\"dateModified\":\"2023-11-14T17:08:24+00:00\",\"mainEntityOfPage\":{\"@id\":\"https:\\\/\\\/expressometro.mx\\\/index.php\\\/2023\\\/11\\\/09\\\/uaemex-promueve-reflexion-sobre-sororidad-equidad-e-inclusion\\\/\"},\"wordCount\":378,\"commentCount\":0,\"publisher\":{\"@id\":\"https:\\\/\\\/expressometro.mx\\\/#organization\"},\"image\":{\"@id\":\"https:\\\/\\\/expressometro.mx\\\/index.php\\\/2023\\\/11\\\/09\\\/uaemex-promueve-reflexion-sobre-sororidad-equidad-e-inclusion\\\/#primaryimage\"},\"thumbnailUrl\":\"https:\\\/\\\/expressometro.mx\\\/wp-content\\\/uploads\\\/2023\\\/11\\\/UAEM-091123-21.jpg\",\"keywords\":[\"Carlos Eduardo Barrera D\u00edaz\",\"Edomex\",\"GEM\",\"UAEMex\"],\"articleSection\":[\"Cultura\",\"Educaci\u00f3n\",\"Gobierno\",\"Otros\"],\"inLanguage\":\"es\",\"potentialAction\":[{\"@type\":\"CommentAction\",\"name\":\"Comment\",\"target\":[\"https:\\\/\\\/expressometro.mx\\\/index.php\\\/2023\\\/11\\\/09\\\/uaemex-promueve-reflexion-sobre-sororidad-equidad-e-inclusion\\\/#respond\"]}]},{\"@type\":\"WebPage\",\"@id\":\"https:\\\/\\\/expressometro.mx\\\/index.php\\\/2023\\\/11\\\/09\\\/uaemex-promueve-reflexion-sobre-sororidad-equidad-e-inclusion\\\/\",\"url\":\"https:\\\/\\\/expressometro.mx\\\/index.php\\\/2023\\\/11\\\/09\\\/uaemex-promueve-reflexion-sobre-sororidad-equidad-e-inclusion\\\/\",\"name\":\"UAEM\u00c9X PROMUEVE REFLEXI\u00d3N SOBRE SORORIDAD, EQUIDAD E INCLUSI\u00d3N - Expresso Metropolitano\",\"isPartOf\":{\"@id\":\"https:\\\/\\\/expressometro.mx\\\/#website\"},\"primaryImageOfPage\":{\"@id\":\"https:\\\/\\\/expressometro.mx\\\/index.php\\\/2023\\\/11\\\/09\\\/uaemex-promueve-reflexion-sobre-sororidad-equidad-e-inclusion\\\/#primaryimage\"},\"image\":{\"@id\":\"https:\\\/\\\/expressometro.mx\\\/index.php\\\/2023\\\/11\\\/09\\\/uaemex-promueve-reflexion-sobre-sororidad-equidad-e-inclusion\\\/#primaryimage\"},\"thumbnailUrl\":\"https:\\\/\\\/expressometro.mx\\\/wp-content\\\/uploads\\\/2023\\\/11\\\/UAEM-091123-21.jpg\",\"datePublished\":\"2023-11-09T17:00:16+00:00\",\"dateModified\":\"2023-11-14T17:08:24+00:00\",\"breadcrumb\":{\"@id\":\"https:\\\/\\\/expressometro.mx\\\/index.php\\\/2023\\\/11\\\/09\\\/uaemex-promueve-reflexion-sobre-sororidad-equidad-e-inclusion\\\/#breadcrumb\"},\"inLanguage\":\"es\",\"potentialAction\":[{\"@type\":\"ReadAction\",\"target\":[\"https:\\\/\\\/expressometro.mx\\\/index.php\\\/2023\\\/11\\\/09\\\/uaemex-promueve-reflexion-sobre-sororidad-equidad-e-inclusion\\\/\"]}]},{\"@type\":\"ImageObject\",\"inLanguage\":\"es\",\"@id\":\"https:\\\/\\\/expressometro.mx\\\/index.php\\\/2023\\\/11\\\/09\\\/uaemex-promueve-reflexion-sobre-sororidad-equidad-e-inclusion\\\/#primaryimage\",\"url\":\"https:\\\/\\\/expressometro.mx\\\/wp-content\\\/uploads\\\/2023\\\/11\\\/UAEM-091123-21.jpg\",\"contentUrl\":\"https:\\\/\\\/expressometro.mx\\\/wp-content\\\/uploads\\\/2023\\\/11\\\/UAEM-091123-21.jpg\",\"width\":1440,\"height\":960},{\"@type\":\"BreadcrumbList\",\"@id\":\"https:\\\/\\\/expressometro.mx\\\/index.php\\\/2023\\\/11\\\/09\\\/uaemex-promueve-reflexion-sobre-sororidad-equidad-e-inclusion\\\/#breadcrumb\",\"itemListElement\":[{\"@type\":\"ListItem\",\"position\":1,\"name\":\"Inicio\",\"item\":\"https:\\\/\\\/expressometro.mx\\\/\"},{\"@type\":\"ListItem\",\"position\":2,\"name\":\"UAEM\u00c9X PROMUEVE REFLEXI\u00d3N SOBRE SORORIDAD, EQUIDAD E INCLUSI\u00d3N\"}]},{\"@type\":\"WebSite\",\"@id\":\"https:\\\/\\\/expressometro.mx\\\/#website\",\"url\":\"https:\\\/\\\/expressometro.mx\\\/\",\"name\":\"Expresso Metropolitano\",\"description\":\"Periodismo comprometido, informaci\u00f3n, investigaci\u00f3n y an\u00e1lisis\",\"publisher\":{\"@id\":\"https:\\\/\\\/expressometro.mx\\\/#organization\"},\"potentialAction\":[{\"@type\":\"SearchAction\",\"target\":{\"@type\":\"EntryPoint\",\"urlTemplate\":\"https:\\\/\\\/expressometro.mx\\\/?s={search_term_string}\"},\"query-input\":{\"@type\":\"PropertyValueSpecification\",\"valueRequired\":true,\"valueName\":\"search_term_string\"}}],\"inLanguage\":\"es\"},{\"@type\":\"Organization\",\"@id\":\"https:\\\/\\\/expressometro.mx\\\/#organization\",\"name\":\"Expresso Metropolitano\",\"url\":\"https:\\\/\\\/expressometro.mx\\\/\",\"logo\":{\"@type\":\"ImageObject\",\"inLanguage\":\"es\",\"@id\":\"https:\\\/\\\/expressometro.mx\\\/#\\\/schema\\\/logo\\\/image\\\/\",\"url\":\"https:\\\/\\\/expressometro.mx\\\/wp-content\\\/uploads\\\/2019\\\/07\\\/cropped-Logo-Expresso-Metropolitano-1-1.jpeg\",\"contentUrl\":\"https:\\\/\\\/expressometro.mx\\\/wp-content\\\/uploads\\\/2019\\\/07\\\/cropped-Logo-Expresso-Metropolitano-1-1.jpeg\",\"width\":290,\"height\":73,\"caption\":\"Expresso Metropolitano\"},\"image\":{\"@id\":\"https:\\\/\\\/expressometro.mx\\\/#\\\/schema\\\/logo\\\/image\\\/\"}},{\"@type\":\"Person\",\"@id\":\"https:\\\/\\\/expressometro.mx\\\/#\\\/schema\\\/person\\\/efa971b4a0664db8ed5c22b1b0dd2f5d\",\"name\":\"Expresso Metropolitano\",\"image\":{\"@type\":\"ImageObject\",\"inLanguage\":\"es\",\"@id\":\"https:\\\/\\\/secure.gravatar.com\\\/avatar\\\/a89f802b8de18c6952f223c88d3d106e9e3679839f4e25a02f4a6cc2ae6ba3b3?s=96&d=mm&r=g\",\"url\":\"https:\\\/\\\/secure.gravatar.com\\\/avatar\\\/a89f802b8de18c6952f223c88d3d106e9e3679839f4e25a02f4a6cc2ae6ba3b3?s=96&d=mm&r=g\",\"contentUrl\":\"https:\\\/\\\/secure.gravatar.com\\\/avatar\\\/a89f802b8de18c6952f223c88d3d106e9e3679839f4e25a02f4a6cc2ae6ba3b3?s=96&d=mm&r=g\",\"caption\":\"Expresso Metropolitano\"},\"url\":\"https:\\\/\\\/expressometro.mx\\\/index.php\\\/author\\\/diego\\\/\"}]}<\/script>\n<!-- \/ Yoast SEO plugin. -->","yoast_head_json":{"title":"UAEM\u00c9X PROMUEVE REFLEXI\u00d3N SOBRE SORORIDAD, EQUIDAD E INCLUSI\u00d3N - Expresso Metropolitano","robots":{"index":"index","follow":"follow","max-snippet":"max-snippet:-1","max-image-preview":"max-image-preview:large","max-video-preview":"max-video-preview:-1"},"canonical":"https:\/\/expressometro.mx\/index.php\/2023\/11\/09\/uaemex-promueve-reflexion-sobre-sororidad-equidad-e-inclusion\/","og_locale":"es_MX","og_type":"article","og_title":"UAEM\u00c9X PROMUEVE REFLEXI\u00d3N SOBRE SORORIDAD, EQUIDAD E INCLUSI\u00d3N - Expresso Metropolitano","og_description":"En la Casa de \u201cLa Mora\u201d, sede de la Defensor\u00eda de los Derechos Universitarios, el rector de la Universidad Aut\u00f3noma del Estado de M\u00e9xico (UAEM\u00e9x), Carlos Eduardo Barrera D\u00edaz, inaugur\u00f3 la muestra fotogr\u00e1fica \u201cSORORIDADes. Arte, G\u00e9nero y Cultura para la Paz\u201d, conformada por im\u00e1genes de estudiantes de la propia instituci\u00f3n.","og_url":"https:\/\/expressometro.mx\/index.php\/2023\/11\/09\/uaemex-promueve-reflexion-sobre-sororidad-equidad-e-inclusion\/","og_site_name":"Expresso Metropolitano","article_published_time":"2023-11-09T17:00:16+00:00","article_modified_time":"2023-11-14T17:08:24+00:00","og_image":[{"width":1440,"height":960,"url":"http:\/\/expressometro.mx\/wp-content\/uploads\/2023\/11\/UAEM-091123-21.jpg","type":"image\/jpeg"}],"author":"Expresso Metropolitano","twitter_misc":{"Escrito por":"Expresso Metropolitano","Tiempo de lectura":"2 minutos"},"schema":{"@context":"https:\/\/schema.org","@graph":[{"@type":"Article","@id":"https:\/\/expressometro.mx\/index.php\/2023\/11\/09\/uaemex-promueve-reflexion-sobre-sororidad-equidad-e-inclusion\/#article","isPartOf":{"@id":"https:\/\/expressometro.mx\/index.php\/2023\/11\/09\/uaemex-promueve-reflexion-sobre-sororidad-equidad-e-inclusion\/"},"author":{"name":"Expresso Metropolitano","@id":"https:\/\/expressometro.mx\/#\/schema\/person\/efa971b4a0664db8ed5c22b1b0dd2f5d"},"headline":"UAEM\u00c9X PROMUEVE REFLEXI\u00d3N SOBRE SORORIDAD, EQUIDAD E INCLUSI\u00d3N","datePublished":"2023-11-09T17:00:16+00:00","dateModified":"2023-11-14T17:08:24+00:00","mainEntityOfPage":{"@id":"https:\/\/expressometro.mx\/index.php\/2023\/11\/09\/uaemex-promueve-reflexion-sobre-sororidad-equidad-e-inclusion\/"},"wordCount":378,"commentCount":0,"publisher":{"@id":"https:\/\/expressometro.mx\/#organization"},"image":{"@id":"https:\/\/expressometro.mx\/index.php\/2023\/11\/09\/uaemex-promueve-reflexion-sobre-sororidad-equidad-e-inclusion\/#primaryimage"},"thumbnailUrl":"https:\/\/expressometro.mx\/wp-content\/uploads\/2023\/11\/UAEM-091123-21.jpg","keywords":["Carlos Eduardo Barrera D\u00edaz","Edomex","GEM","UAEMex"],"articleSection":["Cultura","Educaci\u00f3n","Gobierno","Otros"],"inLanguage":"es","potentialAction":[{"@type":"CommentAction","name":"Comment","target":["https:\/\/expressometro.mx\/index.php\/2023\/11\/09\/uaemex-promueve-reflexion-sobre-sororidad-equidad-e-inclusion\/#respond"]}]},{"@type":"WebPage","@id":"https:\/\/expressometro.mx\/index.php\/2023\/11\/09\/uaemex-promueve-reflexion-sobre-sororidad-equidad-e-inclusion\/","url":"https:\/\/expressometro.mx\/index.php\/2023\/11\/09\/uaemex-promueve-reflexion-sobre-sororidad-equidad-e-inclusion\/","name":"UAEM\u00c9X PROMUEVE REFLEXI\u00d3N SOBRE SORORIDAD, EQUIDAD E INCLUSI\u00d3N - Expresso Metropolitano","isPartOf":{"@id":"https:\/\/expressometro.mx\/#website"},"primaryImageOfPage":{"@id":"https:\/\/expressometro.mx\/index.php\/2023\/11\/09\/uaemex-promueve-reflexion-sobre-sororidad-equidad-e-inclusion\/#primaryimage"},"image":{"@id":"https:\/\/expressometro.mx\/index.php\/2023\/11\/09\/uaemex-promueve-reflexion-sobre-sororidad-equidad-e-inclusion\/#primaryimage"},"thumbnailUrl":"https:\/\/expressometro.mx\/wp-content\/uploads\/2023\/11\/UAEM-091123-21.jpg","datePublished":"2023-11-09T17:00:16+00:00","dateModified":"2023-11-14T17:08:24+00:00","breadcrumb":{"@id":"https:\/\/expressometro.mx\/index.php\/2023\/11\/09\/uaemex-promueve-reflexion-sobre-sororidad-equidad-e-inclusion\/#breadcrumb"},"inLanguage":"es","potentialAction":[{"@type":"ReadAction","target":["https:\/\/expressometro.mx\/index.php\/2023\/11\/09\/uaemex-promueve-reflexion-sobre-sororidad-equidad-e-inclusion\/"]}]},{"@type":"ImageObject","inLanguage":"es","@id":"https:\/\/expressometro.mx\/index.php\/2023\/11\/09\/uaemex-promueve-reflexion-sobre-sororidad-equidad-e-inclusion\/#primaryimage","url":"https:\/\/expressometro.mx\/wp-content\/uploads\/2023\/11\/UAEM-091123-21.jpg","contentUrl":"https:\/\/expressometro.mx\/wp-content\/uploads\/2023\/11\/UAEM-091123-21.jpg","width":1440,"height":960},{"@type":"BreadcrumbList","@id":"https:\/\/expressometro.mx\/index.php\/2023\/11\/09\/uaemex-promueve-reflexion-sobre-sororidad-equidad-e-inclusion\/#breadcrumb","itemListElement":[{"@type":"ListItem","position":1,"name":"Inicio","item":"https:\/\/expressometro.mx\/"},{"@type":"ListItem","position":2,"name":"UAEM\u00c9X PROMUEVE REFLEXI\u00d3N SOBRE SORORIDAD, EQUIDAD E INCLUSI\u00d3N"}]},{"@type":"WebSite","@id":"https:\/\/expressometro.mx\/#website","url":"https:\/\/expressometro.mx\/","name":"Expresso Metropolitano","description":"Periodismo comprometido, informaci\u00f3n, investigaci\u00f3n y an\u00e1lisis","publisher":{"@id":"https:\/\/expressometro.mx\/#organization"},"potentialAction":[{"@type":"SearchAction","target":{"@type":"EntryPoint","urlTemplate":"https:\/\/expressometro.mx\/?s={search_term_string}"},"query-input":{"@type":"PropertyValueSpecification","valueRequired":true,"valueName":"search_term_string"}}],"inLanguage":"es"},{"@type":"Organization","@id":"https:\/\/expressometro.mx\/#organization","name":"Expresso Metropolitano","url":"https:\/\/expressometro.mx\/","logo":{"@type":"ImageObject","inLanguage":"es","@id":"https:\/\/expressometro.mx\/#\/schema\/logo\/image\/","url":"https:\/\/expressometro.mx\/wp-content\/uploads\/2019\/07\/cropped-Logo-Expresso-Metropolitano-1-1.jpeg","contentUrl":"https:\/\/expressometro.mx\/wp-content\/uploads\/2019\/07\/cropped-Logo-Expresso-Metropolitano-1-1.jpeg","width":290,"height":73,"caption":"Expresso Metropolitano"},"image":{"@id":"https:\/\/expressometro.mx\/#\/schema\/logo\/image\/"}},{"@type":"Person","@id":"https:\/\/expressometro.mx\/#\/schema\/person\/efa971b4a0664db8ed5c22b1b0dd2f5d","name":"Expresso Metropolitano","image":{"@type":"ImageObject","inLanguage":"es","@id":"https:\/\/secure.gravatar.com\/avatar\/a89f802b8de18c6952f223c88d3d106e9e3679839f4e25a02f4a6cc2ae6ba3b3?s=96&d=mm&r=g","url":"https:\/\/secure.gravatar.com\/avatar\/a89f802b8de18c6952f223c88d3d106e9e3679839f4e25a02f4a6cc2ae6ba3b3?s=96&d=mm&r=g","contentUrl":"https:\/\/secure.gravatar.com\/avatar\/a89f802b8de18c6952f223c88d3d106e9e3679839f4e25a02f4a6cc2ae6ba3b3?s=96&d=mm&r=g","caption":"Expresso Metropolitano"},"url":"https:\/\/expressometro.mx\/index.php\/author\/diego\/"}]}},"amp_enabled":true,"_links":{"self":[{"href":"https:\/\/expressometro.mx\/index.php\/wp-json\/wp\/v2\/posts\/8278","targetHints":{"allow":["GET"]}}],"collection":[{"href":"https:\/\/expressometro.mx\/index.php\/wp-json\/wp\/v2\/posts"}],"about":[{"href":"https:\/\/expressometro.mx\/index.php\/wp-json\/wp\/v2\/types\/post"}],"author":[{"embeddable":true,"href":"https:\/\/expressometro.mx\/index.php\/wp-json\/wp\/v2\/users\/1"}],"replies":[{"embeddable":true,"href":"https:\/\/expressometro.mx\/index.php\/wp-json\/wp\/v2\/comments?post=8278"}],"version-history":[{"count":1,"href":"https:\/\/expressometro.mx\/index.php\/wp-json\/wp\/v2\/posts\/8278\/revisions"}],"predecessor-version":[{"id":8281,"href":"https:\/\/expressometro.mx\/index.php\/wp-json\/wp\/v2\/posts\/8278\/revisions\/8281"}],"wp:featuredmedia":[{"embeddable":true,"href":"https:\/\/expressometro.mx\/index.php\/wp-json\/wp\/v2\/media\/8280"}],"wp:attachment":[{"href":"https:\/\/expressometro.mx\/index.php\/wp-json\/wp\/v2\/media?parent=8278"}],"wp:term":[{"taxonomy":"category","embeddable":true,"href":"https:\/\/expressometro.mx\/index.php\/wp-json\/wp\/v2\/categories?post=8278"},{"taxonomy":"post_tag","embeddable":true,"href":"https:\/\/expressometro.mx\/index.php\/wp-json\/wp\/v2\/tags?post=8278"}],"curies":[{"name":"wp","href":"https:\/\/api.w.org\/{rel}","templated":true}]}}