{"id":8255,"date":"2023-02-03T07:26:00","date_gmt":"2023-02-03T13:26:00","guid":{"rendered":"https:\/\/expressometro.mx\/?p=8255"},"modified":"2023-11-14T08:10:05","modified_gmt":"2023-11-14T14:10:05","slug":"aculco-recibe-equipos-de-computo-para-escuelas-de-educacion-basica","status":"publish","type":"post","link":"https:\/\/expressometro.mx\/index.php\/2023\/02\/03\/aculco-recibe-equipos-de-computo-para-escuelas-de-educacion-basica\/","title":{"rendered":"ACULCO RECIBE EQUIPOS DE C\u00d3MPUTO PARA ESCUELAS DE EDUCACI\u00d3N B\u00c1SICA"},"content":{"rendered":"\n<p><\/p>\n\n\n\n<p>El Presidente Municipal, Jorge Alfredo Osornio Victoria, en compa\u00f1\u00eda de algunos de sus regidores, hicieron entrega de computadoras para escuelas de nivel b\u00e1sico, gracias al apoyo brindado por el Gobernador del Estado de M\u00e9xico, Lic. Alfredo Del Mazo Maza.<\/p>\n\n\n\n<p>El Lic. Alfredo Del Mazo siempre se ha caracterizado por impulsar la educaci\u00f3n, de esta manera refuerza sus acciones, con la entrega de equipo de c\u00f3mputo para las escuelas de educaci\u00f3n b\u00e1sica del estado. El Estado de M\u00e9xico es un referente a nivel nacional, en cuanto a su sistema educativo, por su infraestructura, nivel de cobertura capacidad de los docentes y el compromiso del estudiantado.<\/p>\n\n\n\n<p>Jorge Osornio ha seguido esta misma l\u00ednea de dar impulso al sistema educativo, ya que una sociedad prosperar\u00e1 y se desarrollar\u00e1 mejor, con ciudadanos debidamente preparados. Tambi\u00e9n destac\u00f3 la importancia de las tecnolog\u00edas de la informaci\u00f3n, que, en estos tiempos, son parte importante en la obtenci\u00f3n de conocimiento.<\/p>\n\n\n\n<p>Es por esto que esta donaci\u00f3n es muy valorada, por facilitar el conocimiento, que ser\u00e1 transmitido a estas nuevas generaciones. Invertir en la educaci\u00f3n nunca ser\u00e1 desaprovechado, al contrario, cada peque\u00f1a ayuda, contribuir\u00e1 a que los alumnos tengan mejores armas para enfrentar al mundo actual. Estos equipos de c\u00f3mputo estar\u00e1n destinados para las actividades acad\u00e9micas, fortalecer la educaci\u00f3n y respaldar a los estudiantes.<\/p>\n","protected":false},"excerpt":{"rendered":"<p>El Presidente Municipal, Jorge Alfredo Osornio Victoria, en compa\u00f1\u00eda de algunos de sus regidores, hicieron entrega de computadoras para escuelas de nivel b\u00e1sico, gracias al apoyo brindado por el Gobernador del Estado de M\u00e9xico, Lic. Alfredo Del Mazo Maza.<\/p>\n","protected":false},"author":1,"featured_media":8257,"comment_status":"open","ping_status":"open","sticky":false,"template":"","format":"standard","meta":{"footnotes":""},"categories":[108,3,1,231],"tags":[955,1982,86,954],"class_list":["post-8255","post","type-post","status-publish","format-standard","has-post-thumbnail","hentry","category-educacion","category-gobierno","category-otros","category-politica","tag-aculco","tag-edomex","tag-gem","tag-jorge-osornio"],"yoast_head":"<!-- This site is optimized with the Yoast SEO plugin v27.5 - https:\/\/yoast.com\/product\/yoast-seo-wordpress\/ -->\n<title>ACULCO RECIBE EQUIPOS DE C\u00d3MPUTO PARA ESCUELAS DE EDUCACI\u00d3N B\u00c1SICA - Expresso Metropolitano<\/title>\n<meta name=\"robots\" content=\"index, follow, max-snippet:-1, max-image-preview:large, max-video-preview:-1\" \/>\n<link rel=\"canonical\" href=\"https:\/\/expressometro.mx\/index.php\/2023\/02\/03\/aculco-recibe-equipos-de-computo-para-escuelas-de-educacion-basica\/\" \/>\n<meta property=\"og:locale\" content=\"es_MX\" \/>\n<meta property=\"og:type\" content=\"article\" \/>\n<meta property=\"og:title\" content=\"ACULCO RECIBE EQUIPOS DE C\u00d3MPUTO PARA ESCUELAS DE EDUCACI\u00d3N B\u00c1SICA - Expresso Metropolitano\" \/>\n<meta property=\"og:description\" content=\"El Presidente Municipal, Jorge Alfredo Osornio Victoria, en compa\u00f1\u00eda de algunos de sus regidores, hicieron entrega de computadoras para escuelas de nivel b\u00e1sico, gracias al apoyo brindado por el Gobernador del Estado de M\u00e9xico, Lic. Alfredo Del Mazo Maza.\" \/>\n<meta property=\"og:url\" content=\"https:\/\/expressometro.mx\/index.php\/2023\/02\/03\/aculco-recibe-equipos-de-computo-para-escuelas-de-educacion-basica\/\" \/>\n<meta property=\"og:site_name\" content=\"Expresso Metropolitano\" \/>\n<meta property=\"article:published_time\" content=\"2023-02-03T13:26:00+00:00\" \/>\n<meta property=\"article:modified_time\" content=\"2023-11-14T14:10:05+00:00\" \/>\n<meta property=\"og:image\" content=\"http:\/\/expressometro.mx\/wp-content\/uploads\/2023\/11\/WhatsApp-Image-2023-11-14-at-8.00.09-AM.jpeg\" \/>\n\t<meta property=\"og:image:width\" content=\"634\" \/>\n\t<meta property=\"og:image:height\" content=\"519\" \/>\n\t<meta property=\"og:image:type\" content=\"image\/jpeg\" \/>\n<meta name=\"author\" content=\"Expresso Metropolitano\" \/>\n<meta name=\"twitter:label1\" content=\"Escrito por\" \/>\n\t<meta name=\"twitter:data1\" content=\"Expresso Metropolitano\" \/>\n\t<meta name=\"twitter:label2\" content=\"Tiempo de lectura\" \/>\n\t<meta name=\"twitter:data2\" content=\"1 minuto\" \/>\n<script type=\"application\/ld+json\" class=\"yoast-schema-graph\">{\"@context\":\"https:\\\/\\\/schema.org\",\"@graph\":[{\"@type\":\"Article\",\"@id\":\"https:\\\/\\\/expressometro.mx\\\/index.php\\\/2023\\\/02\\\/03\\\/aculco-recibe-equipos-de-computo-para-escuelas-de-educacion-basica\\\/#article\",\"isPartOf\":{\"@id\":\"https:\\\/\\\/expressometro.mx\\\/index.php\\\/2023\\\/02\\\/03\\\/aculco-recibe-equipos-de-computo-para-escuelas-de-educacion-basica\\\/\"},\"author\":{\"name\":\"Expresso Metropolitano\",\"@id\":\"https:\\\/\\\/expressometro.mx\\\/#\\\/schema\\\/person\\\/efa971b4a0664db8ed5c22b1b0dd2f5d\"},\"headline\":\"ACULCO RECIBE EQUIPOS DE C\u00d3MPUTO PARA ESCUELAS DE EDUCACI\u00d3N B\u00c1SICA\",\"datePublished\":\"2023-02-03T13:26:00+00:00\",\"dateModified\":\"2023-11-14T14:10:05+00:00\",\"mainEntityOfPage\":{\"@id\":\"https:\\\/\\\/expressometro.mx\\\/index.php\\\/2023\\\/02\\\/03\\\/aculco-recibe-equipos-de-computo-para-escuelas-de-educacion-basica\\\/\"},\"wordCount\":248,\"commentCount\":0,\"publisher\":{\"@id\":\"https:\\\/\\\/expressometro.mx\\\/#organization\"},\"image\":{\"@id\":\"https:\\\/\\\/expressometro.mx\\\/index.php\\\/2023\\\/02\\\/03\\\/aculco-recibe-equipos-de-computo-para-escuelas-de-educacion-basica\\\/#primaryimage\"},\"thumbnailUrl\":\"https:\\\/\\\/expressometro.mx\\\/wp-content\\\/uploads\\\/2023\\\/11\\\/WhatsApp-Image-2023-11-14-at-8.00.09-AM.jpeg\",\"keywords\":[\"Aculco\",\"Edomex\",\"GEM\",\"Jorge Osornio\"],\"articleSection\":[\"Educaci\u00f3n\",\"Gobierno\",\"Otros\",\"Pol\u00edtica\"],\"inLanguage\":\"es\",\"potentialAction\":[{\"@type\":\"CommentAction\",\"name\":\"Comment\",\"target\":[\"https:\\\/\\\/expressometro.mx\\\/index.php\\\/2023\\\/02\\\/03\\\/aculco-recibe-equipos-de-computo-para-escuelas-de-educacion-basica\\\/#respond\"]}]},{\"@type\":\"WebPage\",\"@id\":\"https:\\\/\\\/expressometro.mx\\\/index.php\\\/2023\\\/02\\\/03\\\/aculco-recibe-equipos-de-computo-para-escuelas-de-educacion-basica\\\/\",\"url\":\"https:\\\/\\\/expressometro.mx\\\/index.php\\\/2023\\\/02\\\/03\\\/aculco-recibe-equipos-de-computo-para-escuelas-de-educacion-basica\\\/\",\"name\":\"ACULCO RECIBE EQUIPOS DE C\u00d3MPUTO PARA ESCUELAS DE EDUCACI\u00d3N B\u00c1SICA - Expresso Metropolitano\",\"isPartOf\":{\"@id\":\"https:\\\/\\\/expressometro.mx\\\/#website\"},\"primaryImageOfPage\":{\"@id\":\"https:\\\/\\\/expressometro.mx\\\/index.php\\\/2023\\\/02\\\/03\\\/aculco-recibe-equipos-de-computo-para-escuelas-de-educacion-basica\\\/#primaryimage\"},\"image\":{\"@id\":\"https:\\\/\\\/expressometro.mx\\\/index.php\\\/2023\\\/02\\\/03\\\/aculco-recibe-equipos-de-computo-para-escuelas-de-educacion-basica\\\/#primaryimage\"},\"thumbnailUrl\":\"https:\\\/\\\/expressometro.mx\\\/wp-content\\\/uploads\\\/2023\\\/11\\\/WhatsApp-Image-2023-11-14-at-8.00.09-AM.jpeg\",\"datePublished\":\"2023-02-03T13:26:00+00:00\",\"dateModified\":\"2023-11-14T14:10:05+00:00\",\"breadcrumb\":{\"@id\":\"https:\\\/\\\/expressometro.mx\\\/index.php\\\/2023\\\/02\\\/03\\\/aculco-recibe-equipos-de-computo-para-escuelas-de-educacion-basica\\\/#breadcrumb\"},\"inLanguage\":\"es\",\"potentialAction\":[{\"@type\":\"ReadAction\",\"target\":[\"https:\\\/\\\/expressometro.mx\\\/index.php\\\/2023\\\/02\\\/03\\\/aculco-recibe-equipos-de-computo-para-escuelas-de-educacion-basica\\\/\"]}]},{\"@type\":\"ImageObject\",\"inLanguage\":\"es\",\"@id\":\"https:\\\/\\\/expressometro.mx\\\/index.php\\\/2023\\\/02\\\/03\\\/aculco-recibe-equipos-de-computo-para-escuelas-de-educacion-basica\\\/#primaryimage\",\"url\":\"https:\\\/\\\/expressometro.mx\\\/wp-content\\\/uploads\\\/2023\\\/11\\\/WhatsApp-Image-2023-11-14-at-8.00.09-AM.jpeg\",\"contentUrl\":\"https:\\\/\\\/expressometro.mx\\\/wp-content\\\/uploads\\\/2023\\\/11\\\/WhatsApp-Image-2023-11-14-at-8.00.09-AM.jpeg\",\"width\":634,\"height\":519},{\"@type\":\"BreadcrumbList\",\"@id\":\"https:\\\/\\\/expressometro.mx\\\/index.php\\\/2023\\\/02\\\/03\\\/aculco-recibe-equipos-de-computo-para-escuelas-de-educacion-basica\\\/#breadcrumb\",\"itemListElement\":[{\"@type\":\"ListItem\",\"position\":1,\"name\":\"Inicio\",\"item\":\"https:\\\/\\\/expressometro.mx\\\/\"},{\"@type\":\"ListItem\",\"position\":2,\"name\":\"ACULCO RECIBE EQUIPOS DE C\u00d3MPUTO PARA ESCUELAS DE EDUCACI\u00d3N B\u00c1SICA\"}]},{\"@type\":\"WebSite\",\"@id\":\"https:\\\/\\\/expressometro.mx\\\/#website\",\"url\":\"https:\\\/\\\/expressometro.mx\\\/\",\"name\":\"Expresso Metropolitano\",\"description\":\"Periodismo comprometido, informaci\u00f3n, investigaci\u00f3n y an\u00e1lisis\",\"publisher\":{\"@id\":\"https:\\\/\\\/expressometro.mx\\\/#organization\"},\"potentialAction\":[{\"@type\":\"SearchAction\",\"target\":{\"@type\":\"EntryPoint\",\"urlTemplate\":\"https:\\\/\\\/expressometro.mx\\\/?s={search_term_string}\"},\"query-input\":{\"@type\":\"PropertyValueSpecification\",\"valueRequired\":true,\"valueName\":\"search_term_string\"}}],\"inLanguage\":\"es\"},{\"@type\":\"Organization\",\"@id\":\"https:\\\/\\\/expressometro.mx\\\/#organization\",\"name\":\"Expresso Metropolitano\",\"url\":\"https:\\\/\\\/expressometro.mx\\\/\",\"logo\":{\"@type\":\"ImageObject\",\"inLanguage\":\"es\",\"@id\":\"https:\\\/\\\/expressometro.mx\\\/#\\\/schema\\\/logo\\\/image\\\/\",\"url\":\"https:\\\/\\\/expressometro.mx\\\/wp-content\\\/uploads\\\/2019\\\/07\\\/cropped-Logo-Expresso-Metropolitano-1-1.jpeg\",\"contentUrl\":\"https:\\\/\\\/expressometro.mx\\\/wp-content\\\/uploads\\\/2019\\\/07\\\/cropped-Logo-Expresso-Metropolitano-1-1.jpeg\",\"width\":290,\"height\":73,\"caption\":\"Expresso Metropolitano\"},\"image\":{\"@id\":\"https:\\\/\\\/expressometro.mx\\\/#\\\/schema\\\/logo\\\/image\\\/\"}},{\"@type\":\"Person\",\"@id\":\"https:\\\/\\\/expressometro.mx\\\/#\\\/schema\\\/person\\\/efa971b4a0664db8ed5c22b1b0dd2f5d\",\"name\":\"Expresso Metropolitano\",\"image\":{\"@type\":\"ImageObject\",\"inLanguage\":\"es\",\"@id\":\"https:\\\/\\\/secure.gravatar.com\\\/avatar\\\/a89f802b8de18c6952f223c88d3d106e9e3679839f4e25a02f4a6cc2ae6ba3b3?s=96&d=mm&r=g\",\"url\":\"https:\\\/\\\/secure.gravatar.com\\\/avatar\\\/a89f802b8de18c6952f223c88d3d106e9e3679839f4e25a02f4a6cc2ae6ba3b3?s=96&d=mm&r=g\",\"contentUrl\":\"https:\\\/\\\/secure.gravatar.com\\\/avatar\\\/a89f802b8de18c6952f223c88d3d106e9e3679839f4e25a02f4a6cc2ae6ba3b3?s=96&d=mm&r=g\",\"caption\":\"Expresso Metropolitano\"},\"url\":\"https:\\\/\\\/expressometro.mx\\\/index.php\\\/author\\\/diego\\\/\"}]}<\/script>\n<!-- \/ Yoast SEO plugin. -->","yoast_head_json":{"title":"ACULCO RECIBE EQUIPOS DE C\u00d3MPUTO PARA ESCUELAS DE EDUCACI\u00d3N B\u00c1SICA - Expresso Metropolitano","robots":{"index":"index","follow":"follow","max-snippet":"max-snippet:-1","max-image-preview":"max-image-preview:large","max-video-preview":"max-video-preview:-1"},"canonical":"https:\/\/expressometro.mx\/index.php\/2023\/02\/03\/aculco-recibe-equipos-de-computo-para-escuelas-de-educacion-basica\/","og_locale":"es_MX","og_type":"article","og_title":"ACULCO RECIBE EQUIPOS DE C\u00d3MPUTO PARA ESCUELAS DE EDUCACI\u00d3N B\u00c1SICA - Expresso Metropolitano","og_description":"El Presidente Municipal, Jorge Alfredo Osornio Victoria, en compa\u00f1\u00eda de algunos de sus regidores, hicieron entrega de computadoras para escuelas de nivel b\u00e1sico, gracias al apoyo brindado por el Gobernador del Estado de M\u00e9xico, Lic. Alfredo Del Mazo Maza.","og_url":"https:\/\/expressometro.mx\/index.php\/2023\/02\/03\/aculco-recibe-equipos-de-computo-para-escuelas-de-educacion-basica\/","og_site_name":"Expresso Metropolitano","article_published_time":"2023-02-03T13:26:00+00:00","article_modified_time":"2023-11-14T14:10:05+00:00","og_image":[{"width":634,"height":519,"url":"http:\/\/expressometro.mx\/wp-content\/uploads\/2023\/11\/WhatsApp-Image-2023-11-14-at-8.00.09-AM.jpeg","type":"image\/jpeg"}],"author":"Expresso Metropolitano","twitter_misc":{"Escrito por":"Expresso Metropolitano","Tiempo de lectura":"1 minuto"},"schema":{"@context":"https:\/\/schema.org","@graph":[{"@type":"Article","@id":"https:\/\/expressometro.mx\/index.php\/2023\/02\/03\/aculco-recibe-equipos-de-computo-para-escuelas-de-educacion-basica\/#article","isPartOf":{"@id":"https:\/\/expressometro.mx\/index.php\/2023\/02\/03\/aculco-recibe-equipos-de-computo-para-escuelas-de-educacion-basica\/"},"author":{"name":"Expresso Metropolitano","@id":"https:\/\/expressometro.mx\/#\/schema\/person\/efa971b4a0664db8ed5c22b1b0dd2f5d"},"headline":"ACULCO RECIBE EQUIPOS DE C\u00d3MPUTO PARA ESCUELAS DE EDUCACI\u00d3N B\u00c1SICA","datePublished":"2023-02-03T13:26:00+00:00","dateModified":"2023-11-14T14:10:05+00:00","mainEntityOfPage":{"@id":"https:\/\/expressometro.mx\/index.php\/2023\/02\/03\/aculco-recibe-equipos-de-computo-para-escuelas-de-educacion-basica\/"},"wordCount":248,"commentCount":0,"publisher":{"@id":"https:\/\/expressometro.mx\/#organization"},"image":{"@id":"https:\/\/expressometro.mx\/index.php\/2023\/02\/03\/aculco-recibe-equipos-de-computo-para-escuelas-de-educacion-basica\/#primaryimage"},"thumbnailUrl":"https:\/\/expressometro.mx\/wp-content\/uploads\/2023\/11\/WhatsApp-Image-2023-11-14-at-8.00.09-AM.jpeg","keywords":["Aculco","Edomex","GEM","Jorge Osornio"],"articleSection":["Educaci\u00f3n","Gobierno","Otros","Pol\u00edtica"],"inLanguage":"es","potentialAction":[{"@type":"CommentAction","name":"Comment","target":["https:\/\/expressometro.mx\/index.php\/2023\/02\/03\/aculco-recibe-equipos-de-computo-para-escuelas-de-educacion-basica\/#respond"]}]},{"@type":"WebPage","@id":"https:\/\/expressometro.mx\/index.php\/2023\/02\/03\/aculco-recibe-equipos-de-computo-para-escuelas-de-educacion-basica\/","url":"https:\/\/expressometro.mx\/index.php\/2023\/02\/03\/aculco-recibe-equipos-de-computo-para-escuelas-de-educacion-basica\/","name":"ACULCO RECIBE EQUIPOS DE C\u00d3MPUTO PARA ESCUELAS DE EDUCACI\u00d3N B\u00c1SICA - Expresso Metropolitano","isPartOf":{"@id":"https:\/\/expressometro.mx\/#website"},"primaryImageOfPage":{"@id":"https:\/\/expressometro.mx\/index.php\/2023\/02\/03\/aculco-recibe-equipos-de-computo-para-escuelas-de-educacion-basica\/#primaryimage"},"image":{"@id":"https:\/\/expressometro.mx\/index.php\/2023\/02\/03\/aculco-recibe-equipos-de-computo-para-escuelas-de-educacion-basica\/#primaryimage"},"thumbnailUrl":"https:\/\/expressometro.mx\/wp-content\/uploads\/2023\/11\/WhatsApp-Image-2023-11-14-at-8.00.09-AM.jpeg","datePublished":"2023-02-03T13:26:00+00:00","dateModified":"2023-11-14T14:10:05+00:00","breadcrumb":{"@id":"https:\/\/expressometro.mx\/index.php\/2023\/02\/03\/aculco-recibe-equipos-de-computo-para-escuelas-de-educacion-basica\/#breadcrumb"},"inLanguage":"es","potentialAction":[{"@type":"ReadAction","target":["https:\/\/expressometro.mx\/index.php\/2023\/02\/03\/aculco-recibe-equipos-de-computo-para-escuelas-de-educacion-basica\/"]}]},{"@type":"ImageObject","inLanguage":"es","@id":"https:\/\/expressometro.mx\/index.php\/2023\/02\/03\/aculco-recibe-equipos-de-computo-para-escuelas-de-educacion-basica\/#primaryimage","url":"https:\/\/expressometro.mx\/wp-content\/uploads\/2023\/11\/WhatsApp-Image-2023-11-14-at-8.00.09-AM.jpeg","contentUrl":"https:\/\/expressometro.mx\/wp-content\/uploads\/2023\/11\/WhatsApp-Image-2023-11-14-at-8.00.09-AM.jpeg","width":634,"height":519},{"@type":"BreadcrumbList","@id":"https:\/\/expressometro.mx\/index.php\/2023\/02\/03\/aculco-recibe-equipos-de-computo-para-escuelas-de-educacion-basica\/#breadcrumb","itemListElement":[{"@type":"ListItem","position":1,"name":"Inicio","item":"https:\/\/expressometro.mx\/"},{"@type":"ListItem","position":2,"name":"ACULCO RECIBE EQUIPOS DE C\u00d3MPUTO PARA ESCUELAS DE EDUCACI\u00d3N B\u00c1SICA"}]},{"@type":"WebSite","@id":"https:\/\/expressometro.mx\/#website","url":"https:\/\/expressometro.mx\/","name":"Expresso Metropolitano","description":"Periodismo comprometido, informaci\u00f3n, investigaci\u00f3n y an\u00e1lisis","publisher":{"@id":"https:\/\/expressometro.mx\/#organization"},"potentialAction":[{"@type":"SearchAction","target":{"@type":"EntryPoint","urlTemplate":"https:\/\/expressometro.mx\/?s={search_term_string}"},"query-input":{"@type":"PropertyValueSpecification","valueRequired":true,"valueName":"search_term_string"}}],"inLanguage":"es"},{"@type":"Organization","@id":"https:\/\/expressometro.mx\/#organization","name":"Expresso Metropolitano","url":"https:\/\/expressometro.mx\/","logo":{"@type":"ImageObject","inLanguage":"es","@id":"https:\/\/expressometro.mx\/#\/schema\/logo\/image\/","url":"https:\/\/expressometro.mx\/wp-content\/uploads\/2019\/07\/cropped-Logo-Expresso-Metropolitano-1-1.jpeg","contentUrl":"https:\/\/expressometro.mx\/wp-content\/uploads\/2019\/07\/cropped-Logo-Expresso-Metropolitano-1-1.jpeg","width":290,"height":73,"caption":"Expresso Metropolitano"},"image":{"@id":"https:\/\/expressometro.mx\/#\/schema\/logo\/image\/"}},{"@type":"Person","@id":"https:\/\/expressometro.mx\/#\/schema\/person\/efa971b4a0664db8ed5c22b1b0dd2f5d","name":"Expresso Metropolitano","image":{"@type":"ImageObject","inLanguage":"es","@id":"https:\/\/secure.gravatar.com\/avatar\/a89f802b8de18c6952f223c88d3d106e9e3679839f4e25a02f4a6cc2ae6ba3b3?s=96&d=mm&r=g","url":"https:\/\/secure.gravatar.com\/avatar\/a89f802b8de18c6952f223c88d3d106e9e3679839f4e25a02f4a6cc2ae6ba3b3?s=96&d=mm&r=g","contentUrl":"https:\/\/secure.gravatar.com\/avatar\/a89f802b8de18c6952f223c88d3d106e9e3679839f4e25a02f4a6cc2ae6ba3b3?s=96&d=mm&r=g","caption":"Expresso Metropolitano"},"url":"https:\/\/expressometro.mx\/index.php\/author\/diego\/"}]}},"amp_enabled":true,"_links":{"self":[{"href":"https:\/\/expressometro.mx\/index.php\/wp-json\/wp\/v2\/posts\/8255","targetHints":{"allow":["GET"]}}],"collection":[{"href":"https:\/\/expressometro.mx\/index.php\/wp-json\/wp\/v2\/posts"}],"about":[{"href":"https:\/\/expressometro.mx\/index.php\/wp-json\/wp\/v2\/types\/post"}],"author":[{"embeddable":true,"href":"https:\/\/expressometro.mx\/index.php\/wp-json\/wp\/v2\/users\/1"}],"replies":[{"embeddable":true,"href":"https:\/\/expressometro.mx\/index.php\/wp-json\/wp\/v2\/comments?post=8255"}],"version-history":[{"count":1,"href":"https:\/\/expressometro.mx\/index.php\/wp-json\/wp\/v2\/posts\/8255\/revisions"}],"predecessor-version":[{"id":8258,"href":"https:\/\/expressometro.mx\/index.php\/wp-json\/wp\/v2\/posts\/8255\/revisions\/8258"}],"wp:featuredmedia":[{"embeddable":true,"href":"https:\/\/expressometro.mx\/index.php\/wp-json\/wp\/v2\/media\/8257"}],"wp:attachment":[{"href":"https:\/\/expressometro.mx\/index.php\/wp-json\/wp\/v2\/media?parent=8255"}],"wp:term":[{"taxonomy":"category","embeddable":true,"href":"https:\/\/expressometro.mx\/index.php\/wp-json\/wp\/v2\/categories?post=8255"},{"taxonomy":"post_tag","embeddable":true,"href":"https:\/\/expressometro.mx\/index.php\/wp-json\/wp\/v2\/tags?post=8255"}],"curies":[{"name":"wp","href":"https:\/\/api.w.org\/{rel}","templated":true}]}}