{"id":8243,"date":"2023-02-19T16:17:00","date_gmt":"2023-02-19T22:17:00","guid":{"rendered":"https:\/\/expressometro.mx\/?p=8243"},"modified":"2023-11-13T16:24:30","modified_gmt":"2023-11-13T22:24:30","slug":"198-aniversario-de-la-ereccion-del-municipio-de-aculco","status":"publish","type":"post","link":"https:\/\/expressometro.mx\/index.php\/2023\/02\/19\/198-aniversario-de-la-ereccion-del-municipio-de-aculco\/","title":{"rendered":"198\u00b0 ANIVERSARIO DE LA ERECCI\u00d3N DEL MUNICIPIO DE ACULCO"},"content":{"rendered":"\n<p><\/p>\n\n\n\n<p>En el marco de la Ceremonia Conmemorativa del \u201c198\u00b0 Aniversario de la Erecci\u00f3n del Municipio de Aculco\u201d y en compa\u00f1\u00eda del Honorable Cabildo, de autoridades estatales, federales, representantes de las comunidades, autoridades auxiliares y servidores p\u00fablicos, el Presidente Municipal, Jorge Alfredo Osornio Victoria, hizo entrega de preseas a los ciudadanos aculquenses destacados, que ponen en alto, el nombre de este municipio.<\/p>\n\n\n\n<p>Los mejores alumnos, profesores, deportistas y servidores p\u00fablicos fueron galardonados con preseas, por su excelente trayectoria en sus respectivos campos de desarrollo. Jorge Osornio resalt\u00f3 la importancia de mantener el contacto con los ciudadanos, poder conocer y atender las necesidades de la gente de las comunidades m\u00e1s alejadas. De esta forma, tambi\u00e9n mantiene un contacto cercano con las personas que sobresalen en la sociedad aculquense, y as\u00ed poder fomentar en los dem\u00e1s ciudadanos, que sigan esforz\u00e1ndose para lograr sus metas.<\/p>\n\n\n\n<p>Osornio record\u00f3 que el 19 de febrero de 1825 es una fecha hist\u00f3rica y agradeci\u00f3 por poder celebrar un a\u00f1o m\u00e1s del municipio. El alcalde deseo que cada aniversario de Aculco se festeje, con obras y acciones en beneficio de los ciudadanos de cada rinc\u00f3n aculquense, siempre trabajando y sirviendo por su bienestar.<\/p>\n\n\n\n<p>En la misma l\u00ednea, se inaugur\u00f3 la rehabilitaci\u00f3n del portal de la calle Iturbide, con la finalidad de preservar parte de la historia de este gran Municipio. El mantenimiento de las calles principales es importante debido a que son las que calles que transitan con m\u00e1s frecuencia, los turistas. Este d\u00eda tambi\u00e9n se celebr\u00f3 el d\u00eda del Delegado, motivo por el cual se reunieron Autoridades Auxiliares del Municipio y la presente administraci\u00f3n.<\/p>\n","protected":false},"excerpt":{"rendered":"<p>En el marco de la Ceremonia Conmemorativa del \u201c198\u00b0 Aniversario de la Erecci\u00f3n del Municipio de Aculco\u201d y en compa\u00f1\u00eda del Honorable Cabildo, de autoridades estatales, federales, representantes de las comunidades, autoridades auxiliares y servidores p\u00fablicos, el Presidente Municipal, Jorge Alfredo Osornio Victoria, hizo entrega de preseas a los ciudadanos aculquenses destacados, que ponen en alto, el nombre de este municipio.<\/p>\n","protected":false},"author":1,"featured_media":8245,"comment_status":"open","ping_status":"open","sticky":false,"template":"","format":"standard","meta":{"footnotes":""},"categories":[11,3,1,231],"tags":[955,1982,86,954],"class_list":["post-8243","post","type-post","status-publish","format-standard","has-post-thumbnail","hentry","category-cultura","category-gobierno","category-otros","category-politica","tag-aculco","tag-edomex","tag-gem","tag-jorge-osornio"],"yoast_head":"<!-- This site is optimized with the Yoast SEO plugin v27.5 - https:\/\/yoast.com\/product\/yoast-seo-wordpress\/ -->\n<title>198\u00b0 ANIVERSARIO DE LA ERECCI\u00d3N DEL MUNICIPIO DE ACULCO - Expresso Metropolitano<\/title>\n<meta name=\"robots\" content=\"index, follow, max-snippet:-1, max-image-preview:large, max-video-preview:-1\" \/>\n<link rel=\"canonical\" href=\"https:\/\/expressometro.mx\/index.php\/2023\/02\/19\/198-aniversario-de-la-ereccion-del-municipio-de-aculco\/\" \/>\n<meta property=\"og:locale\" content=\"es_MX\" \/>\n<meta property=\"og:type\" content=\"article\" \/>\n<meta property=\"og:title\" content=\"198\u00b0 ANIVERSARIO DE LA ERECCI\u00d3N DEL MUNICIPIO DE ACULCO - Expresso Metropolitano\" \/>\n<meta property=\"og:description\" content=\"En el marco de la Ceremonia Conmemorativa del \u201c198\u00b0 Aniversario de la Erecci\u00f3n del Municipio de Aculco\u201d y en compa\u00f1\u00eda del Honorable Cabildo, de autoridades estatales, federales, representantes de las comunidades, autoridades auxiliares y servidores p\u00fablicos, el Presidente Municipal, Jorge Alfredo Osornio Victoria, hizo entrega de preseas a los ciudadanos aculquenses destacados, que ponen en alto, el nombre de este municipio.\" \/>\n<meta property=\"og:url\" content=\"https:\/\/expressometro.mx\/index.php\/2023\/02\/19\/198-aniversario-de-la-ereccion-del-municipio-de-aculco\/\" \/>\n<meta property=\"og:site_name\" content=\"Expresso Metropolitano\" \/>\n<meta property=\"article:published_time\" content=\"2023-02-19T22:17:00+00:00\" \/>\n<meta property=\"article:modified_time\" content=\"2023-11-13T22:24:30+00:00\" \/>\n<meta property=\"og:image\" content=\"http:\/\/expressometro.mx\/wp-content\/uploads\/2023\/11\/WhatsApp-Image-2023-11-13-at-4.21.23-PM.jpeg\" \/>\n\t<meta property=\"og:image:width\" content=\"620\" \/>\n\t<meta property=\"og:image:height\" content=\"556\" \/>\n\t<meta property=\"og:image:type\" content=\"image\/jpeg\" \/>\n<meta name=\"author\" content=\"Expresso Metropolitano\" \/>\n<meta name=\"twitter:label1\" content=\"Escrito por\" \/>\n\t<meta name=\"twitter:data1\" content=\"Expresso Metropolitano\" \/>\n\t<meta name=\"twitter:label2\" content=\"Tiempo de lectura\" \/>\n\t<meta name=\"twitter:data2\" content=\"2 minutos\" \/>\n<script type=\"application\/ld+json\" class=\"yoast-schema-graph\">{\"@context\":\"https:\\\/\\\/schema.org\",\"@graph\":[{\"@type\":\"Article\",\"@id\":\"https:\\\/\\\/expressometro.mx\\\/index.php\\\/2023\\\/02\\\/19\\\/198-aniversario-de-la-ereccion-del-municipio-de-aculco\\\/#article\",\"isPartOf\":{\"@id\":\"https:\\\/\\\/expressometro.mx\\\/index.php\\\/2023\\\/02\\\/19\\\/198-aniversario-de-la-ereccion-del-municipio-de-aculco\\\/\"},\"author\":{\"name\":\"Expresso Metropolitano\",\"@id\":\"https:\\\/\\\/expressometro.mx\\\/#\\\/schema\\\/person\\\/efa971b4a0664db8ed5c22b1b0dd2f5d\"},\"headline\":\"198\u00b0 ANIVERSARIO DE LA ERECCI\u00d3N DEL MUNICIPIO DE ACULCO\",\"datePublished\":\"2023-02-19T22:17:00+00:00\",\"dateModified\":\"2023-11-13T22:24:30+00:00\",\"mainEntityOfPage\":{\"@id\":\"https:\\\/\\\/expressometro.mx\\\/index.php\\\/2023\\\/02\\\/19\\\/198-aniversario-de-la-ereccion-del-municipio-de-aculco\\\/\"},\"wordCount\":291,\"commentCount\":0,\"publisher\":{\"@id\":\"https:\\\/\\\/expressometro.mx\\\/#organization\"},\"image\":{\"@id\":\"https:\\\/\\\/expressometro.mx\\\/index.php\\\/2023\\\/02\\\/19\\\/198-aniversario-de-la-ereccion-del-municipio-de-aculco\\\/#primaryimage\"},\"thumbnailUrl\":\"https:\\\/\\\/expressometro.mx\\\/wp-content\\\/uploads\\\/2023\\\/11\\\/WhatsApp-Image-2023-11-13-at-4.21.23-PM.jpeg\",\"keywords\":[\"Aculco\",\"Edomex\",\"GEM\",\"Jorge Osornio\"],\"articleSection\":[\"Cultura\",\"Gobierno\",\"Otros\",\"Pol\u00edtica\"],\"inLanguage\":\"es\",\"potentialAction\":[{\"@type\":\"CommentAction\",\"name\":\"Comment\",\"target\":[\"https:\\\/\\\/expressometro.mx\\\/index.php\\\/2023\\\/02\\\/19\\\/198-aniversario-de-la-ereccion-del-municipio-de-aculco\\\/#respond\"]}]},{\"@type\":\"WebPage\",\"@id\":\"https:\\\/\\\/expressometro.mx\\\/index.php\\\/2023\\\/02\\\/19\\\/198-aniversario-de-la-ereccion-del-municipio-de-aculco\\\/\",\"url\":\"https:\\\/\\\/expressometro.mx\\\/index.php\\\/2023\\\/02\\\/19\\\/198-aniversario-de-la-ereccion-del-municipio-de-aculco\\\/\",\"name\":\"198\u00b0 ANIVERSARIO DE LA ERECCI\u00d3N DEL MUNICIPIO DE ACULCO - Expresso Metropolitano\",\"isPartOf\":{\"@id\":\"https:\\\/\\\/expressometro.mx\\\/#website\"},\"primaryImageOfPage\":{\"@id\":\"https:\\\/\\\/expressometro.mx\\\/index.php\\\/2023\\\/02\\\/19\\\/198-aniversario-de-la-ereccion-del-municipio-de-aculco\\\/#primaryimage\"},\"image\":{\"@id\":\"https:\\\/\\\/expressometro.mx\\\/index.php\\\/2023\\\/02\\\/19\\\/198-aniversario-de-la-ereccion-del-municipio-de-aculco\\\/#primaryimage\"},\"thumbnailUrl\":\"https:\\\/\\\/expressometro.mx\\\/wp-content\\\/uploads\\\/2023\\\/11\\\/WhatsApp-Image-2023-11-13-at-4.21.23-PM.jpeg\",\"datePublished\":\"2023-02-19T22:17:00+00:00\",\"dateModified\":\"2023-11-13T22:24:30+00:00\",\"breadcrumb\":{\"@id\":\"https:\\\/\\\/expressometro.mx\\\/index.php\\\/2023\\\/02\\\/19\\\/198-aniversario-de-la-ereccion-del-municipio-de-aculco\\\/#breadcrumb\"},\"inLanguage\":\"es\",\"potentialAction\":[{\"@type\":\"ReadAction\",\"target\":[\"https:\\\/\\\/expressometro.mx\\\/index.php\\\/2023\\\/02\\\/19\\\/198-aniversario-de-la-ereccion-del-municipio-de-aculco\\\/\"]}]},{\"@type\":\"ImageObject\",\"inLanguage\":\"es\",\"@id\":\"https:\\\/\\\/expressometro.mx\\\/index.php\\\/2023\\\/02\\\/19\\\/198-aniversario-de-la-ereccion-del-municipio-de-aculco\\\/#primaryimage\",\"url\":\"https:\\\/\\\/expressometro.mx\\\/wp-content\\\/uploads\\\/2023\\\/11\\\/WhatsApp-Image-2023-11-13-at-4.21.23-PM.jpeg\",\"contentUrl\":\"https:\\\/\\\/expressometro.mx\\\/wp-content\\\/uploads\\\/2023\\\/11\\\/WhatsApp-Image-2023-11-13-at-4.21.23-PM.jpeg\",\"width\":620,\"height\":556},{\"@type\":\"BreadcrumbList\",\"@id\":\"https:\\\/\\\/expressometro.mx\\\/index.php\\\/2023\\\/02\\\/19\\\/198-aniversario-de-la-ereccion-del-municipio-de-aculco\\\/#breadcrumb\",\"itemListElement\":[{\"@type\":\"ListItem\",\"position\":1,\"name\":\"Inicio\",\"item\":\"https:\\\/\\\/expressometro.mx\\\/\"},{\"@type\":\"ListItem\",\"position\":2,\"name\":\"198\u00b0 ANIVERSARIO DE LA ERECCI\u00d3N DEL MUNICIPIO DE ACULCO\"}]},{\"@type\":\"WebSite\",\"@id\":\"https:\\\/\\\/expressometro.mx\\\/#website\",\"url\":\"https:\\\/\\\/expressometro.mx\\\/\",\"name\":\"Expresso Metropolitano\",\"description\":\"Periodismo comprometido, informaci\u00f3n, investigaci\u00f3n y an\u00e1lisis\",\"publisher\":{\"@id\":\"https:\\\/\\\/expressometro.mx\\\/#organization\"},\"potentialAction\":[{\"@type\":\"SearchAction\",\"target\":{\"@type\":\"EntryPoint\",\"urlTemplate\":\"https:\\\/\\\/expressometro.mx\\\/?s={search_term_string}\"},\"query-input\":{\"@type\":\"PropertyValueSpecification\",\"valueRequired\":true,\"valueName\":\"search_term_string\"}}],\"inLanguage\":\"es\"},{\"@type\":\"Organization\",\"@id\":\"https:\\\/\\\/expressometro.mx\\\/#organization\",\"name\":\"Expresso Metropolitano\",\"url\":\"https:\\\/\\\/expressometro.mx\\\/\",\"logo\":{\"@type\":\"ImageObject\",\"inLanguage\":\"es\",\"@id\":\"https:\\\/\\\/expressometro.mx\\\/#\\\/schema\\\/logo\\\/image\\\/\",\"url\":\"https:\\\/\\\/expressometro.mx\\\/wp-content\\\/uploads\\\/2019\\\/07\\\/cropped-Logo-Expresso-Metropolitano-1-1.jpeg\",\"contentUrl\":\"https:\\\/\\\/expressometro.mx\\\/wp-content\\\/uploads\\\/2019\\\/07\\\/cropped-Logo-Expresso-Metropolitano-1-1.jpeg\",\"width\":290,\"height\":73,\"caption\":\"Expresso Metropolitano\"},\"image\":{\"@id\":\"https:\\\/\\\/expressometro.mx\\\/#\\\/schema\\\/logo\\\/image\\\/\"}},{\"@type\":\"Person\",\"@id\":\"https:\\\/\\\/expressometro.mx\\\/#\\\/schema\\\/person\\\/efa971b4a0664db8ed5c22b1b0dd2f5d\",\"name\":\"Expresso Metropolitano\",\"image\":{\"@type\":\"ImageObject\",\"inLanguage\":\"es\",\"@id\":\"https:\\\/\\\/secure.gravatar.com\\\/avatar\\\/a89f802b8de18c6952f223c88d3d106e9e3679839f4e25a02f4a6cc2ae6ba3b3?s=96&d=mm&r=g\",\"url\":\"https:\\\/\\\/secure.gravatar.com\\\/avatar\\\/a89f802b8de18c6952f223c88d3d106e9e3679839f4e25a02f4a6cc2ae6ba3b3?s=96&d=mm&r=g\",\"contentUrl\":\"https:\\\/\\\/secure.gravatar.com\\\/avatar\\\/a89f802b8de18c6952f223c88d3d106e9e3679839f4e25a02f4a6cc2ae6ba3b3?s=96&d=mm&r=g\",\"caption\":\"Expresso Metropolitano\"},\"url\":\"https:\\\/\\\/expressometro.mx\\\/index.php\\\/author\\\/diego\\\/\"}]}<\/script>\n<!-- \/ Yoast SEO plugin. -->","yoast_head_json":{"title":"198\u00b0 ANIVERSARIO DE LA ERECCI\u00d3N DEL MUNICIPIO DE ACULCO - Expresso Metropolitano","robots":{"index":"index","follow":"follow","max-snippet":"max-snippet:-1","max-image-preview":"max-image-preview:large","max-video-preview":"max-video-preview:-1"},"canonical":"https:\/\/expressometro.mx\/index.php\/2023\/02\/19\/198-aniversario-de-la-ereccion-del-municipio-de-aculco\/","og_locale":"es_MX","og_type":"article","og_title":"198\u00b0 ANIVERSARIO DE LA ERECCI\u00d3N DEL MUNICIPIO DE ACULCO - Expresso Metropolitano","og_description":"En el marco de la Ceremonia Conmemorativa del \u201c198\u00b0 Aniversario de la Erecci\u00f3n del Municipio de Aculco\u201d y en compa\u00f1\u00eda del Honorable Cabildo, de autoridades estatales, federales, representantes de las comunidades, autoridades auxiliares y servidores p\u00fablicos, el Presidente Municipal, Jorge Alfredo Osornio Victoria, hizo entrega de preseas a los ciudadanos aculquenses destacados, que ponen en alto, el nombre de este municipio.","og_url":"https:\/\/expressometro.mx\/index.php\/2023\/02\/19\/198-aniversario-de-la-ereccion-del-municipio-de-aculco\/","og_site_name":"Expresso Metropolitano","article_published_time":"2023-02-19T22:17:00+00:00","article_modified_time":"2023-11-13T22:24:30+00:00","og_image":[{"width":620,"height":556,"url":"http:\/\/expressometro.mx\/wp-content\/uploads\/2023\/11\/WhatsApp-Image-2023-11-13-at-4.21.23-PM.jpeg","type":"image\/jpeg"}],"author":"Expresso Metropolitano","twitter_misc":{"Escrito por":"Expresso Metropolitano","Tiempo de lectura":"2 minutos"},"schema":{"@context":"https:\/\/schema.org","@graph":[{"@type":"Article","@id":"https:\/\/expressometro.mx\/index.php\/2023\/02\/19\/198-aniversario-de-la-ereccion-del-municipio-de-aculco\/#article","isPartOf":{"@id":"https:\/\/expressometro.mx\/index.php\/2023\/02\/19\/198-aniversario-de-la-ereccion-del-municipio-de-aculco\/"},"author":{"name":"Expresso Metropolitano","@id":"https:\/\/expressometro.mx\/#\/schema\/person\/efa971b4a0664db8ed5c22b1b0dd2f5d"},"headline":"198\u00b0 ANIVERSARIO DE LA ERECCI\u00d3N DEL MUNICIPIO DE ACULCO","datePublished":"2023-02-19T22:17:00+00:00","dateModified":"2023-11-13T22:24:30+00:00","mainEntityOfPage":{"@id":"https:\/\/expressometro.mx\/index.php\/2023\/02\/19\/198-aniversario-de-la-ereccion-del-municipio-de-aculco\/"},"wordCount":291,"commentCount":0,"publisher":{"@id":"https:\/\/expressometro.mx\/#organization"},"image":{"@id":"https:\/\/expressometro.mx\/index.php\/2023\/02\/19\/198-aniversario-de-la-ereccion-del-municipio-de-aculco\/#primaryimage"},"thumbnailUrl":"https:\/\/expressometro.mx\/wp-content\/uploads\/2023\/11\/WhatsApp-Image-2023-11-13-at-4.21.23-PM.jpeg","keywords":["Aculco","Edomex","GEM","Jorge Osornio"],"articleSection":["Cultura","Gobierno","Otros","Pol\u00edtica"],"inLanguage":"es","potentialAction":[{"@type":"CommentAction","name":"Comment","target":["https:\/\/expressometro.mx\/index.php\/2023\/02\/19\/198-aniversario-de-la-ereccion-del-municipio-de-aculco\/#respond"]}]},{"@type":"WebPage","@id":"https:\/\/expressometro.mx\/index.php\/2023\/02\/19\/198-aniversario-de-la-ereccion-del-municipio-de-aculco\/","url":"https:\/\/expressometro.mx\/index.php\/2023\/02\/19\/198-aniversario-de-la-ereccion-del-municipio-de-aculco\/","name":"198\u00b0 ANIVERSARIO DE LA ERECCI\u00d3N DEL MUNICIPIO DE ACULCO - Expresso Metropolitano","isPartOf":{"@id":"https:\/\/expressometro.mx\/#website"},"primaryImageOfPage":{"@id":"https:\/\/expressometro.mx\/index.php\/2023\/02\/19\/198-aniversario-de-la-ereccion-del-municipio-de-aculco\/#primaryimage"},"image":{"@id":"https:\/\/expressometro.mx\/index.php\/2023\/02\/19\/198-aniversario-de-la-ereccion-del-municipio-de-aculco\/#primaryimage"},"thumbnailUrl":"https:\/\/expressometro.mx\/wp-content\/uploads\/2023\/11\/WhatsApp-Image-2023-11-13-at-4.21.23-PM.jpeg","datePublished":"2023-02-19T22:17:00+00:00","dateModified":"2023-11-13T22:24:30+00:00","breadcrumb":{"@id":"https:\/\/expressometro.mx\/index.php\/2023\/02\/19\/198-aniversario-de-la-ereccion-del-municipio-de-aculco\/#breadcrumb"},"inLanguage":"es","potentialAction":[{"@type":"ReadAction","target":["https:\/\/expressometro.mx\/index.php\/2023\/02\/19\/198-aniversario-de-la-ereccion-del-municipio-de-aculco\/"]}]},{"@type":"ImageObject","inLanguage":"es","@id":"https:\/\/expressometro.mx\/index.php\/2023\/02\/19\/198-aniversario-de-la-ereccion-del-municipio-de-aculco\/#primaryimage","url":"https:\/\/expressometro.mx\/wp-content\/uploads\/2023\/11\/WhatsApp-Image-2023-11-13-at-4.21.23-PM.jpeg","contentUrl":"https:\/\/expressometro.mx\/wp-content\/uploads\/2023\/11\/WhatsApp-Image-2023-11-13-at-4.21.23-PM.jpeg","width":620,"height":556},{"@type":"BreadcrumbList","@id":"https:\/\/expressometro.mx\/index.php\/2023\/02\/19\/198-aniversario-de-la-ereccion-del-municipio-de-aculco\/#breadcrumb","itemListElement":[{"@type":"ListItem","position":1,"name":"Inicio","item":"https:\/\/expressometro.mx\/"},{"@type":"ListItem","position":2,"name":"198\u00b0 ANIVERSARIO DE LA ERECCI\u00d3N DEL MUNICIPIO DE ACULCO"}]},{"@type":"WebSite","@id":"https:\/\/expressometro.mx\/#website","url":"https:\/\/expressometro.mx\/","name":"Expresso Metropolitano","description":"Periodismo comprometido, informaci\u00f3n, investigaci\u00f3n y an\u00e1lisis","publisher":{"@id":"https:\/\/expressometro.mx\/#organization"},"potentialAction":[{"@type":"SearchAction","target":{"@type":"EntryPoint","urlTemplate":"https:\/\/expressometro.mx\/?s={search_term_string}"},"query-input":{"@type":"PropertyValueSpecification","valueRequired":true,"valueName":"search_term_string"}}],"inLanguage":"es"},{"@type":"Organization","@id":"https:\/\/expressometro.mx\/#organization","name":"Expresso Metropolitano","url":"https:\/\/expressometro.mx\/","logo":{"@type":"ImageObject","inLanguage":"es","@id":"https:\/\/expressometro.mx\/#\/schema\/logo\/image\/","url":"https:\/\/expressometro.mx\/wp-content\/uploads\/2019\/07\/cropped-Logo-Expresso-Metropolitano-1-1.jpeg","contentUrl":"https:\/\/expressometro.mx\/wp-content\/uploads\/2019\/07\/cropped-Logo-Expresso-Metropolitano-1-1.jpeg","width":290,"height":73,"caption":"Expresso Metropolitano"},"image":{"@id":"https:\/\/expressometro.mx\/#\/schema\/logo\/image\/"}},{"@type":"Person","@id":"https:\/\/expressometro.mx\/#\/schema\/person\/efa971b4a0664db8ed5c22b1b0dd2f5d","name":"Expresso Metropolitano","image":{"@type":"ImageObject","inLanguage":"es","@id":"https:\/\/secure.gravatar.com\/avatar\/a89f802b8de18c6952f223c88d3d106e9e3679839f4e25a02f4a6cc2ae6ba3b3?s=96&d=mm&r=g","url":"https:\/\/secure.gravatar.com\/avatar\/a89f802b8de18c6952f223c88d3d106e9e3679839f4e25a02f4a6cc2ae6ba3b3?s=96&d=mm&r=g","contentUrl":"https:\/\/secure.gravatar.com\/avatar\/a89f802b8de18c6952f223c88d3d106e9e3679839f4e25a02f4a6cc2ae6ba3b3?s=96&d=mm&r=g","caption":"Expresso Metropolitano"},"url":"https:\/\/expressometro.mx\/index.php\/author\/diego\/"}]}},"amp_enabled":true,"_links":{"self":[{"href":"https:\/\/expressometro.mx\/index.php\/wp-json\/wp\/v2\/posts\/8243","targetHints":{"allow":["GET"]}}],"collection":[{"href":"https:\/\/expressometro.mx\/index.php\/wp-json\/wp\/v2\/posts"}],"about":[{"href":"https:\/\/expressometro.mx\/index.php\/wp-json\/wp\/v2\/types\/post"}],"author":[{"embeddable":true,"href":"https:\/\/expressometro.mx\/index.php\/wp-json\/wp\/v2\/users\/1"}],"replies":[{"embeddable":true,"href":"https:\/\/expressometro.mx\/index.php\/wp-json\/wp\/v2\/comments?post=8243"}],"version-history":[{"count":1,"href":"https:\/\/expressometro.mx\/index.php\/wp-json\/wp\/v2\/posts\/8243\/revisions"}],"predecessor-version":[{"id":8246,"href":"https:\/\/expressometro.mx\/index.php\/wp-json\/wp\/v2\/posts\/8243\/revisions\/8246"}],"wp:featuredmedia":[{"embeddable":true,"href":"https:\/\/expressometro.mx\/index.php\/wp-json\/wp\/v2\/media\/8245"}],"wp:attachment":[{"href":"https:\/\/expressometro.mx\/index.php\/wp-json\/wp\/v2\/media?parent=8243"}],"wp:term":[{"taxonomy":"category","embeddable":true,"href":"https:\/\/expressometro.mx\/index.php\/wp-json\/wp\/v2\/categories?post=8243"},{"taxonomy":"post_tag","embeddable":true,"href":"https:\/\/expressometro.mx\/index.php\/wp-json\/wp\/v2\/tags?post=8243"}],"curies":[{"name":"wp","href":"https:\/\/api.w.org\/{rel}","templated":true}]}}