{"id":8237,"date":"2023-11-10T09:58:40","date_gmt":"2023-11-10T15:58:40","guid":{"rendered":"https:\/\/expressometro.mx\/?p=8237"},"modified":"2023-11-10T09:58:41","modified_gmt":"2023-11-10T15:58:41","slug":"felipe-sanchez-davila-galardonado-en-los-premios-alma-2023","status":"publish","type":"post","link":"https:\/\/expressometro.mx\/index.php\/2023\/11\/10\/felipe-sanchez-davila-galardonado-en-los-premios-alma-2023\/","title":{"rendered":"FELIPE S\u00c1NCHEZ D\u00c1VILA GALARDONADO EN LOS \u201cPREMIOS ALMA 2023\u201d"},"content":{"rendered":"\n<p><\/p>\n\n\n\n<p>En el marco de la entrega de los \u201cPremios Alma 2023\u201d organizada por la Asociaci\u00f3n de Municipios de M\u00e9xico A.C. (AMMAC) y realizado en CDMX, el Presidente Municipal de Jiquipilco, Felipe de Jes\u00fas S\u00e1nchez D\u00e1vila, recibi\u00f3 el premio como Funcionario Humanitario.<\/p>\n\n\n\n<p>Felipe S\u00e1nchez se ha destacado por su excelente labor en beneficio de las familias de todas las comunidades que integran el municipio de Jiquipilco. Ha trabajado arduamente para conseguir el presupuesto limitado que recibe por parte del estado, y reconoce que tres a\u00f1os no son suficientes para implementar acciones que solucionen muchas de las problem\u00e1ticas jiquilpenses.<\/p>\n\n\n\n<p>Sin embargo, para el edil siempre ha sido importante mantener el contacto con los ciudadanos y escuchar sus peticiones y demandas. Buscar soluciones a sus necesidades prioritarias, impulsar programas que puedan cubrir los problemas reales de las localidades que tiene un alto rezago social, fomentar constantemente la educaci\u00f3n, piedra angular para el desarrollo particular y general para cualquier sociedad.<\/p>\n\n\n\n<p>La Asociaci\u00f3n de Municipios de M\u00e9xico reconoce a los l\u00edderes que ejercen m\u00e1s influencia en el pa\u00eds, al hacerlos part\u00edcipes en el reconocimiento de las buenas pr\u00e1cticas de servidores p\u00fablicos, administraciones p\u00fablicas municipales, iniciativas de empresas privada y personas socialmente responsables que impulsen un cambio importante y promuevan una red de aprendizaje entre los gobiernos y la sociedad, para que dichas acciones puedan ser replicadas en otros espacios. De esta manera, Felipe S\u00e1nchez obtuvo, con gran m\u00e9rito, este codiciado premio. \u00a1Felicidades Profesor Felipe S\u00e1nchez D\u00e1vila!<\/p>\n","protected":false},"excerpt":{"rendered":"<p>En el marco de la entrega de los \u201cPremios Alma 2023\u201d organizada por la Asociaci\u00f3n de Municipios de M\u00e9xico A.C. (AMMAC) y realizado en CDMX, el Presidente Municipal de Jiquipilco, Felipe de Jes\u00fas S\u00e1nchez D\u00e1vila, recibi\u00f3 el premio como Funcionario Humanitario.<\/p>\n","protected":false},"author":1,"featured_media":8239,"comment_status":"open","ping_status":"open","sticky":false,"template":"","format":"standard","meta":{"footnotes":""},"categories":[11,3,1,231],"tags":[1982,1670,86,196],"class_list":["post-8237","post","type-post","status-publish","format-standard","has-post-thumbnail","hentry","category-cultura","category-gobierno","category-otros","category-politica","tag-edomex","tag-felipe-de-jesus-sanchez","tag-gem","tag-jiquipilco"],"yoast_head":"<!-- This site is optimized with the Yoast SEO plugin v27.4 - https:\/\/yoast.com\/product\/yoast-seo-wordpress\/ -->\n<title>FELIPE S\u00c1NCHEZ D\u00c1VILA GALARDONADO EN LOS \u201cPREMIOS ALMA 2023\u201d - Expresso Metropolitano<\/title>\n<meta name=\"robots\" content=\"index, follow, max-snippet:-1, max-image-preview:large, max-video-preview:-1\" \/>\n<link rel=\"canonical\" href=\"https:\/\/expressometro.mx\/index.php\/2023\/11\/10\/felipe-sanchez-davila-galardonado-en-los-premios-alma-2023\/\" \/>\n<meta property=\"og:locale\" content=\"es_MX\" \/>\n<meta property=\"og:type\" content=\"article\" \/>\n<meta property=\"og:title\" content=\"FELIPE S\u00c1NCHEZ D\u00c1VILA GALARDONADO EN LOS \u201cPREMIOS ALMA 2023\u201d - Expresso Metropolitano\" \/>\n<meta property=\"og:description\" content=\"En el marco de la entrega de los \u201cPremios Alma 2023\u201d organizada por la Asociaci\u00f3n de Municipios de M\u00e9xico A.C. (AMMAC) y realizado en CDMX, el Presidente Municipal de Jiquipilco, Felipe de Jes\u00fas S\u00e1nchez D\u00e1vila, recibi\u00f3 el premio como Funcionario Humanitario.\" \/>\n<meta property=\"og:url\" content=\"https:\/\/expressometro.mx\/index.php\/2023\/11\/10\/felipe-sanchez-davila-galardonado-en-los-premios-alma-2023\/\" \/>\n<meta property=\"og:site_name\" content=\"Expresso Metropolitano\" \/>\n<meta property=\"article:published_time\" content=\"2023-11-10T15:58:40+00:00\" \/>\n<meta property=\"article:modified_time\" content=\"2023-11-10T15:58:41+00:00\" \/>\n<meta property=\"og:image\" content=\"http:\/\/expressometro.mx\/wp-content\/uploads\/2023\/11\/WhatsApp-Image-2023-11-10-at-8.49.31-AM.jpeg\" \/>\n\t<meta property=\"og:image:width\" content=\"806\" \/>\n\t<meta property=\"og:image:height\" content=\"553\" \/>\n\t<meta property=\"og:image:type\" content=\"image\/jpeg\" \/>\n<meta name=\"author\" content=\"Expresso Metropolitano\" \/>\n<meta name=\"twitter:label1\" content=\"Escrito por\" \/>\n\t<meta name=\"twitter:data1\" content=\"Expresso Metropolitano\" \/>\n\t<meta name=\"twitter:label2\" content=\"Tiempo de lectura\" \/>\n\t<meta name=\"twitter:data2\" content=\"2 minutos\" \/>\n<script type=\"application\/ld+json\" class=\"yoast-schema-graph\">{\"@context\":\"https:\\\/\\\/schema.org\",\"@graph\":[{\"@type\":\"Article\",\"@id\":\"https:\\\/\\\/expressometro.mx\\\/index.php\\\/2023\\\/11\\\/10\\\/felipe-sanchez-davila-galardonado-en-los-premios-alma-2023\\\/#article\",\"isPartOf\":{\"@id\":\"https:\\\/\\\/expressometro.mx\\\/index.php\\\/2023\\\/11\\\/10\\\/felipe-sanchez-davila-galardonado-en-los-premios-alma-2023\\\/\"},\"author\":{\"name\":\"Expresso Metropolitano\",\"@id\":\"https:\\\/\\\/expressometro.mx\\\/#\\\/schema\\\/person\\\/efa971b4a0664db8ed5c22b1b0dd2f5d\"},\"headline\":\"FELIPE S\u00c1NCHEZ D\u00c1VILA GALARDONADO EN LOS \u201cPREMIOS ALMA 2023\u201d\",\"datePublished\":\"2023-11-10T15:58:40+00:00\",\"dateModified\":\"2023-11-10T15:58:41+00:00\",\"mainEntityOfPage\":{\"@id\":\"https:\\\/\\\/expressometro.mx\\\/index.php\\\/2023\\\/11\\\/10\\\/felipe-sanchez-davila-galardonado-en-los-premios-alma-2023\\\/\"},\"wordCount\":273,\"commentCount\":0,\"publisher\":{\"@id\":\"https:\\\/\\\/expressometro.mx\\\/#organization\"},\"image\":{\"@id\":\"https:\\\/\\\/expressometro.mx\\\/index.php\\\/2023\\\/11\\\/10\\\/felipe-sanchez-davila-galardonado-en-los-premios-alma-2023\\\/#primaryimage\"},\"thumbnailUrl\":\"https:\\\/\\\/expressometro.mx\\\/wp-content\\\/uploads\\\/2023\\\/11\\\/WhatsApp-Image-2023-11-10-at-8.49.31-AM.jpeg\",\"keywords\":[\"Edomex\",\"Felipe de Jes\u00fas S\u00e1nchez\",\"GEM\",\"Jiquipilco\"],\"articleSection\":[\"Cultura\",\"Gobierno\",\"Otros\",\"Pol\u00edtica\"],\"inLanguage\":\"es\",\"potentialAction\":[{\"@type\":\"CommentAction\",\"name\":\"Comment\",\"target\":[\"https:\\\/\\\/expressometro.mx\\\/index.php\\\/2023\\\/11\\\/10\\\/felipe-sanchez-davila-galardonado-en-los-premios-alma-2023\\\/#respond\"]}]},{\"@type\":\"WebPage\",\"@id\":\"https:\\\/\\\/expressometro.mx\\\/index.php\\\/2023\\\/11\\\/10\\\/felipe-sanchez-davila-galardonado-en-los-premios-alma-2023\\\/\",\"url\":\"https:\\\/\\\/expressometro.mx\\\/index.php\\\/2023\\\/11\\\/10\\\/felipe-sanchez-davila-galardonado-en-los-premios-alma-2023\\\/\",\"name\":\"FELIPE S\u00c1NCHEZ D\u00c1VILA GALARDONADO EN LOS \u201cPREMIOS ALMA 2023\u201d - Expresso Metropolitano\",\"isPartOf\":{\"@id\":\"https:\\\/\\\/expressometro.mx\\\/#website\"},\"primaryImageOfPage\":{\"@id\":\"https:\\\/\\\/expressometro.mx\\\/index.php\\\/2023\\\/11\\\/10\\\/felipe-sanchez-davila-galardonado-en-los-premios-alma-2023\\\/#primaryimage\"},\"image\":{\"@id\":\"https:\\\/\\\/expressometro.mx\\\/index.php\\\/2023\\\/11\\\/10\\\/felipe-sanchez-davila-galardonado-en-los-premios-alma-2023\\\/#primaryimage\"},\"thumbnailUrl\":\"https:\\\/\\\/expressometro.mx\\\/wp-content\\\/uploads\\\/2023\\\/11\\\/WhatsApp-Image-2023-11-10-at-8.49.31-AM.jpeg\",\"datePublished\":\"2023-11-10T15:58:40+00:00\",\"dateModified\":\"2023-11-10T15:58:41+00:00\",\"breadcrumb\":{\"@id\":\"https:\\\/\\\/expressometro.mx\\\/index.php\\\/2023\\\/11\\\/10\\\/felipe-sanchez-davila-galardonado-en-los-premios-alma-2023\\\/#breadcrumb\"},\"inLanguage\":\"es\",\"potentialAction\":[{\"@type\":\"ReadAction\",\"target\":[\"https:\\\/\\\/expressometro.mx\\\/index.php\\\/2023\\\/11\\\/10\\\/felipe-sanchez-davila-galardonado-en-los-premios-alma-2023\\\/\"]}]},{\"@type\":\"ImageObject\",\"inLanguage\":\"es\",\"@id\":\"https:\\\/\\\/expressometro.mx\\\/index.php\\\/2023\\\/11\\\/10\\\/felipe-sanchez-davila-galardonado-en-los-premios-alma-2023\\\/#primaryimage\",\"url\":\"https:\\\/\\\/expressometro.mx\\\/wp-content\\\/uploads\\\/2023\\\/11\\\/WhatsApp-Image-2023-11-10-at-8.49.31-AM.jpeg\",\"contentUrl\":\"https:\\\/\\\/expressometro.mx\\\/wp-content\\\/uploads\\\/2023\\\/11\\\/WhatsApp-Image-2023-11-10-at-8.49.31-AM.jpeg\",\"width\":806,\"height\":553},{\"@type\":\"BreadcrumbList\",\"@id\":\"https:\\\/\\\/expressometro.mx\\\/index.php\\\/2023\\\/11\\\/10\\\/felipe-sanchez-davila-galardonado-en-los-premios-alma-2023\\\/#breadcrumb\",\"itemListElement\":[{\"@type\":\"ListItem\",\"position\":1,\"name\":\"Inicio\",\"item\":\"https:\\\/\\\/expressometro.mx\\\/\"},{\"@type\":\"ListItem\",\"position\":2,\"name\":\"FELIPE S\u00c1NCHEZ D\u00c1VILA GALARDONADO EN LOS \u201cPREMIOS ALMA 2023\u201d\"}]},{\"@type\":\"WebSite\",\"@id\":\"https:\\\/\\\/expressometro.mx\\\/#website\",\"url\":\"https:\\\/\\\/expressometro.mx\\\/\",\"name\":\"Expresso Metropolitano\",\"description\":\"Periodismo comprometido, informaci\u00f3n, investigaci\u00f3n y an\u00e1lisis\",\"publisher\":{\"@id\":\"https:\\\/\\\/expressometro.mx\\\/#organization\"},\"potentialAction\":[{\"@type\":\"SearchAction\",\"target\":{\"@type\":\"EntryPoint\",\"urlTemplate\":\"https:\\\/\\\/expressometro.mx\\\/?s={search_term_string}\"},\"query-input\":{\"@type\":\"PropertyValueSpecification\",\"valueRequired\":true,\"valueName\":\"search_term_string\"}}],\"inLanguage\":\"es\"},{\"@type\":\"Organization\",\"@id\":\"https:\\\/\\\/expressometro.mx\\\/#organization\",\"name\":\"Expresso Metropolitano\",\"url\":\"https:\\\/\\\/expressometro.mx\\\/\",\"logo\":{\"@type\":\"ImageObject\",\"inLanguage\":\"es\",\"@id\":\"https:\\\/\\\/expressometro.mx\\\/#\\\/schema\\\/logo\\\/image\\\/\",\"url\":\"https:\\\/\\\/expressometro.mx\\\/wp-content\\\/uploads\\\/2019\\\/07\\\/cropped-Logo-Expresso-Metropolitano-1-1.jpeg\",\"contentUrl\":\"https:\\\/\\\/expressometro.mx\\\/wp-content\\\/uploads\\\/2019\\\/07\\\/cropped-Logo-Expresso-Metropolitano-1-1.jpeg\",\"width\":290,\"height\":73,\"caption\":\"Expresso Metropolitano\"},\"image\":{\"@id\":\"https:\\\/\\\/expressometro.mx\\\/#\\\/schema\\\/logo\\\/image\\\/\"}},{\"@type\":\"Person\",\"@id\":\"https:\\\/\\\/expressometro.mx\\\/#\\\/schema\\\/person\\\/efa971b4a0664db8ed5c22b1b0dd2f5d\",\"name\":\"Expresso Metropolitano\",\"image\":{\"@type\":\"ImageObject\",\"inLanguage\":\"es\",\"@id\":\"https:\\\/\\\/secure.gravatar.com\\\/avatar\\\/a89f802b8de18c6952f223c88d3d106e9e3679839f4e25a02f4a6cc2ae6ba3b3?s=96&d=mm&r=g\",\"url\":\"https:\\\/\\\/secure.gravatar.com\\\/avatar\\\/a89f802b8de18c6952f223c88d3d106e9e3679839f4e25a02f4a6cc2ae6ba3b3?s=96&d=mm&r=g\",\"contentUrl\":\"https:\\\/\\\/secure.gravatar.com\\\/avatar\\\/a89f802b8de18c6952f223c88d3d106e9e3679839f4e25a02f4a6cc2ae6ba3b3?s=96&d=mm&r=g\",\"caption\":\"Expresso Metropolitano\"},\"url\":\"https:\\\/\\\/expressometro.mx\\\/index.php\\\/author\\\/diego\\\/\"}]}<\/script>\n<!-- \/ Yoast SEO plugin. -->","yoast_head_json":{"title":"FELIPE S\u00c1NCHEZ D\u00c1VILA GALARDONADO EN LOS \u201cPREMIOS ALMA 2023\u201d - Expresso Metropolitano","robots":{"index":"index","follow":"follow","max-snippet":"max-snippet:-1","max-image-preview":"max-image-preview:large","max-video-preview":"max-video-preview:-1"},"canonical":"https:\/\/expressometro.mx\/index.php\/2023\/11\/10\/felipe-sanchez-davila-galardonado-en-los-premios-alma-2023\/","og_locale":"es_MX","og_type":"article","og_title":"FELIPE S\u00c1NCHEZ D\u00c1VILA GALARDONADO EN LOS \u201cPREMIOS ALMA 2023\u201d - Expresso Metropolitano","og_description":"En el marco de la entrega de los \u201cPremios Alma 2023\u201d organizada por la Asociaci\u00f3n de Municipios de M\u00e9xico A.C. (AMMAC) y realizado en CDMX, el Presidente Municipal de Jiquipilco, Felipe de Jes\u00fas S\u00e1nchez D\u00e1vila, recibi\u00f3 el premio como Funcionario Humanitario.","og_url":"https:\/\/expressometro.mx\/index.php\/2023\/11\/10\/felipe-sanchez-davila-galardonado-en-los-premios-alma-2023\/","og_site_name":"Expresso Metropolitano","article_published_time":"2023-11-10T15:58:40+00:00","article_modified_time":"2023-11-10T15:58:41+00:00","og_image":[{"width":806,"height":553,"url":"http:\/\/expressometro.mx\/wp-content\/uploads\/2023\/11\/WhatsApp-Image-2023-11-10-at-8.49.31-AM.jpeg","type":"image\/jpeg"}],"author":"Expresso Metropolitano","twitter_misc":{"Escrito por":"Expresso Metropolitano","Tiempo de lectura":"2 minutos"},"schema":{"@context":"https:\/\/schema.org","@graph":[{"@type":"Article","@id":"https:\/\/expressometro.mx\/index.php\/2023\/11\/10\/felipe-sanchez-davila-galardonado-en-los-premios-alma-2023\/#article","isPartOf":{"@id":"https:\/\/expressometro.mx\/index.php\/2023\/11\/10\/felipe-sanchez-davila-galardonado-en-los-premios-alma-2023\/"},"author":{"name":"Expresso Metropolitano","@id":"https:\/\/expressometro.mx\/#\/schema\/person\/efa971b4a0664db8ed5c22b1b0dd2f5d"},"headline":"FELIPE S\u00c1NCHEZ D\u00c1VILA GALARDONADO EN LOS \u201cPREMIOS ALMA 2023\u201d","datePublished":"2023-11-10T15:58:40+00:00","dateModified":"2023-11-10T15:58:41+00:00","mainEntityOfPage":{"@id":"https:\/\/expressometro.mx\/index.php\/2023\/11\/10\/felipe-sanchez-davila-galardonado-en-los-premios-alma-2023\/"},"wordCount":273,"commentCount":0,"publisher":{"@id":"https:\/\/expressometro.mx\/#organization"},"image":{"@id":"https:\/\/expressometro.mx\/index.php\/2023\/11\/10\/felipe-sanchez-davila-galardonado-en-los-premios-alma-2023\/#primaryimage"},"thumbnailUrl":"https:\/\/expressometro.mx\/wp-content\/uploads\/2023\/11\/WhatsApp-Image-2023-11-10-at-8.49.31-AM.jpeg","keywords":["Edomex","Felipe de Jes\u00fas S\u00e1nchez","GEM","Jiquipilco"],"articleSection":["Cultura","Gobierno","Otros","Pol\u00edtica"],"inLanguage":"es","potentialAction":[{"@type":"CommentAction","name":"Comment","target":["https:\/\/expressometro.mx\/index.php\/2023\/11\/10\/felipe-sanchez-davila-galardonado-en-los-premios-alma-2023\/#respond"]}]},{"@type":"WebPage","@id":"https:\/\/expressometro.mx\/index.php\/2023\/11\/10\/felipe-sanchez-davila-galardonado-en-los-premios-alma-2023\/","url":"https:\/\/expressometro.mx\/index.php\/2023\/11\/10\/felipe-sanchez-davila-galardonado-en-los-premios-alma-2023\/","name":"FELIPE S\u00c1NCHEZ D\u00c1VILA GALARDONADO EN LOS \u201cPREMIOS ALMA 2023\u201d - Expresso Metropolitano","isPartOf":{"@id":"https:\/\/expressometro.mx\/#website"},"primaryImageOfPage":{"@id":"https:\/\/expressometro.mx\/index.php\/2023\/11\/10\/felipe-sanchez-davila-galardonado-en-los-premios-alma-2023\/#primaryimage"},"image":{"@id":"https:\/\/expressometro.mx\/index.php\/2023\/11\/10\/felipe-sanchez-davila-galardonado-en-los-premios-alma-2023\/#primaryimage"},"thumbnailUrl":"https:\/\/expressometro.mx\/wp-content\/uploads\/2023\/11\/WhatsApp-Image-2023-11-10-at-8.49.31-AM.jpeg","datePublished":"2023-11-10T15:58:40+00:00","dateModified":"2023-11-10T15:58:41+00:00","breadcrumb":{"@id":"https:\/\/expressometro.mx\/index.php\/2023\/11\/10\/felipe-sanchez-davila-galardonado-en-los-premios-alma-2023\/#breadcrumb"},"inLanguage":"es","potentialAction":[{"@type":"ReadAction","target":["https:\/\/expressometro.mx\/index.php\/2023\/11\/10\/felipe-sanchez-davila-galardonado-en-los-premios-alma-2023\/"]}]},{"@type":"ImageObject","inLanguage":"es","@id":"https:\/\/expressometro.mx\/index.php\/2023\/11\/10\/felipe-sanchez-davila-galardonado-en-los-premios-alma-2023\/#primaryimage","url":"https:\/\/expressometro.mx\/wp-content\/uploads\/2023\/11\/WhatsApp-Image-2023-11-10-at-8.49.31-AM.jpeg","contentUrl":"https:\/\/expressometro.mx\/wp-content\/uploads\/2023\/11\/WhatsApp-Image-2023-11-10-at-8.49.31-AM.jpeg","width":806,"height":553},{"@type":"BreadcrumbList","@id":"https:\/\/expressometro.mx\/index.php\/2023\/11\/10\/felipe-sanchez-davila-galardonado-en-los-premios-alma-2023\/#breadcrumb","itemListElement":[{"@type":"ListItem","position":1,"name":"Inicio","item":"https:\/\/expressometro.mx\/"},{"@type":"ListItem","position":2,"name":"FELIPE S\u00c1NCHEZ D\u00c1VILA GALARDONADO EN LOS \u201cPREMIOS ALMA 2023\u201d"}]},{"@type":"WebSite","@id":"https:\/\/expressometro.mx\/#website","url":"https:\/\/expressometro.mx\/","name":"Expresso Metropolitano","description":"Periodismo comprometido, informaci\u00f3n, investigaci\u00f3n y an\u00e1lisis","publisher":{"@id":"https:\/\/expressometro.mx\/#organization"},"potentialAction":[{"@type":"SearchAction","target":{"@type":"EntryPoint","urlTemplate":"https:\/\/expressometro.mx\/?s={search_term_string}"},"query-input":{"@type":"PropertyValueSpecification","valueRequired":true,"valueName":"search_term_string"}}],"inLanguage":"es"},{"@type":"Organization","@id":"https:\/\/expressometro.mx\/#organization","name":"Expresso Metropolitano","url":"https:\/\/expressometro.mx\/","logo":{"@type":"ImageObject","inLanguage":"es","@id":"https:\/\/expressometro.mx\/#\/schema\/logo\/image\/","url":"https:\/\/expressometro.mx\/wp-content\/uploads\/2019\/07\/cropped-Logo-Expresso-Metropolitano-1-1.jpeg","contentUrl":"https:\/\/expressometro.mx\/wp-content\/uploads\/2019\/07\/cropped-Logo-Expresso-Metropolitano-1-1.jpeg","width":290,"height":73,"caption":"Expresso Metropolitano"},"image":{"@id":"https:\/\/expressometro.mx\/#\/schema\/logo\/image\/"}},{"@type":"Person","@id":"https:\/\/expressometro.mx\/#\/schema\/person\/efa971b4a0664db8ed5c22b1b0dd2f5d","name":"Expresso Metropolitano","image":{"@type":"ImageObject","inLanguage":"es","@id":"https:\/\/secure.gravatar.com\/avatar\/a89f802b8de18c6952f223c88d3d106e9e3679839f4e25a02f4a6cc2ae6ba3b3?s=96&d=mm&r=g","url":"https:\/\/secure.gravatar.com\/avatar\/a89f802b8de18c6952f223c88d3d106e9e3679839f4e25a02f4a6cc2ae6ba3b3?s=96&d=mm&r=g","contentUrl":"https:\/\/secure.gravatar.com\/avatar\/a89f802b8de18c6952f223c88d3d106e9e3679839f4e25a02f4a6cc2ae6ba3b3?s=96&d=mm&r=g","caption":"Expresso Metropolitano"},"url":"https:\/\/expressometro.mx\/index.php\/author\/diego\/"}]}},"amp_enabled":true,"_links":{"self":[{"href":"https:\/\/expressometro.mx\/index.php\/wp-json\/wp\/v2\/posts\/8237","targetHints":{"allow":["GET"]}}],"collection":[{"href":"https:\/\/expressometro.mx\/index.php\/wp-json\/wp\/v2\/posts"}],"about":[{"href":"https:\/\/expressometro.mx\/index.php\/wp-json\/wp\/v2\/types\/post"}],"author":[{"embeddable":true,"href":"https:\/\/expressometro.mx\/index.php\/wp-json\/wp\/v2\/users\/1"}],"replies":[{"embeddable":true,"href":"https:\/\/expressometro.mx\/index.php\/wp-json\/wp\/v2\/comments?post=8237"}],"version-history":[{"count":1,"href":"https:\/\/expressometro.mx\/index.php\/wp-json\/wp\/v2\/posts\/8237\/revisions"}],"predecessor-version":[{"id":8240,"href":"https:\/\/expressometro.mx\/index.php\/wp-json\/wp\/v2\/posts\/8237\/revisions\/8240"}],"wp:featuredmedia":[{"embeddable":true,"href":"https:\/\/expressometro.mx\/index.php\/wp-json\/wp\/v2\/media\/8239"}],"wp:attachment":[{"href":"https:\/\/expressometro.mx\/index.php\/wp-json\/wp\/v2\/media?parent=8237"}],"wp:term":[{"taxonomy":"category","embeddable":true,"href":"https:\/\/expressometro.mx\/index.php\/wp-json\/wp\/v2\/categories?post=8237"},{"taxonomy":"post_tag","embeddable":true,"href":"https:\/\/expressometro.mx\/index.php\/wp-json\/wp\/v2\/tags?post=8237"}],"curies":[{"name":"wp","href":"https:\/\/api.w.org\/{rel}","templated":true}]}}