{"id":823,"date":"2019-10-02T15:44:22","date_gmt":"2019-10-02T20:44:22","guid":{"rendered":"http:\/\/expressometro.mx\/?p=823"},"modified":"2019-10-04T15:46:45","modified_gmt":"2019-10-04T20:46:45","slug":"el-festival-quimera-2019-dedica-espectaculos-y-actividades-para-el-publico-infantil","status":"publish","type":"post","link":"https:\/\/expressometro.mx\/index.php\/2019\/10\/02\/el-festival-quimera-2019-dedica-espectaculos-y-actividades-para-el-publico-infantil\/","title":{"rendered":"EL FESTIVAL QUIMERA 2019 DEDICA ESPECT\u00c1CULOS Y ACTIVIDADES PARA EL P\u00daBLICO INFANTIL"},"content":{"rendered":"\n<p>\n\nDel 11 al 20 de octubre el Festival Internacional de Arte y Cultura Quimera 2019 en Metepec, recibir\u00e1 a ni\u00f1as y ni\u00f1os a quienes dedica actividades especiales que prometen diversi\u00f3n, as\u00ed como fomentan los valores y el conocimiento.<\/p>\n\n\n\n<p>La vig\u00e9sima novena edici\u00f3n del festival organizado por el gobierno de la presidente municipal Gaby Gamboa S\u00e1nchez, ofrece una completa cartelera infantil con espect\u00e1culos, talleres y conciertos dedicados al p\u00fablico infantil.<\/p>\n\n\n\n<p>De la variedad de eventos destacan las presentaciones, \u201cTakara, Tesoro de dos mundos\u201d en el Mercado Artesanal, cuyo espect\u00e1culo de t\u00edteres consiste en la narrativa sobre la historia de la antigua embarcaci\u00f3n comercial durante los primeros encuentros entre la Nueva Espa\u00f1a y Jap\u00f3n.<\/p>\n\n\n\n<p>Cuentrova llegar\u00e1 al escenario con \u201cCu\u00e9ntame otro cuento\u201d, donde la mezcla de m\u00fasica y narraci\u00f3n de bellas historias, las y los ni\u00f1os pasar\u00e1n un gran momento aprendiendo valores en compa\u00f1\u00eda de sus familias.<\/p>\n\n\n\n<p>Otro grupo que estar\u00e1 en el prestigiado Festival, es Monedita de Oro con \u201cNo me molesten porque estoy leyendo\u201d, propuesta fresca y vers\u00e1til que habla del amor a la lectura, hecho que seg\u00fan la agrupaci\u00f3n, es amar todo, en lo concreto y lo intangible, por ello invitan a rescatar las palabras y promoverlas.<\/p>\n\n\n\n<p>\u201cEl Grillo Mayor\u201d Juan Manuel Corona; Los Botes Cantan con \u201cM\u00fasica de a de veras con instrumentos de a mentiritas\u201d; y las Compa\u00f1\u00edas de t\u00edteres: Cabezas de Estambre con \u201cEl conejo y el coyote\u201d; T\u00edterefue, del talento local; as\u00ed como Polichinela, de Cuba; tienen preparados espect\u00e1culos divertidos y de gran calidad.<\/p>\n\n\n\n<p>En cuanto a teatro infantil, los menores podr\u00e1n disfrutar de \u201cAmita la sirena de agua dulce\u201d, de Bambalinas Teatro en Movimiento; \u201cMam\u00e1 de acero y los ni\u00f1os de la guerra\u201d; \u201cPedro y el capit\u00e1n\u201d, de Mini Teatro Land\u00f3; \u201cLos sue\u00f1os de Paco\u201d, de la Compa\u00f1\u00eda de Teatro de la Universidad Aut\u00f3noma del Estado de M\u00e9xico; y \u201cEl peque\u00f1o gran circo\u201d, de Kamale\u00f3n Teatro.<\/p>\n\n\n\n<p>Patita de Perro estar\u00e1 el d\u00eda 20 en el parque de La Loma del Fraccionamiento Rancho San Francisco, para bailar y cantar a todo volumen con los reyes del hogar.<\/p>\n\n\n\n<p>Cabe destacar que \u201cQuimera en Los Barrios\u201d, llevar\u00e1 actividades a diversos puntos del municipio, entre ellos, talleres infantiles de palma y barro, impartidos por alfareros oriundos de Metepec; la Direcci\u00f3n de Cultura, inaugurar\u00e1 la exposici\u00f3n de ganadores del concurso de dibujo infantil \u201cEste es mi M\u00e9xico\u201d del Instituto de Mexicanos en el Exterior de la Secretar\u00eda de Relaciones Exteriores; y m\u00e1s conciertos en Casas de Cultura, parques y delegaciones.<\/p>\n\n\n\n<p>Para mayor informaci\u00f3n, se recomienda consultar el programa la p\u00e1gina oficial del Festival en el sitio: http:\/\/festivalquimera.com.mx\n\n<\/p>\n","protected":false},"excerpt":{"rendered":"<p>Del 11 al 20 de octubre el Festival Internacional de Arte y Cultura Quimera 2019 en Metepec, recibir\u00e1 a ni\u00f1as y ni\u00f1os a quienes dedica actividades especiales que prometen diversi\u00f3n, as\u00ed como fomentan los valores y el conocimiento. La vig\u00e9sima novena edici\u00f3n del festival organizado por el gobierno de la presidente municipal Gaby Gamboa S\u00e1nchez, ofrece una completa cartelera infantil con espect\u00e1culos, talleres y conciertos dedicados al p\u00fablico infantil. De la variedad de eventos destacan las presentaciones, \u201cTakara, Tesoro de dos mundos\u201d en el Mercado Artesanal, cuyo espect\u00e1culo de t\u00edteres&hellip;<\/p>\n","protected":false},"author":1,"featured_media":824,"comment_status":"open","ping_status":"open","sticky":false,"template":"","format":"standard","meta":{"footnotes":""},"categories":[11],"tags":[],"class_list":["post-823","post","type-post","status-publish","format-standard","has-post-thumbnail","hentry","category-cultura"],"yoast_head":"<!-- This site is optimized with the Yoast SEO plugin v27.4 - https:\/\/yoast.com\/product\/yoast-seo-wordpress\/ -->\n<title>EL FESTIVAL QUIMERA 2019 DEDICA ESPECT\u00c1CULOS Y ACTIVIDADES PARA EL P\u00daBLICO INFANTIL - Expresso Metropolitano<\/title>\n<meta name=\"robots\" content=\"index, follow, max-snippet:-1, max-image-preview:large, max-video-preview:-1\" \/>\n<link rel=\"canonical\" href=\"https:\/\/expressometro.mx\/index.php\/2019\/10\/02\/el-festival-quimera-2019-dedica-espectaculos-y-actividades-para-el-publico-infantil\/\" \/>\n<meta property=\"og:locale\" content=\"es_MX\" \/>\n<meta property=\"og:type\" content=\"article\" \/>\n<meta property=\"og:title\" content=\"EL FESTIVAL QUIMERA 2019 DEDICA ESPECT\u00c1CULOS Y ACTIVIDADES PARA EL P\u00daBLICO INFANTIL - Expresso Metropolitano\" \/>\n<meta property=\"og:description\" content=\"Del 11 al 20 de octubre el Festival Internacional de Arte y Cultura Quimera 2019 en Metepec, recibir\u00e1 a ni\u00f1as y ni\u00f1os a quienes dedica actividades especiales que prometen diversi\u00f3n, as\u00ed como fomentan los valores y el conocimiento. La vig\u00e9sima novena edici\u00f3n del festival organizado por el gobierno de la presidente municipal Gaby Gamboa S\u00e1nchez, ofrece una completa cartelera infantil con espect\u00e1culos, talleres y conciertos dedicados al p\u00fablico infantil. De la variedad de eventos destacan las presentaciones, \u201cTakara, Tesoro de dos mundos\u201d en el Mercado Artesanal, cuyo espect\u00e1culo de t\u00edteres&hellip;\" \/>\n<meta property=\"og:url\" content=\"https:\/\/expressometro.mx\/index.php\/2019\/10\/02\/el-festival-quimera-2019-dedica-espectaculos-y-actividades-para-el-publico-infantil\/\" \/>\n<meta property=\"og:site_name\" content=\"Expresso Metropolitano\" \/>\n<meta property=\"article:published_time\" content=\"2019-10-02T20:44:22+00:00\" \/>\n<meta property=\"article:modified_time\" content=\"2019-10-04T20:46:45+00:00\" \/>\n<meta property=\"og:image\" content=\"https:\/\/expressometro.mx\/wp-content\/uploads\/2019\/10\/bd1bf-343.jpeg\" \/>\n\t<meta property=\"og:image:width\" content=\"1280\" \/>\n\t<meta property=\"og:image:height\" content=\"853\" \/>\n\t<meta property=\"og:image:type\" content=\"image\/jpeg\" \/>\n<meta name=\"author\" content=\"Expresso Metropolitano\" \/>\n<meta name=\"twitter:label1\" content=\"Escrito por\" \/>\n\t<meta name=\"twitter:data1\" content=\"Expresso Metropolitano\" \/>\n\t<meta name=\"twitter:label2\" content=\"Tiempo de lectura\" \/>\n\t<meta name=\"twitter:data2\" content=\"2 minutos\" \/>\n<script type=\"application\/ld+json\" class=\"yoast-schema-graph\">{\"@context\":\"https:\\\/\\\/schema.org\",\"@graph\":[{\"@type\":\"Article\",\"@id\":\"https:\\\/\\\/expressometro.mx\\\/index.php\\\/2019\\\/10\\\/02\\\/el-festival-quimera-2019-dedica-espectaculos-y-actividades-para-el-publico-infantil\\\/#article\",\"isPartOf\":{\"@id\":\"https:\\\/\\\/expressometro.mx\\\/index.php\\\/2019\\\/10\\\/02\\\/el-festival-quimera-2019-dedica-espectaculos-y-actividades-para-el-publico-infantil\\\/\"},\"author\":{\"name\":\"Expresso Metropolitano\",\"@id\":\"https:\\\/\\\/expressometro.mx\\\/#\\\/schema\\\/person\\\/efa971b4a0664db8ed5c22b1b0dd2f5d\"},\"headline\":\"EL FESTIVAL QUIMERA 2019 DEDICA ESPECT\u00c1CULOS Y ACTIVIDADES PARA EL P\u00daBLICO INFANTIL\",\"datePublished\":\"2019-10-02T20:44:22+00:00\",\"dateModified\":\"2019-10-04T20:46:45+00:00\",\"mainEntityOfPage\":{\"@id\":\"https:\\\/\\\/expressometro.mx\\\/index.php\\\/2019\\\/10\\\/02\\\/el-festival-quimera-2019-dedica-espectaculos-y-actividades-para-el-publico-infantil\\\/\"},\"wordCount\":484,\"commentCount\":0,\"publisher\":{\"@id\":\"https:\\\/\\\/expressometro.mx\\\/#organization\"},\"image\":{\"@id\":\"https:\\\/\\\/expressometro.mx\\\/index.php\\\/2019\\\/10\\\/02\\\/el-festival-quimera-2019-dedica-espectaculos-y-actividades-para-el-publico-infantil\\\/#primaryimage\"},\"thumbnailUrl\":\"https:\\\/\\\/expressometro.mx\\\/wp-content\\\/uploads\\\/2019\\\/10\\\/bd1bf-343.jpeg\",\"articleSection\":[\"Cultura\"],\"inLanguage\":\"es\",\"potentialAction\":[{\"@type\":\"CommentAction\",\"name\":\"Comment\",\"target\":[\"https:\\\/\\\/expressometro.mx\\\/index.php\\\/2019\\\/10\\\/02\\\/el-festival-quimera-2019-dedica-espectaculos-y-actividades-para-el-publico-infantil\\\/#respond\"]}]},{\"@type\":\"WebPage\",\"@id\":\"https:\\\/\\\/expressometro.mx\\\/index.php\\\/2019\\\/10\\\/02\\\/el-festival-quimera-2019-dedica-espectaculos-y-actividades-para-el-publico-infantil\\\/\",\"url\":\"https:\\\/\\\/expressometro.mx\\\/index.php\\\/2019\\\/10\\\/02\\\/el-festival-quimera-2019-dedica-espectaculos-y-actividades-para-el-publico-infantil\\\/\",\"name\":\"EL FESTIVAL QUIMERA 2019 DEDICA ESPECT\u00c1CULOS Y ACTIVIDADES PARA EL P\u00daBLICO INFANTIL - Expresso Metropolitano\",\"isPartOf\":{\"@id\":\"https:\\\/\\\/expressometro.mx\\\/#website\"},\"primaryImageOfPage\":{\"@id\":\"https:\\\/\\\/expressometro.mx\\\/index.php\\\/2019\\\/10\\\/02\\\/el-festival-quimera-2019-dedica-espectaculos-y-actividades-para-el-publico-infantil\\\/#primaryimage\"},\"image\":{\"@id\":\"https:\\\/\\\/expressometro.mx\\\/index.php\\\/2019\\\/10\\\/02\\\/el-festival-quimera-2019-dedica-espectaculos-y-actividades-para-el-publico-infantil\\\/#primaryimage\"},\"thumbnailUrl\":\"https:\\\/\\\/expressometro.mx\\\/wp-content\\\/uploads\\\/2019\\\/10\\\/bd1bf-343.jpeg\",\"datePublished\":\"2019-10-02T20:44:22+00:00\",\"dateModified\":\"2019-10-04T20:46:45+00:00\",\"breadcrumb\":{\"@id\":\"https:\\\/\\\/expressometro.mx\\\/index.php\\\/2019\\\/10\\\/02\\\/el-festival-quimera-2019-dedica-espectaculos-y-actividades-para-el-publico-infantil\\\/#breadcrumb\"},\"inLanguage\":\"es\",\"potentialAction\":[{\"@type\":\"ReadAction\",\"target\":[\"https:\\\/\\\/expressometro.mx\\\/index.php\\\/2019\\\/10\\\/02\\\/el-festival-quimera-2019-dedica-espectaculos-y-actividades-para-el-publico-infantil\\\/\"]}]},{\"@type\":\"ImageObject\",\"inLanguage\":\"es\",\"@id\":\"https:\\\/\\\/expressometro.mx\\\/index.php\\\/2019\\\/10\\\/02\\\/el-festival-quimera-2019-dedica-espectaculos-y-actividades-para-el-publico-infantil\\\/#primaryimage\",\"url\":\"https:\\\/\\\/expressometro.mx\\\/wp-content\\\/uploads\\\/2019\\\/10\\\/bd1bf-343.jpeg\",\"contentUrl\":\"https:\\\/\\\/expressometro.mx\\\/wp-content\\\/uploads\\\/2019\\\/10\\\/bd1bf-343.jpeg\",\"width\":1280,\"height\":853},{\"@type\":\"BreadcrumbList\",\"@id\":\"https:\\\/\\\/expressometro.mx\\\/index.php\\\/2019\\\/10\\\/02\\\/el-festival-quimera-2019-dedica-espectaculos-y-actividades-para-el-publico-infantil\\\/#breadcrumb\",\"itemListElement\":[{\"@type\":\"ListItem\",\"position\":1,\"name\":\"Inicio\",\"item\":\"https:\\\/\\\/expressometro.mx\\\/\"},{\"@type\":\"ListItem\",\"position\":2,\"name\":\"EL FESTIVAL QUIMERA 2019 DEDICA ESPECT\u00c1CULOS Y ACTIVIDADES PARA EL P\u00daBLICO INFANTIL\"}]},{\"@type\":\"WebSite\",\"@id\":\"https:\\\/\\\/expressometro.mx\\\/#website\",\"url\":\"https:\\\/\\\/expressometro.mx\\\/\",\"name\":\"Expresso Metropolitano\",\"description\":\"Periodismo comprometido, informaci\u00f3n, investigaci\u00f3n y an\u00e1lisis\",\"publisher\":{\"@id\":\"https:\\\/\\\/expressometro.mx\\\/#organization\"},\"potentialAction\":[{\"@type\":\"SearchAction\",\"target\":{\"@type\":\"EntryPoint\",\"urlTemplate\":\"https:\\\/\\\/expressometro.mx\\\/?s={search_term_string}\"},\"query-input\":{\"@type\":\"PropertyValueSpecification\",\"valueRequired\":true,\"valueName\":\"search_term_string\"}}],\"inLanguage\":\"es\"},{\"@type\":\"Organization\",\"@id\":\"https:\\\/\\\/expressometro.mx\\\/#organization\",\"name\":\"Expresso Metropolitano\",\"url\":\"https:\\\/\\\/expressometro.mx\\\/\",\"logo\":{\"@type\":\"ImageObject\",\"inLanguage\":\"es\",\"@id\":\"https:\\\/\\\/expressometro.mx\\\/#\\\/schema\\\/logo\\\/image\\\/\",\"url\":\"https:\\\/\\\/expressometro.mx\\\/wp-content\\\/uploads\\\/2019\\\/07\\\/cropped-Logo-Expresso-Metropolitano-1-1.jpeg\",\"contentUrl\":\"https:\\\/\\\/expressometro.mx\\\/wp-content\\\/uploads\\\/2019\\\/07\\\/cropped-Logo-Expresso-Metropolitano-1-1.jpeg\",\"width\":290,\"height\":73,\"caption\":\"Expresso Metropolitano\"},\"image\":{\"@id\":\"https:\\\/\\\/expressometro.mx\\\/#\\\/schema\\\/logo\\\/image\\\/\"}},{\"@type\":\"Person\",\"@id\":\"https:\\\/\\\/expressometro.mx\\\/#\\\/schema\\\/person\\\/efa971b4a0664db8ed5c22b1b0dd2f5d\",\"name\":\"Expresso Metropolitano\",\"image\":{\"@type\":\"ImageObject\",\"inLanguage\":\"es\",\"@id\":\"https:\\\/\\\/secure.gravatar.com\\\/avatar\\\/a89f802b8de18c6952f223c88d3d106e9e3679839f4e25a02f4a6cc2ae6ba3b3?s=96&d=mm&r=g\",\"url\":\"https:\\\/\\\/secure.gravatar.com\\\/avatar\\\/a89f802b8de18c6952f223c88d3d106e9e3679839f4e25a02f4a6cc2ae6ba3b3?s=96&d=mm&r=g\",\"contentUrl\":\"https:\\\/\\\/secure.gravatar.com\\\/avatar\\\/a89f802b8de18c6952f223c88d3d106e9e3679839f4e25a02f4a6cc2ae6ba3b3?s=96&d=mm&r=g\",\"caption\":\"Expresso Metropolitano\"},\"url\":\"https:\\\/\\\/expressometro.mx\\\/index.php\\\/author\\\/diego\\\/\"}]}<\/script>\n<!-- \/ Yoast SEO plugin. -->","yoast_head_json":{"title":"EL FESTIVAL QUIMERA 2019 DEDICA ESPECT\u00c1CULOS Y ACTIVIDADES PARA EL P\u00daBLICO INFANTIL - Expresso Metropolitano","robots":{"index":"index","follow":"follow","max-snippet":"max-snippet:-1","max-image-preview":"max-image-preview:large","max-video-preview":"max-video-preview:-1"},"canonical":"https:\/\/expressometro.mx\/index.php\/2019\/10\/02\/el-festival-quimera-2019-dedica-espectaculos-y-actividades-para-el-publico-infantil\/","og_locale":"es_MX","og_type":"article","og_title":"EL FESTIVAL QUIMERA 2019 DEDICA ESPECT\u00c1CULOS Y ACTIVIDADES PARA EL P\u00daBLICO INFANTIL - Expresso Metropolitano","og_description":"Del 11 al 20 de octubre el Festival Internacional de Arte y Cultura Quimera 2019 en Metepec, recibir\u00e1 a ni\u00f1as y ni\u00f1os a quienes dedica actividades especiales que prometen diversi\u00f3n, as\u00ed como fomentan los valores y el conocimiento. La vig\u00e9sima novena edici\u00f3n del festival organizado por el gobierno de la presidente municipal Gaby Gamboa S\u00e1nchez, ofrece una completa cartelera infantil con espect\u00e1culos, talleres y conciertos dedicados al p\u00fablico infantil. De la variedad de eventos destacan las presentaciones, \u201cTakara, Tesoro de dos mundos\u201d en el Mercado Artesanal, cuyo espect\u00e1culo de t\u00edteres&hellip;","og_url":"https:\/\/expressometro.mx\/index.php\/2019\/10\/02\/el-festival-quimera-2019-dedica-espectaculos-y-actividades-para-el-publico-infantil\/","og_site_name":"Expresso Metropolitano","article_published_time":"2019-10-02T20:44:22+00:00","article_modified_time":"2019-10-04T20:46:45+00:00","og_image":[{"width":1280,"height":853,"url":"https:\/\/expressometro.mx\/wp-content\/uploads\/2019\/10\/bd1bf-343.jpeg","type":"image\/jpeg"}],"author":"Expresso Metropolitano","twitter_misc":{"Escrito por":"Expresso Metropolitano","Tiempo de lectura":"2 minutos"},"schema":{"@context":"https:\/\/schema.org","@graph":[{"@type":"Article","@id":"https:\/\/expressometro.mx\/index.php\/2019\/10\/02\/el-festival-quimera-2019-dedica-espectaculos-y-actividades-para-el-publico-infantil\/#article","isPartOf":{"@id":"https:\/\/expressometro.mx\/index.php\/2019\/10\/02\/el-festival-quimera-2019-dedica-espectaculos-y-actividades-para-el-publico-infantil\/"},"author":{"name":"Expresso Metropolitano","@id":"https:\/\/expressometro.mx\/#\/schema\/person\/efa971b4a0664db8ed5c22b1b0dd2f5d"},"headline":"EL FESTIVAL QUIMERA 2019 DEDICA ESPECT\u00c1CULOS Y ACTIVIDADES PARA EL P\u00daBLICO INFANTIL","datePublished":"2019-10-02T20:44:22+00:00","dateModified":"2019-10-04T20:46:45+00:00","mainEntityOfPage":{"@id":"https:\/\/expressometro.mx\/index.php\/2019\/10\/02\/el-festival-quimera-2019-dedica-espectaculos-y-actividades-para-el-publico-infantil\/"},"wordCount":484,"commentCount":0,"publisher":{"@id":"https:\/\/expressometro.mx\/#organization"},"image":{"@id":"https:\/\/expressometro.mx\/index.php\/2019\/10\/02\/el-festival-quimera-2019-dedica-espectaculos-y-actividades-para-el-publico-infantil\/#primaryimage"},"thumbnailUrl":"https:\/\/expressometro.mx\/wp-content\/uploads\/2019\/10\/bd1bf-343.jpeg","articleSection":["Cultura"],"inLanguage":"es","potentialAction":[{"@type":"CommentAction","name":"Comment","target":["https:\/\/expressometro.mx\/index.php\/2019\/10\/02\/el-festival-quimera-2019-dedica-espectaculos-y-actividades-para-el-publico-infantil\/#respond"]}]},{"@type":"WebPage","@id":"https:\/\/expressometro.mx\/index.php\/2019\/10\/02\/el-festival-quimera-2019-dedica-espectaculos-y-actividades-para-el-publico-infantil\/","url":"https:\/\/expressometro.mx\/index.php\/2019\/10\/02\/el-festival-quimera-2019-dedica-espectaculos-y-actividades-para-el-publico-infantil\/","name":"EL FESTIVAL QUIMERA 2019 DEDICA ESPECT\u00c1CULOS Y ACTIVIDADES PARA EL P\u00daBLICO INFANTIL - Expresso Metropolitano","isPartOf":{"@id":"https:\/\/expressometro.mx\/#website"},"primaryImageOfPage":{"@id":"https:\/\/expressometro.mx\/index.php\/2019\/10\/02\/el-festival-quimera-2019-dedica-espectaculos-y-actividades-para-el-publico-infantil\/#primaryimage"},"image":{"@id":"https:\/\/expressometro.mx\/index.php\/2019\/10\/02\/el-festival-quimera-2019-dedica-espectaculos-y-actividades-para-el-publico-infantil\/#primaryimage"},"thumbnailUrl":"https:\/\/expressometro.mx\/wp-content\/uploads\/2019\/10\/bd1bf-343.jpeg","datePublished":"2019-10-02T20:44:22+00:00","dateModified":"2019-10-04T20:46:45+00:00","breadcrumb":{"@id":"https:\/\/expressometro.mx\/index.php\/2019\/10\/02\/el-festival-quimera-2019-dedica-espectaculos-y-actividades-para-el-publico-infantil\/#breadcrumb"},"inLanguage":"es","potentialAction":[{"@type":"ReadAction","target":["https:\/\/expressometro.mx\/index.php\/2019\/10\/02\/el-festival-quimera-2019-dedica-espectaculos-y-actividades-para-el-publico-infantil\/"]}]},{"@type":"ImageObject","inLanguage":"es","@id":"https:\/\/expressometro.mx\/index.php\/2019\/10\/02\/el-festival-quimera-2019-dedica-espectaculos-y-actividades-para-el-publico-infantil\/#primaryimage","url":"https:\/\/expressometro.mx\/wp-content\/uploads\/2019\/10\/bd1bf-343.jpeg","contentUrl":"https:\/\/expressometro.mx\/wp-content\/uploads\/2019\/10\/bd1bf-343.jpeg","width":1280,"height":853},{"@type":"BreadcrumbList","@id":"https:\/\/expressometro.mx\/index.php\/2019\/10\/02\/el-festival-quimera-2019-dedica-espectaculos-y-actividades-para-el-publico-infantil\/#breadcrumb","itemListElement":[{"@type":"ListItem","position":1,"name":"Inicio","item":"https:\/\/expressometro.mx\/"},{"@type":"ListItem","position":2,"name":"EL FESTIVAL QUIMERA 2019 DEDICA ESPECT\u00c1CULOS Y ACTIVIDADES PARA EL P\u00daBLICO INFANTIL"}]},{"@type":"WebSite","@id":"https:\/\/expressometro.mx\/#website","url":"https:\/\/expressometro.mx\/","name":"Expresso Metropolitano","description":"Periodismo comprometido, informaci\u00f3n, investigaci\u00f3n y an\u00e1lisis","publisher":{"@id":"https:\/\/expressometro.mx\/#organization"},"potentialAction":[{"@type":"SearchAction","target":{"@type":"EntryPoint","urlTemplate":"https:\/\/expressometro.mx\/?s={search_term_string}"},"query-input":{"@type":"PropertyValueSpecification","valueRequired":true,"valueName":"search_term_string"}}],"inLanguage":"es"},{"@type":"Organization","@id":"https:\/\/expressometro.mx\/#organization","name":"Expresso Metropolitano","url":"https:\/\/expressometro.mx\/","logo":{"@type":"ImageObject","inLanguage":"es","@id":"https:\/\/expressometro.mx\/#\/schema\/logo\/image\/","url":"https:\/\/expressometro.mx\/wp-content\/uploads\/2019\/07\/cropped-Logo-Expresso-Metropolitano-1-1.jpeg","contentUrl":"https:\/\/expressometro.mx\/wp-content\/uploads\/2019\/07\/cropped-Logo-Expresso-Metropolitano-1-1.jpeg","width":290,"height":73,"caption":"Expresso Metropolitano"},"image":{"@id":"https:\/\/expressometro.mx\/#\/schema\/logo\/image\/"}},{"@type":"Person","@id":"https:\/\/expressometro.mx\/#\/schema\/person\/efa971b4a0664db8ed5c22b1b0dd2f5d","name":"Expresso Metropolitano","image":{"@type":"ImageObject","inLanguage":"es","@id":"https:\/\/secure.gravatar.com\/avatar\/a89f802b8de18c6952f223c88d3d106e9e3679839f4e25a02f4a6cc2ae6ba3b3?s=96&d=mm&r=g","url":"https:\/\/secure.gravatar.com\/avatar\/a89f802b8de18c6952f223c88d3d106e9e3679839f4e25a02f4a6cc2ae6ba3b3?s=96&d=mm&r=g","contentUrl":"https:\/\/secure.gravatar.com\/avatar\/a89f802b8de18c6952f223c88d3d106e9e3679839f4e25a02f4a6cc2ae6ba3b3?s=96&d=mm&r=g","caption":"Expresso Metropolitano"},"url":"https:\/\/expressometro.mx\/index.php\/author\/diego\/"}]}},"amp_enabled":true,"_links":{"self":[{"href":"https:\/\/expressometro.mx\/index.php\/wp-json\/wp\/v2\/posts\/823","targetHints":{"allow":["GET"]}}],"collection":[{"href":"https:\/\/expressometro.mx\/index.php\/wp-json\/wp\/v2\/posts"}],"about":[{"href":"https:\/\/expressometro.mx\/index.php\/wp-json\/wp\/v2\/types\/post"}],"author":[{"embeddable":true,"href":"https:\/\/expressometro.mx\/index.php\/wp-json\/wp\/v2\/users\/1"}],"replies":[{"embeddable":true,"href":"https:\/\/expressometro.mx\/index.php\/wp-json\/wp\/v2\/comments?post=823"}],"version-history":[{"count":1,"href":"https:\/\/expressometro.mx\/index.php\/wp-json\/wp\/v2\/posts\/823\/revisions"}],"predecessor-version":[{"id":825,"href":"https:\/\/expressometro.mx\/index.php\/wp-json\/wp\/v2\/posts\/823\/revisions\/825"}],"wp:featuredmedia":[{"embeddable":true,"href":"https:\/\/expressometro.mx\/index.php\/wp-json\/wp\/v2\/media\/824"}],"wp:attachment":[{"href":"https:\/\/expressometro.mx\/index.php\/wp-json\/wp\/v2\/media?parent=823"}],"wp:term":[{"taxonomy":"category","embeddable":true,"href":"https:\/\/expressometro.mx\/index.php\/wp-json\/wp\/v2\/categories?post=823"},{"taxonomy":"post_tag","embeddable":true,"href":"https:\/\/expressometro.mx\/index.php\/wp-json\/wp\/v2\/tags?post=823"}],"curies":[{"name":"wp","href":"https:\/\/api.w.org\/{rel}","templated":true}]}}