{"id":8208,"date":"2023-09-28T09:07:35","date_gmt":"2023-09-28T14:07:35","guid":{"rendered":"https:\/\/expressometro.mx\/?p=8208"},"modified":"2023-11-07T10:31:21","modified_gmt":"2023-11-07T16:31:21","slug":"entrega-de-rehabilitacion-de-avenidas-principales-en-la-cabecera-municipal-de-aculco","status":"publish","type":"post","link":"https:\/\/expressometro.mx\/index.php\/2023\/09\/28\/entrega-de-rehabilitacion-de-avenidas-principales-en-la-cabecera-municipal-de-aculco\/","title":{"rendered":"ENTREGA DE REHABILITACI\u00d3N DE AVENIDAS PRINCIPALES EN LA CABECERA MUNICIPAL DE ACULCO"},"content":{"rendered":"\n<p><\/p>\n\n\n\n<p>En gira de trabajo en la Cabecera Municipal, el Presidente, Jorge Alfredo Osornio Victoria, hizo entrega de la rehabilitaci\u00f3n de 122 metros lineales de la superficie de rodamiento de la calle Matamoros y 220 metros lineales de la calle Nicol\u00e1s Bravo. Tambi\u00e9n se actualizaron tomas de agua y de drenaje, con la finalidad de brindar un servicio eficaz y moderno. La inversi\u00f3n aproximada destinada para estas obras fue de dos millones cuatrocientos once mil doscientos cincuenta y un pesos.<\/p>\n\n\n\n<p>La rehabilitaci\u00f3n del pavimento asf\u00e1ltico es necesario para dar mantenimiento a los accesos m\u00e1s transitados de la ciudad. Adem\u00e1s de dar un mejor aspecto y que el Pueblo M\u00e1gico de Aculco no pierda su encanto. El alcalde considera que todas estas mejoras a la ciudad, son de beneficio directo para los aculquenses, ya que su tr\u00e1nsito por las calles ser\u00e1 m\u00e1s factible. Estos son los compromisos que Jorge Osornio cumple, y que son sello de su presente administraci\u00f3n, hechos que solo son para lograr el beneficio com\u00fan de todos los habitantes de Aculco.<\/p>\n","protected":false},"excerpt":{"rendered":"<p>En gira de trabajo en la Cabecera Municipal, el Presidente, Jorge Alfredo Osornio Victoria, hizo entrega de la rehabilitaci\u00f3n de 122 metros lineales de la superficie de rodamiento de la calle Matamoros y 220 metros lineales de la calle Nicol\u00e1s Bravo.<\/p>\n","protected":false},"author":1,"featured_media":8211,"comment_status":"open","ping_status":"open","sticky":false,"template":"","format":"standard","meta":{"footnotes":""},"categories":[4,3,231,6],"tags":[955,1982,86,954],"class_list":["post-8208","post","type-post","status-publish","format-standard","has-post-thumbnail","hentry","category-finanzas","category-gobierno","category-politica","category-seguridad","tag-aculco","tag-edomex","tag-gem","tag-jorge-osornio"],"yoast_head":"<!-- This site is optimized with the Yoast SEO plugin v27.5 - https:\/\/yoast.com\/product\/yoast-seo-wordpress\/ -->\n<title>ENTREGA DE REHABILITACI\u00d3N DE AVENIDAS PRINCIPALES EN LA CABECERA MUNICIPAL DE ACULCO - Expresso Metropolitano<\/title>\n<meta name=\"robots\" content=\"index, follow, max-snippet:-1, max-image-preview:large, max-video-preview:-1\" \/>\n<link rel=\"canonical\" href=\"https:\/\/expressometro.mx\/index.php\/2023\/09\/28\/entrega-de-rehabilitacion-de-avenidas-principales-en-la-cabecera-municipal-de-aculco\/\" \/>\n<meta property=\"og:locale\" content=\"es_MX\" \/>\n<meta property=\"og:type\" content=\"article\" \/>\n<meta property=\"og:title\" content=\"ENTREGA DE REHABILITACI\u00d3N DE AVENIDAS PRINCIPALES EN LA CABECERA MUNICIPAL DE ACULCO - Expresso Metropolitano\" \/>\n<meta property=\"og:description\" content=\"En gira de trabajo en la Cabecera Municipal, el Presidente, Jorge Alfredo Osornio Victoria, hizo entrega de la rehabilitaci\u00f3n de 122 metros lineales de la superficie de rodamiento de la calle Matamoros y 220 metros lineales de la calle Nicol\u00e1s Bravo.\" \/>\n<meta property=\"og:url\" content=\"https:\/\/expressometro.mx\/index.php\/2023\/09\/28\/entrega-de-rehabilitacion-de-avenidas-principales-en-la-cabecera-municipal-de-aculco\/\" \/>\n<meta property=\"og:site_name\" content=\"Expresso Metropolitano\" \/>\n<meta property=\"article:published_time\" content=\"2023-09-28T14:07:35+00:00\" \/>\n<meta property=\"article:modified_time\" content=\"2023-11-07T16:31:21+00:00\" \/>\n<meta property=\"og:image\" content=\"http:\/\/expressometro.mx\/wp-content\/uploads\/2023\/11\/Aculco-Pavimentacion-270923-1.jpg\" \/>\n\t<meta property=\"og:image:width\" content=\"514\" \/>\n\t<meta property=\"og:image:height\" content=\"342\" \/>\n\t<meta property=\"og:image:type\" content=\"image\/jpeg\" \/>\n<meta name=\"author\" content=\"Expresso Metropolitano\" \/>\n<meta name=\"twitter:label1\" content=\"Escrito por\" \/>\n\t<meta name=\"twitter:data1\" content=\"Expresso Metropolitano\" \/>\n\t<meta name=\"twitter:label2\" content=\"Tiempo de lectura\" \/>\n\t<meta name=\"twitter:data2\" content=\"1 minuto\" \/>\n<script type=\"application\/ld+json\" class=\"yoast-schema-graph\">{\"@context\":\"https:\\\/\\\/schema.org\",\"@graph\":[{\"@type\":\"Article\",\"@id\":\"https:\\\/\\\/expressometro.mx\\\/index.php\\\/2023\\\/09\\\/28\\\/entrega-de-rehabilitacion-de-avenidas-principales-en-la-cabecera-municipal-de-aculco\\\/#article\",\"isPartOf\":{\"@id\":\"https:\\\/\\\/expressometro.mx\\\/index.php\\\/2023\\\/09\\\/28\\\/entrega-de-rehabilitacion-de-avenidas-principales-en-la-cabecera-municipal-de-aculco\\\/\"},\"author\":{\"name\":\"Expresso Metropolitano\",\"@id\":\"https:\\\/\\\/expressometro.mx\\\/#\\\/schema\\\/person\\\/efa971b4a0664db8ed5c22b1b0dd2f5d\"},\"headline\":\"ENTREGA DE REHABILITACI\u00d3N DE AVENIDAS PRINCIPALES EN LA CABECERA MUNICIPAL DE ACULCO\",\"datePublished\":\"2023-09-28T14:07:35+00:00\",\"dateModified\":\"2023-11-07T16:31:21+00:00\",\"mainEntityOfPage\":{\"@id\":\"https:\\\/\\\/expressometro.mx\\\/index.php\\\/2023\\\/09\\\/28\\\/entrega-de-rehabilitacion-de-avenidas-principales-en-la-cabecera-municipal-de-aculco\\\/\"},\"wordCount\":196,\"commentCount\":0,\"publisher\":{\"@id\":\"https:\\\/\\\/expressometro.mx\\\/#organization\"},\"image\":{\"@id\":\"https:\\\/\\\/expressometro.mx\\\/index.php\\\/2023\\\/09\\\/28\\\/entrega-de-rehabilitacion-de-avenidas-principales-en-la-cabecera-municipal-de-aculco\\\/#primaryimage\"},\"thumbnailUrl\":\"https:\\\/\\\/expressometro.mx\\\/wp-content\\\/uploads\\\/2023\\\/11\\\/Aculco-Pavimentacion-270923-1.jpg\",\"keywords\":[\"Aculco\",\"Edomex\",\"GEM\",\"Jorge Osornio\"],\"articleSection\":[\"Finanzas\",\"Gobierno\",\"Pol\u00edtica\",\"Seguridad\"],\"inLanguage\":\"es\",\"potentialAction\":[{\"@type\":\"CommentAction\",\"name\":\"Comment\",\"target\":[\"https:\\\/\\\/expressometro.mx\\\/index.php\\\/2023\\\/09\\\/28\\\/entrega-de-rehabilitacion-de-avenidas-principales-en-la-cabecera-municipal-de-aculco\\\/#respond\"]}]},{\"@type\":\"WebPage\",\"@id\":\"https:\\\/\\\/expressometro.mx\\\/index.php\\\/2023\\\/09\\\/28\\\/entrega-de-rehabilitacion-de-avenidas-principales-en-la-cabecera-municipal-de-aculco\\\/\",\"url\":\"https:\\\/\\\/expressometro.mx\\\/index.php\\\/2023\\\/09\\\/28\\\/entrega-de-rehabilitacion-de-avenidas-principales-en-la-cabecera-municipal-de-aculco\\\/\",\"name\":\"ENTREGA DE REHABILITACI\u00d3N DE AVENIDAS PRINCIPALES EN LA CABECERA MUNICIPAL DE ACULCO - Expresso Metropolitano\",\"isPartOf\":{\"@id\":\"https:\\\/\\\/expressometro.mx\\\/#website\"},\"primaryImageOfPage\":{\"@id\":\"https:\\\/\\\/expressometro.mx\\\/index.php\\\/2023\\\/09\\\/28\\\/entrega-de-rehabilitacion-de-avenidas-principales-en-la-cabecera-municipal-de-aculco\\\/#primaryimage\"},\"image\":{\"@id\":\"https:\\\/\\\/expressometro.mx\\\/index.php\\\/2023\\\/09\\\/28\\\/entrega-de-rehabilitacion-de-avenidas-principales-en-la-cabecera-municipal-de-aculco\\\/#primaryimage\"},\"thumbnailUrl\":\"https:\\\/\\\/expressometro.mx\\\/wp-content\\\/uploads\\\/2023\\\/11\\\/Aculco-Pavimentacion-270923-1.jpg\",\"datePublished\":\"2023-09-28T14:07:35+00:00\",\"dateModified\":\"2023-11-07T16:31:21+00:00\",\"breadcrumb\":{\"@id\":\"https:\\\/\\\/expressometro.mx\\\/index.php\\\/2023\\\/09\\\/28\\\/entrega-de-rehabilitacion-de-avenidas-principales-en-la-cabecera-municipal-de-aculco\\\/#breadcrumb\"},\"inLanguage\":\"es\",\"potentialAction\":[{\"@type\":\"ReadAction\",\"target\":[\"https:\\\/\\\/expressometro.mx\\\/index.php\\\/2023\\\/09\\\/28\\\/entrega-de-rehabilitacion-de-avenidas-principales-en-la-cabecera-municipal-de-aculco\\\/\"]}]},{\"@type\":\"ImageObject\",\"inLanguage\":\"es\",\"@id\":\"https:\\\/\\\/expressometro.mx\\\/index.php\\\/2023\\\/09\\\/28\\\/entrega-de-rehabilitacion-de-avenidas-principales-en-la-cabecera-municipal-de-aculco\\\/#primaryimage\",\"url\":\"https:\\\/\\\/expressometro.mx\\\/wp-content\\\/uploads\\\/2023\\\/11\\\/Aculco-Pavimentacion-270923-1.jpg\",\"contentUrl\":\"https:\\\/\\\/expressometro.mx\\\/wp-content\\\/uploads\\\/2023\\\/11\\\/Aculco-Pavimentacion-270923-1.jpg\",\"width\":514,\"height\":342},{\"@type\":\"BreadcrumbList\",\"@id\":\"https:\\\/\\\/expressometro.mx\\\/index.php\\\/2023\\\/09\\\/28\\\/entrega-de-rehabilitacion-de-avenidas-principales-en-la-cabecera-municipal-de-aculco\\\/#breadcrumb\",\"itemListElement\":[{\"@type\":\"ListItem\",\"position\":1,\"name\":\"Inicio\",\"item\":\"https:\\\/\\\/expressometro.mx\\\/\"},{\"@type\":\"ListItem\",\"position\":2,\"name\":\"ENTREGA DE REHABILITACI\u00d3N DE AVENIDAS PRINCIPALES EN LA CABECERA MUNICIPAL DE ACULCO\"}]},{\"@type\":\"WebSite\",\"@id\":\"https:\\\/\\\/expressometro.mx\\\/#website\",\"url\":\"https:\\\/\\\/expressometro.mx\\\/\",\"name\":\"Expresso Metropolitano\",\"description\":\"Periodismo comprometido, informaci\u00f3n, investigaci\u00f3n y an\u00e1lisis\",\"publisher\":{\"@id\":\"https:\\\/\\\/expressometro.mx\\\/#organization\"},\"potentialAction\":[{\"@type\":\"SearchAction\",\"target\":{\"@type\":\"EntryPoint\",\"urlTemplate\":\"https:\\\/\\\/expressometro.mx\\\/?s={search_term_string}\"},\"query-input\":{\"@type\":\"PropertyValueSpecification\",\"valueRequired\":true,\"valueName\":\"search_term_string\"}}],\"inLanguage\":\"es\"},{\"@type\":\"Organization\",\"@id\":\"https:\\\/\\\/expressometro.mx\\\/#organization\",\"name\":\"Expresso Metropolitano\",\"url\":\"https:\\\/\\\/expressometro.mx\\\/\",\"logo\":{\"@type\":\"ImageObject\",\"inLanguage\":\"es\",\"@id\":\"https:\\\/\\\/expressometro.mx\\\/#\\\/schema\\\/logo\\\/image\\\/\",\"url\":\"https:\\\/\\\/expressometro.mx\\\/wp-content\\\/uploads\\\/2019\\\/07\\\/cropped-Logo-Expresso-Metropolitano-1-1.jpeg\",\"contentUrl\":\"https:\\\/\\\/expressometro.mx\\\/wp-content\\\/uploads\\\/2019\\\/07\\\/cropped-Logo-Expresso-Metropolitano-1-1.jpeg\",\"width\":290,\"height\":73,\"caption\":\"Expresso Metropolitano\"},\"image\":{\"@id\":\"https:\\\/\\\/expressometro.mx\\\/#\\\/schema\\\/logo\\\/image\\\/\"}},{\"@type\":\"Person\",\"@id\":\"https:\\\/\\\/expressometro.mx\\\/#\\\/schema\\\/person\\\/efa971b4a0664db8ed5c22b1b0dd2f5d\",\"name\":\"Expresso Metropolitano\",\"image\":{\"@type\":\"ImageObject\",\"inLanguage\":\"es\",\"@id\":\"https:\\\/\\\/secure.gravatar.com\\\/avatar\\\/a89f802b8de18c6952f223c88d3d106e9e3679839f4e25a02f4a6cc2ae6ba3b3?s=96&d=mm&r=g\",\"url\":\"https:\\\/\\\/secure.gravatar.com\\\/avatar\\\/a89f802b8de18c6952f223c88d3d106e9e3679839f4e25a02f4a6cc2ae6ba3b3?s=96&d=mm&r=g\",\"contentUrl\":\"https:\\\/\\\/secure.gravatar.com\\\/avatar\\\/a89f802b8de18c6952f223c88d3d106e9e3679839f4e25a02f4a6cc2ae6ba3b3?s=96&d=mm&r=g\",\"caption\":\"Expresso Metropolitano\"},\"url\":\"https:\\\/\\\/expressometro.mx\\\/index.php\\\/author\\\/diego\\\/\"}]}<\/script>\n<!-- \/ Yoast SEO plugin. -->","yoast_head_json":{"title":"ENTREGA DE REHABILITACI\u00d3N DE AVENIDAS PRINCIPALES EN LA CABECERA MUNICIPAL DE ACULCO - Expresso Metropolitano","robots":{"index":"index","follow":"follow","max-snippet":"max-snippet:-1","max-image-preview":"max-image-preview:large","max-video-preview":"max-video-preview:-1"},"canonical":"https:\/\/expressometro.mx\/index.php\/2023\/09\/28\/entrega-de-rehabilitacion-de-avenidas-principales-en-la-cabecera-municipal-de-aculco\/","og_locale":"es_MX","og_type":"article","og_title":"ENTREGA DE REHABILITACI\u00d3N DE AVENIDAS PRINCIPALES EN LA CABECERA MUNICIPAL DE ACULCO - Expresso Metropolitano","og_description":"En gira de trabajo en la Cabecera Municipal, el Presidente, Jorge Alfredo Osornio Victoria, hizo entrega de la rehabilitaci\u00f3n de 122 metros lineales de la superficie de rodamiento de la calle Matamoros y 220 metros lineales de la calle Nicol\u00e1s Bravo.","og_url":"https:\/\/expressometro.mx\/index.php\/2023\/09\/28\/entrega-de-rehabilitacion-de-avenidas-principales-en-la-cabecera-municipal-de-aculco\/","og_site_name":"Expresso Metropolitano","article_published_time":"2023-09-28T14:07:35+00:00","article_modified_time":"2023-11-07T16:31:21+00:00","og_image":[{"width":514,"height":342,"url":"http:\/\/expressometro.mx\/wp-content\/uploads\/2023\/11\/Aculco-Pavimentacion-270923-1.jpg","type":"image\/jpeg"}],"author":"Expresso Metropolitano","twitter_misc":{"Escrito por":"Expresso Metropolitano","Tiempo de lectura":"1 minuto"},"schema":{"@context":"https:\/\/schema.org","@graph":[{"@type":"Article","@id":"https:\/\/expressometro.mx\/index.php\/2023\/09\/28\/entrega-de-rehabilitacion-de-avenidas-principales-en-la-cabecera-municipal-de-aculco\/#article","isPartOf":{"@id":"https:\/\/expressometro.mx\/index.php\/2023\/09\/28\/entrega-de-rehabilitacion-de-avenidas-principales-en-la-cabecera-municipal-de-aculco\/"},"author":{"name":"Expresso Metropolitano","@id":"https:\/\/expressometro.mx\/#\/schema\/person\/efa971b4a0664db8ed5c22b1b0dd2f5d"},"headline":"ENTREGA DE REHABILITACI\u00d3N DE AVENIDAS PRINCIPALES EN LA CABECERA MUNICIPAL DE ACULCO","datePublished":"2023-09-28T14:07:35+00:00","dateModified":"2023-11-07T16:31:21+00:00","mainEntityOfPage":{"@id":"https:\/\/expressometro.mx\/index.php\/2023\/09\/28\/entrega-de-rehabilitacion-de-avenidas-principales-en-la-cabecera-municipal-de-aculco\/"},"wordCount":196,"commentCount":0,"publisher":{"@id":"https:\/\/expressometro.mx\/#organization"},"image":{"@id":"https:\/\/expressometro.mx\/index.php\/2023\/09\/28\/entrega-de-rehabilitacion-de-avenidas-principales-en-la-cabecera-municipal-de-aculco\/#primaryimage"},"thumbnailUrl":"https:\/\/expressometro.mx\/wp-content\/uploads\/2023\/11\/Aculco-Pavimentacion-270923-1.jpg","keywords":["Aculco","Edomex","GEM","Jorge Osornio"],"articleSection":["Finanzas","Gobierno","Pol\u00edtica","Seguridad"],"inLanguage":"es","potentialAction":[{"@type":"CommentAction","name":"Comment","target":["https:\/\/expressometro.mx\/index.php\/2023\/09\/28\/entrega-de-rehabilitacion-de-avenidas-principales-en-la-cabecera-municipal-de-aculco\/#respond"]}]},{"@type":"WebPage","@id":"https:\/\/expressometro.mx\/index.php\/2023\/09\/28\/entrega-de-rehabilitacion-de-avenidas-principales-en-la-cabecera-municipal-de-aculco\/","url":"https:\/\/expressometro.mx\/index.php\/2023\/09\/28\/entrega-de-rehabilitacion-de-avenidas-principales-en-la-cabecera-municipal-de-aculco\/","name":"ENTREGA DE REHABILITACI\u00d3N DE AVENIDAS PRINCIPALES EN LA CABECERA MUNICIPAL DE ACULCO - Expresso Metropolitano","isPartOf":{"@id":"https:\/\/expressometro.mx\/#website"},"primaryImageOfPage":{"@id":"https:\/\/expressometro.mx\/index.php\/2023\/09\/28\/entrega-de-rehabilitacion-de-avenidas-principales-en-la-cabecera-municipal-de-aculco\/#primaryimage"},"image":{"@id":"https:\/\/expressometro.mx\/index.php\/2023\/09\/28\/entrega-de-rehabilitacion-de-avenidas-principales-en-la-cabecera-municipal-de-aculco\/#primaryimage"},"thumbnailUrl":"https:\/\/expressometro.mx\/wp-content\/uploads\/2023\/11\/Aculco-Pavimentacion-270923-1.jpg","datePublished":"2023-09-28T14:07:35+00:00","dateModified":"2023-11-07T16:31:21+00:00","breadcrumb":{"@id":"https:\/\/expressometro.mx\/index.php\/2023\/09\/28\/entrega-de-rehabilitacion-de-avenidas-principales-en-la-cabecera-municipal-de-aculco\/#breadcrumb"},"inLanguage":"es","potentialAction":[{"@type":"ReadAction","target":["https:\/\/expressometro.mx\/index.php\/2023\/09\/28\/entrega-de-rehabilitacion-de-avenidas-principales-en-la-cabecera-municipal-de-aculco\/"]}]},{"@type":"ImageObject","inLanguage":"es","@id":"https:\/\/expressometro.mx\/index.php\/2023\/09\/28\/entrega-de-rehabilitacion-de-avenidas-principales-en-la-cabecera-municipal-de-aculco\/#primaryimage","url":"https:\/\/expressometro.mx\/wp-content\/uploads\/2023\/11\/Aculco-Pavimentacion-270923-1.jpg","contentUrl":"https:\/\/expressometro.mx\/wp-content\/uploads\/2023\/11\/Aculco-Pavimentacion-270923-1.jpg","width":514,"height":342},{"@type":"BreadcrumbList","@id":"https:\/\/expressometro.mx\/index.php\/2023\/09\/28\/entrega-de-rehabilitacion-de-avenidas-principales-en-la-cabecera-municipal-de-aculco\/#breadcrumb","itemListElement":[{"@type":"ListItem","position":1,"name":"Inicio","item":"https:\/\/expressometro.mx\/"},{"@type":"ListItem","position":2,"name":"ENTREGA DE REHABILITACI\u00d3N DE AVENIDAS PRINCIPALES EN LA CABECERA MUNICIPAL DE ACULCO"}]},{"@type":"WebSite","@id":"https:\/\/expressometro.mx\/#website","url":"https:\/\/expressometro.mx\/","name":"Expresso Metropolitano","description":"Periodismo comprometido, informaci\u00f3n, investigaci\u00f3n y an\u00e1lisis","publisher":{"@id":"https:\/\/expressometro.mx\/#organization"},"potentialAction":[{"@type":"SearchAction","target":{"@type":"EntryPoint","urlTemplate":"https:\/\/expressometro.mx\/?s={search_term_string}"},"query-input":{"@type":"PropertyValueSpecification","valueRequired":true,"valueName":"search_term_string"}}],"inLanguage":"es"},{"@type":"Organization","@id":"https:\/\/expressometro.mx\/#organization","name":"Expresso Metropolitano","url":"https:\/\/expressometro.mx\/","logo":{"@type":"ImageObject","inLanguage":"es","@id":"https:\/\/expressometro.mx\/#\/schema\/logo\/image\/","url":"https:\/\/expressometro.mx\/wp-content\/uploads\/2019\/07\/cropped-Logo-Expresso-Metropolitano-1-1.jpeg","contentUrl":"https:\/\/expressometro.mx\/wp-content\/uploads\/2019\/07\/cropped-Logo-Expresso-Metropolitano-1-1.jpeg","width":290,"height":73,"caption":"Expresso Metropolitano"},"image":{"@id":"https:\/\/expressometro.mx\/#\/schema\/logo\/image\/"}},{"@type":"Person","@id":"https:\/\/expressometro.mx\/#\/schema\/person\/efa971b4a0664db8ed5c22b1b0dd2f5d","name":"Expresso Metropolitano","image":{"@type":"ImageObject","inLanguage":"es","@id":"https:\/\/secure.gravatar.com\/avatar\/a89f802b8de18c6952f223c88d3d106e9e3679839f4e25a02f4a6cc2ae6ba3b3?s=96&d=mm&r=g","url":"https:\/\/secure.gravatar.com\/avatar\/a89f802b8de18c6952f223c88d3d106e9e3679839f4e25a02f4a6cc2ae6ba3b3?s=96&d=mm&r=g","contentUrl":"https:\/\/secure.gravatar.com\/avatar\/a89f802b8de18c6952f223c88d3d106e9e3679839f4e25a02f4a6cc2ae6ba3b3?s=96&d=mm&r=g","caption":"Expresso Metropolitano"},"url":"https:\/\/expressometro.mx\/index.php\/author\/diego\/"}]}},"amp_enabled":true,"_links":{"self":[{"href":"https:\/\/expressometro.mx\/index.php\/wp-json\/wp\/v2\/posts\/8208","targetHints":{"allow":["GET"]}}],"collection":[{"href":"https:\/\/expressometro.mx\/index.php\/wp-json\/wp\/v2\/posts"}],"about":[{"href":"https:\/\/expressometro.mx\/index.php\/wp-json\/wp\/v2\/types\/post"}],"author":[{"embeddable":true,"href":"https:\/\/expressometro.mx\/index.php\/wp-json\/wp\/v2\/users\/1"}],"replies":[{"embeddable":true,"href":"https:\/\/expressometro.mx\/index.php\/wp-json\/wp\/v2\/comments?post=8208"}],"version-history":[{"count":1,"href":"https:\/\/expressometro.mx\/index.php\/wp-json\/wp\/v2\/posts\/8208\/revisions"}],"predecessor-version":[{"id":8212,"href":"https:\/\/expressometro.mx\/index.php\/wp-json\/wp\/v2\/posts\/8208\/revisions\/8212"}],"wp:featuredmedia":[{"embeddable":true,"href":"https:\/\/expressometro.mx\/index.php\/wp-json\/wp\/v2\/media\/8211"}],"wp:attachment":[{"href":"https:\/\/expressometro.mx\/index.php\/wp-json\/wp\/v2\/media?parent=8208"}],"wp:term":[{"taxonomy":"category","embeddable":true,"href":"https:\/\/expressometro.mx\/index.php\/wp-json\/wp\/v2\/categories?post=8208"},{"taxonomy":"post_tag","embeddable":true,"href":"https:\/\/expressometro.mx\/index.php\/wp-json\/wp\/v2\/tags?post=8208"}],"curies":[{"name":"wp","href":"https:\/\/api.w.org\/{rel}","templated":true}]}}