{"id":8190,"date":"2023-11-06T11:14:23","date_gmt":"2023-11-06T17:14:23","guid":{"rendered":"https:\/\/expressometro.mx\/?p=8190"},"modified":"2023-11-06T11:14:24","modified_gmt":"2023-11-06T17:14:24","slug":"encuentro-de-militantes-del-partido-revolucionario-institucional","status":"publish","type":"post","link":"https:\/\/expressometro.mx\/index.php\/2023\/11\/06\/encuentro-de-militantes-del-partido-revolucionario-institucional\/","title":{"rendered":"ENCUENTRO DE MILITANTES DEL PARTIDO REVOLUCIONARIO INSTITUCIONAL"},"content":{"rendered":"\n<p><\/p>\n\n\n\n<p>El Diputado Federal y Vicecoordinador del GP del PRI Gustavo C\u00e1rdenas Monroy acompa\u00f1\u00f3 al Primer Pri\u00edsta de Jocotitl\u00e1n Jes\u00fas Cedillo Gonz\u00e1lez, al encuentro que sostuvieron con la militancia del Revolucionario Institucional, donde el legislador destac\u00f3 la fortaleza del partido con sus estructuras, organizaciones y sectores.<\/p>\n\n\n\n<p>C\u00e1rdenas indic\u00f3 que esta fortaleza da impulso siempre a pesar de las circunstancias por la que atraviesa el pa\u00eds. La gente siempre demanda resultados y la autoridad ha respondido de acuerdo a sus posibilidades, ya que siempre se ha trabajado para mejorar la infraestructura en materia de salud, educaci\u00f3n, agua potable y carreteras. Es por esto que actualmente, lo m\u00e1s importante es tener un contacto directo con la gente, recorriendo comunidad por comunidad atendiendo sus solicitudes.<\/p>\n\n\n\n<p>As\u00ed mismo C\u00e1rdenas Monroy destac\u00f3 la importancia de la lealtad hacia los antepasados, hacia las familias, porque la lealtad es uno de los valores primordiales y que son base en cualquier estructura de la sociedad. De esto depende que se lleven a cabo los compromisos adquiridos con las comunidades, y que la militancia siempre respaldar\u00e1 estas acciones, ya que est\u00e1 determinada a cumplir con los compromisos adquiridos.<\/p>\n","protected":false},"excerpt":{"rendered":"<p>El Diputado Federal y Vicecoordinador del GP del PRI Gustavo C\u00e1rdenas Monroy acompa\u00f1\u00f3 al Primer Pri\u00edsta de Jocotitl\u00e1n Jes\u00fas Cedillo Gonz\u00e1lez, al encuentro que sostuvieron con la militancia del Revolucionario Institucional, donde el legislador destac\u00f3 la fortaleza del partido con sus estructuras, organizaciones y sectores.<\/p>\n","protected":false},"author":1,"featured_media":8192,"comment_status":"open","ping_status":"open","sticky":false,"template":"","format":"standard","meta":{"footnotes":""},"categories":[3,1,231],"tags":[1982,86,891,324,158],"class_list":["post-8190","post","type-post","status-publish","format-standard","has-post-thumbnail","hentry","category-gobierno","category-otros","category-politica","tag-edomex","tag-gem","tag-gustavo-cardenas-2","tag-jocotitlan","tag-pri"],"yoast_head":"<!-- This site is optimized with the Yoast SEO plugin v27.4 - https:\/\/yoast.com\/product\/yoast-seo-wordpress\/ -->\n<title>ENCUENTRO DE MILITANTES DEL PARTIDO REVOLUCIONARIO INSTITUCIONAL - Expresso Metropolitano<\/title>\n<meta name=\"robots\" content=\"index, follow, max-snippet:-1, max-image-preview:large, max-video-preview:-1\" \/>\n<link rel=\"canonical\" href=\"https:\/\/expressometro.mx\/index.php\/2023\/11\/06\/encuentro-de-militantes-del-partido-revolucionario-institucional\/\" \/>\n<meta property=\"og:locale\" content=\"es_MX\" \/>\n<meta property=\"og:type\" content=\"article\" \/>\n<meta property=\"og:title\" content=\"ENCUENTRO DE MILITANTES DEL PARTIDO REVOLUCIONARIO INSTITUCIONAL - Expresso Metropolitano\" \/>\n<meta property=\"og:description\" content=\"El Diputado Federal y Vicecoordinador del GP del PRI Gustavo C\u00e1rdenas Monroy acompa\u00f1\u00f3 al Primer Pri\u00edsta de Jocotitl\u00e1n Jes\u00fas Cedillo Gonz\u00e1lez, al encuentro que sostuvieron con la militancia del Revolucionario Institucional, donde el legislador destac\u00f3 la fortaleza del partido con sus estructuras, organizaciones y sectores.\" \/>\n<meta property=\"og:url\" content=\"https:\/\/expressometro.mx\/index.php\/2023\/11\/06\/encuentro-de-militantes-del-partido-revolucionario-institucional\/\" \/>\n<meta property=\"og:site_name\" content=\"Expresso Metropolitano\" \/>\n<meta property=\"article:published_time\" content=\"2023-11-06T17:14:23+00:00\" \/>\n<meta property=\"article:modified_time\" content=\"2023-11-06T17:14:24+00:00\" \/>\n<meta property=\"og:image\" content=\"http:\/\/expressometro.mx\/wp-content\/uploads\/2023\/11\/Gustavo-Cardenas-Reunion-de-Militantes-del-PRI-041123-1.jpg\" \/>\n\t<meta property=\"og:image:width\" content=\"1600\" \/>\n\t<meta property=\"og:image:height\" content=\"747\" \/>\n\t<meta property=\"og:image:type\" content=\"image\/jpeg\" \/>\n<meta name=\"author\" content=\"Expresso Metropolitano\" \/>\n<meta name=\"twitter:label1\" content=\"Escrito por\" \/>\n\t<meta name=\"twitter:data1\" content=\"Expresso Metropolitano\" \/>\n\t<meta name=\"twitter:label2\" content=\"Tiempo de lectura\" \/>\n\t<meta name=\"twitter:data2\" content=\"1 minuto\" \/>\n<script type=\"application\/ld+json\" class=\"yoast-schema-graph\">{\"@context\":\"https:\\\/\\\/schema.org\",\"@graph\":[{\"@type\":\"Article\",\"@id\":\"https:\\\/\\\/expressometro.mx\\\/index.php\\\/2023\\\/11\\\/06\\\/encuentro-de-militantes-del-partido-revolucionario-institucional\\\/#article\",\"isPartOf\":{\"@id\":\"https:\\\/\\\/expressometro.mx\\\/index.php\\\/2023\\\/11\\\/06\\\/encuentro-de-militantes-del-partido-revolucionario-institucional\\\/\"},\"author\":{\"name\":\"Expresso Metropolitano\",\"@id\":\"https:\\\/\\\/expressometro.mx\\\/#\\\/schema\\\/person\\\/efa971b4a0664db8ed5c22b1b0dd2f5d\"},\"headline\":\"ENCUENTRO DE MILITANTES DEL PARTIDO REVOLUCIONARIO INSTITUCIONAL\",\"datePublished\":\"2023-11-06T17:14:23+00:00\",\"dateModified\":\"2023-11-06T17:14:24+00:00\",\"mainEntityOfPage\":{\"@id\":\"https:\\\/\\\/expressometro.mx\\\/index.php\\\/2023\\\/11\\\/06\\\/encuentro-de-militantes-del-partido-revolucionario-institucional\\\/\"},\"wordCount\":205,\"commentCount\":0,\"publisher\":{\"@id\":\"https:\\\/\\\/expressometro.mx\\\/#organization\"},\"image\":{\"@id\":\"https:\\\/\\\/expressometro.mx\\\/index.php\\\/2023\\\/11\\\/06\\\/encuentro-de-militantes-del-partido-revolucionario-institucional\\\/#primaryimage\"},\"thumbnailUrl\":\"https:\\\/\\\/expressometro.mx\\\/wp-content\\\/uploads\\\/2023\\\/11\\\/Gustavo-Cardenas-Reunion-de-Militantes-del-PRI-041123-1.jpg\",\"keywords\":[\"Edomex\",\"GEM\",\"Gustavo C\u00e1rdenas\",\"Jocotitl\u00e1n\",\"PRI\"],\"articleSection\":[\"Gobierno\",\"Otros\",\"Pol\u00edtica\"],\"inLanguage\":\"es\",\"potentialAction\":[{\"@type\":\"CommentAction\",\"name\":\"Comment\",\"target\":[\"https:\\\/\\\/expressometro.mx\\\/index.php\\\/2023\\\/11\\\/06\\\/encuentro-de-militantes-del-partido-revolucionario-institucional\\\/#respond\"]}]},{\"@type\":\"WebPage\",\"@id\":\"https:\\\/\\\/expressometro.mx\\\/index.php\\\/2023\\\/11\\\/06\\\/encuentro-de-militantes-del-partido-revolucionario-institucional\\\/\",\"url\":\"https:\\\/\\\/expressometro.mx\\\/index.php\\\/2023\\\/11\\\/06\\\/encuentro-de-militantes-del-partido-revolucionario-institucional\\\/\",\"name\":\"ENCUENTRO DE MILITANTES DEL PARTIDO REVOLUCIONARIO INSTITUCIONAL - Expresso Metropolitano\",\"isPartOf\":{\"@id\":\"https:\\\/\\\/expressometro.mx\\\/#website\"},\"primaryImageOfPage\":{\"@id\":\"https:\\\/\\\/expressometro.mx\\\/index.php\\\/2023\\\/11\\\/06\\\/encuentro-de-militantes-del-partido-revolucionario-institucional\\\/#primaryimage\"},\"image\":{\"@id\":\"https:\\\/\\\/expressometro.mx\\\/index.php\\\/2023\\\/11\\\/06\\\/encuentro-de-militantes-del-partido-revolucionario-institucional\\\/#primaryimage\"},\"thumbnailUrl\":\"https:\\\/\\\/expressometro.mx\\\/wp-content\\\/uploads\\\/2023\\\/11\\\/Gustavo-Cardenas-Reunion-de-Militantes-del-PRI-041123-1.jpg\",\"datePublished\":\"2023-11-06T17:14:23+00:00\",\"dateModified\":\"2023-11-06T17:14:24+00:00\",\"breadcrumb\":{\"@id\":\"https:\\\/\\\/expressometro.mx\\\/index.php\\\/2023\\\/11\\\/06\\\/encuentro-de-militantes-del-partido-revolucionario-institucional\\\/#breadcrumb\"},\"inLanguage\":\"es\",\"potentialAction\":[{\"@type\":\"ReadAction\",\"target\":[\"https:\\\/\\\/expressometro.mx\\\/index.php\\\/2023\\\/11\\\/06\\\/encuentro-de-militantes-del-partido-revolucionario-institucional\\\/\"]}]},{\"@type\":\"ImageObject\",\"inLanguage\":\"es\",\"@id\":\"https:\\\/\\\/expressometro.mx\\\/index.php\\\/2023\\\/11\\\/06\\\/encuentro-de-militantes-del-partido-revolucionario-institucional\\\/#primaryimage\",\"url\":\"https:\\\/\\\/expressometro.mx\\\/wp-content\\\/uploads\\\/2023\\\/11\\\/Gustavo-Cardenas-Reunion-de-Militantes-del-PRI-041123-1.jpg\",\"contentUrl\":\"https:\\\/\\\/expressometro.mx\\\/wp-content\\\/uploads\\\/2023\\\/11\\\/Gustavo-Cardenas-Reunion-de-Militantes-del-PRI-041123-1.jpg\",\"width\":1600,\"height\":747},{\"@type\":\"BreadcrumbList\",\"@id\":\"https:\\\/\\\/expressometro.mx\\\/index.php\\\/2023\\\/11\\\/06\\\/encuentro-de-militantes-del-partido-revolucionario-institucional\\\/#breadcrumb\",\"itemListElement\":[{\"@type\":\"ListItem\",\"position\":1,\"name\":\"Inicio\",\"item\":\"https:\\\/\\\/expressometro.mx\\\/\"},{\"@type\":\"ListItem\",\"position\":2,\"name\":\"ENCUENTRO DE MILITANTES DEL PARTIDO REVOLUCIONARIO INSTITUCIONAL\"}]},{\"@type\":\"WebSite\",\"@id\":\"https:\\\/\\\/expressometro.mx\\\/#website\",\"url\":\"https:\\\/\\\/expressometro.mx\\\/\",\"name\":\"Expresso Metropolitano\",\"description\":\"Periodismo comprometido, informaci\u00f3n, investigaci\u00f3n y an\u00e1lisis\",\"publisher\":{\"@id\":\"https:\\\/\\\/expressometro.mx\\\/#organization\"},\"potentialAction\":[{\"@type\":\"SearchAction\",\"target\":{\"@type\":\"EntryPoint\",\"urlTemplate\":\"https:\\\/\\\/expressometro.mx\\\/?s={search_term_string}\"},\"query-input\":{\"@type\":\"PropertyValueSpecification\",\"valueRequired\":true,\"valueName\":\"search_term_string\"}}],\"inLanguage\":\"es\"},{\"@type\":\"Organization\",\"@id\":\"https:\\\/\\\/expressometro.mx\\\/#organization\",\"name\":\"Expresso Metropolitano\",\"url\":\"https:\\\/\\\/expressometro.mx\\\/\",\"logo\":{\"@type\":\"ImageObject\",\"inLanguage\":\"es\",\"@id\":\"https:\\\/\\\/expressometro.mx\\\/#\\\/schema\\\/logo\\\/image\\\/\",\"url\":\"https:\\\/\\\/expressometro.mx\\\/wp-content\\\/uploads\\\/2019\\\/07\\\/cropped-Logo-Expresso-Metropolitano-1-1.jpeg\",\"contentUrl\":\"https:\\\/\\\/expressometro.mx\\\/wp-content\\\/uploads\\\/2019\\\/07\\\/cropped-Logo-Expresso-Metropolitano-1-1.jpeg\",\"width\":290,\"height\":73,\"caption\":\"Expresso Metropolitano\"},\"image\":{\"@id\":\"https:\\\/\\\/expressometro.mx\\\/#\\\/schema\\\/logo\\\/image\\\/\"}},{\"@type\":\"Person\",\"@id\":\"https:\\\/\\\/expressometro.mx\\\/#\\\/schema\\\/person\\\/efa971b4a0664db8ed5c22b1b0dd2f5d\",\"name\":\"Expresso Metropolitano\",\"image\":{\"@type\":\"ImageObject\",\"inLanguage\":\"es\",\"@id\":\"https:\\\/\\\/secure.gravatar.com\\\/avatar\\\/a89f802b8de18c6952f223c88d3d106e9e3679839f4e25a02f4a6cc2ae6ba3b3?s=96&d=mm&r=g\",\"url\":\"https:\\\/\\\/secure.gravatar.com\\\/avatar\\\/a89f802b8de18c6952f223c88d3d106e9e3679839f4e25a02f4a6cc2ae6ba3b3?s=96&d=mm&r=g\",\"contentUrl\":\"https:\\\/\\\/secure.gravatar.com\\\/avatar\\\/a89f802b8de18c6952f223c88d3d106e9e3679839f4e25a02f4a6cc2ae6ba3b3?s=96&d=mm&r=g\",\"caption\":\"Expresso Metropolitano\"},\"url\":\"https:\\\/\\\/expressometro.mx\\\/index.php\\\/author\\\/diego\\\/\"}]}<\/script>\n<!-- \/ Yoast SEO plugin. -->","yoast_head_json":{"title":"ENCUENTRO DE MILITANTES DEL PARTIDO REVOLUCIONARIO INSTITUCIONAL - Expresso Metropolitano","robots":{"index":"index","follow":"follow","max-snippet":"max-snippet:-1","max-image-preview":"max-image-preview:large","max-video-preview":"max-video-preview:-1"},"canonical":"https:\/\/expressometro.mx\/index.php\/2023\/11\/06\/encuentro-de-militantes-del-partido-revolucionario-institucional\/","og_locale":"es_MX","og_type":"article","og_title":"ENCUENTRO DE MILITANTES DEL PARTIDO REVOLUCIONARIO INSTITUCIONAL - Expresso Metropolitano","og_description":"El Diputado Federal y Vicecoordinador del GP del PRI Gustavo C\u00e1rdenas Monroy acompa\u00f1\u00f3 al Primer Pri\u00edsta de Jocotitl\u00e1n Jes\u00fas Cedillo Gonz\u00e1lez, al encuentro que sostuvieron con la militancia del Revolucionario Institucional, donde el legislador destac\u00f3 la fortaleza del partido con sus estructuras, organizaciones y sectores.","og_url":"https:\/\/expressometro.mx\/index.php\/2023\/11\/06\/encuentro-de-militantes-del-partido-revolucionario-institucional\/","og_site_name":"Expresso Metropolitano","article_published_time":"2023-11-06T17:14:23+00:00","article_modified_time":"2023-11-06T17:14:24+00:00","og_image":[{"width":1600,"height":747,"url":"http:\/\/expressometro.mx\/wp-content\/uploads\/2023\/11\/Gustavo-Cardenas-Reunion-de-Militantes-del-PRI-041123-1.jpg","type":"image\/jpeg"}],"author":"Expresso Metropolitano","twitter_misc":{"Escrito por":"Expresso Metropolitano","Tiempo de lectura":"1 minuto"},"schema":{"@context":"https:\/\/schema.org","@graph":[{"@type":"Article","@id":"https:\/\/expressometro.mx\/index.php\/2023\/11\/06\/encuentro-de-militantes-del-partido-revolucionario-institucional\/#article","isPartOf":{"@id":"https:\/\/expressometro.mx\/index.php\/2023\/11\/06\/encuentro-de-militantes-del-partido-revolucionario-institucional\/"},"author":{"name":"Expresso Metropolitano","@id":"https:\/\/expressometro.mx\/#\/schema\/person\/efa971b4a0664db8ed5c22b1b0dd2f5d"},"headline":"ENCUENTRO DE MILITANTES DEL PARTIDO REVOLUCIONARIO INSTITUCIONAL","datePublished":"2023-11-06T17:14:23+00:00","dateModified":"2023-11-06T17:14:24+00:00","mainEntityOfPage":{"@id":"https:\/\/expressometro.mx\/index.php\/2023\/11\/06\/encuentro-de-militantes-del-partido-revolucionario-institucional\/"},"wordCount":205,"commentCount":0,"publisher":{"@id":"https:\/\/expressometro.mx\/#organization"},"image":{"@id":"https:\/\/expressometro.mx\/index.php\/2023\/11\/06\/encuentro-de-militantes-del-partido-revolucionario-institucional\/#primaryimage"},"thumbnailUrl":"https:\/\/expressometro.mx\/wp-content\/uploads\/2023\/11\/Gustavo-Cardenas-Reunion-de-Militantes-del-PRI-041123-1.jpg","keywords":["Edomex","GEM","Gustavo C\u00e1rdenas","Jocotitl\u00e1n","PRI"],"articleSection":["Gobierno","Otros","Pol\u00edtica"],"inLanguage":"es","potentialAction":[{"@type":"CommentAction","name":"Comment","target":["https:\/\/expressometro.mx\/index.php\/2023\/11\/06\/encuentro-de-militantes-del-partido-revolucionario-institucional\/#respond"]}]},{"@type":"WebPage","@id":"https:\/\/expressometro.mx\/index.php\/2023\/11\/06\/encuentro-de-militantes-del-partido-revolucionario-institucional\/","url":"https:\/\/expressometro.mx\/index.php\/2023\/11\/06\/encuentro-de-militantes-del-partido-revolucionario-institucional\/","name":"ENCUENTRO DE MILITANTES DEL PARTIDO REVOLUCIONARIO INSTITUCIONAL - Expresso Metropolitano","isPartOf":{"@id":"https:\/\/expressometro.mx\/#website"},"primaryImageOfPage":{"@id":"https:\/\/expressometro.mx\/index.php\/2023\/11\/06\/encuentro-de-militantes-del-partido-revolucionario-institucional\/#primaryimage"},"image":{"@id":"https:\/\/expressometro.mx\/index.php\/2023\/11\/06\/encuentro-de-militantes-del-partido-revolucionario-institucional\/#primaryimage"},"thumbnailUrl":"https:\/\/expressometro.mx\/wp-content\/uploads\/2023\/11\/Gustavo-Cardenas-Reunion-de-Militantes-del-PRI-041123-1.jpg","datePublished":"2023-11-06T17:14:23+00:00","dateModified":"2023-11-06T17:14:24+00:00","breadcrumb":{"@id":"https:\/\/expressometro.mx\/index.php\/2023\/11\/06\/encuentro-de-militantes-del-partido-revolucionario-institucional\/#breadcrumb"},"inLanguage":"es","potentialAction":[{"@type":"ReadAction","target":["https:\/\/expressometro.mx\/index.php\/2023\/11\/06\/encuentro-de-militantes-del-partido-revolucionario-institucional\/"]}]},{"@type":"ImageObject","inLanguage":"es","@id":"https:\/\/expressometro.mx\/index.php\/2023\/11\/06\/encuentro-de-militantes-del-partido-revolucionario-institucional\/#primaryimage","url":"https:\/\/expressometro.mx\/wp-content\/uploads\/2023\/11\/Gustavo-Cardenas-Reunion-de-Militantes-del-PRI-041123-1.jpg","contentUrl":"https:\/\/expressometro.mx\/wp-content\/uploads\/2023\/11\/Gustavo-Cardenas-Reunion-de-Militantes-del-PRI-041123-1.jpg","width":1600,"height":747},{"@type":"BreadcrumbList","@id":"https:\/\/expressometro.mx\/index.php\/2023\/11\/06\/encuentro-de-militantes-del-partido-revolucionario-institucional\/#breadcrumb","itemListElement":[{"@type":"ListItem","position":1,"name":"Inicio","item":"https:\/\/expressometro.mx\/"},{"@type":"ListItem","position":2,"name":"ENCUENTRO DE MILITANTES DEL PARTIDO REVOLUCIONARIO INSTITUCIONAL"}]},{"@type":"WebSite","@id":"https:\/\/expressometro.mx\/#website","url":"https:\/\/expressometro.mx\/","name":"Expresso Metropolitano","description":"Periodismo comprometido, informaci\u00f3n, investigaci\u00f3n y an\u00e1lisis","publisher":{"@id":"https:\/\/expressometro.mx\/#organization"},"potentialAction":[{"@type":"SearchAction","target":{"@type":"EntryPoint","urlTemplate":"https:\/\/expressometro.mx\/?s={search_term_string}"},"query-input":{"@type":"PropertyValueSpecification","valueRequired":true,"valueName":"search_term_string"}}],"inLanguage":"es"},{"@type":"Organization","@id":"https:\/\/expressometro.mx\/#organization","name":"Expresso Metropolitano","url":"https:\/\/expressometro.mx\/","logo":{"@type":"ImageObject","inLanguage":"es","@id":"https:\/\/expressometro.mx\/#\/schema\/logo\/image\/","url":"https:\/\/expressometro.mx\/wp-content\/uploads\/2019\/07\/cropped-Logo-Expresso-Metropolitano-1-1.jpeg","contentUrl":"https:\/\/expressometro.mx\/wp-content\/uploads\/2019\/07\/cropped-Logo-Expresso-Metropolitano-1-1.jpeg","width":290,"height":73,"caption":"Expresso Metropolitano"},"image":{"@id":"https:\/\/expressometro.mx\/#\/schema\/logo\/image\/"}},{"@type":"Person","@id":"https:\/\/expressometro.mx\/#\/schema\/person\/efa971b4a0664db8ed5c22b1b0dd2f5d","name":"Expresso Metropolitano","image":{"@type":"ImageObject","inLanguage":"es","@id":"https:\/\/secure.gravatar.com\/avatar\/a89f802b8de18c6952f223c88d3d106e9e3679839f4e25a02f4a6cc2ae6ba3b3?s=96&d=mm&r=g","url":"https:\/\/secure.gravatar.com\/avatar\/a89f802b8de18c6952f223c88d3d106e9e3679839f4e25a02f4a6cc2ae6ba3b3?s=96&d=mm&r=g","contentUrl":"https:\/\/secure.gravatar.com\/avatar\/a89f802b8de18c6952f223c88d3d106e9e3679839f4e25a02f4a6cc2ae6ba3b3?s=96&d=mm&r=g","caption":"Expresso Metropolitano"},"url":"https:\/\/expressometro.mx\/index.php\/author\/diego\/"}]}},"amp_enabled":true,"_links":{"self":[{"href":"https:\/\/expressometro.mx\/index.php\/wp-json\/wp\/v2\/posts\/8190","targetHints":{"allow":["GET"]}}],"collection":[{"href":"https:\/\/expressometro.mx\/index.php\/wp-json\/wp\/v2\/posts"}],"about":[{"href":"https:\/\/expressometro.mx\/index.php\/wp-json\/wp\/v2\/types\/post"}],"author":[{"embeddable":true,"href":"https:\/\/expressometro.mx\/index.php\/wp-json\/wp\/v2\/users\/1"}],"replies":[{"embeddable":true,"href":"https:\/\/expressometro.mx\/index.php\/wp-json\/wp\/v2\/comments?post=8190"}],"version-history":[{"count":1,"href":"https:\/\/expressometro.mx\/index.php\/wp-json\/wp\/v2\/posts\/8190\/revisions"}],"predecessor-version":[{"id":8193,"href":"https:\/\/expressometro.mx\/index.php\/wp-json\/wp\/v2\/posts\/8190\/revisions\/8193"}],"wp:featuredmedia":[{"embeddable":true,"href":"https:\/\/expressometro.mx\/index.php\/wp-json\/wp\/v2\/media\/8192"}],"wp:attachment":[{"href":"https:\/\/expressometro.mx\/index.php\/wp-json\/wp\/v2\/media?parent=8190"}],"wp:term":[{"taxonomy":"category","embeddable":true,"href":"https:\/\/expressometro.mx\/index.php\/wp-json\/wp\/v2\/categories?post=8190"},{"taxonomy":"post_tag","embeddable":true,"href":"https:\/\/expressometro.mx\/index.php\/wp-json\/wp\/v2\/tags?post=8190"}],"curies":[{"name":"wp","href":"https:\/\/api.w.org\/{rel}","templated":true}]}}