{"id":8185,"date":"2023-11-02T10:52:19","date_gmt":"2023-11-02T16:52:19","guid":{"rendered":"https:\/\/expressometro.mx\/?p=8185"},"modified":"2023-11-06T10:56:18","modified_gmt":"2023-11-06T16:56:18","slug":"gustavo-cardenas-presente-en-el-festival-xocotlhuetzi-con-encanto-2023-en-jocotitlan","status":"publish","type":"post","link":"https:\/\/expressometro.mx\/index.php\/2023\/11\/02\/gustavo-cardenas-presente-en-el-festival-xocotlhuetzi-con-encanto-2023-en-jocotitlan\/","title":{"rendered":"GUSTAVO C\u00c1RDENAS PRESENTE EN EL FESTIVAL \u201cXOCOTLHUETZI CON ENCANTO 2023\u201d, EN JOCOTITL\u00c1N"},"content":{"rendered":"\n<p><\/p>\n\n\n\n<p>En el marco del Festival \u201cXocotlhuetzi con Encanto 2023\u201d, se inaugur\u00f3 el tapete monumental y el andador cultural de catrinas, entre vivos y muertos. Eventos que promueven las tradiciones ancestrales de M\u00e9xico, y que est\u00e1n respaldadas, esta vez, por el Diputado Federal y Vicecoordinador del GP del PRI, Gustavo C\u00e1rdenas Monroy, el Presidente Municipal de Jocotitl\u00e1n, Jes\u00fas Cedillo Gonz\u00e1lez y del Diputado Local Iv\u00e1n Esquer Cruz.<\/p>\n\n\n\n<p>Se instal\u00f3 una ofrenda monumental en las escaleras de la Presidencia Municipal, implementada con platillos t\u00edpicos de la regi\u00f3n, las coloridas calaveritas, flores, papel picado, bebidas tradicionales. Llena de los colores que predominan en esta \u00e9poca, este altar representa la identidad mexicana, que a\u00f1o tras a\u00f1o se esfuerza por mantener viva esta celebraci\u00f3n.<\/p>\n\n\n\n<p>En el andador cultural de catrinas, entre vivos y muertos, se pudo apreciar la representaci\u00f3n de los jocotitlenses de personajes hist\u00f3ricos y del medio art\u00edstico como: Pedro Infante, Roberto Legorreta, Agust\u00edn Lara, Antonio B. Zimbr\u00f3n, El Santo, Jorge Negrete, Mar\u00eda F\u00e9lix, Celia Cedillo, Luis R\u00edo Chimal, Pedro Laguna, Mario Moreno \u201cCantinflas\u201d, Chavela Vargas, Padre Vidal, Don Pepe, Las Lupitas, Narciso Miranda, Octavio Paz, David Alfaro Siqueiros, etc. Estos personajes destacados sirvieron de marco para poder tomarse la foto del recuerdo.<\/p>\n\n\n\n<p>Como parte de las actividades se elabor\u00f3 un tapete monumental, el cual es considerado el m\u00e1s grande de la regi\u00f3n. En la elaboraci\u00f3n de este tapete se cont\u00f3 con la colaboraci\u00f3n de servidores p\u00fablicos del municipio, as\u00ed como del p\u00fablico en general. Con el tapete, el altar monumental y el andador cultural de catrinas, los jocotitlenses est\u00e1n listos para recibir a sus fieles difuntos que siempre ser\u00e1n recordados con amor y respeto.<\/p>\n","protected":false},"excerpt":{"rendered":"<p>En el marco del Festival \u201cXocotlhuetzi con Encanto 2023\u201d, se inaugur\u00f3 el tapete monumental y el andador cultural de catrinas, entre vivos y muertos. Eventos que promueven las tradiciones ancestrales de M\u00e9xico, y que est\u00e1n respaldadas, esta vez, por el Diputado Federal y Vicecoordinador del GP del PRI, Gustavo C\u00e1rdenas Monroy, el Presidente Municipal de Jocotitl\u00e1n, Jes\u00fas Cedillo Gonz\u00e1lez y del Diputado Local Iv\u00e1n Esquer Cruz.<\/p>\n","protected":false},"author":1,"featured_media":8187,"comment_status":"open","ping_status":"open","sticky":false,"template":"","format":"standard","meta":{"footnotes":""},"categories":[11,3,1,231],"tags":[1982,86,891,324,158],"class_list":["post-8185","post","type-post","status-publish","format-standard","has-post-thumbnail","hentry","category-cultura","category-gobierno","category-otros","category-politica","tag-edomex","tag-gem","tag-gustavo-cardenas-2","tag-jocotitlan","tag-pri"],"yoast_head":"<!-- This site is optimized with the Yoast SEO plugin v27.4 - https:\/\/yoast.com\/product\/yoast-seo-wordpress\/ -->\n<title>GUSTAVO C\u00c1RDENAS PRESENTE EN EL FESTIVAL \u201cXOCOTLHUETZI CON ENCANTO 2023\u201d, EN JOCOTITL\u00c1N - Expresso Metropolitano<\/title>\n<meta name=\"robots\" content=\"index, follow, max-snippet:-1, max-image-preview:large, max-video-preview:-1\" \/>\n<link rel=\"canonical\" href=\"https:\/\/expressometro.mx\/index.php\/2023\/11\/02\/gustavo-cardenas-presente-en-el-festival-xocotlhuetzi-con-encanto-2023-en-jocotitlan\/\" \/>\n<meta property=\"og:locale\" content=\"es_MX\" \/>\n<meta property=\"og:type\" content=\"article\" \/>\n<meta property=\"og:title\" content=\"GUSTAVO C\u00c1RDENAS PRESENTE EN EL FESTIVAL \u201cXOCOTLHUETZI CON ENCANTO 2023\u201d, EN JOCOTITL\u00c1N - Expresso Metropolitano\" \/>\n<meta property=\"og:description\" content=\"En el marco del Festival \u201cXocotlhuetzi con Encanto 2023\u201d, se inaugur\u00f3 el tapete monumental y el andador cultural de catrinas, entre vivos y muertos. Eventos que promueven las tradiciones ancestrales de M\u00e9xico, y que est\u00e1n respaldadas, esta vez, por el Diputado Federal y Vicecoordinador del GP del PRI, Gustavo C\u00e1rdenas Monroy, el Presidente Municipal de Jocotitl\u00e1n, Jes\u00fas Cedillo Gonz\u00e1lez y del Diputado Local Iv\u00e1n Esquer Cruz.\" \/>\n<meta property=\"og:url\" content=\"https:\/\/expressometro.mx\/index.php\/2023\/11\/02\/gustavo-cardenas-presente-en-el-festival-xocotlhuetzi-con-encanto-2023-en-jocotitlan\/\" \/>\n<meta property=\"og:site_name\" content=\"Expresso Metropolitano\" \/>\n<meta property=\"article:published_time\" content=\"2023-11-02T16:52:19+00:00\" \/>\n<meta property=\"article:modified_time\" content=\"2023-11-06T16:56:18+00:00\" \/>\n<meta property=\"og:image\" content=\"http:\/\/expressometro.mx\/wp-content\/uploads\/2023\/11\/Gustavo-Cardenas-Festival-Xocotlhuetzi-2023.jpg\" \/>\n\t<meta property=\"og:image:width\" content=\"2048\" \/>\n\t<meta property=\"og:image:height\" content=\"957\" \/>\n\t<meta property=\"og:image:type\" content=\"image\/jpeg\" \/>\n<meta name=\"author\" content=\"Expresso Metropolitano\" \/>\n<meta name=\"twitter:label1\" content=\"Escrito por\" \/>\n\t<meta name=\"twitter:data1\" content=\"Expresso Metropolitano\" \/>\n\t<meta name=\"twitter:label2\" content=\"Tiempo de lectura\" \/>\n\t<meta name=\"twitter:data2\" content=\"2 minutos\" \/>\n<script type=\"application\/ld+json\" class=\"yoast-schema-graph\">{\"@context\":\"https:\\\/\\\/schema.org\",\"@graph\":[{\"@type\":\"Article\",\"@id\":\"https:\\\/\\\/expressometro.mx\\\/index.php\\\/2023\\\/11\\\/02\\\/gustavo-cardenas-presente-en-el-festival-xocotlhuetzi-con-encanto-2023-en-jocotitlan\\\/#article\",\"isPartOf\":{\"@id\":\"https:\\\/\\\/expressometro.mx\\\/index.php\\\/2023\\\/11\\\/02\\\/gustavo-cardenas-presente-en-el-festival-xocotlhuetzi-con-encanto-2023-en-jocotitlan\\\/\"},\"author\":{\"name\":\"Expresso Metropolitano\",\"@id\":\"https:\\\/\\\/expressometro.mx\\\/#\\\/schema\\\/person\\\/efa971b4a0664db8ed5c22b1b0dd2f5d\"},\"headline\":\"GUSTAVO C\u00c1RDENAS PRESENTE EN EL FESTIVAL \u201cXOCOTLHUETZI CON ENCANTO 2023\u201d, EN JOCOTITL\u00c1N\",\"datePublished\":\"2023-11-02T16:52:19+00:00\",\"dateModified\":\"2023-11-06T16:56:18+00:00\",\"mainEntityOfPage\":{\"@id\":\"https:\\\/\\\/expressometro.mx\\\/index.php\\\/2023\\\/11\\\/02\\\/gustavo-cardenas-presente-en-el-festival-xocotlhuetzi-con-encanto-2023-en-jocotitlan\\\/\"},\"wordCount\":311,\"commentCount\":0,\"publisher\":{\"@id\":\"https:\\\/\\\/expressometro.mx\\\/#organization\"},\"image\":{\"@id\":\"https:\\\/\\\/expressometro.mx\\\/index.php\\\/2023\\\/11\\\/02\\\/gustavo-cardenas-presente-en-el-festival-xocotlhuetzi-con-encanto-2023-en-jocotitlan\\\/#primaryimage\"},\"thumbnailUrl\":\"https:\\\/\\\/expressometro.mx\\\/wp-content\\\/uploads\\\/2023\\\/11\\\/Gustavo-Cardenas-Festival-Xocotlhuetzi-2023.jpg\",\"keywords\":[\"Edomex\",\"GEM\",\"Gustavo C\u00e1rdenas\",\"Jocotitl\u00e1n\",\"PRI\"],\"articleSection\":[\"Cultura\",\"Gobierno\",\"Otros\",\"Pol\u00edtica\"],\"inLanguage\":\"es\",\"potentialAction\":[{\"@type\":\"CommentAction\",\"name\":\"Comment\",\"target\":[\"https:\\\/\\\/expressometro.mx\\\/index.php\\\/2023\\\/11\\\/02\\\/gustavo-cardenas-presente-en-el-festival-xocotlhuetzi-con-encanto-2023-en-jocotitlan\\\/#respond\"]}]},{\"@type\":\"WebPage\",\"@id\":\"https:\\\/\\\/expressometro.mx\\\/index.php\\\/2023\\\/11\\\/02\\\/gustavo-cardenas-presente-en-el-festival-xocotlhuetzi-con-encanto-2023-en-jocotitlan\\\/\",\"url\":\"https:\\\/\\\/expressometro.mx\\\/index.php\\\/2023\\\/11\\\/02\\\/gustavo-cardenas-presente-en-el-festival-xocotlhuetzi-con-encanto-2023-en-jocotitlan\\\/\",\"name\":\"GUSTAVO C\u00c1RDENAS PRESENTE EN EL FESTIVAL \u201cXOCOTLHUETZI CON ENCANTO 2023\u201d, EN JOCOTITL\u00c1N - Expresso Metropolitano\",\"isPartOf\":{\"@id\":\"https:\\\/\\\/expressometro.mx\\\/#website\"},\"primaryImageOfPage\":{\"@id\":\"https:\\\/\\\/expressometro.mx\\\/index.php\\\/2023\\\/11\\\/02\\\/gustavo-cardenas-presente-en-el-festival-xocotlhuetzi-con-encanto-2023-en-jocotitlan\\\/#primaryimage\"},\"image\":{\"@id\":\"https:\\\/\\\/expressometro.mx\\\/index.php\\\/2023\\\/11\\\/02\\\/gustavo-cardenas-presente-en-el-festival-xocotlhuetzi-con-encanto-2023-en-jocotitlan\\\/#primaryimage\"},\"thumbnailUrl\":\"https:\\\/\\\/expressometro.mx\\\/wp-content\\\/uploads\\\/2023\\\/11\\\/Gustavo-Cardenas-Festival-Xocotlhuetzi-2023.jpg\",\"datePublished\":\"2023-11-02T16:52:19+00:00\",\"dateModified\":\"2023-11-06T16:56:18+00:00\",\"breadcrumb\":{\"@id\":\"https:\\\/\\\/expressometro.mx\\\/index.php\\\/2023\\\/11\\\/02\\\/gustavo-cardenas-presente-en-el-festival-xocotlhuetzi-con-encanto-2023-en-jocotitlan\\\/#breadcrumb\"},\"inLanguage\":\"es\",\"potentialAction\":[{\"@type\":\"ReadAction\",\"target\":[\"https:\\\/\\\/expressometro.mx\\\/index.php\\\/2023\\\/11\\\/02\\\/gustavo-cardenas-presente-en-el-festival-xocotlhuetzi-con-encanto-2023-en-jocotitlan\\\/\"]}]},{\"@type\":\"ImageObject\",\"inLanguage\":\"es\",\"@id\":\"https:\\\/\\\/expressometro.mx\\\/index.php\\\/2023\\\/11\\\/02\\\/gustavo-cardenas-presente-en-el-festival-xocotlhuetzi-con-encanto-2023-en-jocotitlan\\\/#primaryimage\",\"url\":\"https:\\\/\\\/expressometro.mx\\\/wp-content\\\/uploads\\\/2023\\\/11\\\/Gustavo-Cardenas-Festival-Xocotlhuetzi-2023.jpg\",\"contentUrl\":\"https:\\\/\\\/expressometro.mx\\\/wp-content\\\/uploads\\\/2023\\\/11\\\/Gustavo-Cardenas-Festival-Xocotlhuetzi-2023.jpg\",\"width\":2048,\"height\":957},{\"@type\":\"BreadcrumbList\",\"@id\":\"https:\\\/\\\/expressometro.mx\\\/index.php\\\/2023\\\/11\\\/02\\\/gustavo-cardenas-presente-en-el-festival-xocotlhuetzi-con-encanto-2023-en-jocotitlan\\\/#breadcrumb\",\"itemListElement\":[{\"@type\":\"ListItem\",\"position\":1,\"name\":\"Inicio\",\"item\":\"https:\\\/\\\/expressometro.mx\\\/\"},{\"@type\":\"ListItem\",\"position\":2,\"name\":\"GUSTAVO C\u00c1RDENAS PRESENTE EN EL FESTIVAL \u201cXOCOTLHUETZI CON ENCANTO 2023\u201d, EN JOCOTITL\u00c1N\"}]},{\"@type\":\"WebSite\",\"@id\":\"https:\\\/\\\/expressometro.mx\\\/#website\",\"url\":\"https:\\\/\\\/expressometro.mx\\\/\",\"name\":\"Expresso Metropolitano\",\"description\":\"Periodismo comprometido, informaci\u00f3n, investigaci\u00f3n y an\u00e1lisis\",\"publisher\":{\"@id\":\"https:\\\/\\\/expressometro.mx\\\/#organization\"},\"potentialAction\":[{\"@type\":\"SearchAction\",\"target\":{\"@type\":\"EntryPoint\",\"urlTemplate\":\"https:\\\/\\\/expressometro.mx\\\/?s={search_term_string}\"},\"query-input\":{\"@type\":\"PropertyValueSpecification\",\"valueRequired\":true,\"valueName\":\"search_term_string\"}}],\"inLanguage\":\"es\"},{\"@type\":\"Organization\",\"@id\":\"https:\\\/\\\/expressometro.mx\\\/#organization\",\"name\":\"Expresso Metropolitano\",\"url\":\"https:\\\/\\\/expressometro.mx\\\/\",\"logo\":{\"@type\":\"ImageObject\",\"inLanguage\":\"es\",\"@id\":\"https:\\\/\\\/expressometro.mx\\\/#\\\/schema\\\/logo\\\/image\\\/\",\"url\":\"https:\\\/\\\/expressometro.mx\\\/wp-content\\\/uploads\\\/2019\\\/07\\\/cropped-Logo-Expresso-Metropolitano-1-1.jpeg\",\"contentUrl\":\"https:\\\/\\\/expressometro.mx\\\/wp-content\\\/uploads\\\/2019\\\/07\\\/cropped-Logo-Expresso-Metropolitano-1-1.jpeg\",\"width\":290,\"height\":73,\"caption\":\"Expresso Metropolitano\"},\"image\":{\"@id\":\"https:\\\/\\\/expressometro.mx\\\/#\\\/schema\\\/logo\\\/image\\\/\"}},{\"@type\":\"Person\",\"@id\":\"https:\\\/\\\/expressometro.mx\\\/#\\\/schema\\\/person\\\/efa971b4a0664db8ed5c22b1b0dd2f5d\",\"name\":\"Expresso Metropolitano\",\"image\":{\"@type\":\"ImageObject\",\"inLanguage\":\"es\",\"@id\":\"https:\\\/\\\/secure.gravatar.com\\\/avatar\\\/a89f802b8de18c6952f223c88d3d106e9e3679839f4e25a02f4a6cc2ae6ba3b3?s=96&d=mm&r=g\",\"url\":\"https:\\\/\\\/secure.gravatar.com\\\/avatar\\\/a89f802b8de18c6952f223c88d3d106e9e3679839f4e25a02f4a6cc2ae6ba3b3?s=96&d=mm&r=g\",\"contentUrl\":\"https:\\\/\\\/secure.gravatar.com\\\/avatar\\\/a89f802b8de18c6952f223c88d3d106e9e3679839f4e25a02f4a6cc2ae6ba3b3?s=96&d=mm&r=g\",\"caption\":\"Expresso Metropolitano\"},\"url\":\"https:\\\/\\\/expressometro.mx\\\/index.php\\\/author\\\/diego\\\/\"}]}<\/script>\n<!-- \/ Yoast SEO plugin. -->","yoast_head_json":{"title":"GUSTAVO C\u00c1RDENAS PRESENTE EN EL FESTIVAL \u201cXOCOTLHUETZI CON ENCANTO 2023\u201d, EN JOCOTITL\u00c1N - Expresso Metropolitano","robots":{"index":"index","follow":"follow","max-snippet":"max-snippet:-1","max-image-preview":"max-image-preview:large","max-video-preview":"max-video-preview:-1"},"canonical":"https:\/\/expressometro.mx\/index.php\/2023\/11\/02\/gustavo-cardenas-presente-en-el-festival-xocotlhuetzi-con-encanto-2023-en-jocotitlan\/","og_locale":"es_MX","og_type":"article","og_title":"GUSTAVO C\u00c1RDENAS PRESENTE EN EL FESTIVAL \u201cXOCOTLHUETZI CON ENCANTO 2023\u201d, EN JOCOTITL\u00c1N - Expresso Metropolitano","og_description":"En el marco del Festival \u201cXocotlhuetzi con Encanto 2023\u201d, se inaugur\u00f3 el tapete monumental y el andador cultural de catrinas, entre vivos y muertos. Eventos que promueven las tradiciones ancestrales de M\u00e9xico, y que est\u00e1n respaldadas, esta vez, por el Diputado Federal y Vicecoordinador del GP del PRI, Gustavo C\u00e1rdenas Monroy, el Presidente Municipal de Jocotitl\u00e1n, Jes\u00fas Cedillo Gonz\u00e1lez y del Diputado Local Iv\u00e1n Esquer Cruz.","og_url":"https:\/\/expressometro.mx\/index.php\/2023\/11\/02\/gustavo-cardenas-presente-en-el-festival-xocotlhuetzi-con-encanto-2023-en-jocotitlan\/","og_site_name":"Expresso Metropolitano","article_published_time":"2023-11-02T16:52:19+00:00","article_modified_time":"2023-11-06T16:56:18+00:00","og_image":[{"width":2048,"height":957,"url":"http:\/\/expressometro.mx\/wp-content\/uploads\/2023\/11\/Gustavo-Cardenas-Festival-Xocotlhuetzi-2023.jpg","type":"image\/jpeg"}],"author":"Expresso Metropolitano","twitter_misc":{"Escrito por":"Expresso Metropolitano","Tiempo de lectura":"2 minutos"},"schema":{"@context":"https:\/\/schema.org","@graph":[{"@type":"Article","@id":"https:\/\/expressometro.mx\/index.php\/2023\/11\/02\/gustavo-cardenas-presente-en-el-festival-xocotlhuetzi-con-encanto-2023-en-jocotitlan\/#article","isPartOf":{"@id":"https:\/\/expressometro.mx\/index.php\/2023\/11\/02\/gustavo-cardenas-presente-en-el-festival-xocotlhuetzi-con-encanto-2023-en-jocotitlan\/"},"author":{"name":"Expresso Metropolitano","@id":"https:\/\/expressometro.mx\/#\/schema\/person\/efa971b4a0664db8ed5c22b1b0dd2f5d"},"headline":"GUSTAVO C\u00c1RDENAS PRESENTE EN EL FESTIVAL \u201cXOCOTLHUETZI CON ENCANTO 2023\u201d, EN JOCOTITL\u00c1N","datePublished":"2023-11-02T16:52:19+00:00","dateModified":"2023-11-06T16:56:18+00:00","mainEntityOfPage":{"@id":"https:\/\/expressometro.mx\/index.php\/2023\/11\/02\/gustavo-cardenas-presente-en-el-festival-xocotlhuetzi-con-encanto-2023-en-jocotitlan\/"},"wordCount":311,"commentCount":0,"publisher":{"@id":"https:\/\/expressometro.mx\/#organization"},"image":{"@id":"https:\/\/expressometro.mx\/index.php\/2023\/11\/02\/gustavo-cardenas-presente-en-el-festival-xocotlhuetzi-con-encanto-2023-en-jocotitlan\/#primaryimage"},"thumbnailUrl":"https:\/\/expressometro.mx\/wp-content\/uploads\/2023\/11\/Gustavo-Cardenas-Festival-Xocotlhuetzi-2023.jpg","keywords":["Edomex","GEM","Gustavo C\u00e1rdenas","Jocotitl\u00e1n","PRI"],"articleSection":["Cultura","Gobierno","Otros","Pol\u00edtica"],"inLanguage":"es","potentialAction":[{"@type":"CommentAction","name":"Comment","target":["https:\/\/expressometro.mx\/index.php\/2023\/11\/02\/gustavo-cardenas-presente-en-el-festival-xocotlhuetzi-con-encanto-2023-en-jocotitlan\/#respond"]}]},{"@type":"WebPage","@id":"https:\/\/expressometro.mx\/index.php\/2023\/11\/02\/gustavo-cardenas-presente-en-el-festival-xocotlhuetzi-con-encanto-2023-en-jocotitlan\/","url":"https:\/\/expressometro.mx\/index.php\/2023\/11\/02\/gustavo-cardenas-presente-en-el-festival-xocotlhuetzi-con-encanto-2023-en-jocotitlan\/","name":"GUSTAVO C\u00c1RDENAS PRESENTE EN EL FESTIVAL \u201cXOCOTLHUETZI CON ENCANTO 2023\u201d, EN JOCOTITL\u00c1N - Expresso Metropolitano","isPartOf":{"@id":"https:\/\/expressometro.mx\/#website"},"primaryImageOfPage":{"@id":"https:\/\/expressometro.mx\/index.php\/2023\/11\/02\/gustavo-cardenas-presente-en-el-festival-xocotlhuetzi-con-encanto-2023-en-jocotitlan\/#primaryimage"},"image":{"@id":"https:\/\/expressometro.mx\/index.php\/2023\/11\/02\/gustavo-cardenas-presente-en-el-festival-xocotlhuetzi-con-encanto-2023-en-jocotitlan\/#primaryimage"},"thumbnailUrl":"https:\/\/expressometro.mx\/wp-content\/uploads\/2023\/11\/Gustavo-Cardenas-Festival-Xocotlhuetzi-2023.jpg","datePublished":"2023-11-02T16:52:19+00:00","dateModified":"2023-11-06T16:56:18+00:00","breadcrumb":{"@id":"https:\/\/expressometro.mx\/index.php\/2023\/11\/02\/gustavo-cardenas-presente-en-el-festival-xocotlhuetzi-con-encanto-2023-en-jocotitlan\/#breadcrumb"},"inLanguage":"es","potentialAction":[{"@type":"ReadAction","target":["https:\/\/expressometro.mx\/index.php\/2023\/11\/02\/gustavo-cardenas-presente-en-el-festival-xocotlhuetzi-con-encanto-2023-en-jocotitlan\/"]}]},{"@type":"ImageObject","inLanguage":"es","@id":"https:\/\/expressometro.mx\/index.php\/2023\/11\/02\/gustavo-cardenas-presente-en-el-festival-xocotlhuetzi-con-encanto-2023-en-jocotitlan\/#primaryimage","url":"https:\/\/expressometro.mx\/wp-content\/uploads\/2023\/11\/Gustavo-Cardenas-Festival-Xocotlhuetzi-2023.jpg","contentUrl":"https:\/\/expressometro.mx\/wp-content\/uploads\/2023\/11\/Gustavo-Cardenas-Festival-Xocotlhuetzi-2023.jpg","width":2048,"height":957},{"@type":"BreadcrumbList","@id":"https:\/\/expressometro.mx\/index.php\/2023\/11\/02\/gustavo-cardenas-presente-en-el-festival-xocotlhuetzi-con-encanto-2023-en-jocotitlan\/#breadcrumb","itemListElement":[{"@type":"ListItem","position":1,"name":"Inicio","item":"https:\/\/expressometro.mx\/"},{"@type":"ListItem","position":2,"name":"GUSTAVO C\u00c1RDENAS PRESENTE EN EL FESTIVAL \u201cXOCOTLHUETZI CON ENCANTO 2023\u201d, EN JOCOTITL\u00c1N"}]},{"@type":"WebSite","@id":"https:\/\/expressometro.mx\/#website","url":"https:\/\/expressometro.mx\/","name":"Expresso Metropolitano","description":"Periodismo comprometido, informaci\u00f3n, investigaci\u00f3n y an\u00e1lisis","publisher":{"@id":"https:\/\/expressometro.mx\/#organization"},"potentialAction":[{"@type":"SearchAction","target":{"@type":"EntryPoint","urlTemplate":"https:\/\/expressometro.mx\/?s={search_term_string}"},"query-input":{"@type":"PropertyValueSpecification","valueRequired":true,"valueName":"search_term_string"}}],"inLanguage":"es"},{"@type":"Organization","@id":"https:\/\/expressometro.mx\/#organization","name":"Expresso Metropolitano","url":"https:\/\/expressometro.mx\/","logo":{"@type":"ImageObject","inLanguage":"es","@id":"https:\/\/expressometro.mx\/#\/schema\/logo\/image\/","url":"https:\/\/expressometro.mx\/wp-content\/uploads\/2019\/07\/cropped-Logo-Expresso-Metropolitano-1-1.jpeg","contentUrl":"https:\/\/expressometro.mx\/wp-content\/uploads\/2019\/07\/cropped-Logo-Expresso-Metropolitano-1-1.jpeg","width":290,"height":73,"caption":"Expresso Metropolitano"},"image":{"@id":"https:\/\/expressometro.mx\/#\/schema\/logo\/image\/"}},{"@type":"Person","@id":"https:\/\/expressometro.mx\/#\/schema\/person\/efa971b4a0664db8ed5c22b1b0dd2f5d","name":"Expresso Metropolitano","image":{"@type":"ImageObject","inLanguage":"es","@id":"https:\/\/secure.gravatar.com\/avatar\/a89f802b8de18c6952f223c88d3d106e9e3679839f4e25a02f4a6cc2ae6ba3b3?s=96&d=mm&r=g","url":"https:\/\/secure.gravatar.com\/avatar\/a89f802b8de18c6952f223c88d3d106e9e3679839f4e25a02f4a6cc2ae6ba3b3?s=96&d=mm&r=g","contentUrl":"https:\/\/secure.gravatar.com\/avatar\/a89f802b8de18c6952f223c88d3d106e9e3679839f4e25a02f4a6cc2ae6ba3b3?s=96&d=mm&r=g","caption":"Expresso Metropolitano"},"url":"https:\/\/expressometro.mx\/index.php\/author\/diego\/"}]}},"amp_enabled":true,"_links":{"self":[{"href":"https:\/\/expressometro.mx\/index.php\/wp-json\/wp\/v2\/posts\/8185","targetHints":{"allow":["GET"]}}],"collection":[{"href":"https:\/\/expressometro.mx\/index.php\/wp-json\/wp\/v2\/posts"}],"about":[{"href":"https:\/\/expressometro.mx\/index.php\/wp-json\/wp\/v2\/types\/post"}],"author":[{"embeddable":true,"href":"https:\/\/expressometro.mx\/index.php\/wp-json\/wp\/v2\/users\/1"}],"replies":[{"embeddable":true,"href":"https:\/\/expressometro.mx\/index.php\/wp-json\/wp\/v2\/comments?post=8185"}],"version-history":[{"count":1,"href":"https:\/\/expressometro.mx\/index.php\/wp-json\/wp\/v2\/posts\/8185\/revisions"}],"predecessor-version":[{"id":8188,"href":"https:\/\/expressometro.mx\/index.php\/wp-json\/wp\/v2\/posts\/8185\/revisions\/8188"}],"wp:featuredmedia":[{"embeddable":true,"href":"https:\/\/expressometro.mx\/index.php\/wp-json\/wp\/v2\/media\/8187"}],"wp:attachment":[{"href":"https:\/\/expressometro.mx\/index.php\/wp-json\/wp\/v2\/media?parent=8185"}],"wp:term":[{"taxonomy":"category","embeddable":true,"href":"https:\/\/expressometro.mx\/index.php\/wp-json\/wp\/v2\/categories?post=8185"},{"taxonomy":"post_tag","embeddable":true,"href":"https:\/\/expressometro.mx\/index.php\/wp-json\/wp\/v2\/tags?post=8185"}],"curies":[{"name":"wp","href":"https:\/\/api.w.org\/{rel}","templated":true}]}}