{"id":818,"date":"2019-10-03T15:42:14","date_gmt":"2019-10-03T20:42:14","guid":{"rendered":"http:\/\/expressometro.mx\/?p=818"},"modified":"2019-10-04T15:43:31","modified_gmt":"2019-10-04T20:43:31","slug":"renuevan-modulos-sanitarios-y-entregan-arco-techo-en-escuelas-de-tultitlan","status":"publish","type":"post","link":"https:\/\/expressometro.mx\/index.php\/2019\/10\/03\/renuevan-modulos-sanitarios-y-entregan-arco-techo-en-escuelas-de-tultitlan\/","title":{"rendered":"Renuevan m\u00f3dulos sanitarios y entregan arco techo en escuelas de Tultitl\u00e1n"},"content":{"rendered":"\n<p>\n\nComo una muestra m\u00e1s del compromiso que el gobierno encabezado por la alcaldesa Elena Garc\u00eda Mart\u00ednez en tener escuelas dignas en el municipio, se hizo entrega de m\u00f3dulos sanitarios en la escuela primaria \u201cEva S\u00e1mano de L\u00f3pez Mateos\u201d ubicada en el fraccionamiento Ciudad Labor y se inaugur\u00f3 el arco techo en la escuela secundaria t\u00e9cnica 212 \u201cLuis Enrique Erro Soler\u201d en la colonia Solidaridad Segunda Secci\u00f3n.<br>Elena Garc\u00eda Mart\u00ednez, presidenta municipal se\u00f1al\u00f3 que \u201ccada d\u00eda se busca mejorar no solo las escuelas, sino la imagen urbana, seguridad, deporte y temas de primera necesidad, es por ello que se realizar\u00e1n m\u00e1s obras en educaci\u00f3n porque entendemos la problem\u00e1tica que se vive en el pa\u00eds y en este gran municipio por eso apoyaremos la formaci\u00f3n de la ni\u00f1ez y juventud porque en algunos a\u00f1os ser\u00e1n quienes est\u00e9n al frente de nuestro municipio\u201d.<br>Coment\u00f3 tambi\u00e9n que las obras se realizaron una vez que directivos y asociaci\u00f3n de padres de familia le externaron a la edil la necesidad de contar con sanitarios dignos y arco techo para los alumnos, ya que, en el caso de los m\u00f3dulos sanitarios, dicha obra qued\u00f3 inconclusa por la administraci\u00f3n pasada y con recurso propio, la actual administraci\u00f3n culmin\u00f3 esta obra tan necesaria para la comunidad estudiantil.<br>La inversi\u00f3n total de ambas obras es aproximada a 1 mill\u00f3n 500 mil pesos y beneficiar\u00e1 directamente a m\u00e1s de 800 alumnos de la zona sur del municipio.<br>En el caso de la escuela \u201cEva S\u00e1mano de L\u00f3pez Mateos\u201d la obra consta de sanitarios masculinos, femeninos, mingitorios, lavabos para beneficio de los alumnos y en la escuela \u201cLuis Enrique Erro\u201d consisti\u00f3 en la construcci\u00f3n del arco techo con alto est\u00e1ndar de calidad, as\u00ed como luminarias para el mismo.<br>A modo de conclusi\u00f3n, alumnos y docentes de las escuelas beneficiadas agradecieron a la mandataria local y al cabildo municipal por las obras que fueron concluidas y sobre todo por ser una administraci\u00f3n que cumple a los tultitlenses.\n\n<\/p>\n","protected":false},"excerpt":{"rendered":"<p>Como una muestra m\u00e1s del compromiso que el gobierno encabezado por la alcaldesa Elena Garc\u00eda Mart\u00ednez en tener escuelas dignas en el municipio, se hizo entrega de m\u00f3dulos sanitarios en la escuela primaria \u201cEva S\u00e1mano de L\u00f3pez Mateos\u201d ubicada en el fraccionamiento Ciudad Labor y se inaugur\u00f3 el arco techo en la escuela secundaria t\u00e9cnica 212 \u201cLuis Enrique Erro Soler\u201d en la colonia Solidaridad Segunda Secci\u00f3n.Elena Garc\u00eda Mart\u00ednez, presidenta municipal se\u00f1al\u00f3 que \u201ccada d\u00eda se busca mejorar no solo las escuelas, sino la imagen urbana, seguridad, deporte y temas de&hellip;<\/p>\n","protected":false},"author":1,"featured_media":819,"comment_status":"open","ping_status":"open","sticky":false,"template":"","format":"standard","meta":{"footnotes":""},"categories":[3],"tags":[],"class_list":["post-818","post","type-post","status-publish","format-standard","has-post-thumbnail","hentry","category-gobierno"],"yoast_head":"<!-- This site is optimized with the Yoast SEO plugin v27.4 - https:\/\/yoast.com\/product\/yoast-seo-wordpress\/ -->\n<title>Renuevan m\u00f3dulos sanitarios y entregan arco techo en escuelas de Tultitl\u00e1n - Expresso Metropolitano<\/title>\n<meta name=\"robots\" content=\"index, follow, max-snippet:-1, max-image-preview:large, max-video-preview:-1\" \/>\n<link rel=\"canonical\" href=\"https:\/\/expressometro.mx\/index.php\/2019\/10\/03\/renuevan-modulos-sanitarios-y-entregan-arco-techo-en-escuelas-de-tultitlan\/\" \/>\n<meta property=\"og:locale\" content=\"es_MX\" \/>\n<meta property=\"og:type\" content=\"article\" \/>\n<meta property=\"og:title\" content=\"Renuevan m\u00f3dulos sanitarios y entregan arco techo en escuelas de Tultitl\u00e1n - Expresso Metropolitano\" \/>\n<meta property=\"og:description\" content=\"Como una muestra m\u00e1s del compromiso que el gobierno encabezado por la alcaldesa Elena Garc\u00eda Mart\u00ednez en tener escuelas dignas en el municipio, se hizo entrega de m\u00f3dulos sanitarios en la escuela primaria \u201cEva S\u00e1mano de L\u00f3pez Mateos\u201d ubicada en el fraccionamiento Ciudad Labor y se inaugur\u00f3 el arco techo en la escuela secundaria t\u00e9cnica 212 \u201cLuis Enrique Erro Soler\u201d en la colonia Solidaridad Segunda Secci\u00f3n.Elena Garc\u00eda Mart\u00ednez, presidenta municipal se\u00f1al\u00f3 que \u201ccada d\u00eda se busca mejorar no solo las escuelas, sino la imagen urbana, seguridad, deporte y temas de&hellip;\" \/>\n<meta property=\"og:url\" content=\"https:\/\/expressometro.mx\/index.php\/2019\/10\/03\/renuevan-modulos-sanitarios-y-entregan-arco-techo-en-escuelas-de-tultitlan\/\" \/>\n<meta property=\"og:site_name\" content=\"Expresso Metropolitano\" \/>\n<meta property=\"article:published_time\" content=\"2019-10-03T20:42:14+00:00\" \/>\n<meta property=\"article:modified_time\" content=\"2019-10-04T20:43:31+00:00\" \/>\n<meta property=\"og:image\" content=\"https:\/\/expressometro.mx\/wp-content\/uploads\/2019\/10\/fe995899-bd6e-4699-9f4f-c97f221ec1b5.jpg\" \/>\n\t<meta property=\"og:image:width\" content=\"335\" \/>\n\t<meta property=\"og:image:height\" content=\"222\" \/>\n\t<meta property=\"og:image:type\" content=\"image\/jpeg\" \/>\n<meta name=\"author\" content=\"Expresso Metropolitano\" \/>\n<meta name=\"twitter:label1\" content=\"Escrito por\" \/>\n\t<meta name=\"twitter:data1\" content=\"Expresso Metropolitano\" \/>\n\t<meta name=\"twitter:label2\" content=\"Tiempo de lectura\" \/>\n\t<meta name=\"twitter:data2\" content=\"2 minutos\" \/>\n<script type=\"application\/ld+json\" class=\"yoast-schema-graph\">{\"@context\":\"https:\\\/\\\/schema.org\",\"@graph\":[{\"@type\":\"Article\",\"@id\":\"https:\\\/\\\/expressometro.mx\\\/index.php\\\/2019\\\/10\\\/03\\\/renuevan-modulos-sanitarios-y-entregan-arco-techo-en-escuelas-de-tultitlan\\\/#article\",\"isPartOf\":{\"@id\":\"https:\\\/\\\/expressometro.mx\\\/index.php\\\/2019\\\/10\\\/03\\\/renuevan-modulos-sanitarios-y-entregan-arco-techo-en-escuelas-de-tultitlan\\\/\"},\"author\":{\"name\":\"Expresso Metropolitano\",\"@id\":\"https:\\\/\\\/expressometro.mx\\\/#\\\/schema\\\/person\\\/efa971b4a0664db8ed5c22b1b0dd2f5d\"},\"headline\":\"Renuevan m\u00f3dulos sanitarios y entregan arco techo en escuelas de Tultitl\u00e1n\",\"datePublished\":\"2019-10-03T20:42:14+00:00\",\"dateModified\":\"2019-10-04T20:43:31+00:00\",\"mainEntityOfPage\":{\"@id\":\"https:\\\/\\\/expressometro.mx\\\/index.php\\\/2019\\\/10\\\/03\\\/renuevan-modulos-sanitarios-y-entregan-arco-techo-en-escuelas-de-tultitlan\\\/\"},\"wordCount\":369,\"commentCount\":0,\"publisher\":{\"@id\":\"https:\\\/\\\/expressometro.mx\\\/#organization\"},\"image\":{\"@id\":\"https:\\\/\\\/expressometro.mx\\\/index.php\\\/2019\\\/10\\\/03\\\/renuevan-modulos-sanitarios-y-entregan-arco-techo-en-escuelas-de-tultitlan\\\/#primaryimage\"},\"thumbnailUrl\":\"https:\\\/\\\/expressometro.mx\\\/wp-content\\\/uploads\\\/2019\\\/10\\\/fe995899-bd6e-4699-9f4f-c97f221ec1b5.jpg\",\"articleSection\":[\"Gobierno\"],\"inLanguage\":\"es\",\"potentialAction\":[{\"@type\":\"CommentAction\",\"name\":\"Comment\",\"target\":[\"https:\\\/\\\/expressometro.mx\\\/index.php\\\/2019\\\/10\\\/03\\\/renuevan-modulos-sanitarios-y-entregan-arco-techo-en-escuelas-de-tultitlan\\\/#respond\"]}]},{\"@type\":\"WebPage\",\"@id\":\"https:\\\/\\\/expressometro.mx\\\/index.php\\\/2019\\\/10\\\/03\\\/renuevan-modulos-sanitarios-y-entregan-arco-techo-en-escuelas-de-tultitlan\\\/\",\"url\":\"https:\\\/\\\/expressometro.mx\\\/index.php\\\/2019\\\/10\\\/03\\\/renuevan-modulos-sanitarios-y-entregan-arco-techo-en-escuelas-de-tultitlan\\\/\",\"name\":\"Renuevan m\u00f3dulos sanitarios y entregan arco techo en escuelas de Tultitl\u00e1n - Expresso Metropolitano\",\"isPartOf\":{\"@id\":\"https:\\\/\\\/expressometro.mx\\\/#website\"},\"primaryImageOfPage\":{\"@id\":\"https:\\\/\\\/expressometro.mx\\\/index.php\\\/2019\\\/10\\\/03\\\/renuevan-modulos-sanitarios-y-entregan-arco-techo-en-escuelas-de-tultitlan\\\/#primaryimage\"},\"image\":{\"@id\":\"https:\\\/\\\/expressometro.mx\\\/index.php\\\/2019\\\/10\\\/03\\\/renuevan-modulos-sanitarios-y-entregan-arco-techo-en-escuelas-de-tultitlan\\\/#primaryimage\"},\"thumbnailUrl\":\"https:\\\/\\\/expressometro.mx\\\/wp-content\\\/uploads\\\/2019\\\/10\\\/fe995899-bd6e-4699-9f4f-c97f221ec1b5.jpg\",\"datePublished\":\"2019-10-03T20:42:14+00:00\",\"dateModified\":\"2019-10-04T20:43:31+00:00\",\"breadcrumb\":{\"@id\":\"https:\\\/\\\/expressometro.mx\\\/index.php\\\/2019\\\/10\\\/03\\\/renuevan-modulos-sanitarios-y-entregan-arco-techo-en-escuelas-de-tultitlan\\\/#breadcrumb\"},\"inLanguage\":\"es\",\"potentialAction\":[{\"@type\":\"ReadAction\",\"target\":[\"https:\\\/\\\/expressometro.mx\\\/index.php\\\/2019\\\/10\\\/03\\\/renuevan-modulos-sanitarios-y-entregan-arco-techo-en-escuelas-de-tultitlan\\\/\"]}]},{\"@type\":\"ImageObject\",\"inLanguage\":\"es\",\"@id\":\"https:\\\/\\\/expressometro.mx\\\/index.php\\\/2019\\\/10\\\/03\\\/renuevan-modulos-sanitarios-y-entregan-arco-techo-en-escuelas-de-tultitlan\\\/#primaryimage\",\"url\":\"https:\\\/\\\/expressometro.mx\\\/wp-content\\\/uploads\\\/2019\\\/10\\\/fe995899-bd6e-4699-9f4f-c97f221ec1b5.jpg\",\"contentUrl\":\"https:\\\/\\\/expressometro.mx\\\/wp-content\\\/uploads\\\/2019\\\/10\\\/fe995899-bd6e-4699-9f4f-c97f221ec1b5.jpg\",\"width\":335,\"height\":222},{\"@type\":\"BreadcrumbList\",\"@id\":\"https:\\\/\\\/expressometro.mx\\\/index.php\\\/2019\\\/10\\\/03\\\/renuevan-modulos-sanitarios-y-entregan-arco-techo-en-escuelas-de-tultitlan\\\/#breadcrumb\",\"itemListElement\":[{\"@type\":\"ListItem\",\"position\":1,\"name\":\"Inicio\",\"item\":\"https:\\\/\\\/expressometro.mx\\\/\"},{\"@type\":\"ListItem\",\"position\":2,\"name\":\"Renuevan m\u00f3dulos sanitarios y entregan arco techo en escuelas de Tultitl\u00e1n\"}]},{\"@type\":\"WebSite\",\"@id\":\"https:\\\/\\\/expressometro.mx\\\/#website\",\"url\":\"https:\\\/\\\/expressometro.mx\\\/\",\"name\":\"Expresso Metropolitano\",\"description\":\"Periodismo comprometido, informaci\u00f3n, investigaci\u00f3n y an\u00e1lisis\",\"publisher\":{\"@id\":\"https:\\\/\\\/expressometro.mx\\\/#organization\"},\"potentialAction\":[{\"@type\":\"SearchAction\",\"target\":{\"@type\":\"EntryPoint\",\"urlTemplate\":\"https:\\\/\\\/expressometro.mx\\\/?s={search_term_string}\"},\"query-input\":{\"@type\":\"PropertyValueSpecification\",\"valueRequired\":true,\"valueName\":\"search_term_string\"}}],\"inLanguage\":\"es\"},{\"@type\":\"Organization\",\"@id\":\"https:\\\/\\\/expressometro.mx\\\/#organization\",\"name\":\"Expresso Metropolitano\",\"url\":\"https:\\\/\\\/expressometro.mx\\\/\",\"logo\":{\"@type\":\"ImageObject\",\"inLanguage\":\"es\",\"@id\":\"https:\\\/\\\/expressometro.mx\\\/#\\\/schema\\\/logo\\\/image\\\/\",\"url\":\"https:\\\/\\\/expressometro.mx\\\/wp-content\\\/uploads\\\/2019\\\/07\\\/cropped-Logo-Expresso-Metropolitano-1-1.jpeg\",\"contentUrl\":\"https:\\\/\\\/expressometro.mx\\\/wp-content\\\/uploads\\\/2019\\\/07\\\/cropped-Logo-Expresso-Metropolitano-1-1.jpeg\",\"width\":290,\"height\":73,\"caption\":\"Expresso Metropolitano\"},\"image\":{\"@id\":\"https:\\\/\\\/expressometro.mx\\\/#\\\/schema\\\/logo\\\/image\\\/\"}},{\"@type\":\"Person\",\"@id\":\"https:\\\/\\\/expressometro.mx\\\/#\\\/schema\\\/person\\\/efa971b4a0664db8ed5c22b1b0dd2f5d\",\"name\":\"Expresso Metropolitano\",\"image\":{\"@type\":\"ImageObject\",\"inLanguage\":\"es\",\"@id\":\"https:\\\/\\\/secure.gravatar.com\\\/avatar\\\/a89f802b8de18c6952f223c88d3d106e9e3679839f4e25a02f4a6cc2ae6ba3b3?s=96&d=mm&r=g\",\"url\":\"https:\\\/\\\/secure.gravatar.com\\\/avatar\\\/a89f802b8de18c6952f223c88d3d106e9e3679839f4e25a02f4a6cc2ae6ba3b3?s=96&d=mm&r=g\",\"contentUrl\":\"https:\\\/\\\/secure.gravatar.com\\\/avatar\\\/a89f802b8de18c6952f223c88d3d106e9e3679839f4e25a02f4a6cc2ae6ba3b3?s=96&d=mm&r=g\",\"caption\":\"Expresso Metropolitano\"},\"url\":\"https:\\\/\\\/expressometro.mx\\\/index.php\\\/author\\\/diego\\\/\"}]}<\/script>\n<!-- \/ Yoast SEO plugin. -->","yoast_head_json":{"title":"Renuevan m\u00f3dulos sanitarios y entregan arco techo en escuelas de Tultitl\u00e1n - Expresso Metropolitano","robots":{"index":"index","follow":"follow","max-snippet":"max-snippet:-1","max-image-preview":"max-image-preview:large","max-video-preview":"max-video-preview:-1"},"canonical":"https:\/\/expressometro.mx\/index.php\/2019\/10\/03\/renuevan-modulos-sanitarios-y-entregan-arco-techo-en-escuelas-de-tultitlan\/","og_locale":"es_MX","og_type":"article","og_title":"Renuevan m\u00f3dulos sanitarios y entregan arco techo en escuelas de Tultitl\u00e1n - Expresso Metropolitano","og_description":"Como una muestra m\u00e1s del compromiso que el gobierno encabezado por la alcaldesa Elena Garc\u00eda Mart\u00ednez en tener escuelas dignas en el municipio, se hizo entrega de m\u00f3dulos sanitarios en la escuela primaria \u201cEva S\u00e1mano de L\u00f3pez Mateos\u201d ubicada en el fraccionamiento Ciudad Labor y se inaugur\u00f3 el arco techo en la escuela secundaria t\u00e9cnica 212 \u201cLuis Enrique Erro Soler\u201d en la colonia Solidaridad Segunda Secci\u00f3n.Elena Garc\u00eda Mart\u00ednez, presidenta municipal se\u00f1al\u00f3 que \u201ccada d\u00eda se busca mejorar no solo las escuelas, sino la imagen urbana, seguridad, deporte y temas de&hellip;","og_url":"https:\/\/expressometro.mx\/index.php\/2019\/10\/03\/renuevan-modulos-sanitarios-y-entregan-arco-techo-en-escuelas-de-tultitlan\/","og_site_name":"Expresso Metropolitano","article_published_time":"2019-10-03T20:42:14+00:00","article_modified_time":"2019-10-04T20:43:31+00:00","og_image":[{"width":335,"height":222,"url":"https:\/\/expressometro.mx\/wp-content\/uploads\/2019\/10\/fe995899-bd6e-4699-9f4f-c97f221ec1b5.jpg","type":"image\/jpeg"}],"author":"Expresso Metropolitano","twitter_misc":{"Escrito por":"Expresso Metropolitano","Tiempo de lectura":"2 minutos"},"schema":{"@context":"https:\/\/schema.org","@graph":[{"@type":"Article","@id":"https:\/\/expressometro.mx\/index.php\/2019\/10\/03\/renuevan-modulos-sanitarios-y-entregan-arco-techo-en-escuelas-de-tultitlan\/#article","isPartOf":{"@id":"https:\/\/expressometro.mx\/index.php\/2019\/10\/03\/renuevan-modulos-sanitarios-y-entregan-arco-techo-en-escuelas-de-tultitlan\/"},"author":{"name":"Expresso Metropolitano","@id":"https:\/\/expressometro.mx\/#\/schema\/person\/efa971b4a0664db8ed5c22b1b0dd2f5d"},"headline":"Renuevan m\u00f3dulos sanitarios y entregan arco techo en escuelas de Tultitl\u00e1n","datePublished":"2019-10-03T20:42:14+00:00","dateModified":"2019-10-04T20:43:31+00:00","mainEntityOfPage":{"@id":"https:\/\/expressometro.mx\/index.php\/2019\/10\/03\/renuevan-modulos-sanitarios-y-entregan-arco-techo-en-escuelas-de-tultitlan\/"},"wordCount":369,"commentCount":0,"publisher":{"@id":"https:\/\/expressometro.mx\/#organization"},"image":{"@id":"https:\/\/expressometro.mx\/index.php\/2019\/10\/03\/renuevan-modulos-sanitarios-y-entregan-arco-techo-en-escuelas-de-tultitlan\/#primaryimage"},"thumbnailUrl":"https:\/\/expressometro.mx\/wp-content\/uploads\/2019\/10\/fe995899-bd6e-4699-9f4f-c97f221ec1b5.jpg","articleSection":["Gobierno"],"inLanguage":"es","potentialAction":[{"@type":"CommentAction","name":"Comment","target":["https:\/\/expressometro.mx\/index.php\/2019\/10\/03\/renuevan-modulos-sanitarios-y-entregan-arco-techo-en-escuelas-de-tultitlan\/#respond"]}]},{"@type":"WebPage","@id":"https:\/\/expressometro.mx\/index.php\/2019\/10\/03\/renuevan-modulos-sanitarios-y-entregan-arco-techo-en-escuelas-de-tultitlan\/","url":"https:\/\/expressometro.mx\/index.php\/2019\/10\/03\/renuevan-modulos-sanitarios-y-entregan-arco-techo-en-escuelas-de-tultitlan\/","name":"Renuevan m\u00f3dulos sanitarios y entregan arco techo en escuelas de Tultitl\u00e1n - Expresso Metropolitano","isPartOf":{"@id":"https:\/\/expressometro.mx\/#website"},"primaryImageOfPage":{"@id":"https:\/\/expressometro.mx\/index.php\/2019\/10\/03\/renuevan-modulos-sanitarios-y-entregan-arco-techo-en-escuelas-de-tultitlan\/#primaryimage"},"image":{"@id":"https:\/\/expressometro.mx\/index.php\/2019\/10\/03\/renuevan-modulos-sanitarios-y-entregan-arco-techo-en-escuelas-de-tultitlan\/#primaryimage"},"thumbnailUrl":"https:\/\/expressometro.mx\/wp-content\/uploads\/2019\/10\/fe995899-bd6e-4699-9f4f-c97f221ec1b5.jpg","datePublished":"2019-10-03T20:42:14+00:00","dateModified":"2019-10-04T20:43:31+00:00","breadcrumb":{"@id":"https:\/\/expressometro.mx\/index.php\/2019\/10\/03\/renuevan-modulos-sanitarios-y-entregan-arco-techo-en-escuelas-de-tultitlan\/#breadcrumb"},"inLanguage":"es","potentialAction":[{"@type":"ReadAction","target":["https:\/\/expressometro.mx\/index.php\/2019\/10\/03\/renuevan-modulos-sanitarios-y-entregan-arco-techo-en-escuelas-de-tultitlan\/"]}]},{"@type":"ImageObject","inLanguage":"es","@id":"https:\/\/expressometro.mx\/index.php\/2019\/10\/03\/renuevan-modulos-sanitarios-y-entregan-arco-techo-en-escuelas-de-tultitlan\/#primaryimage","url":"https:\/\/expressometro.mx\/wp-content\/uploads\/2019\/10\/fe995899-bd6e-4699-9f4f-c97f221ec1b5.jpg","contentUrl":"https:\/\/expressometro.mx\/wp-content\/uploads\/2019\/10\/fe995899-bd6e-4699-9f4f-c97f221ec1b5.jpg","width":335,"height":222},{"@type":"BreadcrumbList","@id":"https:\/\/expressometro.mx\/index.php\/2019\/10\/03\/renuevan-modulos-sanitarios-y-entregan-arco-techo-en-escuelas-de-tultitlan\/#breadcrumb","itemListElement":[{"@type":"ListItem","position":1,"name":"Inicio","item":"https:\/\/expressometro.mx\/"},{"@type":"ListItem","position":2,"name":"Renuevan m\u00f3dulos sanitarios y entregan arco techo en escuelas de Tultitl\u00e1n"}]},{"@type":"WebSite","@id":"https:\/\/expressometro.mx\/#website","url":"https:\/\/expressometro.mx\/","name":"Expresso Metropolitano","description":"Periodismo comprometido, informaci\u00f3n, investigaci\u00f3n y an\u00e1lisis","publisher":{"@id":"https:\/\/expressometro.mx\/#organization"},"potentialAction":[{"@type":"SearchAction","target":{"@type":"EntryPoint","urlTemplate":"https:\/\/expressometro.mx\/?s={search_term_string}"},"query-input":{"@type":"PropertyValueSpecification","valueRequired":true,"valueName":"search_term_string"}}],"inLanguage":"es"},{"@type":"Organization","@id":"https:\/\/expressometro.mx\/#organization","name":"Expresso Metropolitano","url":"https:\/\/expressometro.mx\/","logo":{"@type":"ImageObject","inLanguage":"es","@id":"https:\/\/expressometro.mx\/#\/schema\/logo\/image\/","url":"https:\/\/expressometro.mx\/wp-content\/uploads\/2019\/07\/cropped-Logo-Expresso-Metropolitano-1-1.jpeg","contentUrl":"https:\/\/expressometro.mx\/wp-content\/uploads\/2019\/07\/cropped-Logo-Expresso-Metropolitano-1-1.jpeg","width":290,"height":73,"caption":"Expresso Metropolitano"},"image":{"@id":"https:\/\/expressometro.mx\/#\/schema\/logo\/image\/"}},{"@type":"Person","@id":"https:\/\/expressometro.mx\/#\/schema\/person\/efa971b4a0664db8ed5c22b1b0dd2f5d","name":"Expresso Metropolitano","image":{"@type":"ImageObject","inLanguage":"es","@id":"https:\/\/secure.gravatar.com\/avatar\/a89f802b8de18c6952f223c88d3d106e9e3679839f4e25a02f4a6cc2ae6ba3b3?s=96&d=mm&r=g","url":"https:\/\/secure.gravatar.com\/avatar\/a89f802b8de18c6952f223c88d3d106e9e3679839f4e25a02f4a6cc2ae6ba3b3?s=96&d=mm&r=g","contentUrl":"https:\/\/secure.gravatar.com\/avatar\/a89f802b8de18c6952f223c88d3d106e9e3679839f4e25a02f4a6cc2ae6ba3b3?s=96&d=mm&r=g","caption":"Expresso Metropolitano"},"url":"https:\/\/expressometro.mx\/index.php\/author\/diego\/"}]}},"amp_enabled":true,"_links":{"self":[{"href":"https:\/\/expressometro.mx\/index.php\/wp-json\/wp\/v2\/posts\/818","targetHints":{"allow":["GET"]}}],"collection":[{"href":"https:\/\/expressometro.mx\/index.php\/wp-json\/wp\/v2\/posts"}],"about":[{"href":"https:\/\/expressometro.mx\/index.php\/wp-json\/wp\/v2\/types\/post"}],"author":[{"embeddable":true,"href":"https:\/\/expressometro.mx\/index.php\/wp-json\/wp\/v2\/users\/1"}],"replies":[{"embeddable":true,"href":"https:\/\/expressometro.mx\/index.php\/wp-json\/wp\/v2\/comments?post=818"}],"version-history":[{"count":1,"href":"https:\/\/expressometro.mx\/index.php\/wp-json\/wp\/v2\/posts\/818\/revisions"}],"predecessor-version":[{"id":820,"href":"https:\/\/expressometro.mx\/index.php\/wp-json\/wp\/v2\/posts\/818\/revisions\/820"}],"wp:featuredmedia":[{"embeddable":true,"href":"https:\/\/expressometro.mx\/index.php\/wp-json\/wp\/v2\/media\/819"}],"wp:attachment":[{"href":"https:\/\/expressometro.mx\/index.php\/wp-json\/wp\/v2\/media?parent=818"}],"wp:term":[{"taxonomy":"category","embeddable":true,"href":"https:\/\/expressometro.mx\/index.php\/wp-json\/wp\/v2\/categories?post=818"},{"taxonomy":"post_tag","embeddable":true,"href":"https:\/\/expressometro.mx\/index.php\/wp-json\/wp\/v2\/tags?post=818"}],"curies":[{"name":"wp","href":"https:\/\/api.w.org\/{rel}","templated":true}]}}