{"id":8164,"date":"2023-10-30T22:43:28","date_gmt":"2023-10-31T04:43:28","guid":{"rendered":"https:\/\/expressometro.mx\/?p=8164"},"modified":"2023-11-03T22:53:47","modified_gmt":"2023-11-04T04:53:47","slug":"comunidad-uaemex-se-solidariza-con-afectados-por-huracan-otis-envia-27-toneladas-de-viveres-a-guerrero","status":"publish","type":"post","link":"https:\/\/expressometro.mx\/index.php\/2023\/10\/30\/comunidad-uaemex-se-solidariza-con-afectados-por-huracan-otis-envia-27-toneladas-de-viveres-a-guerrero\/","title":{"rendered":"COMUNIDAD UAEM\u00c9X SE SOLIDARIZA CON AFECTADOS POR HURAC\u00c1N OTIS; ENV\u00cdA 27 TONELADAS DE V\u00cdVERES A GUERRERO"},"content":{"rendered":"\n<p><\/p>\n\n\n\n<p>* El Gobierno del Estado de M\u00e9xico apoy\u00f3 con elementos de la Secretar\u00eda de Seguridad para resguardar el traslado de los v\u00edveres.<\/p>\n\n\n\n<p><\/p>\n\n\n\n<p>La Universidad Aut\u00f3noma del Estado de M\u00e9xico (UAEM\u00e9x) envi\u00f3 27 toneladas de v\u00edveres a las personas afectadas por el hurac\u00e1n Otis en el estado de Guerrero, gracias a la solidaridad y suma de voluntades del alumnado, personal docente, administrativo y poblaci\u00f3n en general que confi\u00f3 en la instituci\u00f3n.<\/p>\n\n\n\n<p>El rector Carlos Eduardo Barrera D\u00edaz agradeci\u00f3 la participaci\u00f3n de la comunidad universitaria que acudi\u00f3 a los dos centros de acopio instalados en el Edificio de Rector\u00eda y el Centro Universitario UAEM Valle de Chalco.<\/p>\n\n\n\n<p>De igual manera, reconoci\u00f3 el respaldo de la gobernadora Delfina G\u00f3mez \u00c1lvarez, para que elementos de la Secretar\u00eda de Seguridad del Estado de M\u00e9xico resguardaran el traslado de los productos recaudados.<\/p>\n\n\n\n<p>Asimismo, el transporte de los v\u00edveres se concret\u00f3 con el apoyo de las empresas Transportes ESDO S.A. de C.V. y Humar Log\u00edstic, gesti\u00f3n realizada a trav\u00e9s de la Fundaci\u00f3n UAEM\u00e9x.<\/p>\n\n\n\n<p>Cabe destacar que el apoyo de la comunidad verde y oro lleg\u00f3 a las instalaciones de la Universidad Aut\u00f3noma de Guerrero (UAGro), la cual auxiliar\u00e1 con la coordinaci\u00f3n de la entrega de los v\u00edveres.<\/p>\n","protected":false},"excerpt":{"rendered":"<p>La Universidad Aut\u00f3noma del Estado de M\u00e9xico (UAEM\u00e9x) envi\u00f3 27 toneladas de v\u00edveres a las personas afectadas por el hurac\u00e1n Otis en el estado de Guerrero, gracias a la solidaridad y suma de voluntades del alumnado, personal docente, administrativo y poblaci\u00f3n en general que confi\u00f3 en la instituci\u00f3n.<\/p>\n","protected":false},"author":1,"featured_media":8166,"comment_status":"open","ping_status":"open","sticky":false,"template":"","format":"standard","meta":{"footnotes":""},"categories":[108,3,1],"tags":[313,1982,86,82],"class_list":["post-8164","post","type-post","status-publish","format-standard","has-post-thumbnail","hentry","category-educacion","category-gobierno","category-otros","tag-carlos-eduardo-barrera-diaz","tag-edomex","tag-gem","tag-uaemex"],"yoast_head":"<!-- This site is optimized with the Yoast SEO plugin v27.5 - https:\/\/yoast.com\/product\/yoast-seo-wordpress\/ -->\n<title>COMUNIDAD UAEM\u00c9X SE SOLIDARIZA CON AFECTADOS POR HURAC\u00c1N OTIS; ENV\u00cdA 27 TONELADAS DE V\u00cdVERES A GUERRERO - Expresso Metropolitano<\/title>\n<meta name=\"robots\" content=\"index, follow, max-snippet:-1, max-image-preview:large, max-video-preview:-1\" \/>\n<link rel=\"canonical\" href=\"https:\/\/expressometro.mx\/index.php\/2023\/10\/30\/comunidad-uaemex-se-solidariza-con-afectados-por-huracan-otis-envia-27-toneladas-de-viveres-a-guerrero\/\" \/>\n<meta property=\"og:locale\" content=\"es_MX\" \/>\n<meta property=\"og:type\" content=\"article\" \/>\n<meta property=\"og:title\" content=\"COMUNIDAD UAEM\u00c9X SE SOLIDARIZA CON AFECTADOS POR HURAC\u00c1N OTIS; ENV\u00cdA 27 TONELADAS DE V\u00cdVERES A GUERRERO - Expresso Metropolitano\" \/>\n<meta property=\"og:description\" content=\"La Universidad Aut\u00f3noma del Estado de M\u00e9xico (UAEM\u00e9x) envi\u00f3 27 toneladas de v\u00edveres a las personas afectadas por el hurac\u00e1n Otis en el estado de Guerrero, gracias a la solidaridad y suma de voluntades del alumnado, personal docente, administrativo y poblaci\u00f3n en general que confi\u00f3 en la instituci\u00f3n.\" \/>\n<meta property=\"og:url\" content=\"https:\/\/expressometro.mx\/index.php\/2023\/10\/30\/comunidad-uaemex-se-solidariza-con-afectados-por-huracan-otis-envia-27-toneladas-de-viveres-a-guerrero\/\" \/>\n<meta property=\"og:site_name\" content=\"Expresso Metropolitano\" \/>\n<meta property=\"article:published_time\" content=\"2023-10-31T04:43:28+00:00\" \/>\n<meta property=\"article:modified_time\" content=\"2023-11-04T04:53:47+00:00\" \/>\n<meta property=\"og:image\" content=\"http:\/\/expressometro.mx\/wp-content\/uploads\/2023\/11\/UAEM-Otis-301023-1.jpg\" \/>\n\t<meta property=\"og:image:width\" content=\"1440\" \/>\n\t<meta property=\"og:image:height\" content=\"960\" \/>\n\t<meta property=\"og:image:type\" content=\"image\/jpeg\" \/>\n<meta name=\"author\" content=\"Expresso Metropolitano\" \/>\n<meta name=\"twitter:label1\" content=\"Escrito por\" \/>\n\t<meta name=\"twitter:data1\" content=\"Expresso Metropolitano\" \/>\n\t<meta name=\"twitter:label2\" content=\"Tiempo de lectura\" \/>\n\t<meta name=\"twitter:data2\" content=\"1 minuto\" \/>\n<script type=\"application\/ld+json\" class=\"yoast-schema-graph\">{\"@context\":\"https:\\\/\\\/schema.org\",\"@graph\":[{\"@type\":\"Article\",\"@id\":\"https:\\\/\\\/expressometro.mx\\\/index.php\\\/2023\\\/10\\\/30\\\/comunidad-uaemex-se-solidariza-con-afectados-por-huracan-otis-envia-27-toneladas-de-viveres-a-guerrero\\\/#article\",\"isPartOf\":{\"@id\":\"https:\\\/\\\/expressometro.mx\\\/index.php\\\/2023\\\/10\\\/30\\\/comunidad-uaemex-se-solidariza-con-afectados-por-huracan-otis-envia-27-toneladas-de-viveres-a-guerrero\\\/\"},\"author\":{\"name\":\"Expresso Metropolitano\",\"@id\":\"https:\\\/\\\/expressometro.mx\\\/#\\\/schema\\\/person\\\/efa971b4a0664db8ed5c22b1b0dd2f5d\"},\"headline\":\"COMUNIDAD UAEM\u00c9X SE SOLIDARIZA CON AFECTADOS POR HURAC\u00c1N OTIS; ENV\u00cdA 27 TONELADAS DE V\u00cdVERES A GUERRERO\",\"datePublished\":\"2023-10-31T04:43:28+00:00\",\"dateModified\":\"2023-11-04T04:53:47+00:00\",\"mainEntityOfPage\":{\"@id\":\"https:\\\/\\\/expressometro.mx\\\/index.php\\\/2023\\\/10\\\/30\\\/comunidad-uaemex-se-solidariza-con-afectados-por-huracan-otis-envia-27-toneladas-de-viveres-a-guerrero\\\/\"},\"wordCount\":244,\"commentCount\":0,\"publisher\":{\"@id\":\"https:\\\/\\\/expressometro.mx\\\/#organization\"},\"image\":{\"@id\":\"https:\\\/\\\/expressometro.mx\\\/index.php\\\/2023\\\/10\\\/30\\\/comunidad-uaemex-se-solidariza-con-afectados-por-huracan-otis-envia-27-toneladas-de-viveres-a-guerrero\\\/#primaryimage\"},\"thumbnailUrl\":\"https:\\\/\\\/expressometro.mx\\\/wp-content\\\/uploads\\\/2023\\\/11\\\/UAEM-Otis-301023-1.jpg\",\"keywords\":[\"Carlos Eduardo Barrera D\u00edaz\",\"Edomex\",\"GEM\",\"UAEMex\"],\"articleSection\":[\"Educaci\u00f3n\",\"Gobierno\",\"Otros\"],\"inLanguage\":\"es\",\"potentialAction\":[{\"@type\":\"CommentAction\",\"name\":\"Comment\",\"target\":[\"https:\\\/\\\/expressometro.mx\\\/index.php\\\/2023\\\/10\\\/30\\\/comunidad-uaemex-se-solidariza-con-afectados-por-huracan-otis-envia-27-toneladas-de-viveres-a-guerrero\\\/#respond\"]}]},{\"@type\":\"WebPage\",\"@id\":\"https:\\\/\\\/expressometro.mx\\\/index.php\\\/2023\\\/10\\\/30\\\/comunidad-uaemex-se-solidariza-con-afectados-por-huracan-otis-envia-27-toneladas-de-viveres-a-guerrero\\\/\",\"url\":\"https:\\\/\\\/expressometro.mx\\\/index.php\\\/2023\\\/10\\\/30\\\/comunidad-uaemex-se-solidariza-con-afectados-por-huracan-otis-envia-27-toneladas-de-viveres-a-guerrero\\\/\",\"name\":\"COMUNIDAD UAEM\u00c9X SE SOLIDARIZA CON AFECTADOS POR HURAC\u00c1N OTIS; ENV\u00cdA 27 TONELADAS DE V\u00cdVERES A GUERRERO - Expresso Metropolitano\",\"isPartOf\":{\"@id\":\"https:\\\/\\\/expressometro.mx\\\/#website\"},\"primaryImageOfPage\":{\"@id\":\"https:\\\/\\\/expressometro.mx\\\/index.php\\\/2023\\\/10\\\/30\\\/comunidad-uaemex-se-solidariza-con-afectados-por-huracan-otis-envia-27-toneladas-de-viveres-a-guerrero\\\/#primaryimage\"},\"image\":{\"@id\":\"https:\\\/\\\/expressometro.mx\\\/index.php\\\/2023\\\/10\\\/30\\\/comunidad-uaemex-se-solidariza-con-afectados-por-huracan-otis-envia-27-toneladas-de-viveres-a-guerrero\\\/#primaryimage\"},\"thumbnailUrl\":\"https:\\\/\\\/expressometro.mx\\\/wp-content\\\/uploads\\\/2023\\\/11\\\/UAEM-Otis-301023-1.jpg\",\"datePublished\":\"2023-10-31T04:43:28+00:00\",\"dateModified\":\"2023-11-04T04:53:47+00:00\",\"breadcrumb\":{\"@id\":\"https:\\\/\\\/expressometro.mx\\\/index.php\\\/2023\\\/10\\\/30\\\/comunidad-uaemex-se-solidariza-con-afectados-por-huracan-otis-envia-27-toneladas-de-viveres-a-guerrero\\\/#breadcrumb\"},\"inLanguage\":\"es\",\"potentialAction\":[{\"@type\":\"ReadAction\",\"target\":[\"https:\\\/\\\/expressometro.mx\\\/index.php\\\/2023\\\/10\\\/30\\\/comunidad-uaemex-se-solidariza-con-afectados-por-huracan-otis-envia-27-toneladas-de-viveres-a-guerrero\\\/\"]}]},{\"@type\":\"ImageObject\",\"inLanguage\":\"es\",\"@id\":\"https:\\\/\\\/expressometro.mx\\\/index.php\\\/2023\\\/10\\\/30\\\/comunidad-uaemex-se-solidariza-con-afectados-por-huracan-otis-envia-27-toneladas-de-viveres-a-guerrero\\\/#primaryimage\",\"url\":\"https:\\\/\\\/expressometro.mx\\\/wp-content\\\/uploads\\\/2023\\\/11\\\/UAEM-Otis-301023-1.jpg\",\"contentUrl\":\"https:\\\/\\\/expressometro.mx\\\/wp-content\\\/uploads\\\/2023\\\/11\\\/UAEM-Otis-301023-1.jpg\",\"width\":1440,\"height\":960},{\"@type\":\"BreadcrumbList\",\"@id\":\"https:\\\/\\\/expressometro.mx\\\/index.php\\\/2023\\\/10\\\/30\\\/comunidad-uaemex-se-solidariza-con-afectados-por-huracan-otis-envia-27-toneladas-de-viveres-a-guerrero\\\/#breadcrumb\",\"itemListElement\":[{\"@type\":\"ListItem\",\"position\":1,\"name\":\"Inicio\",\"item\":\"https:\\\/\\\/expressometro.mx\\\/\"},{\"@type\":\"ListItem\",\"position\":2,\"name\":\"COMUNIDAD UAEM\u00c9X SE SOLIDARIZA CON AFECTADOS POR HURAC\u00c1N OTIS; ENV\u00cdA 27 TONELADAS DE V\u00cdVERES A GUERRERO\"}]},{\"@type\":\"WebSite\",\"@id\":\"https:\\\/\\\/expressometro.mx\\\/#website\",\"url\":\"https:\\\/\\\/expressometro.mx\\\/\",\"name\":\"Expresso Metropolitano\",\"description\":\"Periodismo comprometido, informaci\u00f3n, investigaci\u00f3n y an\u00e1lisis\",\"publisher\":{\"@id\":\"https:\\\/\\\/expressometro.mx\\\/#organization\"},\"potentialAction\":[{\"@type\":\"SearchAction\",\"target\":{\"@type\":\"EntryPoint\",\"urlTemplate\":\"https:\\\/\\\/expressometro.mx\\\/?s={search_term_string}\"},\"query-input\":{\"@type\":\"PropertyValueSpecification\",\"valueRequired\":true,\"valueName\":\"search_term_string\"}}],\"inLanguage\":\"es\"},{\"@type\":\"Organization\",\"@id\":\"https:\\\/\\\/expressometro.mx\\\/#organization\",\"name\":\"Expresso Metropolitano\",\"url\":\"https:\\\/\\\/expressometro.mx\\\/\",\"logo\":{\"@type\":\"ImageObject\",\"inLanguage\":\"es\",\"@id\":\"https:\\\/\\\/expressometro.mx\\\/#\\\/schema\\\/logo\\\/image\\\/\",\"url\":\"https:\\\/\\\/expressometro.mx\\\/wp-content\\\/uploads\\\/2019\\\/07\\\/cropped-Logo-Expresso-Metropolitano-1-1.jpeg\",\"contentUrl\":\"https:\\\/\\\/expressometro.mx\\\/wp-content\\\/uploads\\\/2019\\\/07\\\/cropped-Logo-Expresso-Metropolitano-1-1.jpeg\",\"width\":290,\"height\":73,\"caption\":\"Expresso Metropolitano\"},\"image\":{\"@id\":\"https:\\\/\\\/expressometro.mx\\\/#\\\/schema\\\/logo\\\/image\\\/\"}},{\"@type\":\"Person\",\"@id\":\"https:\\\/\\\/expressometro.mx\\\/#\\\/schema\\\/person\\\/efa971b4a0664db8ed5c22b1b0dd2f5d\",\"name\":\"Expresso Metropolitano\",\"image\":{\"@type\":\"ImageObject\",\"inLanguage\":\"es\",\"@id\":\"https:\\\/\\\/secure.gravatar.com\\\/avatar\\\/a89f802b8de18c6952f223c88d3d106e9e3679839f4e25a02f4a6cc2ae6ba3b3?s=96&d=mm&r=g\",\"url\":\"https:\\\/\\\/secure.gravatar.com\\\/avatar\\\/a89f802b8de18c6952f223c88d3d106e9e3679839f4e25a02f4a6cc2ae6ba3b3?s=96&d=mm&r=g\",\"contentUrl\":\"https:\\\/\\\/secure.gravatar.com\\\/avatar\\\/a89f802b8de18c6952f223c88d3d106e9e3679839f4e25a02f4a6cc2ae6ba3b3?s=96&d=mm&r=g\",\"caption\":\"Expresso Metropolitano\"},\"url\":\"https:\\\/\\\/expressometro.mx\\\/index.php\\\/author\\\/diego\\\/\"}]}<\/script>\n<!-- \/ Yoast SEO plugin. -->","yoast_head_json":{"title":"COMUNIDAD UAEM\u00c9X SE SOLIDARIZA CON AFECTADOS POR HURAC\u00c1N OTIS; ENV\u00cdA 27 TONELADAS DE V\u00cdVERES A GUERRERO - Expresso Metropolitano","robots":{"index":"index","follow":"follow","max-snippet":"max-snippet:-1","max-image-preview":"max-image-preview:large","max-video-preview":"max-video-preview:-1"},"canonical":"https:\/\/expressometro.mx\/index.php\/2023\/10\/30\/comunidad-uaemex-se-solidariza-con-afectados-por-huracan-otis-envia-27-toneladas-de-viveres-a-guerrero\/","og_locale":"es_MX","og_type":"article","og_title":"COMUNIDAD UAEM\u00c9X SE SOLIDARIZA CON AFECTADOS POR HURAC\u00c1N OTIS; ENV\u00cdA 27 TONELADAS DE V\u00cdVERES A GUERRERO - Expresso Metropolitano","og_description":"La Universidad Aut\u00f3noma del Estado de M\u00e9xico (UAEM\u00e9x) envi\u00f3 27 toneladas de v\u00edveres a las personas afectadas por el hurac\u00e1n Otis en el estado de Guerrero, gracias a la solidaridad y suma de voluntades del alumnado, personal docente, administrativo y poblaci\u00f3n en general que confi\u00f3 en la instituci\u00f3n.","og_url":"https:\/\/expressometro.mx\/index.php\/2023\/10\/30\/comunidad-uaemex-se-solidariza-con-afectados-por-huracan-otis-envia-27-toneladas-de-viveres-a-guerrero\/","og_site_name":"Expresso Metropolitano","article_published_time":"2023-10-31T04:43:28+00:00","article_modified_time":"2023-11-04T04:53:47+00:00","og_image":[{"width":1440,"height":960,"url":"http:\/\/expressometro.mx\/wp-content\/uploads\/2023\/11\/UAEM-Otis-301023-1.jpg","type":"image\/jpeg"}],"author":"Expresso Metropolitano","twitter_misc":{"Escrito por":"Expresso Metropolitano","Tiempo de lectura":"1 minuto"},"schema":{"@context":"https:\/\/schema.org","@graph":[{"@type":"Article","@id":"https:\/\/expressometro.mx\/index.php\/2023\/10\/30\/comunidad-uaemex-se-solidariza-con-afectados-por-huracan-otis-envia-27-toneladas-de-viveres-a-guerrero\/#article","isPartOf":{"@id":"https:\/\/expressometro.mx\/index.php\/2023\/10\/30\/comunidad-uaemex-se-solidariza-con-afectados-por-huracan-otis-envia-27-toneladas-de-viveres-a-guerrero\/"},"author":{"name":"Expresso Metropolitano","@id":"https:\/\/expressometro.mx\/#\/schema\/person\/efa971b4a0664db8ed5c22b1b0dd2f5d"},"headline":"COMUNIDAD UAEM\u00c9X SE SOLIDARIZA CON AFECTADOS POR HURAC\u00c1N OTIS; ENV\u00cdA 27 TONELADAS DE V\u00cdVERES A GUERRERO","datePublished":"2023-10-31T04:43:28+00:00","dateModified":"2023-11-04T04:53:47+00:00","mainEntityOfPage":{"@id":"https:\/\/expressometro.mx\/index.php\/2023\/10\/30\/comunidad-uaemex-se-solidariza-con-afectados-por-huracan-otis-envia-27-toneladas-de-viveres-a-guerrero\/"},"wordCount":244,"commentCount":0,"publisher":{"@id":"https:\/\/expressometro.mx\/#organization"},"image":{"@id":"https:\/\/expressometro.mx\/index.php\/2023\/10\/30\/comunidad-uaemex-se-solidariza-con-afectados-por-huracan-otis-envia-27-toneladas-de-viveres-a-guerrero\/#primaryimage"},"thumbnailUrl":"https:\/\/expressometro.mx\/wp-content\/uploads\/2023\/11\/UAEM-Otis-301023-1.jpg","keywords":["Carlos Eduardo Barrera D\u00edaz","Edomex","GEM","UAEMex"],"articleSection":["Educaci\u00f3n","Gobierno","Otros"],"inLanguage":"es","potentialAction":[{"@type":"CommentAction","name":"Comment","target":["https:\/\/expressometro.mx\/index.php\/2023\/10\/30\/comunidad-uaemex-se-solidariza-con-afectados-por-huracan-otis-envia-27-toneladas-de-viveres-a-guerrero\/#respond"]}]},{"@type":"WebPage","@id":"https:\/\/expressometro.mx\/index.php\/2023\/10\/30\/comunidad-uaemex-se-solidariza-con-afectados-por-huracan-otis-envia-27-toneladas-de-viveres-a-guerrero\/","url":"https:\/\/expressometro.mx\/index.php\/2023\/10\/30\/comunidad-uaemex-se-solidariza-con-afectados-por-huracan-otis-envia-27-toneladas-de-viveres-a-guerrero\/","name":"COMUNIDAD UAEM\u00c9X SE SOLIDARIZA CON AFECTADOS POR HURAC\u00c1N OTIS; ENV\u00cdA 27 TONELADAS DE V\u00cdVERES A GUERRERO - Expresso Metropolitano","isPartOf":{"@id":"https:\/\/expressometro.mx\/#website"},"primaryImageOfPage":{"@id":"https:\/\/expressometro.mx\/index.php\/2023\/10\/30\/comunidad-uaemex-se-solidariza-con-afectados-por-huracan-otis-envia-27-toneladas-de-viveres-a-guerrero\/#primaryimage"},"image":{"@id":"https:\/\/expressometro.mx\/index.php\/2023\/10\/30\/comunidad-uaemex-se-solidariza-con-afectados-por-huracan-otis-envia-27-toneladas-de-viveres-a-guerrero\/#primaryimage"},"thumbnailUrl":"https:\/\/expressometro.mx\/wp-content\/uploads\/2023\/11\/UAEM-Otis-301023-1.jpg","datePublished":"2023-10-31T04:43:28+00:00","dateModified":"2023-11-04T04:53:47+00:00","breadcrumb":{"@id":"https:\/\/expressometro.mx\/index.php\/2023\/10\/30\/comunidad-uaemex-se-solidariza-con-afectados-por-huracan-otis-envia-27-toneladas-de-viveres-a-guerrero\/#breadcrumb"},"inLanguage":"es","potentialAction":[{"@type":"ReadAction","target":["https:\/\/expressometro.mx\/index.php\/2023\/10\/30\/comunidad-uaemex-se-solidariza-con-afectados-por-huracan-otis-envia-27-toneladas-de-viveres-a-guerrero\/"]}]},{"@type":"ImageObject","inLanguage":"es","@id":"https:\/\/expressometro.mx\/index.php\/2023\/10\/30\/comunidad-uaemex-se-solidariza-con-afectados-por-huracan-otis-envia-27-toneladas-de-viveres-a-guerrero\/#primaryimage","url":"https:\/\/expressometro.mx\/wp-content\/uploads\/2023\/11\/UAEM-Otis-301023-1.jpg","contentUrl":"https:\/\/expressometro.mx\/wp-content\/uploads\/2023\/11\/UAEM-Otis-301023-1.jpg","width":1440,"height":960},{"@type":"BreadcrumbList","@id":"https:\/\/expressometro.mx\/index.php\/2023\/10\/30\/comunidad-uaemex-se-solidariza-con-afectados-por-huracan-otis-envia-27-toneladas-de-viveres-a-guerrero\/#breadcrumb","itemListElement":[{"@type":"ListItem","position":1,"name":"Inicio","item":"https:\/\/expressometro.mx\/"},{"@type":"ListItem","position":2,"name":"COMUNIDAD UAEM\u00c9X SE SOLIDARIZA CON AFECTADOS POR HURAC\u00c1N OTIS; ENV\u00cdA 27 TONELADAS DE V\u00cdVERES A GUERRERO"}]},{"@type":"WebSite","@id":"https:\/\/expressometro.mx\/#website","url":"https:\/\/expressometro.mx\/","name":"Expresso Metropolitano","description":"Periodismo comprometido, informaci\u00f3n, investigaci\u00f3n y an\u00e1lisis","publisher":{"@id":"https:\/\/expressometro.mx\/#organization"},"potentialAction":[{"@type":"SearchAction","target":{"@type":"EntryPoint","urlTemplate":"https:\/\/expressometro.mx\/?s={search_term_string}"},"query-input":{"@type":"PropertyValueSpecification","valueRequired":true,"valueName":"search_term_string"}}],"inLanguage":"es"},{"@type":"Organization","@id":"https:\/\/expressometro.mx\/#organization","name":"Expresso Metropolitano","url":"https:\/\/expressometro.mx\/","logo":{"@type":"ImageObject","inLanguage":"es","@id":"https:\/\/expressometro.mx\/#\/schema\/logo\/image\/","url":"https:\/\/expressometro.mx\/wp-content\/uploads\/2019\/07\/cropped-Logo-Expresso-Metropolitano-1-1.jpeg","contentUrl":"https:\/\/expressometro.mx\/wp-content\/uploads\/2019\/07\/cropped-Logo-Expresso-Metropolitano-1-1.jpeg","width":290,"height":73,"caption":"Expresso Metropolitano"},"image":{"@id":"https:\/\/expressometro.mx\/#\/schema\/logo\/image\/"}},{"@type":"Person","@id":"https:\/\/expressometro.mx\/#\/schema\/person\/efa971b4a0664db8ed5c22b1b0dd2f5d","name":"Expresso Metropolitano","image":{"@type":"ImageObject","inLanguage":"es","@id":"https:\/\/secure.gravatar.com\/avatar\/a89f802b8de18c6952f223c88d3d106e9e3679839f4e25a02f4a6cc2ae6ba3b3?s=96&d=mm&r=g","url":"https:\/\/secure.gravatar.com\/avatar\/a89f802b8de18c6952f223c88d3d106e9e3679839f4e25a02f4a6cc2ae6ba3b3?s=96&d=mm&r=g","contentUrl":"https:\/\/secure.gravatar.com\/avatar\/a89f802b8de18c6952f223c88d3d106e9e3679839f4e25a02f4a6cc2ae6ba3b3?s=96&d=mm&r=g","caption":"Expresso Metropolitano"},"url":"https:\/\/expressometro.mx\/index.php\/author\/diego\/"}]}},"amp_enabled":true,"_links":{"self":[{"href":"https:\/\/expressometro.mx\/index.php\/wp-json\/wp\/v2\/posts\/8164","targetHints":{"allow":["GET"]}}],"collection":[{"href":"https:\/\/expressometro.mx\/index.php\/wp-json\/wp\/v2\/posts"}],"about":[{"href":"https:\/\/expressometro.mx\/index.php\/wp-json\/wp\/v2\/types\/post"}],"author":[{"embeddable":true,"href":"https:\/\/expressometro.mx\/index.php\/wp-json\/wp\/v2\/users\/1"}],"replies":[{"embeddable":true,"href":"https:\/\/expressometro.mx\/index.php\/wp-json\/wp\/v2\/comments?post=8164"}],"version-history":[{"count":1,"href":"https:\/\/expressometro.mx\/index.php\/wp-json\/wp\/v2\/posts\/8164\/revisions"}],"predecessor-version":[{"id":8167,"href":"https:\/\/expressometro.mx\/index.php\/wp-json\/wp\/v2\/posts\/8164\/revisions\/8167"}],"wp:featuredmedia":[{"embeddable":true,"href":"https:\/\/expressometro.mx\/index.php\/wp-json\/wp\/v2\/media\/8166"}],"wp:attachment":[{"href":"https:\/\/expressometro.mx\/index.php\/wp-json\/wp\/v2\/media?parent=8164"}],"wp:term":[{"taxonomy":"category","embeddable":true,"href":"https:\/\/expressometro.mx\/index.php\/wp-json\/wp\/v2\/categories?post=8164"},{"taxonomy":"post_tag","embeddable":true,"href":"https:\/\/expressometro.mx\/index.php\/wp-json\/wp\/v2\/tags?post=8164"}],"curies":[{"name":"wp","href":"https:\/\/api.w.org\/{rel}","templated":true}]}}