{"id":8142,"date":"2023-10-29T23:11:07","date_gmt":"2023-10-30T05:11:07","guid":{"rendered":"https:\/\/expressometro.mx\/?p=8142"},"modified":"2023-10-29T23:11:08","modified_gmt":"2023-10-30T05:11:08","slug":"aculco-se-solidariza-con-acapulco-para-enviar-suministros-de-primera-necesidad","status":"publish","type":"post","link":"https:\/\/expressometro.mx\/index.php\/2023\/10\/29\/aculco-se-solidariza-con-acapulco-para-enviar-suministros-de-primera-necesidad\/","title":{"rendered":"ACULCO SE SOLIDARIZA CON ACAPULCO PARA ENVIAR SUMINISTROS DE PRIMERA NECESIDAD"},"content":{"rendered":"\n<p><\/p>\n\n\n\n<p>El Presidente Municipal Jorge Alfredo Osornio Victoria, exhort\u00f3 a los aculquenses a sumar esfuerzos para poder enviar suministros de primera necesidad al puerto de Acapulco que fue devastado el pasado 25 de octubre, por el hurac\u00e1n de categor\u00eda 5, Otis.<\/p>\n\n\n\n<p>Jorge Osornio indic\u00f3 que se estableci\u00f3 un centro de acopio de v\u00edveres afuera de Presidencia Municipal, es un m\u00f3dulo de Protecci\u00f3n Civil. En este lugar, se estar\u00e1 recibiendo alimentos no perecederos, art\u00edculos de higiene personal, cobijas en buen estado, agua, at\u00fan, leche en envase tetrapack, sardinas, frijoles enlatados, az\u00facar, arroz, sal, papel higi\u00e9nico, leche en polvo para ni\u00f1os, pa\u00f1ales para beb\u00e9s, shampoo, jab\u00f3n, pasta y cepillos dentales, sandalias, toallas sanitarias, ropa para ni\u00f1os y adultos nueva y cobijas. Adem\u00e1s de medicamentos b\u00e1sicos como paracetamol, antigripales, gasas, curitas, algod\u00f3n y alcohol.<\/p>\n\n\n\n<p>El alcalde resalt\u00f3 la generosidad de los aculquenses y se\u00f1al\u00f3 que, el coraz\u00f3n solidario de los locales siempre se ha demostrado cuando se trata de unirse y apoyar a nuestros hermanos en desgracia. Todo lo recolectado se enviar\u00e1 a la brevedad posible, ya que cubrir las necesidades b\u00e1sicas de las v\u00edctimas es una misi\u00f3n primordial y urgente.<\/p>\n\n\n\n<p>El personal de Protecci\u00f3n Civil ser\u00e1 el encargado de recaudar la ayuda y ser\u00e1n quienes lleven y entreguen lo recolectado en nombre de los aculquenses, en propia mano de la gente que m\u00e1s lo necesite. Se les pide de la manera m\u00e1s atenta apoyar esta causa, hoy por ellos, ma\u00f1ana por nosotros.<\/p>\n","protected":false},"excerpt":{"rendered":"<p>El Presidente Municipal Jorge Alfredo Osornio Victoria, exhort\u00f3 a los aculquenses a sumar esfuerzos para poder enviar suministros de primera necesidad al puerto de Acapulco que fue devastado el pasado 25 de octubre, por el hurac\u00e1n de categor\u00eda 5, Otis.<\/p>\n","protected":false},"author":1,"featured_media":8144,"comment_status":"open","ping_status":"open","sticky":false,"template":"","format":"standard","meta":{"footnotes":""},"categories":[4,3,1,231,5],"tags":[955,1982,86,954,2267],"class_list":["post-8142","post","type-post","status-publish","format-standard","has-post-thumbnail","hentry","category-finanzas","category-gobierno","category-otros","category-politica","category-salud","tag-aculco","tag-edomex","tag-gem","tag-jorge-osornio","tag-otis"],"yoast_head":"<!-- This site is optimized with the Yoast SEO plugin v27.5 - https:\/\/yoast.com\/product\/yoast-seo-wordpress\/ -->\n<title>ACULCO SE SOLIDARIZA CON ACAPULCO PARA ENVIAR SUMINISTROS DE PRIMERA NECESIDAD - Expresso Metropolitano<\/title>\n<meta name=\"robots\" content=\"index, follow, max-snippet:-1, max-image-preview:large, max-video-preview:-1\" \/>\n<link rel=\"canonical\" href=\"https:\/\/expressometro.mx\/index.php\/2023\/10\/29\/aculco-se-solidariza-con-acapulco-para-enviar-suministros-de-primera-necesidad\/\" \/>\n<meta property=\"og:locale\" content=\"es_MX\" \/>\n<meta property=\"og:type\" content=\"article\" \/>\n<meta property=\"og:title\" content=\"ACULCO SE SOLIDARIZA CON ACAPULCO PARA ENVIAR SUMINISTROS DE PRIMERA NECESIDAD - Expresso Metropolitano\" \/>\n<meta property=\"og:description\" content=\"El Presidente Municipal Jorge Alfredo Osornio Victoria, exhort\u00f3 a los aculquenses a sumar esfuerzos para poder enviar suministros de primera necesidad al puerto de Acapulco que fue devastado el pasado 25 de octubre, por el hurac\u00e1n de categor\u00eda 5, Otis.\" \/>\n<meta property=\"og:url\" content=\"https:\/\/expressometro.mx\/index.php\/2023\/10\/29\/aculco-se-solidariza-con-acapulco-para-enviar-suministros-de-primera-necesidad\/\" \/>\n<meta property=\"og:site_name\" content=\"Expresso Metropolitano\" \/>\n<meta property=\"article:published_time\" content=\"2023-10-30T05:11:07+00:00\" \/>\n<meta property=\"article:modified_time\" content=\"2023-10-30T05:11:08+00:00\" \/>\n<meta property=\"og:image\" content=\"http:\/\/expressometro.mx\/wp-content\/uploads\/2023\/10\/Aculco-Viveres-para-Acapulco-291023-1.jpg\" \/>\n\t<meta property=\"og:image:width\" content=\"920\" \/>\n\t<meta property=\"og:image:height\" content=\"532\" \/>\n\t<meta property=\"og:image:type\" content=\"image\/jpeg\" \/>\n<meta name=\"author\" content=\"Expresso Metropolitano\" \/>\n<meta name=\"twitter:label1\" content=\"Escrito por\" \/>\n\t<meta name=\"twitter:data1\" content=\"Expresso Metropolitano\" \/>\n\t<meta name=\"twitter:label2\" content=\"Tiempo de lectura\" \/>\n\t<meta name=\"twitter:data2\" content=\"2 minutos\" \/>\n<script type=\"application\/ld+json\" class=\"yoast-schema-graph\">{\"@context\":\"https:\\\/\\\/schema.org\",\"@graph\":[{\"@type\":\"Article\",\"@id\":\"https:\\\/\\\/expressometro.mx\\\/index.php\\\/2023\\\/10\\\/29\\\/aculco-se-solidariza-con-acapulco-para-enviar-suministros-de-primera-necesidad\\\/#article\",\"isPartOf\":{\"@id\":\"https:\\\/\\\/expressometro.mx\\\/index.php\\\/2023\\\/10\\\/29\\\/aculco-se-solidariza-con-acapulco-para-enviar-suministros-de-primera-necesidad\\\/\"},\"author\":{\"name\":\"Expresso Metropolitano\",\"@id\":\"https:\\\/\\\/expressometro.mx\\\/#\\\/schema\\\/person\\\/efa971b4a0664db8ed5c22b1b0dd2f5d\"},\"headline\":\"ACULCO SE SOLIDARIZA CON ACAPULCO PARA ENVIAR SUMINISTROS DE PRIMERA NECESIDAD\",\"datePublished\":\"2023-10-30T05:11:07+00:00\",\"dateModified\":\"2023-10-30T05:11:08+00:00\",\"mainEntityOfPage\":{\"@id\":\"https:\\\/\\\/expressometro.mx\\\/index.php\\\/2023\\\/10\\\/29\\\/aculco-se-solidariza-con-acapulco-para-enviar-suministros-de-primera-necesidad\\\/\"},\"wordCount\":275,\"commentCount\":0,\"publisher\":{\"@id\":\"https:\\\/\\\/expressometro.mx\\\/#organization\"},\"image\":{\"@id\":\"https:\\\/\\\/expressometro.mx\\\/index.php\\\/2023\\\/10\\\/29\\\/aculco-se-solidariza-con-acapulco-para-enviar-suministros-de-primera-necesidad\\\/#primaryimage\"},\"thumbnailUrl\":\"https:\\\/\\\/expressometro.mx\\\/wp-content\\\/uploads\\\/2023\\\/10\\\/Aculco-Viveres-para-Acapulco-291023-1.jpg\",\"keywords\":[\"Aculco\",\"Edomex\",\"GEM\",\"Jorge Osornio\",\"Otis\"],\"articleSection\":[\"Finanzas\",\"Gobierno\",\"Otros\",\"Pol\u00edtica\",\"Salud\"],\"inLanguage\":\"es\",\"potentialAction\":[{\"@type\":\"CommentAction\",\"name\":\"Comment\",\"target\":[\"https:\\\/\\\/expressometro.mx\\\/index.php\\\/2023\\\/10\\\/29\\\/aculco-se-solidariza-con-acapulco-para-enviar-suministros-de-primera-necesidad\\\/#respond\"]}]},{\"@type\":\"WebPage\",\"@id\":\"https:\\\/\\\/expressometro.mx\\\/index.php\\\/2023\\\/10\\\/29\\\/aculco-se-solidariza-con-acapulco-para-enviar-suministros-de-primera-necesidad\\\/\",\"url\":\"https:\\\/\\\/expressometro.mx\\\/index.php\\\/2023\\\/10\\\/29\\\/aculco-se-solidariza-con-acapulco-para-enviar-suministros-de-primera-necesidad\\\/\",\"name\":\"ACULCO SE SOLIDARIZA CON ACAPULCO PARA ENVIAR SUMINISTROS DE PRIMERA NECESIDAD - Expresso Metropolitano\",\"isPartOf\":{\"@id\":\"https:\\\/\\\/expressometro.mx\\\/#website\"},\"primaryImageOfPage\":{\"@id\":\"https:\\\/\\\/expressometro.mx\\\/index.php\\\/2023\\\/10\\\/29\\\/aculco-se-solidariza-con-acapulco-para-enviar-suministros-de-primera-necesidad\\\/#primaryimage\"},\"image\":{\"@id\":\"https:\\\/\\\/expressometro.mx\\\/index.php\\\/2023\\\/10\\\/29\\\/aculco-se-solidariza-con-acapulco-para-enviar-suministros-de-primera-necesidad\\\/#primaryimage\"},\"thumbnailUrl\":\"https:\\\/\\\/expressometro.mx\\\/wp-content\\\/uploads\\\/2023\\\/10\\\/Aculco-Viveres-para-Acapulco-291023-1.jpg\",\"datePublished\":\"2023-10-30T05:11:07+00:00\",\"dateModified\":\"2023-10-30T05:11:08+00:00\",\"breadcrumb\":{\"@id\":\"https:\\\/\\\/expressometro.mx\\\/index.php\\\/2023\\\/10\\\/29\\\/aculco-se-solidariza-con-acapulco-para-enviar-suministros-de-primera-necesidad\\\/#breadcrumb\"},\"inLanguage\":\"es\",\"potentialAction\":[{\"@type\":\"ReadAction\",\"target\":[\"https:\\\/\\\/expressometro.mx\\\/index.php\\\/2023\\\/10\\\/29\\\/aculco-se-solidariza-con-acapulco-para-enviar-suministros-de-primera-necesidad\\\/\"]}]},{\"@type\":\"ImageObject\",\"inLanguage\":\"es\",\"@id\":\"https:\\\/\\\/expressometro.mx\\\/index.php\\\/2023\\\/10\\\/29\\\/aculco-se-solidariza-con-acapulco-para-enviar-suministros-de-primera-necesidad\\\/#primaryimage\",\"url\":\"https:\\\/\\\/expressometro.mx\\\/wp-content\\\/uploads\\\/2023\\\/10\\\/Aculco-Viveres-para-Acapulco-291023-1.jpg\",\"contentUrl\":\"https:\\\/\\\/expressometro.mx\\\/wp-content\\\/uploads\\\/2023\\\/10\\\/Aculco-Viveres-para-Acapulco-291023-1.jpg\",\"width\":920,\"height\":532},{\"@type\":\"BreadcrumbList\",\"@id\":\"https:\\\/\\\/expressometro.mx\\\/index.php\\\/2023\\\/10\\\/29\\\/aculco-se-solidariza-con-acapulco-para-enviar-suministros-de-primera-necesidad\\\/#breadcrumb\",\"itemListElement\":[{\"@type\":\"ListItem\",\"position\":1,\"name\":\"Inicio\",\"item\":\"https:\\\/\\\/expressometro.mx\\\/\"},{\"@type\":\"ListItem\",\"position\":2,\"name\":\"ACULCO SE SOLIDARIZA CON ACAPULCO PARA ENVIAR SUMINISTROS DE PRIMERA NECESIDAD\"}]},{\"@type\":\"WebSite\",\"@id\":\"https:\\\/\\\/expressometro.mx\\\/#website\",\"url\":\"https:\\\/\\\/expressometro.mx\\\/\",\"name\":\"Expresso Metropolitano\",\"description\":\"Periodismo comprometido, informaci\u00f3n, investigaci\u00f3n y an\u00e1lisis\",\"publisher\":{\"@id\":\"https:\\\/\\\/expressometro.mx\\\/#organization\"},\"potentialAction\":[{\"@type\":\"SearchAction\",\"target\":{\"@type\":\"EntryPoint\",\"urlTemplate\":\"https:\\\/\\\/expressometro.mx\\\/?s={search_term_string}\"},\"query-input\":{\"@type\":\"PropertyValueSpecification\",\"valueRequired\":true,\"valueName\":\"search_term_string\"}}],\"inLanguage\":\"es\"},{\"@type\":\"Organization\",\"@id\":\"https:\\\/\\\/expressometro.mx\\\/#organization\",\"name\":\"Expresso Metropolitano\",\"url\":\"https:\\\/\\\/expressometro.mx\\\/\",\"logo\":{\"@type\":\"ImageObject\",\"inLanguage\":\"es\",\"@id\":\"https:\\\/\\\/expressometro.mx\\\/#\\\/schema\\\/logo\\\/image\\\/\",\"url\":\"https:\\\/\\\/expressometro.mx\\\/wp-content\\\/uploads\\\/2019\\\/07\\\/cropped-Logo-Expresso-Metropolitano-1-1.jpeg\",\"contentUrl\":\"https:\\\/\\\/expressometro.mx\\\/wp-content\\\/uploads\\\/2019\\\/07\\\/cropped-Logo-Expresso-Metropolitano-1-1.jpeg\",\"width\":290,\"height\":73,\"caption\":\"Expresso Metropolitano\"},\"image\":{\"@id\":\"https:\\\/\\\/expressometro.mx\\\/#\\\/schema\\\/logo\\\/image\\\/\"}},{\"@type\":\"Person\",\"@id\":\"https:\\\/\\\/expressometro.mx\\\/#\\\/schema\\\/person\\\/efa971b4a0664db8ed5c22b1b0dd2f5d\",\"name\":\"Expresso Metropolitano\",\"image\":{\"@type\":\"ImageObject\",\"inLanguage\":\"es\",\"@id\":\"https:\\\/\\\/secure.gravatar.com\\\/avatar\\\/a89f802b8de18c6952f223c88d3d106e9e3679839f4e25a02f4a6cc2ae6ba3b3?s=96&d=mm&r=g\",\"url\":\"https:\\\/\\\/secure.gravatar.com\\\/avatar\\\/a89f802b8de18c6952f223c88d3d106e9e3679839f4e25a02f4a6cc2ae6ba3b3?s=96&d=mm&r=g\",\"contentUrl\":\"https:\\\/\\\/secure.gravatar.com\\\/avatar\\\/a89f802b8de18c6952f223c88d3d106e9e3679839f4e25a02f4a6cc2ae6ba3b3?s=96&d=mm&r=g\",\"caption\":\"Expresso Metropolitano\"},\"url\":\"https:\\\/\\\/expressometro.mx\\\/index.php\\\/author\\\/diego\\\/\"}]}<\/script>\n<!-- \/ Yoast SEO plugin. -->","yoast_head_json":{"title":"ACULCO SE SOLIDARIZA CON ACAPULCO PARA ENVIAR SUMINISTROS DE PRIMERA NECESIDAD - Expresso Metropolitano","robots":{"index":"index","follow":"follow","max-snippet":"max-snippet:-1","max-image-preview":"max-image-preview:large","max-video-preview":"max-video-preview:-1"},"canonical":"https:\/\/expressometro.mx\/index.php\/2023\/10\/29\/aculco-se-solidariza-con-acapulco-para-enviar-suministros-de-primera-necesidad\/","og_locale":"es_MX","og_type":"article","og_title":"ACULCO SE SOLIDARIZA CON ACAPULCO PARA ENVIAR SUMINISTROS DE PRIMERA NECESIDAD - Expresso Metropolitano","og_description":"El Presidente Municipal Jorge Alfredo Osornio Victoria, exhort\u00f3 a los aculquenses a sumar esfuerzos para poder enviar suministros de primera necesidad al puerto de Acapulco que fue devastado el pasado 25 de octubre, por el hurac\u00e1n de categor\u00eda 5, Otis.","og_url":"https:\/\/expressometro.mx\/index.php\/2023\/10\/29\/aculco-se-solidariza-con-acapulco-para-enviar-suministros-de-primera-necesidad\/","og_site_name":"Expresso Metropolitano","article_published_time":"2023-10-30T05:11:07+00:00","article_modified_time":"2023-10-30T05:11:08+00:00","og_image":[{"width":920,"height":532,"url":"http:\/\/expressometro.mx\/wp-content\/uploads\/2023\/10\/Aculco-Viveres-para-Acapulco-291023-1.jpg","type":"image\/jpeg"}],"author":"Expresso Metropolitano","twitter_misc":{"Escrito por":"Expresso Metropolitano","Tiempo de lectura":"2 minutos"},"schema":{"@context":"https:\/\/schema.org","@graph":[{"@type":"Article","@id":"https:\/\/expressometro.mx\/index.php\/2023\/10\/29\/aculco-se-solidariza-con-acapulco-para-enviar-suministros-de-primera-necesidad\/#article","isPartOf":{"@id":"https:\/\/expressometro.mx\/index.php\/2023\/10\/29\/aculco-se-solidariza-con-acapulco-para-enviar-suministros-de-primera-necesidad\/"},"author":{"name":"Expresso Metropolitano","@id":"https:\/\/expressometro.mx\/#\/schema\/person\/efa971b4a0664db8ed5c22b1b0dd2f5d"},"headline":"ACULCO SE SOLIDARIZA CON ACAPULCO PARA ENVIAR SUMINISTROS DE PRIMERA NECESIDAD","datePublished":"2023-10-30T05:11:07+00:00","dateModified":"2023-10-30T05:11:08+00:00","mainEntityOfPage":{"@id":"https:\/\/expressometro.mx\/index.php\/2023\/10\/29\/aculco-se-solidariza-con-acapulco-para-enviar-suministros-de-primera-necesidad\/"},"wordCount":275,"commentCount":0,"publisher":{"@id":"https:\/\/expressometro.mx\/#organization"},"image":{"@id":"https:\/\/expressometro.mx\/index.php\/2023\/10\/29\/aculco-se-solidariza-con-acapulco-para-enviar-suministros-de-primera-necesidad\/#primaryimage"},"thumbnailUrl":"https:\/\/expressometro.mx\/wp-content\/uploads\/2023\/10\/Aculco-Viveres-para-Acapulco-291023-1.jpg","keywords":["Aculco","Edomex","GEM","Jorge Osornio","Otis"],"articleSection":["Finanzas","Gobierno","Otros","Pol\u00edtica","Salud"],"inLanguage":"es","potentialAction":[{"@type":"CommentAction","name":"Comment","target":["https:\/\/expressometro.mx\/index.php\/2023\/10\/29\/aculco-se-solidariza-con-acapulco-para-enviar-suministros-de-primera-necesidad\/#respond"]}]},{"@type":"WebPage","@id":"https:\/\/expressometro.mx\/index.php\/2023\/10\/29\/aculco-se-solidariza-con-acapulco-para-enviar-suministros-de-primera-necesidad\/","url":"https:\/\/expressometro.mx\/index.php\/2023\/10\/29\/aculco-se-solidariza-con-acapulco-para-enviar-suministros-de-primera-necesidad\/","name":"ACULCO SE SOLIDARIZA CON ACAPULCO PARA ENVIAR SUMINISTROS DE PRIMERA NECESIDAD - Expresso Metropolitano","isPartOf":{"@id":"https:\/\/expressometro.mx\/#website"},"primaryImageOfPage":{"@id":"https:\/\/expressometro.mx\/index.php\/2023\/10\/29\/aculco-se-solidariza-con-acapulco-para-enviar-suministros-de-primera-necesidad\/#primaryimage"},"image":{"@id":"https:\/\/expressometro.mx\/index.php\/2023\/10\/29\/aculco-se-solidariza-con-acapulco-para-enviar-suministros-de-primera-necesidad\/#primaryimage"},"thumbnailUrl":"https:\/\/expressometro.mx\/wp-content\/uploads\/2023\/10\/Aculco-Viveres-para-Acapulco-291023-1.jpg","datePublished":"2023-10-30T05:11:07+00:00","dateModified":"2023-10-30T05:11:08+00:00","breadcrumb":{"@id":"https:\/\/expressometro.mx\/index.php\/2023\/10\/29\/aculco-se-solidariza-con-acapulco-para-enviar-suministros-de-primera-necesidad\/#breadcrumb"},"inLanguage":"es","potentialAction":[{"@type":"ReadAction","target":["https:\/\/expressometro.mx\/index.php\/2023\/10\/29\/aculco-se-solidariza-con-acapulco-para-enviar-suministros-de-primera-necesidad\/"]}]},{"@type":"ImageObject","inLanguage":"es","@id":"https:\/\/expressometro.mx\/index.php\/2023\/10\/29\/aculco-se-solidariza-con-acapulco-para-enviar-suministros-de-primera-necesidad\/#primaryimage","url":"https:\/\/expressometro.mx\/wp-content\/uploads\/2023\/10\/Aculco-Viveres-para-Acapulco-291023-1.jpg","contentUrl":"https:\/\/expressometro.mx\/wp-content\/uploads\/2023\/10\/Aculco-Viveres-para-Acapulco-291023-1.jpg","width":920,"height":532},{"@type":"BreadcrumbList","@id":"https:\/\/expressometro.mx\/index.php\/2023\/10\/29\/aculco-se-solidariza-con-acapulco-para-enviar-suministros-de-primera-necesidad\/#breadcrumb","itemListElement":[{"@type":"ListItem","position":1,"name":"Inicio","item":"https:\/\/expressometro.mx\/"},{"@type":"ListItem","position":2,"name":"ACULCO SE SOLIDARIZA CON ACAPULCO PARA ENVIAR SUMINISTROS DE PRIMERA NECESIDAD"}]},{"@type":"WebSite","@id":"https:\/\/expressometro.mx\/#website","url":"https:\/\/expressometro.mx\/","name":"Expresso Metropolitano","description":"Periodismo comprometido, informaci\u00f3n, investigaci\u00f3n y an\u00e1lisis","publisher":{"@id":"https:\/\/expressometro.mx\/#organization"},"potentialAction":[{"@type":"SearchAction","target":{"@type":"EntryPoint","urlTemplate":"https:\/\/expressometro.mx\/?s={search_term_string}"},"query-input":{"@type":"PropertyValueSpecification","valueRequired":true,"valueName":"search_term_string"}}],"inLanguage":"es"},{"@type":"Organization","@id":"https:\/\/expressometro.mx\/#organization","name":"Expresso Metropolitano","url":"https:\/\/expressometro.mx\/","logo":{"@type":"ImageObject","inLanguage":"es","@id":"https:\/\/expressometro.mx\/#\/schema\/logo\/image\/","url":"https:\/\/expressometro.mx\/wp-content\/uploads\/2019\/07\/cropped-Logo-Expresso-Metropolitano-1-1.jpeg","contentUrl":"https:\/\/expressometro.mx\/wp-content\/uploads\/2019\/07\/cropped-Logo-Expresso-Metropolitano-1-1.jpeg","width":290,"height":73,"caption":"Expresso Metropolitano"},"image":{"@id":"https:\/\/expressometro.mx\/#\/schema\/logo\/image\/"}},{"@type":"Person","@id":"https:\/\/expressometro.mx\/#\/schema\/person\/efa971b4a0664db8ed5c22b1b0dd2f5d","name":"Expresso Metropolitano","image":{"@type":"ImageObject","inLanguage":"es","@id":"https:\/\/secure.gravatar.com\/avatar\/a89f802b8de18c6952f223c88d3d106e9e3679839f4e25a02f4a6cc2ae6ba3b3?s=96&d=mm&r=g","url":"https:\/\/secure.gravatar.com\/avatar\/a89f802b8de18c6952f223c88d3d106e9e3679839f4e25a02f4a6cc2ae6ba3b3?s=96&d=mm&r=g","contentUrl":"https:\/\/secure.gravatar.com\/avatar\/a89f802b8de18c6952f223c88d3d106e9e3679839f4e25a02f4a6cc2ae6ba3b3?s=96&d=mm&r=g","caption":"Expresso Metropolitano"},"url":"https:\/\/expressometro.mx\/index.php\/author\/diego\/"}]}},"amp_enabled":true,"_links":{"self":[{"href":"https:\/\/expressometro.mx\/index.php\/wp-json\/wp\/v2\/posts\/8142","targetHints":{"allow":["GET"]}}],"collection":[{"href":"https:\/\/expressometro.mx\/index.php\/wp-json\/wp\/v2\/posts"}],"about":[{"href":"https:\/\/expressometro.mx\/index.php\/wp-json\/wp\/v2\/types\/post"}],"author":[{"embeddable":true,"href":"https:\/\/expressometro.mx\/index.php\/wp-json\/wp\/v2\/users\/1"}],"replies":[{"embeddable":true,"href":"https:\/\/expressometro.mx\/index.php\/wp-json\/wp\/v2\/comments?post=8142"}],"version-history":[{"count":1,"href":"https:\/\/expressometro.mx\/index.php\/wp-json\/wp\/v2\/posts\/8142\/revisions"}],"predecessor-version":[{"id":8145,"href":"https:\/\/expressometro.mx\/index.php\/wp-json\/wp\/v2\/posts\/8142\/revisions\/8145"}],"wp:featuredmedia":[{"embeddable":true,"href":"https:\/\/expressometro.mx\/index.php\/wp-json\/wp\/v2\/media\/8144"}],"wp:attachment":[{"href":"https:\/\/expressometro.mx\/index.php\/wp-json\/wp\/v2\/media?parent=8142"}],"wp:term":[{"taxonomy":"category","embeddable":true,"href":"https:\/\/expressometro.mx\/index.php\/wp-json\/wp\/v2\/categories?post=8142"},{"taxonomy":"post_tag","embeddable":true,"href":"https:\/\/expressometro.mx\/index.php\/wp-json\/wp\/v2\/tags?post=8142"}],"curies":[{"name":"wp","href":"https:\/\/api.w.org\/{rel}","templated":true}]}}