{"id":8107,"date":"2023-10-21T21:42:50","date_gmt":"2023-10-22T02:42:50","guid":{"rendered":"https:\/\/expressometro.mx\/?p=8107"},"modified":"2023-10-21T21:42:51","modified_gmt":"2023-10-22T02:42:51","slug":"firma-del-convenio-de-coordinacion-para-la-erradicacion-de-la-violencia-familiar-en-jiquipilco","status":"publish","type":"post","link":"https:\/\/expressometro.mx\/index.php\/2023\/10\/21\/firma-del-convenio-de-coordinacion-para-la-erradicacion-de-la-violencia-familiar-en-jiquipilco\/","title":{"rendered":"FIRMA DEL CONVENIO DE COORDINACI\u00d3N PARA LA ERRADICACI\u00d3N DE LA VIOLENCIA FAMILIAR EN JIQUIPILCO"},"content":{"rendered":"\n<p><\/p>\n\n\n\n<p>El Presidente Municipal de Jiquipilco, Felipe de Jes\u00fas S\u00e1nchez D\u00e1vila, en compa\u00f1\u00eda del Sistema DIF de Jiquipilco y en conjunto con municipios de la zona norte del estado y la Procuradur\u00eda de Justicia del Estado de M\u00e9xico, firmaron el Convenio de Coordinaci\u00f3n para la Erradicaci\u00f3n de la Violencia Familiar.<\/p>\n\n\n\n<p>Felipe S\u00e1nchez, siempre ha procurado que su administraci\u00f3n concrete acuerdos que beneficien a las familias jiquipilquenses, y con la firma de este convenio se tiene en la mira, combatir la violencia en sus hogares. Se espera que sea un instrumento de gran eficacia para proveer de justicia a las mujeres y para tomar conciencia de la prevenci\u00f3n, al trabajar en la reconstrucci\u00f3n del tejido social incluso antes de la procuraci\u00f3n de justicia.<\/p>\n\n\n\n<p>El edil resalt\u00f3 que el convenio beneficiar\u00e1 a las mujeres o v\u00edctimas de violencia que se han acercado al juzgado de violencia familiar, que hoy permite ejecutar medidas de protecci\u00f3n de manera inmediata al dictarlas en corto tiempo, como lo manda la Ley General de Acceso a las Mujeres a una Vida Libre de Violencia; para el cumplimiento de dichas medidas de protecci\u00f3n colaboran servidores p\u00fablicos de este municipio.<\/p>\n\n\n\n<p>Una de las prioridades de esta administraci\u00f3n, es el combate a la violencia intrafamiliar, en el que ha puesto especial atenci\u00f3n pues se habla de la ruptura del tejido social como origen de la desintegraci\u00f3n familiar, alcoholismo, adicciones, armas, delincuencia y, en consecuencia, de la inseguridad que prevalece pr\u00e1cticamente en todo el pa\u00eds.<\/p>\n\n\n\n<p>Finalmente, S\u00e1nchez D\u00e1vila exhort\u00f3 a los ciudadanos a buscar la forma de preservar el n\u00facleo familiar, ya que la familia es la instituci\u00f3n fundamental de la sociedad y, con base en ello, la administraci\u00f3n municipal centra sus esfuerzos en lograr que las familias se reconcilien y as\u00ed, aspirar a criar ni\u00f1as y ni\u00f1os felices, y para eso se requiere que las mujeres sean respetadas, apreciadas, amadas, as\u00ed como de un trabajo cercano y coordinado entre gobierno y sociedad.<\/p>\n","protected":false},"excerpt":{"rendered":"<p>El Presidente Municipal de Jiquipilco, Felipe de Jes\u00fas S\u00e1nchez D\u00e1vila, en compa\u00f1\u00eda del Sistema DIF de Jiquipilco y en conjunto con municipios de la zona norte del estado y la Procuradur\u00eda de Justicia del Estado de M\u00e9xico, firmaron el Convenio de Coordinaci\u00f3n para la Erradicaci\u00f3n de la Violencia Familiar.<\/p>\n","protected":false},"author":1,"featured_media":8109,"comment_status":"open","ping_status":"open","sticky":false,"template":"","format":"standard","meta":{"footnotes":""},"categories":[3,231,6],"tags":[1982,1670,86,196],"class_list":["post-8107","post","type-post","status-publish","format-standard","has-post-thumbnail","hentry","category-gobierno","category-politica","category-seguridad","tag-edomex","tag-felipe-de-jesus-sanchez","tag-gem","tag-jiquipilco"],"yoast_head":"<!-- This site is optimized with the Yoast SEO plugin v27.4 - https:\/\/yoast.com\/product\/yoast-seo-wordpress\/ -->\n<title>FIRMA DEL CONVENIO DE COORDINACI\u00d3N PARA LA ERRADICACI\u00d3N DE LA VIOLENCIA FAMILIAR EN JIQUIPILCO - Expresso Metropolitano<\/title>\n<meta name=\"robots\" content=\"index, follow, max-snippet:-1, max-image-preview:large, max-video-preview:-1\" \/>\n<link rel=\"canonical\" href=\"https:\/\/expressometro.mx\/index.php\/2023\/10\/21\/firma-del-convenio-de-coordinacion-para-la-erradicacion-de-la-violencia-familiar-en-jiquipilco\/\" \/>\n<meta property=\"og:locale\" content=\"es_MX\" \/>\n<meta property=\"og:type\" content=\"article\" \/>\n<meta property=\"og:title\" content=\"FIRMA DEL CONVENIO DE COORDINACI\u00d3N PARA LA ERRADICACI\u00d3N DE LA VIOLENCIA FAMILIAR EN JIQUIPILCO - Expresso Metropolitano\" \/>\n<meta property=\"og:description\" content=\"El Presidente Municipal de Jiquipilco, Felipe de Jes\u00fas S\u00e1nchez D\u00e1vila, en compa\u00f1\u00eda del Sistema DIF de Jiquipilco y en conjunto con municipios de la zona norte del estado y la Procuradur\u00eda de Justicia del Estado de M\u00e9xico, firmaron el Convenio de Coordinaci\u00f3n para la Erradicaci\u00f3n de la Violencia Familiar.\" \/>\n<meta property=\"og:url\" content=\"https:\/\/expressometro.mx\/index.php\/2023\/10\/21\/firma-del-convenio-de-coordinacion-para-la-erradicacion-de-la-violencia-familiar-en-jiquipilco\/\" \/>\n<meta property=\"og:site_name\" content=\"Expresso Metropolitano\" \/>\n<meta property=\"article:published_time\" content=\"2023-10-22T02:42:50+00:00\" \/>\n<meta property=\"article:modified_time\" content=\"2023-10-22T02:42:51+00:00\" \/>\n<meta property=\"og:image\" content=\"http:\/\/expressometro.mx\/wp-content\/uploads\/2023\/10\/Jiquipilco-Firma-de-Convenio-Erradicacion-de-Violencia-Intrafamiliar-211023-1.jpg\" \/>\n\t<meta property=\"og:image:width\" content=\"604\" \/>\n\t<meta property=\"og:image:height\" content=\"359\" \/>\n\t<meta property=\"og:image:type\" content=\"image\/jpeg\" \/>\n<meta name=\"author\" content=\"Expresso Metropolitano\" \/>\n<meta name=\"twitter:label1\" content=\"Escrito por\" \/>\n\t<meta name=\"twitter:data1\" content=\"Expresso Metropolitano\" \/>\n\t<meta name=\"twitter:label2\" content=\"Tiempo de lectura\" \/>\n\t<meta name=\"twitter:data2\" content=\"2 minutos\" \/>\n<script type=\"application\/ld+json\" class=\"yoast-schema-graph\">{\"@context\":\"https:\\\/\\\/schema.org\",\"@graph\":[{\"@type\":\"Article\",\"@id\":\"https:\\\/\\\/expressometro.mx\\\/index.php\\\/2023\\\/10\\\/21\\\/firma-del-convenio-de-coordinacion-para-la-erradicacion-de-la-violencia-familiar-en-jiquipilco\\\/#article\",\"isPartOf\":{\"@id\":\"https:\\\/\\\/expressometro.mx\\\/index.php\\\/2023\\\/10\\\/21\\\/firma-del-convenio-de-coordinacion-para-la-erradicacion-de-la-violencia-familiar-en-jiquipilco\\\/\"},\"author\":{\"name\":\"Expresso Metropolitano\",\"@id\":\"https:\\\/\\\/expressometro.mx\\\/#\\\/schema\\\/person\\\/efa971b4a0664db8ed5c22b1b0dd2f5d\"},\"headline\":\"FIRMA DEL CONVENIO DE COORDINACI\u00d3N PARA LA ERRADICACI\u00d3N DE LA VIOLENCIA FAMILIAR EN JIQUIPILCO\",\"datePublished\":\"2023-10-22T02:42:50+00:00\",\"dateModified\":\"2023-10-22T02:42:51+00:00\",\"mainEntityOfPage\":{\"@id\":\"https:\\\/\\\/expressometro.mx\\\/index.php\\\/2023\\\/10\\\/21\\\/firma-del-convenio-de-coordinacion-para-la-erradicacion-de-la-violencia-familiar-en-jiquipilco\\\/\"},\"wordCount\":366,\"commentCount\":0,\"publisher\":{\"@id\":\"https:\\\/\\\/expressometro.mx\\\/#organization\"},\"image\":{\"@id\":\"https:\\\/\\\/expressometro.mx\\\/index.php\\\/2023\\\/10\\\/21\\\/firma-del-convenio-de-coordinacion-para-la-erradicacion-de-la-violencia-familiar-en-jiquipilco\\\/#primaryimage\"},\"thumbnailUrl\":\"https:\\\/\\\/expressometro.mx\\\/wp-content\\\/uploads\\\/2023\\\/10\\\/Jiquipilco-Firma-de-Convenio-Erradicacion-de-Violencia-Intrafamiliar-211023-1.jpg\",\"keywords\":[\"Edomex\",\"Felipe de Jes\u00fas S\u00e1nchez\",\"GEM\",\"Jiquipilco\"],\"articleSection\":[\"Gobierno\",\"Pol\u00edtica\",\"Seguridad\"],\"inLanguage\":\"es\",\"potentialAction\":[{\"@type\":\"CommentAction\",\"name\":\"Comment\",\"target\":[\"https:\\\/\\\/expressometro.mx\\\/index.php\\\/2023\\\/10\\\/21\\\/firma-del-convenio-de-coordinacion-para-la-erradicacion-de-la-violencia-familiar-en-jiquipilco\\\/#respond\"]}]},{\"@type\":\"WebPage\",\"@id\":\"https:\\\/\\\/expressometro.mx\\\/index.php\\\/2023\\\/10\\\/21\\\/firma-del-convenio-de-coordinacion-para-la-erradicacion-de-la-violencia-familiar-en-jiquipilco\\\/\",\"url\":\"https:\\\/\\\/expressometro.mx\\\/index.php\\\/2023\\\/10\\\/21\\\/firma-del-convenio-de-coordinacion-para-la-erradicacion-de-la-violencia-familiar-en-jiquipilco\\\/\",\"name\":\"FIRMA DEL CONVENIO DE COORDINACI\u00d3N PARA LA ERRADICACI\u00d3N DE LA VIOLENCIA FAMILIAR EN JIQUIPILCO - Expresso Metropolitano\",\"isPartOf\":{\"@id\":\"https:\\\/\\\/expressometro.mx\\\/#website\"},\"primaryImageOfPage\":{\"@id\":\"https:\\\/\\\/expressometro.mx\\\/index.php\\\/2023\\\/10\\\/21\\\/firma-del-convenio-de-coordinacion-para-la-erradicacion-de-la-violencia-familiar-en-jiquipilco\\\/#primaryimage\"},\"image\":{\"@id\":\"https:\\\/\\\/expressometro.mx\\\/index.php\\\/2023\\\/10\\\/21\\\/firma-del-convenio-de-coordinacion-para-la-erradicacion-de-la-violencia-familiar-en-jiquipilco\\\/#primaryimage\"},\"thumbnailUrl\":\"https:\\\/\\\/expressometro.mx\\\/wp-content\\\/uploads\\\/2023\\\/10\\\/Jiquipilco-Firma-de-Convenio-Erradicacion-de-Violencia-Intrafamiliar-211023-1.jpg\",\"datePublished\":\"2023-10-22T02:42:50+00:00\",\"dateModified\":\"2023-10-22T02:42:51+00:00\",\"breadcrumb\":{\"@id\":\"https:\\\/\\\/expressometro.mx\\\/index.php\\\/2023\\\/10\\\/21\\\/firma-del-convenio-de-coordinacion-para-la-erradicacion-de-la-violencia-familiar-en-jiquipilco\\\/#breadcrumb\"},\"inLanguage\":\"es\",\"potentialAction\":[{\"@type\":\"ReadAction\",\"target\":[\"https:\\\/\\\/expressometro.mx\\\/index.php\\\/2023\\\/10\\\/21\\\/firma-del-convenio-de-coordinacion-para-la-erradicacion-de-la-violencia-familiar-en-jiquipilco\\\/\"]}]},{\"@type\":\"ImageObject\",\"inLanguage\":\"es\",\"@id\":\"https:\\\/\\\/expressometro.mx\\\/index.php\\\/2023\\\/10\\\/21\\\/firma-del-convenio-de-coordinacion-para-la-erradicacion-de-la-violencia-familiar-en-jiquipilco\\\/#primaryimage\",\"url\":\"https:\\\/\\\/expressometro.mx\\\/wp-content\\\/uploads\\\/2023\\\/10\\\/Jiquipilco-Firma-de-Convenio-Erradicacion-de-Violencia-Intrafamiliar-211023-1.jpg\",\"contentUrl\":\"https:\\\/\\\/expressometro.mx\\\/wp-content\\\/uploads\\\/2023\\\/10\\\/Jiquipilco-Firma-de-Convenio-Erradicacion-de-Violencia-Intrafamiliar-211023-1.jpg\",\"width\":604,\"height\":359},{\"@type\":\"BreadcrumbList\",\"@id\":\"https:\\\/\\\/expressometro.mx\\\/index.php\\\/2023\\\/10\\\/21\\\/firma-del-convenio-de-coordinacion-para-la-erradicacion-de-la-violencia-familiar-en-jiquipilco\\\/#breadcrumb\",\"itemListElement\":[{\"@type\":\"ListItem\",\"position\":1,\"name\":\"Inicio\",\"item\":\"https:\\\/\\\/expressometro.mx\\\/\"},{\"@type\":\"ListItem\",\"position\":2,\"name\":\"FIRMA DEL CONVENIO DE COORDINACI\u00d3N PARA LA ERRADICACI\u00d3N DE LA VIOLENCIA FAMILIAR EN JIQUIPILCO\"}]},{\"@type\":\"WebSite\",\"@id\":\"https:\\\/\\\/expressometro.mx\\\/#website\",\"url\":\"https:\\\/\\\/expressometro.mx\\\/\",\"name\":\"Expresso Metropolitano\",\"description\":\"Periodismo comprometido, informaci\u00f3n, investigaci\u00f3n y an\u00e1lisis\",\"publisher\":{\"@id\":\"https:\\\/\\\/expressometro.mx\\\/#organization\"},\"potentialAction\":[{\"@type\":\"SearchAction\",\"target\":{\"@type\":\"EntryPoint\",\"urlTemplate\":\"https:\\\/\\\/expressometro.mx\\\/?s={search_term_string}\"},\"query-input\":{\"@type\":\"PropertyValueSpecification\",\"valueRequired\":true,\"valueName\":\"search_term_string\"}}],\"inLanguage\":\"es\"},{\"@type\":\"Organization\",\"@id\":\"https:\\\/\\\/expressometro.mx\\\/#organization\",\"name\":\"Expresso Metropolitano\",\"url\":\"https:\\\/\\\/expressometro.mx\\\/\",\"logo\":{\"@type\":\"ImageObject\",\"inLanguage\":\"es\",\"@id\":\"https:\\\/\\\/expressometro.mx\\\/#\\\/schema\\\/logo\\\/image\\\/\",\"url\":\"https:\\\/\\\/expressometro.mx\\\/wp-content\\\/uploads\\\/2019\\\/07\\\/cropped-Logo-Expresso-Metropolitano-1-1.jpeg\",\"contentUrl\":\"https:\\\/\\\/expressometro.mx\\\/wp-content\\\/uploads\\\/2019\\\/07\\\/cropped-Logo-Expresso-Metropolitano-1-1.jpeg\",\"width\":290,\"height\":73,\"caption\":\"Expresso Metropolitano\"},\"image\":{\"@id\":\"https:\\\/\\\/expressometro.mx\\\/#\\\/schema\\\/logo\\\/image\\\/\"}},{\"@type\":\"Person\",\"@id\":\"https:\\\/\\\/expressometro.mx\\\/#\\\/schema\\\/person\\\/efa971b4a0664db8ed5c22b1b0dd2f5d\",\"name\":\"Expresso Metropolitano\",\"image\":{\"@type\":\"ImageObject\",\"inLanguage\":\"es\",\"@id\":\"https:\\\/\\\/secure.gravatar.com\\\/avatar\\\/a89f802b8de18c6952f223c88d3d106e9e3679839f4e25a02f4a6cc2ae6ba3b3?s=96&d=mm&r=g\",\"url\":\"https:\\\/\\\/secure.gravatar.com\\\/avatar\\\/a89f802b8de18c6952f223c88d3d106e9e3679839f4e25a02f4a6cc2ae6ba3b3?s=96&d=mm&r=g\",\"contentUrl\":\"https:\\\/\\\/secure.gravatar.com\\\/avatar\\\/a89f802b8de18c6952f223c88d3d106e9e3679839f4e25a02f4a6cc2ae6ba3b3?s=96&d=mm&r=g\",\"caption\":\"Expresso Metropolitano\"},\"url\":\"https:\\\/\\\/expressometro.mx\\\/index.php\\\/author\\\/diego\\\/\"}]}<\/script>\n<!-- \/ Yoast SEO plugin. -->","yoast_head_json":{"title":"FIRMA DEL CONVENIO DE COORDINACI\u00d3N PARA LA ERRADICACI\u00d3N DE LA VIOLENCIA FAMILIAR EN JIQUIPILCO - Expresso Metropolitano","robots":{"index":"index","follow":"follow","max-snippet":"max-snippet:-1","max-image-preview":"max-image-preview:large","max-video-preview":"max-video-preview:-1"},"canonical":"https:\/\/expressometro.mx\/index.php\/2023\/10\/21\/firma-del-convenio-de-coordinacion-para-la-erradicacion-de-la-violencia-familiar-en-jiquipilco\/","og_locale":"es_MX","og_type":"article","og_title":"FIRMA DEL CONVENIO DE COORDINACI\u00d3N PARA LA ERRADICACI\u00d3N DE LA VIOLENCIA FAMILIAR EN JIQUIPILCO - Expresso Metropolitano","og_description":"El Presidente Municipal de Jiquipilco, Felipe de Jes\u00fas S\u00e1nchez D\u00e1vila, en compa\u00f1\u00eda del Sistema DIF de Jiquipilco y en conjunto con municipios de la zona norte del estado y la Procuradur\u00eda de Justicia del Estado de M\u00e9xico, firmaron el Convenio de Coordinaci\u00f3n para la Erradicaci\u00f3n de la Violencia Familiar.","og_url":"https:\/\/expressometro.mx\/index.php\/2023\/10\/21\/firma-del-convenio-de-coordinacion-para-la-erradicacion-de-la-violencia-familiar-en-jiquipilco\/","og_site_name":"Expresso Metropolitano","article_published_time":"2023-10-22T02:42:50+00:00","article_modified_time":"2023-10-22T02:42:51+00:00","og_image":[{"width":604,"height":359,"url":"http:\/\/expressometro.mx\/wp-content\/uploads\/2023\/10\/Jiquipilco-Firma-de-Convenio-Erradicacion-de-Violencia-Intrafamiliar-211023-1.jpg","type":"image\/jpeg"}],"author":"Expresso Metropolitano","twitter_misc":{"Escrito por":"Expresso Metropolitano","Tiempo de lectura":"2 minutos"},"schema":{"@context":"https:\/\/schema.org","@graph":[{"@type":"Article","@id":"https:\/\/expressometro.mx\/index.php\/2023\/10\/21\/firma-del-convenio-de-coordinacion-para-la-erradicacion-de-la-violencia-familiar-en-jiquipilco\/#article","isPartOf":{"@id":"https:\/\/expressometro.mx\/index.php\/2023\/10\/21\/firma-del-convenio-de-coordinacion-para-la-erradicacion-de-la-violencia-familiar-en-jiquipilco\/"},"author":{"name":"Expresso Metropolitano","@id":"https:\/\/expressometro.mx\/#\/schema\/person\/efa971b4a0664db8ed5c22b1b0dd2f5d"},"headline":"FIRMA DEL CONVENIO DE COORDINACI\u00d3N PARA LA ERRADICACI\u00d3N DE LA VIOLENCIA FAMILIAR EN JIQUIPILCO","datePublished":"2023-10-22T02:42:50+00:00","dateModified":"2023-10-22T02:42:51+00:00","mainEntityOfPage":{"@id":"https:\/\/expressometro.mx\/index.php\/2023\/10\/21\/firma-del-convenio-de-coordinacion-para-la-erradicacion-de-la-violencia-familiar-en-jiquipilco\/"},"wordCount":366,"commentCount":0,"publisher":{"@id":"https:\/\/expressometro.mx\/#organization"},"image":{"@id":"https:\/\/expressometro.mx\/index.php\/2023\/10\/21\/firma-del-convenio-de-coordinacion-para-la-erradicacion-de-la-violencia-familiar-en-jiquipilco\/#primaryimage"},"thumbnailUrl":"https:\/\/expressometro.mx\/wp-content\/uploads\/2023\/10\/Jiquipilco-Firma-de-Convenio-Erradicacion-de-Violencia-Intrafamiliar-211023-1.jpg","keywords":["Edomex","Felipe de Jes\u00fas S\u00e1nchez","GEM","Jiquipilco"],"articleSection":["Gobierno","Pol\u00edtica","Seguridad"],"inLanguage":"es","potentialAction":[{"@type":"CommentAction","name":"Comment","target":["https:\/\/expressometro.mx\/index.php\/2023\/10\/21\/firma-del-convenio-de-coordinacion-para-la-erradicacion-de-la-violencia-familiar-en-jiquipilco\/#respond"]}]},{"@type":"WebPage","@id":"https:\/\/expressometro.mx\/index.php\/2023\/10\/21\/firma-del-convenio-de-coordinacion-para-la-erradicacion-de-la-violencia-familiar-en-jiquipilco\/","url":"https:\/\/expressometro.mx\/index.php\/2023\/10\/21\/firma-del-convenio-de-coordinacion-para-la-erradicacion-de-la-violencia-familiar-en-jiquipilco\/","name":"FIRMA DEL CONVENIO DE COORDINACI\u00d3N PARA LA ERRADICACI\u00d3N DE LA VIOLENCIA FAMILIAR EN JIQUIPILCO - Expresso Metropolitano","isPartOf":{"@id":"https:\/\/expressometro.mx\/#website"},"primaryImageOfPage":{"@id":"https:\/\/expressometro.mx\/index.php\/2023\/10\/21\/firma-del-convenio-de-coordinacion-para-la-erradicacion-de-la-violencia-familiar-en-jiquipilco\/#primaryimage"},"image":{"@id":"https:\/\/expressometro.mx\/index.php\/2023\/10\/21\/firma-del-convenio-de-coordinacion-para-la-erradicacion-de-la-violencia-familiar-en-jiquipilco\/#primaryimage"},"thumbnailUrl":"https:\/\/expressometro.mx\/wp-content\/uploads\/2023\/10\/Jiquipilco-Firma-de-Convenio-Erradicacion-de-Violencia-Intrafamiliar-211023-1.jpg","datePublished":"2023-10-22T02:42:50+00:00","dateModified":"2023-10-22T02:42:51+00:00","breadcrumb":{"@id":"https:\/\/expressometro.mx\/index.php\/2023\/10\/21\/firma-del-convenio-de-coordinacion-para-la-erradicacion-de-la-violencia-familiar-en-jiquipilco\/#breadcrumb"},"inLanguage":"es","potentialAction":[{"@type":"ReadAction","target":["https:\/\/expressometro.mx\/index.php\/2023\/10\/21\/firma-del-convenio-de-coordinacion-para-la-erradicacion-de-la-violencia-familiar-en-jiquipilco\/"]}]},{"@type":"ImageObject","inLanguage":"es","@id":"https:\/\/expressometro.mx\/index.php\/2023\/10\/21\/firma-del-convenio-de-coordinacion-para-la-erradicacion-de-la-violencia-familiar-en-jiquipilco\/#primaryimage","url":"https:\/\/expressometro.mx\/wp-content\/uploads\/2023\/10\/Jiquipilco-Firma-de-Convenio-Erradicacion-de-Violencia-Intrafamiliar-211023-1.jpg","contentUrl":"https:\/\/expressometro.mx\/wp-content\/uploads\/2023\/10\/Jiquipilco-Firma-de-Convenio-Erradicacion-de-Violencia-Intrafamiliar-211023-1.jpg","width":604,"height":359},{"@type":"BreadcrumbList","@id":"https:\/\/expressometro.mx\/index.php\/2023\/10\/21\/firma-del-convenio-de-coordinacion-para-la-erradicacion-de-la-violencia-familiar-en-jiquipilco\/#breadcrumb","itemListElement":[{"@type":"ListItem","position":1,"name":"Inicio","item":"https:\/\/expressometro.mx\/"},{"@type":"ListItem","position":2,"name":"FIRMA DEL CONVENIO DE COORDINACI\u00d3N PARA LA ERRADICACI\u00d3N DE LA VIOLENCIA FAMILIAR EN JIQUIPILCO"}]},{"@type":"WebSite","@id":"https:\/\/expressometro.mx\/#website","url":"https:\/\/expressometro.mx\/","name":"Expresso Metropolitano","description":"Periodismo comprometido, informaci\u00f3n, investigaci\u00f3n y an\u00e1lisis","publisher":{"@id":"https:\/\/expressometro.mx\/#organization"},"potentialAction":[{"@type":"SearchAction","target":{"@type":"EntryPoint","urlTemplate":"https:\/\/expressometro.mx\/?s={search_term_string}"},"query-input":{"@type":"PropertyValueSpecification","valueRequired":true,"valueName":"search_term_string"}}],"inLanguage":"es"},{"@type":"Organization","@id":"https:\/\/expressometro.mx\/#organization","name":"Expresso Metropolitano","url":"https:\/\/expressometro.mx\/","logo":{"@type":"ImageObject","inLanguage":"es","@id":"https:\/\/expressometro.mx\/#\/schema\/logo\/image\/","url":"https:\/\/expressometro.mx\/wp-content\/uploads\/2019\/07\/cropped-Logo-Expresso-Metropolitano-1-1.jpeg","contentUrl":"https:\/\/expressometro.mx\/wp-content\/uploads\/2019\/07\/cropped-Logo-Expresso-Metropolitano-1-1.jpeg","width":290,"height":73,"caption":"Expresso Metropolitano"},"image":{"@id":"https:\/\/expressometro.mx\/#\/schema\/logo\/image\/"}},{"@type":"Person","@id":"https:\/\/expressometro.mx\/#\/schema\/person\/efa971b4a0664db8ed5c22b1b0dd2f5d","name":"Expresso Metropolitano","image":{"@type":"ImageObject","inLanguage":"es","@id":"https:\/\/secure.gravatar.com\/avatar\/a89f802b8de18c6952f223c88d3d106e9e3679839f4e25a02f4a6cc2ae6ba3b3?s=96&d=mm&r=g","url":"https:\/\/secure.gravatar.com\/avatar\/a89f802b8de18c6952f223c88d3d106e9e3679839f4e25a02f4a6cc2ae6ba3b3?s=96&d=mm&r=g","contentUrl":"https:\/\/secure.gravatar.com\/avatar\/a89f802b8de18c6952f223c88d3d106e9e3679839f4e25a02f4a6cc2ae6ba3b3?s=96&d=mm&r=g","caption":"Expresso Metropolitano"},"url":"https:\/\/expressometro.mx\/index.php\/author\/diego\/"}]}},"amp_enabled":true,"_links":{"self":[{"href":"https:\/\/expressometro.mx\/index.php\/wp-json\/wp\/v2\/posts\/8107","targetHints":{"allow":["GET"]}}],"collection":[{"href":"https:\/\/expressometro.mx\/index.php\/wp-json\/wp\/v2\/posts"}],"about":[{"href":"https:\/\/expressometro.mx\/index.php\/wp-json\/wp\/v2\/types\/post"}],"author":[{"embeddable":true,"href":"https:\/\/expressometro.mx\/index.php\/wp-json\/wp\/v2\/users\/1"}],"replies":[{"embeddable":true,"href":"https:\/\/expressometro.mx\/index.php\/wp-json\/wp\/v2\/comments?post=8107"}],"version-history":[{"count":1,"href":"https:\/\/expressometro.mx\/index.php\/wp-json\/wp\/v2\/posts\/8107\/revisions"}],"predecessor-version":[{"id":8110,"href":"https:\/\/expressometro.mx\/index.php\/wp-json\/wp\/v2\/posts\/8107\/revisions\/8110"}],"wp:featuredmedia":[{"embeddable":true,"href":"https:\/\/expressometro.mx\/index.php\/wp-json\/wp\/v2\/media\/8109"}],"wp:attachment":[{"href":"https:\/\/expressometro.mx\/index.php\/wp-json\/wp\/v2\/media?parent=8107"}],"wp:term":[{"taxonomy":"category","embeddable":true,"href":"https:\/\/expressometro.mx\/index.php\/wp-json\/wp\/v2\/categories?post=8107"},{"taxonomy":"post_tag","embeddable":true,"href":"https:\/\/expressometro.mx\/index.php\/wp-json\/wp\/v2\/tags?post=8107"}],"curies":[{"name":"wp","href":"https:\/\/api.w.org\/{rel}","templated":true}]}}