{"id":808,"date":"2019-10-03T14:42:18","date_gmt":"2019-10-03T19:42:18","guid":{"rendered":"http:\/\/expressometro.mx\/?p=808"},"modified":"2019-10-04T14:44:03","modified_gmt":"2019-10-04T19:44:03","slug":"cabildo-exhorta-a-optimizar-acciones-contra-la-violencia-de-genero","status":"publish","type":"post","link":"https:\/\/expressometro.mx\/index.php\/2019\/10\/03\/cabildo-exhorta-a-optimizar-acciones-contra-la-violencia-de-genero\/","title":{"rendered":"Cabildo exhorta a optimizar acciones contra la violencia de g\u00e9nero"},"content":{"rendered":"\n<p>Reforzar las acciones para prevenir y eliminar la violencia contra las ni\u00f1as y mujeres, fue el principal pronunciamiento de los ediles en la trig\u00e9simo s\u00e9ptima sesi\u00f3n de Cabildo, con car\u00e1cter de ordinaria del Ayuntamiento de Cuautitl\u00e1n Izcalli, encabezado por Ricardo N\u00fa\u00f1ez Ayala.<\/p>\n\n\n\n<p>La reacci\u00f3n fue motivada debido a que se tuvo conocimiento de la emisi\u00f3n de la segunda declaratoria de Alerta de G\u00e9nero en diferentes municipios del Estado de M\u00e9xico, por la Comisi\u00f3n Nacional para Prevenir y Erradicar la Violencia contra las Mujeres (CONAVIM), principalmente en materia por delito de desaparici\u00f3n.<\/p>\n\n\n\n<p>El alcalde, Ricardo N\u00fa\u00f1ez, estuvo ausente en la sesi\u00f3n por causas de salud, por lo que el encargado de presidir el Cabildo fue el secretario del Ayuntamiento, Maurilio Contreras Su\u00e1rez, mientras que el octavo regidor, Agust\u00edn Mercado Ben\u00edtez, fungi\u00f3 como secretario.<\/p>\n\n\n\n<p>Dentro del orden del d\u00eda se desahog\u00f3 la aprobaci\u00f3n de la convocatoria p\u00fablica a los habitantes del municipio para participar en la sesi\u00f3n del Ayuntamiento en Cabildo abierto, que se celebrar\u00e1 el d\u00eda 31 de octubre a las 11:00 horas, en el predio ubicado entre la avenida Paseos del Alba y la calle Parque Zoquipan, Fraccionamiento Urbano Jardines del Alba.<\/p>\n\n\n\n<p>Adem\u00e1s, se aprob\u00f3 la designaci\u00f3n de la novena regidora, Margarita Rivero R\u00edos, como secretaria t\u00e9cnica de la Comisi\u00f3n Municipal de Evaluaci\u00f3n y Reconocimiento P\u00fablico de Cuautitl\u00e1n Izcalli.<\/p>\n\n\n\n<p>Por otro lado, se notific\u00f3 al Ayuntamiento que el periodista Fernando Rangel Yescas se incorpora al Mecanismo para la Protecci\u00f3n de Personas Defensoras de Derechos Humanos y Periodistas, a efecto de garantizar que no se incremente la vulneraci\u00f3n de quienes ejerzan su derecho a la libertad de expresi\u00f3n.<\/p>\n","protected":false},"excerpt":{"rendered":"<p>Reforzar las acciones para prevenir y eliminar la violencia contra las ni\u00f1as y mujeres, fue el principal pronunciamiento de los ediles en la trig\u00e9simo s\u00e9ptima sesi\u00f3n de Cabildo, con car\u00e1cter de ordinaria del Ayuntamiento de Cuautitl\u00e1n Izcalli, encabezado por Ricardo N\u00fa\u00f1ez Ayala. La reacci\u00f3n fue motivada debido a que se tuvo conocimiento de la emisi\u00f3n de la segunda declaratoria de Alerta de G\u00e9nero en diferentes municipios del Estado de M\u00e9xico, por la Comisi\u00f3n Nacional para Prevenir y Erradicar la Violencia contra las Mujeres (CONAVIM), principalmente en materia por delito de&hellip;<\/p>\n","protected":false},"author":1,"featured_media":809,"comment_status":"open","ping_status":"open","sticky":false,"template":"","format":"standard","meta":{"footnotes":""},"categories":[3,6],"tags":[],"class_list":["post-808","post","type-post","status-publish","format-standard","has-post-thumbnail","hentry","category-gobierno","category-seguridad"],"yoast_head":"<!-- This site is optimized with the Yoast SEO plugin v27.4 - https:\/\/yoast.com\/product\/yoast-seo-wordpress\/ -->\n<title>Cabildo exhorta a optimizar acciones contra la violencia de g\u00e9nero - Expresso Metropolitano<\/title>\n<meta name=\"robots\" content=\"index, follow, max-snippet:-1, max-image-preview:large, max-video-preview:-1\" \/>\n<link rel=\"canonical\" href=\"https:\/\/expressometro.mx\/index.php\/2019\/10\/03\/cabildo-exhorta-a-optimizar-acciones-contra-la-violencia-de-genero\/\" \/>\n<meta property=\"og:locale\" content=\"es_MX\" \/>\n<meta property=\"og:type\" content=\"article\" \/>\n<meta property=\"og:title\" content=\"Cabildo exhorta a optimizar acciones contra la violencia de g\u00e9nero - Expresso Metropolitano\" \/>\n<meta property=\"og:description\" content=\"Reforzar las acciones para prevenir y eliminar la violencia contra las ni\u00f1as y mujeres, fue el principal pronunciamiento de los ediles en la trig\u00e9simo s\u00e9ptima sesi\u00f3n de Cabildo, con car\u00e1cter de ordinaria del Ayuntamiento de Cuautitl\u00e1n Izcalli, encabezado por Ricardo N\u00fa\u00f1ez Ayala. La reacci\u00f3n fue motivada debido a que se tuvo conocimiento de la emisi\u00f3n de la segunda declaratoria de Alerta de G\u00e9nero en diferentes municipios del Estado de M\u00e9xico, por la Comisi\u00f3n Nacional para Prevenir y Erradicar la Violencia contra las Mujeres (CONAVIM), principalmente en materia por delito de&hellip;\" \/>\n<meta property=\"og:url\" content=\"https:\/\/expressometro.mx\/index.php\/2019\/10\/03\/cabildo-exhorta-a-optimizar-acciones-contra-la-violencia-de-genero\/\" \/>\n<meta property=\"og:site_name\" content=\"Expresso Metropolitano\" \/>\n<meta property=\"article:published_time\" content=\"2019-10-03T19:42:18+00:00\" \/>\n<meta property=\"article:modified_time\" content=\"2019-10-04T19:44:03+00:00\" \/>\n<meta property=\"og:image\" content=\"https:\/\/expressometro.mx\/wp-content\/uploads\/2019\/10\/B310_01-1024x682.jpg\" \/>\n\t<meta property=\"og:image:width\" content=\"1024\" \/>\n\t<meta property=\"og:image:height\" content=\"682\" \/>\n\t<meta property=\"og:image:type\" content=\"image\/jpeg\" \/>\n<meta name=\"author\" content=\"Expresso Metropolitano\" \/>\n<meta name=\"twitter:label1\" content=\"Escrito por\" \/>\n\t<meta name=\"twitter:data1\" content=\"Expresso Metropolitano\" \/>\n\t<meta name=\"twitter:label2\" content=\"Tiempo de lectura\" \/>\n\t<meta name=\"twitter:data2\" content=\"1 minuto\" \/>\n<script type=\"application\/ld+json\" class=\"yoast-schema-graph\">{\"@context\":\"https:\\\/\\\/schema.org\",\"@graph\":[{\"@type\":\"Article\",\"@id\":\"https:\\\/\\\/expressometro.mx\\\/index.php\\\/2019\\\/10\\\/03\\\/cabildo-exhorta-a-optimizar-acciones-contra-la-violencia-de-genero\\\/#article\",\"isPartOf\":{\"@id\":\"https:\\\/\\\/expressometro.mx\\\/index.php\\\/2019\\\/10\\\/03\\\/cabildo-exhorta-a-optimizar-acciones-contra-la-violencia-de-genero\\\/\"},\"author\":{\"name\":\"Expresso Metropolitano\",\"@id\":\"https:\\\/\\\/expressometro.mx\\\/#\\\/schema\\\/person\\\/efa971b4a0664db8ed5c22b1b0dd2f5d\"},\"headline\":\"Cabildo exhorta a optimizar acciones contra la violencia de g\u00e9nero\",\"datePublished\":\"2019-10-03T19:42:18+00:00\",\"dateModified\":\"2019-10-04T19:44:03+00:00\",\"mainEntityOfPage\":{\"@id\":\"https:\\\/\\\/expressometro.mx\\\/index.php\\\/2019\\\/10\\\/03\\\/cabildo-exhorta-a-optimizar-acciones-contra-la-violencia-de-genero\\\/\"},\"wordCount\":310,\"commentCount\":0,\"publisher\":{\"@id\":\"https:\\\/\\\/expressometro.mx\\\/#organization\"},\"image\":{\"@id\":\"https:\\\/\\\/expressometro.mx\\\/index.php\\\/2019\\\/10\\\/03\\\/cabildo-exhorta-a-optimizar-acciones-contra-la-violencia-de-genero\\\/#primaryimage\"},\"thumbnailUrl\":\"https:\\\/\\\/expressometro.mx\\\/wp-content\\\/uploads\\\/2019\\\/10\\\/B310_01-1024x682.jpg\",\"articleSection\":[\"Gobierno\",\"Seguridad\"],\"inLanguage\":\"es\",\"potentialAction\":[{\"@type\":\"CommentAction\",\"name\":\"Comment\",\"target\":[\"https:\\\/\\\/expressometro.mx\\\/index.php\\\/2019\\\/10\\\/03\\\/cabildo-exhorta-a-optimizar-acciones-contra-la-violencia-de-genero\\\/#respond\"]}]},{\"@type\":\"WebPage\",\"@id\":\"https:\\\/\\\/expressometro.mx\\\/index.php\\\/2019\\\/10\\\/03\\\/cabildo-exhorta-a-optimizar-acciones-contra-la-violencia-de-genero\\\/\",\"url\":\"https:\\\/\\\/expressometro.mx\\\/index.php\\\/2019\\\/10\\\/03\\\/cabildo-exhorta-a-optimizar-acciones-contra-la-violencia-de-genero\\\/\",\"name\":\"Cabildo exhorta a optimizar acciones contra la violencia de g\u00e9nero - Expresso Metropolitano\",\"isPartOf\":{\"@id\":\"https:\\\/\\\/expressometro.mx\\\/#website\"},\"primaryImageOfPage\":{\"@id\":\"https:\\\/\\\/expressometro.mx\\\/index.php\\\/2019\\\/10\\\/03\\\/cabildo-exhorta-a-optimizar-acciones-contra-la-violencia-de-genero\\\/#primaryimage\"},\"image\":{\"@id\":\"https:\\\/\\\/expressometro.mx\\\/index.php\\\/2019\\\/10\\\/03\\\/cabildo-exhorta-a-optimizar-acciones-contra-la-violencia-de-genero\\\/#primaryimage\"},\"thumbnailUrl\":\"https:\\\/\\\/expressometro.mx\\\/wp-content\\\/uploads\\\/2019\\\/10\\\/B310_01-1024x682.jpg\",\"datePublished\":\"2019-10-03T19:42:18+00:00\",\"dateModified\":\"2019-10-04T19:44:03+00:00\",\"breadcrumb\":{\"@id\":\"https:\\\/\\\/expressometro.mx\\\/index.php\\\/2019\\\/10\\\/03\\\/cabildo-exhorta-a-optimizar-acciones-contra-la-violencia-de-genero\\\/#breadcrumb\"},\"inLanguage\":\"es\",\"potentialAction\":[{\"@type\":\"ReadAction\",\"target\":[\"https:\\\/\\\/expressometro.mx\\\/index.php\\\/2019\\\/10\\\/03\\\/cabildo-exhorta-a-optimizar-acciones-contra-la-violencia-de-genero\\\/\"]}]},{\"@type\":\"ImageObject\",\"inLanguage\":\"es\",\"@id\":\"https:\\\/\\\/expressometro.mx\\\/index.php\\\/2019\\\/10\\\/03\\\/cabildo-exhorta-a-optimizar-acciones-contra-la-violencia-de-genero\\\/#primaryimage\",\"url\":\"https:\\\/\\\/expressometro.mx\\\/wp-content\\\/uploads\\\/2019\\\/10\\\/B310_01-1024x682.jpg\",\"contentUrl\":\"https:\\\/\\\/expressometro.mx\\\/wp-content\\\/uploads\\\/2019\\\/10\\\/B310_01-1024x682.jpg\",\"width\":1024,\"height\":682},{\"@type\":\"BreadcrumbList\",\"@id\":\"https:\\\/\\\/expressometro.mx\\\/index.php\\\/2019\\\/10\\\/03\\\/cabildo-exhorta-a-optimizar-acciones-contra-la-violencia-de-genero\\\/#breadcrumb\",\"itemListElement\":[{\"@type\":\"ListItem\",\"position\":1,\"name\":\"Inicio\",\"item\":\"https:\\\/\\\/expressometro.mx\\\/\"},{\"@type\":\"ListItem\",\"position\":2,\"name\":\"Cabildo exhorta a optimizar acciones contra la violencia de g\u00e9nero\"}]},{\"@type\":\"WebSite\",\"@id\":\"https:\\\/\\\/expressometro.mx\\\/#website\",\"url\":\"https:\\\/\\\/expressometro.mx\\\/\",\"name\":\"Expresso Metropolitano\",\"description\":\"Periodismo comprometido, informaci\u00f3n, investigaci\u00f3n y an\u00e1lisis\",\"publisher\":{\"@id\":\"https:\\\/\\\/expressometro.mx\\\/#organization\"},\"potentialAction\":[{\"@type\":\"SearchAction\",\"target\":{\"@type\":\"EntryPoint\",\"urlTemplate\":\"https:\\\/\\\/expressometro.mx\\\/?s={search_term_string}\"},\"query-input\":{\"@type\":\"PropertyValueSpecification\",\"valueRequired\":true,\"valueName\":\"search_term_string\"}}],\"inLanguage\":\"es\"},{\"@type\":\"Organization\",\"@id\":\"https:\\\/\\\/expressometro.mx\\\/#organization\",\"name\":\"Expresso Metropolitano\",\"url\":\"https:\\\/\\\/expressometro.mx\\\/\",\"logo\":{\"@type\":\"ImageObject\",\"inLanguage\":\"es\",\"@id\":\"https:\\\/\\\/expressometro.mx\\\/#\\\/schema\\\/logo\\\/image\\\/\",\"url\":\"https:\\\/\\\/expressometro.mx\\\/wp-content\\\/uploads\\\/2019\\\/07\\\/cropped-Logo-Expresso-Metropolitano-1-1.jpeg\",\"contentUrl\":\"https:\\\/\\\/expressometro.mx\\\/wp-content\\\/uploads\\\/2019\\\/07\\\/cropped-Logo-Expresso-Metropolitano-1-1.jpeg\",\"width\":290,\"height\":73,\"caption\":\"Expresso Metropolitano\"},\"image\":{\"@id\":\"https:\\\/\\\/expressometro.mx\\\/#\\\/schema\\\/logo\\\/image\\\/\"}},{\"@type\":\"Person\",\"@id\":\"https:\\\/\\\/expressometro.mx\\\/#\\\/schema\\\/person\\\/efa971b4a0664db8ed5c22b1b0dd2f5d\",\"name\":\"Expresso Metropolitano\",\"image\":{\"@type\":\"ImageObject\",\"inLanguage\":\"es\",\"@id\":\"https:\\\/\\\/secure.gravatar.com\\\/avatar\\\/a89f802b8de18c6952f223c88d3d106e9e3679839f4e25a02f4a6cc2ae6ba3b3?s=96&d=mm&r=g\",\"url\":\"https:\\\/\\\/secure.gravatar.com\\\/avatar\\\/a89f802b8de18c6952f223c88d3d106e9e3679839f4e25a02f4a6cc2ae6ba3b3?s=96&d=mm&r=g\",\"contentUrl\":\"https:\\\/\\\/secure.gravatar.com\\\/avatar\\\/a89f802b8de18c6952f223c88d3d106e9e3679839f4e25a02f4a6cc2ae6ba3b3?s=96&d=mm&r=g\",\"caption\":\"Expresso Metropolitano\"},\"url\":\"https:\\\/\\\/expressometro.mx\\\/index.php\\\/author\\\/diego\\\/\"}]}<\/script>\n<!-- \/ Yoast SEO plugin. -->","yoast_head_json":{"title":"Cabildo exhorta a optimizar acciones contra la violencia de g\u00e9nero - Expresso Metropolitano","robots":{"index":"index","follow":"follow","max-snippet":"max-snippet:-1","max-image-preview":"max-image-preview:large","max-video-preview":"max-video-preview:-1"},"canonical":"https:\/\/expressometro.mx\/index.php\/2019\/10\/03\/cabildo-exhorta-a-optimizar-acciones-contra-la-violencia-de-genero\/","og_locale":"es_MX","og_type":"article","og_title":"Cabildo exhorta a optimizar acciones contra la violencia de g\u00e9nero - Expresso Metropolitano","og_description":"Reforzar las acciones para prevenir y eliminar la violencia contra las ni\u00f1as y mujeres, fue el principal pronunciamiento de los ediles en la trig\u00e9simo s\u00e9ptima sesi\u00f3n de Cabildo, con car\u00e1cter de ordinaria del Ayuntamiento de Cuautitl\u00e1n Izcalli, encabezado por Ricardo N\u00fa\u00f1ez Ayala. La reacci\u00f3n fue motivada debido a que se tuvo conocimiento de la emisi\u00f3n de la segunda declaratoria de Alerta de G\u00e9nero en diferentes municipios del Estado de M\u00e9xico, por la Comisi\u00f3n Nacional para Prevenir y Erradicar la Violencia contra las Mujeres (CONAVIM), principalmente en materia por delito de&hellip;","og_url":"https:\/\/expressometro.mx\/index.php\/2019\/10\/03\/cabildo-exhorta-a-optimizar-acciones-contra-la-violencia-de-genero\/","og_site_name":"Expresso Metropolitano","article_published_time":"2019-10-03T19:42:18+00:00","article_modified_time":"2019-10-04T19:44:03+00:00","og_image":[{"width":1024,"height":682,"url":"https:\/\/expressometro.mx\/wp-content\/uploads\/2019\/10\/B310_01-1024x682.jpg","type":"image\/jpeg"}],"author":"Expresso Metropolitano","twitter_misc":{"Escrito por":"Expresso Metropolitano","Tiempo de lectura":"1 minuto"},"schema":{"@context":"https:\/\/schema.org","@graph":[{"@type":"Article","@id":"https:\/\/expressometro.mx\/index.php\/2019\/10\/03\/cabildo-exhorta-a-optimizar-acciones-contra-la-violencia-de-genero\/#article","isPartOf":{"@id":"https:\/\/expressometro.mx\/index.php\/2019\/10\/03\/cabildo-exhorta-a-optimizar-acciones-contra-la-violencia-de-genero\/"},"author":{"name":"Expresso Metropolitano","@id":"https:\/\/expressometro.mx\/#\/schema\/person\/efa971b4a0664db8ed5c22b1b0dd2f5d"},"headline":"Cabildo exhorta a optimizar acciones contra la violencia de g\u00e9nero","datePublished":"2019-10-03T19:42:18+00:00","dateModified":"2019-10-04T19:44:03+00:00","mainEntityOfPage":{"@id":"https:\/\/expressometro.mx\/index.php\/2019\/10\/03\/cabildo-exhorta-a-optimizar-acciones-contra-la-violencia-de-genero\/"},"wordCount":310,"commentCount":0,"publisher":{"@id":"https:\/\/expressometro.mx\/#organization"},"image":{"@id":"https:\/\/expressometro.mx\/index.php\/2019\/10\/03\/cabildo-exhorta-a-optimizar-acciones-contra-la-violencia-de-genero\/#primaryimage"},"thumbnailUrl":"https:\/\/expressometro.mx\/wp-content\/uploads\/2019\/10\/B310_01-1024x682.jpg","articleSection":["Gobierno","Seguridad"],"inLanguage":"es","potentialAction":[{"@type":"CommentAction","name":"Comment","target":["https:\/\/expressometro.mx\/index.php\/2019\/10\/03\/cabildo-exhorta-a-optimizar-acciones-contra-la-violencia-de-genero\/#respond"]}]},{"@type":"WebPage","@id":"https:\/\/expressometro.mx\/index.php\/2019\/10\/03\/cabildo-exhorta-a-optimizar-acciones-contra-la-violencia-de-genero\/","url":"https:\/\/expressometro.mx\/index.php\/2019\/10\/03\/cabildo-exhorta-a-optimizar-acciones-contra-la-violencia-de-genero\/","name":"Cabildo exhorta a optimizar acciones contra la violencia de g\u00e9nero - Expresso Metropolitano","isPartOf":{"@id":"https:\/\/expressometro.mx\/#website"},"primaryImageOfPage":{"@id":"https:\/\/expressometro.mx\/index.php\/2019\/10\/03\/cabildo-exhorta-a-optimizar-acciones-contra-la-violencia-de-genero\/#primaryimage"},"image":{"@id":"https:\/\/expressometro.mx\/index.php\/2019\/10\/03\/cabildo-exhorta-a-optimizar-acciones-contra-la-violencia-de-genero\/#primaryimage"},"thumbnailUrl":"https:\/\/expressometro.mx\/wp-content\/uploads\/2019\/10\/B310_01-1024x682.jpg","datePublished":"2019-10-03T19:42:18+00:00","dateModified":"2019-10-04T19:44:03+00:00","breadcrumb":{"@id":"https:\/\/expressometro.mx\/index.php\/2019\/10\/03\/cabildo-exhorta-a-optimizar-acciones-contra-la-violencia-de-genero\/#breadcrumb"},"inLanguage":"es","potentialAction":[{"@type":"ReadAction","target":["https:\/\/expressometro.mx\/index.php\/2019\/10\/03\/cabildo-exhorta-a-optimizar-acciones-contra-la-violencia-de-genero\/"]}]},{"@type":"ImageObject","inLanguage":"es","@id":"https:\/\/expressometro.mx\/index.php\/2019\/10\/03\/cabildo-exhorta-a-optimizar-acciones-contra-la-violencia-de-genero\/#primaryimage","url":"https:\/\/expressometro.mx\/wp-content\/uploads\/2019\/10\/B310_01-1024x682.jpg","contentUrl":"https:\/\/expressometro.mx\/wp-content\/uploads\/2019\/10\/B310_01-1024x682.jpg","width":1024,"height":682},{"@type":"BreadcrumbList","@id":"https:\/\/expressometro.mx\/index.php\/2019\/10\/03\/cabildo-exhorta-a-optimizar-acciones-contra-la-violencia-de-genero\/#breadcrumb","itemListElement":[{"@type":"ListItem","position":1,"name":"Inicio","item":"https:\/\/expressometro.mx\/"},{"@type":"ListItem","position":2,"name":"Cabildo exhorta a optimizar acciones contra la violencia de g\u00e9nero"}]},{"@type":"WebSite","@id":"https:\/\/expressometro.mx\/#website","url":"https:\/\/expressometro.mx\/","name":"Expresso Metropolitano","description":"Periodismo comprometido, informaci\u00f3n, investigaci\u00f3n y an\u00e1lisis","publisher":{"@id":"https:\/\/expressometro.mx\/#organization"},"potentialAction":[{"@type":"SearchAction","target":{"@type":"EntryPoint","urlTemplate":"https:\/\/expressometro.mx\/?s={search_term_string}"},"query-input":{"@type":"PropertyValueSpecification","valueRequired":true,"valueName":"search_term_string"}}],"inLanguage":"es"},{"@type":"Organization","@id":"https:\/\/expressometro.mx\/#organization","name":"Expresso Metropolitano","url":"https:\/\/expressometro.mx\/","logo":{"@type":"ImageObject","inLanguage":"es","@id":"https:\/\/expressometro.mx\/#\/schema\/logo\/image\/","url":"https:\/\/expressometro.mx\/wp-content\/uploads\/2019\/07\/cropped-Logo-Expresso-Metropolitano-1-1.jpeg","contentUrl":"https:\/\/expressometro.mx\/wp-content\/uploads\/2019\/07\/cropped-Logo-Expresso-Metropolitano-1-1.jpeg","width":290,"height":73,"caption":"Expresso Metropolitano"},"image":{"@id":"https:\/\/expressometro.mx\/#\/schema\/logo\/image\/"}},{"@type":"Person","@id":"https:\/\/expressometro.mx\/#\/schema\/person\/efa971b4a0664db8ed5c22b1b0dd2f5d","name":"Expresso Metropolitano","image":{"@type":"ImageObject","inLanguage":"es","@id":"https:\/\/secure.gravatar.com\/avatar\/a89f802b8de18c6952f223c88d3d106e9e3679839f4e25a02f4a6cc2ae6ba3b3?s=96&d=mm&r=g","url":"https:\/\/secure.gravatar.com\/avatar\/a89f802b8de18c6952f223c88d3d106e9e3679839f4e25a02f4a6cc2ae6ba3b3?s=96&d=mm&r=g","contentUrl":"https:\/\/secure.gravatar.com\/avatar\/a89f802b8de18c6952f223c88d3d106e9e3679839f4e25a02f4a6cc2ae6ba3b3?s=96&d=mm&r=g","caption":"Expresso Metropolitano"},"url":"https:\/\/expressometro.mx\/index.php\/author\/diego\/"}]}},"amp_enabled":true,"_links":{"self":[{"href":"https:\/\/expressometro.mx\/index.php\/wp-json\/wp\/v2\/posts\/808","targetHints":{"allow":["GET"]}}],"collection":[{"href":"https:\/\/expressometro.mx\/index.php\/wp-json\/wp\/v2\/posts"}],"about":[{"href":"https:\/\/expressometro.mx\/index.php\/wp-json\/wp\/v2\/types\/post"}],"author":[{"embeddable":true,"href":"https:\/\/expressometro.mx\/index.php\/wp-json\/wp\/v2\/users\/1"}],"replies":[{"embeddable":true,"href":"https:\/\/expressometro.mx\/index.php\/wp-json\/wp\/v2\/comments?post=808"}],"version-history":[{"count":1,"href":"https:\/\/expressometro.mx\/index.php\/wp-json\/wp\/v2\/posts\/808\/revisions"}],"predecessor-version":[{"id":810,"href":"https:\/\/expressometro.mx\/index.php\/wp-json\/wp\/v2\/posts\/808\/revisions\/810"}],"wp:featuredmedia":[{"embeddable":true,"href":"https:\/\/expressometro.mx\/index.php\/wp-json\/wp\/v2\/media\/809"}],"wp:attachment":[{"href":"https:\/\/expressometro.mx\/index.php\/wp-json\/wp\/v2\/media?parent=808"}],"wp:term":[{"taxonomy":"category","embeddable":true,"href":"https:\/\/expressometro.mx\/index.php\/wp-json\/wp\/v2\/categories?post=808"},{"taxonomy":"post_tag","embeddable":true,"href":"https:\/\/expressometro.mx\/index.php\/wp-json\/wp\/v2\/tags?post=808"}],"curies":[{"name":"wp","href":"https:\/\/api.w.org\/{rel}","templated":true}]}}