{"id":8074,"date":"2023-09-22T22:00:05","date_gmt":"2023-09-23T03:00:05","guid":{"rendered":"https:\/\/expressometro.mx\/?p=8074"},"modified":"2023-10-13T23:30:09","modified_gmt":"2023-10-14T04:30:09","slug":"en-san-mateo-atenco-avanza-programa-de-construccion-de-vivienda-en-apoyo-a-familias-en-situacion-de-vulnerabilidad","status":"publish","type":"post","link":"https:\/\/expressometro.mx\/index.php\/2023\/09\/22\/en-san-mateo-atenco-avanza-programa-de-construccion-de-vivienda-en-apoyo-a-familias-en-situacion-de-vulnerabilidad\/","title":{"rendered":"EN SAN MATEO ATENCO AVANZA PROGRAMA DE CONSTRUCCI\u00d3N DE VIVIENDA EN APOYO A FAMILIAS EN SITUACI\u00d3N DE VULNERABILIDAD."},"content":{"rendered":"\n<p><\/p>\n\n\n\n<p>\u2022 Ratifica Ana Mu\u00f1iz Neyra compromiso con el desarrollo igualitario de las familias atenquenses.<\/p>\n\n\n\n<p><\/p>\n\n\n\n<p>La presidenta municipal Ana Mu\u00f1iz Neyra entreg\u00f3 una casa m\u00e1s del programa \u201cPor tu Hogar, Unidos S\u00ed\u201d, a una familia en situaci\u00f3n de vulnerabilidad de la colonia Reforma de este municipio.<\/p>\n\n\n\n<p>La alcaldesa record\u00f3 que este fue uno de sus principales compromisos de campa\u00f1a: \u201ccon estas casas estamos evitando el hacinamiento y los riesgos que implica una vivienda que no cubre las necesidades b\u00e1sicas de durabilidad y resistencia y sin servicios. Hoy, m\u00e1s que una casa estamos entregando un hogar\u201d, afirm\u00f3.<\/p>\n\n\n\n<p>\u201cLas viviendas del programa Por tu hogar, Unidos S\u00ed, fueron dise\u00f1adas con base en la norma, adecuadas al presupuesto disponible y, sobre todo, est\u00e1n hechas con todo el coraz\u00f3n\u201d, enfatiz\u00f3.<\/p>\n\n\n\n<p>Plante\u00f3 que este programa municipal impulsa el desarrollo igualitario de las familias atenquenses, lo cual es un objetivo de su gobierno, al tiempo que se consolida como una alternativa de soluci\u00f3n a la falta de vivienda para las familias en pobreza extrema.<\/p>\n\n\n\n<p>Mu\u00f1iz Neyra a\u00f1adi\u00f3 que \u201cestamos dando una vivienda completa que da cobijo, seguridad y esperanza a las familias beneficiarias\u201d, indic\u00f3.<\/p>\n\n\n\n<p>Finalmente agradeci\u00f3 a las vecinas y vecinos presentes por la confianza que han depositado en ella para trabajar unidos y lograr que este programa de vivienda cambie para bien la vida de las familias.<\/p>\n","protected":false},"excerpt":{"rendered":"<p>La presidenta municipal Ana Mu\u00f1iz Neyra entreg\u00f3 una casa m\u00e1s del programa \u201cPor tu Hogar, Unidos S\u00ed\u201d, a una familia en situaci\u00f3n de vulnerabilidad de la colonia Reforma de este municipio.<\/p>\n","protected":false},"author":1,"featured_media":8076,"comment_status":"open","ping_status":"open","sticky":false,"template":"","format":"standard","meta":{"footnotes":""},"categories":[4,3,1],"tags":[387,1982,86,386],"class_list":["post-8074","post","type-post","status-publish","format-standard","has-post-thumbnail","hentry","category-finanzas","category-gobierno","category-otros","tag-ana-muniz","tag-edomex","tag-gem","tag-san-mateo-atenco"],"yoast_head":"<!-- This site is optimized with the Yoast SEO plugin v27.4 - https:\/\/yoast.com\/product\/yoast-seo-wordpress\/ -->\n<title>EN SAN MATEO ATENCO AVANZA PROGRAMA DE CONSTRUCCI\u00d3N DE VIVIENDA EN APOYO A FAMILIAS EN SITUACI\u00d3N DE VULNERABILIDAD. - Expresso Metropolitano<\/title>\n<meta name=\"robots\" content=\"index, follow, max-snippet:-1, max-image-preview:large, max-video-preview:-1\" \/>\n<link rel=\"canonical\" href=\"https:\/\/expressometro.mx\/index.php\/2023\/09\/22\/en-san-mateo-atenco-avanza-programa-de-construccion-de-vivienda-en-apoyo-a-familias-en-situacion-de-vulnerabilidad\/\" \/>\n<meta property=\"og:locale\" content=\"es_MX\" \/>\n<meta property=\"og:type\" content=\"article\" \/>\n<meta property=\"og:title\" content=\"EN SAN MATEO ATENCO AVANZA PROGRAMA DE CONSTRUCCI\u00d3N DE VIVIENDA EN APOYO A FAMILIAS EN SITUACI\u00d3N DE VULNERABILIDAD. - Expresso Metropolitano\" \/>\n<meta property=\"og:description\" content=\"La presidenta municipal Ana Mu\u00f1iz Neyra entreg\u00f3 una casa m\u00e1s del programa \u201cPor tu Hogar, Unidos S\u00ed\u201d, a una familia en situaci\u00f3n de vulnerabilidad de la colonia Reforma de este municipio.\" \/>\n<meta property=\"og:url\" content=\"https:\/\/expressometro.mx\/index.php\/2023\/09\/22\/en-san-mateo-atenco-avanza-programa-de-construccion-de-vivienda-en-apoyo-a-familias-en-situacion-de-vulnerabilidad\/\" \/>\n<meta property=\"og:site_name\" content=\"Expresso Metropolitano\" \/>\n<meta property=\"article:published_time\" content=\"2023-09-23T03:00:05+00:00\" \/>\n<meta property=\"article:modified_time\" content=\"2023-10-14T04:30:09+00:00\" \/>\n<meta property=\"og:image\" content=\"http:\/\/expressometro.mx\/wp-content\/uploads\/2023\/10\/San-Mateo-Atenco-Por-tu-Hogar-220923-1.jpg\" \/>\n\t<meta property=\"og:image:width\" content=\"1280\" \/>\n\t<meta property=\"og:image:height\" content=\"852\" \/>\n\t<meta property=\"og:image:type\" content=\"image\/jpeg\" \/>\n<meta name=\"author\" content=\"Expresso Metropolitano\" \/>\n<meta name=\"twitter:label1\" content=\"Escrito por\" \/>\n\t<meta name=\"twitter:data1\" content=\"Expresso Metropolitano\" \/>\n\t<meta name=\"twitter:label2\" content=\"Tiempo de lectura\" \/>\n\t<meta name=\"twitter:data2\" content=\"2 minutos\" \/>\n<script type=\"application\/ld+json\" class=\"yoast-schema-graph\">{\"@context\":\"https:\\\/\\\/schema.org\",\"@graph\":[{\"@type\":\"Article\",\"@id\":\"https:\\\/\\\/expressometro.mx\\\/index.php\\\/2023\\\/09\\\/22\\\/en-san-mateo-atenco-avanza-programa-de-construccion-de-vivienda-en-apoyo-a-familias-en-situacion-de-vulnerabilidad\\\/#article\",\"isPartOf\":{\"@id\":\"https:\\\/\\\/expressometro.mx\\\/index.php\\\/2023\\\/09\\\/22\\\/en-san-mateo-atenco-avanza-programa-de-construccion-de-vivienda-en-apoyo-a-familias-en-situacion-de-vulnerabilidad\\\/\"},\"author\":{\"name\":\"Expresso Metropolitano\",\"@id\":\"https:\\\/\\\/expressometro.mx\\\/#\\\/schema\\\/person\\\/efa971b4a0664db8ed5c22b1b0dd2f5d\"},\"headline\":\"EN SAN MATEO ATENCO AVANZA PROGRAMA DE CONSTRUCCI\u00d3N DE VIVIENDA EN APOYO A FAMILIAS EN SITUACI\u00d3N DE VULNERABILIDAD.\",\"datePublished\":\"2023-09-23T03:00:05+00:00\",\"dateModified\":\"2023-10-14T04:30:09+00:00\",\"mainEntityOfPage\":{\"@id\":\"https:\\\/\\\/expressometro.mx\\\/index.php\\\/2023\\\/09\\\/22\\\/en-san-mateo-atenco-avanza-programa-de-construccion-de-vivienda-en-apoyo-a-familias-en-situacion-de-vulnerabilidad\\\/\"},\"wordCount\":253,\"commentCount\":0,\"publisher\":{\"@id\":\"https:\\\/\\\/expressometro.mx\\\/#organization\"},\"image\":{\"@id\":\"https:\\\/\\\/expressometro.mx\\\/index.php\\\/2023\\\/09\\\/22\\\/en-san-mateo-atenco-avanza-programa-de-construccion-de-vivienda-en-apoyo-a-familias-en-situacion-de-vulnerabilidad\\\/#primaryimage\"},\"thumbnailUrl\":\"https:\\\/\\\/expressometro.mx\\\/wp-content\\\/uploads\\\/2023\\\/10\\\/San-Mateo-Atenco-Por-tu-Hogar-220923-1.jpg\",\"keywords\":[\"Ana Mu\u00f1iz\",\"Edomex\",\"GEM\",\"San Mateo Atenco\"],\"articleSection\":[\"Finanzas\",\"Gobierno\",\"Otros\"],\"inLanguage\":\"es\",\"potentialAction\":[{\"@type\":\"CommentAction\",\"name\":\"Comment\",\"target\":[\"https:\\\/\\\/expressometro.mx\\\/index.php\\\/2023\\\/09\\\/22\\\/en-san-mateo-atenco-avanza-programa-de-construccion-de-vivienda-en-apoyo-a-familias-en-situacion-de-vulnerabilidad\\\/#respond\"]}]},{\"@type\":\"WebPage\",\"@id\":\"https:\\\/\\\/expressometro.mx\\\/index.php\\\/2023\\\/09\\\/22\\\/en-san-mateo-atenco-avanza-programa-de-construccion-de-vivienda-en-apoyo-a-familias-en-situacion-de-vulnerabilidad\\\/\",\"url\":\"https:\\\/\\\/expressometro.mx\\\/index.php\\\/2023\\\/09\\\/22\\\/en-san-mateo-atenco-avanza-programa-de-construccion-de-vivienda-en-apoyo-a-familias-en-situacion-de-vulnerabilidad\\\/\",\"name\":\"EN SAN MATEO ATENCO AVANZA PROGRAMA DE CONSTRUCCI\u00d3N DE VIVIENDA EN APOYO A FAMILIAS EN SITUACI\u00d3N DE VULNERABILIDAD. - Expresso Metropolitano\",\"isPartOf\":{\"@id\":\"https:\\\/\\\/expressometro.mx\\\/#website\"},\"primaryImageOfPage\":{\"@id\":\"https:\\\/\\\/expressometro.mx\\\/index.php\\\/2023\\\/09\\\/22\\\/en-san-mateo-atenco-avanza-programa-de-construccion-de-vivienda-en-apoyo-a-familias-en-situacion-de-vulnerabilidad\\\/#primaryimage\"},\"image\":{\"@id\":\"https:\\\/\\\/expressometro.mx\\\/index.php\\\/2023\\\/09\\\/22\\\/en-san-mateo-atenco-avanza-programa-de-construccion-de-vivienda-en-apoyo-a-familias-en-situacion-de-vulnerabilidad\\\/#primaryimage\"},\"thumbnailUrl\":\"https:\\\/\\\/expressometro.mx\\\/wp-content\\\/uploads\\\/2023\\\/10\\\/San-Mateo-Atenco-Por-tu-Hogar-220923-1.jpg\",\"datePublished\":\"2023-09-23T03:00:05+00:00\",\"dateModified\":\"2023-10-14T04:30:09+00:00\",\"breadcrumb\":{\"@id\":\"https:\\\/\\\/expressometro.mx\\\/index.php\\\/2023\\\/09\\\/22\\\/en-san-mateo-atenco-avanza-programa-de-construccion-de-vivienda-en-apoyo-a-familias-en-situacion-de-vulnerabilidad\\\/#breadcrumb\"},\"inLanguage\":\"es\",\"potentialAction\":[{\"@type\":\"ReadAction\",\"target\":[\"https:\\\/\\\/expressometro.mx\\\/index.php\\\/2023\\\/09\\\/22\\\/en-san-mateo-atenco-avanza-programa-de-construccion-de-vivienda-en-apoyo-a-familias-en-situacion-de-vulnerabilidad\\\/\"]}]},{\"@type\":\"ImageObject\",\"inLanguage\":\"es\",\"@id\":\"https:\\\/\\\/expressometro.mx\\\/index.php\\\/2023\\\/09\\\/22\\\/en-san-mateo-atenco-avanza-programa-de-construccion-de-vivienda-en-apoyo-a-familias-en-situacion-de-vulnerabilidad\\\/#primaryimage\",\"url\":\"https:\\\/\\\/expressometro.mx\\\/wp-content\\\/uploads\\\/2023\\\/10\\\/San-Mateo-Atenco-Por-tu-Hogar-220923-1.jpg\",\"contentUrl\":\"https:\\\/\\\/expressometro.mx\\\/wp-content\\\/uploads\\\/2023\\\/10\\\/San-Mateo-Atenco-Por-tu-Hogar-220923-1.jpg\",\"width\":1280,\"height\":852},{\"@type\":\"BreadcrumbList\",\"@id\":\"https:\\\/\\\/expressometro.mx\\\/index.php\\\/2023\\\/09\\\/22\\\/en-san-mateo-atenco-avanza-programa-de-construccion-de-vivienda-en-apoyo-a-familias-en-situacion-de-vulnerabilidad\\\/#breadcrumb\",\"itemListElement\":[{\"@type\":\"ListItem\",\"position\":1,\"name\":\"Inicio\",\"item\":\"https:\\\/\\\/expressometro.mx\\\/\"},{\"@type\":\"ListItem\",\"position\":2,\"name\":\"EN SAN MATEO ATENCO AVANZA PROGRAMA DE CONSTRUCCI\u00d3N DE VIVIENDA EN APOYO A FAMILIAS EN SITUACI\u00d3N DE VULNERABILIDAD.\"}]},{\"@type\":\"WebSite\",\"@id\":\"https:\\\/\\\/expressometro.mx\\\/#website\",\"url\":\"https:\\\/\\\/expressometro.mx\\\/\",\"name\":\"Expresso Metropolitano\",\"description\":\"Periodismo comprometido, informaci\u00f3n, investigaci\u00f3n y an\u00e1lisis\",\"publisher\":{\"@id\":\"https:\\\/\\\/expressometro.mx\\\/#organization\"},\"potentialAction\":[{\"@type\":\"SearchAction\",\"target\":{\"@type\":\"EntryPoint\",\"urlTemplate\":\"https:\\\/\\\/expressometro.mx\\\/?s={search_term_string}\"},\"query-input\":{\"@type\":\"PropertyValueSpecification\",\"valueRequired\":true,\"valueName\":\"search_term_string\"}}],\"inLanguage\":\"es\"},{\"@type\":\"Organization\",\"@id\":\"https:\\\/\\\/expressometro.mx\\\/#organization\",\"name\":\"Expresso Metropolitano\",\"url\":\"https:\\\/\\\/expressometro.mx\\\/\",\"logo\":{\"@type\":\"ImageObject\",\"inLanguage\":\"es\",\"@id\":\"https:\\\/\\\/expressometro.mx\\\/#\\\/schema\\\/logo\\\/image\\\/\",\"url\":\"https:\\\/\\\/expressometro.mx\\\/wp-content\\\/uploads\\\/2019\\\/07\\\/cropped-Logo-Expresso-Metropolitano-1-1.jpeg\",\"contentUrl\":\"https:\\\/\\\/expressometro.mx\\\/wp-content\\\/uploads\\\/2019\\\/07\\\/cropped-Logo-Expresso-Metropolitano-1-1.jpeg\",\"width\":290,\"height\":73,\"caption\":\"Expresso Metropolitano\"},\"image\":{\"@id\":\"https:\\\/\\\/expressometro.mx\\\/#\\\/schema\\\/logo\\\/image\\\/\"}},{\"@type\":\"Person\",\"@id\":\"https:\\\/\\\/expressometro.mx\\\/#\\\/schema\\\/person\\\/efa971b4a0664db8ed5c22b1b0dd2f5d\",\"name\":\"Expresso Metropolitano\",\"image\":{\"@type\":\"ImageObject\",\"inLanguage\":\"es\",\"@id\":\"https:\\\/\\\/secure.gravatar.com\\\/avatar\\\/a89f802b8de18c6952f223c88d3d106e9e3679839f4e25a02f4a6cc2ae6ba3b3?s=96&d=mm&r=g\",\"url\":\"https:\\\/\\\/secure.gravatar.com\\\/avatar\\\/a89f802b8de18c6952f223c88d3d106e9e3679839f4e25a02f4a6cc2ae6ba3b3?s=96&d=mm&r=g\",\"contentUrl\":\"https:\\\/\\\/secure.gravatar.com\\\/avatar\\\/a89f802b8de18c6952f223c88d3d106e9e3679839f4e25a02f4a6cc2ae6ba3b3?s=96&d=mm&r=g\",\"caption\":\"Expresso Metropolitano\"},\"url\":\"https:\\\/\\\/expressometro.mx\\\/index.php\\\/author\\\/diego\\\/\"}]}<\/script>\n<!-- \/ Yoast SEO plugin. -->","yoast_head_json":{"title":"EN SAN MATEO ATENCO AVANZA PROGRAMA DE CONSTRUCCI\u00d3N DE VIVIENDA EN APOYO A FAMILIAS EN SITUACI\u00d3N DE VULNERABILIDAD. - Expresso Metropolitano","robots":{"index":"index","follow":"follow","max-snippet":"max-snippet:-1","max-image-preview":"max-image-preview:large","max-video-preview":"max-video-preview:-1"},"canonical":"https:\/\/expressometro.mx\/index.php\/2023\/09\/22\/en-san-mateo-atenco-avanza-programa-de-construccion-de-vivienda-en-apoyo-a-familias-en-situacion-de-vulnerabilidad\/","og_locale":"es_MX","og_type":"article","og_title":"EN SAN MATEO ATENCO AVANZA PROGRAMA DE CONSTRUCCI\u00d3N DE VIVIENDA EN APOYO A FAMILIAS EN SITUACI\u00d3N DE VULNERABILIDAD. - Expresso Metropolitano","og_description":"La presidenta municipal Ana Mu\u00f1iz Neyra entreg\u00f3 una casa m\u00e1s del programa \u201cPor tu Hogar, Unidos S\u00ed\u201d, a una familia en situaci\u00f3n de vulnerabilidad de la colonia Reforma de este municipio.","og_url":"https:\/\/expressometro.mx\/index.php\/2023\/09\/22\/en-san-mateo-atenco-avanza-programa-de-construccion-de-vivienda-en-apoyo-a-familias-en-situacion-de-vulnerabilidad\/","og_site_name":"Expresso Metropolitano","article_published_time":"2023-09-23T03:00:05+00:00","article_modified_time":"2023-10-14T04:30:09+00:00","og_image":[{"width":1280,"height":852,"url":"http:\/\/expressometro.mx\/wp-content\/uploads\/2023\/10\/San-Mateo-Atenco-Por-tu-Hogar-220923-1.jpg","type":"image\/jpeg"}],"author":"Expresso Metropolitano","twitter_misc":{"Escrito por":"Expresso Metropolitano","Tiempo de lectura":"2 minutos"},"schema":{"@context":"https:\/\/schema.org","@graph":[{"@type":"Article","@id":"https:\/\/expressometro.mx\/index.php\/2023\/09\/22\/en-san-mateo-atenco-avanza-programa-de-construccion-de-vivienda-en-apoyo-a-familias-en-situacion-de-vulnerabilidad\/#article","isPartOf":{"@id":"https:\/\/expressometro.mx\/index.php\/2023\/09\/22\/en-san-mateo-atenco-avanza-programa-de-construccion-de-vivienda-en-apoyo-a-familias-en-situacion-de-vulnerabilidad\/"},"author":{"name":"Expresso Metropolitano","@id":"https:\/\/expressometro.mx\/#\/schema\/person\/efa971b4a0664db8ed5c22b1b0dd2f5d"},"headline":"EN SAN MATEO ATENCO AVANZA PROGRAMA DE CONSTRUCCI\u00d3N DE VIVIENDA EN APOYO A FAMILIAS EN SITUACI\u00d3N DE VULNERABILIDAD.","datePublished":"2023-09-23T03:00:05+00:00","dateModified":"2023-10-14T04:30:09+00:00","mainEntityOfPage":{"@id":"https:\/\/expressometro.mx\/index.php\/2023\/09\/22\/en-san-mateo-atenco-avanza-programa-de-construccion-de-vivienda-en-apoyo-a-familias-en-situacion-de-vulnerabilidad\/"},"wordCount":253,"commentCount":0,"publisher":{"@id":"https:\/\/expressometro.mx\/#organization"},"image":{"@id":"https:\/\/expressometro.mx\/index.php\/2023\/09\/22\/en-san-mateo-atenco-avanza-programa-de-construccion-de-vivienda-en-apoyo-a-familias-en-situacion-de-vulnerabilidad\/#primaryimage"},"thumbnailUrl":"https:\/\/expressometro.mx\/wp-content\/uploads\/2023\/10\/San-Mateo-Atenco-Por-tu-Hogar-220923-1.jpg","keywords":["Ana Mu\u00f1iz","Edomex","GEM","San Mateo Atenco"],"articleSection":["Finanzas","Gobierno","Otros"],"inLanguage":"es","potentialAction":[{"@type":"CommentAction","name":"Comment","target":["https:\/\/expressometro.mx\/index.php\/2023\/09\/22\/en-san-mateo-atenco-avanza-programa-de-construccion-de-vivienda-en-apoyo-a-familias-en-situacion-de-vulnerabilidad\/#respond"]}]},{"@type":"WebPage","@id":"https:\/\/expressometro.mx\/index.php\/2023\/09\/22\/en-san-mateo-atenco-avanza-programa-de-construccion-de-vivienda-en-apoyo-a-familias-en-situacion-de-vulnerabilidad\/","url":"https:\/\/expressometro.mx\/index.php\/2023\/09\/22\/en-san-mateo-atenco-avanza-programa-de-construccion-de-vivienda-en-apoyo-a-familias-en-situacion-de-vulnerabilidad\/","name":"EN SAN MATEO ATENCO AVANZA PROGRAMA DE CONSTRUCCI\u00d3N DE VIVIENDA EN APOYO A FAMILIAS EN SITUACI\u00d3N DE VULNERABILIDAD. - Expresso Metropolitano","isPartOf":{"@id":"https:\/\/expressometro.mx\/#website"},"primaryImageOfPage":{"@id":"https:\/\/expressometro.mx\/index.php\/2023\/09\/22\/en-san-mateo-atenco-avanza-programa-de-construccion-de-vivienda-en-apoyo-a-familias-en-situacion-de-vulnerabilidad\/#primaryimage"},"image":{"@id":"https:\/\/expressometro.mx\/index.php\/2023\/09\/22\/en-san-mateo-atenco-avanza-programa-de-construccion-de-vivienda-en-apoyo-a-familias-en-situacion-de-vulnerabilidad\/#primaryimage"},"thumbnailUrl":"https:\/\/expressometro.mx\/wp-content\/uploads\/2023\/10\/San-Mateo-Atenco-Por-tu-Hogar-220923-1.jpg","datePublished":"2023-09-23T03:00:05+00:00","dateModified":"2023-10-14T04:30:09+00:00","breadcrumb":{"@id":"https:\/\/expressometro.mx\/index.php\/2023\/09\/22\/en-san-mateo-atenco-avanza-programa-de-construccion-de-vivienda-en-apoyo-a-familias-en-situacion-de-vulnerabilidad\/#breadcrumb"},"inLanguage":"es","potentialAction":[{"@type":"ReadAction","target":["https:\/\/expressometro.mx\/index.php\/2023\/09\/22\/en-san-mateo-atenco-avanza-programa-de-construccion-de-vivienda-en-apoyo-a-familias-en-situacion-de-vulnerabilidad\/"]}]},{"@type":"ImageObject","inLanguage":"es","@id":"https:\/\/expressometro.mx\/index.php\/2023\/09\/22\/en-san-mateo-atenco-avanza-programa-de-construccion-de-vivienda-en-apoyo-a-familias-en-situacion-de-vulnerabilidad\/#primaryimage","url":"https:\/\/expressometro.mx\/wp-content\/uploads\/2023\/10\/San-Mateo-Atenco-Por-tu-Hogar-220923-1.jpg","contentUrl":"https:\/\/expressometro.mx\/wp-content\/uploads\/2023\/10\/San-Mateo-Atenco-Por-tu-Hogar-220923-1.jpg","width":1280,"height":852},{"@type":"BreadcrumbList","@id":"https:\/\/expressometro.mx\/index.php\/2023\/09\/22\/en-san-mateo-atenco-avanza-programa-de-construccion-de-vivienda-en-apoyo-a-familias-en-situacion-de-vulnerabilidad\/#breadcrumb","itemListElement":[{"@type":"ListItem","position":1,"name":"Inicio","item":"https:\/\/expressometro.mx\/"},{"@type":"ListItem","position":2,"name":"EN SAN MATEO ATENCO AVANZA PROGRAMA DE CONSTRUCCI\u00d3N DE VIVIENDA EN APOYO A FAMILIAS EN SITUACI\u00d3N DE VULNERABILIDAD."}]},{"@type":"WebSite","@id":"https:\/\/expressometro.mx\/#website","url":"https:\/\/expressometro.mx\/","name":"Expresso Metropolitano","description":"Periodismo comprometido, informaci\u00f3n, investigaci\u00f3n y an\u00e1lisis","publisher":{"@id":"https:\/\/expressometro.mx\/#organization"},"potentialAction":[{"@type":"SearchAction","target":{"@type":"EntryPoint","urlTemplate":"https:\/\/expressometro.mx\/?s={search_term_string}"},"query-input":{"@type":"PropertyValueSpecification","valueRequired":true,"valueName":"search_term_string"}}],"inLanguage":"es"},{"@type":"Organization","@id":"https:\/\/expressometro.mx\/#organization","name":"Expresso Metropolitano","url":"https:\/\/expressometro.mx\/","logo":{"@type":"ImageObject","inLanguage":"es","@id":"https:\/\/expressometro.mx\/#\/schema\/logo\/image\/","url":"https:\/\/expressometro.mx\/wp-content\/uploads\/2019\/07\/cropped-Logo-Expresso-Metropolitano-1-1.jpeg","contentUrl":"https:\/\/expressometro.mx\/wp-content\/uploads\/2019\/07\/cropped-Logo-Expresso-Metropolitano-1-1.jpeg","width":290,"height":73,"caption":"Expresso Metropolitano"},"image":{"@id":"https:\/\/expressometro.mx\/#\/schema\/logo\/image\/"}},{"@type":"Person","@id":"https:\/\/expressometro.mx\/#\/schema\/person\/efa971b4a0664db8ed5c22b1b0dd2f5d","name":"Expresso Metropolitano","image":{"@type":"ImageObject","inLanguage":"es","@id":"https:\/\/secure.gravatar.com\/avatar\/a89f802b8de18c6952f223c88d3d106e9e3679839f4e25a02f4a6cc2ae6ba3b3?s=96&d=mm&r=g","url":"https:\/\/secure.gravatar.com\/avatar\/a89f802b8de18c6952f223c88d3d106e9e3679839f4e25a02f4a6cc2ae6ba3b3?s=96&d=mm&r=g","contentUrl":"https:\/\/secure.gravatar.com\/avatar\/a89f802b8de18c6952f223c88d3d106e9e3679839f4e25a02f4a6cc2ae6ba3b3?s=96&d=mm&r=g","caption":"Expresso Metropolitano"},"url":"https:\/\/expressometro.mx\/index.php\/author\/diego\/"}]}},"amp_enabled":true,"_links":{"self":[{"href":"https:\/\/expressometro.mx\/index.php\/wp-json\/wp\/v2\/posts\/8074","targetHints":{"allow":["GET"]}}],"collection":[{"href":"https:\/\/expressometro.mx\/index.php\/wp-json\/wp\/v2\/posts"}],"about":[{"href":"https:\/\/expressometro.mx\/index.php\/wp-json\/wp\/v2\/types\/post"}],"author":[{"embeddable":true,"href":"https:\/\/expressometro.mx\/index.php\/wp-json\/wp\/v2\/users\/1"}],"replies":[{"embeddable":true,"href":"https:\/\/expressometro.mx\/index.php\/wp-json\/wp\/v2\/comments?post=8074"}],"version-history":[{"count":1,"href":"https:\/\/expressometro.mx\/index.php\/wp-json\/wp\/v2\/posts\/8074\/revisions"}],"predecessor-version":[{"id":8077,"href":"https:\/\/expressometro.mx\/index.php\/wp-json\/wp\/v2\/posts\/8074\/revisions\/8077"}],"wp:featuredmedia":[{"embeddable":true,"href":"https:\/\/expressometro.mx\/index.php\/wp-json\/wp\/v2\/media\/8076"}],"wp:attachment":[{"href":"https:\/\/expressometro.mx\/index.php\/wp-json\/wp\/v2\/media?parent=8074"}],"wp:term":[{"taxonomy":"category","embeddable":true,"href":"https:\/\/expressometro.mx\/index.php\/wp-json\/wp\/v2\/categories?post=8074"},{"taxonomy":"post_tag","embeddable":true,"href":"https:\/\/expressometro.mx\/index.php\/wp-json\/wp\/v2\/tags?post=8074"}],"curies":[{"name":"wp","href":"https:\/\/api.w.org\/{rel}","templated":true}]}}