{"id":8061,"date":"2023-10-13T21:10:33","date_gmt":"2023-10-14T02:10:33","guid":{"rendered":"https:\/\/expressometro.mx\/?p=8061"},"modified":"2023-10-13T21:10:33","modified_gmt":"2023-10-14T02:10:33","slug":"el-cuidado-de-la-mariposa-monarca-taller-que-se-imparte-en-jiquipilco","status":"publish","type":"post","link":"https:\/\/expressometro.mx\/index.php\/2023\/10\/13\/el-cuidado-de-la-mariposa-monarca-taller-que-se-imparte-en-jiquipilco\/","title":{"rendered":"\u201cEL CUIDADO DE LA MARIPOSA MONARCA\u201d TALLER QUE SE IMPARTE EN JIQUIPILCO"},"content":{"rendered":"\n<p><\/p>\n\n\n\n<p>El Municipio de Jiquipilco y la presente administraci\u00f3n procuran siempre tener una sociedad mejor informada; de esta manera, la Direcci\u00f3n de Medio Ambiente llev\u00f3 a cabo el taller de cuidado de la Mariposa Monarca con lo que se pretende brindar datos, cuidado y m\u00e9todos de protecci\u00f3n para este insecto que en prontos d\u00edas visitar\u00e1 este municipio.<\/p>\n\n\n\n<p>El Presidente Municipal, Felipe de Jes\u00fas S\u00e1nchez D\u00e1vila asisti\u00f3 al taller \u201cEl Cuidado de la Mariposa Monarca\u201d con el objetivo de compartir el conocimiento a fondo de esta especie, su distribuci\u00f3n y ciclo de vida, asimismo, concientizar y sensibilizar a los participantes para la conservaci\u00f3n y cuidado de su h\u00e1bitat invernal y su ruta migratoria.<\/p>\n\n\n\n<figure class=\"wp-block-gallery has-nested-images columns-default is-cropped wp-block-gallery-1 is-layout-flex wp-block-gallery-is-layout-flex\">\n<figure class=\"wp-block-image size-large\"><img decoding=\"async\" width=\"693\" height=\"476\" data-id=\"8066\" src=\"https:\/\/expressometro.mx\/wp-content\/uploads\/2023\/10\/Jiquipilco-Mariposa-Monarca-131023-5-2.jpg\" alt=\"\" class=\"wp-image-8066\" srcset=\"https:\/\/expressometro.mx\/wp-content\/uploads\/2023\/10\/Jiquipilco-Mariposa-Monarca-131023-5-2.jpg 693w, https:\/\/expressometro.mx\/wp-content\/uploads\/2023\/10\/Jiquipilco-Mariposa-Monarca-131023-5-2-531x365.jpg 531w\" sizes=\"(max-width: 693px) 100vw, 693px\" \/><\/figure>\n<\/figure>\n\n\n\n<p>El edil particip\u00f3 en las actividades junto con los asistentes, en las que hubo din\u00e1micas donde se explicaba detalladamente las problem\u00e1ticas que enfrentan las mariposas monarcas durante su ruta migratoria hasta llegar a los bosques de Oyamel en Michoac\u00e1n. Por ejemplo; la perdida de \u00e1reas utilizadas como percha y alimentaci\u00f3n, uso de insecticidas y agroqu\u00edmicos t\u00f3xicos, automovilistas que no respetan la velocidad m\u00e1xima permitida en las rutas migratorias, turismo desmedido y depredadores.<\/p>\n\n\n\n<p>La Mariposa Monarca enfrenta serios problemas en su recorrido, mismos que han mermado las zonas de hibernaci\u00f3n. A pesar de todo, este asombroso insecto puede recorrer hasta 130 kil\u00f3metros por d\u00eda. Es por esto que Felipe S\u00e1nchez promueve estos talleres con la finalidad de que las nuevas generaciones cuiden el medio ambiente, y que asimilen la importancia de esta especie en el ecosistema en la creaci\u00f3n de jardines polinizadores.<\/p>\n\n\n\n<p>El Municipio de Jiquipilco se compromete a seguir realizando e impartiendo cursos y talleres sobre la importancia de la mariposa monarca para promover la participaci\u00f3n de la poblaci\u00f3n y fomentar el conocimiento sobre la conservaci\u00f3n de nuestras especies.<\/p>\n","protected":false},"excerpt":{"rendered":"<p>El Municipio de Jiquipilco y la presente administraci\u00f3n procuran siempre tener una sociedad mejor informada; de esta manera, la Direcci\u00f3n de Medio Ambiente llev\u00f3 a cabo el taller de cuidado de la Mariposa Monarca con lo que se pretende brindar datos, cuidado y m\u00e9todos de protecci\u00f3n para este insecto que en prontos d\u00edas visitar\u00e1 este municipio.<\/p>\n","protected":false},"author":1,"featured_media":8063,"comment_status":"open","ping_status":"open","sticky":false,"template":"","format":"standard","meta":{"footnotes":""},"categories":[11,108,3,8],"tags":[1982,1670,86,196],"class_list":["post-8061","post","type-post","status-publish","format-standard","has-post-thumbnail","hentry","category-cultura","category-educacion","category-gobierno","category-medio-ambiente","tag-edomex","tag-felipe-de-jesus-sanchez","tag-gem","tag-jiquipilco"],"yoast_head":"<!-- This site is optimized with the Yoast SEO plugin v27.4 - https:\/\/yoast.com\/product\/yoast-seo-wordpress\/ -->\n<title>\u201cEL CUIDADO DE LA MARIPOSA MONARCA\u201d TALLER QUE SE IMPARTE EN JIQUIPILCO - Expresso Metropolitano<\/title>\n<meta name=\"robots\" content=\"index, follow, max-snippet:-1, max-image-preview:large, max-video-preview:-1\" \/>\n<link rel=\"canonical\" href=\"https:\/\/expressometro.mx\/index.php\/2023\/10\/13\/el-cuidado-de-la-mariposa-monarca-taller-que-se-imparte-en-jiquipilco\/\" \/>\n<meta property=\"og:locale\" content=\"es_MX\" \/>\n<meta property=\"og:type\" content=\"article\" \/>\n<meta property=\"og:title\" content=\"\u201cEL CUIDADO DE LA MARIPOSA MONARCA\u201d TALLER QUE SE IMPARTE EN JIQUIPILCO - Expresso Metropolitano\" \/>\n<meta property=\"og:description\" content=\"El Municipio de Jiquipilco y la presente administraci\u00f3n procuran siempre tener una sociedad mejor informada; de esta manera, la Direcci\u00f3n de Medio Ambiente llev\u00f3 a cabo el taller de cuidado de la Mariposa Monarca con lo que se pretende brindar datos, cuidado y m\u00e9todos de protecci\u00f3n para este insecto que en prontos d\u00edas visitar\u00e1 este municipio.\" \/>\n<meta property=\"og:url\" content=\"https:\/\/expressometro.mx\/index.php\/2023\/10\/13\/el-cuidado-de-la-mariposa-monarca-taller-que-se-imparte-en-jiquipilco\/\" \/>\n<meta property=\"og:site_name\" content=\"Expresso Metropolitano\" \/>\n<meta property=\"article:published_time\" content=\"2023-10-14T02:10:33+00:00\" \/>\n<meta property=\"og:image\" content=\"https:\/\/expressometro.mx\/wp-content\/uploads\/2023\/10\/Jiquipilco-Mariposa-Monarca-131023-5-2.jpg\" \/>\n<meta name=\"author\" content=\"Expresso Metropolitano\" \/>\n<meta name=\"twitter:label1\" content=\"Escrito por\" \/>\n\t<meta name=\"twitter:data1\" content=\"Expresso Metropolitano\" \/>\n\t<meta name=\"twitter:label2\" content=\"Tiempo de lectura\" \/>\n\t<meta name=\"twitter:data2\" content=\"2 minutos\" \/>\n<script type=\"application\/ld+json\" class=\"yoast-schema-graph\">{\"@context\":\"https:\\\/\\\/schema.org\",\"@graph\":[{\"@type\":\"Article\",\"@id\":\"https:\\\/\\\/expressometro.mx\\\/index.php\\\/2023\\\/10\\\/13\\\/el-cuidado-de-la-mariposa-monarca-taller-que-se-imparte-en-jiquipilco\\\/#article\",\"isPartOf\":{\"@id\":\"https:\\\/\\\/expressometro.mx\\\/index.php\\\/2023\\\/10\\\/13\\\/el-cuidado-de-la-mariposa-monarca-taller-que-se-imparte-en-jiquipilco\\\/\"},\"author\":{\"name\":\"Expresso Metropolitano\",\"@id\":\"https:\\\/\\\/expressometro.mx\\\/#\\\/schema\\\/person\\\/efa971b4a0664db8ed5c22b1b0dd2f5d\"},\"headline\":\"\u201cEL CUIDADO DE LA MARIPOSA MONARCA\u201d TALLER QUE SE IMPARTE EN JIQUIPILCO\",\"datePublished\":\"2023-10-14T02:10:33+00:00\",\"mainEntityOfPage\":{\"@id\":\"https:\\\/\\\/expressometro.mx\\\/index.php\\\/2023\\\/10\\\/13\\\/el-cuidado-de-la-mariposa-monarca-taller-que-se-imparte-en-jiquipilco\\\/\"},\"wordCount\":327,\"commentCount\":0,\"publisher\":{\"@id\":\"https:\\\/\\\/expressometro.mx\\\/#organization\"},\"image\":{\"@id\":\"https:\\\/\\\/expressometro.mx\\\/index.php\\\/2023\\\/10\\\/13\\\/el-cuidado-de-la-mariposa-monarca-taller-que-se-imparte-en-jiquipilco\\\/#primaryimage\"},\"thumbnailUrl\":\"https:\\\/\\\/expressometro.mx\\\/wp-content\\\/uploads\\\/2023\\\/10\\\/Jiquipilco-Mariposa-Monarca-131023-1.jpg\",\"keywords\":[\"Edomex\",\"Felipe de Jes\u00fas S\u00e1nchez\",\"GEM\",\"Jiquipilco\"],\"articleSection\":[\"Cultura\",\"Educaci\u00f3n\",\"Gobierno\",\"Medio ambiente\"],\"inLanguage\":\"es\",\"potentialAction\":[{\"@type\":\"CommentAction\",\"name\":\"Comment\",\"target\":[\"https:\\\/\\\/expressometro.mx\\\/index.php\\\/2023\\\/10\\\/13\\\/el-cuidado-de-la-mariposa-monarca-taller-que-se-imparte-en-jiquipilco\\\/#respond\"]}]},{\"@type\":\"WebPage\",\"@id\":\"https:\\\/\\\/expressometro.mx\\\/index.php\\\/2023\\\/10\\\/13\\\/el-cuidado-de-la-mariposa-monarca-taller-que-se-imparte-en-jiquipilco\\\/\",\"url\":\"https:\\\/\\\/expressometro.mx\\\/index.php\\\/2023\\\/10\\\/13\\\/el-cuidado-de-la-mariposa-monarca-taller-que-se-imparte-en-jiquipilco\\\/\",\"name\":\"\u201cEL CUIDADO DE LA MARIPOSA MONARCA\u201d TALLER QUE SE IMPARTE EN JIQUIPILCO - Expresso Metropolitano\",\"isPartOf\":{\"@id\":\"https:\\\/\\\/expressometro.mx\\\/#website\"},\"primaryImageOfPage\":{\"@id\":\"https:\\\/\\\/expressometro.mx\\\/index.php\\\/2023\\\/10\\\/13\\\/el-cuidado-de-la-mariposa-monarca-taller-que-se-imparte-en-jiquipilco\\\/#primaryimage\"},\"image\":{\"@id\":\"https:\\\/\\\/expressometro.mx\\\/index.php\\\/2023\\\/10\\\/13\\\/el-cuidado-de-la-mariposa-monarca-taller-que-se-imparte-en-jiquipilco\\\/#primaryimage\"},\"thumbnailUrl\":\"https:\\\/\\\/expressometro.mx\\\/wp-content\\\/uploads\\\/2023\\\/10\\\/Jiquipilco-Mariposa-Monarca-131023-1.jpg\",\"datePublished\":\"2023-10-14T02:10:33+00:00\",\"breadcrumb\":{\"@id\":\"https:\\\/\\\/expressometro.mx\\\/index.php\\\/2023\\\/10\\\/13\\\/el-cuidado-de-la-mariposa-monarca-taller-que-se-imparte-en-jiquipilco\\\/#breadcrumb\"},\"inLanguage\":\"es\",\"potentialAction\":[{\"@type\":\"ReadAction\",\"target\":[\"https:\\\/\\\/expressometro.mx\\\/index.php\\\/2023\\\/10\\\/13\\\/el-cuidado-de-la-mariposa-monarca-taller-que-se-imparte-en-jiquipilco\\\/\"]}]},{\"@type\":\"ImageObject\",\"inLanguage\":\"es\",\"@id\":\"https:\\\/\\\/expressometro.mx\\\/index.php\\\/2023\\\/10\\\/13\\\/el-cuidado-de-la-mariposa-monarca-taller-que-se-imparte-en-jiquipilco\\\/#primaryimage\",\"url\":\"https:\\\/\\\/expressometro.mx\\\/wp-content\\\/uploads\\\/2023\\\/10\\\/Jiquipilco-Mariposa-Monarca-131023-1.jpg\",\"contentUrl\":\"https:\\\/\\\/expressometro.mx\\\/wp-content\\\/uploads\\\/2023\\\/10\\\/Jiquipilco-Mariposa-Monarca-131023-1.jpg\",\"width\":703,\"height\":587},{\"@type\":\"BreadcrumbList\",\"@id\":\"https:\\\/\\\/expressometro.mx\\\/index.php\\\/2023\\\/10\\\/13\\\/el-cuidado-de-la-mariposa-monarca-taller-que-se-imparte-en-jiquipilco\\\/#breadcrumb\",\"itemListElement\":[{\"@type\":\"ListItem\",\"position\":1,\"name\":\"Inicio\",\"item\":\"https:\\\/\\\/expressometro.mx\\\/\"},{\"@type\":\"ListItem\",\"position\":2,\"name\":\"\u201cEL CUIDADO DE LA MARIPOSA MONARCA\u201d TALLER QUE SE IMPARTE EN JIQUIPILCO\"}]},{\"@type\":\"WebSite\",\"@id\":\"https:\\\/\\\/expressometro.mx\\\/#website\",\"url\":\"https:\\\/\\\/expressometro.mx\\\/\",\"name\":\"Expresso Metropolitano\",\"description\":\"Periodismo comprometido, informaci\u00f3n, investigaci\u00f3n y an\u00e1lisis\",\"publisher\":{\"@id\":\"https:\\\/\\\/expressometro.mx\\\/#organization\"},\"potentialAction\":[{\"@type\":\"SearchAction\",\"target\":{\"@type\":\"EntryPoint\",\"urlTemplate\":\"https:\\\/\\\/expressometro.mx\\\/?s={search_term_string}\"},\"query-input\":{\"@type\":\"PropertyValueSpecification\",\"valueRequired\":true,\"valueName\":\"search_term_string\"}}],\"inLanguage\":\"es\"},{\"@type\":\"Organization\",\"@id\":\"https:\\\/\\\/expressometro.mx\\\/#organization\",\"name\":\"Expresso Metropolitano\",\"url\":\"https:\\\/\\\/expressometro.mx\\\/\",\"logo\":{\"@type\":\"ImageObject\",\"inLanguage\":\"es\",\"@id\":\"https:\\\/\\\/expressometro.mx\\\/#\\\/schema\\\/logo\\\/image\\\/\",\"url\":\"https:\\\/\\\/expressometro.mx\\\/wp-content\\\/uploads\\\/2019\\\/07\\\/cropped-Logo-Expresso-Metropolitano-1-1.jpeg\",\"contentUrl\":\"https:\\\/\\\/expressometro.mx\\\/wp-content\\\/uploads\\\/2019\\\/07\\\/cropped-Logo-Expresso-Metropolitano-1-1.jpeg\",\"width\":290,\"height\":73,\"caption\":\"Expresso Metropolitano\"},\"image\":{\"@id\":\"https:\\\/\\\/expressometro.mx\\\/#\\\/schema\\\/logo\\\/image\\\/\"}},{\"@type\":\"Person\",\"@id\":\"https:\\\/\\\/expressometro.mx\\\/#\\\/schema\\\/person\\\/efa971b4a0664db8ed5c22b1b0dd2f5d\",\"name\":\"Expresso Metropolitano\",\"image\":{\"@type\":\"ImageObject\",\"inLanguage\":\"es\",\"@id\":\"https:\\\/\\\/secure.gravatar.com\\\/avatar\\\/a89f802b8de18c6952f223c88d3d106e9e3679839f4e25a02f4a6cc2ae6ba3b3?s=96&d=mm&r=g\",\"url\":\"https:\\\/\\\/secure.gravatar.com\\\/avatar\\\/a89f802b8de18c6952f223c88d3d106e9e3679839f4e25a02f4a6cc2ae6ba3b3?s=96&d=mm&r=g\",\"contentUrl\":\"https:\\\/\\\/secure.gravatar.com\\\/avatar\\\/a89f802b8de18c6952f223c88d3d106e9e3679839f4e25a02f4a6cc2ae6ba3b3?s=96&d=mm&r=g\",\"caption\":\"Expresso Metropolitano\"},\"url\":\"https:\\\/\\\/expressometro.mx\\\/index.php\\\/author\\\/diego\\\/\"}]}<\/script>\n<!-- \/ Yoast SEO plugin. -->","yoast_head_json":{"title":"\u201cEL CUIDADO DE LA MARIPOSA MONARCA\u201d TALLER QUE SE IMPARTE EN JIQUIPILCO - Expresso Metropolitano","robots":{"index":"index","follow":"follow","max-snippet":"max-snippet:-1","max-image-preview":"max-image-preview:large","max-video-preview":"max-video-preview:-1"},"canonical":"https:\/\/expressometro.mx\/index.php\/2023\/10\/13\/el-cuidado-de-la-mariposa-monarca-taller-que-se-imparte-en-jiquipilco\/","og_locale":"es_MX","og_type":"article","og_title":"\u201cEL CUIDADO DE LA MARIPOSA MONARCA\u201d TALLER QUE SE IMPARTE EN JIQUIPILCO - Expresso Metropolitano","og_description":"El Municipio de Jiquipilco y la presente administraci\u00f3n procuran siempre tener una sociedad mejor informada; de esta manera, la Direcci\u00f3n de Medio Ambiente llev\u00f3 a cabo el taller de cuidado de la Mariposa Monarca con lo que se pretende brindar datos, cuidado y m\u00e9todos de protecci\u00f3n para este insecto que en prontos d\u00edas visitar\u00e1 este municipio.","og_url":"https:\/\/expressometro.mx\/index.php\/2023\/10\/13\/el-cuidado-de-la-mariposa-monarca-taller-que-se-imparte-en-jiquipilco\/","og_site_name":"Expresso Metropolitano","article_published_time":"2023-10-14T02:10:33+00:00","og_image":[{"url":"https:\/\/expressometro.mx\/wp-content\/uploads\/2023\/10\/Jiquipilco-Mariposa-Monarca-131023-5-2.jpg","type":"","width":"","height":""}],"author":"Expresso Metropolitano","twitter_misc":{"Escrito por":"Expresso Metropolitano","Tiempo de lectura":"2 minutos"},"schema":{"@context":"https:\/\/schema.org","@graph":[{"@type":"Article","@id":"https:\/\/expressometro.mx\/index.php\/2023\/10\/13\/el-cuidado-de-la-mariposa-monarca-taller-que-se-imparte-en-jiquipilco\/#article","isPartOf":{"@id":"https:\/\/expressometro.mx\/index.php\/2023\/10\/13\/el-cuidado-de-la-mariposa-monarca-taller-que-se-imparte-en-jiquipilco\/"},"author":{"name":"Expresso Metropolitano","@id":"https:\/\/expressometro.mx\/#\/schema\/person\/efa971b4a0664db8ed5c22b1b0dd2f5d"},"headline":"\u201cEL CUIDADO DE LA MARIPOSA MONARCA\u201d TALLER QUE SE IMPARTE EN JIQUIPILCO","datePublished":"2023-10-14T02:10:33+00:00","mainEntityOfPage":{"@id":"https:\/\/expressometro.mx\/index.php\/2023\/10\/13\/el-cuidado-de-la-mariposa-monarca-taller-que-se-imparte-en-jiquipilco\/"},"wordCount":327,"commentCount":0,"publisher":{"@id":"https:\/\/expressometro.mx\/#organization"},"image":{"@id":"https:\/\/expressometro.mx\/index.php\/2023\/10\/13\/el-cuidado-de-la-mariposa-monarca-taller-que-se-imparte-en-jiquipilco\/#primaryimage"},"thumbnailUrl":"https:\/\/expressometro.mx\/wp-content\/uploads\/2023\/10\/Jiquipilco-Mariposa-Monarca-131023-1.jpg","keywords":["Edomex","Felipe de Jes\u00fas S\u00e1nchez","GEM","Jiquipilco"],"articleSection":["Cultura","Educaci\u00f3n","Gobierno","Medio ambiente"],"inLanguage":"es","potentialAction":[{"@type":"CommentAction","name":"Comment","target":["https:\/\/expressometro.mx\/index.php\/2023\/10\/13\/el-cuidado-de-la-mariposa-monarca-taller-que-se-imparte-en-jiquipilco\/#respond"]}]},{"@type":"WebPage","@id":"https:\/\/expressometro.mx\/index.php\/2023\/10\/13\/el-cuidado-de-la-mariposa-monarca-taller-que-se-imparte-en-jiquipilco\/","url":"https:\/\/expressometro.mx\/index.php\/2023\/10\/13\/el-cuidado-de-la-mariposa-monarca-taller-que-se-imparte-en-jiquipilco\/","name":"\u201cEL CUIDADO DE LA MARIPOSA MONARCA\u201d TALLER QUE SE IMPARTE EN JIQUIPILCO - Expresso Metropolitano","isPartOf":{"@id":"https:\/\/expressometro.mx\/#website"},"primaryImageOfPage":{"@id":"https:\/\/expressometro.mx\/index.php\/2023\/10\/13\/el-cuidado-de-la-mariposa-monarca-taller-que-se-imparte-en-jiquipilco\/#primaryimage"},"image":{"@id":"https:\/\/expressometro.mx\/index.php\/2023\/10\/13\/el-cuidado-de-la-mariposa-monarca-taller-que-se-imparte-en-jiquipilco\/#primaryimage"},"thumbnailUrl":"https:\/\/expressometro.mx\/wp-content\/uploads\/2023\/10\/Jiquipilco-Mariposa-Monarca-131023-1.jpg","datePublished":"2023-10-14T02:10:33+00:00","breadcrumb":{"@id":"https:\/\/expressometro.mx\/index.php\/2023\/10\/13\/el-cuidado-de-la-mariposa-monarca-taller-que-se-imparte-en-jiquipilco\/#breadcrumb"},"inLanguage":"es","potentialAction":[{"@type":"ReadAction","target":["https:\/\/expressometro.mx\/index.php\/2023\/10\/13\/el-cuidado-de-la-mariposa-monarca-taller-que-se-imparte-en-jiquipilco\/"]}]},{"@type":"ImageObject","inLanguage":"es","@id":"https:\/\/expressometro.mx\/index.php\/2023\/10\/13\/el-cuidado-de-la-mariposa-monarca-taller-que-se-imparte-en-jiquipilco\/#primaryimage","url":"https:\/\/expressometro.mx\/wp-content\/uploads\/2023\/10\/Jiquipilco-Mariposa-Monarca-131023-1.jpg","contentUrl":"https:\/\/expressometro.mx\/wp-content\/uploads\/2023\/10\/Jiquipilco-Mariposa-Monarca-131023-1.jpg","width":703,"height":587},{"@type":"BreadcrumbList","@id":"https:\/\/expressometro.mx\/index.php\/2023\/10\/13\/el-cuidado-de-la-mariposa-monarca-taller-que-se-imparte-en-jiquipilco\/#breadcrumb","itemListElement":[{"@type":"ListItem","position":1,"name":"Inicio","item":"https:\/\/expressometro.mx\/"},{"@type":"ListItem","position":2,"name":"\u201cEL CUIDADO DE LA MARIPOSA MONARCA\u201d TALLER QUE SE IMPARTE EN JIQUIPILCO"}]},{"@type":"WebSite","@id":"https:\/\/expressometro.mx\/#website","url":"https:\/\/expressometro.mx\/","name":"Expresso Metropolitano","description":"Periodismo comprometido, informaci\u00f3n, investigaci\u00f3n y an\u00e1lisis","publisher":{"@id":"https:\/\/expressometro.mx\/#organization"},"potentialAction":[{"@type":"SearchAction","target":{"@type":"EntryPoint","urlTemplate":"https:\/\/expressometro.mx\/?s={search_term_string}"},"query-input":{"@type":"PropertyValueSpecification","valueRequired":true,"valueName":"search_term_string"}}],"inLanguage":"es"},{"@type":"Organization","@id":"https:\/\/expressometro.mx\/#organization","name":"Expresso Metropolitano","url":"https:\/\/expressometro.mx\/","logo":{"@type":"ImageObject","inLanguage":"es","@id":"https:\/\/expressometro.mx\/#\/schema\/logo\/image\/","url":"https:\/\/expressometro.mx\/wp-content\/uploads\/2019\/07\/cropped-Logo-Expresso-Metropolitano-1-1.jpeg","contentUrl":"https:\/\/expressometro.mx\/wp-content\/uploads\/2019\/07\/cropped-Logo-Expresso-Metropolitano-1-1.jpeg","width":290,"height":73,"caption":"Expresso Metropolitano"},"image":{"@id":"https:\/\/expressometro.mx\/#\/schema\/logo\/image\/"}},{"@type":"Person","@id":"https:\/\/expressometro.mx\/#\/schema\/person\/efa971b4a0664db8ed5c22b1b0dd2f5d","name":"Expresso Metropolitano","image":{"@type":"ImageObject","inLanguage":"es","@id":"https:\/\/secure.gravatar.com\/avatar\/a89f802b8de18c6952f223c88d3d106e9e3679839f4e25a02f4a6cc2ae6ba3b3?s=96&d=mm&r=g","url":"https:\/\/secure.gravatar.com\/avatar\/a89f802b8de18c6952f223c88d3d106e9e3679839f4e25a02f4a6cc2ae6ba3b3?s=96&d=mm&r=g","contentUrl":"https:\/\/secure.gravatar.com\/avatar\/a89f802b8de18c6952f223c88d3d106e9e3679839f4e25a02f4a6cc2ae6ba3b3?s=96&d=mm&r=g","caption":"Expresso Metropolitano"},"url":"https:\/\/expressometro.mx\/index.php\/author\/diego\/"}]}},"amp_enabled":true,"_links":{"self":[{"href":"https:\/\/expressometro.mx\/index.php\/wp-json\/wp\/v2\/posts\/8061","targetHints":{"allow":["GET"]}}],"collection":[{"href":"https:\/\/expressometro.mx\/index.php\/wp-json\/wp\/v2\/posts"}],"about":[{"href":"https:\/\/expressometro.mx\/index.php\/wp-json\/wp\/v2\/types\/post"}],"author":[{"embeddable":true,"href":"https:\/\/expressometro.mx\/index.php\/wp-json\/wp\/v2\/users\/1"}],"replies":[{"embeddable":true,"href":"https:\/\/expressometro.mx\/index.php\/wp-json\/wp\/v2\/comments?post=8061"}],"version-history":[{"count":1,"href":"https:\/\/expressometro.mx\/index.php\/wp-json\/wp\/v2\/posts\/8061\/revisions"}],"predecessor-version":[{"id":8067,"href":"https:\/\/expressometro.mx\/index.php\/wp-json\/wp\/v2\/posts\/8061\/revisions\/8067"}],"wp:featuredmedia":[{"embeddable":true,"href":"https:\/\/expressometro.mx\/index.php\/wp-json\/wp\/v2\/media\/8063"}],"wp:attachment":[{"href":"https:\/\/expressometro.mx\/index.php\/wp-json\/wp\/v2\/media?parent=8061"}],"wp:term":[{"taxonomy":"category","embeddable":true,"href":"https:\/\/expressometro.mx\/index.php\/wp-json\/wp\/v2\/categories?post=8061"},{"taxonomy":"post_tag","embeddable":true,"href":"https:\/\/expressometro.mx\/index.php\/wp-json\/wp\/v2\/tags?post=8061"}],"curies":[{"name":"wp","href":"https:\/\/api.w.org\/{rel}","templated":true}]}}