{"id":804,"date":"2019-10-01T14:29:01","date_gmt":"2019-10-01T19:29:01","guid":{"rendered":"http:\/\/expressometro.mx\/?p=804"},"modified":"2019-10-04T14:42:01","modified_gmt":"2019-10-04T19:42:01","slug":"destaca-nazario-gutierrez-colaboracion-institucional-entre-poderes","status":"publish","type":"post","link":"https:\/\/expressometro.mx\/index.php\/2019\/10\/01\/destaca-nazario-gutierrez-colaboracion-institucional-entre-poderes\/","title":{"rendered":"DESTACA NAZARIO GUTI\u00c9RREZ COLABORACI\u00d3N INSTITUCIONAL ENTRE PODERES"},"content":{"rendered":"\n<p>Al iniciarse las comparecencias con motivo del 2\u00ba informe de gobierno, el diputado Nazario Guti\u00e9rrez Mart\u00ednez, presidente de la Directiva de la 60 Legislatura mexiquense, destac\u00f3 el respeto a la divisi\u00f3n de poderes y una sana colaboraci\u00f3n institucional para el cumplimiento de sus tareas.<\/p>\n\n\n\n<p>Al recibir en el Pleno legislativo al secretario General de Gobierno, Alejandro Ozuna Rivero, Nazario Guti\u00e9rrez dijo que la sesi\u00f3n de comparecencia se realiza conforme a lo dispuesto por la Constituci\u00f3n, las pr\u00e1cticas parlamentarias y en cumplimiento a lo previsto en el art\u00edculo 46 del reglamento del Poder Legislativo del Estado de M\u00e9xico respecto al an\u00e1lisis del informe de gobierno.<\/p>\n\n\n\n<p>Despu\u00e9s de rendir protesta de conducirse con la verdad, Alejandro Ozuna sostuvo que la glosa del segundo informe de Alfredo del Mazo Maza, por el cual de manera in\u00e9dita comparecer\u00e1n 18 secretarios estatales y el fiscal General de Justicia del Estado de M\u00e9xico, es un ejercicio republicano que da cuenta de la gobernabilidad que prevalece en la entidad, la cual es posible, asegur\u00f3, \u201cen gran medida, gracias a la responsabilidad y madurez pol\u00edtica que distinguen a los integrantes de esta Legislatura\u201d.<\/p>\n\n\n\n<p>Dijo que la conformaci\u00f3n de esta C\u00e1mara, con una mayor\u00eda parlamentaria distinta al partido en el gobierno, hac\u00eda suponer a algunos que la descalificaci\u00f3n, la confrontaci\u00f3n permanente y la par\u00e1lisis administrativa ser\u00edan la constante, pero a 12 meses de convivencia \u201cen el Estado de M\u00e9xico prevalecen el di\u00e1logo el acuerdo y la b\u00fasqueda permanente de coincidencias como los principios que regulan nuestra relaci\u00f3n\u201d.<\/p>\n\n\n\n<p>Despu\u00e9s de reconocer el trabajo del primer a\u00f1o de gesti\u00f3n de la 60 Legislatura, dijo que el disenso es el que nutre y fundamenta la actividad pol\u00edtica y que es la diversidad de ideas y voces lo que da cimiento a la democracia. \u201cPor ello, que siga siendo la pluralidad la divisa que construya lo que nos debe ser com\u00fan\u201d, enfatiz\u00f3.<\/p>\n\n\n\n<p>El acuerdo aprobado por la Legislatura estatal tambi\u00e9n estableci\u00f3 la comparecencia ante el Pleno, este martes primero de octubre, del secretario de Finanzas, Rodrigo Jarque Lira y ante la Comisi\u00f3n de Comunicaciones y Transportes, del secretario del ramo, Luis Gilberto Lim\u00f3n Ch\u00e1vez.<\/p>\n\n\n\n<p>Las comparecencias continuar\u00e1n el pr\u00f3ximo jueves y concluir\u00e1n el 22 de octubre, acudiendo en diferentes fechas ante el Pleno legislativo los secretarios de Seguridad, Salud, Trabajo, Educaci\u00f3n, Desarrollo Social, Obra P\u00fablica y Movilidad, as\u00ed como el Fiscal General de Justicia, mientras que ante comisiones lo har\u00e1n los de Desarrollo Agropecuario, Desarrollo Econ\u00f3mico, Contralor\u00eda, Medio Ambiente, Cultura, Desarrollo Urbano y Metropolitano, Turismo y Justicia y Derechos Humanos.<\/p>\n\n\n\n<p>Conforme al formato acordado el servidor p\u00fablico compareciente desarrolla una exposici\u00f3n general hasta por 10 minutos, y se desarrollan dos etapas de preguntas y respuestas, la primera vez hace uso de la palabra un diputado representante de cada grupo parlamentario y de los diputados sin partido, hasta por cinco minutos, en el orden siguiente: diputado sin partido, PVEM, PES, PRD, PAN, PT, PRI y morena.<\/p>\n\n\n\n<p>En una segunda etapa de preguntas y respuestas, en el mismo orden los diputados hacen cuestionamientos hasta por tres minutos, y las respuestas del compareciente se dan en un t\u00e9rmino no mayor a 10 minutos, con un mensaje final de hasta por cinco minutos.<\/p>\n\n\n\n<p>En las comparecencias ante las comisiones legislativas, se observa el mismo procedimiento que para las que se desarrollan ante el Pleno.<\/p>\n","protected":false},"excerpt":{"rendered":"<p>Al iniciarse las comparecencias con motivo del 2\u00ba informe de gobierno, el diputado Nazario Guti\u00e9rrez Mart\u00ednez, presidente de la Directiva de la 60 Legislatura mexiquense, destac\u00f3 el respeto a la divisi\u00f3n de poderes y una sana colaboraci\u00f3n institucional para el cumplimiento de sus tareas. Al recibir en el Pleno legislativo al secretario General de Gobierno, Alejandro Ozuna Rivero, Nazario Guti\u00e9rrez dijo que la sesi\u00f3n de comparecencia se realiza conforme a lo dispuesto por la Constituci\u00f3n, las pr\u00e1cticas parlamentarias y en cumplimiento a lo previsto en el art\u00edculo 46 del reglamento&hellip;<\/p>\n","protected":false},"author":1,"featured_media":805,"comment_status":"open","ping_status":"open","sticky":false,"template":"","format":"standard","meta":{"footnotes":""},"categories":[3],"tags":[],"class_list":["post-804","post","type-post","status-publish","format-standard","has-post-thumbnail","hentry","category-gobierno"],"yoast_head":"<!-- This site is optimized with the Yoast SEO plugin v27.5 - https:\/\/yoast.com\/product\/yoast-seo-wordpress\/ -->\n<title>DESTACA NAZARIO GUTI\u00c9RREZ COLABORACI\u00d3N INSTITUCIONAL ENTRE PODERES - Expresso Metropolitano<\/title>\n<meta name=\"robots\" content=\"index, follow, max-snippet:-1, max-image-preview:large, max-video-preview:-1\" \/>\n<link rel=\"canonical\" href=\"https:\/\/expressometro.mx\/index.php\/2019\/10\/01\/destaca-nazario-gutierrez-colaboracion-institucional-entre-poderes\/\" \/>\n<meta property=\"og:locale\" content=\"es_MX\" \/>\n<meta property=\"og:type\" content=\"article\" \/>\n<meta property=\"og:title\" content=\"DESTACA NAZARIO GUTI\u00c9RREZ COLABORACI\u00d3N INSTITUCIONAL ENTRE PODERES - Expresso Metropolitano\" \/>\n<meta property=\"og:description\" content=\"Al iniciarse las comparecencias con motivo del 2\u00ba informe de gobierno, el diputado Nazario Guti\u00e9rrez Mart\u00ednez, presidente de la Directiva de la 60 Legislatura mexiquense, destac\u00f3 el respeto a la divisi\u00f3n de poderes y una sana colaboraci\u00f3n institucional para el cumplimiento de sus tareas. Al recibir en el Pleno legislativo al secretario General de Gobierno, Alejandro Ozuna Rivero, Nazario Guti\u00e9rrez dijo que la sesi\u00f3n de comparecencia se realiza conforme a lo dispuesto por la Constituci\u00f3n, las pr\u00e1cticas parlamentarias y en cumplimiento a lo previsto en el art\u00edculo 46 del reglamento&hellip;\" \/>\n<meta property=\"og:url\" content=\"https:\/\/expressometro.mx\/index.php\/2019\/10\/01\/destaca-nazario-gutierrez-colaboracion-institucional-entre-poderes\/\" \/>\n<meta property=\"og:site_name\" content=\"Expresso Metropolitano\" \/>\n<meta property=\"article:published_time\" content=\"2019-10-01T19:29:01+00:00\" \/>\n<meta property=\"article:modified_time\" content=\"2019-10-04T19:42:01+00:00\" \/>\n<meta property=\"og:image\" content=\"https:\/\/expressometro.mx\/wp-content\/uploads\/2019\/10\/1263a.jpg\" \/>\n\t<meta property=\"og:image:width\" content=\"850\" \/>\n\t<meta property=\"og:image:height\" content=\"567\" \/>\n\t<meta property=\"og:image:type\" content=\"image\/jpeg\" \/>\n<meta name=\"author\" content=\"Expresso Metropolitano\" \/>\n<meta name=\"twitter:label1\" content=\"Escrito por\" \/>\n\t<meta name=\"twitter:data1\" content=\"Expresso Metropolitano\" \/>\n\t<meta name=\"twitter:label2\" content=\"Tiempo de lectura\" \/>\n\t<meta name=\"twitter:data2\" content=\"3 minutos\" \/>\n<script type=\"application\/ld+json\" class=\"yoast-schema-graph\">{\"@context\":\"https:\\\/\\\/schema.org\",\"@graph\":[{\"@type\":\"Article\",\"@id\":\"https:\\\/\\\/expressometro.mx\\\/index.php\\\/2019\\\/10\\\/01\\\/destaca-nazario-gutierrez-colaboracion-institucional-entre-poderes\\\/#article\",\"isPartOf\":{\"@id\":\"https:\\\/\\\/expressometro.mx\\\/index.php\\\/2019\\\/10\\\/01\\\/destaca-nazario-gutierrez-colaboracion-institucional-entre-poderes\\\/\"},\"author\":{\"name\":\"Expresso Metropolitano\",\"@id\":\"https:\\\/\\\/expressometro.mx\\\/#\\\/schema\\\/person\\\/efa971b4a0664db8ed5c22b1b0dd2f5d\"},\"headline\":\"DESTACA NAZARIO GUTI\u00c9RREZ COLABORACI\u00d3N INSTITUCIONAL ENTRE PODERES\",\"datePublished\":\"2019-10-01T19:29:01+00:00\",\"dateModified\":\"2019-10-04T19:42:01+00:00\",\"mainEntityOfPage\":{\"@id\":\"https:\\\/\\\/expressometro.mx\\\/index.php\\\/2019\\\/10\\\/01\\\/destaca-nazario-gutierrez-colaboracion-institucional-entre-poderes\\\/\"},\"wordCount\":595,\"commentCount\":0,\"publisher\":{\"@id\":\"https:\\\/\\\/expressometro.mx\\\/#organization\"},\"image\":{\"@id\":\"https:\\\/\\\/expressometro.mx\\\/index.php\\\/2019\\\/10\\\/01\\\/destaca-nazario-gutierrez-colaboracion-institucional-entre-poderes\\\/#primaryimage\"},\"thumbnailUrl\":\"https:\\\/\\\/expressometro.mx\\\/wp-content\\\/uploads\\\/2019\\\/10\\\/1263a.jpg\",\"articleSection\":[\"Gobierno\"],\"inLanguage\":\"es\",\"potentialAction\":[{\"@type\":\"CommentAction\",\"name\":\"Comment\",\"target\":[\"https:\\\/\\\/expressometro.mx\\\/index.php\\\/2019\\\/10\\\/01\\\/destaca-nazario-gutierrez-colaboracion-institucional-entre-poderes\\\/#respond\"]}]},{\"@type\":\"WebPage\",\"@id\":\"https:\\\/\\\/expressometro.mx\\\/index.php\\\/2019\\\/10\\\/01\\\/destaca-nazario-gutierrez-colaboracion-institucional-entre-poderes\\\/\",\"url\":\"https:\\\/\\\/expressometro.mx\\\/index.php\\\/2019\\\/10\\\/01\\\/destaca-nazario-gutierrez-colaboracion-institucional-entre-poderes\\\/\",\"name\":\"DESTACA NAZARIO GUTI\u00c9RREZ COLABORACI\u00d3N INSTITUCIONAL ENTRE PODERES - Expresso Metropolitano\",\"isPartOf\":{\"@id\":\"https:\\\/\\\/expressometro.mx\\\/#website\"},\"primaryImageOfPage\":{\"@id\":\"https:\\\/\\\/expressometro.mx\\\/index.php\\\/2019\\\/10\\\/01\\\/destaca-nazario-gutierrez-colaboracion-institucional-entre-poderes\\\/#primaryimage\"},\"image\":{\"@id\":\"https:\\\/\\\/expressometro.mx\\\/index.php\\\/2019\\\/10\\\/01\\\/destaca-nazario-gutierrez-colaboracion-institucional-entre-poderes\\\/#primaryimage\"},\"thumbnailUrl\":\"https:\\\/\\\/expressometro.mx\\\/wp-content\\\/uploads\\\/2019\\\/10\\\/1263a.jpg\",\"datePublished\":\"2019-10-01T19:29:01+00:00\",\"dateModified\":\"2019-10-04T19:42:01+00:00\",\"breadcrumb\":{\"@id\":\"https:\\\/\\\/expressometro.mx\\\/index.php\\\/2019\\\/10\\\/01\\\/destaca-nazario-gutierrez-colaboracion-institucional-entre-poderes\\\/#breadcrumb\"},\"inLanguage\":\"es\",\"potentialAction\":[{\"@type\":\"ReadAction\",\"target\":[\"https:\\\/\\\/expressometro.mx\\\/index.php\\\/2019\\\/10\\\/01\\\/destaca-nazario-gutierrez-colaboracion-institucional-entre-poderes\\\/\"]}]},{\"@type\":\"ImageObject\",\"inLanguage\":\"es\",\"@id\":\"https:\\\/\\\/expressometro.mx\\\/index.php\\\/2019\\\/10\\\/01\\\/destaca-nazario-gutierrez-colaboracion-institucional-entre-poderes\\\/#primaryimage\",\"url\":\"https:\\\/\\\/expressometro.mx\\\/wp-content\\\/uploads\\\/2019\\\/10\\\/1263a.jpg\",\"contentUrl\":\"https:\\\/\\\/expressometro.mx\\\/wp-content\\\/uploads\\\/2019\\\/10\\\/1263a.jpg\",\"width\":850,\"height\":567},{\"@type\":\"BreadcrumbList\",\"@id\":\"https:\\\/\\\/expressometro.mx\\\/index.php\\\/2019\\\/10\\\/01\\\/destaca-nazario-gutierrez-colaboracion-institucional-entre-poderes\\\/#breadcrumb\",\"itemListElement\":[{\"@type\":\"ListItem\",\"position\":1,\"name\":\"Inicio\",\"item\":\"https:\\\/\\\/expressometro.mx\\\/\"},{\"@type\":\"ListItem\",\"position\":2,\"name\":\"DESTACA NAZARIO GUTI\u00c9RREZ COLABORACI\u00d3N INSTITUCIONAL ENTRE PODERES\"}]},{\"@type\":\"WebSite\",\"@id\":\"https:\\\/\\\/expressometro.mx\\\/#website\",\"url\":\"https:\\\/\\\/expressometro.mx\\\/\",\"name\":\"Expresso Metropolitano\",\"description\":\"Periodismo comprometido, informaci\u00f3n, investigaci\u00f3n y an\u00e1lisis\",\"publisher\":{\"@id\":\"https:\\\/\\\/expressometro.mx\\\/#organization\"},\"potentialAction\":[{\"@type\":\"SearchAction\",\"target\":{\"@type\":\"EntryPoint\",\"urlTemplate\":\"https:\\\/\\\/expressometro.mx\\\/?s={search_term_string}\"},\"query-input\":{\"@type\":\"PropertyValueSpecification\",\"valueRequired\":true,\"valueName\":\"search_term_string\"}}],\"inLanguage\":\"es\"},{\"@type\":\"Organization\",\"@id\":\"https:\\\/\\\/expressometro.mx\\\/#organization\",\"name\":\"Expresso Metropolitano\",\"url\":\"https:\\\/\\\/expressometro.mx\\\/\",\"logo\":{\"@type\":\"ImageObject\",\"inLanguage\":\"es\",\"@id\":\"https:\\\/\\\/expressometro.mx\\\/#\\\/schema\\\/logo\\\/image\\\/\",\"url\":\"https:\\\/\\\/expressometro.mx\\\/wp-content\\\/uploads\\\/2019\\\/07\\\/cropped-Logo-Expresso-Metropolitano-1-1.jpeg\",\"contentUrl\":\"https:\\\/\\\/expressometro.mx\\\/wp-content\\\/uploads\\\/2019\\\/07\\\/cropped-Logo-Expresso-Metropolitano-1-1.jpeg\",\"width\":290,\"height\":73,\"caption\":\"Expresso Metropolitano\"},\"image\":{\"@id\":\"https:\\\/\\\/expressometro.mx\\\/#\\\/schema\\\/logo\\\/image\\\/\"}},{\"@type\":\"Person\",\"@id\":\"https:\\\/\\\/expressometro.mx\\\/#\\\/schema\\\/person\\\/efa971b4a0664db8ed5c22b1b0dd2f5d\",\"name\":\"Expresso Metropolitano\",\"image\":{\"@type\":\"ImageObject\",\"inLanguage\":\"es\",\"@id\":\"https:\\\/\\\/secure.gravatar.com\\\/avatar\\\/a89f802b8de18c6952f223c88d3d106e9e3679839f4e25a02f4a6cc2ae6ba3b3?s=96&d=mm&r=g\",\"url\":\"https:\\\/\\\/secure.gravatar.com\\\/avatar\\\/a89f802b8de18c6952f223c88d3d106e9e3679839f4e25a02f4a6cc2ae6ba3b3?s=96&d=mm&r=g\",\"contentUrl\":\"https:\\\/\\\/secure.gravatar.com\\\/avatar\\\/a89f802b8de18c6952f223c88d3d106e9e3679839f4e25a02f4a6cc2ae6ba3b3?s=96&d=mm&r=g\",\"caption\":\"Expresso Metropolitano\"},\"url\":\"https:\\\/\\\/expressometro.mx\\\/index.php\\\/author\\\/diego\\\/\"}]}<\/script>\n<!-- \/ Yoast SEO plugin. -->","yoast_head_json":{"title":"DESTACA NAZARIO GUTI\u00c9RREZ COLABORACI\u00d3N INSTITUCIONAL ENTRE PODERES - Expresso Metropolitano","robots":{"index":"index","follow":"follow","max-snippet":"max-snippet:-1","max-image-preview":"max-image-preview:large","max-video-preview":"max-video-preview:-1"},"canonical":"https:\/\/expressometro.mx\/index.php\/2019\/10\/01\/destaca-nazario-gutierrez-colaboracion-institucional-entre-poderes\/","og_locale":"es_MX","og_type":"article","og_title":"DESTACA NAZARIO GUTI\u00c9RREZ COLABORACI\u00d3N INSTITUCIONAL ENTRE PODERES - Expresso Metropolitano","og_description":"Al iniciarse las comparecencias con motivo del 2\u00ba informe de gobierno, el diputado Nazario Guti\u00e9rrez Mart\u00ednez, presidente de la Directiva de la 60 Legislatura mexiquense, destac\u00f3 el respeto a la divisi\u00f3n de poderes y una sana colaboraci\u00f3n institucional para el cumplimiento de sus tareas. Al recibir en el Pleno legislativo al secretario General de Gobierno, Alejandro Ozuna Rivero, Nazario Guti\u00e9rrez dijo que la sesi\u00f3n de comparecencia se realiza conforme a lo dispuesto por la Constituci\u00f3n, las pr\u00e1cticas parlamentarias y en cumplimiento a lo previsto en el art\u00edculo 46 del reglamento&hellip;","og_url":"https:\/\/expressometro.mx\/index.php\/2019\/10\/01\/destaca-nazario-gutierrez-colaboracion-institucional-entre-poderes\/","og_site_name":"Expresso Metropolitano","article_published_time":"2019-10-01T19:29:01+00:00","article_modified_time":"2019-10-04T19:42:01+00:00","og_image":[{"width":850,"height":567,"url":"https:\/\/expressometro.mx\/wp-content\/uploads\/2019\/10\/1263a.jpg","type":"image\/jpeg"}],"author":"Expresso Metropolitano","twitter_misc":{"Escrito por":"Expresso Metropolitano","Tiempo de lectura":"3 minutos"},"schema":{"@context":"https:\/\/schema.org","@graph":[{"@type":"Article","@id":"https:\/\/expressometro.mx\/index.php\/2019\/10\/01\/destaca-nazario-gutierrez-colaboracion-institucional-entre-poderes\/#article","isPartOf":{"@id":"https:\/\/expressometro.mx\/index.php\/2019\/10\/01\/destaca-nazario-gutierrez-colaboracion-institucional-entre-poderes\/"},"author":{"name":"Expresso Metropolitano","@id":"https:\/\/expressometro.mx\/#\/schema\/person\/efa971b4a0664db8ed5c22b1b0dd2f5d"},"headline":"DESTACA NAZARIO GUTI\u00c9RREZ COLABORACI\u00d3N INSTITUCIONAL ENTRE PODERES","datePublished":"2019-10-01T19:29:01+00:00","dateModified":"2019-10-04T19:42:01+00:00","mainEntityOfPage":{"@id":"https:\/\/expressometro.mx\/index.php\/2019\/10\/01\/destaca-nazario-gutierrez-colaboracion-institucional-entre-poderes\/"},"wordCount":595,"commentCount":0,"publisher":{"@id":"https:\/\/expressometro.mx\/#organization"},"image":{"@id":"https:\/\/expressometro.mx\/index.php\/2019\/10\/01\/destaca-nazario-gutierrez-colaboracion-institucional-entre-poderes\/#primaryimage"},"thumbnailUrl":"https:\/\/expressometro.mx\/wp-content\/uploads\/2019\/10\/1263a.jpg","articleSection":["Gobierno"],"inLanguage":"es","potentialAction":[{"@type":"CommentAction","name":"Comment","target":["https:\/\/expressometro.mx\/index.php\/2019\/10\/01\/destaca-nazario-gutierrez-colaboracion-institucional-entre-poderes\/#respond"]}]},{"@type":"WebPage","@id":"https:\/\/expressometro.mx\/index.php\/2019\/10\/01\/destaca-nazario-gutierrez-colaboracion-institucional-entre-poderes\/","url":"https:\/\/expressometro.mx\/index.php\/2019\/10\/01\/destaca-nazario-gutierrez-colaboracion-institucional-entre-poderes\/","name":"DESTACA NAZARIO GUTI\u00c9RREZ COLABORACI\u00d3N INSTITUCIONAL ENTRE PODERES - Expresso Metropolitano","isPartOf":{"@id":"https:\/\/expressometro.mx\/#website"},"primaryImageOfPage":{"@id":"https:\/\/expressometro.mx\/index.php\/2019\/10\/01\/destaca-nazario-gutierrez-colaboracion-institucional-entre-poderes\/#primaryimage"},"image":{"@id":"https:\/\/expressometro.mx\/index.php\/2019\/10\/01\/destaca-nazario-gutierrez-colaboracion-institucional-entre-poderes\/#primaryimage"},"thumbnailUrl":"https:\/\/expressometro.mx\/wp-content\/uploads\/2019\/10\/1263a.jpg","datePublished":"2019-10-01T19:29:01+00:00","dateModified":"2019-10-04T19:42:01+00:00","breadcrumb":{"@id":"https:\/\/expressometro.mx\/index.php\/2019\/10\/01\/destaca-nazario-gutierrez-colaboracion-institucional-entre-poderes\/#breadcrumb"},"inLanguage":"es","potentialAction":[{"@type":"ReadAction","target":["https:\/\/expressometro.mx\/index.php\/2019\/10\/01\/destaca-nazario-gutierrez-colaboracion-institucional-entre-poderes\/"]}]},{"@type":"ImageObject","inLanguage":"es","@id":"https:\/\/expressometro.mx\/index.php\/2019\/10\/01\/destaca-nazario-gutierrez-colaboracion-institucional-entre-poderes\/#primaryimage","url":"https:\/\/expressometro.mx\/wp-content\/uploads\/2019\/10\/1263a.jpg","contentUrl":"https:\/\/expressometro.mx\/wp-content\/uploads\/2019\/10\/1263a.jpg","width":850,"height":567},{"@type":"BreadcrumbList","@id":"https:\/\/expressometro.mx\/index.php\/2019\/10\/01\/destaca-nazario-gutierrez-colaboracion-institucional-entre-poderes\/#breadcrumb","itemListElement":[{"@type":"ListItem","position":1,"name":"Inicio","item":"https:\/\/expressometro.mx\/"},{"@type":"ListItem","position":2,"name":"DESTACA NAZARIO GUTI\u00c9RREZ COLABORACI\u00d3N INSTITUCIONAL ENTRE PODERES"}]},{"@type":"WebSite","@id":"https:\/\/expressometro.mx\/#website","url":"https:\/\/expressometro.mx\/","name":"Expresso Metropolitano","description":"Periodismo comprometido, informaci\u00f3n, investigaci\u00f3n y an\u00e1lisis","publisher":{"@id":"https:\/\/expressometro.mx\/#organization"},"potentialAction":[{"@type":"SearchAction","target":{"@type":"EntryPoint","urlTemplate":"https:\/\/expressometro.mx\/?s={search_term_string}"},"query-input":{"@type":"PropertyValueSpecification","valueRequired":true,"valueName":"search_term_string"}}],"inLanguage":"es"},{"@type":"Organization","@id":"https:\/\/expressometro.mx\/#organization","name":"Expresso Metropolitano","url":"https:\/\/expressometro.mx\/","logo":{"@type":"ImageObject","inLanguage":"es","@id":"https:\/\/expressometro.mx\/#\/schema\/logo\/image\/","url":"https:\/\/expressometro.mx\/wp-content\/uploads\/2019\/07\/cropped-Logo-Expresso-Metropolitano-1-1.jpeg","contentUrl":"https:\/\/expressometro.mx\/wp-content\/uploads\/2019\/07\/cropped-Logo-Expresso-Metropolitano-1-1.jpeg","width":290,"height":73,"caption":"Expresso Metropolitano"},"image":{"@id":"https:\/\/expressometro.mx\/#\/schema\/logo\/image\/"}},{"@type":"Person","@id":"https:\/\/expressometro.mx\/#\/schema\/person\/efa971b4a0664db8ed5c22b1b0dd2f5d","name":"Expresso Metropolitano","image":{"@type":"ImageObject","inLanguage":"es","@id":"https:\/\/secure.gravatar.com\/avatar\/a89f802b8de18c6952f223c88d3d106e9e3679839f4e25a02f4a6cc2ae6ba3b3?s=96&d=mm&r=g","url":"https:\/\/secure.gravatar.com\/avatar\/a89f802b8de18c6952f223c88d3d106e9e3679839f4e25a02f4a6cc2ae6ba3b3?s=96&d=mm&r=g","contentUrl":"https:\/\/secure.gravatar.com\/avatar\/a89f802b8de18c6952f223c88d3d106e9e3679839f4e25a02f4a6cc2ae6ba3b3?s=96&d=mm&r=g","caption":"Expresso Metropolitano"},"url":"https:\/\/expressometro.mx\/index.php\/author\/diego\/"}]}},"amp_enabled":true,"_links":{"self":[{"href":"https:\/\/expressometro.mx\/index.php\/wp-json\/wp\/v2\/posts\/804","targetHints":{"allow":["GET"]}}],"collection":[{"href":"https:\/\/expressometro.mx\/index.php\/wp-json\/wp\/v2\/posts"}],"about":[{"href":"https:\/\/expressometro.mx\/index.php\/wp-json\/wp\/v2\/types\/post"}],"author":[{"embeddable":true,"href":"https:\/\/expressometro.mx\/index.php\/wp-json\/wp\/v2\/users\/1"}],"replies":[{"embeddable":true,"href":"https:\/\/expressometro.mx\/index.php\/wp-json\/wp\/v2\/comments?post=804"}],"version-history":[{"count":1,"href":"https:\/\/expressometro.mx\/index.php\/wp-json\/wp\/v2\/posts\/804\/revisions"}],"predecessor-version":[{"id":806,"href":"https:\/\/expressometro.mx\/index.php\/wp-json\/wp\/v2\/posts\/804\/revisions\/806"}],"wp:featuredmedia":[{"embeddable":true,"href":"https:\/\/expressometro.mx\/index.php\/wp-json\/wp\/v2\/media\/805"}],"wp:attachment":[{"href":"https:\/\/expressometro.mx\/index.php\/wp-json\/wp\/v2\/media?parent=804"}],"wp:term":[{"taxonomy":"category","embeddable":true,"href":"https:\/\/expressometro.mx\/index.php\/wp-json\/wp\/v2\/categories?post=804"},{"taxonomy":"post_tag","embeddable":true,"href":"https:\/\/expressometro.mx\/index.php\/wp-json\/wp\/v2\/tags?post=804"}],"curies":[{"name":"wp","href":"https:\/\/api.w.org\/{rel}","templated":true}]}}