{"id":8033,"date":"2023-10-04T18:30:22","date_gmt":"2023-10-04T23:30:22","guid":{"rendered":"https:\/\/expressometro.mx\/?p=8033"},"modified":"2023-10-08T18:37:00","modified_gmt":"2023-10-08T23:37:00","slug":"se-suma-uaemex-a-programa-de-control-de-sobrepoblacion-de-animales-de-compania-de-delfina-gomez","status":"publish","type":"post","link":"https:\/\/expressometro.mx\/index.php\/2023\/10\/04\/se-suma-uaemex-a-programa-de-control-de-sobrepoblacion-de-animales-de-compania-de-delfina-gomez\/","title":{"rendered":"SE SUMA UAEM\u00c9X A PROGRAMA DE CONTROL DE SOBREPOBLACI\u00d3N DE ANIMALES DE COMPA\u00d1\u00cdA DE DELFINA G\u00d3MEZ"},"content":{"rendered":"\n<p><\/p>\n\n\n\n<p>* La gobernadora reconoci\u00f3 el apoyo de la UAEM\u00e9x y adelant\u00f3 que con la puesta a disposici\u00f3n de unidades m\u00f3viles de esterilizaci\u00f3n que ser\u00e1n desplegadas en todo el territorio estatal.<\/p>\n\n\n\n<p>* El rector Carlos Eduardo Barrera D\u00edaz firm\u00f3 un convenio de colaboraci\u00f3n con la Secretar\u00eda de Medio Ambiente y Desarrollo Sostenible, la Comisi\u00f3n Estatal de Parque Naturales y de la Fauna, la Federaci\u00f3n Can\u00f3fila Mexicana, PETCo y el Colegio Estatal de M\u00e9dicos Veterinarios y Zootecnistas del Estado de M\u00e9xico.<\/p>\n\n\n\n<p><\/p>\n\n\n\n<p>Con infraestructura y personal capacitado, la Universidad Aut\u00f3noma del Estado de M\u00e9xico (UAEM\u00e9x) se suma al Programa \u00c9tico de Control de la Sobrepoblaci\u00f3n de Animales de Compa\u00f1\u00eda en Situaci\u00f3n de Calle que impulsa la gobernadora constitucional de la entidad, Delfina G\u00f3mez \u00c1lvarez.<\/p>\n\n\n\n<p>Al atestiguar la firma del convenio de colaboraci\u00f3n entre la Aut\u00f3noma mexiquense -que sign\u00f3 el rector Carlos Eduardo Barrera D\u00edaz-, la Secretar\u00eda de Medio Ambiente y Desarrollo Sostenible, la Comisi\u00f3n Estatal de Parque Naturales y de la Fauna, la Federaci\u00f3n Can\u00f3fila Mexicana, PETCo y el Colegio Estatal de M\u00e9dicos Veterinarios y Zootecnistas del Estado de M\u00e9xico, la jefa del ejecutivo estatal reconoci\u00f3 el apoyo de la UAEM\u00e9x y adelant\u00f3 que con la puesta a disposici\u00f3n de unidades m\u00f3viles de esterilizaci\u00f3n que ser\u00e1n desplegadas en todo el territorio estatal, la instituci\u00f3n participar\u00e1 en la primera fase del programa.<\/p>\n\n\n\n<p>\u201cVamos a arrancar con un programa de esterilizaci\u00f3n a nivel estado, en los municipios con mayor sobrepoblaci\u00f3n. Por eso vamos a necesitar de nuestros j\u00f3venes que estudian medicina veterinaria. S\u00e9 que nos van a ayudar en este proceso\u201d, destac\u00f3 G\u00f3mez \u00c1lvarez, en el marco del D\u00eda Mundial de los Animales.<\/p>\n\n\n\n<p>En Palacio de Gobierno, Carlos Eduardo Barrera D\u00edaz reconoci\u00f3 la suma de voluntades de instituciones p\u00fablicas, privadas y asociaciones civiles para colaborar de manera sin\u00e9rgica en el bienestar de los animales a partir de la investigaci\u00f3n cient\u00edfica y tecnol\u00f3gica.<\/p>\n\n\n\n<p>Detall\u00f3 que la M\u00e1xima Casa de Estudios mexiquense cuenta con infraestructura, profesionales y estudiantado en formaci\u00f3n para el cuidado y bienestar animal. Ejemplo de ello es que en la capital mexiquense tiene sede la Facultad de Medicina Veterinaria y Zootecnia, que cuenta con los hospitales de Peque\u00f1as Especies y Grandes Especies.<\/p>\n\n\n\n<p>El Hospital de Peque\u00f1as Especies, abund\u00f3, cuenta con instalaciones para cirug\u00edas de perros y gatos, donde recientemente fue adquirido un tom\u00f3grafo de \u00faltima generaci\u00f3n, cuya tecnolog\u00eda ofrece im\u00e1genes de alta calidad que facilitan la detecci\u00f3n de padecimientos en el abdomen de estas especies.<\/p>\n\n\n\n<p>Adem\u00e1s, refiri\u00f3, se imparte la Especialidad en Perros y Gatos, programa reconocido a nivel nacional e internacional, mientras que en su Centro Universitario Amecameca la UAEM\u00e9x ofrece la Licenciatura en Medicina Veterinaria y Zootecnia y en su Centro Universitario Temascaltepec, la Licenciatura en Ingeniero Agr\u00f3nomo Zootecnista.<\/p>\n\n\n\n<p>Asimismo, dio a conocer que derivado del Programa de Esterilizaci\u00f3n de Perros y Gatos que anualmente realiza la UAEM\u00e9x, durante 2022 se practicaron m\u00e1s de cinco mil cirug\u00edas de forma gratuita.<\/p>\n\n\n\n<p>\u201cTodos los animales tienen derecho a la atenci\u00f3n, a los cuidados y a la protecci\u00f3n del hombre, por eso ponemos todas las capacidades de nuestra universidad para contribuir y colaborar. Deseo sinceramente que la firma de este convenio de colaboraci\u00f3n incida efectivamente para que m\u00e1s mexiquenses tomen conciencia de que todos los seres vivos merecemos un trato digno y respetuoso para lograr una convivencia sana en el planeta\u201d, expres\u00f3 Carlos Eduardo Barrera D\u00edaz.<\/p>\n\n\n\n<p>Cabe destacar que de acuerdo con el gobierno estatal, en el territorio mexiquense hay seis millones de perros, de los cuales, 70 por ciento se encuentra en situaci\u00f3n de calle. As\u00ed, durante el primer a\u00f1o, el objetivo del Programa \u00c9tico de Control de la Sobrepoblaci\u00f3n de Animales de Compa\u00f1\u00eda en Situaci\u00f3n de Calle es reducir 10 por ciento la sobrepoblaci\u00f3n de perros y gatos.<\/p>\n\n\n\n<p>El convenio de colaboraci\u00f3n fue firmado tambi\u00e9n por la secretaria de Medio Ambiente y Desarrollo Sostenible, Alhely Rubio Arronis; la directora de la Comisi\u00f3n Estatal de Parque Naturales y de la Fauna, Alma Diana Tapia Maya; el presidente de la Federaci\u00f3n Can\u00f3fila Mexicana, Jos\u00e9 Luis Payr\u00f3 Due\u00f1as; el abogado general de PETCo, Alejandro Galv\u00e1n Illanes; la presidenta del Colegio Estatal de M\u00e9dicos Veterinarios y Zootecnistas del Estado de M\u00e9xico, Adriana Barreto Rodr\u00edguez y el representante de la FES Cuautitl\u00e1n de la Universidad Nacional Aut\u00f3noma de M\u00e9xico (UNAM),&nbsp; Alfredo \u00c1lvarez C\u00e1rdenas.<\/p>\n","protected":false},"excerpt":{"rendered":"<p>Con infraestructura y personal capacitado, la Universidad Aut\u00f3noma del Estado de M\u00e9xico (UAEM\u00e9x) se suma al Programa \u00c9tico de Control de la Sobrepoblaci\u00f3n de Animales de Compa\u00f1\u00eda en Situaci\u00f3n de Calle que impulsa la gobernadora constitucional de la entidad, Delfina G\u00f3mez \u00c1lvarez.<\/p>\n","protected":false},"author":1,"featured_media":8035,"comment_status":"open","ping_status":"open","sticky":false,"template":"","format":"standard","meta":{"footnotes":""},"categories":[108,3,8,1,231,5],"tags":[313,1314,1982,86,82],"class_list":["post-8033","post","type-post","status-publish","format-standard","has-post-thumbnail","hentry","category-educacion","category-gobierno","category-medio-ambiente","category-otros","category-politica","category-salud","tag-carlos-eduardo-barrera-diaz","tag-delfina-gomez","tag-edomex","tag-gem","tag-uaemex"],"yoast_head":"<!-- This site is optimized with the Yoast SEO plugin v27.4 - https:\/\/yoast.com\/product\/yoast-seo-wordpress\/ -->\n<title>SE SUMA UAEM\u00c9X A PROGRAMA DE CONTROL DE SOBREPOBLACI\u00d3N DE ANIMALES DE COMPA\u00d1\u00cdA DE DELFINA G\u00d3MEZ - Expresso Metropolitano<\/title>\n<meta name=\"robots\" content=\"index, follow, max-snippet:-1, max-image-preview:large, max-video-preview:-1\" \/>\n<link rel=\"canonical\" href=\"https:\/\/expressometro.mx\/index.php\/2023\/10\/04\/se-suma-uaemex-a-programa-de-control-de-sobrepoblacion-de-animales-de-compania-de-delfina-gomez\/\" \/>\n<meta property=\"og:locale\" content=\"es_MX\" \/>\n<meta property=\"og:type\" content=\"article\" \/>\n<meta property=\"og:title\" content=\"SE SUMA UAEM\u00c9X A PROGRAMA DE CONTROL DE SOBREPOBLACI\u00d3N DE ANIMALES DE COMPA\u00d1\u00cdA DE DELFINA G\u00d3MEZ - Expresso Metropolitano\" \/>\n<meta property=\"og:description\" content=\"Con infraestructura y personal capacitado, la Universidad Aut\u00f3noma del Estado de M\u00e9xico (UAEM\u00e9x) se suma al Programa \u00c9tico de Control de la Sobrepoblaci\u00f3n de Animales de Compa\u00f1\u00eda en Situaci\u00f3n de Calle que impulsa la gobernadora constitucional de la entidad, Delfina G\u00f3mez \u00c1lvarez.\" \/>\n<meta property=\"og:url\" content=\"https:\/\/expressometro.mx\/index.php\/2023\/10\/04\/se-suma-uaemex-a-programa-de-control-de-sobrepoblacion-de-animales-de-compania-de-delfina-gomez\/\" \/>\n<meta property=\"og:site_name\" content=\"Expresso Metropolitano\" \/>\n<meta property=\"article:published_time\" content=\"2023-10-04T23:30:22+00:00\" \/>\n<meta property=\"article:modified_time\" content=\"2023-10-08T23:37:00+00:00\" \/>\n<meta property=\"og:image\" content=\"http:\/\/expressometro.mx\/wp-content\/uploads\/2023\/10\/UAEM-Control-de-Sobrepoblacion-de-animales-de-compania-041023-1.jpg\" \/>\n\t<meta property=\"og:image:width\" content=\"1440\" \/>\n\t<meta property=\"og:image:height\" content=\"960\" \/>\n\t<meta property=\"og:image:type\" content=\"image\/jpeg\" \/>\n<meta name=\"author\" content=\"Expresso Metropolitano\" \/>\n<meta name=\"twitter:label1\" content=\"Escrito por\" \/>\n\t<meta name=\"twitter:data1\" content=\"Expresso Metropolitano\" \/>\n\t<meta name=\"twitter:label2\" content=\"Tiempo de lectura\" \/>\n\t<meta name=\"twitter:data2\" content=\"4 minutos\" \/>\n<script type=\"application\/ld+json\" class=\"yoast-schema-graph\">{\"@context\":\"https:\\\/\\\/schema.org\",\"@graph\":[{\"@type\":\"Article\",\"@id\":\"https:\\\/\\\/expressometro.mx\\\/index.php\\\/2023\\\/10\\\/04\\\/se-suma-uaemex-a-programa-de-control-de-sobrepoblacion-de-animales-de-compania-de-delfina-gomez\\\/#article\",\"isPartOf\":{\"@id\":\"https:\\\/\\\/expressometro.mx\\\/index.php\\\/2023\\\/10\\\/04\\\/se-suma-uaemex-a-programa-de-control-de-sobrepoblacion-de-animales-de-compania-de-delfina-gomez\\\/\"},\"author\":{\"name\":\"Expresso Metropolitano\",\"@id\":\"https:\\\/\\\/expressometro.mx\\\/#\\\/schema\\\/person\\\/efa971b4a0664db8ed5c22b1b0dd2f5d\"},\"headline\":\"SE SUMA UAEM\u00c9X A PROGRAMA DE CONTROL DE SOBREPOBLACI\u00d3N DE ANIMALES DE COMPA\u00d1\u00cdA DE DELFINA G\u00d3MEZ\",\"datePublished\":\"2023-10-04T23:30:22+00:00\",\"dateModified\":\"2023-10-08T23:37:00+00:00\",\"mainEntityOfPage\":{\"@id\":\"https:\\\/\\\/expressometro.mx\\\/index.php\\\/2023\\\/10\\\/04\\\/se-suma-uaemex-a-programa-de-control-de-sobrepoblacion-de-animales-de-compania-de-delfina-gomez\\\/\"},\"wordCount\":809,\"commentCount\":0,\"publisher\":{\"@id\":\"https:\\\/\\\/expressometro.mx\\\/#organization\"},\"image\":{\"@id\":\"https:\\\/\\\/expressometro.mx\\\/index.php\\\/2023\\\/10\\\/04\\\/se-suma-uaemex-a-programa-de-control-de-sobrepoblacion-de-animales-de-compania-de-delfina-gomez\\\/#primaryimage\"},\"thumbnailUrl\":\"https:\\\/\\\/expressometro.mx\\\/wp-content\\\/uploads\\\/2023\\\/10\\\/UAEM-Control-de-Sobrepoblacion-de-animales-de-compania-041023-1.jpg\",\"keywords\":[\"Carlos Eduardo Barrera D\u00edaz\",\"Delfina G\u00f3mez\",\"Edomex\",\"GEM\",\"UAEMex\"],\"articleSection\":[\"Educaci\u00f3n\",\"Gobierno\",\"Medio ambiente\",\"Otros\",\"Pol\u00edtica\",\"Salud\"],\"inLanguage\":\"es\",\"potentialAction\":[{\"@type\":\"CommentAction\",\"name\":\"Comment\",\"target\":[\"https:\\\/\\\/expressometro.mx\\\/index.php\\\/2023\\\/10\\\/04\\\/se-suma-uaemex-a-programa-de-control-de-sobrepoblacion-de-animales-de-compania-de-delfina-gomez\\\/#respond\"]}]},{\"@type\":\"WebPage\",\"@id\":\"https:\\\/\\\/expressometro.mx\\\/index.php\\\/2023\\\/10\\\/04\\\/se-suma-uaemex-a-programa-de-control-de-sobrepoblacion-de-animales-de-compania-de-delfina-gomez\\\/\",\"url\":\"https:\\\/\\\/expressometro.mx\\\/index.php\\\/2023\\\/10\\\/04\\\/se-suma-uaemex-a-programa-de-control-de-sobrepoblacion-de-animales-de-compania-de-delfina-gomez\\\/\",\"name\":\"SE SUMA UAEM\u00c9X A PROGRAMA DE CONTROL DE SOBREPOBLACI\u00d3N DE ANIMALES DE COMPA\u00d1\u00cdA DE DELFINA G\u00d3MEZ - Expresso Metropolitano\",\"isPartOf\":{\"@id\":\"https:\\\/\\\/expressometro.mx\\\/#website\"},\"primaryImageOfPage\":{\"@id\":\"https:\\\/\\\/expressometro.mx\\\/index.php\\\/2023\\\/10\\\/04\\\/se-suma-uaemex-a-programa-de-control-de-sobrepoblacion-de-animales-de-compania-de-delfina-gomez\\\/#primaryimage\"},\"image\":{\"@id\":\"https:\\\/\\\/expressometro.mx\\\/index.php\\\/2023\\\/10\\\/04\\\/se-suma-uaemex-a-programa-de-control-de-sobrepoblacion-de-animales-de-compania-de-delfina-gomez\\\/#primaryimage\"},\"thumbnailUrl\":\"https:\\\/\\\/expressometro.mx\\\/wp-content\\\/uploads\\\/2023\\\/10\\\/UAEM-Control-de-Sobrepoblacion-de-animales-de-compania-041023-1.jpg\",\"datePublished\":\"2023-10-04T23:30:22+00:00\",\"dateModified\":\"2023-10-08T23:37:00+00:00\",\"breadcrumb\":{\"@id\":\"https:\\\/\\\/expressometro.mx\\\/index.php\\\/2023\\\/10\\\/04\\\/se-suma-uaemex-a-programa-de-control-de-sobrepoblacion-de-animales-de-compania-de-delfina-gomez\\\/#breadcrumb\"},\"inLanguage\":\"es\",\"potentialAction\":[{\"@type\":\"ReadAction\",\"target\":[\"https:\\\/\\\/expressometro.mx\\\/index.php\\\/2023\\\/10\\\/04\\\/se-suma-uaemex-a-programa-de-control-de-sobrepoblacion-de-animales-de-compania-de-delfina-gomez\\\/\"]}]},{\"@type\":\"ImageObject\",\"inLanguage\":\"es\",\"@id\":\"https:\\\/\\\/expressometro.mx\\\/index.php\\\/2023\\\/10\\\/04\\\/se-suma-uaemex-a-programa-de-control-de-sobrepoblacion-de-animales-de-compania-de-delfina-gomez\\\/#primaryimage\",\"url\":\"https:\\\/\\\/expressometro.mx\\\/wp-content\\\/uploads\\\/2023\\\/10\\\/UAEM-Control-de-Sobrepoblacion-de-animales-de-compania-041023-1.jpg\",\"contentUrl\":\"https:\\\/\\\/expressometro.mx\\\/wp-content\\\/uploads\\\/2023\\\/10\\\/UAEM-Control-de-Sobrepoblacion-de-animales-de-compania-041023-1.jpg\",\"width\":1440,\"height\":960},{\"@type\":\"BreadcrumbList\",\"@id\":\"https:\\\/\\\/expressometro.mx\\\/index.php\\\/2023\\\/10\\\/04\\\/se-suma-uaemex-a-programa-de-control-de-sobrepoblacion-de-animales-de-compania-de-delfina-gomez\\\/#breadcrumb\",\"itemListElement\":[{\"@type\":\"ListItem\",\"position\":1,\"name\":\"Inicio\",\"item\":\"https:\\\/\\\/expressometro.mx\\\/\"},{\"@type\":\"ListItem\",\"position\":2,\"name\":\"SE SUMA UAEM\u00c9X A PROGRAMA DE CONTROL DE SOBREPOBLACI\u00d3N DE ANIMALES DE COMPA\u00d1\u00cdA DE DELFINA G\u00d3MEZ\"}]},{\"@type\":\"WebSite\",\"@id\":\"https:\\\/\\\/expressometro.mx\\\/#website\",\"url\":\"https:\\\/\\\/expressometro.mx\\\/\",\"name\":\"Expresso Metropolitano\",\"description\":\"Periodismo comprometido, informaci\u00f3n, investigaci\u00f3n y an\u00e1lisis\",\"publisher\":{\"@id\":\"https:\\\/\\\/expressometro.mx\\\/#organization\"},\"potentialAction\":[{\"@type\":\"SearchAction\",\"target\":{\"@type\":\"EntryPoint\",\"urlTemplate\":\"https:\\\/\\\/expressometro.mx\\\/?s={search_term_string}\"},\"query-input\":{\"@type\":\"PropertyValueSpecification\",\"valueRequired\":true,\"valueName\":\"search_term_string\"}}],\"inLanguage\":\"es\"},{\"@type\":\"Organization\",\"@id\":\"https:\\\/\\\/expressometro.mx\\\/#organization\",\"name\":\"Expresso Metropolitano\",\"url\":\"https:\\\/\\\/expressometro.mx\\\/\",\"logo\":{\"@type\":\"ImageObject\",\"inLanguage\":\"es\",\"@id\":\"https:\\\/\\\/expressometro.mx\\\/#\\\/schema\\\/logo\\\/image\\\/\",\"url\":\"https:\\\/\\\/expressometro.mx\\\/wp-content\\\/uploads\\\/2019\\\/07\\\/cropped-Logo-Expresso-Metropolitano-1-1.jpeg\",\"contentUrl\":\"https:\\\/\\\/expressometro.mx\\\/wp-content\\\/uploads\\\/2019\\\/07\\\/cropped-Logo-Expresso-Metropolitano-1-1.jpeg\",\"width\":290,\"height\":73,\"caption\":\"Expresso Metropolitano\"},\"image\":{\"@id\":\"https:\\\/\\\/expressometro.mx\\\/#\\\/schema\\\/logo\\\/image\\\/\"}},{\"@type\":\"Person\",\"@id\":\"https:\\\/\\\/expressometro.mx\\\/#\\\/schema\\\/person\\\/efa971b4a0664db8ed5c22b1b0dd2f5d\",\"name\":\"Expresso Metropolitano\",\"image\":{\"@type\":\"ImageObject\",\"inLanguage\":\"es\",\"@id\":\"https:\\\/\\\/secure.gravatar.com\\\/avatar\\\/a89f802b8de18c6952f223c88d3d106e9e3679839f4e25a02f4a6cc2ae6ba3b3?s=96&d=mm&r=g\",\"url\":\"https:\\\/\\\/secure.gravatar.com\\\/avatar\\\/a89f802b8de18c6952f223c88d3d106e9e3679839f4e25a02f4a6cc2ae6ba3b3?s=96&d=mm&r=g\",\"contentUrl\":\"https:\\\/\\\/secure.gravatar.com\\\/avatar\\\/a89f802b8de18c6952f223c88d3d106e9e3679839f4e25a02f4a6cc2ae6ba3b3?s=96&d=mm&r=g\",\"caption\":\"Expresso Metropolitano\"},\"url\":\"https:\\\/\\\/expressometro.mx\\\/index.php\\\/author\\\/diego\\\/\"}]}<\/script>\n<!-- \/ Yoast SEO plugin. -->","yoast_head_json":{"title":"SE SUMA UAEM\u00c9X A PROGRAMA DE CONTROL DE SOBREPOBLACI\u00d3N DE ANIMALES DE COMPA\u00d1\u00cdA DE DELFINA G\u00d3MEZ - Expresso Metropolitano","robots":{"index":"index","follow":"follow","max-snippet":"max-snippet:-1","max-image-preview":"max-image-preview:large","max-video-preview":"max-video-preview:-1"},"canonical":"https:\/\/expressometro.mx\/index.php\/2023\/10\/04\/se-suma-uaemex-a-programa-de-control-de-sobrepoblacion-de-animales-de-compania-de-delfina-gomez\/","og_locale":"es_MX","og_type":"article","og_title":"SE SUMA UAEM\u00c9X A PROGRAMA DE CONTROL DE SOBREPOBLACI\u00d3N DE ANIMALES DE COMPA\u00d1\u00cdA DE DELFINA G\u00d3MEZ - Expresso Metropolitano","og_description":"Con infraestructura y personal capacitado, la Universidad Aut\u00f3noma del Estado de M\u00e9xico (UAEM\u00e9x) se suma al Programa \u00c9tico de Control de la Sobrepoblaci\u00f3n de Animales de Compa\u00f1\u00eda en Situaci\u00f3n de Calle que impulsa la gobernadora constitucional de la entidad, Delfina G\u00f3mez \u00c1lvarez.","og_url":"https:\/\/expressometro.mx\/index.php\/2023\/10\/04\/se-suma-uaemex-a-programa-de-control-de-sobrepoblacion-de-animales-de-compania-de-delfina-gomez\/","og_site_name":"Expresso Metropolitano","article_published_time":"2023-10-04T23:30:22+00:00","article_modified_time":"2023-10-08T23:37:00+00:00","og_image":[{"width":1440,"height":960,"url":"http:\/\/expressometro.mx\/wp-content\/uploads\/2023\/10\/UAEM-Control-de-Sobrepoblacion-de-animales-de-compania-041023-1.jpg","type":"image\/jpeg"}],"author":"Expresso Metropolitano","twitter_misc":{"Escrito por":"Expresso Metropolitano","Tiempo de lectura":"4 minutos"},"schema":{"@context":"https:\/\/schema.org","@graph":[{"@type":"Article","@id":"https:\/\/expressometro.mx\/index.php\/2023\/10\/04\/se-suma-uaemex-a-programa-de-control-de-sobrepoblacion-de-animales-de-compania-de-delfina-gomez\/#article","isPartOf":{"@id":"https:\/\/expressometro.mx\/index.php\/2023\/10\/04\/se-suma-uaemex-a-programa-de-control-de-sobrepoblacion-de-animales-de-compania-de-delfina-gomez\/"},"author":{"name":"Expresso Metropolitano","@id":"https:\/\/expressometro.mx\/#\/schema\/person\/efa971b4a0664db8ed5c22b1b0dd2f5d"},"headline":"SE SUMA UAEM\u00c9X A PROGRAMA DE CONTROL DE SOBREPOBLACI\u00d3N DE ANIMALES DE COMPA\u00d1\u00cdA DE DELFINA G\u00d3MEZ","datePublished":"2023-10-04T23:30:22+00:00","dateModified":"2023-10-08T23:37:00+00:00","mainEntityOfPage":{"@id":"https:\/\/expressometro.mx\/index.php\/2023\/10\/04\/se-suma-uaemex-a-programa-de-control-de-sobrepoblacion-de-animales-de-compania-de-delfina-gomez\/"},"wordCount":809,"commentCount":0,"publisher":{"@id":"https:\/\/expressometro.mx\/#organization"},"image":{"@id":"https:\/\/expressometro.mx\/index.php\/2023\/10\/04\/se-suma-uaemex-a-programa-de-control-de-sobrepoblacion-de-animales-de-compania-de-delfina-gomez\/#primaryimage"},"thumbnailUrl":"https:\/\/expressometro.mx\/wp-content\/uploads\/2023\/10\/UAEM-Control-de-Sobrepoblacion-de-animales-de-compania-041023-1.jpg","keywords":["Carlos Eduardo Barrera D\u00edaz","Delfina G\u00f3mez","Edomex","GEM","UAEMex"],"articleSection":["Educaci\u00f3n","Gobierno","Medio ambiente","Otros","Pol\u00edtica","Salud"],"inLanguage":"es","potentialAction":[{"@type":"CommentAction","name":"Comment","target":["https:\/\/expressometro.mx\/index.php\/2023\/10\/04\/se-suma-uaemex-a-programa-de-control-de-sobrepoblacion-de-animales-de-compania-de-delfina-gomez\/#respond"]}]},{"@type":"WebPage","@id":"https:\/\/expressometro.mx\/index.php\/2023\/10\/04\/se-suma-uaemex-a-programa-de-control-de-sobrepoblacion-de-animales-de-compania-de-delfina-gomez\/","url":"https:\/\/expressometro.mx\/index.php\/2023\/10\/04\/se-suma-uaemex-a-programa-de-control-de-sobrepoblacion-de-animales-de-compania-de-delfina-gomez\/","name":"SE SUMA UAEM\u00c9X A PROGRAMA DE CONTROL DE SOBREPOBLACI\u00d3N DE ANIMALES DE COMPA\u00d1\u00cdA DE DELFINA G\u00d3MEZ - Expresso Metropolitano","isPartOf":{"@id":"https:\/\/expressometro.mx\/#website"},"primaryImageOfPage":{"@id":"https:\/\/expressometro.mx\/index.php\/2023\/10\/04\/se-suma-uaemex-a-programa-de-control-de-sobrepoblacion-de-animales-de-compania-de-delfina-gomez\/#primaryimage"},"image":{"@id":"https:\/\/expressometro.mx\/index.php\/2023\/10\/04\/se-suma-uaemex-a-programa-de-control-de-sobrepoblacion-de-animales-de-compania-de-delfina-gomez\/#primaryimage"},"thumbnailUrl":"https:\/\/expressometro.mx\/wp-content\/uploads\/2023\/10\/UAEM-Control-de-Sobrepoblacion-de-animales-de-compania-041023-1.jpg","datePublished":"2023-10-04T23:30:22+00:00","dateModified":"2023-10-08T23:37:00+00:00","breadcrumb":{"@id":"https:\/\/expressometro.mx\/index.php\/2023\/10\/04\/se-suma-uaemex-a-programa-de-control-de-sobrepoblacion-de-animales-de-compania-de-delfina-gomez\/#breadcrumb"},"inLanguage":"es","potentialAction":[{"@type":"ReadAction","target":["https:\/\/expressometro.mx\/index.php\/2023\/10\/04\/se-suma-uaemex-a-programa-de-control-de-sobrepoblacion-de-animales-de-compania-de-delfina-gomez\/"]}]},{"@type":"ImageObject","inLanguage":"es","@id":"https:\/\/expressometro.mx\/index.php\/2023\/10\/04\/se-suma-uaemex-a-programa-de-control-de-sobrepoblacion-de-animales-de-compania-de-delfina-gomez\/#primaryimage","url":"https:\/\/expressometro.mx\/wp-content\/uploads\/2023\/10\/UAEM-Control-de-Sobrepoblacion-de-animales-de-compania-041023-1.jpg","contentUrl":"https:\/\/expressometro.mx\/wp-content\/uploads\/2023\/10\/UAEM-Control-de-Sobrepoblacion-de-animales-de-compania-041023-1.jpg","width":1440,"height":960},{"@type":"BreadcrumbList","@id":"https:\/\/expressometro.mx\/index.php\/2023\/10\/04\/se-suma-uaemex-a-programa-de-control-de-sobrepoblacion-de-animales-de-compania-de-delfina-gomez\/#breadcrumb","itemListElement":[{"@type":"ListItem","position":1,"name":"Inicio","item":"https:\/\/expressometro.mx\/"},{"@type":"ListItem","position":2,"name":"SE SUMA UAEM\u00c9X A PROGRAMA DE CONTROL DE SOBREPOBLACI\u00d3N DE ANIMALES DE COMPA\u00d1\u00cdA DE DELFINA G\u00d3MEZ"}]},{"@type":"WebSite","@id":"https:\/\/expressometro.mx\/#website","url":"https:\/\/expressometro.mx\/","name":"Expresso Metropolitano","description":"Periodismo comprometido, informaci\u00f3n, investigaci\u00f3n y an\u00e1lisis","publisher":{"@id":"https:\/\/expressometro.mx\/#organization"},"potentialAction":[{"@type":"SearchAction","target":{"@type":"EntryPoint","urlTemplate":"https:\/\/expressometro.mx\/?s={search_term_string}"},"query-input":{"@type":"PropertyValueSpecification","valueRequired":true,"valueName":"search_term_string"}}],"inLanguage":"es"},{"@type":"Organization","@id":"https:\/\/expressometro.mx\/#organization","name":"Expresso Metropolitano","url":"https:\/\/expressometro.mx\/","logo":{"@type":"ImageObject","inLanguage":"es","@id":"https:\/\/expressometro.mx\/#\/schema\/logo\/image\/","url":"https:\/\/expressometro.mx\/wp-content\/uploads\/2019\/07\/cropped-Logo-Expresso-Metropolitano-1-1.jpeg","contentUrl":"https:\/\/expressometro.mx\/wp-content\/uploads\/2019\/07\/cropped-Logo-Expresso-Metropolitano-1-1.jpeg","width":290,"height":73,"caption":"Expresso Metropolitano"},"image":{"@id":"https:\/\/expressometro.mx\/#\/schema\/logo\/image\/"}},{"@type":"Person","@id":"https:\/\/expressometro.mx\/#\/schema\/person\/efa971b4a0664db8ed5c22b1b0dd2f5d","name":"Expresso Metropolitano","image":{"@type":"ImageObject","inLanguage":"es","@id":"https:\/\/secure.gravatar.com\/avatar\/a89f802b8de18c6952f223c88d3d106e9e3679839f4e25a02f4a6cc2ae6ba3b3?s=96&d=mm&r=g","url":"https:\/\/secure.gravatar.com\/avatar\/a89f802b8de18c6952f223c88d3d106e9e3679839f4e25a02f4a6cc2ae6ba3b3?s=96&d=mm&r=g","contentUrl":"https:\/\/secure.gravatar.com\/avatar\/a89f802b8de18c6952f223c88d3d106e9e3679839f4e25a02f4a6cc2ae6ba3b3?s=96&d=mm&r=g","caption":"Expresso Metropolitano"},"url":"https:\/\/expressometro.mx\/index.php\/author\/diego\/"}]}},"amp_enabled":true,"_links":{"self":[{"href":"https:\/\/expressometro.mx\/index.php\/wp-json\/wp\/v2\/posts\/8033","targetHints":{"allow":["GET"]}}],"collection":[{"href":"https:\/\/expressometro.mx\/index.php\/wp-json\/wp\/v2\/posts"}],"about":[{"href":"https:\/\/expressometro.mx\/index.php\/wp-json\/wp\/v2\/types\/post"}],"author":[{"embeddable":true,"href":"https:\/\/expressometro.mx\/index.php\/wp-json\/wp\/v2\/users\/1"}],"replies":[{"embeddable":true,"href":"https:\/\/expressometro.mx\/index.php\/wp-json\/wp\/v2\/comments?post=8033"}],"version-history":[{"count":1,"href":"https:\/\/expressometro.mx\/index.php\/wp-json\/wp\/v2\/posts\/8033\/revisions"}],"predecessor-version":[{"id":8036,"href":"https:\/\/expressometro.mx\/index.php\/wp-json\/wp\/v2\/posts\/8033\/revisions\/8036"}],"wp:featuredmedia":[{"embeddable":true,"href":"https:\/\/expressometro.mx\/index.php\/wp-json\/wp\/v2\/media\/8035"}],"wp:attachment":[{"href":"https:\/\/expressometro.mx\/index.php\/wp-json\/wp\/v2\/media?parent=8033"}],"wp:term":[{"taxonomy":"category","embeddable":true,"href":"https:\/\/expressometro.mx\/index.php\/wp-json\/wp\/v2\/categories?post=8033"},{"taxonomy":"post_tag","embeddable":true,"href":"https:\/\/expressometro.mx\/index.php\/wp-json\/wp\/v2\/tags?post=8033"}],"curies":[{"name":"wp","href":"https:\/\/api.w.org\/{rel}","templated":true}]}}