{"id":8006,"date":"2023-09-27T07:41:06","date_gmt":"2023-09-27T12:41:06","guid":{"rendered":"https:\/\/expressometro.mx\/?p=8006"},"modified":"2023-09-27T07:41:07","modified_gmt":"2023-09-27T12:41:07","slug":"plantel-lic-adolfo-lopez-mateos-de-la-uaemex-legado-educativo-de-calidad","status":"publish","type":"post","link":"https:\/\/expressometro.mx\/index.php\/2023\/09\/27\/plantel-lic-adolfo-lopez-mateos-de-la-uaemex-legado-educativo-de-calidad\/","title":{"rendered":"PLANTEL \u201cLIC. ADOLFO L\u00d3PEZ MATEOS\u201d DE LA UAEM\u00c9X, LEGADO EDUCATIVO DE CALIDAD"},"content":{"rendered":"\n<p><\/p>\n\n\n\n<p>* Legado de Adolfo L\u00f3pez Mateos sigue vigente en la UAEM\u00e9x y en el pa\u00eds.<\/p>\n\n\n\n<p>* El rector de la UAEM\u00e9x, Carlos Eduardo Barrera D\u00edaz, encabez\u00f3 la ceremonia del 54 aniversario luctuoso del ex presidente de M\u00e9xico, Adolfo L\u00f3pez Mateos y el 60 aniversario de la fundaci\u00f3n de la preparatoria que lleva su nombre.<\/p>\n\n\n\n<p>* Durante la ceremonia, el rector de la UAEM\u00e9x devel\u00f3 una placa conmemorativa y entreg\u00f3 100 butacas para el Plantel \u201cLic. Adolfo L\u00f3pez Mateos\u201d de la Escuela Preparatoria.<\/p>\n\n\n\n<p><\/p>\n\n\n\n<p>El legado intelectual, acad\u00e9mico y pol\u00edtico del estadista e institutense Adolfo L\u00f3pez Mateos conserva hoy una enorme vigencia, afirm\u00f3 el rector de la Universidad Aut\u00f3noma del Estado de M\u00e9xico (UAEM\u00e9x), Carlos Eduardo Barrera D\u00edaz, al encabezar el 54 aniversario luctuoso de quien tambi\u00e9n fuera presidente de M\u00e9xico y el 60 aniversario de la fundaci\u00f3n de la preparatoria 1 de la UAEM\u00e9x que lleva su nombre.<\/p>\n\n\n\n<p>En el Plantel \u201cLic. Adolfo L\u00f3pez Mateos\u201d de la Escuela Preparatoria, el rector record\u00f3 al institutense como un hombre de estado con visi\u00f3n humanista y que entre sus legados m\u00e1s importantes destacan la nacionalizaci\u00f3n de la industria el\u00e9ctrica,&nbsp; una vigorosa pol\u00edtica de fomento industrial y de comercio exterior, as\u00ed como el impulsor del texto gratuito para la educaci\u00f3n p\u00fablica.<\/p>\n\n\n\n<p>\u201cEstos son solo unos destellos en la vida de Adolfo&nbsp; L\u00f3pez Mateos, quien dej\u00f3 una huella significativa en la historia del pa\u00eds en t\u00e9rminos de desarrollo econ\u00f3mico, protecci\u00f3n de la soberan\u00eda nacional y atenci\u00f3n de las nuevas generaciones de mexicanos\u201d, dijo.<\/p>\n\n\n\n<p>Como parte de la ceremonia, Barrera D\u00edaz y el director del Plantel \u201cLic. Adolfo L\u00f3pez Mateos\u201d de la Escuela Preparatoria, Arturo Mej\u00eda Zamora, montaron guardia de honor en el busto del homenajeado y develaron una placa conmemorativa por el 60 aniversario de la fundaci\u00f3n de este organismo acad\u00e9mico.<\/p>\n\n\n\n<p>El Plantel \u201cLic. Adolfo L\u00f3pez Mateos\u201d de la Escuela Preparatoria fue inaugurado el 3 de septiembre de 1963 por el presidente de M\u00e9xico, Adolfo L\u00f3pez Mateos, y el entonces&nbsp; gobernador del Estado de M\u00e9xico, Gustavo Baz Prada. Fue la primera&nbsp; escuela preparatoria a nivel nacional en ingresar al sistema de bachillerato en julio de 2011, de acuerdo con&nbsp; el dictamen emitido por el Consejo para la Educaci\u00f3n de Tipo Medio&nbsp; Superior.<\/p>\n\n\n\n<p>A la fecha han egresado 61 generaciones de estudiantes de la Prepa 1 y&nbsp; en el marco de la recolecci\u00f3n de PET y taparroscas de pl\u00e1stico que ha impulsado la actual administraci\u00f3n universitaria, el plantel obtuvo 16 paneles solares que apoyan&nbsp; a la disminuci\u00f3n de la contaminaci\u00f3n ambiental y a la generaci\u00f3n de energ\u00eda el\u00e9ctrica limpia, de acuerdo con el Objetivo 7 Energ\u00eda Asequible y no Contaminante de la Agenda para el Desarrollo Sostenible de la Organizaci\u00f3n de las Naciones Unidas.<\/p>\n\n\n\n<p>El rector de la UAEM\u00e9x adelant\u00f3 que nuevamente la comunidad universitaria de este organismo acad\u00e9mico tuvo una participaci\u00f3n destacada en la campa\u00f1a de recolecci\u00f3n de PET y taparroscas por lo que ser\u00e1 acreedora a 10 paneles solares m\u00e1s.<\/p>\n\n\n\n<p>En tanto, se siguen realizando trabajos de mantenimiento, remodelaci\u00f3n y remozamiento de la infraestructura del Plantel, as\u00ed como su equipamiento con la entrega de 40 computadoras port\u00e1tiles, 15 pantallas, 9 proyectores y 200 butacas, de las cuales, 100 fueron entregadas durante la ceremonia.<\/p>\n\n\n\n<p>En su oportunidad, el director del Plantel record\u00f3 a Adolfo L\u00f3pez Mateos como un forjador de la patria pr\u00f3spera.<\/p>\n\n\n\n<p>\u201cLa UAEM\u00e9x, siempre vinculada a L\u00f3pez Mateos, le rinde el d\u00eda de hoy un justo homenaje a aquel que ofreci\u00f3 su vida a las instituciones sociales, institutense de voz sobresaliente, defensor de la justicia, hombre de ciencia, jurista de vocaci\u00f3n, humilde, humano, que trabaj\u00f3 por el bien de los dem\u00e1s\u201d, expres\u00f3 Mej\u00eda Zamora.<\/p>\n\n\n\n<p>A la ceremonia acudieron integrantes del gabinete y comunidad universitaria en general.<\/p>\n","protected":false},"excerpt":{"rendered":"<p>El legado intelectual, acad\u00e9mico y pol\u00edtico del estadista e institutense Adolfo L\u00f3pez Mateos conserva hoy una enorme vigencia, afirm\u00f3 el rector de la Universidad Aut\u00f3noma del Estado de M\u00e9xico (UAEM\u00e9x), Carlos Eduardo Barrera D\u00edaz, al encabezar el 54 aniversario luctuoso de quien tambi\u00e9n fuera presidente de M\u00e9xico y el 60 aniversario de la fundaci\u00f3n de la preparatoria 1 de la UAEM\u00e9x que lleva su nombre.<\/p>\n","protected":false},"author":1,"featured_media":8008,"comment_status":"open","ping_status":"open","sticky":false,"template":"","format":"standard","meta":{"footnotes":""},"categories":[108,3,1],"tags":[313,1982,86,82],"class_list":["post-8006","post","type-post","status-publish","format-standard","has-post-thumbnail","hentry","category-educacion","category-gobierno","category-otros","tag-carlos-eduardo-barrera-diaz","tag-edomex","tag-gem","tag-uaemex"],"yoast_head":"<!-- This site is optimized with the Yoast SEO plugin v27.5 - https:\/\/yoast.com\/product\/yoast-seo-wordpress\/ -->\n<title>PLANTEL \u201cLIC. ADOLFO L\u00d3PEZ MATEOS\u201d DE LA UAEM\u00c9X, LEGADO EDUCATIVO DE CALIDAD - Expresso Metropolitano<\/title>\n<meta name=\"robots\" content=\"index, follow, max-snippet:-1, max-image-preview:large, max-video-preview:-1\" \/>\n<link rel=\"canonical\" href=\"https:\/\/expressometro.mx\/index.php\/2023\/09\/27\/plantel-lic-adolfo-lopez-mateos-de-la-uaemex-legado-educativo-de-calidad\/\" \/>\n<meta property=\"og:locale\" content=\"es_MX\" \/>\n<meta property=\"og:type\" content=\"article\" \/>\n<meta property=\"og:title\" content=\"PLANTEL \u201cLIC. ADOLFO L\u00d3PEZ MATEOS\u201d DE LA UAEM\u00c9X, LEGADO EDUCATIVO DE CALIDAD - Expresso Metropolitano\" \/>\n<meta property=\"og:description\" content=\"El legado intelectual, acad\u00e9mico y pol\u00edtico del estadista e institutense Adolfo L\u00f3pez Mateos conserva hoy una enorme vigencia, afirm\u00f3 el rector de la Universidad Aut\u00f3noma del Estado de M\u00e9xico (UAEM\u00e9x), Carlos Eduardo Barrera D\u00edaz, al encabezar el 54 aniversario luctuoso de quien tambi\u00e9n fuera presidente de M\u00e9xico y el 60 aniversario de la fundaci\u00f3n de la preparatoria 1 de la UAEM\u00e9x que lleva su nombre.\" \/>\n<meta property=\"og:url\" content=\"https:\/\/expressometro.mx\/index.php\/2023\/09\/27\/plantel-lic-adolfo-lopez-mateos-de-la-uaemex-legado-educativo-de-calidad\/\" \/>\n<meta property=\"og:site_name\" content=\"Expresso Metropolitano\" \/>\n<meta property=\"article:published_time\" content=\"2023-09-27T12:41:06+00:00\" \/>\n<meta property=\"article:modified_time\" content=\"2023-09-27T12:41:07+00:00\" \/>\n<meta property=\"og:image\" content=\"http:\/\/expressometro.mx\/wp-content\/uploads\/2023\/09\/UAEM-Prepa-1-260923-1.jpg\" \/>\n\t<meta property=\"og:image:width\" content=\"1440\" \/>\n\t<meta property=\"og:image:height\" content=\"960\" \/>\n\t<meta property=\"og:image:type\" content=\"image\/jpeg\" \/>\n<meta name=\"author\" content=\"Expresso Metropolitano\" \/>\n<meta name=\"twitter:label1\" content=\"Escrito por\" \/>\n\t<meta name=\"twitter:data1\" content=\"Expresso Metropolitano\" \/>\n\t<meta name=\"twitter:label2\" content=\"Tiempo de lectura\" \/>\n\t<meta name=\"twitter:data2\" content=\"3 minutos\" \/>\n<script type=\"application\/ld+json\" class=\"yoast-schema-graph\">{\"@context\":\"https:\\\/\\\/schema.org\",\"@graph\":[{\"@type\":\"Article\",\"@id\":\"https:\\\/\\\/expressometro.mx\\\/index.php\\\/2023\\\/09\\\/27\\\/plantel-lic-adolfo-lopez-mateos-de-la-uaemex-legado-educativo-de-calidad\\\/#article\",\"isPartOf\":{\"@id\":\"https:\\\/\\\/expressometro.mx\\\/index.php\\\/2023\\\/09\\\/27\\\/plantel-lic-adolfo-lopez-mateos-de-la-uaemex-legado-educativo-de-calidad\\\/\"},\"author\":{\"name\":\"Expresso Metropolitano\",\"@id\":\"https:\\\/\\\/expressometro.mx\\\/#\\\/schema\\\/person\\\/efa971b4a0664db8ed5c22b1b0dd2f5d\"},\"headline\":\"PLANTEL \u201cLIC. ADOLFO L\u00d3PEZ MATEOS\u201d DE LA UAEM\u00c9X, LEGADO EDUCATIVO DE CALIDAD\",\"datePublished\":\"2023-09-27T12:41:06+00:00\",\"dateModified\":\"2023-09-27T12:41:07+00:00\",\"mainEntityOfPage\":{\"@id\":\"https:\\\/\\\/expressometro.mx\\\/index.php\\\/2023\\\/09\\\/27\\\/plantel-lic-adolfo-lopez-mateos-de-la-uaemex-legado-educativo-de-calidad\\\/\"},\"wordCount\":683,\"commentCount\":0,\"publisher\":{\"@id\":\"https:\\\/\\\/expressometro.mx\\\/#organization\"},\"image\":{\"@id\":\"https:\\\/\\\/expressometro.mx\\\/index.php\\\/2023\\\/09\\\/27\\\/plantel-lic-adolfo-lopez-mateos-de-la-uaemex-legado-educativo-de-calidad\\\/#primaryimage\"},\"thumbnailUrl\":\"https:\\\/\\\/expressometro.mx\\\/wp-content\\\/uploads\\\/2023\\\/09\\\/UAEM-Prepa-1-260923-1.jpg\",\"keywords\":[\"Carlos Eduardo Barrera D\u00edaz\",\"Edomex\",\"GEM\",\"UAEMex\"],\"articleSection\":[\"Educaci\u00f3n\",\"Gobierno\",\"Otros\"],\"inLanguage\":\"es\",\"potentialAction\":[{\"@type\":\"CommentAction\",\"name\":\"Comment\",\"target\":[\"https:\\\/\\\/expressometro.mx\\\/index.php\\\/2023\\\/09\\\/27\\\/plantel-lic-adolfo-lopez-mateos-de-la-uaemex-legado-educativo-de-calidad\\\/#respond\"]}]},{\"@type\":\"WebPage\",\"@id\":\"https:\\\/\\\/expressometro.mx\\\/index.php\\\/2023\\\/09\\\/27\\\/plantel-lic-adolfo-lopez-mateos-de-la-uaemex-legado-educativo-de-calidad\\\/\",\"url\":\"https:\\\/\\\/expressometro.mx\\\/index.php\\\/2023\\\/09\\\/27\\\/plantel-lic-adolfo-lopez-mateos-de-la-uaemex-legado-educativo-de-calidad\\\/\",\"name\":\"PLANTEL \u201cLIC. ADOLFO L\u00d3PEZ MATEOS\u201d DE LA UAEM\u00c9X, LEGADO EDUCATIVO DE CALIDAD - Expresso Metropolitano\",\"isPartOf\":{\"@id\":\"https:\\\/\\\/expressometro.mx\\\/#website\"},\"primaryImageOfPage\":{\"@id\":\"https:\\\/\\\/expressometro.mx\\\/index.php\\\/2023\\\/09\\\/27\\\/plantel-lic-adolfo-lopez-mateos-de-la-uaemex-legado-educativo-de-calidad\\\/#primaryimage\"},\"image\":{\"@id\":\"https:\\\/\\\/expressometro.mx\\\/index.php\\\/2023\\\/09\\\/27\\\/plantel-lic-adolfo-lopez-mateos-de-la-uaemex-legado-educativo-de-calidad\\\/#primaryimage\"},\"thumbnailUrl\":\"https:\\\/\\\/expressometro.mx\\\/wp-content\\\/uploads\\\/2023\\\/09\\\/UAEM-Prepa-1-260923-1.jpg\",\"datePublished\":\"2023-09-27T12:41:06+00:00\",\"dateModified\":\"2023-09-27T12:41:07+00:00\",\"breadcrumb\":{\"@id\":\"https:\\\/\\\/expressometro.mx\\\/index.php\\\/2023\\\/09\\\/27\\\/plantel-lic-adolfo-lopez-mateos-de-la-uaemex-legado-educativo-de-calidad\\\/#breadcrumb\"},\"inLanguage\":\"es\",\"potentialAction\":[{\"@type\":\"ReadAction\",\"target\":[\"https:\\\/\\\/expressometro.mx\\\/index.php\\\/2023\\\/09\\\/27\\\/plantel-lic-adolfo-lopez-mateos-de-la-uaemex-legado-educativo-de-calidad\\\/\"]}]},{\"@type\":\"ImageObject\",\"inLanguage\":\"es\",\"@id\":\"https:\\\/\\\/expressometro.mx\\\/index.php\\\/2023\\\/09\\\/27\\\/plantel-lic-adolfo-lopez-mateos-de-la-uaemex-legado-educativo-de-calidad\\\/#primaryimage\",\"url\":\"https:\\\/\\\/expressometro.mx\\\/wp-content\\\/uploads\\\/2023\\\/09\\\/UAEM-Prepa-1-260923-1.jpg\",\"contentUrl\":\"https:\\\/\\\/expressometro.mx\\\/wp-content\\\/uploads\\\/2023\\\/09\\\/UAEM-Prepa-1-260923-1.jpg\",\"width\":1440,\"height\":960},{\"@type\":\"BreadcrumbList\",\"@id\":\"https:\\\/\\\/expressometro.mx\\\/index.php\\\/2023\\\/09\\\/27\\\/plantel-lic-adolfo-lopez-mateos-de-la-uaemex-legado-educativo-de-calidad\\\/#breadcrumb\",\"itemListElement\":[{\"@type\":\"ListItem\",\"position\":1,\"name\":\"Inicio\",\"item\":\"https:\\\/\\\/expressometro.mx\\\/\"},{\"@type\":\"ListItem\",\"position\":2,\"name\":\"PLANTEL \u201cLIC. ADOLFO L\u00d3PEZ MATEOS\u201d DE LA UAEM\u00c9X, LEGADO EDUCATIVO DE CALIDAD\"}]},{\"@type\":\"WebSite\",\"@id\":\"https:\\\/\\\/expressometro.mx\\\/#website\",\"url\":\"https:\\\/\\\/expressometro.mx\\\/\",\"name\":\"Expresso Metropolitano\",\"description\":\"Periodismo comprometido, informaci\u00f3n, investigaci\u00f3n y an\u00e1lisis\",\"publisher\":{\"@id\":\"https:\\\/\\\/expressometro.mx\\\/#organization\"},\"potentialAction\":[{\"@type\":\"SearchAction\",\"target\":{\"@type\":\"EntryPoint\",\"urlTemplate\":\"https:\\\/\\\/expressometro.mx\\\/?s={search_term_string}\"},\"query-input\":{\"@type\":\"PropertyValueSpecification\",\"valueRequired\":true,\"valueName\":\"search_term_string\"}}],\"inLanguage\":\"es\"},{\"@type\":\"Organization\",\"@id\":\"https:\\\/\\\/expressometro.mx\\\/#organization\",\"name\":\"Expresso Metropolitano\",\"url\":\"https:\\\/\\\/expressometro.mx\\\/\",\"logo\":{\"@type\":\"ImageObject\",\"inLanguage\":\"es\",\"@id\":\"https:\\\/\\\/expressometro.mx\\\/#\\\/schema\\\/logo\\\/image\\\/\",\"url\":\"https:\\\/\\\/expressometro.mx\\\/wp-content\\\/uploads\\\/2019\\\/07\\\/cropped-Logo-Expresso-Metropolitano-1-1.jpeg\",\"contentUrl\":\"https:\\\/\\\/expressometro.mx\\\/wp-content\\\/uploads\\\/2019\\\/07\\\/cropped-Logo-Expresso-Metropolitano-1-1.jpeg\",\"width\":290,\"height\":73,\"caption\":\"Expresso Metropolitano\"},\"image\":{\"@id\":\"https:\\\/\\\/expressometro.mx\\\/#\\\/schema\\\/logo\\\/image\\\/\"}},{\"@type\":\"Person\",\"@id\":\"https:\\\/\\\/expressometro.mx\\\/#\\\/schema\\\/person\\\/efa971b4a0664db8ed5c22b1b0dd2f5d\",\"name\":\"Expresso Metropolitano\",\"image\":{\"@type\":\"ImageObject\",\"inLanguage\":\"es\",\"@id\":\"https:\\\/\\\/secure.gravatar.com\\\/avatar\\\/a89f802b8de18c6952f223c88d3d106e9e3679839f4e25a02f4a6cc2ae6ba3b3?s=96&d=mm&r=g\",\"url\":\"https:\\\/\\\/secure.gravatar.com\\\/avatar\\\/a89f802b8de18c6952f223c88d3d106e9e3679839f4e25a02f4a6cc2ae6ba3b3?s=96&d=mm&r=g\",\"contentUrl\":\"https:\\\/\\\/secure.gravatar.com\\\/avatar\\\/a89f802b8de18c6952f223c88d3d106e9e3679839f4e25a02f4a6cc2ae6ba3b3?s=96&d=mm&r=g\",\"caption\":\"Expresso Metropolitano\"},\"url\":\"https:\\\/\\\/expressometro.mx\\\/index.php\\\/author\\\/diego\\\/\"}]}<\/script>\n<!-- \/ Yoast SEO plugin. -->","yoast_head_json":{"title":"PLANTEL \u201cLIC. ADOLFO L\u00d3PEZ MATEOS\u201d DE LA UAEM\u00c9X, LEGADO EDUCATIVO DE CALIDAD - Expresso Metropolitano","robots":{"index":"index","follow":"follow","max-snippet":"max-snippet:-1","max-image-preview":"max-image-preview:large","max-video-preview":"max-video-preview:-1"},"canonical":"https:\/\/expressometro.mx\/index.php\/2023\/09\/27\/plantel-lic-adolfo-lopez-mateos-de-la-uaemex-legado-educativo-de-calidad\/","og_locale":"es_MX","og_type":"article","og_title":"PLANTEL \u201cLIC. ADOLFO L\u00d3PEZ MATEOS\u201d DE LA UAEM\u00c9X, LEGADO EDUCATIVO DE CALIDAD - Expresso Metropolitano","og_description":"El legado intelectual, acad\u00e9mico y pol\u00edtico del estadista e institutense Adolfo L\u00f3pez Mateos conserva hoy una enorme vigencia, afirm\u00f3 el rector de la Universidad Aut\u00f3noma del Estado de M\u00e9xico (UAEM\u00e9x), Carlos Eduardo Barrera D\u00edaz, al encabezar el 54 aniversario luctuoso de quien tambi\u00e9n fuera presidente de M\u00e9xico y el 60 aniversario de la fundaci\u00f3n de la preparatoria 1 de la UAEM\u00e9x que lleva su nombre.","og_url":"https:\/\/expressometro.mx\/index.php\/2023\/09\/27\/plantel-lic-adolfo-lopez-mateos-de-la-uaemex-legado-educativo-de-calidad\/","og_site_name":"Expresso Metropolitano","article_published_time":"2023-09-27T12:41:06+00:00","article_modified_time":"2023-09-27T12:41:07+00:00","og_image":[{"width":1440,"height":960,"url":"http:\/\/expressometro.mx\/wp-content\/uploads\/2023\/09\/UAEM-Prepa-1-260923-1.jpg","type":"image\/jpeg"}],"author":"Expresso Metropolitano","twitter_misc":{"Escrito por":"Expresso Metropolitano","Tiempo de lectura":"3 minutos"},"schema":{"@context":"https:\/\/schema.org","@graph":[{"@type":"Article","@id":"https:\/\/expressometro.mx\/index.php\/2023\/09\/27\/plantel-lic-adolfo-lopez-mateos-de-la-uaemex-legado-educativo-de-calidad\/#article","isPartOf":{"@id":"https:\/\/expressometro.mx\/index.php\/2023\/09\/27\/plantel-lic-adolfo-lopez-mateos-de-la-uaemex-legado-educativo-de-calidad\/"},"author":{"name":"Expresso Metropolitano","@id":"https:\/\/expressometro.mx\/#\/schema\/person\/efa971b4a0664db8ed5c22b1b0dd2f5d"},"headline":"PLANTEL \u201cLIC. ADOLFO L\u00d3PEZ MATEOS\u201d DE LA UAEM\u00c9X, LEGADO EDUCATIVO DE CALIDAD","datePublished":"2023-09-27T12:41:06+00:00","dateModified":"2023-09-27T12:41:07+00:00","mainEntityOfPage":{"@id":"https:\/\/expressometro.mx\/index.php\/2023\/09\/27\/plantel-lic-adolfo-lopez-mateos-de-la-uaemex-legado-educativo-de-calidad\/"},"wordCount":683,"commentCount":0,"publisher":{"@id":"https:\/\/expressometro.mx\/#organization"},"image":{"@id":"https:\/\/expressometro.mx\/index.php\/2023\/09\/27\/plantel-lic-adolfo-lopez-mateos-de-la-uaemex-legado-educativo-de-calidad\/#primaryimage"},"thumbnailUrl":"https:\/\/expressometro.mx\/wp-content\/uploads\/2023\/09\/UAEM-Prepa-1-260923-1.jpg","keywords":["Carlos Eduardo Barrera D\u00edaz","Edomex","GEM","UAEMex"],"articleSection":["Educaci\u00f3n","Gobierno","Otros"],"inLanguage":"es","potentialAction":[{"@type":"CommentAction","name":"Comment","target":["https:\/\/expressometro.mx\/index.php\/2023\/09\/27\/plantel-lic-adolfo-lopez-mateos-de-la-uaemex-legado-educativo-de-calidad\/#respond"]}]},{"@type":"WebPage","@id":"https:\/\/expressometro.mx\/index.php\/2023\/09\/27\/plantel-lic-adolfo-lopez-mateos-de-la-uaemex-legado-educativo-de-calidad\/","url":"https:\/\/expressometro.mx\/index.php\/2023\/09\/27\/plantel-lic-adolfo-lopez-mateos-de-la-uaemex-legado-educativo-de-calidad\/","name":"PLANTEL \u201cLIC. ADOLFO L\u00d3PEZ MATEOS\u201d DE LA UAEM\u00c9X, LEGADO EDUCATIVO DE CALIDAD - Expresso Metropolitano","isPartOf":{"@id":"https:\/\/expressometro.mx\/#website"},"primaryImageOfPage":{"@id":"https:\/\/expressometro.mx\/index.php\/2023\/09\/27\/plantel-lic-adolfo-lopez-mateos-de-la-uaemex-legado-educativo-de-calidad\/#primaryimage"},"image":{"@id":"https:\/\/expressometro.mx\/index.php\/2023\/09\/27\/plantel-lic-adolfo-lopez-mateos-de-la-uaemex-legado-educativo-de-calidad\/#primaryimage"},"thumbnailUrl":"https:\/\/expressometro.mx\/wp-content\/uploads\/2023\/09\/UAEM-Prepa-1-260923-1.jpg","datePublished":"2023-09-27T12:41:06+00:00","dateModified":"2023-09-27T12:41:07+00:00","breadcrumb":{"@id":"https:\/\/expressometro.mx\/index.php\/2023\/09\/27\/plantel-lic-adolfo-lopez-mateos-de-la-uaemex-legado-educativo-de-calidad\/#breadcrumb"},"inLanguage":"es","potentialAction":[{"@type":"ReadAction","target":["https:\/\/expressometro.mx\/index.php\/2023\/09\/27\/plantel-lic-adolfo-lopez-mateos-de-la-uaemex-legado-educativo-de-calidad\/"]}]},{"@type":"ImageObject","inLanguage":"es","@id":"https:\/\/expressometro.mx\/index.php\/2023\/09\/27\/plantel-lic-adolfo-lopez-mateos-de-la-uaemex-legado-educativo-de-calidad\/#primaryimage","url":"https:\/\/expressometro.mx\/wp-content\/uploads\/2023\/09\/UAEM-Prepa-1-260923-1.jpg","contentUrl":"https:\/\/expressometro.mx\/wp-content\/uploads\/2023\/09\/UAEM-Prepa-1-260923-1.jpg","width":1440,"height":960},{"@type":"BreadcrumbList","@id":"https:\/\/expressometro.mx\/index.php\/2023\/09\/27\/plantel-lic-adolfo-lopez-mateos-de-la-uaemex-legado-educativo-de-calidad\/#breadcrumb","itemListElement":[{"@type":"ListItem","position":1,"name":"Inicio","item":"https:\/\/expressometro.mx\/"},{"@type":"ListItem","position":2,"name":"PLANTEL \u201cLIC. ADOLFO L\u00d3PEZ MATEOS\u201d DE LA UAEM\u00c9X, LEGADO EDUCATIVO DE CALIDAD"}]},{"@type":"WebSite","@id":"https:\/\/expressometro.mx\/#website","url":"https:\/\/expressometro.mx\/","name":"Expresso Metropolitano","description":"Periodismo comprometido, informaci\u00f3n, investigaci\u00f3n y an\u00e1lisis","publisher":{"@id":"https:\/\/expressometro.mx\/#organization"},"potentialAction":[{"@type":"SearchAction","target":{"@type":"EntryPoint","urlTemplate":"https:\/\/expressometro.mx\/?s={search_term_string}"},"query-input":{"@type":"PropertyValueSpecification","valueRequired":true,"valueName":"search_term_string"}}],"inLanguage":"es"},{"@type":"Organization","@id":"https:\/\/expressometro.mx\/#organization","name":"Expresso Metropolitano","url":"https:\/\/expressometro.mx\/","logo":{"@type":"ImageObject","inLanguage":"es","@id":"https:\/\/expressometro.mx\/#\/schema\/logo\/image\/","url":"https:\/\/expressometro.mx\/wp-content\/uploads\/2019\/07\/cropped-Logo-Expresso-Metropolitano-1-1.jpeg","contentUrl":"https:\/\/expressometro.mx\/wp-content\/uploads\/2019\/07\/cropped-Logo-Expresso-Metropolitano-1-1.jpeg","width":290,"height":73,"caption":"Expresso Metropolitano"},"image":{"@id":"https:\/\/expressometro.mx\/#\/schema\/logo\/image\/"}},{"@type":"Person","@id":"https:\/\/expressometro.mx\/#\/schema\/person\/efa971b4a0664db8ed5c22b1b0dd2f5d","name":"Expresso Metropolitano","image":{"@type":"ImageObject","inLanguage":"es","@id":"https:\/\/secure.gravatar.com\/avatar\/a89f802b8de18c6952f223c88d3d106e9e3679839f4e25a02f4a6cc2ae6ba3b3?s=96&d=mm&r=g","url":"https:\/\/secure.gravatar.com\/avatar\/a89f802b8de18c6952f223c88d3d106e9e3679839f4e25a02f4a6cc2ae6ba3b3?s=96&d=mm&r=g","contentUrl":"https:\/\/secure.gravatar.com\/avatar\/a89f802b8de18c6952f223c88d3d106e9e3679839f4e25a02f4a6cc2ae6ba3b3?s=96&d=mm&r=g","caption":"Expresso Metropolitano"},"url":"https:\/\/expressometro.mx\/index.php\/author\/diego\/"}]}},"amp_enabled":true,"_links":{"self":[{"href":"https:\/\/expressometro.mx\/index.php\/wp-json\/wp\/v2\/posts\/8006","targetHints":{"allow":["GET"]}}],"collection":[{"href":"https:\/\/expressometro.mx\/index.php\/wp-json\/wp\/v2\/posts"}],"about":[{"href":"https:\/\/expressometro.mx\/index.php\/wp-json\/wp\/v2\/types\/post"}],"author":[{"embeddable":true,"href":"https:\/\/expressometro.mx\/index.php\/wp-json\/wp\/v2\/users\/1"}],"replies":[{"embeddable":true,"href":"https:\/\/expressometro.mx\/index.php\/wp-json\/wp\/v2\/comments?post=8006"}],"version-history":[{"count":1,"href":"https:\/\/expressometro.mx\/index.php\/wp-json\/wp\/v2\/posts\/8006\/revisions"}],"predecessor-version":[{"id":8009,"href":"https:\/\/expressometro.mx\/index.php\/wp-json\/wp\/v2\/posts\/8006\/revisions\/8009"}],"wp:featuredmedia":[{"embeddable":true,"href":"https:\/\/expressometro.mx\/index.php\/wp-json\/wp\/v2\/media\/8008"}],"wp:attachment":[{"href":"https:\/\/expressometro.mx\/index.php\/wp-json\/wp\/v2\/media?parent=8006"}],"wp:term":[{"taxonomy":"category","embeddable":true,"href":"https:\/\/expressometro.mx\/index.php\/wp-json\/wp\/v2\/categories?post=8006"},{"taxonomy":"post_tag","embeddable":true,"href":"https:\/\/expressometro.mx\/index.php\/wp-json\/wp\/v2\/tags?post=8006"}],"curies":[{"name":"wp","href":"https:\/\/api.w.org\/{rel}","templated":true}]}}