{"id":7992,"date":"2023-09-26T13:46:02","date_gmt":"2023-09-26T18:46:02","guid":{"rendered":"https:\/\/expressometro.mx\/?p=7992"},"modified":"2023-09-26T13:48:52","modified_gmt":"2023-09-26T18:48:52","slug":"gobierno-de-coatepec-harinas-y-crit-estado-de-mexico-firman-convenio-de-colaboracion","status":"publish","type":"post","link":"https:\/\/expressometro.mx\/index.php\/2023\/09\/26\/gobierno-de-coatepec-harinas-y-crit-estado-de-mexico-firman-convenio-de-colaboracion\/","title":{"rendered":"GOBIERNO DE COATEPEC HARINAS Y CRIT ESTADO DE M\u00c9XICO FIRMAN CONVENIO DE COLABORACI\u00d3N"},"content":{"rendered":"\n<p><\/p>\n\n\n\n<p>* Habitantes con capacidades diferentes ser\u00e1n apoyados por el DIF de Coatepec Harinas y canalizados al CRIT Estado de M\u00e9xico.<\/p>\n\n\n\n<p><\/p>\n\n\n\n<p>El Ayuntamiento de Coatepec Harinas, a trav\u00e9s del Sistema para el Desarrollo Integral de la Familia, firm\u00f3 un convenio de colaboraci\u00f3n con el Centro de Rehabilitaci\u00f3n e Inclusi\u00f3n Infantil Telet\u00f3n del Estado de M\u00e9xico con el objetivo de proporcionar terapias de rehabilitaci\u00f3n a ni\u00f1as y ni\u00f1os con alguna discapacidad.<\/p>\n\n\n\n<p>Durante la ceremonia celebrada en el CRIT ubicado en Tlalnepantla, el Director del Centro, Lic. Jardiel Quintal Delgado, reconoci\u00f3 al Presidente Municipal Constitucional de Coatepec Harinas, Marco Antonio D\u00edaz Ju\u00e1rez, por colocar en su agenda de trabajo a las personas con discapacidad.<\/p>\n\n\n\n<p>&#8220;Este acuerdo, refrenda el compromiso que tiene el edil Marco Antonio D\u00edaz Ju\u00e1rez con todas y todos los habitantes del municipio,&#8221;, comparti\u00f3 Quintal Delgado.<\/p>\n\n\n\n<p>Durante la firma del convenio Diaz Ju\u00e1rez, asegur\u00f3 que para \u00e9l y su cuerpo edilicio es un honor aportar su granito de arena para ayudar a las personas con capacidades diferentes.<\/p>\n\n\n\n<p>&#8220;Para m\u00ed es un gran compromiso el hacer algo por las familias de Coatepec Harinas y coadyuvar en esta noble labor que lleva varios a\u00f1os&#8221;, coment\u00f3 el alcalde.<\/p>\n\n\n\n<p>En su oportunidad el Director del CRIT, Jardiel Quintal y la Subdirectora de Alianzas Estrat\u00e9gicas, Ver\u00f3nica Minjarez, dieron el recorrido a las autoridades municipales por las instalaciones y dando las explicaciones de cada una de las terapias que se realizan.<\/p>\n","protected":false},"excerpt":{"rendered":"<p>El Ayuntamiento de Coatepec Harinas, a trav\u00e9s del Sistema para el Desarrollo Integral de la Familia, firm\u00f3 un convenio de colaboraci\u00f3n con el Centro de Rehabilitaci\u00f3n e Inclusi\u00f3n Infantil Telet\u00f3n del Estado de M\u00e9xico con el objetivo de proporcionar terapias de rehabilitaci\u00f3n a ni\u00f1as y ni\u00f1os con alguna discapacidad.<\/p>\n","protected":false},"author":1,"featured_media":7994,"comment_status":"open","ping_status":"open","sticky":false,"template":"","format":"standard","meta":{"footnotes":""},"categories":[3,1,231,5],"tags":[2265,1982,86,2266],"class_list":["post-7992","post","type-post","status-publish","format-standard","has-post-thumbnail","hentry","category-gobierno","category-otros","category-politica","category-salud","tag-coatepec-harinas","tag-edomex","tag-gem","tag-marco-antonio-diaz-juarez"],"yoast_head":"<!-- This site is optimized with the Yoast SEO plugin v27.4 - https:\/\/yoast.com\/product\/yoast-seo-wordpress\/ -->\n<title>GOBIERNO DE COATEPEC HARINAS Y CRIT ESTADO DE M\u00c9XICO FIRMAN CONVENIO DE COLABORACI\u00d3N - Expresso Metropolitano<\/title>\n<meta name=\"robots\" content=\"index, follow, max-snippet:-1, max-image-preview:large, max-video-preview:-1\" \/>\n<link rel=\"canonical\" href=\"https:\/\/expressometro.mx\/index.php\/2023\/09\/26\/gobierno-de-coatepec-harinas-y-crit-estado-de-mexico-firman-convenio-de-colaboracion\/\" \/>\n<meta property=\"og:locale\" content=\"es_MX\" \/>\n<meta property=\"og:type\" content=\"article\" \/>\n<meta property=\"og:title\" content=\"GOBIERNO DE COATEPEC HARINAS Y CRIT ESTADO DE M\u00c9XICO FIRMAN CONVENIO DE COLABORACI\u00d3N - Expresso Metropolitano\" \/>\n<meta property=\"og:description\" content=\"El Ayuntamiento de Coatepec Harinas, a trav\u00e9s del Sistema para el Desarrollo Integral de la Familia, firm\u00f3 un convenio de colaboraci\u00f3n con el Centro de Rehabilitaci\u00f3n e Inclusi\u00f3n Infantil Telet\u00f3n del Estado de M\u00e9xico con el objetivo de proporcionar terapias de rehabilitaci\u00f3n a ni\u00f1as y ni\u00f1os con alguna discapacidad.\" \/>\n<meta property=\"og:url\" content=\"https:\/\/expressometro.mx\/index.php\/2023\/09\/26\/gobierno-de-coatepec-harinas-y-crit-estado-de-mexico-firman-convenio-de-colaboracion\/\" \/>\n<meta property=\"og:site_name\" content=\"Expresso Metropolitano\" \/>\n<meta property=\"article:published_time\" content=\"2023-09-26T18:46:02+00:00\" \/>\n<meta property=\"article:modified_time\" content=\"2023-09-26T18:48:52+00:00\" \/>\n<meta property=\"og:image\" content=\"http:\/\/expressometro.mx\/wp-content\/uploads\/2023\/09\/Coatepec-Harinas-260923-1.jpg\" \/>\n\t<meta property=\"og:image:width\" content=\"960\" \/>\n\t<meta property=\"og:image:height\" content=\"640\" \/>\n\t<meta property=\"og:image:type\" content=\"image\/jpeg\" \/>\n<meta name=\"author\" content=\"Expresso Metropolitano\" \/>\n<meta name=\"twitter:label1\" content=\"Escrito por\" \/>\n\t<meta name=\"twitter:data1\" content=\"Expresso Metropolitano\" \/>\n\t<meta name=\"twitter:label2\" content=\"Tiempo de lectura\" \/>\n\t<meta name=\"twitter:data2\" content=\"2 minutos\" \/>\n<script type=\"application\/ld+json\" class=\"yoast-schema-graph\">{\"@context\":\"https:\\\/\\\/schema.org\",\"@graph\":[{\"@type\":\"Article\",\"@id\":\"https:\\\/\\\/expressometro.mx\\\/index.php\\\/2023\\\/09\\\/26\\\/gobierno-de-coatepec-harinas-y-crit-estado-de-mexico-firman-convenio-de-colaboracion\\\/#article\",\"isPartOf\":{\"@id\":\"https:\\\/\\\/expressometro.mx\\\/index.php\\\/2023\\\/09\\\/26\\\/gobierno-de-coatepec-harinas-y-crit-estado-de-mexico-firman-convenio-de-colaboracion\\\/\"},\"author\":{\"name\":\"Expresso Metropolitano\",\"@id\":\"https:\\\/\\\/expressometro.mx\\\/#\\\/schema\\\/person\\\/efa971b4a0664db8ed5c22b1b0dd2f5d\"},\"headline\":\"GOBIERNO DE COATEPEC HARINAS Y CRIT ESTADO DE M\u00c9XICO FIRMAN CONVENIO DE COLABORACI\u00d3N\",\"datePublished\":\"2023-09-26T18:46:02+00:00\",\"dateModified\":\"2023-09-26T18:48:52+00:00\",\"mainEntityOfPage\":{\"@id\":\"https:\\\/\\\/expressometro.mx\\\/index.php\\\/2023\\\/09\\\/26\\\/gobierno-de-coatepec-harinas-y-crit-estado-de-mexico-firman-convenio-de-colaboracion\\\/\"},\"wordCount\":267,\"commentCount\":0,\"publisher\":{\"@id\":\"https:\\\/\\\/expressometro.mx\\\/#organization\"},\"image\":{\"@id\":\"https:\\\/\\\/expressometro.mx\\\/index.php\\\/2023\\\/09\\\/26\\\/gobierno-de-coatepec-harinas-y-crit-estado-de-mexico-firman-convenio-de-colaboracion\\\/#primaryimage\"},\"thumbnailUrl\":\"https:\\\/\\\/expressometro.mx\\\/wp-content\\\/uploads\\\/2023\\\/09\\\/Coatepec-Harinas-260923-1.jpg\",\"keywords\":[\"Coatepec Harinas\",\"Edomex\",\"GEM\",\"Marco Antonio D\u00edaz Ju\u00e1rez\"],\"articleSection\":[\"Gobierno\",\"Otros\",\"Pol\u00edtica\",\"Salud\"],\"inLanguage\":\"es\",\"potentialAction\":[{\"@type\":\"CommentAction\",\"name\":\"Comment\",\"target\":[\"https:\\\/\\\/expressometro.mx\\\/index.php\\\/2023\\\/09\\\/26\\\/gobierno-de-coatepec-harinas-y-crit-estado-de-mexico-firman-convenio-de-colaboracion\\\/#respond\"]}]},{\"@type\":\"WebPage\",\"@id\":\"https:\\\/\\\/expressometro.mx\\\/index.php\\\/2023\\\/09\\\/26\\\/gobierno-de-coatepec-harinas-y-crit-estado-de-mexico-firman-convenio-de-colaboracion\\\/\",\"url\":\"https:\\\/\\\/expressometro.mx\\\/index.php\\\/2023\\\/09\\\/26\\\/gobierno-de-coatepec-harinas-y-crit-estado-de-mexico-firman-convenio-de-colaboracion\\\/\",\"name\":\"GOBIERNO DE COATEPEC HARINAS Y CRIT ESTADO DE M\u00c9XICO FIRMAN CONVENIO DE COLABORACI\u00d3N - Expresso Metropolitano\",\"isPartOf\":{\"@id\":\"https:\\\/\\\/expressometro.mx\\\/#website\"},\"primaryImageOfPage\":{\"@id\":\"https:\\\/\\\/expressometro.mx\\\/index.php\\\/2023\\\/09\\\/26\\\/gobierno-de-coatepec-harinas-y-crit-estado-de-mexico-firman-convenio-de-colaboracion\\\/#primaryimage\"},\"image\":{\"@id\":\"https:\\\/\\\/expressometro.mx\\\/index.php\\\/2023\\\/09\\\/26\\\/gobierno-de-coatepec-harinas-y-crit-estado-de-mexico-firman-convenio-de-colaboracion\\\/#primaryimage\"},\"thumbnailUrl\":\"https:\\\/\\\/expressometro.mx\\\/wp-content\\\/uploads\\\/2023\\\/09\\\/Coatepec-Harinas-260923-1.jpg\",\"datePublished\":\"2023-09-26T18:46:02+00:00\",\"dateModified\":\"2023-09-26T18:48:52+00:00\",\"breadcrumb\":{\"@id\":\"https:\\\/\\\/expressometro.mx\\\/index.php\\\/2023\\\/09\\\/26\\\/gobierno-de-coatepec-harinas-y-crit-estado-de-mexico-firman-convenio-de-colaboracion\\\/#breadcrumb\"},\"inLanguage\":\"es\",\"potentialAction\":[{\"@type\":\"ReadAction\",\"target\":[\"https:\\\/\\\/expressometro.mx\\\/index.php\\\/2023\\\/09\\\/26\\\/gobierno-de-coatepec-harinas-y-crit-estado-de-mexico-firman-convenio-de-colaboracion\\\/\"]}]},{\"@type\":\"ImageObject\",\"inLanguage\":\"es\",\"@id\":\"https:\\\/\\\/expressometro.mx\\\/index.php\\\/2023\\\/09\\\/26\\\/gobierno-de-coatepec-harinas-y-crit-estado-de-mexico-firman-convenio-de-colaboracion\\\/#primaryimage\",\"url\":\"https:\\\/\\\/expressometro.mx\\\/wp-content\\\/uploads\\\/2023\\\/09\\\/Coatepec-Harinas-260923-1.jpg\",\"contentUrl\":\"https:\\\/\\\/expressometro.mx\\\/wp-content\\\/uploads\\\/2023\\\/09\\\/Coatepec-Harinas-260923-1.jpg\",\"width\":960,\"height\":640},{\"@type\":\"BreadcrumbList\",\"@id\":\"https:\\\/\\\/expressometro.mx\\\/index.php\\\/2023\\\/09\\\/26\\\/gobierno-de-coatepec-harinas-y-crit-estado-de-mexico-firman-convenio-de-colaboracion\\\/#breadcrumb\",\"itemListElement\":[{\"@type\":\"ListItem\",\"position\":1,\"name\":\"Inicio\",\"item\":\"https:\\\/\\\/expressometro.mx\\\/\"},{\"@type\":\"ListItem\",\"position\":2,\"name\":\"GOBIERNO DE COATEPEC HARINAS Y CRIT ESTADO DE M\u00c9XICO FIRMAN CONVENIO DE COLABORACI\u00d3N\"}]},{\"@type\":\"WebSite\",\"@id\":\"https:\\\/\\\/expressometro.mx\\\/#website\",\"url\":\"https:\\\/\\\/expressometro.mx\\\/\",\"name\":\"Expresso Metropolitano\",\"description\":\"Periodismo comprometido, informaci\u00f3n, investigaci\u00f3n y an\u00e1lisis\",\"publisher\":{\"@id\":\"https:\\\/\\\/expressometro.mx\\\/#organization\"},\"potentialAction\":[{\"@type\":\"SearchAction\",\"target\":{\"@type\":\"EntryPoint\",\"urlTemplate\":\"https:\\\/\\\/expressometro.mx\\\/?s={search_term_string}\"},\"query-input\":{\"@type\":\"PropertyValueSpecification\",\"valueRequired\":true,\"valueName\":\"search_term_string\"}}],\"inLanguage\":\"es\"},{\"@type\":\"Organization\",\"@id\":\"https:\\\/\\\/expressometro.mx\\\/#organization\",\"name\":\"Expresso Metropolitano\",\"url\":\"https:\\\/\\\/expressometro.mx\\\/\",\"logo\":{\"@type\":\"ImageObject\",\"inLanguage\":\"es\",\"@id\":\"https:\\\/\\\/expressometro.mx\\\/#\\\/schema\\\/logo\\\/image\\\/\",\"url\":\"https:\\\/\\\/expressometro.mx\\\/wp-content\\\/uploads\\\/2019\\\/07\\\/cropped-Logo-Expresso-Metropolitano-1-1.jpeg\",\"contentUrl\":\"https:\\\/\\\/expressometro.mx\\\/wp-content\\\/uploads\\\/2019\\\/07\\\/cropped-Logo-Expresso-Metropolitano-1-1.jpeg\",\"width\":290,\"height\":73,\"caption\":\"Expresso Metropolitano\"},\"image\":{\"@id\":\"https:\\\/\\\/expressometro.mx\\\/#\\\/schema\\\/logo\\\/image\\\/\"}},{\"@type\":\"Person\",\"@id\":\"https:\\\/\\\/expressometro.mx\\\/#\\\/schema\\\/person\\\/efa971b4a0664db8ed5c22b1b0dd2f5d\",\"name\":\"Expresso Metropolitano\",\"image\":{\"@type\":\"ImageObject\",\"inLanguage\":\"es\",\"@id\":\"https:\\\/\\\/secure.gravatar.com\\\/avatar\\\/a89f802b8de18c6952f223c88d3d106e9e3679839f4e25a02f4a6cc2ae6ba3b3?s=96&d=mm&r=g\",\"url\":\"https:\\\/\\\/secure.gravatar.com\\\/avatar\\\/a89f802b8de18c6952f223c88d3d106e9e3679839f4e25a02f4a6cc2ae6ba3b3?s=96&d=mm&r=g\",\"contentUrl\":\"https:\\\/\\\/secure.gravatar.com\\\/avatar\\\/a89f802b8de18c6952f223c88d3d106e9e3679839f4e25a02f4a6cc2ae6ba3b3?s=96&d=mm&r=g\",\"caption\":\"Expresso Metropolitano\"},\"url\":\"https:\\\/\\\/expressometro.mx\\\/index.php\\\/author\\\/diego\\\/\"}]}<\/script>\n<!-- \/ Yoast SEO plugin. -->","yoast_head_json":{"title":"GOBIERNO DE COATEPEC HARINAS Y CRIT ESTADO DE M\u00c9XICO FIRMAN CONVENIO DE COLABORACI\u00d3N - Expresso Metropolitano","robots":{"index":"index","follow":"follow","max-snippet":"max-snippet:-1","max-image-preview":"max-image-preview:large","max-video-preview":"max-video-preview:-1"},"canonical":"https:\/\/expressometro.mx\/index.php\/2023\/09\/26\/gobierno-de-coatepec-harinas-y-crit-estado-de-mexico-firman-convenio-de-colaboracion\/","og_locale":"es_MX","og_type":"article","og_title":"GOBIERNO DE COATEPEC HARINAS Y CRIT ESTADO DE M\u00c9XICO FIRMAN CONVENIO DE COLABORACI\u00d3N - Expresso Metropolitano","og_description":"El Ayuntamiento de Coatepec Harinas, a trav\u00e9s del Sistema para el Desarrollo Integral de la Familia, firm\u00f3 un convenio de colaboraci\u00f3n con el Centro de Rehabilitaci\u00f3n e Inclusi\u00f3n Infantil Telet\u00f3n del Estado de M\u00e9xico con el objetivo de proporcionar terapias de rehabilitaci\u00f3n a ni\u00f1as y ni\u00f1os con alguna discapacidad.","og_url":"https:\/\/expressometro.mx\/index.php\/2023\/09\/26\/gobierno-de-coatepec-harinas-y-crit-estado-de-mexico-firman-convenio-de-colaboracion\/","og_site_name":"Expresso Metropolitano","article_published_time":"2023-09-26T18:46:02+00:00","article_modified_time":"2023-09-26T18:48:52+00:00","og_image":[{"width":960,"height":640,"url":"http:\/\/expressometro.mx\/wp-content\/uploads\/2023\/09\/Coatepec-Harinas-260923-1.jpg","type":"image\/jpeg"}],"author":"Expresso Metropolitano","twitter_misc":{"Escrito por":"Expresso Metropolitano","Tiempo de lectura":"2 minutos"},"schema":{"@context":"https:\/\/schema.org","@graph":[{"@type":"Article","@id":"https:\/\/expressometro.mx\/index.php\/2023\/09\/26\/gobierno-de-coatepec-harinas-y-crit-estado-de-mexico-firman-convenio-de-colaboracion\/#article","isPartOf":{"@id":"https:\/\/expressometro.mx\/index.php\/2023\/09\/26\/gobierno-de-coatepec-harinas-y-crit-estado-de-mexico-firman-convenio-de-colaboracion\/"},"author":{"name":"Expresso Metropolitano","@id":"https:\/\/expressometro.mx\/#\/schema\/person\/efa971b4a0664db8ed5c22b1b0dd2f5d"},"headline":"GOBIERNO DE COATEPEC HARINAS Y CRIT ESTADO DE M\u00c9XICO FIRMAN CONVENIO DE COLABORACI\u00d3N","datePublished":"2023-09-26T18:46:02+00:00","dateModified":"2023-09-26T18:48:52+00:00","mainEntityOfPage":{"@id":"https:\/\/expressometro.mx\/index.php\/2023\/09\/26\/gobierno-de-coatepec-harinas-y-crit-estado-de-mexico-firman-convenio-de-colaboracion\/"},"wordCount":267,"commentCount":0,"publisher":{"@id":"https:\/\/expressometro.mx\/#organization"},"image":{"@id":"https:\/\/expressometro.mx\/index.php\/2023\/09\/26\/gobierno-de-coatepec-harinas-y-crit-estado-de-mexico-firman-convenio-de-colaboracion\/#primaryimage"},"thumbnailUrl":"https:\/\/expressometro.mx\/wp-content\/uploads\/2023\/09\/Coatepec-Harinas-260923-1.jpg","keywords":["Coatepec Harinas","Edomex","GEM","Marco Antonio D\u00edaz Ju\u00e1rez"],"articleSection":["Gobierno","Otros","Pol\u00edtica","Salud"],"inLanguage":"es","potentialAction":[{"@type":"CommentAction","name":"Comment","target":["https:\/\/expressometro.mx\/index.php\/2023\/09\/26\/gobierno-de-coatepec-harinas-y-crit-estado-de-mexico-firman-convenio-de-colaboracion\/#respond"]}]},{"@type":"WebPage","@id":"https:\/\/expressometro.mx\/index.php\/2023\/09\/26\/gobierno-de-coatepec-harinas-y-crit-estado-de-mexico-firman-convenio-de-colaboracion\/","url":"https:\/\/expressometro.mx\/index.php\/2023\/09\/26\/gobierno-de-coatepec-harinas-y-crit-estado-de-mexico-firman-convenio-de-colaboracion\/","name":"GOBIERNO DE COATEPEC HARINAS Y CRIT ESTADO DE M\u00c9XICO FIRMAN CONVENIO DE COLABORACI\u00d3N - Expresso Metropolitano","isPartOf":{"@id":"https:\/\/expressometro.mx\/#website"},"primaryImageOfPage":{"@id":"https:\/\/expressometro.mx\/index.php\/2023\/09\/26\/gobierno-de-coatepec-harinas-y-crit-estado-de-mexico-firman-convenio-de-colaboracion\/#primaryimage"},"image":{"@id":"https:\/\/expressometro.mx\/index.php\/2023\/09\/26\/gobierno-de-coatepec-harinas-y-crit-estado-de-mexico-firman-convenio-de-colaboracion\/#primaryimage"},"thumbnailUrl":"https:\/\/expressometro.mx\/wp-content\/uploads\/2023\/09\/Coatepec-Harinas-260923-1.jpg","datePublished":"2023-09-26T18:46:02+00:00","dateModified":"2023-09-26T18:48:52+00:00","breadcrumb":{"@id":"https:\/\/expressometro.mx\/index.php\/2023\/09\/26\/gobierno-de-coatepec-harinas-y-crit-estado-de-mexico-firman-convenio-de-colaboracion\/#breadcrumb"},"inLanguage":"es","potentialAction":[{"@type":"ReadAction","target":["https:\/\/expressometro.mx\/index.php\/2023\/09\/26\/gobierno-de-coatepec-harinas-y-crit-estado-de-mexico-firman-convenio-de-colaboracion\/"]}]},{"@type":"ImageObject","inLanguage":"es","@id":"https:\/\/expressometro.mx\/index.php\/2023\/09\/26\/gobierno-de-coatepec-harinas-y-crit-estado-de-mexico-firman-convenio-de-colaboracion\/#primaryimage","url":"https:\/\/expressometro.mx\/wp-content\/uploads\/2023\/09\/Coatepec-Harinas-260923-1.jpg","contentUrl":"https:\/\/expressometro.mx\/wp-content\/uploads\/2023\/09\/Coatepec-Harinas-260923-1.jpg","width":960,"height":640},{"@type":"BreadcrumbList","@id":"https:\/\/expressometro.mx\/index.php\/2023\/09\/26\/gobierno-de-coatepec-harinas-y-crit-estado-de-mexico-firman-convenio-de-colaboracion\/#breadcrumb","itemListElement":[{"@type":"ListItem","position":1,"name":"Inicio","item":"https:\/\/expressometro.mx\/"},{"@type":"ListItem","position":2,"name":"GOBIERNO DE COATEPEC HARINAS Y CRIT ESTADO DE M\u00c9XICO FIRMAN CONVENIO DE COLABORACI\u00d3N"}]},{"@type":"WebSite","@id":"https:\/\/expressometro.mx\/#website","url":"https:\/\/expressometro.mx\/","name":"Expresso Metropolitano","description":"Periodismo comprometido, informaci\u00f3n, investigaci\u00f3n y an\u00e1lisis","publisher":{"@id":"https:\/\/expressometro.mx\/#organization"},"potentialAction":[{"@type":"SearchAction","target":{"@type":"EntryPoint","urlTemplate":"https:\/\/expressometro.mx\/?s={search_term_string}"},"query-input":{"@type":"PropertyValueSpecification","valueRequired":true,"valueName":"search_term_string"}}],"inLanguage":"es"},{"@type":"Organization","@id":"https:\/\/expressometro.mx\/#organization","name":"Expresso Metropolitano","url":"https:\/\/expressometro.mx\/","logo":{"@type":"ImageObject","inLanguage":"es","@id":"https:\/\/expressometro.mx\/#\/schema\/logo\/image\/","url":"https:\/\/expressometro.mx\/wp-content\/uploads\/2019\/07\/cropped-Logo-Expresso-Metropolitano-1-1.jpeg","contentUrl":"https:\/\/expressometro.mx\/wp-content\/uploads\/2019\/07\/cropped-Logo-Expresso-Metropolitano-1-1.jpeg","width":290,"height":73,"caption":"Expresso Metropolitano"},"image":{"@id":"https:\/\/expressometro.mx\/#\/schema\/logo\/image\/"}},{"@type":"Person","@id":"https:\/\/expressometro.mx\/#\/schema\/person\/efa971b4a0664db8ed5c22b1b0dd2f5d","name":"Expresso Metropolitano","image":{"@type":"ImageObject","inLanguage":"es","@id":"https:\/\/secure.gravatar.com\/avatar\/a89f802b8de18c6952f223c88d3d106e9e3679839f4e25a02f4a6cc2ae6ba3b3?s=96&d=mm&r=g","url":"https:\/\/secure.gravatar.com\/avatar\/a89f802b8de18c6952f223c88d3d106e9e3679839f4e25a02f4a6cc2ae6ba3b3?s=96&d=mm&r=g","contentUrl":"https:\/\/secure.gravatar.com\/avatar\/a89f802b8de18c6952f223c88d3d106e9e3679839f4e25a02f4a6cc2ae6ba3b3?s=96&d=mm&r=g","caption":"Expresso Metropolitano"},"url":"https:\/\/expressometro.mx\/index.php\/author\/diego\/"}]}},"amp_enabled":true,"_links":{"self":[{"href":"https:\/\/expressometro.mx\/index.php\/wp-json\/wp\/v2\/posts\/7992","targetHints":{"allow":["GET"]}}],"collection":[{"href":"https:\/\/expressometro.mx\/index.php\/wp-json\/wp\/v2\/posts"}],"about":[{"href":"https:\/\/expressometro.mx\/index.php\/wp-json\/wp\/v2\/types\/post"}],"author":[{"embeddable":true,"href":"https:\/\/expressometro.mx\/index.php\/wp-json\/wp\/v2\/users\/1"}],"replies":[{"embeddable":true,"href":"https:\/\/expressometro.mx\/index.php\/wp-json\/wp\/v2\/comments?post=7992"}],"version-history":[{"count":2,"href":"https:\/\/expressometro.mx\/index.php\/wp-json\/wp\/v2\/posts\/7992\/revisions"}],"predecessor-version":[{"id":7998,"href":"https:\/\/expressometro.mx\/index.php\/wp-json\/wp\/v2\/posts\/7992\/revisions\/7998"}],"wp:featuredmedia":[{"embeddable":true,"href":"https:\/\/expressometro.mx\/index.php\/wp-json\/wp\/v2\/media\/7994"}],"wp:attachment":[{"href":"https:\/\/expressometro.mx\/index.php\/wp-json\/wp\/v2\/media?parent=7992"}],"wp:term":[{"taxonomy":"category","embeddable":true,"href":"https:\/\/expressometro.mx\/index.php\/wp-json\/wp\/v2\/categories?post=7992"},{"taxonomy":"post_tag","embeddable":true,"href":"https:\/\/expressometro.mx\/index.php\/wp-json\/wp\/v2\/tags?post=7992"}],"curies":[{"name":"wp","href":"https:\/\/api.w.org\/{rel}","templated":true}]}}