{"id":796,"date":"2019-09-29T21:42:07","date_gmt":"2019-09-30T02:42:07","guid":{"rendered":"http:\/\/expressometro.mx\/?p=796"},"modified":"2019-09-29T21:42:08","modified_gmt":"2019-09-30T02:42:08","slug":"ofrece-secretaria-del-trabajo-capacitacion-y-certificacion-a-mujeres-emprendedoras","status":"publish","type":"post","link":"https:\/\/expressometro.mx\/index.php\/2019\/09\/29\/ofrece-secretaria-del-trabajo-capacitacion-y-certificacion-a-mujeres-emprendedoras\/","title":{"rendered":"OFRECE SECRETAR\u00cdA DEL TRABAJO CAPACITACI\u00d3N Y CERTIFICACI\u00d3N A MUJERES EMPRENDEDORAS"},"content":{"rendered":"\n<p>El Gobierno del Estado de M\u00e9xico, a trav\u00e9s de la Secretar\u00eda del Trabajo, impulsa a las mujeres emprendedoras del Estado de M\u00e9xico, a trav\u00e9s de la capacitaci\u00f3n y certificaci\u00f3n en las Escuelas de Artes y Oficios, con el prop\u00f3sito de darle un valor agregado a sus productos y generar fuentes de empleo.<\/p>\n\n\n\n<p>As\u00ed lo expres\u00f3 Marta Hilda Gonz\u00e1lez Calder\u00f3n, titular de esta Secretar\u00eda, en el marco de la Feria Regional de Productoras Mexiquenses, que se llev\u00f3 a cabo en el parque Naucalli, con la participaci\u00f3n de&nbsp; 290 medianas y microempresarias de siete municipios.<\/p>\n\n\n\n<p>De igual forma, la funcionaria estatal dijo que se trabajar\u00e1 en conjunto con las autoridades municipales y sociedad civil para ser m\u00e1s productivos.<\/p>\n\n\n\n<p>En presencia del Presidente del Consejo de C\u00e1maras y Asociaciones Empresariales del Estado de M\u00e9xico (Concaem), Gilberto Sauza, la Secretaria del Trabajo se\u00f1al\u00f3 que \u201cqueremos trabajar de manera coordinada para que a Naucalpan y a todo el Estado de M\u00e9xico le vaya bien\u201d.<\/p>\n\n\n\n<p>Por su parte, la Presidenta municipal, Patricia Dur\u00e1n Reveles, garantiz\u00f3 espacios para dar a conocer los art\u00edculos de las naucalpenses y productoras estatales y destac\u00f3 que es muy importante establecer v\u00ednculos entre los tres niveles de gobierno y las asociaciones de productores para dar a conocer sus servicios y formar cadenas productivas que las beneficien e impulsen en sus proyectos.<\/p>\n\n\n\n<p>\u201cEstoy convencida de que somos el motor de este pa\u00eds, porque son las mujeres quienes desde la familia impulsan el desarrollo y quienes hacemos que nuestras comunidades cambien, que un pa\u00eds realmente se pueda transformar\u201d, subray\u00f3.<\/p>\n\n\n\n<p>En su intervenci\u00f3n, la Presidenta de la Asociaci\u00f3n de Mujeres Emprendedoras Transformando M\u00e9xico (METME), Brenda Medina, dijo que en Naucalpan tienen registradas alrededor de 5 mil mujeres productivas y en todo el Estado de M\u00e9xico m\u00e1s de 85 mil.<\/p>\n\n\n\n<p>En este sentido, resalt\u00f3 que las mujeres se distinguen por transformar el entorno en el que viven y ser quienes todos los d\u00edas salen a generar un ingreso para las familias.<\/p>\n\n\n\n<p>La representante del Instituto Mexiquense del Emprendimiento, Rosa Salinas Guti\u00e9rrez, mencion\u00f3 que emprender entre las mujeres es un estilo de vida que exige dejar de lado muchas cosas, pero que rinde frutos familiares en la formaci\u00f3n de buenos ciudadanos.<\/p>\n\n\n\n<p>En este evento, al que asistieron autoridades y emprendedoras de los municipios de Atizap\u00e1n de Zaragoza, Coacalco, Cuautitl\u00e1n, Isidro Fabela, Naucalpan, Tlalnepantla y Xonacatl\u00e1n, reconocieron el trabajo innovador de las mujeres, as\u00ed como su capacidad para crear redes de negocios que impulsen el crecimiento econ\u00f3mico de la regi\u00f3n.<\/p>\n","protected":false},"excerpt":{"rendered":"<p>El Gobierno del Estado de M\u00e9xico, a trav\u00e9s de la Secretar\u00eda del Trabajo, impulsa a las mujeres emprendedoras del Estado de M\u00e9xico, a trav\u00e9s de la capacitaci\u00f3n y certificaci\u00f3n en las Escuelas de Artes y Oficios, con el prop\u00f3sito de darle un valor agregado a sus productos y generar fuentes de empleo. As\u00ed lo expres\u00f3 Marta Hilda Gonz\u00e1lez Calder\u00f3n, titular de esta Secretar\u00eda, en el marco de la Feria Regional de Productoras Mexiquenses, que se llev\u00f3 a cabo en el parque Naucalli, con la participaci\u00f3n de&nbsp; 290 medianas y microempresarias&hellip;<\/p>\n","protected":false},"author":1,"featured_media":0,"comment_status":"open","ping_status":"open","sticky":false,"template":"","format":"standard","meta":{"footnotes":""},"categories":[1],"tags":[],"class_list":["post-796","post","type-post","status-publish","format-standard","hentry","category-otros"],"yoast_head":"<!-- This site is optimized with the Yoast SEO plugin v27.5 - https:\/\/yoast.com\/product\/yoast-seo-wordpress\/ -->\n<title>OFRECE SECRETAR\u00cdA DEL TRABAJO CAPACITACI\u00d3N Y CERTIFICACI\u00d3N A MUJERES EMPRENDEDORAS - Expresso Metropolitano<\/title>\n<meta name=\"robots\" content=\"index, follow, max-snippet:-1, max-image-preview:large, max-video-preview:-1\" \/>\n<link rel=\"canonical\" href=\"https:\/\/expressometro.mx\/index.php\/2019\/09\/29\/ofrece-secretaria-del-trabajo-capacitacion-y-certificacion-a-mujeres-emprendedoras\/\" \/>\n<meta property=\"og:locale\" content=\"es_MX\" \/>\n<meta property=\"og:type\" content=\"article\" \/>\n<meta property=\"og:title\" content=\"OFRECE SECRETAR\u00cdA DEL TRABAJO CAPACITACI\u00d3N Y CERTIFICACI\u00d3N A MUJERES EMPRENDEDORAS - Expresso Metropolitano\" \/>\n<meta property=\"og:description\" content=\"El Gobierno del Estado de M\u00e9xico, a trav\u00e9s de la Secretar\u00eda del Trabajo, impulsa a las mujeres emprendedoras del Estado de M\u00e9xico, a trav\u00e9s de la capacitaci\u00f3n y certificaci\u00f3n en las Escuelas de Artes y Oficios, con el prop\u00f3sito de darle un valor agregado a sus productos y generar fuentes de empleo. As\u00ed lo expres\u00f3 Marta Hilda Gonz\u00e1lez Calder\u00f3n, titular de esta Secretar\u00eda, en el marco de la Feria Regional de Productoras Mexiquenses, que se llev\u00f3 a cabo en el parque Naucalli, con la participaci\u00f3n de&nbsp; 290 medianas y microempresarias&hellip;\" \/>\n<meta property=\"og:url\" content=\"https:\/\/expressometro.mx\/index.php\/2019\/09\/29\/ofrece-secretaria-del-trabajo-capacitacion-y-certificacion-a-mujeres-emprendedoras\/\" \/>\n<meta property=\"og:site_name\" content=\"Expresso Metropolitano\" \/>\n<meta property=\"article:published_time\" content=\"2019-09-30T02:42:07+00:00\" \/>\n<meta property=\"article:modified_time\" content=\"2019-09-30T02:42:08+00:00\" \/>\n<meta name=\"author\" content=\"Expresso Metropolitano\" \/>\n<meta name=\"twitter:label1\" content=\"Escrito por\" \/>\n\t<meta name=\"twitter:data1\" content=\"Expresso Metropolitano\" \/>\n\t<meta name=\"twitter:label2\" content=\"Tiempo de lectura\" \/>\n\t<meta name=\"twitter:data2\" content=\"2 minutos\" \/>\n<script type=\"application\/ld+json\" class=\"yoast-schema-graph\">{\"@context\":\"https:\\\/\\\/schema.org\",\"@graph\":[{\"@type\":\"Article\",\"@id\":\"https:\\\/\\\/expressometro.mx\\\/index.php\\\/2019\\\/09\\\/29\\\/ofrece-secretaria-del-trabajo-capacitacion-y-certificacion-a-mujeres-emprendedoras\\\/#article\",\"isPartOf\":{\"@id\":\"https:\\\/\\\/expressometro.mx\\\/index.php\\\/2019\\\/09\\\/29\\\/ofrece-secretaria-del-trabajo-capacitacion-y-certificacion-a-mujeres-emprendedoras\\\/\"},\"author\":{\"name\":\"Expresso Metropolitano\",\"@id\":\"https:\\\/\\\/expressometro.mx\\\/#\\\/schema\\\/person\\\/efa971b4a0664db8ed5c22b1b0dd2f5d\"},\"headline\":\"OFRECE SECRETAR\u00cdA DEL TRABAJO CAPACITACI\u00d3N Y CERTIFICACI\u00d3N A MUJERES EMPRENDEDORAS\",\"datePublished\":\"2019-09-30T02:42:07+00:00\",\"dateModified\":\"2019-09-30T02:42:08+00:00\",\"mainEntityOfPage\":{\"@id\":\"https:\\\/\\\/expressometro.mx\\\/index.php\\\/2019\\\/09\\\/29\\\/ofrece-secretaria-del-trabajo-capacitacion-y-certificacion-a-mujeres-emprendedoras\\\/\"},\"wordCount\":458,\"commentCount\":0,\"publisher\":{\"@id\":\"https:\\\/\\\/expressometro.mx\\\/#organization\"},\"articleSection\":[\"Otros\"],\"inLanguage\":\"es\",\"potentialAction\":[{\"@type\":\"CommentAction\",\"name\":\"Comment\",\"target\":[\"https:\\\/\\\/expressometro.mx\\\/index.php\\\/2019\\\/09\\\/29\\\/ofrece-secretaria-del-trabajo-capacitacion-y-certificacion-a-mujeres-emprendedoras\\\/#respond\"]}]},{\"@type\":\"WebPage\",\"@id\":\"https:\\\/\\\/expressometro.mx\\\/index.php\\\/2019\\\/09\\\/29\\\/ofrece-secretaria-del-trabajo-capacitacion-y-certificacion-a-mujeres-emprendedoras\\\/\",\"url\":\"https:\\\/\\\/expressometro.mx\\\/index.php\\\/2019\\\/09\\\/29\\\/ofrece-secretaria-del-trabajo-capacitacion-y-certificacion-a-mujeres-emprendedoras\\\/\",\"name\":\"OFRECE SECRETAR\u00cdA DEL TRABAJO CAPACITACI\u00d3N Y CERTIFICACI\u00d3N A MUJERES EMPRENDEDORAS - Expresso Metropolitano\",\"isPartOf\":{\"@id\":\"https:\\\/\\\/expressometro.mx\\\/#website\"},\"datePublished\":\"2019-09-30T02:42:07+00:00\",\"dateModified\":\"2019-09-30T02:42:08+00:00\",\"breadcrumb\":{\"@id\":\"https:\\\/\\\/expressometro.mx\\\/index.php\\\/2019\\\/09\\\/29\\\/ofrece-secretaria-del-trabajo-capacitacion-y-certificacion-a-mujeres-emprendedoras\\\/#breadcrumb\"},\"inLanguage\":\"es\",\"potentialAction\":[{\"@type\":\"ReadAction\",\"target\":[\"https:\\\/\\\/expressometro.mx\\\/index.php\\\/2019\\\/09\\\/29\\\/ofrece-secretaria-del-trabajo-capacitacion-y-certificacion-a-mujeres-emprendedoras\\\/\"]}]},{\"@type\":\"BreadcrumbList\",\"@id\":\"https:\\\/\\\/expressometro.mx\\\/index.php\\\/2019\\\/09\\\/29\\\/ofrece-secretaria-del-trabajo-capacitacion-y-certificacion-a-mujeres-emprendedoras\\\/#breadcrumb\",\"itemListElement\":[{\"@type\":\"ListItem\",\"position\":1,\"name\":\"Inicio\",\"item\":\"https:\\\/\\\/expressometro.mx\\\/\"},{\"@type\":\"ListItem\",\"position\":2,\"name\":\"OFRECE SECRETAR\u00cdA DEL TRABAJO CAPACITACI\u00d3N Y CERTIFICACI\u00d3N A MUJERES EMPRENDEDORAS\"}]},{\"@type\":\"WebSite\",\"@id\":\"https:\\\/\\\/expressometro.mx\\\/#website\",\"url\":\"https:\\\/\\\/expressometro.mx\\\/\",\"name\":\"Expresso Metropolitano\",\"description\":\"Periodismo comprometido, informaci\u00f3n, investigaci\u00f3n y an\u00e1lisis\",\"publisher\":{\"@id\":\"https:\\\/\\\/expressometro.mx\\\/#organization\"},\"potentialAction\":[{\"@type\":\"SearchAction\",\"target\":{\"@type\":\"EntryPoint\",\"urlTemplate\":\"https:\\\/\\\/expressometro.mx\\\/?s={search_term_string}\"},\"query-input\":{\"@type\":\"PropertyValueSpecification\",\"valueRequired\":true,\"valueName\":\"search_term_string\"}}],\"inLanguage\":\"es\"},{\"@type\":\"Organization\",\"@id\":\"https:\\\/\\\/expressometro.mx\\\/#organization\",\"name\":\"Expresso Metropolitano\",\"url\":\"https:\\\/\\\/expressometro.mx\\\/\",\"logo\":{\"@type\":\"ImageObject\",\"inLanguage\":\"es\",\"@id\":\"https:\\\/\\\/expressometro.mx\\\/#\\\/schema\\\/logo\\\/image\\\/\",\"url\":\"https:\\\/\\\/expressometro.mx\\\/wp-content\\\/uploads\\\/2019\\\/07\\\/cropped-Logo-Expresso-Metropolitano-1-1.jpeg\",\"contentUrl\":\"https:\\\/\\\/expressometro.mx\\\/wp-content\\\/uploads\\\/2019\\\/07\\\/cropped-Logo-Expresso-Metropolitano-1-1.jpeg\",\"width\":290,\"height\":73,\"caption\":\"Expresso Metropolitano\"},\"image\":{\"@id\":\"https:\\\/\\\/expressometro.mx\\\/#\\\/schema\\\/logo\\\/image\\\/\"}},{\"@type\":\"Person\",\"@id\":\"https:\\\/\\\/expressometro.mx\\\/#\\\/schema\\\/person\\\/efa971b4a0664db8ed5c22b1b0dd2f5d\",\"name\":\"Expresso Metropolitano\",\"image\":{\"@type\":\"ImageObject\",\"inLanguage\":\"es\",\"@id\":\"https:\\\/\\\/secure.gravatar.com\\\/avatar\\\/a89f802b8de18c6952f223c88d3d106e9e3679839f4e25a02f4a6cc2ae6ba3b3?s=96&d=mm&r=g\",\"url\":\"https:\\\/\\\/secure.gravatar.com\\\/avatar\\\/a89f802b8de18c6952f223c88d3d106e9e3679839f4e25a02f4a6cc2ae6ba3b3?s=96&d=mm&r=g\",\"contentUrl\":\"https:\\\/\\\/secure.gravatar.com\\\/avatar\\\/a89f802b8de18c6952f223c88d3d106e9e3679839f4e25a02f4a6cc2ae6ba3b3?s=96&d=mm&r=g\",\"caption\":\"Expresso Metropolitano\"},\"url\":\"https:\\\/\\\/expressometro.mx\\\/index.php\\\/author\\\/diego\\\/\"}]}<\/script>\n<!-- \/ Yoast SEO plugin. -->","yoast_head_json":{"title":"OFRECE SECRETAR\u00cdA DEL TRABAJO CAPACITACI\u00d3N Y CERTIFICACI\u00d3N A MUJERES EMPRENDEDORAS - Expresso Metropolitano","robots":{"index":"index","follow":"follow","max-snippet":"max-snippet:-1","max-image-preview":"max-image-preview:large","max-video-preview":"max-video-preview:-1"},"canonical":"https:\/\/expressometro.mx\/index.php\/2019\/09\/29\/ofrece-secretaria-del-trabajo-capacitacion-y-certificacion-a-mujeres-emprendedoras\/","og_locale":"es_MX","og_type":"article","og_title":"OFRECE SECRETAR\u00cdA DEL TRABAJO CAPACITACI\u00d3N Y CERTIFICACI\u00d3N A MUJERES EMPRENDEDORAS - Expresso Metropolitano","og_description":"El Gobierno del Estado de M\u00e9xico, a trav\u00e9s de la Secretar\u00eda del Trabajo, impulsa a las mujeres emprendedoras del Estado de M\u00e9xico, a trav\u00e9s de la capacitaci\u00f3n y certificaci\u00f3n en las Escuelas de Artes y Oficios, con el prop\u00f3sito de darle un valor agregado a sus productos y generar fuentes de empleo. As\u00ed lo expres\u00f3 Marta Hilda Gonz\u00e1lez Calder\u00f3n, titular de esta Secretar\u00eda, en el marco de la Feria Regional de Productoras Mexiquenses, que se llev\u00f3 a cabo en el parque Naucalli, con la participaci\u00f3n de&nbsp; 290 medianas y microempresarias&hellip;","og_url":"https:\/\/expressometro.mx\/index.php\/2019\/09\/29\/ofrece-secretaria-del-trabajo-capacitacion-y-certificacion-a-mujeres-emprendedoras\/","og_site_name":"Expresso Metropolitano","article_published_time":"2019-09-30T02:42:07+00:00","article_modified_time":"2019-09-30T02:42:08+00:00","author":"Expresso Metropolitano","twitter_misc":{"Escrito por":"Expresso Metropolitano","Tiempo de lectura":"2 minutos"},"schema":{"@context":"https:\/\/schema.org","@graph":[{"@type":"Article","@id":"https:\/\/expressometro.mx\/index.php\/2019\/09\/29\/ofrece-secretaria-del-trabajo-capacitacion-y-certificacion-a-mujeres-emprendedoras\/#article","isPartOf":{"@id":"https:\/\/expressometro.mx\/index.php\/2019\/09\/29\/ofrece-secretaria-del-trabajo-capacitacion-y-certificacion-a-mujeres-emprendedoras\/"},"author":{"name":"Expresso Metropolitano","@id":"https:\/\/expressometro.mx\/#\/schema\/person\/efa971b4a0664db8ed5c22b1b0dd2f5d"},"headline":"OFRECE SECRETAR\u00cdA DEL TRABAJO CAPACITACI\u00d3N Y CERTIFICACI\u00d3N A MUJERES EMPRENDEDORAS","datePublished":"2019-09-30T02:42:07+00:00","dateModified":"2019-09-30T02:42:08+00:00","mainEntityOfPage":{"@id":"https:\/\/expressometro.mx\/index.php\/2019\/09\/29\/ofrece-secretaria-del-trabajo-capacitacion-y-certificacion-a-mujeres-emprendedoras\/"},"wordCount":458,"commentCount":0,"publisher":{"@id":"https:\/\/expressometro.mx\/#organization"},"articleSection":["Otros"],"inLanguage":"es","potentialAction":[{"@type":"CommentAction","name":"Comment","target":["https:\/\/expressometro.mx\/index.php\/2019\/09\/29\/ofrece-secretaria-del-trabajo-capacitacion-y-certificacion-a-mujeres-emprendedoras\/#respond"]}]},{"@type":"WebPage","@id":"https:\/\/expressometro.mx\/index.php\/2019\/09\/29\/ofrece-secretaria-del-trabajo-capacitacion-y-certificacion-a-mujeres-emprendedoras\/","url":"https:\/\/expressometro.mx\/index.php\/2019\/09\/29\/ofrece-secretaria-del-trabajo-capacitacion-y-certificacion-a-mujeres-emprendedoras\/","name":"OFRECE SECRETAR\u00cdA DEL TRABAJO CAPACITACI\u00d3N Y CERTIFICACI\u00d3N A MUJERES EMPRENDEDORAS - Expresso Metropolitano","isPartOf":{"@id":"https:\/\/expressometro.mx\/#website"},"datePublished":"2019-09-30T02:42:07+00:00","dateModified":"2019-09-30T02:42:08+00:00","breadcrumb":{"@id":"https:\/\/expressometro.mx\/index.php\/2019\/09\/29\/ofrece-secretaria-del-trabajo-capacitacion-y-certificacion-a-mujeres-emprendedoras\/#breadcrumb"},"inLanguage":"es","potentialAction":[{"@type":"ReadAction","target":["https:\/\/expressometro.mx\/index.php\/2019\/09\/29\/ofrece-secretaria-del-trabajo-capacitacion-y-certificacion-a-mujeres-emprendedoras\/"]}]},{"@type":"BreadcrumbList","@id":"https:\/\/expressometro.mx\/index.php\/2019\/09\/29\/ofrece-secretaria-del-trabajo-capacitacion-y-certificacion-a-mujeres-emprendedoras\/#breadcrumb","itemListElement":[{"@type":"ListItem","position":1,"name":"Inicio","item":"https:\/\/expressometro.mx\/"},{"@type":"ListItem","position":2,"name":"OFRECE SECRETAR\u00cdA DEL TRABAJO CAPACITACI\u00d3N Y CERTIFICACI\u00d3N A MUJERES EMPRENDEDORAS"}]},{"@type":"WebSite","@id":"https:\/\/expressometro.mx\/#website","url":"https:\/\/expressometro.mx\/","name":"Expresso Metropolitano","description":"Periodismo comprometido, informaci\u00f3n, investigaci\u00f3n y an\u00e1lisis","publisher":{"@id":"https:\/\/expressometro.mx\/#organization"},"potentialAction":[{"@type":"SearchAction","target":{"@type":"EntryPoint","urlTemplate":"https:\/\/expressometro.mx\/?s={search_term_string}"},"query-input":{"@type":"PropertyValueSpecification","valueRequired":true,"valueName":"search_term_string"}}],"inLanguage":"es"},{"@type":"Organization","@id":"https:\/\/expressometro.mx\/#organization","name":"Expresso Metropolitano","url":"https:\/\/expressometro.mx\/","logo":{"@type":"ImageObject","inLanguage":"es","@id":"https:\/\/expressometro.mx\/#\/schema\/logo\/image\/","url":"https:\/\/expressometro.mx\/wp-content\/uploads\/2019\/07\/cropped-Logo-Expresso-Metropolitano-1-1.jpeg","contentUrl":"https:\/\/expressometro.mx\/wp-content\/uploads\/2019\/07\/cropped-Logo-Expresso-Metropolitano-1-1.jpeg","width":290,"height":73,"caption":"Expresso Metropolitano"},"image":{"@id":"https:\/\/expressometro.mx\/#\/schema\/logo\/image\/"}},{"@type":"Person","@id":"https:\/\/expressometro.mx\/#\/schema\/person\/efa971b4a0664db8ed5c22b1b0dd2f5d","name":"Expresso Metropolitano","image":{"@type":"ImageObject","inLanguage":"es","@id":"https:\/\/secure.gravatar.com\/avatar\/a89f802b8de18c6952f223c88d3d106e9e3679839f4e25a02f4a6cc2ae6ba3b3?s=96&d=mm&r=g","url":"https:\/\/secure.gravatar.com\/avatar\/a89f802b8de18c6952f223c88d3d106e9e3679839f4e25a02f4a6cc2ae6ba3b3?s=96&d=mm&r=g","contentUrl":"https:\/\/secure.gravatar.com\/avatar\/a89f802b8de18c6952f223c88d3d106e9e3679839f4e25a02f4a6cc2ae6ba3b3?s=96&d=mm&r=g","caption":"Expresso Metropolitano"},"url":"https:\/\/expressometro.mx\/index.php\/author\/diego\/"}]}},"amp_enabled":true,"_links":{"self":[{"href":"https:\/\/expressometro.mx\/index.php\/wp-json\/wp\/v2\/posts\/796","targetHints":{"allow":["GET"]}}],"collection":[{"href":"https:\/\/expressometro.mx\/index.php\/wp-json\/wp\/v2\/posts"}],"about":[{"href":"https:\/\/expressometro.mx\/index.php\/wp-json\/wp\/v2\/types\/post"}],"author":[{"embeddable":true,"href":"https:\/\/expressometro.mx\/index.php\/wp-json\/wp\/v2\/users\/1"}],"replies":[{"embeddable":true,"href":"https:\/\/expressometro.mx\/index.php\/wp-json\/wp\/v2\/comments?post=796"}],"version-history":[{"count":1,"href":"https:\/\/expressometro.mx\/index.php\/wp-json\/wp\/v2\/posts\/796\/revisions"}],"predecessor-version":[{"id":797,"href":"https:\/\/expressometro.mx\/index.php\/wp-json\/wp\/v2\/posts\/796\/revisions\/797"}],"wp:attachment":[{"href":"https:\/\/expressometro.mx\/index.php\/wp-json\/wp\/v2\/media?parent=796"}],"wp:term":[{"taxonomy":"category","embeddable":true,"href":"https:\/\/expressometro.mx\/index.php\/wp-json\/wp\/v2\/categories?post=796"},{"taxonomy":"post_tag","embeddable":true,"href":"https:\/\/expressometro.mx\/index.php\/wp-json\/wp\/v2\/tags?post=796"}],"curies":[{"name":"wp","href":"https:\/\/api.w.org\/{rel}","templated":true}]}}