{"id":7913,"date":"2023-09-17T08:41:46","date_gmt":"2023-09-17T13:41:46","guid":{"rendered":"https:\/\/expressometro.mx\/?p=7913"},"modified":"2023-09-19T22:01:12","modified_gmt":"2023-09-20T03:01:12","slug":"viva-mexicoviva-mexicoviva-mexico-exclamo-marisol-arias-en-atlacomulco-ante-20-mil-espectadores","status":"publish","type":"post","link":"https:\/\/expressometro.mx\/index.php\/2023\/09\/17\/viva-mexicoviva-mexicoviva-mexico-exclamo-marisol-arias-en-atlacomulco-ante-20-mil-espectadores\/","title":{"rendered":"\u00a1VIVA M\u00c9XICO!\u00a1VIVA M\u00c9XICO!\u00a1VIVA M\u00c9XICO! EXCLAM\u00d3 MARISOL ARIAS EN ATLACOMULCO, ANTE 20 MIL ESPECTADORES"},"content":{"rendered":"\n<p><\/p>\n\n\n\n<p><\/p>\n","protected":false},"excerpt":{"rendered":"<p>MARISOL ARIAS EN ATLACOMULCO, ANTE 20 MIL ESPECTADORES<\/p>\n","protected":false},"author":1,"featured_media":7915,"comment_status":"open","ping_status":"open","sticky":false,"template":"","format":"standard","meta":{"footnotes":""},"categories":[11,3,1,231],"tags":[1982,86,388,158],"class_list":["post-7913","post","type-post","status-publish","format-standard","has-post-thumbnail","hentry","category-cultura","category-gobierno","category-otros","category-politica","tag-edomex","tag-gem","tag-marisol-arias","tag-pri"],"yoast_head":"<!-- This site is optimized with the Yoast SEO plugin v27.4 - https:\/\/yoast.com\/product\/yoast-seo-wordpress\/ -->\n<title>\u00a1VIVA M\u00c9XICO!\u00a1VIVA M\u00c9XICO!\u00a1VIVA M\u00c9XICO! EXCLAM\u00d3 MARISOL ARIAS EN ATLACOMULCO, ANTE 20 MIL ESPECTADORES - Expresso Metropolitano<\/title>\n<meta name=\"robots\" content=\"index, follow, max-snippet:-1, max-image-preview:large, max-video-preview:-1\" \/>\n<link rel=\"canonical\" href=\"https:\/\/expressometro.mx\/index.php\/2023\/09\/17\/viva-mexicoviva-mexicoviva-mexico-exclamo-marisol-arias-en-atlacomulco-ante-20-mil-espectadores\/\" \/>\n<meta property=\"og:locale\" content=\"es_MX\" \/>\n<meta property=\"og:type\" content=\"article\" \/>\n<meta property=\"og:title\" content=\"\u00a1VIVA M\u00c9XICO!\u00a1VIVA M\u00c9XICO!\u00a1VIVA M\u00c9XICO! EXCLAM\u00d3 MARISOL ARIAS EN ATLACOMULCO, ANTE 20 MIL ESPECTADORES - Expresso Metropolitano\" \/>\n<meta property=\"og:description\" content=\"MARISOL ARIAS EN ATLACOMULCO, ANTE 20 MIL ESPECTADORES\" \/>\n<meta property=\"og:url\" content=\"https:\/\/expressometro.mx\/index.php\/2023\/09\/17\/viva-mexicoviva-mexicoviva-mexico-exclamo-marisol-arias-en-atlacomulco-ante-20-mil-espectadores\/\" \/>\n<meta property=\"og:site_name\" content=\"Expresso Metropolitano\" \/>\n<meta property=\"article:published_time\" content=\"2023-09-17T13:41:46+00:00\" \/>\n<meta property=\"article:modified_time\" content=\"2023-09-20T03:01:12+00:00\" \/>\n<meta property=\"og:image\" content=\"http:\/\/expressometro.mx\/wp-content\/uploads\/2023\/09\/Atlacomulco-Marisol-Arias-Grito-de-Independencia-160923-3.jpg\" \/>\n\t<meta property=\"og:image:width\" content=\"1280\" \/>\n\t<meta property=\"og:image:height\" content=\"854\" \/>\n\t<meta property=\"og:image:type\" content=\"image\/jpeg\" \/>\n<meta name=\"author\" content=\"Expresso Metropolitano\" \/>\n<meta name=\"twitter:label1\" content=\"Escrito por\" \/>\n\t<meta name=\"twitter:data1\" content=\"Expresso Metropolitano\" \/>\n<script type=\"application\/ld+json\" class=\"yoast-schema-graph\">{\"@context\":\"https:\\\/\\\/schema.org\",\"@graph\":[{\"@type\":\"Article\",\"@id\":\"https:\\\/\\\/expressometro.mx\\\/index.php\\\/2023\\\/09\\\/17\\\/viva-mexicoviva-mexicoviva-mexico-exclamo-marisol-arias-en-atlacomulco-ante-20-mil-espectadores\\\/#article\",\"isPartOf\":{\"@id\":\"https:\\\/\\\/expressometro.mx\\\/index.php\\\/2023\\\/09\\\/17\\\/viva-mexicoviva-mexicoviva-mexico-exclamo-marisol-arias-en-atlacomulco-ante-20-mil-espectadores\\\/\"},\"author\":{\"name\":\"Expresso Metropolitano\",\"@id\":\"https:\\\/\\\/expressometro.mx\\\/#\\\/schema\\\/person\\\/efa971b4a0664db8ed5c22b1b0dd2f5d\"},\"headline\":\"\u00a1VIVA M\u00c9XICO!\u00a1VIVA M\u00c9XICO!\u00a1VIVA M\u00c9XICO! EXCLAM\u00d3 MARISOL ARIAS EN ATLACOMULCO, ANTE 20 MIL ESPECTADORES\",\"datePublished\":\"2023-09-17T13:41:46+00:00\",\"dateModified\":\"2023-09-20T03:01:12+00:00\",\"mainEntityOfPage\":{\"@id\":\"https:\\\/\\\/expressometro.mx\\\/index.php\\\/2023\\\/09\\\/17\\\/viva-mexicoviva-mexicoviva-mexico-exclamo-marisol-arias-en-atlacomulco-ante-20-mil-espectadores\\\/\"},\"wordCount\":17,\"commentCount\":0,\"publisher\":{\"@id\":\"https:\\\/\\\/expressometro.mx\\\/#organization\"},\"image\":{\"@id\":\"https:\\\/\\\/expressometro.mx\\\/index.php\\\/2023\\\/09\\\/17\\\/viva-mexicoviva-mexicoviva-mexico-exclamo-marisol-arias-en-atlacomulco-ante-20-mil-espectadores\\\/#primaryimage\"},\"thumbnailUrl\":\"https:\\\/\\\/expressometro.mx\\\/wp-content\\\/uploads\\\/2023\\\/09\\\/Atlacomulco-Marisol-Arias-Grito-de-Independencia-160923-3.jpg\",\"keywords\":[\"Edomex\",\"GEM\",\"Marisol Arias\",\"PRI\"],\"articleSection\":[\"Cultura\",\"Gobierno\",\"Otros\",\"Pol\u00edtica\"],\"inLanguage\":\"es\",\"potentialAction\":[{\"@type\":\"CommentAction\",\"name\":\"Comment\",\"target\":[\"https:\\\/\\\/expressometro.mx\\\/index.php\\\/2023\\\/09\\\/17\\\/viva-mexicoviva-mexicoviva-mexico-exclamo-marisol-arias-en-atlacomulco-ante-20-mil-espectadores\\\/#respond\"]}]},{\"@type\":\"WebPage\",\"@id\":\"https:\\\/\\\/expressometro.mx\\\/index.php\\\/2023\\\/09\\\/17\\\/viva-mexicoviva-mexicoviva-mexico-exclamo-marisol-arias-en-atlacomulco-ante-20-mil-espectadores\\\/\",\"url\":\"https:\\\/\\\/expressometro.mx\\\/index.php\\\/2023\\\/09\\\/17\\\/viva-mexicoviva-mexicoviva-mexico-exclamo-marisol-arias-en-atlacomulco-ante-20-mil-espectadores\\\/\",\"name\":\"\u00a1VIVA M\u00c9XICO!\u00a1VIVA M\u00c9XICO!\u00a1VIVA M\u00c9XICO! EXCLAM\u00d3 MARISOL ARIAS EN ATLACOMULCO, ANTE 20 MIL ESPECTADORES - Expresso Metropolitano\",\"isPartOf\":{\"@id\":\"https:\\\/\\\/expressometro.mx\\\/#website\"},\"primaryImageOfPage\":{\"@id\":\"https:\\\/\\\/expressometro.mx\\\/index.php\\\/2023\\\/09\\\/17\\\/viva-mexicoviva-mexicoviva-mexico-exclamo-marisol-arias-en-atlacomulco-ante-20-mil-espectadores\\\/#primaryimage\"},\"image\":{\"@id\":\"https:\\\/\\\/expressometro.mx\\\/index.php\\\/2023\\\/09\\\/17\\\/viva-mexicoviva-mexicoviva-mexico-exclamo-marisol-arias-en-atlacomulco-ante-20-mil-espectadores\\\/#primaryimage\"},\"thumbnailUrl\":\"https:\\\/\\\/expressometro.mx\\\/wp-content\\\/uploads\\\/2023\\\/09\\\/Atlacomulco-Marisol-Arias-Grito-de-Independencia-160923-3.jpg\",\"datePublished\":\"2023-09-17T13:41:46+00:00\",\"dateModified\":\"2023-09-20T03:01:12+00:00\",\"breadcrumb\":{\"@id\":\"https:\\\/\\\/expressometro.mx\\\/index.php\\\/2023\\\/09\\\/17\\\/viva-mexicoviva-mexicoviva-mexico-exclamo-marisol-arias-en-atlacomulco-ante-20-mil-espectadores\\\/#breadcrumb\"},\"inLanguage\":\"es\",\"potentialAction\":[{\"@type\":\"ReadAction\",\"target\":[\"https:\\\/\\\/expressometro.mx\\\/index.php\\\/2023\\\/09\\\/17\\\/viva-mexicoviva-mexicoviva-mexico-exclamo-marisol-arias-en-atlacomulco-ante-20-mil-espectadores\\\/\"]}]},{\"@type\":\"ImageObject\",\"inLanguage\":\"es\",\"@id\":\"https:\\\/\\\/expressometro.mx\\\/index.php\\\/2023\\\/09\\\/17\\\/viva-mexicoviva-mexicoviva-mexico-exclamo-marisol-arias-en-atlacomulco-ante-20-mil-espectadores\\\/#primaryimage\",\"url\":\"https:\\\/\\\/expressometro.mx\\\/wp-content\\\/uploads\\\/2023\\\/09\\\/Atlacomulco-Marisol-Arias-Grito-de-Independencia-160923-3.jpg\",\"contentUrl\":\"https:\\\/\\\/expressometro.mx\\\/wp-content\\\/uploads\\\/2023\\\/09\\\/Atlacomulco-Marisol-Arias-Grito-de-Independencia-160923-3.jpg\",\"width\":1280,\"height\":854},{\"@type\":\"BreadcrumbList\",\"@id\":\"https:\\\/\\\/expressometro.mx\\\/index.php\\\/2023\\\/09\\\/17\\\/viva-mexicoviva-mexicoviva-mexico-exclamo-marisol-arias-en-atlacomulco-ante-20-mil-espectadores\\\/#breadcrumb\",\"itemListElement\":[{\"@type\":\"ListItem\",\"position\":1,\"name\":\"Inicio\",\"item\":\"https:\\\/\\\/expressometro.mx\\\/\"},{\"@type\":\"ListItem\",\"position\":2,\"name\":\"\u00a1VIVA M\u00c9XICO!\u00a1VIVA M\u00c9XICO!\u00a1VIVA M\u00c9XICO! EXCLAM\u00d3 MARISOL ARIAS EN ATLACOMULCO, ANTE 20 MIL ESPECTADORES\"}]},{\"@type\":\"WebSite\",\"@id\":\"https:\\\/\\\/expressometro.mx\\\/#website\",\"url\":\"https:\\\/\\\/expressometro.mx\\\/\",\"name\":\"Expresso Metropolitano\",\"description\":\"Periodismo comprometido, informaci\u00f3n, investigaci\u00f3n y an\u00e1lisis\",\"publisher\":{\"@id\":\"https:\\\/\\\/expressometro.mx\\\/#organization\"},\"potentialAction\":[{\"@type\":\"SearchAction\",\"target\":{\"@type\":\"EntryPoint\",\"urlTemplate\":\"https:\\\/\\\/expressometro.mx\\\/?s={search_term_string}\"},\"query-input\":{\"@type\":\"PropertyValueSpecification\",\"valueRequired\":true,\"valueName\":\"search_term_string\"}}],\"inLanguage\":\"es\"},{\"@type\":\"Organization\",\"@id\":\"https:\\\/\\\/expressometro.mx\\\/#organization\",\"name\":\"Expresso Metropolitano\",\"url\":\"https:\\\/\\\/expressometro.mx\\\/\",\"logo\":{\"@type\":\"ImageObject\",\"inLanguage\":\"es\",\"@id\":\"https:\\\/\\\/expressometro.mx\\\/#\\\/schema\\\/logo\\\/image\\\/\",\"url\":\"https:\\\/\\\/expressometro.mx\\\/wp-content\\\/uploads\\\/2019\\\/07\\\/cropped-Logo-Expresso-Metropolitano-1-1.jpeg\",\"contentUrl\":\"https:\\\/\\\/expressometro.mx\\\/wp-content\\\/uploads\\\/2019\\\/07\\\/cropped-Logo-Expresso-Metropolitano-1-1.jpeg\",\"width\":290,\"height\":73,\"caption\":\"Expresso Metropolitano\"},\"image\":{\"@id\":\"https:\\\/\\\/expressometro.mx\\\/#\\\/schema\\\/logo\\\/image\\\/\"}},{\"@type\":\"Person\",\"@id\":\"https:\\\/\\\/expressometro.mx\\\/#\\\/schema\\\/person\\\/efa971b4a0664db8ed5c22b1b0dd2f5d\",\"name\":\"Expresso Metropolitano\",\"image\":{\"@type\":\"ImageObject\",\"inLanguage\":\"es\",\"@id\":\"https:\\\/\\\/secure.gravatar.com\\\/avatar\\\/a89f802b8de18c6952f223c88d3d106e9e3679839f4e25a02f4a6cc2ae6ba3b3?s=96&d=mm&r=g\",\"url\":\"https:\\\/\\\/secure.gravatar.com\\\/avatar\\\/a89f802b8de18c6952f223c88d3d106e9e3679839f4e25a02f4a6cc2ae6ba3b3?s=96&d=mm&r=g\",\"contentUrl\":\"https:\\\/\\\/secure.gravatar.com\\\/avatar\\\/a89f802b8de18c6952f223c88d3d106e9e3679839f4e25a02f4a6cc2ae6ba3b3?s=96&d=mm&r=g\",\"caption\":\"Expresso Metropolitano\"},\"url\":\"https:\\\/\\\/expressometro.mx\\\/index.php\\\/author\\\/diego\\\/\"}]}<\/script>\n<!-- \/ Yoast SEO plugin. -->","yoast_head_json":{"title":"\u00a1VIVA M\u00c9XICO!\u00a1VIVA M\u00c9XICO!\u00a1VIVA M\u00c9XICO! EXCLAM\u00d3 MARISOL ARIAS EN ATLACOMULCO, ANTE 20 MIL ESPECTADORES - Expresso Metropolitano","robots":{"index":"index","follow":"follow","max-snippet":"max-snippet:-1","max-image-preview":"max-image-preview:large","max-video-preview":"max-video-preview:-1"},"canonical":"https:\/\/expressometro.mx\/index.php\/2023\/09\/17\/viva-mexicoviva-mexicoviva-mexico-exclamo-marisol-arias-en-atlacomulco-ante-20-mil-espectadores\/","og_locale":"es_MX","og_type":"article","og_title":"\u00a1VIVA M\u00c9XICO!\u00a1VIVA M\u00c9XICO!\u00a1VIVA M\u00c9XICO! EXCLAM\u00d3 MARISOL ARIAS EN ATLACOMULCO, ANTE 20 MIL ESPECTADORES - Expresso Metropolitano","og_description":"MARISOL ARIAS EN ATLACOMULCO, ANTE 20 MIL ESPECTADORES","og_url":"https:\/\/expressometro.mx\/index.php\/2023\/09\/17\/viva-mexicoviva-mexicoviva-mexico-exclamo-marisol-arias-en-atlacomulco-ante-20-mil-espectadores\/","og_site_name":"Expresso Metropolitano","article_published_time":"2023-09-17T13:41:46+00:00","article_modified_time":"2023-09-20T03:01:12+00:00","og_image":[{"width":1280,"height":854,"url":"http:\/\/expressometro.mx\/wp-content\/uploads\/2023\/09\/Atlacomulco-Marisol-Arias-Grito-de-Independencia-160923-3.jpg","type":"image\/jpeg"}],"author":"Expresso Metropolitano","twitter_misc":{"Escrito por":"Expresso Metropolitano"},"schema":{"@context":"https:\/\/schema.org","@graph":[{"@type":"Article","@id":"https:\/\/expressometro.mx\/index.php\/2023\/09\/17\/viva-mexicoviva-mexicoviva-mexico-exclamo-marisol-arias-en-atlacomulco-ante-20-mil-espectadores\/#article","isPartOf":{"@id":"https:\/\/expressometro.mx\/index.php\/2023\/09\/17\/viva-mexicoviva-mexicoviva-mexico-exclamo-marisol-arias-en-atlacomulco-ante-20-mil-espectadores\/"},"author":{"name":"Expresso Metropolitano","@id":"https:\/\/expressometro.mx\/#\/schema\/person\/efa971b4a0664db8ed5c22b1b0dd2f5d"},"headline":"\u00a1VIVA M\u00c9XICO!\u00a1VIVA M\u00c9XICO!\u00a1VIVA M\u00c9XICO! EXCLAM\u00d3 MARISOL ARIAS EN ATLACOMULCO, ANTE 20 MIL ESPECTADORES","datePublished":"2023-09-17T13:41:46+00:00","dateModified":"2023-09-20T03:01:12+00:00","mainEntityOfPage":{"@id":"https:\/\/expressometro.mx\/index.php\/2023\/09\/17\/viva-mexicoviva-mexicoviva-mexico-exclamo-marisol-arias-en-atlacomulco-ante-20-mil-espectadores\/"},"wordCount":17,"commentCount":0,"publisher":{"@id":"https:\/\/expressometro.mx\/#organization"},"image":{"@id":"https:\/\/expressometro.mx\/index.php\/2023\/09\/17\/viva-mexicoviva-mexicoviva-mexico-exclamo-marisol-arias-en-atlacomulco-ante-20-mil-espectadores\/#primaryimage"},"thumbnailUrl":"https:\/\/expressometro.mx\/wp-content\/uploads\/2023\/09\/Atlacomulco-Marisol-Arias-Grito-de-Independencia-160923-3.jpg","keywords":["Edomex","GEM","Marisol Arias","PRI"],"articleSection":["Cultura","Gobierno","Otros","Pol\u00edtica"],"inLanguage":"es","potentialAction":[{"@type":"CommentAction","name":"Comment","target":["https:\/\/expressometro.mx\/index.php\/2023\/09\/17\/viva-mexicoviva-mexicoviva-mexico-exclamo-marisol-arias-en-atlacomulco-ante-20-mil-espectadores\/#respond"]}]},{"@type":"WebPage","@id":"https:\/\/expressometro.mx\/index.php\/2023\/09\/17\/viva-mexicoviva-mexicoviva-mexico-exclamo-marisol-arias-en-atlacomulco-ante-20-mil-espectadores\/","url":"https:\/\/expressometro.mx\/index.php\/2023\/09\/17\/viva-mexicoviva-mexicoviva-mexico-exclamo-marisol-arias-en-atlacomulco-ante-20-mil-espectadores\/","name":"\u00a1VIVA M\u00c9XICO!\u00a1VIVA M\u00c9XICO!\u00a1VIVA M\u00c9XICO! EXCLAM\u00d3 MARISOL ARIAS EN ATLACOMULCO, ANTE 20 MIL ESPECTADORES - Expresso Metropolitano","isPartOf":{"@id":"https:\/\/expressometro.mx\/#website"},"primaryImageOfPage":{"@id":"https:\/\/expressometro.mx\/index.php\/2023\/09\/17\/viva-mexicoviva-mexicoviva-mexico-exclamo-marisol-arias-en-atlacomulco-ante-20-mil-espectadores\/#primaryimage"},"image":{"@id":"https:\/\/expressometro.mx\/index.php\/2023\/09\/17\/viva-mexicoviva-mexicoviva-mexico-exclamo-marisol-arias-en-atlacomulco-ante-20-mil-espectadores\/#primaryimage"},"thumbnailUrl":"https:\/\/expressometro.mx\/wp-content\/uploads\/2023\/09\/Atlacomulco-Marisol-Arias-Grito-de-Independencia-160923-3.jpg","datePublished":"2023-09-17T13:41:46+00:00","dateModified":"2023-09-20T03:01:12+00:00","breadcrumb":{"@id":"https:\/\/expressometro.mx\/index.php\/2023\/09\/17\/viva-mexicoviva-mexicoviva-mexico-exclamo-marisol-arias-en-atlacomulco-ante-20-mil-espectadores\/#breadcrumb"},"inLanguage":"es","potentialAction":[{"@type":"ReadAction","target":["https:\/\/expressometro.mx\/index.php\/2023\/09\/17\/viva-mexicoviva-mexicoviva-mexico-exclamo-marisol-arias-en-atlacomulco-ante-20-mil-espectadores\/"]}]},{"@type":"ImageObject","inLanguage":"es","@id":"https:\/\/expressometro.mx\/index.php\/2023\/09\/17\/viva-mexicoviva-mexicoviva-mexico-exclamo-marisol-arias-en-atlacomulco-ante-20-mil-espectadores\/#primaryimage","url":"https:\/\/expressometro.mx\/wp-content\/uploads\/2023\/09\/Atlacomulco-Marisol-Arias-Grito-de-Independencia-160923-3.jpg","contentUrl":"https:\/\/expressometro.mx\/wp-content\/uploads\/2023\/09\/Atlacomulco-Marisol-Arias-Grito-de-Independencia-160923-3.jpg","width":1280,"height":854},{"@type":"BreadcrumbList","@id":"https:\/\/expressometro.mx\/index.php\/2023\/09\/17\/viva-mexicoviva-mexicoviva-mexico-exclamo-marisol-arias-en-atlacomulco-ante-20-mil-espectadores\/#breadcrumb","itemListElement":[{"@type":"ListItem","position":1,"name":"Inicio","item":"https:\/\/expressometro.mx\/"},{"@type":"ListItem","position":2,"name":"\u00a1VIVA M\u00c9XICO!\u00a1VIVA M\u00c9XICO!\u00a1VIVA M\u00c9XICO! EXCLAM\u00d3 MARISOL ARIAS EN ATLACOMULCO, ANTE 20 MIL ESPECTADORES"}]},{"@type":"WebSite","@id":"https:\/\/expressometro.mx\/#website","url":"https:\/\/expressometro.mx\/","name":"Expresso Metropolitano","description":"Periodismo comprometido, informaci\u00f3n, investigaci\u00f3n y an\u00e1lisis","publisher":{"@id":"https:\/\/expressometro.mx\/#organization"},"potentialAction":[{"@type":"SearchAction","target":{"@type":"EntryPoint","urlTemplate":"https:\/\/expressometro.mx\/?s={search_term_string}"},"query-input":{"@type":"PropertyValueSpecification","valueRequired":true,"valueName":"search_term_string"}}],"inLanguage":"es"},{"@type":"Organization","@id":"https:\/\/expressometro.mx\/#organization","name":"Expresso Metropolitano","url":"https:\/\/expressometro.mx\/","logo":{"@type":"ImageObject","inLanguage":"es","@id":"https:\/\/expressometro.mx\/#\/schema\/logo\/image\/","url":"https:\/\/expressometro.mx\/wp-content\/uploads\/2019\/07\/cropped-Logo-Expresso-Metropolitano-1-1.jpeg","contentUrl":"https:\/\/expressometro.mx\/wp-content\/uploads\/2019\/07\/cropped-Logo-Expresso-Metropolitano-1-1.jpeg","width":290,"height":73,"caption":"Expresso Metropolitano"},"image":{"@id":"https:\/\/expressometro.mx\/#\/schema\/logo\/image\/"}},{"@type":"Person","@id":"https:\/\/expressometro.mx\/#\/schema\/person\/efa971b4a0664db8ed5c22b1b0dd2f5d","name":"Expresso Metropolitano","image":{"@type":"ImageObject","inLanguage":"es","@id":"https:\/\/secure.gravatar.com\/avatar\/a89f802b8de18c6952f223c88d3d106e9e3679839f4e25a02f4a6cc2ae6ba3b3?s=96&d=mm&r=g","url":"https:\/\/secure.gravatar.com\/avatar\/a89f802b8de18c6952f223c88d3d106e9e3679839f4e25a02f4a6cc2ae6ba3b3?s=96&d=mm&r=g","contentUrl":"https:\/\/secure.gravatar.com\/avatar\/a89f802b8de18c6952f223c88d3d106e9e3679839f4e25a02f4a6cc2ae6ba3b3?s=96&d=mm&r=g","caption":"Expresso Metropolitano"},"url":"https:\/\/expressometro.mx\/index.php\/author\/diego\/"}]}},"amp_enabled":true,"_links":{"self":[{"href":"https:\/\/expressometro.mx\/index.php\/wp-json\/wp\/v2\/posts\/7913","targetHints":{"allow":["GET"]}}],"collection":[{"href":"https:\/\/expressometro.mx\/index.php\/wp-json\/wp\/v2\/posts"}],"about":[{"href":"https:\/\/expressometro.mx\/index.php\/wp-json\/wp\/v2\/types\/post"}],"author":[{"embeddable":true,"href":"https:\/\/expressometro.mx\/index.php\/wp-json\/wp\/v2\/users\/1"}],"replies":[{"embeddable":true,"href":"https:\/\/expressometro.mx\/index.php\/wp-json\/wp\/v2\/comments?post=7913"}],"version-history":[{"count":1,"href":"https:\/\/expressometro.mx\/index.php\/wp-json\/wp\/v2\/posts\/7913\/revisions"}],"predecessor-version":[{"id":7916,"href":"https:\/\/expressometro.mx\/index.php\/wp-json\/wp\/v2\/posts\/7913\/revisions\/7916"}],"wp:featuredmedia":[{"embeddable":true,"href":"https:\/\/expressometro.mx\/index.php\/wp-json\/wp\/v2\/media\/7915"}],"wp:attachment":[{"href":"https:\/\/expressometro.mx\/index.php\/wp-json\/wp\/v2\/media?parent=7913"}],"wp:term":[{"taxonomy":"category","embeddable":true,"href":"https:\/\/expressometro.mx\/index.php\/wp-json\/wp\/v2\/categories?post=7913"},{"taxonomy":"post_tag","embeddable":true,"href":"https:\/\/expressometro.mx\/index.php\/wp-json\/wp\/v2\/tags?post=7913"}],"curies":[{"name":"wp","href":"https:\/\/api.w.org\/{rel}","templated":true}]}}