{"id":791,"date":"2019-09-25T22:00:26","date_gmt":"2019-09-26T03:00:26","guid":{"rendered":"http:\/\/expressometro.mx\/?p=791"},"modified":"2019-09-25T22:00:27","modified_gmt":"2019-09-26T03:00:27","slug":"descarta-isem-riesgo-sanitario-en-hospital-general-jose-maria-rodriguez-tras-inundacion-caem-continua-con-la-desinfeccion-de-338-viviendas-afectadas","status":"publish","type":"post","link":"https:\/\/expressometro.mx\/index.php\/2019\/09\/25\/descarta-isem-riesgo-sanitario-en-hospital-general-jose-maria-rodriguez-tras-inundacion-caem-continua-con-la-desinfeccion-de-338-viviendas-afectadas\/","title":{"rendered":"DESCARTA ISEM RIESGO SANITARIO EN HOSPITAL GENERAL \u201cJOS\u00c9 MAR\u00cdA RODR\u00cdGUEZ\u201d TRAS INUNDACI\u00d3N; CAEM CONTIN\u00daA CON LA DESINFECCI\u00d3N DE 338 VIVIENDAS AFECTADAS"},"content":{"rendered":"\n<p>Respecto a la inundaci\u00f3n registrada ayer en el Hospital General de Ecatepec \u201cDr. Jos\u00e9 Mar\u00eda Rodr\u00edguez\u201d, el Instituto de Salud del Estado de M\u00e9xico (ISEM) informa que despu\u00e9s de las labores de sanitizaci\u00f3n, el d\u00eda de hoy laboran normalmente los servicios de Consulta externa, Laboratorio, Rayos X, y Comedor, y se\u00f1ala que, adem\u00e1s, se contin\u00faa con los trabajos de desinfecci\u00f3n, por lo que est\u00e1 totalmente descartada la posibilidad de alg\u00fan tipo de riesgo sanitario.<br><\/p>\n\n\n\n<p>Las tareas de limpieza se llevan a cabo con el apoyo de personal de Protecci\u00f3n Civil, Bomberos del Ayuntamiento de Ecatepec, Ej\u00e9rcito mexicano, la Comisi\u00f3n de Agua del Estado de M\u00e9xico (CAEM) y la Comisi\u00f3n para la Protecci\u00f3n contra Riesgos Sanitarios de la entidad (Coprisem).<\/p>\n\n\n\n<p>Se prev\u00e9 que el resto de \u00e1reas afectadas, que son Hospitalizaci\u00f3n, Medicina interna, Pediatr\u00eda, Ginecobstetricia, Urgencias y Tococirug\u00eda, operen con normalidad en el transcurso de este mi\u00e9rcoles.<\/p>\n\n\n\n<p>Ning\u00fan paciente result\u00f3 afectado, pero con el fin de preservar su total integridad, fue necesario trasladar a 36 personas que se encontraban hospitalizadas a otras unidades m\u00e9dicas, para lo cual se cont\u00f3 con el apoyo de los Hospitales Generales \u201cLa Perla\u201d, de Nezahualc\u00f3yotl, \u201cDr. Salvador Gonz\u00e1lez Herrej\u00f3n\u201d, de Atizap\u00e1n de Zaragoza, \u201cLas Am\u00e9ricas\u201d, de Ecatepec, e ISSEMyM de la regi\u00f3n.<\/p>\n\n\n\n<p>Por su parte, la CAEM contin\u00faa con los trabajos de limpieza y desinfecci\u00f3n en las 338 viviendas afectadas en cinco colonias de Ecatepec: Alborada de Arag\u00f3n Primera Secci\u00f3n, Rinconada de Arag\u00f3n, Granjas Valle de Guadalupe, Arboledas de Arag\u00f3n y Valle de Arag\u00f3n Tercera Secci\u00f3n.<\/p>\n\n\n\n<p>Con un equipo de trabajo de 60 elementos de las Brigadas de Agua Limpia, 20 bombas de achique de dos pulgadas, cinco hidroneum\u00e1ticos y seis camiones cisterna, se apoya a las familias de las cinco colonias afectadas.<\/p>\n\n\n\n<p>La Comisi\u00f3n dio a conocer que la lluvia intensa de ayer, concentrada en los l\u00edmites de Ecatepec y parte de la alcald\u00eda Gustavo A. Madero, alcanz\u00f3 54 mil\u00edmetros por segundo.<\/p>\n\n\n\n<p>Las cuadrillas de trabajadores contin\u00faan apoyando al municipio con el sondeo y desazolve de sus redes de drenaje.&nbsp;<\/p>\n","protected":false},"excerpt":{"rendered":"<p>Respecto a la inundaci\u00f3n registrada ayer en el Hospital General de Ecatepec \u201cDr. Jos\u00e9 Mar\u00eda Rodr\u00edguez\u201d, el Instituto de Salud del Estado de M\u00e9xico (ISEM) informa que despu\u00e9s de las labores de sanitizaci\u00f3n, el d\u00eda de hoy laboran normalmente los servicios de Consulta externa, Laboratorio, Rayos X, y Comedor, y se\u00f1ala que, adem\u00e1s, se contin\u00faa con los trabajos de desinfecci\u00f3n, por lo que est\u00e1 totalmente descartada la posibilidad de alg\u00fan tipo de riesgo sanitario. Las tareas de limpieza se llevan a cabo con el apoyo de personal de Protecci\u00f3n Civil,&hellip;<\/p>\n","protected":false},"author":1,"featured_media":792,"comment_status":"open","ping_status":"open","sticky":false,"template":"","format":"standard","meta":{"footnotes":""},"categories":[5,6],"tags":[],"class_list":["post-791","post","type-post","status-publish","format-standard","has-post-thumbnail","hentry","category-salud","category-seguridad"],"yoast_head":"<!-- This site is optimized with the Yoast SEO plugin v27.5 - https:\/\/yoast.com\/product\/yoast-seo-wordpress\/ -->\n<title>DESCARTA ISEM RIESGO SANITARIO EN HOSPITAL GENERAL \u201cJOS\u00c9 MAR\u00cdA RODR\u00cdGUEZ\u201d TRAS INUNDACI\u00d3N; CAEM CONTIN\u00daA CON LA DESINFECCI\u00d3N DE 338 VIVIENDAS AFECTADAS - Expresso Metropolitano<\/title>\n<meta name=\"robots\" content=\"index, follow, max-snippet:-1, max-image-preview:large, max-video-preview:-1\" \/>\n<link rel=\"canonical\" href=\"https:\/\/expressometro.mx\/index.php\/2019\/09\/25\/descarta-isem-riesgo-sanitario-en-hospital-general-jose-maria-rodriguez-tras-inundacion-caem-continua-con-la-desinfeccion-de-338-viviendas-afectadas\/\" \/>\n<meta property=\"og:locale\" content=\"es_MX\" \/>\n<meta property=\"og:type\" content=\"article\" \/>\n<meta property=\"og:title\" content=\"DESCARTA ISEM RIESGO SANITARIO EN HOSPITAL GENERAL \u201cJOS\u00c9 MAR\u00cdA RODR\u00cdGUEZ\u201d TRAS INUNDACI\u00d3N; CAEM CONTIN\u00daA CON LA DESINFECCI\u00d3N DE 338 VIVIENDAS AFECTADAS - Expresso Metropolitano\" \/>\n<meta property=\"og:description\" content=\"Respecto a la inundaci\u00f3n registrada ayer en el Hospital General de Ecatepec \u201cDr. Jos\u00e9 Mar\u00eda Rodr\u00edguez\u201d, el Instituto de Salud del Estado de M\u00e9xico (ISEM) informa que despu\u00e9s de las labores de sanitizaci\u00f3n, el d\u00eda de hoy laboran normalmente los servicios de Consulta externa, Laboratorio, Rayos X, y Comedor, y se\u00f1ala que, adem\u00e1s, se contin\u00faa con los trabajos de desinfecci\u00f3n, por lo que est\u00e1 totalmente descartada la posibilidad de alg\u00fan tipo de riesgo sanitario. Las tareas de limpieza se llevan a cabo con el apoyo de personal de Protecci\u00f3n Civil,&hellip;\" \/>\n<meta property=\"og:url\" content=\"https:\/\/expressometro.mx\/index.php\/2019\/09\/25\/descarta-isem-riesgo-sanitario-en-hospital-general-jose-maria-rodriguez-tras-inundacion-caem-continua-con-la-desinfeccion-de-338-viviendas-afectadas\/\" \/>\n<meta property=\"og:site_name\" content=\"Expresso Metropolitano\" \/>\n<meta property=\"article:published_time\" content=\"2019-09-26T03:00:26+00:00\" \/>\n<meta property=\"article:modified_time\" content=\"2019-09-26T03:00:27+00:00\" \/>\n<meta property=\"og:image\" content=\"https:\/\/expressometro.mx\/wp-content\/uploads\/2019\/09\/w2_9413_6.jpg\" \/>\n\t<meta property=\"og:image:width\" content=\"780\" \/>\n\t<meta property=\"og:image:height\" content=\"1040\" \/>\n\t<meta property=\"og:image:type\" content=\"image\/jpeg\" \/>\n<meta name=\"author\" content=\"Expresso Metropolitano\" \/>\n<meta name=\"twitter:label1\" content=\"Escrito por\" \/>\n\t<meta name=\"twitter:data1\" content=\"Expresso Metropolitano\" \/>\n\t<meta name=\"twitter:label2\" content=\"Tiempo de lectura\" \/>\n\t<meta name=\"twitter:data2\" content=\"2 minutos\" \/>\n<script type=\"application\/ld+json\" class=\"yoast-schema-graph\">{\"@context\":\"https:\\\/\\\/schema.org\",\"@graph\":[{\"@type\":\"Article\",\"@id\":\"https:\\\/\\\/expressometro.mx\\\/index.php\\\/2019\\\/09\\\/25\\\/descarta-isem-riesgo-sanitario-en-hospital-general-jose-maria-rodriguez-tras-inundacion-caem-continua-con-la-desinfeccion-de-338-viviendas-afectadas\\\/#article\",\"isPartOf\":{\"@id\":\"https:\\\/\\\/expressometro.mx\\\/index.php\\\/2019\\\/09\\\/25\\\/descarta-isem-riesgo-sanitario-en-hospital-general-jose-maria-rodriguez-tras-inundacion-caem-continua-con-la-desinfeccion-de-338-viviendas-afectadas\\\/\"},\"author\":{\"name\":\"Expresso Metropolitano\",\"@id\":\"https:\\\/\\\/expressometro.mx\\\/#\\\/schema\\\/person\\\/efa971b4a0664db8ed5c22b1b0dd2f5d\"},\"headline\":\"DESCARTA ISEM RIESGO SANITARIO EN HOSPITAL GENERAL \u201cJOS\u00c9 MAR\u00cdA RODR\u00cdGUEZ\u201d TRAS INUNDACI\u00d3N; CAEM CONTIN\u00daA CON LA DESINFECCI\u00d3N DE 338 VIVIENDAS AFECTADAS\",\"datePublished\":\"2019-09-26T03:00:26+00:00\",\"dateModified\":\"2019-09-26T03:00:27+00:00\",\"mainEntityOfPage\":{\"@id\":\"https:\\\/\\\/expressometro.mx\\\/index.php\\\/2019\\\/09\\\/25\\\/descarta-isem-riesgo-sanitario-en-hospital-general-jose-maria-rodriguez-tras-inundacion-caem-continua-con-la-desinfeccion-de-338-viviendas-afectadas\\\/\"},\"wordCount\":400,\"commentCount\":0,\"publisher\":{\"@id\":\"https:\\\/\\\/expressometro.mx\\\/#organization\"},\"image\":{\"@id\":\"https:\\\/\\\/expressometro.mx\\\/index.php\\\/2019\\\/09\\\/25\\\/descarta-isem-riesgo-sanitario-en-hospital-general-jose-maria-rodriguez-tras-inundacion-caem-continua-con-la-desinfeccion-de-338-viviendas-afectadas\\\/#primaryimage\"},\"thumbnailUrl\":\"https:\\\/\\\/expressometro.mx\\\/wp-content\\\/uploads\\\/2019\\\/09\\\/w2_9413_6.jpg\",\"articleSection\":[\"Salud\",\"Seguridad\"],\"inLanguage\":\"es\",\"potentialAction\":[{\"@type\":\"CommentAction\",\"name\":\"Comment\",\"target\":[\"https:\\\/\\\/expressometro.mx\\\/index.php\\\/2019\\\/09\\\/25\\\/descarta-isem-riesgo-sanitario-en-hospital-general-jose-maria-rodriguez-tras-inundacion-caem-continua-con-la-desinfeccion-de-338-viviendas-afectadas\\\/#respond\"]}]},{\"@type\":\"WebPage\",\"@id\":\"https:\\\/\\\/expressometro.mx\\\/index.php\\\/2019\\\/09\\\/25\\\/descarta-isem-riesgo-sanitario-en-hospital-general-jose-maria-rodriguez-tras-inundacion-caem-continua-con-la-desinfeccion-de-338-viviendas-afectadas\\\/\",\"url\":\"https:\\\/\\\/expressometro.mx\\\/index.php\\\/2019\\\/09\\\/25\\\/descarta-isem-riesgo-sanitario-en-hospital-general-jose-maria-rodriguez-tras-inundacion-caem-continua-con-la-desinfeccion-de-338-viviendas-afectadas\\\/\",\"name\":\"DESCARTA ISEM RIESGO SANITARIO EN HOSPITAL GENERAL \u201cJOS\u00c9 MAR\u00cdA RODR\u00cdGUEZ\u201d TRAS INUNDACI\u00d3N; CAEM CONTIN\u00daA CON LA DESINFECCI\u00d3N DE 338 VIVIENDAS AFECTADAS - Expresso Metropolitano\",\"isPartOf\":{\"@id\":\"https:\\\/\\\/expressometro.mx\\\/#website\"},\"primaryImageOfPage\":{\"@id\":\"https:\\\/\\\/expressometro.mx\\\/index.php\\\/2019\\\/09\\\/25\\\/descarta-isem-riesgo-sanitario-en-hospital-general-jose-maria-rodriguez-tras-inundacion-caem-continua-con-la-desinfeccion-de-338-viviendas-afectadas\\\/#primaryimage\"},\"image\":{\"@id\":\"https:\\\/\\\/expressometro.mx\\\/index.php\\\/2019\\\/09\\\/25\\\/descarta-isem-riesgo-sanitario-en-hospital-general-jose-maria-rodriguez-tras-inundacion-caem-continua-con-la-desinfeccion-de-338-viviendas-afectadas\\\/#primaryimage\"},\"thumbnailUrl\":\"https:\\\/\\\/expressometro.mx\\\/wp-content\\\/uploads\\\/2019\\\/09\\\/w2_9413_6.jpg\",\"datePublished\":\"2019-09-26T03:00:26+00:00\",\"dateModified\":\"2019-09-26T03:00:27+00:00\",\"breadcrumb\":{\"@id\":\"https:\\\/\\\/expressometro.mx\\\/index.php\\\/2019\\\/09\\\/25\\\/descarta-isem-riesgo-sanitario-en-hospital-general-jose-maria-rodriguez-tras-inundacion-caem-continua-con-la-desinfeccion-de-338-viviendas-afectadas\\\/#breadcrumb\"},\"inLanguage\":\"es\",\"potentialAction\":[{\"@type\":\"ReadAction\",\"target\":[\"https:\\\/\\\/expressometro.mx\\\/index.php\\\/2019\\\/09\\\/25\\\/descarta-isem-riesgo-sanitario-en-hospital-general-jose-maria-rodriguez-tras-inundacion-caem-continua-con-la-desinfeccion-de-338-viviendas-afectadas\\\/\"]}]},{\"@type\":\"ImageObject\",\"inLanguage\":\"es\",\"@id\":\"https:\\\/\\\/expressometro.mx\\\/index.php\\\/2019\\\/09\\\/25\\\/descarta-isem-riesgo-sanitario-en-hospital-general-jose-maria-rodriguez-tras-inundacion-caem-continua-con-la-desinfeccion-de-338-viviendas-afectadas\\\/#primaryimage\",\"url\":\"https:\\\/\\\/expressometro.mx\\\/wp-content\\\/uploads\\\/2019\\\/09\\\/w2_9413_6.jpg\",\"contentUrl\":\"https:\\\/\\\/expressometro.mx\\\/wp-content\\\/uploads\\\/2019\\\/09\\\/w2_9413_6.jpg\",\"width\":780,\"height\":1040},{\"@type\":\"BreadcrumbList\",\"@id\":\"https:\\\/\\\/expressometro.mx\\\/index.php\\\/2019\\\/09\\\/25\\\/descarta-isem-riesgo-sanitario-en-hospital-general-jose-maria-rodriguez-tras-inundacion-caem-continua-con-la-desinfeccion-de-338-viviendas-afectadas\\\/#breadcrumb\",\"itemListElement\":[{\"@type\":\"ListItem\",\"position\":1,\"name\":\"Inicio\",\"item\":\"https:\\\/\\\/expressometro.mx\\\/\"},{\"@type\":\"ListItem\",\"position\":2,\"name\":\"DESCARTA ISEM RIESGO SANITARIO EN HOSPITAL GENERAL \u201cJOS\u00c9 MAR\u00cdA RODR\u00cdGUEZ\u201d TRAS INUNDACI\u00d3N; CAEM CONTIN\u00daA CON LA DESINFECCI\u00d3N DE 338 VIVIENDAS AFECTADAS\"}]},{\"@type\":\"WebSite\",\"@id\":\"https:\\\/\\\/expressometro.mx\\\/#website\",\"url\":\"https:\\\/\\\/expressometro.mx\\\/\",\"name\":\"Expresso Metropolitano\",\"description\":\"Periodismo comprometido, informaci\u00f3n, investigaci\u00f3n y an\u00e1lisis\",\"publisher\":{\"@id\":\"https:\\\/\\\/expressometro.mx\\\/#organization\"},\"potentialAction\":[{\"@type\":\"SearchAction\",\"target\":{\"@type\":\"EntryPoint\",\"urlTemplate\":\"https:\\\/\\\/expressometro.mx\\\/?s={search_term_string}\"},\"query-input\":{\"@type\":\"PropertyValueSpecification\",\"valueRequired\":true,\"valueName\":\"search_term_string\"}}],\"inLanguage\":\"es\"},{\"@type\":\"Organization\",\"@id\":\"https:\\\/\\\/expressometro.mx\\\/#organization\",\"name\":\"Expresso Metropolitano\",\"url\":\"https:\\\/\\\/expressometro.mx\\\/\",\"logo\":{\"@type\":\"ImageObject\",\"inLanguage\":\"es\",\"@id\":\"https:\\\/\\\/expressometro.mx\\\/#\\\/schema\\\/logo\\\/image\\\/\",\"url\":\"https:\\\/\\\/expressometro.mx\\\/wp-content\\\/uploads\\\/2019\\\/07\\\/cropped-Logo-Expresso-Metropolitano-1-1.jpeg\",\"contentUrl\":\"https:\\\/\\\/expressometro.mx\\\/wp-content\\\/uploads\\\/2019\\\/07\\\/cropped-Logo-Expresso-Metropolitano-1-1.jpeg\",\"width\":290,\"height\":73,\"caption\":\"Expresso Metropolitano\"},\"image\":{\"@id\":\"https:\\\/\\\/expressometro.mx\\\/#\\\/schema\\\/logo\\\/image\\\/\"}},{\"@type\":\"Person\",\"@id\":\"https:\\\/\\\/expressometro.mx\\\/#\\\/schema\\\/person\\\/efa971b4a0664db8ed5c22b1b0dd2f5d\",\"name\":\"Expresso Metropolitano\",\"image\":{\"@type\":\"ImageObject\",\"inLanguage\":\"es\",\"@id\":\"https:\\\/\\\/secure.gravatar.com\\\/avatar\\\/a89f802b8de18c6952f223c88d3d106e9e3679839f4e25a02f4a6cc2ae6ba3b3?s=96&d=mm&r=g\",\"url\":\"https:\\\/\\\/secure.gravatar.com\\\/avatar\\\/a89f802b8de18c6952f223c88d3d106e9e3679839f4e25a02f4a6cc2ae6ba3b3?s=96&d=mm&r=g\",\"contentUrl\":\"https:\\\/\\\/secure.gravatar.com\\\/avatar\\\/a89f802b8de18c6952f223c88d3d106e9e3679839f4e25a02f4a6cc2ae6ba3b3?s=96&d=mm&r=g\",\"caption\":\"Expresso Metropolitano\"},\"url\":\"https:\\\/\\\/expressometro.mx\\\/index.php\\\/author\\\/diego\\\/\"}]}<\/script>\n<!-- \/ Yoast SEO plugin. -->","yoast_head_json":{"title":"DESCARTA ISEM RIESGO SANITARIO EN HOSPITAL GENERAL \u201cJOS\u00c9 MAR\u00cdA RODR\u00cdGUEZ\u201d TRAS INUNDACI\u00d3N; CAEM CONTIN\u00daA CON LA DESINFECCI\u00d3N DE 338 VIVIENDAS AFECTADAS - Expresso Metropolitano","robots":{"index":"index","follow":"follow","max-snippet":"max-snippet:-1","max-image-preview":"max-image-preview:large","max-video-preview":"max-video-preview:-1"},"canonical":"https:\/\/expressometro.mx\/index.php\/2019\/09\/25\/descarta-isem-riesgo-sanitario-en-hospital-general-jose-maria-rodriguez-tras-inundacion-caem-continua-con-la-desinfeccion-de-338-viviendas-afectadas\/","og_locale":"es_MX","og_type":"article","og_title":"DESCARTA ISEM RIESGO SANITARIO EN HOSPITAL GENERAL \u201cJOS\u00c9 MAR\u00cdA RODR\u00cdGUEZ\u201d TRAS INUNDACI\u00d3N; CAEM CONTIN\u00daA CON LA DESINFECCI\u00d3N DE 338 VIVIENDAS AFECTADAS - Expresso Metropolitano","og_description":"Respecto a la inundaci\u00f3n registrada ayer en el Hospital General de Ecatepec \u201cDr. Jos\u00e9 Mar\u00eda Rodr\u00edguez\u201d, el Instituto de Salud del Estado de M\u00e9xico (ISEM) informa que despu\u00e9s de las labores de sanitizaci\u00f3n, el d\u00eda de hoy laboran normalmente los servicios de Consulta externa, Laboratorio, Rayos X, y Comedor, y se\u00f1ala que, adem\u00e1s, se contin\u00faa con los trabajos de desinfecci\u00f3n, por lo que est\u00e1 totalmente descartada la posibilidad de alg\u00fan tipo de riesgo sanitario. Las tareas de limpieza se llevan a cabo con el apoyo de personal de Protecci\u00f3n Civil,&hellip;","og_url":"https:\/\/expressometro.mx\/index.php\/2019\/09\/25\/descarta-isem-riesgo-sanitario-en-hospital-general-jose-maria-rodriguez-tras-inundacion-caem-continua-con-la-desinfeccion-de-338-viviendas-afectadas\/","og_site_name":"Expresso Metropolitano","article_published_time":"2019-09-26T03:00:26+00:00","article_modified_time":"2019-09-26T03:00:27+00:00","og_image":[{"width":780,"height":1040,"url":"https:\/\/expressometro.mx\/wp-content\/uploads\/2019\/09\/w2_9413_6.jpg","type":"image\/jpeg"}],"author":"Expresso Metropolitano","twitter_misc":{"Escrito por":"Expresso Metropolitano","Tiempo de lectura":"2 minutos"},"schema":{"@context":"https:\/\/schema.org","@graph":[{"@type":"Article","@id":"https:\/\/expressometro.mx\/index.php\/2019\/09\/25\/descarta-isem-riesgo-sanitario-en-hospital-general-jose-maria-rodriguez-tras-inundacion-caem-continua-con-la-desinfeccion-de-338-viviendas-afectadas\/#article","isPartOf":{"@id":"https:\/\/expressometro.mx\/index.php\/2019\/09\/25\/descarta-isem-riesgo-sanitario-en-hospital-general-jose-maria-rodriguez-tras-inundacion-caem-continua-con-la-desinfeccion-de-338-viviendas-afectadas\/"},"author":{"name":"Expresso Metropolitano","@id":"https:\/\/expressometro.mx\/#\/schema\/person\/efa971b4a0664db8ed5c22b1b0dd2f5d"},"headline":"DESCARTA ISEM RIESGO SANITARIO EN HOSPITAL GENERAL \u201cJOS\u00c9 MAR\u00cdA RODR\u00cdGUEZ\u201d TRAS INUNDACI\u00d3N; CAEM CONTIN\u00daA CON LA DESINFECCI\u00d3N DE 338 VIVIENDAS AFECTADAS","datePublished":"2019-09-26T03:00:26+00:00","dateModified":"2019-09-26T03:00:27+00:00","mainEntityOfPage":{"@id":"https:\/\/expressometro.mx\/index.php\/2019\/09\/25\/descarta-isem-riesgo-sanitario-en-hospital-general-jose-maria-rodriguez-tras-inundacion-caem-continua-con-la-desinfeccion-de-338-viviendas-afectadas\/"},"wordCount":400,"commentCount":0,"publisher":{"@id":"https:\/\/expressometro.mx\/#organization"},"image":{"@id":"https:\/\/expressometro.mx\/index.php\/2019\/09\/25\/descarta-isem-riesgo-sanitario-en-hospital-general-jose-maria-rodriguez-tras-inundacion-caem-continua-con-la-desinfeccion-de-338-viviendas-afectadas\/#primaryimage"},"thumbnailUrl":"https:\/\/expressometro.mx\/wp-content\/uploads\/2019\/09\/w2_9413_6.jpg","articleSection":["Salud","Seguridad"],"inLanguage":"es","potentialAction":[{"@type":"CommentAction","name":"Comment","target":["https:\/\/expressometro.mx\/index.php\/2019\/09\/25\/descarta-isem-riesgo-sanitario-en-hospital-general-jose-maria-rodriguez-tras-inundacion-caem-continua-con-la-desinfeccion-de-338-viviendas-afectadas\/#respond"]}]},{"@type":"WebPage","@id":"https:\/\/expressometro.mx\/index.php\/2019\/09\/25\/descarta-isem-riesgo-sanitario-en-hospital-general-jose-maria-rodriguez-tras-inundacion-caem-continua-con-la-desinfeccion-de-338-viviendas-afectadas\/","url":"https:\/\/expressometro.mx\/index.php\/2019\/09\/25\/descarta-isem-riesgo-sanitario-en-hospital-general-jose-maria-rodriguez-tras-inundacion-caem-continua-con-la-desinfeccion-de-338-viviendas-afectadas\/","name":"DESCARTA ISEM RIESGO SANITARIO EN HOSPITAL GENERAL \u201cJOS\u00c9 MAR\u00cdA RODR\u00cdGUEZ\u201d TRAS INUNDACI\u00d3N; CAEM CONTIN\u00daA CON LA DESINFECCI\u00d3N DE 338 VIVIENDAS AFECTADAS - Expresso Metropolitano","isPartOf":{"@id":"https:\/\/expressometro.mx\/#website"},"primaryImageOfPage":{"@id":"https:\/\/expressometro.mx\/index.php\/2019\/09\/25\/descarta-isem-riesgo-sanitario-en-hospital-general-jose-maria-rodriguez-tras-inundacion-caem-continua-con-la-desinfeccion-de-338-viviendas-afectadas\/#primaryimage"},"image":{"@id":"https:\/\/expressometro.mx\/index.php\/2019\/09\/25\/descarta-isem-riesgo-sanitario-en-hospital-general-jose-maria-rodriguez-tras-inundacion-caem-continua-con-la-desinfeccion-de-338-viviendas-afectadas\/#primaryimage"},"thumbnailUrl":"https:\/\/expressometro.mx\/wp-content\/uploads\/2019\/09\/w2_9413_6.jpg","datePublished":"2019-09-26T03:00:26+00:00","dateModified":"2019-09-26T03:00:27+00:00","breadcrumb":{"@id":"https:\/\/expressometro.mx\/index.php\/2019\/09\/25\/descarta-isem-riesgo-sanitario-en-hospital-general-jose-maria-rodriguez-tras-inundacion-caem-continua-con-la-desinfeccion-de-338-viviendas-afectadas\/#breadcrumb"},"inLanguage":"es","potentialAction":[{"@type":"ReadAction","target":["https:\/\/expressometro.mx\/index.php\/2019\/09\/25\/descarta-isem-riesgo-sanitario-en-hospital-general-jose-maria-rodriguez-tras-inundacion-caem-continua-con-la-desinfeccion-de-338-viviendas-afectadas\/"]}]},{"@type":"ImageObject","inLanguage":"es","@id":"https:\/\/expressometro.mx\/index.php\/2019\/09\/25\/descarta-isem-riesgo-sanitario-en-hospital-general-jose-maria-rodriguez-tras-inundacion-caem-continua-con-la-desinfeccion-de-338-viviendas-afectadas\/#primaryimage","url":"https:\/\/expressometro.mx\/wp-content\/uploads\/2019\/09\/w2_9413_6.jpg","contentUrl":"https:\/\/expressometro.mx\/wp-content\/uploads\/2019\/09\/w2_9413_6.jpg","width":780,"height":1040},{"@type":"BreadcrumbList","@id":"https:\/\/expressometro.mx\/index.php\/2019\/09\/25\/descarta-isem-riesgo-sanitario-en-hospital-general-jose-maria-rodriguez-tras-inundacion-caem-continua-con-la-desinfeccion-de-338-viviendas-afectadas\/#breadcrumb","itemListElement":[{"@type":"ListItem","position":1,"name":"Inicio","item":"https:\/\/expressometro.mx\/"},{"@type":"ListItem","position":2,"name":"DESCARTA ISEM RIESGO SANITARIO EN HOSPITAL GENERAL \u201cJOS\u00c9 MAR\u00cdA RODR\u00cdGUEZ\u201d TRAS INUNDACI\u00d3N; CAEM CONTIN\u00daA CON LA DESINFECCI\u00d3N DE 338 VIVIENDAS AFECTADAS"}]},{"@type":"WebSite","@id":"https:\/\/expressometro.mx\/#website","url":"https:\/\/expressometro.mx\/","name":"Expresso Metropolitano","description":"Periodismo comprometido, informaci\u00f3n, investigaci\u00f3n y an\u00e1lisis","publisher":{"@id":"https:\/\/expressometro.mx\/#organization"},"potentialAction":[{"@type":"SearchAction","target":{"@type":"EntryPoint","urlTemplate":"https:\/\/expressometro.mx\/?s={search_term_string}"},"query-input":{"@type":"PropertyValueSpecification","valueRequired":true,"valueName":"search_term_string"}}],"inLanguage":"es"},{"@type":"Organization","@id":"https:\/\/expressometro.mx\/#organization","name":"Expresso Metropolitano","url":"https:\/\/expressometro.mx\/","logo":{"@type":"ImageObject","inLanguage":"es","@id":"https:\/\/expressometro.mx\/#\/schema\/logo\/image\/","url":"https:\/\/expressometro.mx\/wp-content\/uploads\/2019\/07\/cropped-Logo-Expresso-Metropolitano-1-1.jpeg","contentUrl":"https:\/\/expressometro.mx\/wp-content\/uploads\/2019\/07\/cropped-Logo-Expresso-Metropolitano-1-1.jpeg","width":290,"height":73,"caption":"Expresso Metropolitano"},"image":{"@id":"https:\/\/expressometro.mx\/#\/schema\/logo\/image\/"}},{"@type":"Person","@id":"https:\/\/expressometro.mx\/#\/schema\/person\/efa971b4a0664db8ed5c22b1b0dd2f5d","name":"Expresso Metropolitano","image":{"@type":"ImageObject","inLanguage":"es","@id":"https:\/\/secure.gravatar.com\/avatar\/a89f802b8de18c6952f223c88d3d106e9e3679839f4e25a02f4a6cc2ae6ba3b3?s=96&d=mm&r=g","url":"https:\/\/secure.gravatar.com\/avatar\/a89f802b8de18c6952f223c88d3d106e9e3679839f4e25a02f4a6cc2ae6ba3b3?s=96&d=mm&r=g","contentUrl":"https:\/\/secure.gravatar.com\/avatar\/a89f802b8de18c6952f223c88d3d106e9e3679839f4e25a02f4a6cc2ae6ba3b3?s=96&d=mm&r=g","caption":"Expresso Metropolitano"},"url":"https:\/\/expressometro.mx\/index.php\/author\/diego\/"}]}},"amp_enabled":true,"_links":{"self":[{"href":"https:\/\/expressometro.mx\/index.php\/wp-json\/wp\/v2\/posts\/791","targetHints":{"allow":["GET"]}}],"collection":[{"href":"https:\/\/expressometro.mx\/index.php\/wp-json\/wp\/v2\/posts"}],"about":[{"href":"https:\/\/expressometro.mx\/index.php\/wp-json\/wp\/v2\/types\/post"}],"author":[{"embeddable":true,"href":"https:\/\/expressometro.mx\/index.php\/wp-json\/wp\/v2\/users\/1"}],"replies":[{"embeddable":true,"href":"https:\/\/expressometro.mx\/index.php\/wp-json\/wp\/v2\/comments?post=791"}],"version-history":[{"count":1,"href":"https:\/\/expressometro.mx\/index.php\/wp-json\/wp\/v2\/posts\/791\/revisions"}],"predecessor-version":[{"id":793,"href":"https:\/\/expressometro.mx\/index.php\/wp-json\/wp\/v2\/posts\/791\/revisions\/793"}],"wp:featuredmedia":[{"embeddable":true,"href":"https:\/\/expressometro.mx\/index.php\/wp-json\/wp\/v2\/media\/792"}],"wp:attachment":[{"href":"https:\/\/expressometro.mx\/index.php\/wp-json\/wp\/v2\/media?parent=791"}],"wp:term":[{"taxonomy":"category","embeddable":true,"href":"https:\/\/expressometro.mx\/index.php\/wp-json\/wp\/v2\/categories?post=791"},{"taxonomy":"post_tag","embeddable":true,"href":"https:\/\/expressometro.mx\/index.php\/wp-json\/wp\/v2\/tags?post=791"}],"curies":[{"name":"wp","href":"https:\/\/api.w.org\/{rel}","templated":true}]}}