{"id":7893,"date":"2023-09-05T09:15:31","date_gmt":"2023-09-05T14:15:31","guid":{"rendered":"https:\/\/expressometro.mx\/?p=7893"},"modified":"2023-09-13T09:25:25","modified_gmt":"2023-09-13T14:25:25","slug":"inauguran-puente-entre-santa-maria-del-llano-y-dolores-amarillas","status":"publish","type":"post","link":"https:\/\/expressometro.mx\/index.php\/2023\/09\/05\/inauguran-puente-entre-santa-maria-del-llano-y-dolores-amarillas\/","title":{"rendered":"INAUGURAN PUENTE ENTRE SANTA MAR\u00cdA DEL LLANO Y DOLORES AMARILLAS"},"content":{"rendered":"\n<p><\/p>\n\n\n\n<p>El Diputado Federal y Vicecoordinador del GP del PRI Gustavo C\u00e1rdenas Monroy, estuvo de visita en Santa Mar\u00eda del Llano para acompa\u00f1ar al Presidente Municipal de Ixtlahuaca Abuzeid Lozano Casta\u00f1eda y al Presidente Municipal de Jiquipilco Felipe S\u00e1nchez D\u00e1vila, para inaugurar un puente y el camino que comunica a Santa Mar\u00eda del Llano y Dolores Amarillas, una obra tripartita, que fue gestionada por el Diputado y los Alcaldes.<\/p>\n\n\n\n<p>C\u00e1rdenas Monroy coment\u00f3 que estos apoyos se gestionaron desde antes que entraran en funciones los alcaldes y que seguir\u00e1n trabajando para buscar m\u00e1s apoyos para carreteras y el campo. Destac\u00f3 la importancia de la construcci\u00f3n de infraestructura que comunique a las distintas comunidades con los caminos principales para que logren su desarrollo en todos los aspectos.<\/p>\n\n\n\n<p>El Diputado Federal insisti\u00f3 en que el esfuerzo tripartita es la mejor forma de lograr el avance de los municipios. Este esfuerzo se ha visto reflejado en el aporte de infraestructura en las comunidades m\u00e1s alejadas de cada municipio, lo que permite a la poblaci\u00f3n de gozar de los servicio b\u00e1sicos y necesarios para tener una calidad de vida mejor.<\/p>\n","protected":false},"excerpt":{"rendered":"<p>El Diputado Federal y Vicecoordinador del GP del PRI Gustavo C\u00e1rdenas Monroy, estuvo de visita en Santa Mar\u00eda del Llano para acompa\u00f1ar al Presidente Municipal de Ixtlahuaca Abuzeid Lozano Casta\u00f1eda y al Presidente Municipal de Jiquipilco Felipe S\u00e1nchez D\u00e1vila, para inaugurar un puente y el camino que comunica a Santa Mar\u00eda del Llano y Dolores Amarillas, una obra tripartita, que fue gestionada por el Diputado y los Alcaldes.<\/p>\n","protected":false},"author":1,"featured_media":7895,"comment_status":"open","ping_status":"open","sticky":false,"template":"","format":"standard","meta":{"footnotes":""},"categories":[4,3,1,231],"tags":[1982,86,891,424,196,158],"class_list":["post-7893","post","type-post","status-publish","format-standard","has-post-thumbnail","hentry","category-finanzas","category-gobierno","category-otros","category-politica","tag-edomex","tag-gem","tag-gustavo-cardenas-2","tag-ixtlahuaca","tag-jiquipilco","tag-pri"],"yoast_head":"<!-- This site is optimized with the Yoast SEO plugin v27.4 - https:\/\/yoast.com\/product\/yoast-seo-wordpress\/ -->\n<title>INAUGURAN PUENTE ENTRE SANTA MAR\u00cdA DEL LLANO Y DOLORES AMARILLAS - Expresso Metropolitano<\/title>\n<meta name=\"robots\" content=\"index, follow, max-snippet:-1, max-image-preview:large, max-video-preview:-1\" \/>\n<link rel=\"canonical\" href=\"https:\/\/expressometro.mx\/index.php\/2023\/09\/05\/inauguran-puente-entre-santa-maria-del-llano-y-dolores-amarillas\/\" \/>\n<meta property=\"og:locale\" content=\"es_MX\" \/>\n<meta property=\"og:type\" content=\"article\" \/>\n<meta property=\"og:title\" content=\"INAUGURAN PUENTE ENTRE SANTA MAR\u00cdA DEL LLANO Y DOLORES AMARILLAS - Expresso Metropolitano\" \/>\n<meta property=\"og:description\" content=\"El Diputado Federal y Vicecoordinador del GP del PRI Gustavo C\u00e1rdenas Monroy, estuvo de visita en Santa Mar\u00eda del Llano para acompa\u00f1ar al Presidente Municipal de Ixtlahuaca Abuzeid Lozano Casta\u00f1eda y al Presidente Municipal de Jiquipilco Felipe S\u00e1nchez D\u00e1vila, para inaugurar un puente y el camino que comunica a Santa Mar\u00eda del Llano y Dolores Amarillas, una obra tripartita, que fue gestionada por el Diputado y los Alcaldes.\" \/>\n<meta property=\"og:url\" content=\"https:\/\/expressometro.mx\/index.php\/2023\/09\/05\/inauguran-puente-entre-santa-maria-del-llano-y-dolores-amarillas\/\" \/>\n<meta property=\"og:site_name\" content=\"Expresso Metropolitano\" \/>\n<meta property=\"article:published_time\" content=\"2023-09-05T14:15:31+00:00\" \/>\n<meta property=\"article:modified_time\" content=\"2023-09-13T14:25:25+00:00\" \/>\n<meta property=\"og:image\" content=\"http:\/\/expressometro.mx\/wp-content\/uploads\/2023\/09\/Gustavo-Cardenas-040923-1.jpg\" \/>\n\t<meta property=\"og:image:width\" content=\"1024\" \/>\n\t<meta property=\"og:image:height\" content=\"722\" \/>\n\t<meta property=\"og:image:type\" content=\"image\/jpeg\" \/>\n<meta name=\"author\" content=\"Expresso Metropolitano\" \/>\n<meta name=\"twitter:label1\" content=\"Escrito por\" \/>\n\t<meta name=\"twitter:data1\" content=\"Expresso Metropolitano\" \/>\n\t<meta name=\"twitter:label2\" content=\"Tiempo de lectura\" \/>\n\t<meta name=\"twitter:data2\" content=\"1 minuto\" \/>\n<script type=\"application\/ld+json\" class=\"yoast-schema-graph\">{\"@context\":\"https:\\\/\\\/schema.org\",\"@graph\":[{\"@type\":\"Article\",\"@id\":\"https:\\\/\\\/expressometro.mx\\\/index.php\\\/2023\\\/09\\\/05\\\/inauguran-puente-entre-santa-maria-del-llano-y-dolores-amarillas\\\/#article\",\"isPartOf\":{\"@id\":\"https:\\\/\\\/expressometro.mx\\\/index.php\\\/2023\\\/09\\\/05\\\/inauguran-puente-entre-santa-maria-del-llano-y-dolores-amarillas\\\/\"},\"author\":{\"name\":\"Expresso Metropolitano\",\"@id\":\"https:\\\/\\\/expressometro.mx\\\/#\\\/schema\\\/person\\\/efa971b4a0664db8ed5c22b1b0dd2f5d\"},\"headline\":\"INAUGURAN PUENTE ENTRE SANTA MAR\u00cdA DEL LLANO Y DOLORES AMARILLAS\",\"datePublished\":\"2023-09-05T14:15:31+00:00\",\"dateModified\":\"2023-09-13T14:25:25+00:00\",\"mainEntityOfPage\":{\"@id\":\"https:\\\/\\\/expressometro.mx\\\/index.php\\\/2023\\\/09\\\/05\\\/inauguran-puente-entre-santa-maria-del-llano-y-dolores-amarillas\\\/\"},\"wordCount\":209,\"commentCount\":0,\"publisher\":{\"@id\":\"https:\\\/\\\/expressometro.mx\\\/#organization\"},\"image\":{\"@id\":\"https:\\\/\\\/expressometro.mx\\\/index.php\\\/2023\\\/09\\\/05\\\/inauguran-puente-entre-santa-maria-del-llano-y-dolores-amarillas\\\/#primaryimage\"},\"thumbnailUrl\":\"https:\\\/\\\/expressometro.mx\\\/wp-content\\\/uploads\\\/2023\\\/09\\\/Gustavo-Cardenas-040923-1.jpg\",\"keywords\":[\"Edomex\",\"GEM\",\"Gustavo C\u00e1rdenas\",\"Ixtlahuaca\",\"Jiquipilco\",\"PRI\"],\"articleSection\":[\"Finanzas\",\"Gobierno\",\"Otros\",\"Pol\u00edtica\"],\"inLanguage\":\"es\",\"potentialAction\":[{\"@type\":\"CommentAction\",\"name\":\"Comment\",\"target\":[\"https:\\\/\\\/expressometro.mx\\\/index.php\\\/2023\\\/09\\\/05\\\/inauguran-puente-entre-santa-maria-del-llano-y-dolores-amarillas\\\/#respond\"]}]},{\"@type\":\"WebPage\",\"@id\":\"https:\\\/\\\/expressometro.mx\\\/index.php\\\/2023\\\/09\\\/05\\\/inauguran-puente-entre-santa-maria-del-llano-y-dolores-amarillas\\\/\",\"url\":\"https:\\\/\\\/expressometro.mx\\\/index.php\\\/2023\\\/09\\\/05\\\/inauguran-puente-entre-santa-maria-del-llano-y-dolores-amarillas\\\/\",\"name\":\"INAUGURAN PUENTE ENTRE SANTA MAR\u00cdA DEL LLANO Y DOLORES AMARILLAS - Expresso Metropolitano\",\"isPartOf\":{\"@id\":\"https:\\\/\\\/expressometro.mx\\\/#website\"},\"primaryImageOfPage\":{\"@id\":\"https:\\\/\\\/expressometro.mx\\\/index.php\\\/2023\\\/09\\\/05\\\/inauguran-puente-entre-santa-maria-del-llano-y-dolores-amarillas\\\/#primaryimage\"},\"image\":{\"@id\":\"https:\\\/\\\/expressometro.mx\\\/index.php\\\/2023\\\/09\\\/05\\\/inauguran-puente-entre-santa-maria-del-llano-y-dolores-amarillas\\\/#primaryimage\"},\"thumbnailUrl\":\"https:\\\/\\\/expressometro.mx\\\/wp-content\\\/uploads\\\/2023\\\/09\\\/Gustavo-Cardenas-040923-1.jpg\",\"datePublished\":\"2023-09-05T14:15:31+00:00\",\"dateModified\":\"2023-09-13T14:25:25+00:00\",\"breadcrumb\":{\"@id\":\"https:\\\/\\\/expressometro.mx\\\/index.php\\\/2023\\\/09\\\/05\\\/inauguran-puente-entre-santa-maria-del-llano-y-dolores-amarillas\\\/#breadcrumb\"},\"inLanguage\":\"es\",\"potentialAction\":[{\"@type\":\"ReadAction\",\"target\":[\"https:\\\/\\\/expressometro.mx\\\/index.php\\\/2023\\\/09\\\/05\\\/inauguran-puente-entre-santa-maria-del-llano-y-dolores-amarillas\\\/\"]}]},{\"@type\":\"ImageObject\",\"inLanguage\":\"es\",\"@id\":\"https:\\\/\\\/expressometro.mx\\\/index.php\\\/2023\\\/09\\\/05\\\/inauguran-puente-entre-santa-maria-del-llano-y-dolores-amarillas\\\/#primaryimage\",\"url\":\"https:\\\/\\\/expressometro.mx\\\/wp-content\\\/uploads\\\/2023\\\/09\\\/Gustavo-Cardenas-040923-1.jpg\",\"contentUrl\":\"https:\\\/\\\/expressometro.mx\\\/wp-content\\\/uploads\\\/2023\\\/09\\\/Gustavo-Cardenas-040923-1.jpg\",\"width\":1024,\"height\":722},{\"@type\":\"BreadcrumbList\",\"@id\":\"https:\\\/\\\/expressometro.mx\\\/index.php\\\/2023\\\/09\\\/05\\\/inauguran-puente-entre-santa-maria-del-llano-y-dolores-amarillas\\\/#breadcrumb\",\"itemListElement\":[{\"@type\":\"ListItem\",\"position\":1,\"name\":\"Inicio\",\"item\":\"https:\\\/\\\/expressometro.mx\\\/\"},{\"@type\":\"ListItem\",\"position\":2,\"name\":\"INAUGURAN PUENTE ENTRE SANTA MAR\u00cdA DEL LLANO Y DOLORES AMARILLAS\"}]},{\"@type\":\"WebSite\",\"@id\":\"https:\\\/\\\/expressometro.mx\\\/#website\",\"url\":\"https:\\\/\\\/expressometro.mx\\\/\",\"name\":\"Expresso Metropolitano\",\"description\":\"Periodismo comprometido, informaci\u00f3n, investigaci\u00f3n y an\u00e1lisis\",\"publisher\":{\"@id\":\"https:\\\/\\\/expressometro.mx\\\/#organization\"},\"potentialAction\":[{\"@type\":\"SearchAction\",\"target\":{\"@type\":\"EntryPoint\",\"urlTemplate\":\"https:\\\/\\\/expressometro.mx\\\/?s={search_term_string}\"},\"query-input\":{\"@type\":\"PropertyValueSpecification\",\"valueRequired\":true,\"valueName\":\"search_term_string\"}}],\"inLanguage\":\"es\"},{\"@type\":\"Organization\",\"@id\":\"https:\\\/\\\/expressometro.mx\\\/#organization\",\"name\":\"Expresso Metropolitano\",\"url\":\"https:\\\/\\\/expressometro.mx\\\/\",\"logo\":{\"@type\":\"ImageObject\",\"inLanguage\":\"es\",\"@id\":\"https:\\\/\\\/expressometro.mx\\\/#\\\/schema\\\/logo\\\/image\\\/\",\"url\":\"https:\\\/\\\/expressometro.mx\\\/wp-content\\\/uploads\\\/2019\\\/07\\\/cropped-Logo-Expresso-Metropolitano-1-1.jpeg\",\"contentUrl\":\"https:\\\/\\\/expressometro.mx\\\/wp-content\\\/uploads\\\/2019\\\/07\\\/cropped-Logo-Expresso-Metropolitano-1-1.jpeg\",\"width\":290,\"height\":73,\"caption\":\"Expresso Metropolitano\"},\"image\":{\"@id\":\"https:\\\/\\\/expressometro.mx\\\/#\\\/schema\\\/logo\\\/image\\\/\"}},{\"@type\":\"Person\",\"@id\":\"https:\\\/\\\/expressometro.mx\\\/#\\\/schema\\\/person\\\/efa971b4a0664db8ed5c22b1b0dd2f5d\",\"name\":\"Expresso Metropolitano\",\"image\":{\"@type\":\"ImageObject\",\"inLanguage\":\"es\",\"@id\":\"https:\\\/\\\/secure.gravatar.com\\\/avatar\\\/a89f802b8de18c6952f223c88d3d106e9e3679839f4e25a02f4a6cc2ae6ba3b3?s=96&d=mm&r=g\",\"url\":\"https:\\\/\\\/secure.gravatar.com\\\/avatar\\\/a89f802b8de18c6952f223c88d3d106e9e3679839f4e25a02f4a6cc2ae6ba3b3?s=96&d=mm&r=g\",\"contentUrl\":\"https:\\\/\\\/secure.gravatar.com\\\/avatar\\\/a89f802b8de18c6952f223c88d3d106e9e3679839f4e25a02f4a6cc2ae6ba3b3?s=96&d=mm&r=g\",\"caption\":\"Expresso Metropolitano\"},\"url\":\"https:\\\/\\\/expressometro.mx\\\/index.php\\\/author\\\/diego\\\/\"}]}<\/script>\n<!-- \/ Yoast SEO plugin. -->","yoast_head_json":{"title":"INAUGURAN PUENTE ENTRE SANTA MAR\u00cdA DEL LLANO Y DOLORES AMARILLAS - Expresso Metropolitano","robots":{"index":"index","follow":"follow","max-snippet":"max-snippet:-1","max-image-preview":"max-image-preview:large","max-video-preview":"max-video-preview:-1"},"canonical":"https:\/\/expressometro.mx\/index.php\/2023\/09\/05\/inauguran-puente-entre-santa-maria-del-llano-y-dolores-amarillas\/","og_locale":"es_MX","og_type":"article","og_title":"INAUGURAN PUENTE ENTRE SANTA MAR\u00cdA DEL LLANO Y DOLORES AMARILLAS - Expresso Metropolitano","og_description":"El Diputado Federal y Vicecoordinador del GP del PRI Gustavo C\u00e1rdenas Monroy, estuvo de visita en Santa Mar\u00eda del Llano para acompa\u00f1ar al Presidente Municipal de Ixtlahuaca Abuzeid Lozano Casta\u00f1eda y al Presidente Municipal de Jiquipilco Felipe S\u00e1nchez D\u00e1vila, para inaugurar un puente y el camino que comunica a Santa Mar\u00eda del Llano y Dolores Amarillas, una obra tripartita, que fue gestionada por el Diputado y los Alcaldes.","og_url":"https:\/\/expressometro.mx\/index.php\/2023\/09\/05\/inauguran-puente-entre-santa-maria-del-llano-y-dolores-amarillas\/","og_site_name":"Expresso Metropolitano","article_published_time":"2023-09-05T14:15:31+00:00","article_modified_time":"2023-09-13T14:25:25+00:00","og_image":[{"width":1024,"height":722,"url":"http:\/\/expressometro.mx\/wp-content\/uploads\/2023\/09\/Gustavo-Cardenas-040923-1.jpg","type":"image\/jpeg"}],"author":"Expresso Metropolitano","twitter_misc":{"Escrito por":"Expresso Metropolitano","Tiempo de lectura":"1 minuto"},"schema":{"@context":"https:\/\/schema.org","@graph":[{"@type":"Article","@id":"https:\/\/expressometro.mx\/index.php\/2023\/09\/05\/inauguran-puente-entre-santa-maria-del-llano-y-dolores-amarillas\/#article","isPartOf":{"@id":"https:\/\/expressometro.mx\/index.php\/2023\/09\/05\/inauguran-puente-entre-santa-maria-del-llano-y-dolores-amarillas\/"},"author":{"name":"Expresso Metropolitano","@id":"https:\/\/expressometro.mx\/#\/schema\/person\/efa971b4a0664db8ed5c22b1b0dd2f5d"},"headline":"INAUGURAN PUENTE ENTRE SANTA MAR\u00cdA DEL LLANO Y DOLORES AMARILLAS","datePublished":"2023-09-05T14:15:31+00:00","dateModified":"2023-09-13T14:25:25+00:00","mainEntityOfPage":{"@id":"https:\/\/expressometro.mx\/index.php\/2023\/09\/05\/inauguran-puente-entre-santa-maria-del-llano-y-dolores-amarillas\/"},"wordCount":209,"commentCount":0,"publisher":{"@id":"https:\/\/expressometro.mx\/#organization"},"image":{"@id":"https:\/\/expressometro.mx\/index.php\/2023\/09\/05\/inauguran-puente-entre-santa-maria-del-llano-y-dolores-amarillas\/#primaryimage"},"thumbnailUrl":"https:\/\/expressometro.mx\/wp-content\/uploads\/2023\/09\/Gustavo-Cardenas-040923-1.jpg","keywords":["Edomex","GEM","Gustavo C\u00e1rdenas","Ixtlahuaca","Jiquipilco","PRI"],"articleSection":["Finanzas","Gobierno","Otros","Pol\u00edtica"],"inLanguage":"es","potentialAction":[{"@type":"CommentAction","name":"Comment","target":["https:\/\/expressometro.mx\/index.php\/2023\/09\/05\/inauguran-puente-entre-santa-maria-del-llano-y-dolores-amarillas\/#respond"]}]},{"@type":"WebPage","@id":"https:\/\/expressometro.mx\/index.php\/2023\/09\/05\/inauguran-puente-entre-santa-maria-del-llano-y-dolores-amarillas\/","url":"https:\/\/expressometro.mx\/index.php\/2023\/09\/05\/inauguran-puente-entre-santa-maria-del-llano-y-dolores-amarillas\/","name":"INAUGURAN PUENTE ENTRE SANTA MAR\u00cdA DEL LLANO Y DOLORES AMARILLAS - Expresso Metropolitano","isPartOf":{"@id":"https:\/\/expressometro.mx\/#website"},"primaryImageOfPage":{"@id":"https:\/\/expressometro.mx\/index.php\/2023\/09\/05\/inauguran-puente-entre-santa-maria-del-llano-y-dolores-amarillas\/#primaryimage"},"image":{"@id":"https:\/\/expressometro.mx\/index.php\/2023\/09\/05\/inauguran-puente-entre-santa-maria-del-llano-y-dolores-amarillas\/#primaryimage"},"thumbnailUrl":"https:\/\/expressometro.mx\/wp-content\/uploads\/2023\/09\/Gustavo-Cardenas-040923-1.jpg","datePublished":"2023-09-05T14:15:31+00:00","dateModified":"2023-09-13T14:25:25+00:00","breadcrumb":{"@id":"https:\/\/expressometro.mx\/index.php\/2023\/09\/05\/inauguran-puente-entre-santa-maria-del-llano-y-dolores-amarillas\/#breadcrumb"},"inLanguage":"es","potentialAction":[{"@type":"ReadAction","target":["https:\/\/expressometro.mx\/index.php\/2023\/09\/05\/inauguran-puente-entre-santa-maria-del-llano-y-dolores-amarillas\/"]}]},{"@type":"ImageObject","inLanguage":"es","@id":"https:\/\/expressometro.mx\/index.php\/2023\/09\/05\/inauguran-puente-entre-santa-maria-del-llano-y-dolores-amarillas\/#primaryimage","url":"https:\/\/expressometro.mx\/wp-content\/uploads\/2023\/09\/Gustavo-Cardenas-040923-1.jpg","contentUrl":"https:\/\/expressometro.mx\/wp-content\/uploads\/2023\/09\/Gustavo-Cardenas-040923-1.jpg","width":1024,"height":722},{"@type":"BreadcrumbList","@id":"https:\/\/expressometro.mx\/index.php\/2023\/09\/05\/inauguran-puente-entre-santa-maria-del-llano-y-dolores-amarillas\/#breadcrumb","itemListElement":[{"@type":"ListItem","position":1,"name":"Inicio","item":"https:\/\/expressometro.mx\/"},{"@type":"ListItem","position":2,"name":"INAUGURAN PUENTE ENTRE SANTA MAR\u00cdA DEL LLANO Y DOLORES AMARILLAS"}]},{"@type":"WebSite","@id":"https:\/\/expressometro.mx\/#website","url":"https:\/\/expressometro.mx\/","name":"Expresso Metropolitano","description":"Periodismo comprometido, informaci\u00f3n, investigaci\u00f3n y an\u00e1lisis","publisher":{"@id":"https:\/\/expressometro.mx\/#organization"},"potentialAction":[{"@type":"SearchAction","target":{"@type":"EntryPoint","urlTemplate":"https:\/\/expressometro.mx\/?s={search_term_string}"},"query-input":{"@type":"PropertyValueSpecification","valueRequired":true,"valueName":"search_term_string"}}],"inLanguage":"es"},{"@type":"Organization","@id":"https:\/\/expressometro.mx\/#organization","name":"Expresso Metropolitano","url":"https:\/\/expressometro.mx\/","logo":{"@type":"ImageObject","inLanguage":"es","@id":"https:\/\/expressometro.mx\/#\/schema\/logo\/image\/","url":"https:\/\/expressometro.mx\/wp-content\/uploads\/2019\/07\/cropped-Logo-Expresso-Metropolitano-1-1.jpeg","contentUrl":"https:\/\/expressometro.mx\/wp-content\/uploads\/2019\/07\/cropped-Logo-Expresso-Metropolitano-1-1.jpeg","width":290,"height":73,"caption":"Expresso Metropolitano"},"image":{"@id":"https:\/\/expressometro.mx\/#\/schema\/logo\/image\/"}},{"@type":"Person","@id":"https:\/\/expressometro.mx\/#\/schema\/person\/efa971b4a0664db8ed5c22b1b0dd2f5d","name":"Expresso Metropolitano","image":{"@type":"ImageObject","inLanguage":"es","@id":"https:\/\/secure.gravatar.com\/avatar\/a89f802b8de18c6952f223c88d3d106e9e3679839f4e25a02f4a6cc2ae6ba3b3?s=96&d=mm&r=g","url":"https:\/\/secure.gravatar.com\/avatar\/a89f802b8de18c6952f223c88d3d106e9e3679839f4e25a02f4a6cc2ae6ba3b3?s=96&d=mm&r=g","contentUrl":"https:\/\/secure.gravatar.com\/avatar\/a89f802b8de18c6952f223c88d3d106e9e3679839f4e25a02f4a6cc2ae6ba3b3?s=96&d=mm&r=g","caption":"Expresso Metropolitano"},"url":"https:\/\/expressometro.mx\/index.php\/author\/diego\/"}]}},"amp_enabled":true,"_links":{"self":[{"href":"https:\/\/expressometro.mx\/index.php\/wp-json\/wp\/v2\/posts\/7893","targetHints":{"allow":["GET"]}}],"collection":[{"href":"https:\/\/expressometro.mx\/index.php\/wp-json\/wp\/v2\/posts"}],"about":[{"href":"https:\/\/expressometro.mx\/index.php\/wp-json\/wp\/v2\/types\/post"}],"author":[{"embeddable":true,"href":"https:\/\/expressometro.mx\/index.php\/wp-json\/wp\/v2\/users\/1"}],"replies":[{"embeddable":true,"href":"https:\/\/expressometro.mx\/index.php\/wp-json\/wp\/v2\/comments?post=7893"}],"version-history":[{"count":1,"href":"https:\/\/expressometro.mx\/index.php\/wp-json\/wp\/v2\/posts\/7893\/revisions"}],"predecessor-version":[{"id":7896,"href":"https:\/\/expressometro.mx\/index.php\/wp-json\/wp\/v2\/posts\/7893\/revisions\/7896"}],"wp:featuredmedia":[{"embeddable":true,"href":"https:\/\/expressometro.mx\/index.php\/wp-json\/wp\/v2\/media\/7895"}],"wp:attachment":[{"href":"https:\/\/expressometro.mx\/index.php\/wp-json\/wp\/v2\/media?parent=7893"}],"wp:term":[{"taxonomy":"category","embeddable":true,"href":"https:\/\/expressometro.mx\/index.php\/wp-json\/wp\/v2\/categories?post=7893"},{"taxonomy":"post_tag","embeddable":true,"href":"https:\/\/expressometro.mx\/index.php\/wp-json\/wp\/v2\/tags?post=7893"}],"curies":[{"name":"wp","href":"https:\/\/api.w.org\/{rel}","templated":true}]}}