{"id":788,"date":"2019-09-25T21:58:57","date_gmt":"2019-09-26T02:58:57","guid":{"rendered":"http:\/\/expressometro.mx\/?p=788"},"modified":"2019-09-25T21:58:57","modified_gmt":"2019-09-26T02:58:57","slug":"con-acciones-concretas-gobierno-de-coacalco-empodera-a-las-mujeres","status":"publish","type":"post","link":"https:\/\/expressometro.mx\/index.php\/2019\/09\/25\/con-acciones-concretas-gobierno-de-coacalco-empodera-a-las-mujeres\/","title":{"rendered":"CON ACCIONES CONCRETAS, GOBIERNO DE COACALCO EMPODERA A LAS MUJERES"},"content":{"rendered":"\n<p>Con acciones concretas como apoyo psicol\u00f3gico y jur\u00eddico, as\u00ed como capacitaciones para su empoderamiento y la creaci\u00f3n de un protocolo de prevenci\u00f3n, el Gobierno de Coacalco, que preside el Alcalde Darwin Eslava, trabaja en favor del bienestar de las mujeres del municipio.<\/p>\n\n\n\n<p>Como parte de la conmemoraci\u00f3n del \u201cD\u00eda Naranja\u201d, la Presidenta del Sistema Municipal DIF, Patricia Jurado, encabez\u00f3 una caminata y la formaci\u00f3n de un mo\u00f1o humano, como un llamado a la NO violencia en contra de la mujer.<\/p>\n\n\n\n<p>Al respecto, el Instituto Municipal para la Defensa de los Derechos de la Mujer inform\u00f3 que de manera permanente se trabaja para lograr el empoderamiento de las mujeres, por lo que el pr\u00f3ximo mes iniciar\u00e1n los cursos de capacitaci\u00f3n para quienes est\u00e9n interesadas en independizarse y no ser parte de un c\u00edrculo vicioso.<\/p>\n\n\n\n<p>Detall\u00f3 que este Instituto atiende a cinco mujeres diariamente, en promedio, quienes buscan alg\u00fan tipo de orientaci\u00f3n, por lo que dichos talleres est\u00e1n pensados para las coacalquenses que quieren iniciar alg\u00fan negocio y ser independientes.<\/p>\n\n\n\n<p>Puntualiz\u00f3 que, a trav\u00e9s de esta dependencia municipal, las mujeres reciben apoyo psicol\u00f3gico, acompa\u00f1amiento jur\u00eddico y distintas opciones para empoderarlas.<\/p>\n\n\n\n<p>En coordinaci\u00f3n con distintas \u00e1reas de la administraci\u00f3n, se trabaja en la elaboraci\u00f3n de un protocolo de actuaci\u00f3n para atender a quienes han sido v\u00edctimas de violencia.<\/p>\n\n\n\n<p>Adem\u00e1s, de manera permanente se visitan escuelas en las que se imparten pl\u00e1ticas de sensibilizaci\u00f3n sobre la equidad de g\u00e9nero, que contribuyan a eliminar la violencia contra las mujeres.<\/p>\n\n\n\n<p>Como parte de las actividades del \u201cD\u00eda Naranja\u201d, este 25 de septiembre Rosa Mar\u00eda Oviedo, presidenta de la ONG&nbsp;<em>Nivel Humano<\/em>, ofreci\u00f3 una conferencia en donde exhort\u00f3 a la ciudadan\u00eda y autoridades a que ninguna mujer sufra de violencia.<\/p>\n\n\n\n<p>Recalc\u00f3 que el Gobierno de Coacalco fomenta diversas acciones para empoderar a la mujer y ese es un camino para ayudarlas a salir de su entorno de violencia.<\/p>\n\n\n\n<p>\u201cEl empoderamiento a las mujeres otorga las herramientas necesarias para que \u00e9stas se sientan seguras y sepan qu\u00e9 hacer en caso de violencia, as\u00ed como cu\u00e1les son sus derechos\u201d, indic\u00f3.<\/p>\n","protected":false},"excerpt":{"rendered":"<p>Con acciones concretas como apoyo psicol\u00f3gico y jur\u00eddico, as\u00ed como capacitaciones para su empoderamiento y la creaci\u00f3n de un protocolo de prevenci\u00f3n, el Gobierno de Coacalco, que preside el Alcalde Darwin Eslava, trabaja en favor del bienestar de las mujeres del municipio. Como parte de la conmemoraci\u00f3n del \u201cD\u00eda Naranja\u201d, la Presidenta del Sistema Municipal DIF, Patricia Jurado, encabez\u00f3 una caminata y la formaci\u00f3n de un mo\u00f1o humano, como un llamado a la NO violencia en contra de la mujer. Al respecto, el Instituto Municipal para la Defensa de los&hellip;<\/p>\n","protected":false},"author":1,"featured_media":789,"comment_status":"open","ping_status":"open","sticky":false,"template":"","format":"standard","meta":{"footnotes":""},"categories":[3],"tags":[],"class_list":["post-788","post","type-post","status-publish","format-standard","has-post-thumbnail","hentry","category-gobierno"],"yoast_head":"<!-- This site is optimized with the Yoast SEO plugin v27.5 - https:\/\/yoast.com\/product\/yoast-seo-wordpress\/ -->\n<title>CON ACCIONES CONCRETAS, GOBIERNO DE COACALCO EMPODERA A LAS MUJERES - Expresso Metropolitano<\/title>\n<meta name=\"robots\" content=\"index, follow, max-snippet:-1, max-image-preview:large, max-video-preview:-1\" \/>\n<link rel=\"canonical\" href=\"https:\/\/expressometro.mx\/index.php\/2019\/09\/25\/con-acciones-concretas-gobierno-de-coacalco-empodera-a-las-mujeres\/\" \/>\n<meta property=\"og:locale\" content=\"es_MX\" \/>\n<meta property=\"og:type\" content=\"article\" \/>\n<meta property=\"og:title\" content=\"CON ACCIONES CONCRETAS, GOBIERNO DE COACALCO EMPODERA A LAS MUJERES - Expresso Metropolitano\" \/>\n<meta property=\"og:description\" content=\"Con acciones concretas como apoyo psicol\u00f3gico y jur\u00eddico, as\u00ed como capacitaciones para su empoderamiento y la creaci\u00f3n de un protocolo de prevenci\u00f3n, el Gobierno de Coacalco, que preside el Alcalde Darwin Eslava, trabaja en favor del bienestar de las mujeres del municipio. Como parte de la conmemoraci\u00f3n del \u201cD\u00eda Naranja\u201d, la Presidenta del Sistema Municipal DIF, Patricia Jurado, encabez\u00f3 una caminata y la formaci\u00f3n de un mo\u00f1o humano, como un llamado a la NO violencia en contra de la mujer. Al respecto, el Instituto Municipal para la Defensa de los&hellip;\" \/>\n<meta property=\"og:url\" content=\"https:\/\/expressometro.mx\/index.php\/2019\/09\/25\/con-acciones-concretas-gobierno-de-coacalco-empodera-a-las-mujeres\/\" \/>\n<meta property=\"og:site_name\" content=\"Expresso Metropolitano\" \/>\n<meta property=\"article:published_time\" content=\"2019-09-26T02:58:57+00:00\" \/>\n<meta property=\"og:image\" content=\"https:\/\/expressometro.mx\/wp-content\/uploads\/2019\/09\/DiaNaranja-1.jpeg\" \/>\n\t<meta property=\"og:image:width\" content=\"1280\" \/>\n\t<meta property=\"og:image:height\" content=\"853\" \/>\n\t<meta property=\"og:image:type\" content=\"image\/jpeg\" \/>\n<meta name=\"author\" content=\"Expresso Metropolitano\" \/>\n<meta name=\"twitter:label1\" content=\"Escrito por\" \/>\n\t<meta name=\"twitter:data1\" content=\"Expresso Metropolitano\" \/>\n\t<meta name=\"twitter:label2\" content=\"Tiempo de lectura\" \/>\n\t<meta name=\"twitter:data2\" content=\"2 minutos\" \/>\n<script type=\"application\/ld+json\" class=\"yoast-schema-graph\">{\"@context\":\"https:\\\/\\\/schema.org\",\"@graph\":[{\"@type\":\"Article\",\"@id\":\"https:\\\/\\\/expressometro.mx\\\/index.php\\\/2019\\\/09\\\/25\\\/con-acciones-concretas-gobierno-de-coacalco-empodera-a-las-mujeres\\\/#article\",\"isPartOf\":{\"@id\":\"https:\\\/\\\/expressometro.mx\\\/index.php\\\/2019\\\/09\\\/25\\\/con-acciones-concretas-gobierno-de-coacalco-empodera-a-las-mujeres\\\/\"},\"author\":{\"name\":\"Expresso Metropolitano\",\"@id\":\"https:\\\/\\\/expressometro.mx\\\/#\\\/schema\\\/person\\\/efa971b4a0664db8ed5c22b1b0dd2f5d\"},\"headline\":\"CON ACCIONES CONCRETAS, GOBIERNO DE COACALCO EMPODERA A LAS MUJERES\",\"datePublished\":\"2019-09-26T02:58:57+00:00\",\"mainEntityOfPage\":{\"@id\":\"https:\\\/\\\/expressometro.mx\\\/index.php\\\/2019\\\/09\\\/25\\\/con-acciones-concretas-gobierno-de-coacalco-empodera-a-las-mujeres\\\/\"},\"wordCount\":385,\"commentCount\":0,\"publisher\":{\"@id\":\"https:\\\/\\\/expressometro.mx\\\/#organization\"},\"image\":{\"@id\":\"https:\\\/\\\/expressometro.mx\\\/index.php\\\/2019\\\/09\\\/25\\\/con-acciones-concretas-gobierno-de-coacalco-empodera-a-las-mujeres\\\/#primaryimage\"},\"thumbnailUrl\":\"https:\\\/\\\/expressometro.mx\\\/wp-content\\\/uploads\\\/2019\\\/09\\\/DiaNaranja-1.jpeg\",\"articleSection\":[\"Gobierno\"],\"inLanguage\":\"es\",\"potentialAction\":[{\"@type\":\"CommentAction\",\"name\":\"Comment\",\"target\":[\"https:\\\/\\\/expressometro.mx\\\/index.php\\\/2019\\\/09\\\/25\\\/con-acciones-concretas-gobierno-de-coacalco-empodera-a-las-mujeres\\\/#respond\"]}]},{\"@type\":\"WebPage\",\"@id\":\"https:\\\/\\\/expressometro.mx\\\/index.php\\\/2019\\\/09\\\/25\\\/con-acciones-concretas-gobierno-de-coacalco-empodera-a-las-mujeres\\\/\",\"url\":\"https:\\\/\\\/expressometro.mx\\\/index.php\\\/2019\\\/09\\\/25\\\/con-acciones-concretas-gobierno-de-coacalco-empodera-a-las-mujeres\\\/\",\"name\":\"CON ACCIONES CONCRETAS, GOBIERNO DE COACALCO EMPODERA A LAS MUJERES - Expresso Metropolitano\",\"isPartOf\":{\"@id\":\"https:\\\/\\\/expressometro.mx\\\/#website\"},\"primaryImageOfPage\":{\"@id\":\"https:\\\/\\\/expressometro.mx\\\/index.php\\\/2019\\\/09\\\/25\\\/con-acciones-concretas-gobierno-de-coacalco-empodera-a-las-mujeres\\\/#primaryimage\"},\"image\":{\"@id\":\"https:\\\/\\\/expressometro.mx\\\/index.php\\\/2019\\\/09\\\/25\\\/con-acciones-concretas-gobierno-de-coacalco-empodera-a-las-mujeres\\\/#primaryimage\"},\"thumbnailUrl\":\"https:\\\/\\\/expressometro.mx\\\/wp-content\\\/uploads\\\/2019\\\/09\\\/DiaNaranja-1.jpeg\",\"datePublished\":\"2019-09-26T02:58:57+00:00\",\"breadcrumb\":{\"@id\":\"https:\\\/\\\/expressometro.mx\\\/index.php\\\/2019\\\/09\\\/25\\\/con-acciones-concretas-gobierno-de-coacalco-empodera-a-las-mujeres\\\/#breadcrumb\"},\"inLanguage\":\"es\",\"potentialAction\":[{\"@type\":\"ReadAction\",\"target\":[\"https:\\\/\\\/expressometro.mx\\\/index.php\\\/2019\\\/09\\\/25\\\/con-acciones-concretas-gobierno-de-coacalco-empodera-a-las-mujeres\\\/\"]}]},{\"@type\":\"ImageObject\",\"inLanguage\":\"es\",\"@id\":\"https:\\\/\\\/expressometro.mx\\\/index.php\\\/2019\\\/09\\\/25\\\/con-acciones-concretas-gobierno-de-coacalco-empodera-a-las-mujeres\\\/#primaryimage\",\"url\":\"https:\\\/\\\/expressometro.mx\\\/wp-content\\\/uploads\\\/2019\\\/09\\\/DiaNaranja-1.jpeg\",\"contentUrl\":\"https:\\\/\\\/expressometro.mx\\\/wp-content\\\/uploads\\\/2019\\\/09\\\/DiaNaranja-1.jpeg\",\"width\":1280,\"height\":853},{\"@type\":\"BreadcrumbList\",\"@id\":\"https:\\\/\\\/expressometro.mx\\\/index.php\\\/2019\\\/09\\\/25\\\/con-acciones-concretas-gobierno-de-coacalco-empodera-a-las-mujeres\\\/#breadcrumb\",\"itemListElement\":[{\"@type\":\"ListItem\",\"position\":1,\"name\":\"Inicio\",\"item\":\"https:\\\/\\\/expressometro.mx\\\/\"},{\"@type\":\"ListItem\",\"position\":2,\"name\":\"CON ACCIONES CONCRETAS, GOBIERNO DE COACALCO EMPODERA A LAS MUJERES\"}]},{\"@type\":\"WebSite\",\"@id\":\"https:\\\/\\\/expressometro.mx\\\/#website\",\"url\":\"https:\\\/\\\/expressometro.mx\\\/\",\"name\":\"Expresso Metropolitano\",\"description\":\"Periodismo comprometido, informaci\u00f3n, investigaci\u00f3n y an\u00e1lisis\",\"publisher\":{\"@id\":\"https:\\\/\\\/expressometro.mx\\\/#organization\"},\"potentialAction\":[{\"@type\":\"SearchAction\",\"target\":{\"@type\":\"EntryPoint\",\"urlTemplate\":\"https:\\\/\\\/expressometro.mx\\\/?s={search_term_string}\"},\"query-input\":{\"@type\":\"PropertyValueSpecification\",\"valueRequired\":true,\"valueName\":\"search_term_string\"}}],\"inLanguage\":\"es\"},{\"@type\":\"Organization\",\"@id\":\"https:\\\/\\\/expressometro.mx\\\/#organization\",\"name\":\"Expresso Metropolitano\",\"url\":\"https:\\\/\\\/expressometro.mx\\\/\",\"logo\":{\"@type\":\"ImageObject\",\"inLanguage\":\"es\",\"@id\":\"https:\\\/\\\/expressometro.mx\\\/#\\\/schema\\\/logo\\\/image\\\/\",\"url\":\"https:\\\/\\\/expressometro.mx\\\/wp-content\\\/uploads\\\/2019\\\/07\\\/cropped-Logo-Expresso-Metropolitano-1-1.jpeg\",\"contentUrl\":\"https:\\\/\\\/expressometro.mx\\\/wp-content\\\/uploads\\\/2019\\\/07\\\/cropped-Logo-Expresso-Metropolitano-1-1.jpeg\",\"width\":290,\"height\":73,\"caption\":\"Expresso Metropolitano\"},\"image\":{\"@id\":\"https:\\\/\\\/expressometro.mx\\\/#\\\/schema\\\/logo\\\/image\\\/\"}},{\"@type\":\"Person\",\"@id\":\"https:\\\/\\\/expressometro.mx\\\/#\\\/schema\\\/person\\\/efa971b4a0664db8ed5c22b1b0dd2f5d\",\"name\":\"Expresso Metropolitano\",\"image\":{\"@type\":\"ImageObject\",\"inLanguage\":\"es\",\"@id\":\"https:\\\/\\\/secure.gravatar.com\\\/avatar\\\/a89f802b8de18c6952f223c88d3d106e9e3679839f4e25a02f4a6cc2ae6ba3b3?s=96&d=mm&r=g\",\"url\":\"https:\\\/\\\/secure.gravatar.com\\\/avatar\\\/a89f802b8de18c6952f223c88d3d106e9e3679839f4e25a02f4a6cc2ae6ba3b3?s=96&d=mm&r=g\",\"contentUrl\":\"https:\\\/\\\/secure.gravatar.com\\\/avatar\\\/a89f802b8de18c6952f223c88d3d106e9e3679839f4e25a02f4a6cc2ae6ba3b3?s=96&d=mm&r=g\",\"caption\":\"Expresso Metropolitano\"},\"url\":\"https:\\\/\\\/expressometro.mx\\\/index.php\\\/author\\\/diego\\\/\"}]}<\/script>\n<!-- \/ Yoast SEO plugin. -->","yoast_head_json":{"title":"CON ACCIONES CONCRETAS, GOBIERNO DE COACALCO EMPODERA A LAS MUJERES - Expresso Metropolitano","robots":{"index":"index","follow":"follow","max-snippet":"max-snippet:-1","max-image-preview":"max-image-preview:large","max-video-preview":"max-video-preview:-1"},"canonical":"https:\/\/expressometro.mx\/index.php\/2019\/09\/25\/con-acciones-concretas-gobierno-de-coacalco-empodera-a-las-mujeres\/","og_locale":"es_MX","og_type":"article","og_title":"CON ACCIONES CONCRETAS, GOBIERNO DE COACALCO EMPODERA A LAS MUJERES - Expresso Metropolitano","og_description":"Con acciones concretas como apoyo psicol\u00f3gico y jur\u00eddico, as\u00ed como capacitaciones para su empoderamiento y la creaci\u00f3n de un protocolo de prevenci\u00f3n, el Gobierno de Coacalco, que preside el Alcalde Darwin Eslava, trabaja en favor del bienestar de las mujeres del municipio. Como parte de la conmemoraci\u00f3n del \u201cD\u00eda Naranja\u201d, la Presidenta del Sistema Municipal DIF, Patricia Jurado, encabez\u00f3 una caminata y la formaci\u00f3n de un mo\u00f1o humano, como un llamado a la NO violencia en contra de la mujer. Al respecto, el Instituto Municipal para la Defensa de los&hellip;","og_url":"https:\/\/expressometro.mx\/index.php\/2019\/09\/25\/con-acciones-concretas-gobierno-de-coacalco-empodera-a-las-mujeres\/","og_site_name":"Expresso Metropolitano","article_published_time":"2019-09-26T02:58:57+00:00","og_image":[{"width":1280,"height":853,"url":"https:\/\/expressometro.mx\/wp-content\/uploads\/2019\/09\/DiaNaranja-1.jpeg","type":"image\/jpeg"}],"author":"Expresso Metropolitano","twitter_misc":{"Escrito por":"Expresso Metropolitano","Tiempo de lectura":"2 minutos"},"schema":{"@context":"https:\/\/schema.org","@graph":[{"@type":"Article","@id":"https:\/\/expressometro.mx\/index.php\/2019\/09\/25\/con-acciones-concretas-gobierno-de-coacalco-empodera-a-las-mujeres\/#article","isPartOf":{"@id":"https:\/\/expressometro.mx\/index.php\/2019\/09\/25\/con-acciones-concretas-gobierno-de-coacalco-empodera-a-las-mujeres\/"},"author":{"name":"Expresso Metropolitano","@id":"https:\/\/expressometro.mx\/#\/schema\/person\/efa971b4a0664db8ed5c22b1b0dd2f5d"},"headline":"CON ACCIONES CONCRETAS, GOBIERNO DE COACALCO EMPODERA A LAS MUJERES","datePublished":"2019-09-26T02:58:57+00:00","mainEntityOfPage":{"@id":"https:\/\/expressometro.mx\/index.php\/2019\/09\/25\/con-acciones-concretas-gobierno-de-coacalco-empodera-a-las-mujeres\/"},"wordCount":385,"commentCount":0,"publisher":{"@id":"https:\/\/expressometro.mx\/#organization"},"image":{"@id":"https:\/\/expressometro.mx\/index.php\/2019\/09\/25\/con-acciones-concretas-gobierno-de-coacalco-empodera-a-las-mujeres\/#primaryimage"},"thumbnailUrl":"https:\/\/expressometro.mx\/wp-content\/uploads\/2019\/09\/DiaNaranja-1.jpeg","articleSection":["Gobierno"],"inLanguage":"es","potentialAction":[{"@type":"CommentAction","name":"Comment","target":["https:\/\/expressometro.mx\/index.php\/2019\/09\/25\/con-acciones-concretas-gobierno-de-coacalco-empodera-a-las-mujeres\/#respond"]}]},{"@type":"WebPage","@id":"https:\/\/expressometro.mx\/index.php\/2019\/09\/25\/con-acciones-concretas-gobierno-de-coacalco-empodera-a-las-mujeres\/","url":"https:\/\/expressometro.mx\/index.php\/2019\/09\/25\/con-acciones-concretas-gobierno-de-coacalco-empodera-a-las-mujeres\/","name":"CON ACCIONES CONCRETAS, GOBIERNO DE COACALCO EMPODERA A LAS MUJERES - Expresso Metropolitano","isPartOf":{"@id":"https:\/\/expressometro.mx\/#website"},"primaryImageOfPage":{"@id":"https:\/\/expressometro.mx\/index.php\/2019\/09\/25\/con-acciones-concretas-gobierno-de-coacalco-empodera-a-las-mujeres\/#primaryimage"},"image":{"@id":"https:\/\/expressometro.mx\/index.php\/2019\/09\/25\/con-acciones-concretas-gobierno-de-coacalco-empodera-a-las-mujeres\/#primaryimage"},"thumbnailUrl":"https:\/\/expressometro.mx\/wp-content\/uploads\/2019\/09\/DiaNaranja-1.jpeg","datePublished":"2019-09-26T02:58:57+00:00","breadcrumb":{"@id":"https:\/\/expressometro.mx\/index.php\/2019\/09\/25\/con-acciones-concretas-gobierno-de-coacalco-empodera-a-las-mujeres\/#breadcrumb"},"inLanguage":"es","potentialAction":[{"@type":"ReadAction","target":["https:\/\/expressometro.mx\/index.php\/2019\/09\/25\/con-acciones-concretas-gobierno-de-coacalco-empodera-a-las-mujeres\/"]}]},{"@type":"ImageObject","inLanguage":"es","@id":"https:\/\/expressometro.mx\/index.php\/2019\/09\/25\/con-acciones-concretas-gobierno-de-coacalco-empodera-a-las-mujeres\/#primaryimage","url":"https:\/\/expressometro.mx\/wp-content\/uploads\/2019\/09\/DiaNaranja-1.jpeg","contentUrl":"https:\/\/expressometro.mx\/wp-content\/uploads\/2019\/09\/DiaNaranja-1.jpeg","width":1280,"height":853},{"@type":"BreadcrumbList","@id":"https:\/\/expressometro.mx\/index.php\/2019\/09\/25\/con-acciones-concretas-gobierno-de-coacalco-empodera-a-las-mujeres\/#breadcrumb","itemListElement":[{"@type":"ListItem","position":1,"name":"Inicio","item":"https:\/\/expressometro.mx\/"},{"@type":"ListItem","position":2,"name":"CON ACCIONES CONCRETAS, GOBIERNO DE COACALCO EMPODERA A LAS MUJERES"}]},{"@type":"WebSite","@id":"https:\/\/expressometro.mx\/#website","url":"https:\/\/expressometro.mx\/","name":"Expresso Metropolitano","description":"Periodismo comprometido, informaci\u00f3n, investigaci\u00f3n y an\u00e1lisis","publisher":{"@id":"https:\/\/expressometro.mx\/#organization"},"potentialAction":[{"@type":"SearchAction","target":{"@type":"EntryPoint","urlTemplate":"https:\/\/expressometro.mx\/?s={search_term_string}"},"query-input":{"@type":"PropertyValueSpecification","valueRequired":true,"valueName":"search_term_string"}}],"inLanguage":"es"},{"@type":"Organization","@id":"https:\/\/expressometro.mx\/#organization","name":"Expresso Metropolitano","url":"https:\/\/expressometro.mx\/","logo":{"@type":"ImageObject","inLanguage":"es","@id":"https:\/\/expressometro.mx\/#\/schema\/logo\/image\/","url":"https:\/\/expressometro.mx\/wp-content\/uploads\/2019\/07\/cropped-Logo-Expresso-Metropolitano-1-1.jpeg","contentUrl":"https:\/\/expressometro.mx\/wp-content\/uploads\/2019\/07\/cropped-Logo-Expresso-Metropolitano-1-1.jpeg","width":290,"height":73,"caption":"Expresso Metropolitano"},"image":{"@id":"https:\/\/expressometro.mx\/#\/schema\/logo\/image\/"}},{"@type":"Person","@id":"https:\/\/expressometro.mx\/#\/schema\/person\/efa971b4a0664db8ed5c22b1b0dd2f5d","name":"Expresso Metropolitano","image":{"@type":"ImageObject","inLanguage":"es","@id":"https:\/\/secure.gravatar.com\/avatar\/a89f802b8de18c6952f223c88d3d106e9e3679839f4e25a02f4a6cc2ae6ba3b3?s=96&d=mm&r=g","url":"https:\/\/secure.gravatar.com\/avatar\/a89f802b8de18c6952f223c88d3d106e9e3679839f4e25a02f4a6cc2ae6ba3b3?s=96&d=mm&r=g","contentUrl":"https:\/\/secure.gravatar.com\/avatar\/a89f802b8de18c6952f223c88d3d106e9e3679839f4e25a02f4a6cc2ae6ba3b3?s=96&d=mm&r=g","caption":"Expresso Metropolitano"},"url":"https:\/\/expressometro.mx\/index.php\/author\/diego\/"}]}},"amp_enabled":true,"_links":{"self":[{"href":"https:\/\/expressometro.mx\/index.php\/wp-json\/wp\/v2\/posts\/788","targetHints":{"allow":["GET"]}}],"collection":[{"href":"https:\/\/expressometro.mx\/index.php\/wp-json\/wp\/v2\/posts"}],"about":[{"href":"https:\/\/expressometro.mx\/index.php\/wp-json\/wp\/v2\/types\/post"}],"author":[{"embeddable":true,"href":"https:\/\/expressometro.mx\/index.php\/wp-json\/wp\/v2\/users\/1"}],"replies":[{"embeddable":true,"href":"https:\/\/expressometro.mx\/index.php\/wp-json\/wp\/v2\/comments?post=788"}],"version-history":[{"count":1,"href":"https:\/\/expressometro.mx\/index.php\/wp-json\/wp\/v2\/posts\/788\/revisions"}],"predecessor-version":[{"id":790,"href":"https:\/\/expressometro.mx\/index.php\/wp-json\/wp\/v2\/posts\/788\/revisions\/790"}],"wp:featuredmedia":[{"embeddable":true,"href":"https:\/\/expressometro.mx\/index.php\/wp-json\/wp\/v2\/media\/789"}],"wp:attachment":[{"href":"https:\/\/expressometro.mx\/index.php\/wp-json\/wp\/v2\/media?parent=788"}],"wp:term":[{"taxonomy":"category","embeddable":true,"href":"https:\/\/expressometro.mx\/index.php\/wp-json\/wp\/v2\/categories?post=788"},{"taxonomy":"post_tag","embeddable":true,"href":"https:\/\/expressometro.mx\/index.php\/wp-json\/wp\/v2\/tags?post=788"}],"curies":[{"name":"wp","href":"https:\/\/api.w.org\/{rel}","templated":true}]}}