{"id":785,"date":"2019-09-25T21:57:27","date_gmt":"2019-09-26T02:57:27","guid":{"rendered":"http:\/\/expressometro.mx\/?p=785"},"modified":"2019-09-25T21:57:28","modified_gmt":"2019-09-26T02:57:28","slug":"mayores-sanciones-a-quien-cause-accidentes-vehiculares-por-usar-el-telefono-propone-jose-couttolenc","status":"publish","type":"post","link":"https:\/\/expressometro.mx\/index.php\/2019\/09\/25\/mayores-sanciones-a-quien-cause-accidentes-vehiculares-por-usar-el-telefono-propone-jose-couttolenc\/","title":{"rendered":"MAYORES SANCIONES A QUIEN CAUSE ACCIDENTES VEHICULARES POR USAR EL TEL\u00c9FONO, PROPONE JOS\u00c9 COUTTOLENC"},"content":{"rendered":"\n<p>El diputado Jos\u00e9 Alberto Couttolenc Buentello, coordinador del Grupo Parlamentario del Partido Verde, propuso sanciones de dos a ocho a\u00f1os de prisi\u00f3n en delitos culposos cometidos por automovilistas particulares o conductores del transporte p\u00fablico, de personal o escolar, por conducir con exceso de velocidad, usar equipos de telefon\u00eda celular o sistemas de comunicaci\u00f3n electr\u00f3nica, de radiocomunicaci\u00f3n o tecnolog\u00eda, cuando resulten personas muertas.<\/p>\n\n\n\n<p>De acuerdo con la propuesta presentada en sesi\u00f3n del Cuarto Periodo Ordinario, si el accidente dejara heridos la sanci\u00f3n ser\u00eda de dos a seis a\u00f1os de c\u00e1rcel, y si solo hubiera da\u00f1os en propiedad ajena, las penas ir\u00edan de dos a cuatro a\u00f1os, a excepci\u00f3n, en toda circunstancia, del uso de tecnolog\u00eda de manos libres conectada al veh\u00edculo.<\/p>\n\n\n\n<p>De igual manera, en accidentes mortales, el uso de tecnolog\u00eda (con la mencionada excepci\u00f3n) y que el conductor del autom\u00f3vil involucrado no haya verificado que todos los pasajeros de su unidad emplearan el cintur\u00f3n de seguridad o el equipo adecuado para el tipo de veh\u00edculo o edad de los pasajeros, ser\u00e1n circunstancias consideradas graves en los delitos culposos.<\/p>\n\n\n\n<p>De lo anterior, la pena ser\u00e1 de tres a 12 a\u00f1os de prisi\u00f3n y de 50 a 200 d\u00edas multa y suspensi\u00f3n del derecho a conducir veh\u00edculos de motor de tres a 12 a\u00f1os o privaci\u00f3n definitiva de este derecho, lo cual ya est\u00e1 establecido en el C\u00f3digo Penal del Estado de M\u00e9xico.<\/p>\n\n\n\n<p>La iniciativa expuesta en sesi\u00f3n del Cuarto Periodo Ordinario, presidido por el diputado Nazario Guti\u00e9rrez Mart\u00ednez (morena), tambi\u00e9n considera incluir a los automovilistas particulares para los casos en que no sean causantes de homicidio, para lo cual la pena ser\u00e1 de dos a cuatro a\u00f1os de prisi\u00f3n y de 30 a 200 d\u00edas de multa, as\u00ed como suspensi\u00f3n por un a\u00f1o o privaci\u00f3n definitiva del derecho a manejar en caso de reincidencia, sanciones igualmente ya consideradas en la legislaci\u00f3n.<\/p>\n\n\n\n<p>Al puntualizar que no se niega la importancia de la prevenci\u00f3n, el diputado consider\u00f3 que siempre debe ir acompa\u00f1ada de medidas coercitivas s\u00f3lidas, estrictas y respetadas por la toda la ciudadan\u00eda, y que el error humano es uno de los factores m\u00e1s importantes a considerar cuando se habla de accidentes de tr\u00e1nsito.<\/p>\n\n\n\n<p>Refiri\u00f3 que la Organizaci\u00f3n Mundial de la Salud ha indicado que el uso del cintur\u00f3n de seguridad disminuye entre 45 y 50% el riesgo de muerte de los ocupantes delanteros de un autom\u00f3vil, y de 25% el de los pasajeros que van en la parte trasera, adem\u00e1s de que el uso de celulares mientras se conduce incrementa hasta cuatro veces el riesgo de un accidente vial.<\/p>\n\n\n\n<p>Al se\u00f1alar el caso de Tamaulipas, donde recientemente se aprob\u00f3 el incremento en sanciones para quienes provoquen accidentes por el uso de celular o desestimar las medidas de seguridad, el diputado se\u00f1al\u00f3 que es momento de que en la entidad se tomen las acciones pertinentes en el mismo sentido.<\/p>\n\n\n\n<p>El legislador agradeci\u00f3 a Ver\u00f3nica Casanova y Alejandro Gonz\u00e1lez, presidentes y fundadores de la Fundaci\u00f3n Tigre Casanova, quienes impulsaron la presentaci\u00f3n de la iniciativa en el Congreso local.<\/p>\n\n\n\n<p>Las comisiones de Procuraci\u00f3n y Administraci\u00f3n, de Seguridad P\u00fablica y Tr\u00e1nsito, y de Comunicaciones y Transportes dictaminar\u00e1n esta iniciativa.<\/p>\n\n\n\n<p>Al t\u00e9rmino de la sesi\u00f3n plenaria, el legislador Couttolenc Buentello inaugur\u00f3 la exposici\u00f3n gr\u00e1fica sobre accidentes viales \u2018P\u00f3ntelo\u2019, en el vest\u00edbulo del recinto legislativo y destac\u00f3 necesidad de generar conciencia respecto a la importancia de utilizar el cintur\u00f3n de seguridad, debido a que los accidentes automovil\u00edsticos son la primera causa de muerte entre j\u00f3venes de 15 y 29 a\u00f1os en el pa\u00eds.<\/p>\n\n\n\n<p>En este acto el legislador estuvo acompa\u00f1ado por Alejandro Gonz\u00e1lez y Ver\u00f3nica Casanova, quienes advirtieron que se pierden 65 vidas diarias en el pa\u00eds a causa de los accidentes automovil\u00edsticos, y recordaron que si no se utiliza el cintur\u00f3n las bolsas de aire no se abren.<\/p>\n\n\n\n<p>La exposici\u00f3n consisti\u00f3 en fotograf\u00edas y advertencias de las causas de accidente, adem\u00e1s de que a las afueras de la Legislatura se expusieron dos veh\u00edculos con graves da\u00f1os debido a que participaron en distintos percances.<\/p>\n","protected":false},"excerpt":{"rendered":"<p>El diputado Jos\u00e9 Alberto Couttolenc Buentello, coordinador del Grupo Parlamentario del Partido Verde, propuso sanciones de dos a ocho a\u00f1os de prisi\u00f3n en delitos culposos cometidos por automovilistas particulares o conductores del transporte p\u00fablico, de personal o escolar, por conducir con exceso de velocidad, usar equipos de telefon\u00eda celular o sistemas de comunicaci\u00f3n electr\u00f3nica, de radiocomunicaci\u00f3n o tecnolog\u00eda, cuando resulten personas muertas. De acuerdo con la propuesta presentada en sesi\u00f3n del Cuarto Periodo Ordinario, si el accidente dejara heridos la sanci\u00f3n ser\u00eda de dos a seis a\u00f1os de c\u00e1rcel, y&hellip;<\/p>\n","protected":false},"author":1,"featured_media":786,"comment_status":"open","ping_status":"open","sticky":false,"template":"","format":"standard","meta":{"footnotes":""},"categories":[6],"tags":[],"class_list":["post-785","post","type-post","status-publish","format-standard","has-post-thumbnail","hentry","category-seguridad"],"yoast_head":"<!-- This site is optimized with the Yoast SEO plugin v27.5 - https:\/\/yoast.com\/product\/yoast-seo-wordpress\/ -->\n<title>MAYORES SANCIONES A QUIEN CAUSE ACCIDENTES VEHICULARES POR USAR EL TEL\u00c9FONO, PROPONE JOS\u00c9 COUTTOLENC - Expresso Metropolitano<\/title>\n<meta name=\"robots\" content=\"index, follow, max-snippet:-1, max-image-preview:large, max-video-preview:-1\" \/>\n<link rel=\"canonical\" href=\"https:\/\/expressometro.mx\/index.php\/2019\/09\/25\/mayores-sanciones-a-quien-cause-accidentes-vehiculares-por-usar-el-telefono-propone-jose-couttolenc\/\" \/>\n<meta property=\"og:locale\" content=\"es_MX\" \/>\n<meta property=\"og:type\" content=\"article\" \/>\n<meta property=\"og:title\" content=\"MAYORES SANCIONES A QUIEN CAUSE ACCIDENTES VEHICULARES POR USAR EL TEL\u00c9FONO, PROPONE JOS\u00c9 COUTTOLENC - Expresso Metropolitano\" \/>\n<meta property=\"og:description\" content=\"El diputado Jos\u00e9 Alberto Couttolenc Buentello, coordinador del Grupo Parlamentario del Partido Verde, propuso sanciones de dos a ocho a\u00f1os de prisi\u00f3n en delitos culposos cometidos por automovilistas particulares o conductores del transporte p\u00fablico, de personal o escolar, por conducir con exceso de velocidad, usar equipos de telefon\u00eda celular o sistemas de comunicaci\u00f3n electr\u00f3nica, de radiocomunicaci\u00f3n o tecnolog\u00eda, cuando resulten personas muertas. De acuerdo con la propuesta presentada en sesi\u00f3n del Cuarto Periodo Ordinario, si el accidente dejara heridos la sanci\u00f3n ser\u00eda de dos a seis a\u00f1os de c\u00e1rcel, y&hellip;\" \/>\n<meta property=\"og:url\" content=\"https:\/\/expressometro.mx\/index.php\/2019\/09\/25\/mayores-sanciones-a-quien-cause-accidentes-vehiculares-por-usar-el-telefono-propone-jose-couttolenc\/\" \/>\n<meta property=\"og:site_name\" content=\"Expresso Metropolitano\" \/>\n<meta property=\"article:published_time\" content=\"2019-09-26T02:57:27+00:00\" \/>\n<meta property=\"article:modified_time\" content=\"2019-09-26T02:57:28+00:00\" \/>\n<meta property=\"og:image\" content=\"https:\/\/expressometro.mx\/wp-content\/uploads\/2019\/09\/1229a.jpg\" \/>\n\t<meta property=\"og:image:width\" content=\"850\" \/>\n\t<meta property=\"og:image:height\" content=\"567\" \/>\n\t<meta property=\"og:image:type\" content=\"image\/jpeg\" \/>\n<meta name=\"author\" content=\"Expresso Metropolitano\" \/>\n<meta name=\"twitter:label1\" content=\"Escrito por\" \/>\n\t<meta name=\"twitter:data1\" content=\"Expresso Metropolitano\" \/>\n\t<meta name=\"twitter:label2\" content=\"Tiempo de lectura\" \/>\n\t<meta name=\"twitter:data2\" content=\"4 minutos\" \/>\n<script type=\"application\/ld+json\" class=\"yoast-schema-graph\">{\"@context\":\"https:\\\/\\\/schema.org\",\"@graph\":[{\"@type\":\"Article\",\"@id\":\"https:\\\/\\\/expressometro.mx\\\/index.php\\\/2019\\\/09\\\/25\\\/mayores-sanciones-a-quien-cause-accidentes-vehiculares-por-usar-el-telefono-propone-jose-couttolenc\\\/#article\",\"isPartOf\":{\"@id\":\"https:\\\/\\\/expressometro.mx\\\/index.php\\\/2019\\\/09\\\/25\\\/mayores-sanciones-a-quien-cause-accidentes-vehiculares-por-usar-el-telefono-propone-jose-couttolenc\\\/\"},\"author\":{\"name\":\"Expresso Metropolitano\",\"@id\":\"https:\\\/\\\/expressometro.mx\\\/#\\\/schema\\\/person\\\/efa971b4a0664db8ed5c22b1b0dd2f5d\"},\"headline\":\"MAYORES SANCIONES A QUIEN CAUSE ACCIDENTES VEHICULARES POR USAR EL TEL\u00c9FONO, PROPONE JOS\u00c9 COUTTOLENC\",\"datePublished\":\"2019-09-26T02:57:27+00:00\",\"dateModified\":\"2019-09-26T02:57:28+00:00\",\"mainEntityOfPage\":{\"@id\":\"https:\\\/\\\/expressometro.mx\\\/index.php\\\/2019\\\/09\\\/25\\\/mayores-sanciones-a-quien-cause-accidentes-vehiculares-por-usar-el-telefono-propone-jose-couttolenc\\\/\"},\"wordCount\":758,\"commentCount\":0,\"publisher\":{\"@id\":\"https:\\\/\\\/expressometro.mx\\\/#organization\"},\"image\":{\"@id\":\"https:\\\/\\\/expressometro.mx\\\/index.php\\\/2019\\\/09\\\/25\\\/mayores-sanciones-a-quien-cause-accidentes-vehiculares-por-usar-el-telefono-propone-jose-couttolenc\\\/#primaryimage\"},\"thumbnailUrl\":\"https:\\\/\\\/expressometro.mx\\\/wp-content\\\/uploads\\\/2019\\\/09\\\/1229a.jpg\",\"articleSection\":[\"Seguridad\"],\"inLanguage\":\"es\",\"potentialAction\":[{\"@type\":\"CommentAction\",\"name\":\"Comment\",\"target\":[\"https:\\\/\\\/expressometro.mx\\\/index.php\\\/2019\\\/09\\\/25\\\/mayores-sanciones-a-quien-cause-accidentes-vehiculares-por-usar-el-telefono-propone-jose-couttolenc\\\/#respond\"]}]},{\"@type\":\"WebPage\",\"@id\":\"https:\\\/\\\/expressometro.mx\\\/index.php\\\/2019\\\/09\\\/25\\\/mayores-sanciones-a-quien-cause-accidentes-vehiculares-por-usar-el-telefono-propone-jose-couttolenc\\\/\",\"url\":\"https:\\\/\\\/expressometro.mx\\\/index.php\\\/2019\\\/09\\\/25\\\/mayores-sanciones-a-quien-cause-accidentes-vehiculares-por-usar-el-telefono-propone-jose-couttolenc\\\/\",\"name\":\"MAYORES SANCIONES A QUIEN CAUSE ACCIDENTES VEHICULARES POR USAR EL TEL\u00c9FONO, PROPONE JOS\u00c9 COUTTOLENC - Expresso Metropolitano\",\"isPartOf\":{\"@id\":\"https:\\\/\\\/expressometro.mx\\\/#website\"},\"primaryImageOfPage\":{\"@id\":\"https:\\\/\\\/expressometro.mx\\\/index.php\\\/2019\\\/09\\\/25\\\/mayores-sanciones-a-quien-cause-accidentes-vehiculares-por-usar-el-telefono-propone-jose-couttolenc\\\/#primaryimage\"},\"image\":{\"@id\":\"https:\\\/\\\/expressometro.mx\\\/index.php\\\/2019\\\/09\\\/25\\\/mayores-sanciones-a-quien-cause-accidentes-vehiculares-por-usar-el-telefono-propone-jose-couttolenc\\\/#primaryimage\"},\"thumbnailUrl\":\"https:\\\/\\\/expressometro.mx\\\/wp-content\\\/uploads\\\/2019\\\/09\\\/1229a.jpg\",\"datePublished\":\"2019-09-26T02:57:27+00:00\",\"dateModified\":\"2019-09-26T02:57:28+00:00\",\"breadcrumb\":{\"@id\":\"https:\\\/\\\/expressometro.mx\\\/index.php\\\/2019\\\/09\\\/25\\\/mayores-sanciones-a-quien-cause-accidentes-vehiculares-por-usar-el-telefono-propone-jose-couttolenc\\\/#breadcrumb\"},\"inLanguage\":\"es\",\"potentialAction\":[{\"@type\":\"ReadAction\",\"target\":[\"https:\\\/\\\/expressometro.mx\\\/index.php\\\/2019\\\/09\\\/25\\\/mayores-sanciones-a-quien-cause-accidentes-vehiculares-por-usar-el-telefono-propone-jose-couttolenc\\\/\"]}]},{\"@type\":\"ImageObject\",\"inLanguage\":\"es\",\"@id\":\"https:\\\/\\\/expressometro.mx\\\/index.php\\\/2019\\\/09\\\/25\\\/mayores-sanciones-a-quien-cause-accidentes-vehiculares-por-usar-el-telefono-propone-jose-couttolenc\\\/#primaryimage\",\"url\":\"https:\\\/\\\/expressometro.mx\\\/wp-content\\\/uploads\\\/2019\\\/09\\\/1229a.jpg\",\"contentUrl\":\"https:\\\/\\\/expressometro.mx\\\/wp-content\\\/uploads\\\/2019\\\/09\\\/1229a.jpg\",\"width\":850,\"height\":567},{\"@type\":\"BreadcrumbList\",\"@id\":\"https:\\\/\\\/expressometro.mx\\\/index.php\\\/2019\\\/09\\\/25\\\/mayores-sanciones-a-quien-cause-accidentes-vehiculares-por-usar-el-telefono-propone-jose-couttolenc\\\/#breadcrumb\",\"itemListElement\":[{\"@type\":\"ListItem\",\"position\":1,\"name\":\"Inicio\",\"item\":\"https:\\\/\\\/expressometro.mx\\\/\"},{\"@type\":\"ListItem\",\"position\":2,\"name\":\"MAYORES SANCIONES A QUIEN CAUSE ACCIDENTES VEHICULARES POR USAR EL TEL\u00c9FONO, PROPONE JOS\u00c9 COUTTOLENC\"}]},{\"@type\":\"WebSite\",\"@id\":\"https:\\\/\\\/expressometro.mx\\\/#website\",\"url\":\"https:\\\/\\\/expressometro.mx\\\/\",\"name\":\"Expresso Metropolitano\",\"description\":\"Periodismo comprometido, informaci\u00f3n, investigaci\u00f3n y an\u00e1lisis\",\"publisher\":{\"@id\":\"https:\\\/\\\/expressometro.mx\\\/#organization\"},\"potentialAction\":[{\"@type\":\"SearchAction\",\"target\":{\"@type\":\"EntryPoint\",\"urlTemplate\":\"https:\\\/\\\/expressometro.mx\\\/?s={search_term_string}\"},\"query-input\":{\"@type\":\"PropertyValueSpecification\",\"valueRequired\":true,\"valueName\":\"search_term_string\"}}],\"inLanguage\":\"es\"},{\"@type\":\"Organization\",\"@id\":\"https:\\\/\\\/expressometro.mx\\\/#organization\",\"name\":\"Expresso Metropolitano\",\"url\":\"https:\\\/\\\/expressometro.mx\\\/\",\"logo\":{\"@type\":\"ImageObject\",\"inLanguage\":\"es\",\"@id\":\"https:\\\/\\\/expressometro.mx\\\/#\\\/schema\\\/logo\\\/image\\\/\",\"url\":\"https:\\\/\\\/expressometro.mx\\\/wp-content\\\/uploads\\\/2019\\\/07\\\/cropped-Logo-Expresso-Metropolitano-1-1.jpeg\",\"contentUrl\":\"https:\\\/\\\/expressometro.mx\\\/wp-content\\\/uploads\\\/2019\\\/07\\\/cropped-Logo-Expresso-Metropolitano-1-1.jpeg\",\"width\":290,\"height\":73,\"caption\":\"Expresso Metropolitano\"},\"image\":{\"@id\":\"https:\\\/\\\/expressometro.mx\\\/#\\\/schema\\\/logo\\\/image\\\/\"}},{\"@type\":\"Person\",\"@id\":\"https:\\\/\\\/expressometro.mx\\\/#\\\/schema\\\/person\\\/efa971b4a0664db8ed5c22b1b0dd2f5d\",\"name\":\"Expresso Metropolitano\",\"image\":{\"@type\":\"ImageObject\",\"inLanguage\":\"es\",\"@id\":\"https:\\\/\\\/secure.gravatar.com\\\/avatar\\\/a89f802b8de18c6952f223c88d3d106e9e3679839f4e25a02f4a6cc2ae6ba3b3?s=96&d=mm&r=g\",\"url\":\"https:\\\/\\\/secure.gravatar.com\\\/avatar\\\/a89f802b8de18c6952f223c88d3d106e9e3679839f4e25a02f4a6cc2ae6ba3b3?s=96&d=mm&r=g\",\"contentUrl\":\"https:\\\/\\\/secure.gravatar.com\\\/avatar\\\/a89f802b8de18c6952f223c88d3d106e9e3679839f4e25a02f4a6cc2ae6ba3b3?s=96&d=mm&r=g\",\"caption\":\"Expresso Metropolitano\"},\"url\":\"https:\\\/\\\/expressometro.mx\\\/index.php\\\/author\\\/diego\\\/\"}]}<\/script>\n<!-- \/ Yoast SEO plugin. -->","yoast_head_json":{"title":"MAYORES SANCIONES A QUIEN CAUSE ACCIDENTES VEHICULARES POR USAR EL TEL\u00c9FONO, PROPONE JOS\u00c9 COUTTOLENC - Expresso Metropolitano","robots":{"index":"index","follow":"follow","max-snippet":"max-snippet:-1","max-image-preview":"max-image-preview:large","max-video-preview":"max-video-preview:-1"},"canonical":"https:\/\/expressometro.mx\/index.php\/2019\/09\/25\/mayores-sanciones-a-quien-cause-accidentes-vehiculares-por-usar-el-telefono-propone-jose-couttolenc\/","og_locale":"es_MX","og_type":"article","og_title":"MAYORES SANCIONES A QUIEN CAUSE ACCIDENTES VEHICULARES POR USAR EL TEL\u00c9FONO, PROPONE JOS\u00c9 COUTTOLENC - Expresso Metropolitano","og_description":"El diputado Jos\u00e9 Alberto Couttolenc Buentello, coordinador del Grupo Parlamentario del Partido Verde, propuso sanciones de dos a ocho a\u00f1os de prisi\u00f3n en delitos culposos cometidos por automovilistas particulares o conductores del transporte p\u00fablico, de personal o escolar, por conducir con exceso de velocidad, usar equipos de telefon\u00eda celular o sistemas de comunicaci\u00f3n electr\u00f3nica, de radiocomunicaci\u00f3n o tecnolog\u00eda, cuando resulten personas muertas. De acuerdo con la propuesta presentada en sesi\u00f3n del Cuarto Periodo Ordinario, si el accidente dejara heridos la sanci\u00f3n ser\u00eda de dos a seis a\u00f1os de c\u00e1rcel, y&hellip;","og_url":"https:\/\/expressometro.mx\/index.php\/2019\/09\/25\/mayores-sanciones-a-quien-cause-accidentes-vehiculares-por-usar-el-telefono-propone-jose-couttolenc\/","og_site_name":"Expresso Metropolitano","article_published_time":"2019-09-26T02:57:27+00:00","article_modified_time":"2019-09-26T02:57:28+00:00","og_image":[{"width":850,"height":567,"url":"https:\/\/expressometro.mx\/wp-content\/uploads\/2019\/09\/1229a.jpg","type":"image\/jpeg"}],"author":"Expresso Metropolitano","twitter_misc":{"Escrito por":"Expresso Metropolitano","Tiempo de lectura":"4 minutos"},"schema":{"@context":"https:\/\/schema.org","@graph":[{"@type":"Article","@id":"https:\/\/expressometro.mx\/index.php\/2019\/09\/25\/mayores-sanciones-a-quien-cause-accidentes-vehiculares-por-usar-el-telefono-propone-jose-couttolenc\/#article","isPartOf":{"@id":"https:\/\/expressometro.mx\/index.php\/2019\/09\/25\/mayores-sanciones-a-quien-cause-accidentes-vehiculares-por-usar-el-telefono-propone-jose-couttolenc\/"},"author":{"name":"Expresso Metropolitano","@id":"https:\/\/expressometro.mx\/#\/schema\/person\/efa971b4a0664db8ed5c22b1b0dd2f5d"},"headline":"MAYORES SANCIONES A QUIEN CAUSE ACCIDENTES VEHICULARES POR USAR EL TEL\u00c9FONO, PROPONE JOS\u00c9 COUTTOLENC","datePublished":"2019-09-26T02:57:27+00:00","dateModified":"2019-09-26T02:57:28+00:00","mainEntityOfPage":{"@id":"https:\/\/expressometro.mx\/index.php\/2019\/09\/25\/mayores-sanciones-a-quien-cause-accidentes-vehiculares-por-usar-el-telefono-propone-jose-couttolenc\/"},"wordCount":758,"commentCount":0,"publisher":{"@id":"https:\/\/expressometro.mx\/#organization"},"image":{"@id":"https:\/\/expressometro.mx\/index.php\/2019\/09\/25\/mayores-sanciones-a-quien-cause-accidentes-vehiculares-por-usar-el-telefono-propone-jose-couttolenc\/#primaryimage"},"thumbnailUrl":"https:\/\/expressometro.mx\/wp-content\/uploads\/2019\/09\/1229a.jpg","articleSection":["Seguridad"],"inLanguage":"es","potentialAction":[{"@type":"CommentAction","name":"Comment","target":["https:\/\/expressometro.mx\/index.php\/2019\/09\/25\/mayores-sanciones-a-quien-cause-accidentes-vehiculares-por-usar-el-telefono-propone-jose-couttolenc\/#respond"]}]},{"@type":"WebPage","@id":"https:\/\/expressometro.mx\/index.php\/2019\/09\/25\/mayores-sanciones-a-quien-cause-accidentes-vehiculares-por-usar-el-telefono-propone-jose-couttolenc\/","url":"https:\/\/expressometro.mx\/index.php\/2019\/09\/25\/mayores-sanciones-a-quien-cause-accidentes-vehiculares-por-usar-el-telefono-propone-jose-couttolenc\/","name":"MAYORES SANCIONES A QUIEN CAUSE ACCIDENTES VEHICULARES POR USAR EL TEL\u00c9FONO, PROPONE JOS\u00c9 COUTTOLENC - Expresso Metropolitano","isPartOf":{"@id":"https:\/\/expressometro.mx\/#website"},"primaryImageOfPage":{"@id":"https:\/\/expressometro.mx\/index.php\/2019\/09\/25\/mayores-sanciones-a-quien-cause-accidentes-vehiculares-por-usar-el-telefono-propone-jose-couttolenc\/#primaryimage"},"image":{"@id":"https:\/\/expressometro.mx\/index.php\/2019\/09\/25\/mayores-sanciones-a-quien-cause-accidentes-vehiculares-por-usar-el-telefono-propone-jose-couttolenc\/#primaryimage"},"thumbnailUrl":"https:\/\/expressometro.mx\/wp-content\/uploads\/2019\/09\/1229a.jpg","datePublished":"2019-09-26T02:57:27+00:00","dateModified":"2019-09-26T02:57:28+00:00","breadcrumb":{"@id":"https:\/\/expressometro.mx\/index.php\/2019\/09\/25\/mayores-sanciones-a-quien-cause-accidentes-vehiculares-por-usar-el-telefono-propone-jose-couttolenc\/#breadcrumb"},"inLanguage":"es","potentialAction":[{"@type":"ReadAction","target":["https:\/\/expressometro.mx\/index.php\/2019\/09\/25\/mayores-sanciones-a-quien-cause-accidentes-vehiculares-por-usar-el-telefono-propone-jose-couttolenc\/"]}]},{"@type":"ImageObject","inLanguage":"es","@id":"https:\/\/expressometro.mx\/index.php\/2019\/09\/25\/mayores-sanciones-a-quien-cause-accidentes-vehiculares-por-usar-el-telefono-propone-jose-couttolenc\/#primaryimage","url":"https:\/\/expressometro.mx\/wp-content\/uploads\/2019\/09\/1229a.jpg","contentUrl":"https:\/\/expressometro.mx\/wp-content\/uploads\/2019\/09\/1229a.jpg","width":850,"height":567},{"@type":"BreadcrumbList","@id":"https:\/\/expressometro.mx\/index.php\/2019\/09\/25\/mayores-sanciones-a-quien-cause-accidentes-vehiculares-por-usar-el-telefono-propone-jose-couttolenc\/#breadcrumb","itemListElement":[{"@type":"ListItem","position":1,"name":"Inicio","item":"https:\/\/expressometro.mx\/"},{"@type":"ListItem","position":2,"name":"MAYORES SANCIONES A QUIEN CAUSE ACCIDENTES VEHICULARES POR USAR EL TEL\u00c9FONO, PROPONE JOS\u00c9 COUTTOLENC"}]},{"@type":"WebSite","@id":"https:\/\/expressometro.mx\/#website","url":"https:\/\/expressometro.mx\/","name":"Expresso Metropolitano","description":"Periodismo comprometido, informaci\u00f3n, investigaci\u00f3n y an\u00e1lisis","publisher":{"@id":"https:\/\/expressometro.mx\/#organization"},"potentialAction":[{"@type":"SearchAction","target":{"@type":"EntryPoint","urlTemplate":"https:\/\/expressometro.mx\/?s={search_term_string}"},"query-input":{"@type":"PropertyValueSpecification","valueRequired":true,"valueName":"search_term_string"}}],"inLanguage":"es"},{"@type":"Organization","@id":"https:\/\/expressometro.mx\/#organization","name":"Expresso Metropolitano","url":"https:\/\/expressometro.mx\/","logo":{"@type":"ImageObject","inLanguage":"es","@id":"https:\/\/expressometro.mx\/#\/schema\/logo\/image\/","url":"https:\/\/expressometro.mx\/wp-content\/uploads\/2019\/07\/cropped-Logo-Expresso-Metropolitano-1-1.jpeg","contentUrl":"https:\/\/expressometro.mx\/wp-content\/uploads\/2019\/07\/cropped-Logo-Expresso-Metropolitano-1-1.jpeg","width":290,"height":73,"caption":"Expresso Metropolitano"},"image":{"@id":"https:\/\/expressometro.mx\/#\/schema\/logo\/image\/"}},{"@type":"Person","@id":"https:\/\/expressometro.mx\/#\/schema\/person\/efa971b4a0664db8ed5c22b1b0dd2f5d","name":"Expresso Metropolitano","image":{"@type":"ImageObject","inLanguage":"es","@id":"https:\/\/secure.gravatar.com\/avatar\/a89f802b8de18c6952f223c88d3d106e9e3679839f4e25a02f4a6cc2ae6ba3b3?s=96&d=mm&r=g","url":"https:\/\/secure.gravatar.com\/avatar\/a89f802b8de18c6952f223c88d3d106e9e3679839f4e25a02f4a6cc2ae6ba3b3?s=96&d=mm&r=g","contentUrl":"https:\/\/secure.gravatar.com\/avatar\/a89f802b8de18c6952f223c88d3d106e9e3679839f4e25a02f4a6cc2ae6ba3b3?s=96&d=mm&r=g","caption":"Expresso Metropolitano"},"url":"https:\/\/expressometro.mx\/index.php\/author\/diego\/"}]}},"amp_enabled":true,"_links":{"self":[{"href":"https:\/\/expressometro.mx\/index.php\/wp-json\/wp\/v2\/posts\/785","targetHints":{"allow":["GET"]}}],"collection":[{"href":"https:\/\/expressometro.mx\/index.php\/wp-json\/wp\/v2\/posts"}],"about":[{"href":"https:\/\/expressometro.mx\/index.php\/wp-json\/wp\/v2\/types\/post"}],"author":[{"embeddable":true,"href":"https:\/\/expressometro.mx\/index.php\/wp-json\/wp\/v2\/users\/1"}],"replies":[{"embeddable":true,"href":"https:\/\/expressometro.mx\/index.php\/wp-json\/wp\/v2\/comments?post=785"}],"version-history":[{"count":1,"href":"https:\/\/expressometro.mx\/index.php\/wp-json\/wp\/v2\/posts\/785\/revisions"}],"predecessor-version":[{"id":787,"href":"https:\/\/expressometro.mx\/index.php\/wp-json\/wp\/v2\/posts\/785\/revisions\/787"}],"wp:featuredmedia":[{"embeddable":true,"href":"https:\/\/expressometro.mx\/index.php\/wp-json\/wp\/v2\/media\/786"}],"wp:attachment":[{"href":"https:\/\/expressometro.mx\/index.php\/wp-json\/wp\/v2\/media?parent=785"}],"wp:term":[{"taxonomy":"category","embeddable":true,"href":"https:\/\/expressometro.mx\/index.php\/wp-json\/wp\/v2\/categories?post=785"},{"taxonomy":"post_tag","embeddable":true,"href":"https:\/\/expressometro.mx\/index.php\/wp-json\/wp\/v2\/tags?post=785"}],"curies":[{"name":"wp","href":"https:\/\/api.w.org\/{rel}","templated":true}]}}