{"id":7846,"date":"2023-08-11T08:33:01","date_gmt":"2023-08-11T13:33:01","guid":{"rendered":"https:\/\/expressometro.mx\/?p=7846"},"modified":"2023-09-05T08:35:01","modified_gmt":"2023-09-05T13:35:01","slug":"aculco-firma-convenio-de-colaboracion-con-uaemex","status":"publish","type":"post","link":"https:\/\/expressometro.mx\/index.php\/2023\/08\/11\/aculco-firma-convenio-de-colaboracion-con-uaemex\/","title":{"rendered":"ACULCO FIRMA CONVENIO DE COLABORACI\u00d3N CON UAEM\u00e9x"},"content":{"rendered":"\n<p><\/p>\n\n\n\n<p>El rector de la Universidad Aut\u00f3noma del Estado de M\u00e9xico (UAEM\u00e9x), Carlos Eduardo Barrera D\u00edaz, sign\u00f3 convenios generales de colaboraci\u00f3n con ediles de 13 municipios de la zona norte de la entidad: Atlacomulco, Acambay, Aculco, El Oro, Jilotepec, Jiquipilco, Jocotitl\u00e1n, Morelos, Polotitl\u00e1n, Soyaniquilpan, Temascalcingo, Timilpan y Villa del Carb\u00f3n.<\/p>\n\n\n\n<p>EL Presidente Municipal de Aculco, Jorge Osornio Victoria, y los ediles de los otros 12 municipios firmantes coincidieron en la importancia que para la ciudadan\u00eda tiene el fortalecimiento de los v\u00ednculos con la Universidad Aut\u00f3noma del Estado de M\u00e9xico.<\/p>\n\n\n\n<p>En la Casa Museo y Centro Regional de Cultura \u201cLic. Isidro Fabela Alfaro\u201d, en el municipio de Atlacomulco, el rector expres\u00f3 su benepl\u00e1cito por la firma de estos instrumentos de colaboraci\u00f3n, que significan unir voluntades en pro del desarrollo de esta regi\u00f3n del Estado de M\u00e9xico.<\/p>\n\n\n\n<p>En su oportunidad, Oscar Gustavo C\u00e1rdenas Monroy reconoci\u00f3 a la M\u00e1xima Casa de Estudios mexiquense como impulsora del desarrollo y progreso del estado, particularmente de la zona norte. Afirm\u00f3 que los presidentes municipales firmantes de estos convenios manifiestan su inter\u00e9s por mejorar los procesos que llevan a cabo en cada uno de los municipios y que permiten que el desarrollo sea m\u00e1s adecuado y abra m\u00e1s posibilidades a las personas y familias de la regi\u00f3n.<\/p>\n\n\n\n<p>Cabe resaltar que, en este marco, el rector Carlos Eduardo Barrera D\u00edaz entreg\u00f3 siete pantallas de 65 pulgadas y tres proyectores al Plantel \u201cIsidro Fabela Alfaro\u201d de la Escuela Preparatoria, as\u00ed como cinco pantallas de 65 pulgadas y cinco proyectores al Centro Universitario Atlacomulco, con la finalidad de que las comunidades de ambos espacios puedan desarrollar de una mejor manera sus actividades acad\u00e9micas.<\/p>\n","protected":false},"excerpt":{"rendered":"<p>El rector de la Universidad Aut\u00f3noma del Estado de M\u00e9xico (UAEM\u00e9x), Carlos Eduardo Barrera D\u00edaz, sign\u00f3 convenios generales de colaboraci\u00f3n con ediles de 13 municipios de la zona norte de la entidad: Atlacomulco, Acambay, Aculco, El Oro, Jilotepec, Jiquipilco, Jocotitl\u00e1n, Morelos, Polotitl\u00e1n, Soyaniquilpan, Temascalcingo, Timilpan y Villa del Carb\u00f3n.<\/p>\n","protected":false},"author":1,"featured_media":7848,"comment_status":"open","ping_status":"open","sticky":false,"template":"","format":"standard","meta":{"footnotes":""},"categories":[108,3,1,231],"tags":[955,1982,86,954],"class_list":["post-7846","post","type-post","status-publish","format-standard","has-post-thumbnail","hentry","category-educacion","category-gobierno","category-otros","category-politica","tag-aculco","tag-edomex","tag-gem","tag-jorge-osornio"],"yoast_head":"<!-- This site is optimized with the Yoast SEO plugin v27.4 - https:\/\/yoast.com\/product\/yoast-seo-wordpress\/ -->\n<title>ACULCO FIRMA CONVENIO DE COLABORACI\u00d3N CON UAEM\u00e9x - Expresso Metropolitano<\/title>\n<meta name=\"robots\" content=\"index, follow, max-snippet:-1, max-image-preview:large, max-video-preview:-1\" \/>\n<link rel=\"canonical\" href=\"https:\/\/expressometro.mx\/index.php\/2023\/08\/11\/aculco-firma-convenio-de-colaboracion-con-uaemex\/\" \/>\n<meta property=\"og:locale\" content=\"es_MX\" \/>\n<meta property=\"og:type\" content=\"article\" \/>\n<meta property=\"og:title\" content=\"ACULCO FIRMA CONVENIO DE COLABORACI\u00d3N CON UAEM\u00e9x - Expresso Metropolitano\" \/>\n<meta property=\"og:description\" content=\"El rector de la Universidad Aut\u00f3noma del Estado de M\u00e9xico (UAEM\u00e9x), Carlos Eduardo Barrera D\u00edaz, sign\u00f3 convenios generales de colaboraci\u00f3n con ediles de 13 municipios de la zona norte de la entidad: Atlacomulco, Acambay, Aculco, El Oro, Jilotepec, Jiquipilco, Jocotitl\u00e1n, Morelos, Polotitl\u00e1n, Soyaniquilpan, Temascalcingo, Timilpan y Villa del Carb\u00f3n.\" \/>\n<meta property=\"og:url\" content=\"https:\/\/expressometro.mx\/index.php\/2023\/08\/11\/aculco-firma-convenio-de-colaboracion-con-uaemex\/\" \/>\n<meta property=\"og:site_name\" content=\"Expresso Metropolitano\" \/>\n<meta property=\"article:published_time\" content=\"2023-08-11T13:33:01+00:00\" \/>\n<meta property=\"article:modified_time\" content=\"2023-09-05T13:35:01+00:00\" \/>\n<meta property=\"og:image\" content=\"http:\/\/expressometro.mx\/wp-content\/uploads\/2023\/09\/Aculco-Firma-de-Convenio-UAEMex-110823-1.jpg\" \/>\n\t<meta property=\"og:image:width\" content=\"1440\" \/>\n\t<meta property=\"og:image:height\" content=\"864\" \/>\n\t<meta property=\"og:image:type\" content=\"image\/jpeg\" \/>\n<meta name=\"author\" content=\"Expresso Metropolitano\" \/>\n<meta name=\"twitter:label1\" content=\"Escrito por\" \/>\n\t<meta name=\"twitter:data1\" content=\"Expresso Metropolitano\" \/>\n\t<meta name=\"twitter:label2\" content=\"Tiempo de lectura\" \/>\n\t<meta name=\"twitter:data2\" content=\"2 minutos\" \/>\n<script type=\"application\/ld+json\" class=\"yoast-schema-graph\">{\"@context\":\"https:\\\/\\\/schema.org\",\"@graph\":[{\"@type\":\"Article\",\"@id\":\"https:\\\/\\\/expressometro.mx\\\/index.php\\\/2023\\\/08\\\/11\\\/aculco-firma-convenio-de-colaboracion-con-uaemex\\\/#article\",\"isPartOf\":{\"@id\":\"https:\\\/\\\/expressometro.mx\\\/index.php\\\/2023\\\/08\\\/11\\\/aculco-firma-convenio-de-colaboracion-con-uaemex\\\/\"},\"author\":{\"name\":\"Expresso Metropolitano\",\"@id\":\"https:\\\/\\\/expressometro.mx\\\/#\\\/schema\\\/person\\\/efa971b4a0664db8ed5c22b1b0dd2f5d\"},\"headline\":\"ACULCO FIRMA CONVENIO DE COLABORACI\u00d3N CON UAEM\u00e9x\",\"datePublished\":\"2023-08-11T13:33:01+00:00\",\"dateModified\":\"2023-09-05T13:35:01+00:00\",\"mainEntityOfPage\":{\"@id\":\"https:\\\/\\\/expressometro.mx\\\/index.php\\\/2023\\\/08\\\/11\\\/aculco-firma-convenio-de-colaboracion-con-uaemex\\\/\"},\"wordCount\":301,\"commentCount\":0,\"publisher\":{\"@id\":\"https:\\\/\\\/expressometro.mx\\\/#organization\"},\"image\":{\"@id\":\"https:\\\/\\\/expressometro.mx\\\/index.php\\\/2023\\\/08\\\/11\\\/aculco-firma-convenio-de-colaboracion-con-uaemex\\\/#primaryimage\"},\"thumbnailUrl\":\"https:\\\/\\\/expressometro.mx\\\/wp-content\\\/uploads\\\/2023\\\/09\\\/Aculco-Firma-de-Convenio-UAEMex-110823-1.jpg\",\"keywords\":[\"Aculco\",\"Edomex\",\"GEM\",\"Jorge Osornio\"],\"articleSection\":[\"Educaci\u00f3n\",\"Gobierno\",\"Otros\",\"Pol\u00edtica\"],\"inLanguage\":\"es\",\"potentialAction\":[{\"@type\":\"CommentAction\",\"name\":\"Comment\",\"target\":[\"https:\\\/\\\/expressometro.mx\\\/index.php\\\/2023\\\/08\\\/11\\\/aculco-firma-convenio-de-colaboracion-con-uaemex\\\/#respond\"]}]},{\"@type\":\"WebPage\",\"@id\":\"https:\\\/\\\/expressometro.mx\\\/index.php\\\/2023\\\/08\\\/11\\\/aculco-firma-convenio-de-colaboracion-con-uaemex\\\/\",\"url\":\"https:\\\/\\\/expressometro.mx\\\/index.php\\\/2023\\\/08\\\/11\\\/aculco-firma-convenio-de-colaboracion-con-uaemex\\\/\",\"name\":\"ACULCO FIRMA CONVENIO DE COLABORACI\u00d3N CON UAEM\u00e9x - Expresso Metropolitano\",\"isPartOf\":{\"@id\":\"https:\\\/\\\/expressometro.mx\\\/#website\"},\"primaryImageOfPage\":{\"@id\":\"https:\\\/\\\/expressometro.mx\\\/index.php\\\/2023\\\/08\\\/11\\\/aculco-firma-convenio-de-colaboracion-con-uaemex\\\/#primaryimage\"},\"image\":{\"@id\":\"https:\\\/\\\/expressometro.mx\\\/index.php\\\/2023\\\/08\\\/11\\\/aculco-firma-convenio-de-colaboracion-con-uaemex\\\/#primaryimage\"},\"thumbnailUrl\":\"https:\\\/\\\/expressometro.mx\\\/wp-content\\\/uploads\\\/2023\\\/09\\\/Aculco-Firma-de-Convenio-UAEMex-110823-1.jpg\",\"datePublished\":\"2023-08-11T13:33:01+00:00\",\"dateModified\":\"2023-09-05T13:35:01+00:00\",\"breadcrumb\":{\"@id\":\"https:\\\/\\\/expressometro.mx\\\/index.php\\\/2023\\\/08\\\/11\\\/aculco-firma-convenio-de-colaboracion-con-uaemex\\\/#breadcrumb\"},\"inLanguage\":\"es\",\"potentialAction\":[{\"@type\":\"ReadAction\",\"target\":[\"https:\\\/\\\/expressometro.mx\\\/index.php\\\/2023\\\/08\\\/11\\\/aculco-firma-convenio-de-colaboracion-con-uaemex\\\/\"]}]},{\"@type\":\"ImageObject\",\"inLanguage\":\"es\",\"@id\":\"https:\\\/\\\/expressometro.mx\\\/index.php\\\/2023\\\/08\\\/11\\\/aculco-firma-convenio-de-colaboracion-con-uaemex\\\/#primaryimage\",\"url\":\"https:\\\/\\\/expressometro.mx\\\/wp-content\\\/uploads\\\/2023\\\/09\\\/Aculco-Firma-de-Convenio-UAEMex-110823-1.jpg\",\"contentUrl\":\"https:\\\/\\\/expressometro.mx\\\/wp-content\\\/uploads\\\/2023\\\/09\\\/Aculco-Firma-de-Convenio-UAEMex-110823-1.jpg\",\"width\":1440,\"height\":864},{\"@type\":\"BreadcrumbList\",\"@id\":\"https:\\\/\\\/expressometro.mx\\\/index.php\\\/2023\\\/08\\\/11\\\/aculco-firma-convenio-de-colaboracion-con-uaemex\\\/#breadcrumb\",\"itemListElement\":[{\"@type\":\"ListItem\",\"position\":1,\"name\":\"Inicio\",\"item\":\"https:\\\/\\\/expressometro.mx\\\/\"},{\"@type\":\"ListItem\",\"position\":2,\"name\":\"ACULCO FIRMA CONVENIO DE COLABORACI\u00d3N CON UAEM\u00e9x\"}]},{\"@type\":\"WebSite\",\"@id\":\"https:\\\/\\\/expressometro.mx\\\/#website\",\"url\":\"https:\\\/\\\/expressometro.mx\\\/\",\"name\":\"Expresso Metropolitano\",\"description\":\"Periodismo comprometido, informaci\u00f3n, investigaci\u00f3n y an\u00e1lisis\",\"publisher\":{\"@id\":\"https:\\\/\\\/expressometro.mx\\\/#organization\"},\"potentialAction\":[{\"@type\":\"SearchAction\",\"target\":{\"@type\":\"EntryPoint\",\"urlTemplate\":\"https:\\\/\\\/expressometro.mx\\\/?s={search_term_string}\"},\"query-input\":{\"@type\":\"PropertyValueSpecification\",\"valueRequired\":true,\"valueName\":\"search_term_string\"}}],\"inLanguage\":\"es\"},{\"@type\":\"Organization\",\"@id\":\"https:\\\/\\\/expressometro.mx\\\/#organization\",\"name\":\"Expresso Metropolitano\",\"url\":\"https:\\\/\\\/expressometro.mx\\\/\",\"logo\":{\"@type\":\"ImageObject\",\"inLanguage\":\"es\",\"@id\":\"https:\\\/\\\/expressometro.mx\\\/#\\\/schema\\\/logo\\\/image\\\/\",\"url\":\"https:\\\/\\\/expressometro.mx\\\/wp-content\\\/uploads\\\/2019\\\/07\\\/cropped-Logo-Expresso-Metropolitano-1-1.jpeg\",\"contentUrl\":\"https:\\\/\\\/expressometro.mx\\\/wp-content\\\/uploads\\\/2019\\\/07\\\/cropped-Logo-Expresso-Metropolitano-1-1.jpeg\",\"width\":290,\"height\":73,\"caption\":\"Expresso Metropolitano\"},\"image\":{\"@id\":\"https:\\\/\\\/expressometro.mx\\\/#\\\/schema\\\/logo\\\/image\\\/\"}},{\"@type\":\"Person\",\"@id\":\"https:\\\/\\\/expressometro.mx\\\/#\\\/schema\\\/person\\\/efa971b4a0664db8ed5c22b1b0dd2f5d\",\"name\":\"Expresso Metropolitano\",\"image\":{\"@type\":\"ImageObject\",\"inLanguage\":\"es\",\"@id\":\"https:\\\/\\\/secure.gravatar.com\\\/avatar\\\/a89f802b8de18c6952f223c88d3d106e9e3679839f4e25a02f4a6cc2ae6ba3b3?s=96&d=mm&r=g\",\"url\":\"https:\\\/\\\/secure.gravatar.com\\\/avatar\\\/a89f802b8de18c6952f223c88d3d106e9e3679839f4e25a02f4a6cc2ae6ba3b3?s=96&d=mm&r=g\",\"contentUrl\":\"https:\\\/\\\/secure.gravatar.com\\\/avatar\\\/a89f802b8de18c6952f223c88d3d106e9e3679839f4e25a02f4a6cc2ae6ba3b3?s=96&d=mm&r=g\",\"caption\":\"Expresso Metropolitano\"},\"url\":\"https:\\\/\\\/expressometro.mx\\\/index.php\\\/author\\\/diego\\\/\"}]}<\/script>\n<!-- \/ Yoast SEO plugin. -->","yoast_head_json":{"title":"ACULCO FIRMA CONVENIO DE COLABORACI\u00d3N CON UAEM\u00e9x - Expresso Metropolitano","robots":{"index":"index","follow":"follow","max-snippet":"max-snippet:-1","max-image-preview":"max-image-preview:large","max-video-preview":"max-video-preview:-1"},"canonical":"https:\/\/expressometro.mx\/index.php\/2023\/08\/11\/aculco-firma-convenio-de-colaboracion-con-uaemex\/","og_locale":"es_MX","og_type":"article","og_title":"ACULCO FIRMA CONVENIO DE COLABORACI\u00d3N CON UAEM\u00e9x - Expresso Metropolitano","og_description":"El rector de la Universidad Aut\u00f3noma del Estado de M\u00e9xico (UAEM\u00e9x), Carlos Eduardo Barrera D\u00edaz, sign\u00f3 convenios generales de colaboraci\u00f3n con ediles de 13 municipios de la zona norte de la entidad: Atlacomulco, Acambay, Aculco, El Oro, Jilotepec, Jiquipilco, Jocotitl\u00e1n, Morelos, Polotitl\u00e1n, Soyaniquilpan, Temascalcingo, Timilpan y Villa del Carb\u00f3n.","og_url":"https:\/\/expressometro.mx\/index.php\/2023\/08\/11\/aculco-firma-convenio-de-colaboracion-con-uaemex\/","og_site_name":"Expresso Metropolitano","article_published_time":"2023-08-11T13:33:01+00:00","article_modified_time":"2023-09-05T13:35:01+00:00","og_image":[{"width":1440,"height":864,"url":"http:\/\/expressometro.mx\/wp-content\/uploads\/2023\/09\/Aculco-Firma-de-Convenio-UAEMex-110823-1.jpg","type":"image\/jpeg"}],"author":"Expresso Metropolitano","twitter_misc":{"Escrito por":"Expresso Metropolitano","Tiempo de lectura":"2 minutos"},"schema":{"@context":"https:\/\/schema.org","@graph":[{"@type":"Article","@id":"https:\/\/expressometro.mx\/index.php\/2023\/08\/11\/aculco-firma-convenio-de-colaboracion-con-uaemex\/#article","isPartOf":{"@id":"https:\/\/expressometro.mx\/index.php\/2023\/08\/11\/aculco-firma-convenio-de-colaboracion-con-uaemex\/"},"author":{"name":"Expresso Metropolitano","@id":"https:\/\/expressometro.mx\/#\/schema\/person\/efa971b4a0664db8ed5c22b1b0dd2f5d"},"headline":"ACULCO FIRMA CONVENIO DE COLABORACI\u00d3N CON UAEM\u00e9x","datePublished":"2023-08-11T13:33:01+00:00","dateModified":"2023-09-05T13:35:01+00:00","mainEntityOfPage":{"@id":"https:\/\/expressometro.mx\/index.php\/2023\/08\/11\/aculco-firma-convenio-de-colaboracion-con-uaemex\/"},"wordCount":301,"commentCount":0,"publisher":{"@id":"https:\/\/expressometro.mx\/#organization"},"image":{"@id":"https:\/\/expressometro.mx\/index.php\/2023\/08\/11\/aculco-firma-convenio-de-colaboracion-con-uaemex\/#primaryimage"},"thumbnailUrl":"https:\/\/expressometro.mx\/wp-content\/uploads\/2023\/09\/Aculco-Firma-de-Convenio-UAEMex-110823-1.jpg","keywords":["Aculco","Edomex","GEM","Jorge Osornio"],"articleSection":["Educaci\u00f3n","Gobierno","Otros","Pol\u00edtica"],"inLanguage":"es","potentialAction":[{"@type":"CommentAction","name":"Comment","target":["https:\/\/expressometro.mx\/index.php\/2023\/08\/11\/aculco-firma-convenio-de-colaboracion-con-uaemex\/#respond"]}]},{"@type":"WebPage","@id":"https:\/\/expressometro.mx\/index.php\/2023\/08\/11\/aculco-firma-convenio-de-colaboracion-con-uaemex\/","url":"https:\/\/expressometro.mx\/index.php\/2023\/08\/11\/aculco-firma-convenio-de-colaboracion-con-uaemex\/","name":"ACULCO FIRMA CONVENIO DE COLABORACI\u00d3N CON UAEM\u00e9x - Expresso Metropolitano","isPartOf":{"@id":"https:\/\/expressometro.mx\/#website"},"primaryImageOfPage":{"@id":"https:\/\/expressometro.mx\/index.php\/2023\/08\/11\/aculco-firma-convenio-de-colaboracion-con-uaemex\/#primaryimage"},"image":{"@id":"https:\/\/expressometro.mx\/index.php\/2023\/08\/11\/aculco-firma-convenio-de-colaboracion-con-uaemex\/#primaryimage"},"thumbnailUrl":"https:\/\/expressometro.mx\/wp-content\/uploads\/2023\/09\/Aculco-Firma-de-Convenio-UAEMex-110823-1.jpg","datePublished":"2023-08-11T13:33:01+00:00","dateModified":"2023-09-05T13:35:01+00:00","breadcrumb":{"@id":"https:\/\/expressometro.mx\/index.php\/2023\/08\/11\/aculco-firma-convenio-de-colaboracion-con-uaemex\/#breadcrumb"},"inLanguage":"es","potentialAction":[{"@type":"ReadAction","target":["https:\/\/expressometro.mx\/index.php\/2023\/08\/11\/aculco-firma-convenio-de-colaboracion-con-uaemex\/"]}]},{"@type":"ImageObject","inLanguage":"es","@id":"https:\/\/expressometro.mx\/index.php\/2023\/08\/11\/aculco-firma-convenio-de-colaboracion-con-uaemex\/#primaryimage","url":"https:\/\/expressometro.mx\/wp-content\/uploads\/2023\/09\/Aculco-Firma-de-Convenio-UAEMex-110823-1.jpg","contentUrl":"https:\/\/expressometro.mx\/wp-content\/uploads\/2023\/09\/Aculco-Firma-de-Convenio-UAEMex-110823-1.jpg","width":1440,"height":864},{"@type":"BreadcrumbList","@id":"https:\/\/expressometro.mx\/index.php\/2023\/08\/11\/aculco-firma-convenio-de-colaboracion-con-uaemex\/#breadcrumb","itemListElement":[{"@type":"ListItem","position":1,"name":"Inicio","item":"https:\/\/expressometro.mx\/"},{"@type":"ListItem","position":2,"name":"ACULCO FIRMA CONVENIO DE COLABORACI\u00d3N CON UAEM\u00e9x"}]},{"@type":"WebSite","@id":"https:\/\/expressometro.mx\/#website","url":"https:\/\/expressometro.mx\/","name":"Expresso Metropolitano","description":"Periodismo comprometido, informaci\u00f3n, investigaci\u00f3n y an\u00e1lisis","publisher":{"@id":"https:\/\/expressometro.mx\/#organization"},"potentialAction":[{"@type":"SearchAction","target":{"@type":"EntryPoint","urlTemplate":"https:\/\/expressometro.mx\/?s={search_term_string}"},"query-input":{"@type":"PropertyValueSpecification","valueRequired":true,"valueName":"search_term_string"}}],"inLanguage":"es"},{"@type":"Organization","@id":"https:\/\/expressometro.mx\/#organization","name":"Expresso Metropolitano","url":"https:\/\/expressometro.mx\/","logo":{"@type":"ImageObject","inLanguage":"es","@id":"https:\/\/expressometro.mx\/#\/schema\/logo\/image\/","url":"https:\/\/expressometro.mx\/wp-content\/uploads\/2019\/07\/cropped-Logo-Expresso-Metropolitano-1-1.jpeg","contentUrl":"https:\/\/expressometro.mx\/wp-content\/uploads\/2019\/07\/cropped-Logo-Expresso-Metropolitano-1-1.jpeg","width":290,"height":73,"caption":"Expresso Metropolitano"},"image":{"@id":"https:\/\/expressometro.mx\/#\/schema\/logo\/image\/"}},{"@type":"Person","@id":"https:\/\/expressometro.mx\/#\/schema\/person\/efa971b4a0664db8ed5c22b1b0dd2f5d","name":"Expresso Metropolitano","image":{"@type":"ImageObject","inLanguage":"es","@id":"https:\/\/secure.gravatar.com\/avatar\/a89f802b8de18c6952f223c88d3d106e9e3679839f4e25a02f4a6cc2ae6ba3b3?s=96&d=mm&r=g","url":"https:\/\/secure.gravatar.com\/avatar\/a89f802b8de18c6952f223c88d3d106e9e3679839f4e25a02f4a6cc2ae6ba3b3?s=96&d=mm&r=g","contentUrl":"https:\/\/secure.gravatar.com\/avatar\/a89f802b8de18c6952f223c88d3d106e9e3679839f4e25a02f4a6cc2ae6ba3b3?s=96&d=mm&r=g","caption":"Expresso Metropolitano"},"url":"https:\/\/expressometro.mx\/index.php\/author\/diego\/"}]}},"amp_enabled":true,"_links":{"self":[{"href":"https:\/\/expressometro.mx\/index.php\/wp-json\/wp\/v2\/posts\/7846","targetHints":{"allow":["GET"]}}],"collection":[{"href":"https:\/\/expressometro.mx\/index.php\/wp-json\/wp\/v2\/posts"}],"about":[{"href":"https:\/\/expressometro.mx\/index.php\/wp-json\/wp\/v2\/types\/post"}],"author":[{"embeddable":true,"href":"https:\/\/expressometro.mx\/index.php\/wp-json\/wp\/v2\/users\/1"}],"replies":[{"embeddable":true,"href":"https:\/\/expressometro.mx\/index.php\/wp-json\/wp\/v2\/comments?post=7846"}],"version-history":[{"count":1,"href":"https:\/\/expressometro.mx\/index.php\/wp-json\/wp\/v2\/posts\/7846\/revisions"}],"predecessor-version":[{"id":7849,"href":"https:\/\/expressometro.mx\/index.php\/wp-json\/wp\/v2\/posts\/7846\/revisions\/7849"}],"wp:featuredmedia":[{"embeddable":true,"href":"https:\/\/expressometro.mx\/index.php\/wp-json\/wp\/v2\/media\/7848"}],"wp:attachment":[{"href":"https:\/\/expressometro.mx\/index.php\/wp-json\/wp\/v2\/media?parent=7846"}],"wp:term":[{"taxonomy":"category","embeddable":true,"href":"https:\/\/expressometro.mx\/index.php\/wp-json\/wp\/v2\/categories?post=7846"},{"taxonomy":"post_tag","embeddable":true,"href":"https:\/\/expressometro.mx\/index.php\/wp-json\/wp\/v2\/tags?post=7846"}],"curies":[{"name":"wp","href":"https:\/\/api.w.org\/{rel}","templated":true}]}}