{"id":7841,"date":"2023-08-17T00:11:11","date_gmt":"2023-08-17T05:11:11","guid":{"rendered":"https:\/\/expressometro.mx\/?p=7841"},"modified":"2023-09-05T00:25:01","modified_gmt":"2023-09-05T05:25:01","slug":"reunion-de-coordinacion-territorial-para-la-construccion-de-la-paz-y-seguridad-en-la-region-12-de-jilotepec","status":"publish","type":"post","link":"https:\/\/expressometro.mx\/index.php\/2023\/08\/17\/reunion-de-coordinacion-territorial-para-la-construccion-de-la-paz-y-seguridad-en-la-region-12-de-jilotepec\/","title":{"rendered":"REUNI\u00d3N DE &#8220;COORDINACI\u00d3N TERRITORIAL PARA LA CONSTRUCCI\u00d3N DE LA PAZ Y SEGURIDAD EN LA REGI\u00d3N 12 DE JILOTEPEC&#8221;"},"content":{"rendered":"\n<p><\/p>\n\n\n\n<p>El Presidente Municipal de Aculco, Jorge Alfredo Osornio Victoria, asisti\u00f3 a la reuni\u00f3n de &#8220;Coordinaci\u00f3n Territorial para la Construcci\u00f3n de la Paz y Seguridad en la Regi\u00f3n 12 de Jilotepec&#8221;, en donde se llevaron a cabo importantes discusiones y acciones encaminadas a fortalecer la tranquilidad y el bienestar de la comunidad.<\/p>\n\n\n\n<p>En el evento, los participantes estuvieron de acuerdo que, para lograr avances en materia de seguridad y garantizar una convivencia sana en los municipios de la regi\u00f3n 12 Jilotepec, es necesario trabajar de manera coordinada para detectar que problemas se tienen en com\u00fan y atacarlos de manera conjunta.<\/p>\n\n\n\n<p>A esta reuni\u00f3n, acudieron representantes de los municipios de esta zona, as\u00ed como de las fuerzas de seguridad del Estado de M\u00e9xico y de la Federaci\u00f3n. Durante la presentaci\u00f3n, se enumeraron las propuestas para brindar mayor seguridad a la ciudadan\u00eda, los cuales, ayudar\u00e1n a la transformaci\u00f3n de los municipios de la regi\u00f3n, y sus comunidades.<\/p>\n\n\n\n<p>Jorge Osornio resalt\u00f3 que el trabajo en el que hoy se concentran las autoridades, es la recuperaci\u00f3n del tejido social mediante la vinculaci\u00f3n con la poblaci\u00f3n, lo que contribuye al fortalecimiento de la imagen institucional y a promover la confianza en las autoridades de seguridad.<\/p>\n\n\n\n<p>Tambi\u00e9n destac\u00f3 la importancia de las nuevas estrategias policiales de involucrarse m\u00e1s con los ciudadanos, con una polic\u00eda integral que camina las colonias y delegaciones, toca las puertas de las viviendas y negocios y convive con la poblaci\u00f3n, pues \u201cel objetivo de la Polic\u00eda Pie a Tierra es establecerse en la calle para recuperar la convivencia comunitaria\u201d.<\/p>\n","protected":false},"excerpt":{"rendered":"<p>El Presidente Municipal de Aculco, Jorge Alfredo Osornio Victoria, asisti\u00f3 a la reuni\u00f3n de &#8220;Coordinaci\u00f3n Territorial para la Construcci\u00f3n de la Paz y Seguridad en la Regi\u00f3n 12 de Jilotepec&#8221;, en donde se llevaron a cabo importantes discusiones y acciones encaminadas a fortalecer la tranquilidad y el bienestar de la comunidad.<\/p>\n","protected":false},"author":1,"featured_media":7843,"comment_status":"open","ping_status":"open","sticky":false,"template":"","format":"standard","meta":{"footnotes":""},"categories":[3,1,231,6],"tags":[955,1982,86,954],"class_list":["post-7841","post","type-post","status-publish","format-standard","has-post-thumbnail","hentry","category-gobierno","category-otros","category-politica","category-seguridad","tag-aculco","tag-edomex","tag-gem","tag-jorge-osornio"],"yoast_head":"<!-- This site is optimized with the Yoast SEO plugin v27.5 - https:\/\/yoast.com\/product\/yoast-seo-wordpress\/ -->\n<title>REUNI\u00d3N DE &quot;COORDINACI\u00d3N TERRITORIAL PARA LA CONSTRUCCI\u00d3N DE LA PAZ Y SEGURIDAD EN LA REGI\u00d3N 12 DE JILOTEPEC&quot; - Expresso Metropolitano<\/title>\n<meta name=\"robots\" content=\"index, follow, max-snippet:-1, max-image-preview:large, max-video-preview:-1\" \/>\n<link rel=\"canonical\" href=\"https:\/\/expressometro.mx\/index.php\/2023\/08\/17\/reunion-de-coordinacion-territorial-para-la-construccion-de-la-paz-y-seguridad-en-la-region-12-de-jilotepec\/\" \/>\n<meta property=\"og:locale\" content=\"es_MX\" \/>\n<meta property=\"og:type\" content=\"article\" \/>\n<meta property=\"og:title\" content=\"REUNI\u00d3N DE &quot;COORDINACI\u00d3N TERRITORIAL PARA LA CONSTRUCCI\u00d3N DE LA PAZ Y SEGURIDAD EN LA REGI\u00d3N 12 DE JILOTEPEC&quot; - Expresso Metropolitano\" \/>\n<meta property=\"og:description\" content=\"El Presidente Municipal de Aculco, Jorge Alfredo Osornio Victoria, asisti\u00f3 a la reuni\u00f3n de &quot;Coordinaci\u00f3n Territorial para la Construcci\u00f3n de la Paz y Seguridad en la Regi\u00f3n 12 de Jilotepec&quot;, en donde se llevaron a cabo importantes discusiones y acciones encaminadas a fortalecer la tranquilidad y el bienestar de la comunidad.\" \/>\n<meta property=\"og:url\" content=\"https:\/\/expressometro.mx\/index.php\/2023\/08\/17\/reunion-de-coordinacion-territorial-para-la-construccion-de-la-paz-y-seguridad-en-la-region-12-de-jilotepec\/\" \/>\n<meta property=\"og:site_name\" content=\"Expresso Metropolitano\" \/>\n<meta property=\"article:published_time\" content=\"2023-08-17T05:11:11+00:00\" \/>\n<meta property=\"article:modified_time\" content=\"2023-09-05T05:25:01+00:00\" \/>\n<meta property=\"og:image\" content=\"http:\/\/expressometro.mx\/wp-content\/uploads\/2023\/09\/Aculco-Reunion-Region-12-de-Jilotepec-170823-1.jpg\" \/>\n\t<meta property=\"og:image:width\" content=\"738\" \/>\n\t<meta property=\"og:image:height\" content=\"459\" \/>\n\t<meta property=\"og:image:type\" content=\"image\/jpeg\" \/>\n<meta name=\"author\" content=\"Expresso Metropolitano\" \/>\n<meta name=\"twitter:label1\" content=\"Escrito por\" \/>\n\t<meta name=\"twitter:data1\" content=\"Expresso Metropolitano\" \/>\n\t<meta name=\"twitter:label2\" content=\"Tiempo de lectura\" \/>\n\t<meta name=\"twitter:data2\" content=\"2 minutos\" \/>\n<script type=\"application\/ld+json\" class=\"yoast-schema-graph\">{\"@context\":\"https:\\\/\\\/schema.org\",\"@graph\":[{\"@type\":\"Article\",\"@id\":\"https:\\\/\\\/expressometro.mx\\\/index.php\\\/2023\\\/08\\\/17\\\/reunion-de-coordinacion-territorial-para-la-construccion-de-la-paz-y-seguridad-en-la-region-12-de-jilotepec\\\/#article\",\"isPartOf\":{\"@id\":\"https:\\\/\\\/expressometro.mx\\\/index.php\\\/2023\\\/08\\\/17\\\/reunion-de-coordinacion-territorial-para-la-construccion-de-la-paz-y-seguridad-en-la-region-12-de-jilotepec\\\/\"},\"author\":{\"name\":\"Expresso Metropolitano\",\"@id\":\"https:\\\/\\\/expressometro.mx\\\/#\\\/schema\\\/person\\\/efa971b4a0664db8ed5c22b1b0dd2f5d\"},\"headline\":\"REUNI\u00d3N DE &#8220;COORDINACI\u00d3N TERRITORIAL PARA LA CONSTRUCCI\u00d3N DE LA PAZ Y SEGURIDAD EN LA REGI\u00d3N 12 DE JILOTEPEC&#8221;\",\"datePublished\":\"2023-08-17T05:11:11+00:00\",\"dateModified\":\"2023-09-05T05:25:01+00:00\",\"mainEntityOfPage\":{\"@id\":\"https:\\\/\\\/expressometro.mx\\\/index.php\\\/2023\\\/08\\\/17\\\/reunion-de-coordinacion-territorial-para-la-construccion-de-la-paz-y-seguridad-en-la-region-12-de-jilotepec\\\/\"},\"wordCount\":297,\"commentCount\":0,\"publisher\":{\"@id\":\"https:\\\/\\\/expressometro.mx\\\/#organization\"},\"image\":{\"@id\":\"https:\\\/\\\/expressometro.mx\\\/index.php\\\/2023\\\/08\\\/17\\\/reunion-de-coordinacion-territorial-para-la-construccion-de-la-paz-y-seguridad-en-la-region-12-de-jilotepec\\\/#primaryimage\"},\"thumbnailUrl\":\"https:\\\/\\\/expressometro.mx\\\/wp-content\\\/uploads\\\/2023\\\/09\\\/Aculco-Reunion-Region-12-de-Jilotepec-170823-1.jpg\",\"keywords\":[\"Aculco\",\"Edomex\",\"GEM\",\"Jorge Osornio\"],\"articleSection\":[\"Gobierno\",\"Otros\",\"Pol\u00edtica\",\"Seguridad\"],\"inLanguage\":\"es\",\"potentialAction\":[{\"@type\":\"CommentAction\",\"name\":\"Comment\",\"target\":[\"https:\\\/\\\/expressometro.mx\\\/index.php\\\/2023\\\/08\\\/17\\\/reunion-de-coordinacion-territorial-para-la-construccion-de-la-paz-y-seguridad-en-la-region-12-de-jilotepec\\\/#respond\"]}]},{\"@type\":\"WebPage\",\"@id\":\"https:\\\/\\\/expressometro.mx\\\/index.php\\\/2023\\\/08\\\/17\\\/reunion-de-coordinacion-territorial-para-la-construccion-de-la-paz-y-seguridad-en-la-region-12-de-jilotepec\\\/\",\"url\":\"https:\\\/\\\/expressometro.mx\\\/index.php\\\/2023\\\/08\\\/17\\\/reunion-de-coordinacion-territorial-para-la-construccion-de-la-paz-y-seguridad-en-la-region-12-de-jilotepec\\\/\",\"name\":\"REUNI\u00d3N DE \\\"COORDINACI\u00d3N TERRITORIAL PARA LA CONSTRUCCI\u00d3N DE LA PAZ Y SEGURIDAD EN LA REGI\u00d3N 12 DE JILOTEPEC\\\" - Expresso Metropolitano\",\"isPartOf\":{\"@id\":\"https:\\\/\\\/expressometro.mx\\\/#website\"},\"primaryImageOfPage\":{\"@id\":\"https:\\\/\\\/expressometro.mx\\\/index.php\\\/2023\\\/08\\\/17\\\/reunion-de-coordinacion-territorial-para-la-construccion-de-la-paz-y-seguridad-en-la-region-12-de-jilotepec\\\/#primaryimage\"},\"image\":{\"@id\":\"https:\\\/\\\/expressometro.mx\\\/index.php\\\/2023\\\/08\\\/17\\\/reunion-de-coordinacion-territorial-para-la-construccion-de-la-paz-y-seguridad-en-la-region-12-de-jilotepec\\\/#primaryimage\"},\"thumbnailUrl\":\"https:\\\/\\\/expressometro.mx\\\/wp-content\\\/uploads\\\/2023\\\/09\\\/Aculco-Reunion-Region-12-de-Jilotepec-170823-1.jpg\",\"datePublished\":\"2023-08-17T05:11:11+00:00\",\"dateModified\":\"2023-09-05T05:25:01+00:00\",\"breadcrumb\":{\"@id\":\"https:\\\/\\\/expressometro.mx\\\/index.php\\\/2023\\\/08\\\/17\\\/reunion-de-coordinacion-territorial-para-la-construccion-de-la-paz-y-seguridad-en-la-region-12-de-jilotepec\\\/#breadcrumb\"},\"inLanguage\":\"es\",\"potentialAction\":[{\"@type\":\"ReadAction\",\"target\":[\"https:\\\/\\\/expressometro.mx\\\/index.php\\\/2023\\\/08\\\/17\\\/reunion-de-coordinacion-territorial-para-la-construccion-de-la-paz-y-seguridad-en-la-region-12-de-jilotepec\\\/\"]}]},{\"@type\":\"ImageObject\",\"inLanguage\":\"es\",\"@id\":\"https:\\\/\\\/expressometro.mx\\\/index.php\\\/2023\\\/08\\\/17\\\/reunion-de-coordinacion-territorial-para-la-construccion-de-la-paz-y-seguridad-en-la-region-12-de-jilotepec\\\/#primaryimage\",\"url\":\"https:\\\/\\\/expressometro.mx\\\/wp-content\\\/uploads\\\/2023\\\/09\\\/Aculco-Reunion-Region-12-de-Jilotepec-170823-1.jpg\",\"contentUrl\":\"https:\\\/\\\/expressometro.mx\\\/wp-content\\\/uploads\\\/2023\\\/09\\\/Aculco-Reunion-Region-12-de-Jilotepec-170823-1.jpg\",\"width\":738,\"height\":459},{\"@type\":\"BreadcrumbList\",\"@id\":\"https:\\\/\\\/expressometro.mx\\\/index.php\\\/2023\\\/08\\\/17\\\/reunion-de-coordinacion-territorial-para-la-construccion-de-la-paz-y-seguridad-en-la-region-12-de-jilotepec\\\/#breadcrumb\",\"itemListElement\":[{\"@type\":\"ListItem\",\"position\":1,\"name\":\"Inicio\",\"item\":\"https:\\\/\\\/expressometro.mx\\\/\"},{\"@type\":\"ListItem\",\"position\":2,\"name\":\"REUNI\u00d3N DE &#8220;COORDINACI\u00d3N TERRITORIAL PARA LA CONSTRUCCI\u00d3N DE LA PAZ Y SEGURIDAD EN LA REGI\u00d3N 12 DE JILOTEPEC&#8221;\"}]},{\"@type\":\"WebSite\",\"@id\":\"https:\\\/\\\/expressometro.mx\\\/#website\",\"url\":\"https:\\\/\\\/expressometro.mx\\\/\",\"name\":\"Expresso Metropolitano\",\"description\":\"Periodismo comprometido, informaci\u00f3n, investigaci\u00f3n y an\u00e1lisis\",\"publisher\":{\"@id\":\"https:\\\/\\\/expressometro.mx\\\/#organization\"},\"potentialAction\":[{\"@type\":\"SearchAction\",\"target\":{\"@type\":\"EntryPoint\",\"urlTemplate\":\"https:\\\/\\\/expressometro.mx\\\/?s={search_term_string}\"},\"query-input\":{\"@type\":\"PropertyValueSpecification\",\"valueRequired\":true,\"valueName\":\"search_term_string\"}}],\"inLanguage\":\"es\"},{\"@type\":\"Organization\",\"@id\":\"https:\\\/\\\/expressometro.mx\\\/#organization\",\"name\":\"Expresso Metropolitano\",\"url\":\"https:\\\/\\\/expressometro.mx\\\/\",\"logo\":{\"@type\":\"ImageObject\",\"inLanguage\":\"es\",\"@id\":\"https:\\\/\\\/expressometro.mx\\\/#\\\/schema\\\/logo\\\/image\\\/\",\"url\":\"https:\\\/\\\/expressometro.mx\\\/wp-content\\\/uploads\\\/2019\\\/07\\\/cropped-Logo-Expresso-Metropolitano-1-1.jpeg\",\"contentUrl\":\"https:\\\/\\\/expressometro.mx\\\/wp-content\\\/uploads\\\/2019\\\/07\\\/cropped-Logo-Expresso-Metropolitano-1-1.jpeg\",\"width\":290,\"height\":73,\"caption\":\"Expresso Metropolitano\"},\"image\":{\"@id\":\"https:\\\/\\\/expressometro.mx\\\/#\\\/schema\\\/logo\\\/image\\\/\"}},{\"@type\":\"Person\",\"@id\":\"https:\\\/\\\/expressometro.mx\\\/#\\\/schema\\\/person\\\/efa971b4a0664db8ed5c22b1b0dd2f5d\",\"name\":\"Expresso Metropolitano\",\"image\":{\"@type\":\"ImageObject\",\"inLanguage\":\"es\",\"@id\":\"https:\\\/\\\/secure.gravatar.com\\\/avatar\\\/a89f802b8de18c6952f223c88d3d106e9e3679839f4e25a02f4a6cc2ae6ba3b3?s=96&d=mm&r=g\",\"url\":\"https:\\\/\\\/secure.gravatar.com\\\/avatar\\\/a89f802b8de18c6952f223c88d3d106e9e3679839f4e25a02f4a6cc2ae6ba3b3?s=96&d=mm&r=g\",\"contentUrl\":\"https:\\\/\\\/secure.gravatar.com\\\/avatar\\\/a89f802b8de18c6952f223c88d3d106e9e3679839f4e25a02f4a6cc2ae6ba3b3?s=96&d=mm&r=g\",\"caption\":\"Expresso Metropolitano\"},\"url\":\"https:\\\/\\\/expressometro.mx\\\/index.php\\\/author\\\/diego\\\/\"}]}<\/script>\n<!-- \/ Yoast SEO plugin. -->","yoast_head_json":{"title":"REUNI\u00d3N DE \"COORDINACI\u00d3N TERRITORIAL PARA LA CONSTRUCCI\u00d3N DE LA PAZ Y SEGURIDAD EN LA REGI\u00d3N 12 DE JILOTEPEC\" - Expresso Metropolitano","robots":{"index":"index","follow":"follow","max-snippet":"max-snippet:-1","max-image-preview":"max-image-preview:large","max-video-preview":"max-video-preview:-1"},"canonical":"https:\/\/expressometro.mx\/index.php\/2023\/08\/17\/reunion-de-coordinacion-territorial-para-la-construccion-de-la-paz-y-seguridad-en-la-region-12-de-jilotepec\/","og_locale":"es_MX","og_type":"article","og_title":"REUNI\u00d3N DE \"COORDINACI\u00d3N TERRITORIAL PARA LA CONSTRUCCI\u00d3N DE LA PAZ Y SEGURIDAD EN LA REGI\u00d3N 12 DE JILOTEPEC\" - Expresso Metropolitano","og_description":"El Presidente Municipal de Aculco, Jorge Alfredo Osornio Victoria, asisti\u00f3 a la reuni\u00f3n de \"Coordinaci\u00f3n Territorial para la Construcci\u00f3n de la Paz y Seguridad en la Regi\u00f3n 12 de Jilotepec\", en donde se llevaron a cabo importantes discusiones y acciones encaminadas a fortalecer la tranquilidad y el bienestar de la comunidad.","og_url":"https:\/\/expressometro.mx\/index.php\/2023\/08\/17\/reunion-de-coordinacion-territorial-para-la-construccion-de-la-paz-y-seguridad-en-la-region-12-de-jilotepec\/","og_site_name":"Expresso Metropolitano","article_published_time":"2023-08-17T05:11:11+00:00","article_modified_time":"2023-09-05T05:25:01+00:00","og_image":[{"width":738,"height":459,"url":"http:\/\/expressometro.mx\/wp-content\/uploads\/2023\/09\/Aculco-Reunion-Region-12-de-Jilotepec-170823-1.jpg","type":"image\/jpeg"}],"author":"Expresso Metropolitano","twitter_misc":{"Escrito por":"Expresso Metropolitano","Tiempo de lectura":"2 minutos"},"schema":{"@context":"https:\/\/schema.org","@graph":[{"@type":"Article","@id":"https:\/\/expressometro.mx\/index.php\/2023\/08\/17\/reunion-de-coordinacion-territorial-para-la-construccion-de-la-paz-y-seguridad-en-la-region-12-de-jilotepec\/#article","isPartOf":{"@id":"https:\/\/expressometro.mx\/index.php\/2023\/08\/17\/reunion-de-coordinacion-territorial-para-la-construccion-de-la-paz-y-seguridad-en-la-region-12-de-jilotepec\/"},"author":{"name":"Expresso Metropolitano","@id":"https:\/\/expressometro.mx\/#\/schema\/person\/efa971b4a0664db8ed5c22b1b0dd2f5d"},"headline":"REUNI\u00d3N DE &#8220;COORDINACI\u00d3N TERRITORIAL PARA LA CONSTRUCCI\u00d3N DE LA PAZ Y SEGURIDAD EN LA REGI\u00d3N 12 DE JILOTEPEC&#8221;","datePublished":"2023-08-17T05:11:11+00:00","dateModified":"2023-09-05T05:25:01+00:00","mainEntityOfPage":{"@id":"https:\/\/expressometro.mx\/index.php\/2023\/08\/17\/reunion-de-coordinacion-territorial-para-la-construccion-de-la-paz-y-seguridad-en-la-region-12-de-jilotepec\/"},"wordCount":297,"commentCount":0,"publisher":{"@id":"https:\/\/expressometro.mx\/#organization"},"image":{"@id":"https:\/\/expressometro.mx\/index.php\/2023\/08\/17\/reunion-de-coordinacion-territorial-para-la-construccion-de-la-paz-y-seguridad-en-la-region-12-de-jilotepec\/#primaryimage"},"thumbnailUrl":"https:\/\/expressometro.mx\/wp-content\/uploads\/2023\/09\/Aculco-Reunion-Region-12-de-Jilotepec-170823-1.jpg","keywords":["Aculco","Edomex","GEM","Jorge Osornio"],"articleSection":["Gobierno","Otros","Pol\u00edtica","Seguridad"],"inLanguage":"es","potentialAction":[{"@type":"CommentAction","name":"Comment","target":["https:\/\/expressometro.mx\/index.php\/2023\/08\/17\/reunion-de-coordinacion-territorial-para-la-construccion-de-la-paz-y-seguridad-en-la-region-12-de-jilotepec\/#respond"]}]},{"@type":"WebPage","@id":"https:\/\/expressometro.mx\/index.php\/2023\/08\/17\/reunion-de-coordinacion-territorial-para-la-construccion-de-la-paz-y-seguridad-en-la-region-12-de-jilotepec\/","url":"https:\/\/expressometro.mx\/index.php\/2023\/08\/17\/reunion-de-coordinacion-territorial-para-la-construccion-de-la-paz-y-seguridad-en-la-region-12-de-jilotepec\/","name":"REUNI\u00d3N DE \"COORDINACI\u00d3N TERRITORIAL PARA LA CONSTRUCCI\u00d3N DE LA PAZ Y SEGURIDAD EN LA REGI\u00d3N 12 DE JILOTEPEC\" - Expresso Metropolitano","isPartOf":{"@id":"https:\/\/expressometro.mx\/#website"},"primaryImageOfPage":{"@id":"https:\/\/expressometro.mx\/index.php\/2023\/08\/17\/reunion-de-coordinacion-territorial-para-la-construccion-de-la-paz-y-seguridad-en-la-region-12-de-jilotepec\/#primaryimage"},"image":{"@id":"https:\/\/expressometro.mx\/index.php\/2023\/08\/17\/reunion-de-coordinacion-territorial-para-la-construccion-de-la-paz-y-seguridad-en-la-region-12-de-jilotepec\/#primaryimage"},"thumbnailUrl":"https:\/\/expressometro.mx\/wp-content\/uploads\/2023\/09\/Aculco-Reunion-Region-12-de-Jilotepec-170823-1.jpg","datePublished":"2023-08-17T05:11:11+00:00","dateModified":"2023-09-05T05:25:01+00:00","breadcrumb":{"@id":"https:\/\/expressometro.mx\/index.php\/2023\/08\/17\/reunion-de-coordinacion-territorial-para-la-construccion-de-la-paz-y-seguridad-en-la-region-12-de-jilotepec\/#breadcrumb"},"inLanguage":"es","potentialAction":[{"@type":"ReadAction","target":["https:\/\/expressometro.mx\/index.php\/2023\/08\/17\/reunion-de-coordinacion-territorial-para-la-construccion-de-la-paz-y-seguridad-en-la-region-12-de-jilotepec\/"]}]},{"@type":"ImageObject","inLanguage":"es","@id":"https:\/\/expressometro.mx\/index.php\/2023\/08\/17\/reunion-de-coordinacion-territorial-para-la-construccion-de-la-paz-y-seguridad-en-la-region-12-de-jilotepec\/#primaryimage","url":"https:\/\/expressometro.mx\/wp-content\/uploads\/2023\/09\/Aculco-Reunion-Region-12-de-Jilotepec-170823-1.jpg","contentUrl":"https:\/\/expressometro.mx\/wp-content\/uploads\/2023\/09\/Aculco-Reunion-Region-12-de-Jilotepec-170823-1.jpg","width":738,"height":459},{"@type":"BreadcrumbList","@id":"https:\/\/expressometro.mx\/index.php\/2023\/08\/17\/reunion-de-coordinacion-territorial-para-la-construccion-de-la-paz-y-seguridad-en-la-region-12-de-jilotepec\/#breadcrumb","itemListElement":[{"@type":"ListItem","position":1,"name":"Inicio","item":"https:\/\/expressometro.mx\/"},{"@type":"ListItem","position":2,"name":"REUNI\u00d3N DE &#8220;COORDINACI\u00d3N TERRITORIAL PARA LA CONSTRUCCI\u00d3N DE LA PAZ Y SEGURIDAD EN LA REGI\u00d3N 12 DE JILOTEPEC&#8221;"}]},{"@type":"WebSite","@id":"https:\/\/expressometro.mx\/#website","url":"https:\/\/expressometro.mx\/","name":"Expresso Metropolitano","description":"Periodismo comprometido, informaci\u00f3n, investigaci\u00f3n y an\u00e1lisis","publisher":{"@id":"https:\/\/expressometro.mx\/#organization"},"potentialAction":[{"@type":"SearchAction","target":{"@type":"EntryPoint","urlTemplate":"https:\/\/expressometro.mx\/?s={search_term_string}"},"query-input":{"@type":"PropertyValueSpecification","valueRequired":true,"valueName":"search_term_string"}}],"inLanguage":"es"},{"@type":"Organization","@id":"https:\/\/expressometro.mx\/#organization","name":"Expresso Metropolitano","url":"https:\/\/expressometro.mx\/","logo":{"@type":"ImageObject","inLanguage":"es","@id":"https:\/\/expressometro.mx\/#\/schema\/logo\/image\/","url":"https:\/\/expressometro.mx\/wp-content\/uploads\/2019\/07\/cropped-Logo-Expresso-Metropolitano-1-1.jpeg","contentUrl":"https:\/\/expressometro.mx\/wp-content\/uploads\/2019\/07\/cropped-Logo-Expresso-Metropolitano-1-1.jpeg","width":290,"height":73,"caption":"Expresso Metropolitano"},"image":{"@id":"https:\/\/expressometro.mx\/#\/schema\/logo\/image\/"}},{"@type":"Person","@id":"https:\/\/expressometro.mx\/#\/schema\/person\/efa971b4a0664db8ed5c22b1b0dd2f5d","name":"Expresso Metropolitano","image":{"@type":"ImageObject","inLanguage":"es","@id":"https:\/\/secure.gravatar.com\/avatar\/a89f802b8de18c6952f223c88d3d106e9e3679839f4e25a02f4a6cc2ae6ba3b3?s=96&d=mm&r=g","url":"https:\/\/secure.gravatar.com\/avatar\/a89f802b8de18c6952f223c88d3d106e9e3679839f4e25a02f4a6cc2ae6ba3b3?s=96&d=mm&r=g","contentUrl":"https:\/\/secure.gravatar.com\/avatar\/a89f802b8de18c6952f223c88d3d106e9e3679839f4e25a02f4a6cc2ae6ba3b3?s=96&d=mm&r=g","caption":"Expresso Metropolitano"},"url":"https:\/\/expressometro.mx\/index.php\/author\/diego\/"}]}},"amp_enabled":true,"_links":{"self":[{"href":"https:\/\/expressometro.mx\/index.php\/wp-json\/wp\/v2\/posts\/7841","targetHints":{"allow":["GET"]}}],"collection":[{"href":"https:\/\/expressometro.mx\/index.php\/wp-json\/wp\/v2\/posts"}],"about":[{"href":"https:\/\/expressometro.mx\/index.php\/wp-json\/wp\/v2\/types\/post"}],"author":[{"embeddable":true,"href":"https:\/\/expressometro.mx\/index.php\/wp-json\/wp\/v2\/users\/1"}],"replies":[{"embeddable":true,"href":"https:\/\/expressometro.mx\/index.php\/wp-json\/wp\/v2\/comments?post=7841"}],"version-history":[{"count":1,"href":"https:\/\/expressometro.mx\/index.php\/wp-json\/wp\/v2\/posts\/7841\/revisions"}],"predecessor-version":[{"id":7844,"href":"https:\/\/expressometro.mx\/index.php\/wp-json\/wp\/v2\/posts\/7841\/revisions\/7844"}],"wp:featuredmedia":[{"embeddable":true,"href":"https:\/\/expressometro.mx\/index.php\/wp-json\/wp\/v2\/media\/7843"}],"wp:attachment":[{"href":"https:\/\/expressometro.mx\/index.php\/wp-json\/wp\/v2\/media?parent=7841"}],"wp:term":[{"taxonomy":"category","embeddable":true,"href":"https:\/\/expressometro.mx\/index.php\/wp-json\/wp\/v2\/categories?post=7841"},{"taxonomy":"post_tag","embeddable":true,"href":"https:\/\/expressometro.mx\/index.php\/wp-json\/wp\/v2\/tags?post=7841"}],"curies":[{"name":"wp","href":"https:\/\/api.w.org\/{rel}","templated":true}]}}