{"id":7821,"date":"2023-09-04T08:04:10","date_gmt":"2023-09-04T13:04:10","guid":{"rendered":"https:\/\/expressometro.mx\/?p=7821"},"modified":"2023-09-04T08:04:11","modified_gmt":"2023-09-04T13:04:11","slug":"apertura-del-primer-periodo-de-sesiones-ordinarias-del-tercer-ano-de-ejercicio-de-la-lxv-legislatura-federal","status":"publish","type":"post","link":"https:\/\/expressometro.mx\/index.php\/2023\/09\/04\/apertura-del-primer-periodo-de-sesiones-ordinarias-del-tercer-ano-de-ejercicio-de-la-lxv-legislatura-federal\/","title":{"rendered":"APERTURA DEL PRIMER PERIODO DE SESIONES ORDINARIAS DEL TERCER A\u00d1O DE EJERCICIO DE LA LXV LEGISLATURA FEDERAL"},"content":{"rendered":"\n<p><\/p>\n\n\n\n<p>El Diputado Federal Gustavo C\u00e1rdenas Monroy asisti\u00f3 a la Apertura del Primer Periodo de Sesiones Ordinarias del Tercer A\u00f1o de Ejercicio de la LXV Legislatura Federal, en la cual particip\u00f3 la Senadora X\u00f3chitl G\u00e1lvez Ruiz, quien estuvo de visita en la C\u00e1mara de Diputados.<\/p>\n\n\n\n<p>Ante diputados y senadores que conforman el Congreso de la Uni\u00f3n, la senadora del Grupo Parlamentario del Partido Acci\u00f3n Nacional (GPPAN), X\u00f3chitl G\u00e1lvez Ruiz, afirm\u00f3 que es momento de construir un M\u00e9xico sin l\u00edmites en el que todos tengan las mismas oportunidades.<\/p>\n\n\n\n<p>En la sesi\u00f3n de instalaci\u00f3n de Congreso General, donde integrantes de la LXV Legislatura del Senado de la Rep\u00fablica y C\u00e1mara de Diputados recibieron el Quinto Informe de Gobierno, la legisladora expuso que se debe de arrebatar el poder a unos cuantos, para d\u00e1rselo, sin regateos, a todos los ciudadanos. G\u00e1lvez Ruiz agreg\u00f3 que M\u00e9xico necesita una nueva estrategia de seguridad con tres elementos clave: inteligencia, coraz\u00f3n y firmeza.<\/p>\n\n\n\n<p>Respecto al crecimiento econ\u00f3mico, la legisladora lament\u00f3 el aumento de la pobreza extrema en nuestro pa\u00eds y enfatiz\u00f3 que algo est\u00e1 fallando cuando los programas sociales no llegan a los pueblos ind\u00edgenas, que es donde m\u00e1s se necesitan.<\/p>\n\n\n\n<p>En cuanto al tema de salud, puntualiz\u00f3 que hace 5 a\u00f1os ya era una tragedia que 20 millones de mexicanos no ten\u00edan acceso a servicios de salud, pero ahora 50 millones de mexicanos no tienen acceso a la salud, pues el actual Gobierno federal destruy\u00f3 el Seguro Popular y desmantel\u00f3 el sistema de distribuci\u00f3n de medicamentos.<\/p>\n\n\n\n<p>En el tema educativo, G\u00e1lvez Ruiz reflexion\u00f3 que el Gobierno federal ni siquiera ha puesto en marcha un programa de regularizaci\u00f3n y encima de todo meten la pol\u00edtica a los libros de texto.<\/p>\n","protected":false},"excerpt":{"rendered":"<p>El Diputado Federal Gustavo C\u00e1rdenas Monroy asisti\u00f3 a la Apertura del Primer Periodo de Sesiones Ordinarias del Tercer A\u00f1o de Ejercicio de la LXV Legislatura Federal, en la cual particip\u00f3 la Senadora X\u00f3chitl G\u00e1lvez Ruiz, quien estuvo de visita en la C\u00e1mara de Diputados.<\/p>\n","protected":false},"author":1,"featured_media":7823,"comment_status":"open","ping_status":"open","sticky":false,"template":"","format":"standard","meta":{"footnotes":""},"categories":[3,1,231],"tags":[1982,891,2260],"class_list":["post-7821","post","type-post","status-publish","format-standard","has-post-thumbnail","hentry","category-gobierno","category-otros","category-politica","tag-edomex","tag-gustavo-cardenas-2","tag-xochitl-galvez"],"yoast_head":"<!-- This site is optimized with the Yoast SEO plugin v27.5 - https:\/\/yoast.com\/product\/yoast-seo-wordpress\/ -->\n<title>APERTURA DEL PRIMER PERIODO DE SESIONES ORDINARIAS DEL TERCER A\u00d1O DE EJERCICIO DE LA LXV LEGISLATURA FEDERAL - Expresso Metropolitano<\/title>\n<meta name=\"robots\" content=\"index, follow, max-snippet:-1, max-image-preview:large, max-video-preview:-1\" \/>\n<link rel=\"canonical\" href=\"https:\/\/expressometro.mx\/index.php\/2023\/09\/04\/apertura-del-primer-periodo-de-sesiones-ordinarias-del-tercer-ano-de-ejercicio-de-la-lxv-legislatura-federal\/\" \/>\n<meta property=\"og:locale\" content=\"es_MX\" \/>\n<meta property=\"og:type\" content=\"article\" \/>\n<meta property=\"og:title\" content=\"APERTURA DEL PRIMER PERIODO DE SESIONES ORDINARIAS DEL TERCER A\u00d1O DE EJERCICIO DE LA LXV LEGISLATURA FEDERAL - Expresso Metropolitano\" \/>\n<meta property=\"og:description\" content=\"El Diputado Federal Gustavo C\u00e1rdenas Monroy asisti\u00f3 a la Apertura del Primer Periodo de Sesiones Ordinarias del Tercer A\u00f1o de Ejercicio de la LXV Legislatura Federal, en la cual particip\u00f3 la Senadora X\u00f3chitl G\u00e1lvez Ruiz, quien estuvo de visita en la C\u00e1mara de Diputados.\" \/>\n<meta property=\"og:url\" content=\"https:\/\/expressometro.mx\/index.php\/2023\/09\/04\/apertura-del-primer-periodo-de-sesiones-ordinarias-del-tercer-ano-de-ejercicio-de-la-lxv-legislatura-federal\/\" \/>\n<meta property=\"og:site_name\" content=\"Expresso Metropolitano\" \/>\n<meta property=\"article:published_time\" content=\"2023-09-04T13:04:10+00:00\" \/>\n<meta property=\"article:modified_time\" content=\"2023-09-04T13:04:11+00:00\" \/>\n<meta property=\"og:image\" content=\"http:\/\/expressometro.mx\/wp-content\/uploads\/2023\/09\/Gustavo-Cardenas-Xochitl-Galvez-010923-1.jpg\" \/>\n\t<meta property=\"og:image:width\" content=\"1024\" \/>\n\t<meta property=\"og:image:height\" content=\"683\" \/>\n\t<meta property=\"og:image:type\" content=\"image\/jpeg\" \/>\n<meta name=\"author\" content=\"Expresso Metropolitano\" \/>\n<meta name=\"twitter:label1\" content=\"Escrito por\" \/>\n\t<meta name=\"twitter:data1\" content=\"Expresso Metropolitano\" \/>\n\t<meta name=\"twitter:label2\" content=\"Tiempo de lectura\" \/>\n\t<meta name=\"twitter:data2\" content=\"2 minutos\" \/>\n<script type=\"application\/ld+json\" class=\"yoast-schema-graph\">{\"@context\":\"https:\\\/\\\/schema.org\",\"@graph\":[{\"@type\":\"Article\",\"@id\":\"https:\\\/\\\/expressometro.mx\\\/index.php\\\/2023\\\/09\\\/04\\\/apertura-del-primer-periodo-de-sesiones-ordinarias-del-tercer-ano-de-ejercicio-de-la-lxv-legislatura-federal\\\/#article\",\"isPartOf\":{\"@id\":\"https:\\\/\\\/expressometro.mx\\\/index.php\\\/2023\\\/09\\\/04\\\/apertura-del-primer-periodo-de-sesiones-ordinarias-del-tercer-ano-de-ejercicio-de-la-lxv-legislatura-federal\\\/\"},\"author\":{\"name\":\"Expresso Metropolitano\",\"@id\":\"https:\\\/\\\/expressometro.mx\\\/#\\\/schema\\\/person\\\/efa971b4a0664db8ed5c22b1b0dd2f5d\"},\"headline\":\"APERTURA DEL PRIMER PERIODO DE SESIONES ORDINARIAS DEL TERCER A\u00d1O DE EJERCICIO DE LA LXV LEGISLATURA FEDERAL\",\"datePublished\":\"2023-09-04T13:04:10+00:00\",\"dateModified\":\"2023-09-04T13:04:11+00:00\",\"mainEntityOfPage\":{\"@id\":\"https:\\\/\\\/expressometro.mx\\\/index.php\\\/2023\\\/09\\\/04\\\/apertura-del-primer-periodo-de-sesiones-ordinarias-del-tercer-ano-de-ejercicio-de-la-lxv-legislatura-federal\\\/\"},\"wordCount\":326,\"commentCount\":0,\"publisher\":{\"@id\":\"https:\\\/\\\/expressometro.mx\\\/#organization\"},\"image\":{\"@id\":\"https:\\\/\\\/expressometro.mx\\\/index.php\\\/2023\\\/09\\\/04\\\/apertura-del-primer-periodo-de-sesiones-ordinarias-del-tercer-ano-de-ejercicio-de-la-lxv-legislatura-federal\\\/#primaryimage\"},\"thumbnailUrl\":\"https:\\\/\\\/expressometro.mx\\\/wp-content\\\/uploads\\\/2023\\\/09\\\/Gustavo-Cardenas-Xochitl-Galvez-010923-1.jpg\",\"keywords\":[\"Edomex\",\"Gustavo C\u00e1rdenas\",\"X\u00f3chitl G\u00e1lvez\"],\"articleSection\":[\"Gobierno\",\"Otros\",\"Pol\u00edtica\"],\"inLanguage\":\"es\",\"potentialAction\":[{\"@type\":\"CommentAction\",\"name\":\"Comment\",\"target\":[\"https:\\\/\\\/expressometro.mx\\\/index.php\\\/2023\\\/09\\\/04\\\/apertura-del-primer-periodo-de-sesiones-ordinarias-del-tercer-ano-de-ejercicio-de-la-lxv-legislatura-federal\\\/#respond\"]}]},{\"@type\":\"WebPage\",\"@id\":\"https:\\\/\\\/expressometro.mx\\\/index.php\\\/2023\\\/09\\\/04\\\/apertura-del-primer-periodo-de-sesiones-ordinarias-del-tercer-ano-de-ejercicio-de-la-lxv-legislatura-federal\\\/\",\"url\":\"https:\\\/\\\/expressometro.mx\\\/index.php\\\/2023\\\/09\\\/04\\\/apertura-del-primer-periodo-de-sesiones-ordinarias-del-tercer-ano-de-ejercicio-de-la-lxv-legislatura-federal\\\/\",\"name\":\"APERTURA DEL PRIMER PERIODO DE SESIONES ORDINARIAS DEL TERCER A\u00d1O DE EJERCICIO DE LA LXV LEGISLATURA FEDERAL - Expresso Metropolitano\",\"isPartOf\":{\"@id\":\"https:\\\/\\\/expressometro.mx\\\/#website\"},\"primaryImageOfPage\":{\"@id\":\"https:\\\/\\\/expressometro.mx\\\/index.php\\\/2023\\\/09\\\/04\\\/apertura-del-primer-periodo-de-sesiones-ordinarias-del-tercer-ano-de-ejercicio-de-la-lxv-legislatura-federal\\\/#primaryimage\"},\"image\":{\"@id\":\"https:\\\/\\\/expressometro.mx\\\/index.php\\\/2023\\\/09\\\/04\\\/apertura-del-primer-periodo-de-sesiones-ordinarias-del-tercer-ano-de-ejercicio-de-la-lxv-legislatura-federal\\\/#primaryimage\"},\"thumbnailUrl\":\"https:\\\/\\\/expressometro.mx\\\/wp-content\\\/uploads\\\/2023\\\/09\\\/Gustavo-Cardenas-Xochitl-Galvez-010923-1.jpg\",\"datePublished\":\"2023-09-04T13:04:10+00:00\",\"dateModified\":\"2023-09-04T13:04:11+00:00\",\"breadcrumb\":{\"@id\":\"https:\\\/\\\/expressometro.mx\\\/index.php\\\/2023\\\/09\\\/04\\\/apertura-del-primer-periodo-de-sesiones-ordinarias-del-tercer-ano-de-ejercicio-de-la-lxv-legislatura-federal\\\/#breadcrumb\"},\"inLanguage\":\"es\",\"potentialAction\":[{\"@type\":\"ReadAction\",\"target\":[\"https:\\\/\\\/expressometro.mx\\\/index.php\\\/2023\\\/09\\\/04\\\/apertura-del-primer-periodo-de-sesiones-ordinarias-del-tercer-ano-de-ejercicio-de-la-lxv-legislatura-federal\\\/\"]}]},{\"@type\":\"ImageObject\",\"inLanguage\":\"es\",\"@id\":\"https:\\\/\\\/expressometro.mx\\\/index.php\\\/2023\\\/09\\\/04\\\/apertura-del-primer-periodo-de-sesiones-ordinarias-del-tercer-ano-de-ejercicio-de-la-lxv-legislatura-federal\\\/#primaryimage\",\"url\":\"https:\\\/\\\/expressometro.mx\\\/wp-content\\\/uploads\\\/2023\\\/09\\\/Gustavo-Cardenas-Xochitl-Galvez-010923-1.jpg\",\"contentUrl\":\"https:\\\/\\\/expressometro.mx\\\/wp-content\\\/uploads\\\/2023\\\/09\\\/Gustavo-Cardenas-Xochitl-Galvez-010923-1.jpg\",\"width\":1024,\"height\":683},{\"@type\":\"BreadcrumbList\",\"@id\":\"https:\\\/\\\/expressometro.mx\\\/index.php\\\/2023\\\/09\\\/04\\\/apertura-del-primer-periodo-de-sesiones-ordinarias-del-tercer-ano-de-ejercicio-de-la-lxv-legislatura-federal\\\/#breadcrumb\",\"itemListElement\":[{\"@type\":\"ListItem\",\"position\":1,\"name\":\"Inicio\",\"item\":\"https:\\\/\\\/expressometro.mx\\\/\"},{\"@type\":\"ListItem\",\"position\":2,\"name\":\"APERTURA DEL PRIMER PERIODO DE SESIONES ORDINARIAS DEL TERCER A\u00d1O DE EJERCICIO DE LA LXV LEGISLATURA FEDERAL\"}]},{\"@type\":\"WebSite\",\"@id\":\"https:\\\/\\\/expressometro.mx\\\/#website\",\"url\":\"https:\\\/\\\/expressometro.mx\\\/\",\"name\":\"Expresso Metropolitano\",\"description\":\"Periodismo comprometido, informaci\u00f3n, investigaci\u00f3n y an\u00e1lisis\",\"publisher\":{\"@id\":\"https:\\\/\\\/expressometro.mx\\\/#organization\"},\"potentialAction\":[{\"@type\":\"SearchAction\",\"target\":{\"@type\":\"EntryPoint\",\"urlTemplate\":\"https:\\\/\\\/expressometro.mx\\\/?s={search_term_string}\"},\"query-input\":{\"@type\":\"PropertyValueSpecification\",\"valueRequired\":true,\"valueName\":\"search_term_string\"}}],\"inLanguage\":\"es\"},{\"@type\":\"Organization\",\"@id\":\"https:\\\/\\\/expressometro.mx\\\/#organization\",\"name\":\"Expresso Metropolitano\",\"url\":\"https:\\\/\\\/expressometro.mx\\\/\",\"logo\":{\"@type\":\"ImageObject\",\"inLanguage\":\"es\",\"@id\":\"https:\\\/\\\/expressometro.mx\\\/#\\\/schema\\\/logo\\\/image\\\/\",\"url\":\"https:\\\/\\\/expressometro.mx\\\/wp-content\\\/uploads\\\/2019\\\/07\\\/cropped-Logo-Expresso-Metropolitano-1-1.jpeg\",\"contentUrl\":\"https:\\\/\\\/expressometro.mx\\\/wp-content\\\/uploads\\\/2019\\\/07\\\/cropped-Logo-Expresso-Metropolitano-1-1.jpeg\",\"width\":290,\"height\":73,\"caption\":\"Expresso Metropolitano\"},\"image\":{\"@id\":\"https:\\\/\\\/expressometro.mx\\\/#\\\/schema\\\/logo\\\/image\\\/\"}},{\"@type\":\"Person\",\"@id\":\"https:\\\/\\\/expressometro.mx\\\/#\\\/schema\\\/person\\\/efa971b4a0664db8ed5c22b1b0dd2f5d\",\"name\":\"Expresso Metropolitano\",\"image\":{\"@type\":\"ImageObject\",\"inLanguage\":\"es\",\"@id\":\"https:\\\/\\\/secure.gravatar.com\\\/avatar\\\/a89f802b8de18c6952f223c88d3d106e9e3679839f4e25a02f4a6cc2ae6ba3b3?s=96&d=mm&r=g\",\"url\":\"https:\\\/\\\/secure.gravatar.com\\\/avatar\\\/a89f802b8de18c6952f223c88d3d106e9e3679839f4e25a02f4a6cc2ae6ba3b3?s=96&d=mm&r=g\",\"contentUrl\":\"https:\\\/\\\/secure.gravatar.com\\\/avatar\\\/a89f802b8de18c6952f223c88d3d106e9e3679839f4e25a02f4a6cc2ae6ba3b3?s=96&d=mm&r=g\",\"caption\":\"Expresso Metropolitano\"},\"url\":\"https:\\\/\\\/expressometro.mx\\\/index.php\\\/author\\\/diego\\\/\"}]}<\/script>\n<!-- \/ Yoast SEO plugin. -->","yoast_head_json":{"title":"APERTURA DEL PRIMER PERIODO DE SESIONES ORDINARIAS DEL TERCER A\u00d1O DE EJERCICIO DE LA LXV LEGISLATURA FEDERAL - Expresso Metropolitano","robots":{"index":"index","follow":"follow","max-snippet":"max-snippet:-1","max-image-preview":"max-image-preview:large","max-video-preview":"max-video-preview:-1"},"canonical":"https:\/\/expressometro.mx\/index.php\/2023\/09\/04\/apertura-del-primer-periodo-de-sesiones-ordinarias-del-tercer-ano-de-ejercicio-de-la-lxv-legislatura-federal\/","og_locale":"es_MX","og_type":"article","og_title":"APERTURA DEL PRIMER PERIODO DE SESIONES ORDINARIAS DEL TERCER A\u00d1O DE EJERCICIO DE LA LXV LEGISLATURA FEDERAL - Expresso Metropolitano","og_description":"El Diputado Federal Gustavo C\u00e1rdenas Monroy asisti\u00f3 a la Apertura del Primer Periodo de Sesiones Ordinarias del Tercer A\u00f1o de Ejercicio de la LXV Legislatura Federal, en la cual particip\u00f3 la Senadora X\u00f3chitl G\u00e1lvez Ruiz, quien estuvo de visita en la C\u00e1mara de Diputados.","og_url":"https:\/\/expressometro.mx\/index.php\/2023\/09\/04\/apertura-del-primer-periodo-de-sesiones-ordinarias-del-tercer-ano-de-ejercicio-de-la-lxv-legislatura-federal\/","og_site_name":"Expresso Metropolitano","article_published_time":"2023-09-04T13:04:10+00:00","article_modified_time":"2023-09-04T13:04:11+00:00","og_image":[{"width":1024,"height":683,"url":"http:\/\/expressometro.mx\/wp-content\/uploads\/2023\/09\/Gustavo-Cardenas-Xochitl-Galvez-010923-1.jpg","type":"image\/jpeg"}],"author":"Expresso Metropolitano","twitter_misc":{"Escrito por":"Expresso Metropolitano","Tiempo de lectura":"2 minutos"},"schema":{"@context":"https:\/\/schema.org","@graph":[{"@type":"Article","@id":"https:\/\/expressometro.mx\/index.php\/2023\/09\/04\/apertura-del-primer-periodo-de-sesiones-ordinarias-del-tercer-ano-de-ejercicio-de-la-lxv-legislatura-federal\/#article","isPartOf":{"@id":"https:\/\/expressometro.mx\/index.php\/2023\/09\/04\/apertura-del-primer-periodo-de-sesiones-ordinarias-del-tercer-ano-de-ejercicio-de-la-lxv-legislatura-federal\/"},"author":{"name":"Expresso Metropolitano","@id":"https:\/\/expressometro.mx\/#\/schema\/person\/efa971b4a0664db8ed5c22b1b0dd2f5d"},"headline":"APERTURA DEL PRIMER PERIODO DE SESIONES ORDINARIAS DEL TERCER A\u00d1O DE EJERCICIO DE LA LXV LEGISLATURA FEDERAL","datePublished":"2023-09-04T13:04:10+00:00","dateModified":"2023-09-04T13:04:11+00:00","mainEntityOfPage":{"@id":"https:\/\/expressometro.mx\/index.php\/2023\/09\/04\/apertura-del-primer-periodo-de-sesiones-ordinarias-del-tercer-ano-de-ejercicio-de-la-lxv-legislatura-federal\/"},"wordCount":326,"commentCount":0,"publisher":{"@id":"https:\/\/expressometro.mx\/#organization"},"image":{"@id":"https:\/\/expressometro.mx\/index.php\/2023\/09\/04\/apertura-del-primer-periodo-de-sesiones-ordinarias-del-tercer-ano-de-ejercicio-de-la-lxv-legislatura-federal\/#primaryimage"},"thumbnailUrl":"https:\/\/expressometro.mx\/wp-content\/uploads\/2023\/09\/Gustavo-Cardenas-Xochitl-Galvez-010923-1.jpg","keywords":["Edomex","Gustavo C\u00e1rdenas","X\u00f3chitl G\u00e1lvez"],"articleSection":["Gobierno","Otros","Pol\u00edtica"],"inLanguage":"es","potentialAction":[{"@type":"CommentAction","name":"Comment","target":["https:\/\/expressometro.mx\/index.php\/2023\/09\/04\/apertura-del-primer-periodo-de-sesiones-ordinarias-del-tercer-ano-de-ejercicio-de-la-lxv-legislatura-federal\/#respond"]}]},{"@type":"WebPage","@id":"https:\/\/expressometro.mx\/index.php\/2023\/09\/04\/apertura-del-primer-periodo-de-sesiones-ordinarias-del-tercer-ano-de-ejercicio-de-la-lxv-legislatura-federal\/","url":"https:\/\/expressometro.mx\/index.php\/2023\/09\/04\/apertura-del-primer-periodo-de-sesiones-ordinarias-del-tercer-ano-de-ejercicio-de-la-lxv-legislatura-federal\/","name":"APERTURA DEL PRIMER PERIODO DE SESIONES ORDINARIAS DEL TERCER A\u00d1O DE EJERCICIO DE LA LXV LEGISLATURA FEDERAL - Expresso Metropolitano","isPartOf":{"@id":"https:\/\/expressometro.mx\/#website"},"primaryImageOfPage":{"@id":"https:\/\/expressometro.mx\/index.php\/2023\/09\/04\/apertura-del-primer-periodo-de-sesiones-ordinarias-del-tercer-ano-de-ejercicio-de-la-lxv-legislatura-federal\/#primaryimage"},"image":{"@id":"https:\/\/expressometro.mx\/index.php\/2023\/09\/04\/apertura-del-primer-periodo-de-sesiones-ordinarias-del-tercer-ano-de-ejercicio-de-la-lxv-legislatura-federal\/#primaryimage"},"thumbnailUrl":"https:\/\/expressometro.mx\/wp-content\/uploads\/2023\/09\/Gustavo-Cardenas-Xochitl-Galvez-010923-1.jpg","datePublished":"2023-09-04T13:04:10+00:00","dateModified":"2023-09-04T13:04:11+00:00","breadcrumb":{"@id":"https:\/\/expressometro.mx\/index.php\/2023\/09\/04\/apertura-del-primer-periodo-de-sesiones-ordinarias-del-tercer-ano-de-ejercicio-de-la-lxv-legislatura-federal\/#breadcrumb"},"inLanguage":"es","potentialAction":[{"@type":"ReadAction","target":["https:\/\/expressometro.mx\/index.php\/2023\/09\/04\/apertura-del-primer-periodo-de-sesiones-ordinarias-del-tercer-ano-de-ejercicio-de-la-lxv-legislatura-federal\/"]}]},{"@type":"ImageObject","inLanguage":"es","@id":"https:\/\/expressometro.mx\/index.php\/2023\/09\/04\/apertura-del-primer-periodo-de-sesiones-ordinarias-del-tercer-ano-de-ejercicio-de-la-lxv-legislatura-federal\/#primaryimage","url":"https:\/\/expressometro.mx\/wp-content\/uploads\/2023\/09\/Gustavo-Cardenas-Xochitl-Galvez-010923-1.jpg","contentUrl":"https:\/\/expressometro.mx\/wp-content\/uploads\/2023\/09\/Gustavo-Cardenas-Xochitl-Galvez-010923-1.jpg","width":1024,"height":683},{"@type":"BreadcrumbList","@id":"https:\/\/expressometro.mx\/index.php\/2023\/09\/04\/apertura-del-primer-periodo-de-sesiones-ordinarias-del-tercer-ano-de-ejercicio-de-la-lxv-legislatura-federal\/#breadcrumb","itemListElement":[{"@type":"ListItem","position":1,"name":"Inicio","item":"https:\/\/expressometro.mx\/"},{"@type":"ListItem","position":2,"name":"APERTURA DEL PRIMER PERIODO DE SESIONES ORDINARIAS DEL TERCER A\u00d1O DE EJERCICIO DE LA LXV LEGISLATURA FEDERAL"}]},{"@type":"WebSite","@id":"https:\/\/expressometro.mx\/#website","url":"https:\/\/expressometro.mx\/","name":"Expresso Metropolitano","description":"Periodismo comprometido, informaci\u00f3n, investigaci\u00f3n y an\u00e1lisis","publisher":{"@id":"https:\/\/expressometro.mx\/#organization"},"potentialAction":[{"@type":"SearchAction","target":{"@type":"EntryPoint","urlTemplate":"https:\/\/expressometro.mx\/?s={search_term_string}"},"query-input":{"@type":"PropertyValueSpecification","valueRequired":true,"valueName":"search_term_string"}}],"inLanguage":"es"},{"@type":"Organization","@id":"https:\/\/expressometro.mx\/#organization","name":"Expresso Metropolitano","url":"https:\/\/expressometro.mx\/","logo":{"@type":"ImageObject","inLanguage":"es","@id":"https:\/\/expressometro.mx\/#\/schema\/logo\/image\/","url":"https:\/\/expressometro.mx\/wp-content\/uploads\/2019\/07\/cropped-Logo-Expresso-Metropolitano-1-1.jpeg","contentUrl":"https:\/\/expressometro.mx\/wp-content\/uploads\/2019\/07\/cropped-Logo-Expresso-Metropolitano-1-1.jpeg","width":290,"height":73,"caption":"Expresso Metropolitano"},"image":{"@id":"https:\/\/expressometro.mx\/#\/schema\/logo\/image\/"}},{"@type":"Person","@id":"https:\/\/expressometro.mx\/#\/schema\/person\/efa971b4a0664db8ed5c22b1b0dd2f5d","name":"Expresso Metropolitano","image":{"@type":"ImageObject","inLanguage":"es","@id":"https:\/\/secure.gravatar.com\/avatar\/a89f802b8de18c6952f223c88d3d106e9e3679839f4e25a02f4a6cc2ae6ba3b3?s=96&d=mm&r=g","url":"https:\/\/secure.gravatar.com\/avatar\/a89f802b8de18c6952f223c88d3d106e9e3679839f4e25a02f4a6cc2ae6ba3b3?s=96&d=mm&r=g","contentUrl":"https:\/\/secure.gravatar.com\/avatar\/a89f802b8de18c6952f223c88d3d106e9e3679839f4e25a02f4a6cc2ae6ba3b3?s=96&d=mm&r=g","caption":"Expresso Metropolitano"},"url":"https:\/\/expressometro.mx\/index.php\/author\/diego\/"}]}},"amp_enabled":true,"_links":{"self":[{"href":"https:\/\/expressometro.mx\/index.php\/wp-json\/wp\/v2\/posts\/7821","targetHints":{"allow":["GET"]}}],"collection":[{"href":"https:\/\/expressometro.mx\/index.php\/wp-json\/wp\/v2\/posts"}],"about":[{"href":"https:\/\/expressometro.mx\/index.php\/wp-json\/wp\/v2\/types\/post"}],"author":[{"embeddable":true,"href":"https:\/\/expressometro.mx\/index.php\/wp-json\/wp\/v2\/users\/1"}],"replies":[{"embeddable":true,"href":"https:\/\/expressometro.mx\/index.php\/wp-json\/wp\/v2\/comments?post=7821"}],"version-history":[{"count":1,"href":"https:\/\/expressometro.mx\/index.php\/wp-json\/wp\/v2\/posts\/7821\/revisions"}],"predecessor-version":[{"id":7824,"href":"https:\/\/expressometro.mx\/index.php\/wp-json\/wp\/v2\/posts\/7821\/revisions\/7824"}],"wp:featuredmedia":[{"embeddable":true,"href":"https:\/\/expressometro.mx\/index.php\/wp-json\/wp\/v2\/media\/7823"}],"wp:attachment":[{"href":"https:\/\/expressometro.mx\/index.php\/wp-json\/wp\/v2\/media?parent=7821"}],"wp:term":[{"taxonomy":"category","embeddable":true,"href":"https:\/\/expressometro.mx\/index.php\/wp-json\/wp\/v2\/categories?post=7821"},{"taxonomy":"post_tag","embeddable":true,"href":"https:\/\/expressometro.mx\/index.php\/wp-json\/wp\/v2\/tags?post=7821"}],"curies":[{"name":"wp","href":"https:\/\/api.w.org\/{rel}","templated":true}]}}