{"id":782,"date":"2019-09-25T21:52:44","date_gmt":"2019-09-26T02:52:44","guid":{"rendered":"http:\/\/expressometro.mx\/?p=782"},"modified":"2019-09-25T21:52:45","modified_gmt":"2019-09-26T02:52:45","slug":"llevan-platicas-de-cultura-del-agua-a-empresas","status":"publish","type":"post","link":"https:\/\/expressometro.mx\/index.php\/2019\/09\/25\/llevan-platicas-de-cultura-del-agua-a-empresas\/","title":{"rendered":"LLEVAN PLATICAS DE CULTURA DEL AGUA A EMPRESAS"},"content":{"rendered":"\n<p>El Organismo de Agua Potable, Alcantarillado y Saneamiento de Cuautitl\u00e1n Izcalli (OPERAGUA), a trav\u00e9s de la Unidad de Capacitaci\u00f3n de Cultura del Agua, realiza visitas itinerantes a empresas ubicadas en el municipio, a fin de fortalecer entre los empleados la cultura sobre el uso controlado y responsable del agua.<\/p>\n\n\n\n<p>Heidy Torres M\u00e1rquez, titular de la Unidad de Capacitaci\u00f3n del Organismo, resalt\u00f3 la importancia de llevar esta campa\u00f1a de sensibilizaci\u00f3n a las empresas pues en estos sitios, dijo, el consumo de agua es mayor y por ello resulta necesario informar a empleados y directivos el impacto negativo que tiene hacer uso irresponsable del agua.<\/p>\n\n\n\n<p>Las empresas visitadas por OPERAGUA son: Din\u00e1mica Termopl\u00e1stica, Cosm\u00e9ticos Trujillo, Axionlog, Centro Universitario Haller y el CONALEP Bernardo Quintana Arrioja y 18 que se han acompa\u00f1ado con jornadas m\u00e9dico asistenciales organizadas por el DIF Municipal, beneficiando a 457 ciudadanos.<\/p>\n\n\n\n<p>Cabe mencionar que las pl\u00e1ticas y talleres informativos que brinda la Unidad de Capacitaci\u00f3n no se limita s\u00f3lo a visitar planteles escolares de todos los niveles, los talleres informativos se imparten a toda la poblaci\u00f3n incluyendo pueblos, fraccionamientos, colonias y diversas empresas de la iniciativa privada.<\/p>\n\n\n\n<p>Uno de los objetivos de OPERAGUA, es incrementar la cultura sobre el uso y aprovechamiento \u00f3ptimo del agua, sensibilizar a la poblaci\u00f3n sobre las consecuencias del mal uso del recurso natural, por ello, las din\u00e1micas interactivas se mantienen a lo largo del a\u00f1o.<\/p>\n","protected":false},"excerpt":{"rendered":"<p>El Organismo de Agua Potable, Alcantarillado y Saneamiento de Cuautitl\u00e1n Izcalli (OPERAGUA), a trav\u00e9s de la Unidad de Capacitaci\u00f3n de Cultura del Agua, realiza visitas itinerantes a empresas ubicadas en el municipio, a fin de fortalecer entre los empleados la cultura sobre el uso controlado y responsable del agua. Heidy Torres M\u00e1rquez, titular de la Unidad de Capacitaci\u00f3n del Organismo, resalt\u00f3 la importancia de llevar esta campa\u00f1a de sensibilizaci\u00f3n a las empresas pues en estos sitios, dijo, el consumo de agua es mayor y por ello resulta necesario informar a&hellip;<\/p>\n","protected":false},"author":1,"featured_media":783,"comment_status":"open","ping_status":"open","sticky":false,"template":"","format":"standard","meta":{"footnotes":""},"categories":[8],"tags":[],"class_list":["post-782","post","type-post","status-publish","format-standard","has-post-thumbnail","hentry","category-medio-ambiente"],"yoast_head":"<!-- This site is optimized with the Yoast SEO plugin v27.5 - https:\/\/yoast.com\/product\/yoast-seo-wordpress\/ -->\n<title>LLEVAN PLATICAS DE CULTURA DEL AGUA A EMPRESAS - Expresso Metropolitano<\/title>\n<meta name=\"robots\" content=\"index, follow, max-snippet:-1, max-image-preview:large, max-video-preview:-1\" \/>\n<link rel=\"canonical\" href=\"https:\/\/expressometro.mx\/index.php\/2019\/09\/25\/llevan-platicas-de-cultura-del-agua-a-empresas\/\" \/>\n<meta property=\"og:locale\" content=\"es_MX\" \/>\n<meta property=\"og:type\" content=\"article\" \/>\n<meta property=\"og:title\" content=\"LLEVAN PLATICAS DE CULTURA DEL AGUA A EMPRESAS - Expresso Metropolitano\" \/>\n<meta property=\"og:description\" content=\"El Organismo de Agua Potable, Alcantarillado y Saneamiento de Cuautitl\u00e1n Izcalli (OPERAGUA), a trav\u00e9s de la Unidad de Capacitaci\u00f3n de Cultura del Agua, realiza visitas itinerantes a empresas ubicadas en el municipio, a fin de fortalecer entre los empleados la cultura sobre el uso controlado y responsable del agua. Heidy Torres M\u00e1rquez, titular de la Unidad de Capacitaci\u00f3n del Organismo, resalt\u00f3 la importancia de llevar esta campa\u00f1a de sensibilizaci\u00f3n a las empresas pues en estos sitios, dijo, el consumo de agua es mayor y por ello resulta necesario informar a&hellip;\" \/>\n<meta property=\"og:url\" content=\"https:\/\/expressometro.mx\/index.php\/2019\/09\/25\/llevan-platicas-de-cultura-del-agua-a-empresas\/\" \/>\n<meta property=\"og:site_name\" content=\"Expresso Metropolitano\" \/>\n<meta property=\"article:published_time\" content=\"2019-09-26T02:52:44+00:00\" \/>\n<meta property=\"article:modified_time\" content=\"2019-09-26T02:52:45+00:00\" \/>\n<meta property=\"og:image\" content=\"https:\/\/expressometro.mx\/wp-content\/uploads\/2019\/09\/BO047-02.jpeg\" \/>\n\t<meta property=\"og:image:width\" content=\"945\" \/>\n\t<meta property=\"og:image:height\" content=\"676\" \/>\n\t<meta property=\"og:image:type\" content=\"image\/jpeg\" \/>\n<meta name=\"author\" content=\"Expresso Metropolitano\" \/>\n<meta name=\"twitter:label1\" content=\"Escrito por\" \/>\n\t<meta name=\"twitter:data1\" content=\"Expresso Metropolitano\" \/>\n\t<meta name=\"twitter:label2\" content=\"Tiempo de lectura\" \/>\n\t<meta name=\"twitter:data2\" content=\"1 minuto\" \/>\n<script type=\"application\/ld+json\" class=\"yoast-schema-graph\">{\"@context\":\"https:\\\/\\\/schema.org\",\"@graph\":[{\"@type\":\"Article\",\"@id\":\"https:\\\/\\\/expressometro.mx\\\/index.php\\\/2019\\\/09\\\/25\\\/llevan-platicas-de-cultura-del-agua-a-empresas\\\/#article\",\"isPartOf\":{\"@id\":\"https:\\\/\\\/expressometro.mx\\\/index.php\\\/2019\\\/09\\\/25\\\/llevan-platicas-de-cultura-del-agua-a-empresas\\\/\"},\"author\":{\"name\":\"Expresso Metropolitano\",\"@id\":\"https:\\\/\\\/expressometro.mx\\\/#\\\/schema\\\/person\\\/efa971b4a0664db8ed5c22b1b0dd2f5d\"},\"headline\":\"LLEVAN PLATICAS DE CULTURA DEL AGUA A EMPRESAS\",\"datePublished\":\"2019-09-26T02:52:44+00:00\",\"dateModified\":\"2019-09-26T02:52:45+00:00\",\"mainEntityOfPage\":{\"@id\":\"https:\\\/\\\/expressometro.mx\\\/index.php\\\/2019\\\/09\\\/25\\\/llevan-platicas-de-cultura-del-agua-a-empresas\\\/\"},\"wordCount\":256,\"commentCount\":0,\"publisher\":{\"@id\":\"https:\\\/\\\/expressometro.mx\\\/#organization\"},\"image\":{\"@id\":\"https:\\\/\\\/expressometro.mx\\\/index.php\\\/2019\\\/09\\\/25\\\/llevan-platicas-de-cultura-del-agua-a-empresas\\\/#primaryimage\"},\"thumbnailUrl\":\"https:\\\/\\\/expressometro.mx\\\/wp-content\\\/uploads\\\/2019\\\/09\\\/BO047-02.jpeg\",\"articleSection\":[\"Medio ambiente\"],\"inLanguage\":\"es\",\"potentialAction\":[{\"@type\":\"CommentAction\",\"name\":\"Comment\",\"target\":[\"https:\\\/\\\/expressometro.mx\\\/index.php\\\/2019\\\/09\\\/25\\\/llevan-platicas-de-cultura-del-agua-a-empresas\\\/#respond\"]}]},{\"@type\":\"WebPage\",\"@id\":\"https:\\\/\\\/expressometro.mx\\\/index.php\\\/2019\\\/09\\\/25\\\/llevan-platicas-de-cultura-del-agua-a-empresas\\\/\",\"url\":\"https:\\\/\\\/expressometro.mx\\\/index.php\\\/2019\\\/09\\\/25\\\/llevan-platicas-de-cultura-del-agua-a-empresas\\\/\",\"name\":\"LLEVAN PLATICAS DE CULTURA DEL AGUA A EMPRESAS - Expresso Metropolitano\",\"isPartOf\":{\"@id\":\"https:\\\/\\\/expressometro.mx\\\/#website\"},\"primaryImageOfPage\":{\"@id\":\"https:\\\/\\\/expressometro.mx\\\/index.php\\\/2019\\\/09\\\/25\\\/llevan-platicas-de-cultura-del-agua-a-empresas\\\/#primaryimage\"},\"image\":{\"@id\":\"https:\\\/\\\/expressometro.mx\\\/index.php\\\/2019\\\/09\\\/25\\\/llevan-platicas-de-cultura-del-agua-a-empresas\\\/#primaryimage\"},\"thumbnailUrl\":\"https:\\\/\\\/expressometro.mx\\\/wp-content\\\/uploads\\\/2019\\\/09\\\/BO047-02.jpeg\",\"datePublished\":\"2019-09-26T02:52:44+00:00\",\"dateModified\":\"2019-09-26T02:52:45+00:00\",\"breadcrumb\":{\"@id\":\"https:\\\/\\\/expressometro.mx\\\/index.php\\\/2019\\\/09\\\/25\\\/llevan-platicas-de-cultura-del-agua-a-empresas\\\/#breadcrumb\"},\"inLanguage\":\"es\",\"potentialAction\":[{\"@type\":\"ReadAction\",\"target\":[\"https:\\\/\\\/expressometro.mx\\\/index.php\\\/2019\\\/09\\\/25\\\/llevan-platicas-de-cultura-del-agua-a-empresas\\\/\"]}]},{\"@type\":\"ImageObject\",\"inLanguage\":\"es\",\"@id\":\"https:\\\/\\\/expressometro.mx\\\/index.php\\\/2019\\\/09\\\/25\\\/llevan-platicas-de-cultura-del-agua-a-empresas\\\/#primaryimage\",\"url\":\"https:\\\/\\\/expressometro.mx\\\/wp-content\\\/uploads\\\/2019\\\/09\\\/BO047-02.jpeg\",\"contentUrl\":\"https:\\\/\\\/expressometro.mx\\\/wp-content\\\/uploads\\\/2019\\\/09\\\/BO047-02.jpeg\",\"width\":945,\"height\":676},{\"@type\":\"BreadcrumbList\",\"@id\":\"https:\\\/\\\/expressometro.mx\\\/index.php\\\/2019\\\/09\\\/25\\\/llevan-platicas-de-cultura-del-agua-a-empresas\\\/#breadcrumb\",\"itemListElement\":[{\"@type\":\"ListItem\",\"position\":1,\"name\":\"Inicio\",\"item\":\"https:\\\/\\\/expressometro.mx\\\/\"},{\"@type\":\"ListItem\",\"position\":2,\"name\":\"LLEVAN PLATICAS DE CULTURA DEL AGUA A EMPRESAS\"}]},{\"@type\":\"WebSite\",\"@id\":\"https:\\\/\\\/expressometro.mx\\\/#website\",\"url\":\"https:\\\/\\\/expressometro.mx\\\/\",\"name\":\"Expresso Metropolitano\",\"description\":\"Periodismo comprometido, informaci\u00f3n, investigaci\u00f3n y an\u00e1lisis\",\"publisher\":{\"@id\":\"https:\\\/\\\/expressometro.mx\\\/#organization\"},\"potentialAction\":[{\"@type\":\"SearchAction\",\"target\":{\"@type\":\"EntryPoint\",\"urlTemplate\":\"https:\\\/\\\/expressometro.mx\\\/?s={search_term_string}\"},\"query-input\":{\"@type\":\"PropertyValueSpecification\",\"valueRequired\":true,\"valueName\":\"search_term_string\"}}],\"inLanguage\":\"es\"},{\"@type\":\"Organization\",\"@id\":\"https:\\\/\\\/expressometro.mx\\\/#organization\",\"name\":\"Expresso Metropolitano\",\"url\":\"https:\\\/\\\/expressometro.mx\\\/\",\"logo\":{\"@type\":\"ImageObject\",\"inLanguage\":\"es\",\"@id\":\"https:\\\/\\\/expressometro.mx\\\/#\\\/schema\\\/logo\\\/image\\\/\",\"url\":\"https:\\\/\\\/expressometro.mx\\\/wp-content\\\/uploads\\\/2019\\\/07\\\/cropped-Logo-Expresso-Metropolitano-1-1.jpeg\",\"contentUrl\":\"https:\\\/\\\/expressometro.mx\\\/wp-content\\\/uploads\\\/2019\\\/07\\\/cropped-Logo-Expresso-Metropolitano-1-1.jpeg\",\"width\":290,\"height\":73,\"caption\":\"Expresso Metropolitano\"},\"image\":{\"@id\":\"https:\\\/\\\/expressometro.mx\\\/#\\\/schema\\\/logo\\\/image\\\/\"}},{\"@type\":\"Person\",\"@id\":\"https:\\\/\\\/expressometro.mx\\\/#\\\/schema\\\/person\\\/efa971b4a0664db8ed5c22b1b0dd2f5d\",\"name\":\"Expresso Metropolitano\",\"image\":{\"@type\":\"ImageObject\",\"inLanguage\":\"es\",\"@id\":\"https:\\\/\\\/secure.gravatar.com\\\/avatar\\\/a89f802b8de18c6952f223c88d3d106e9e3679839f4e25a02f4a6cc2ae6ba3b3?s=96&d=mm&r=g\",\"url\":\"https:\\\/\\\/secure.gravatar.com\\\/avatar\\\/a89f802b8de18c6952f223c88d3d106e9e3679839f4e25a02f4a6cc2ae6ba3b3?s=96&d=mm&r=g\",\"contentUrl\":\"https:\\\/\\\/secure.gravatar.com\\\/avatar\\\/a89f802b8de18c6952f223c88d3d106e9e3679839f4e25a02f4a6cc2ae6ba3b3?s=96&d=mm&r=g\",\"caption\":\"Expresso Metropolitano\"},\"url\":\"https:\\\/\\\/expressometro.mx\\\/index.php\\\/author\\\/diego\\\/\"}]}<\/script>\n<!-- \/ Yoast SEO plugin. -->","yoast_head_json":{"title":"LLEVAN PLATICAS DE CULTURA DEL AGUA A EMPRESAS - Expresso Metropolitano","robots":{"index":"index","follow":"follow","max-snippet":"max-snippet:-1","max-image-preview":"max-image-preview:large","max-video-preview":"max-video-preview:-1"},"canonical":"https:\/\/expressometro.mx\/index.php\/2019\/09\/25\/llevan-platicas-de-cultura-del-agua-a-empresas\/","og_locale":"es_MX","og_type":"article","og_title":"LLEVAN PLATICAS DE CULTURA DEL AGUA A EMPRESAS - Expresso Metropolitano","og_description":"El Organismo de Agua Potable, Alcantarillado y Saneamiento de Cuautitl\u00e1n Izcalli (OPERAGUA), a trav\u00e9s de la Unidad de Capacitaci\u00f3n de Cultura del Agua, realiza visitas itinerantes a empresas ubicadas en el municipio, a fin de fortalecer entre los empleados la cultura sobre el uso controlado y responsable del agua. Heidy Torres M\u00e1rquez, titular de la Unidad de Capacitaci\u00f3n del Organismo, resalt\u00f3 la importancia de llevar esta campa\u00f1a de sensibilizaci\u00f3n a las empresas pues en estos sitios, dijo, el consumo de agua es mayor y por ello resulta necesario informar a&hellip;","og_url":"https:\/\/expressometro.mx\/index.php\/2019\/09\/25\/llevan-platicas-de-cultura-del-agua-a-empresas\/","og_site_name":"Expresso Metropolitano","article_published_time":"2019-09-26T02:52:44+00:00","article_modified_time":"2019-09-26T02:52:45+00:00","og_image":[{"width":945,"height":676,"url":"https:\/\/expressometro.mx\/wp-content\/uploads\/2019\/09\/BO047-02.jpeg","type":"image\/jpeg"}],"author":"Expresso Metropolitano","twitter_misc":{"Escrito por":"Expresso Metropolitano","Tiempo de lectura":"1 minuto"},"schema":{"@context":"https:\/\/schema.org","@graph":[{"@type":"Article","@id":"https:\/\/expressometro.mx\/index.php\/2019\/09\/25\/llevan-platicas-de-cultura-del-agua-a-empresas\/#article","isPartOf":{"@id":"https:\/\/expressometro.mx\/index.php\/2019\/09\/25\/llevan-platicas-de-cultura-del-agua-a-empresas\/"},"author":{"name":"Expresso Metropolitano","@id":"https:\/\/expressometro.mx\/#\/schema\/person\/efa971b4a0664db8ed5c22b1b0dd2f5d"},"headline":"LLEVAN PLATICAS DE CULTURA DEL AGUA A EMPRESAS","datePublished":"2019-09-26T02:52:44+00:00","dateModified":"2019-09-26T02:52:45+00:00","mainEntityOfPage":{"@id":"https:\/\/expressometro.mx\/index.php\/2019\/09\/25\/llevan-platicas-de-cultura-del-agua-a-empresas\/"},"wordCount":256,"commentCount":0,"publisher":{"@id":"https:\/\/expressometro.mx\/#organization"},"image":{"@id":"https:\/\/expressometro.mx\/index.php\/2019\/09\/25\/llevan-platicas-de-cultura-del-agua-a-empresas\/#primaryimage"},"thumbnailUrl":"https:\/\/expressometro.mx\/wp-content\/uploads\/2019\/09\/BO047-02.jpeg","articleSection":["Medio ambiente"],"inLanguage":"es","potentialAction":[{"@type":"CommentAction","name":"Comment","target":["https:\/\/expressometro.mx\/index.php\/2019\/09\/25\/llevan-platicas-de-cultura-del-agua-a-empresas\/#respond"]}]},{"@type":"WebPage","@id":"https:\/\/expressometro.mx\/index.php\/2019\/09\/25\/llevan-platicas-de-cultura-del-agua-a-empresas\/","url":"https:\/\/expressometro.mx\/index.php\/2019\/09\/25\/llevan-platicas-de-cultura-del-agua-a-empresas\/","name":"LLEVAN PLATICAS DE CULTURA DEL AGUA A EMPRESAS - Expresso Metropolitano","isPartOf":{"@id":"https:\/\/expressometro.mx\/#website"},"primaryImageOfPage":{"@id":"https:\/\/expressometro.mx\/index.php\/2019\/09\/25\/llevan-platicas-de-cultura-del-agua-a-empresas\/#primaryimage"},"image":{"@id":"https:\/\/expressometro.mx\/index.php\/2019\/09\/25\/llevan-platicas-de-cultura-del-agua-a-empresas\/#primaryimage"},"thumbnailUrl":"https:\/\/expressometro.mx\/wp-content\/uploads\/2019\/09\/BO047-02.jpeg","datePublished":"2019-09-26T02:52:44+00:00","dateModified":"2019-09-26T02:52:45+00:00","breadcrumb":{"@id":"https:\/\/expressometro.mx\/index.php\/2019\/09\/25\/llevan-platicas-de-cultura-del-agua-a-empresas\/#breadcrumb"},"inLanguage":"es","potentialAction":[{"@type":"ReadAction","target":["https:\/\/expressometro.mx\/index.php\/2019\/09\/25\/llevan-platicas-de-cultura-del-agua-a-empresas\/"]}]},{"@type":"ImageObject","inLanguage":"es","@id":"https:\/\/expressometro.mx\/index.php\/2019\/09\/25\/llevan-platicas-de-cultura-del-agua-a-empresas\/#primaryimage","url":"https:\/\/expressometro.mx\/wp-content\/uploads\/2019\/09\/BO047-02.jpeg","contentUrl":"https:\/\/expressometro.mx\/wp-content\/uploads\/2019\/09\/BO047-02.jpeg","width":945,"height":676},{"@type":"BreadcrumbList","@id":"https:\/\/expressometro.mx\/index.php\/2019\/09\/25\/llevan-platicas-de-cultura-del-agua-a-empresas\/#breadcrumb","itemListElement":[{"@type":"ListItem","position":1,"name":"Inicio","item":"https:\/\/expressometro.mx\/"},{"@type":"ListItem","position":2,"name":"LLEVAN PLATICAS DE CULTURA DEL AGUA A EMPRESAS"}]},{"@type":"WebSite","@id":"https:\/\/expressometro.mx\/#website","url":"https:\/\/expressometro.mx\/","name":"Expresso Metropolitano","description":"Periodismo comprometido, informaci\u00f3n, investigaci\u00f3n y an\u00e1lisis","publisher":{"@id":"https:\/\/expressometro.mx\/#organization"},"potentialAction":[{"@type":"SearchAction","target":{"@type":"EntryPoint","urlTemplate":"https:\/\/expressometro.mx\/?s={search_term_string}"},"query-input":{"@type":"PropertyValueSpecification","valueRequired":true,"valueName":"search_term_string"}}],"inLanguage":"es"},{"@type":"Organization","@id":"https:\/\/expressometro.mx\/#organization","name":"Expresso Metropolitano","url":"https:\/\/expressometro.mx\/","logo":{"@type":"ImageObject","inLanguage":"es","@id":"https:\/\/expressometro.mx\/#\/schema\/logo\/image\/","url":"https:\/\/expressometro.mx\/wp-content\/uploads\/2019\/07\/cropped-Logo-Expresso-Metropolitano-1-1.jpeg","contentUrl":"https:\/\/expressometro.mx\/wp-content\/uploads\/2019\/07\/cropped-Logo-Expresso-Metropolitano-1-1.jpeg","width":290,"height":73,"caption":"Expresso Metropolitano"},"image":{"@id":"https:\/\/expressometro.mx\/#\/schema\/logo\/image\/"}},{"@type":"Person","@id":"https:\/\/expressometro.mx\/#\/schema\/person\/efa971b4a0664db8ed5c22b1b0dd2f5d","name":"Expresso Metropolitano","image":{"@type":"ImageObject","inLanguage":"es","@id":"https:\/\/secure.gravatar.com\/avatar\/a89f802b8de18c6952f223c88d3d106e9e3679839f4e25a02f4a6cc2ae6ba3b3?s=96&d=mm&r=g","url":"https:\/\/secure.gravatar.com\/avatar\/a89f802b8de18c6952f223c88d3d106e9e3679839f4e25a02f4a6cc2ae6ba3b3?s=96&d=mm&r=g","contentUrl":"https:\/\/secure.gravatar.com\/avatar\/a89f802b8de18c6952f223c88d3d106e9e3679839f4e25a02f4a6cc2ae6ba3b3?s=96&d=mm&r=g","caption":"Expresso Metropolitano"},"url":"https:\/\/expressometro.mx\/index.php\/author\/diego\/"}]}},"amp_enabled":true,"_links":{"self":[{"href":"https:\/\/expressometro.mx\/index.php\/wp-json\/wp\/v2\/posts\/782","targetHints":{"allow":["GET"]}}],"collection":[{"href":"https:\/\/expressometro.mx\/index.php\/wp-json\/wp\/v2\/posts"}],"about":[{"href":"https:\/\/expressometro.mx\/index.php\/wp-json\/wp\/v2\/types\/post"}],"author":[{"embeddable":true,"href":"https:\/\/expressometro.mx\/index.php\/wp-json\/wp\/v2\/users\/1"}],"replies":[{"embeddable":true,"href":"https:\/\/expressometro.mx\/index.php\/wp-json\/wp\/v2\/comments?post=782"}],"version-history":[{"count":1,"href":"https:\/\/expressometro.mx\/index.php\/wp-json\/wp\/v2\/posts\/782\/revisions"}],"predecessor-version":[{"id":784,"href":"https:\/\/expressometro.mx\/index.php\/wp-json\/wp\/v2\/posts\/782\/revisions\/784"}],"wp:featuredmedia":[{"embeddable":true,"href":"https:\/\/expressometro.mx\/index.php\/wp-json\/wp\/v2\/media\/783"}],"wp:attachment":[{"href":"https:\/\/expressometro.mx\/index.php\/wp-json\/wp\/v2\/media?parent=782"}],"wp:term":[{"taxonomy":"category","embeddable":true,"href":"https:\/\/expressometro.mx\/index.php\/wp-json\/wp\/v2\/categories?post=782"},{"taxonomy":"post_tag","embeddable":true,"href":"https:\/\/expressometro.mx\/index.php\/wp-json\/wp\/v2\/tags?post=782"}],"curies":[{"name":"wp","href":"https:\/\/api.w.org\/{rel}","templated":true}]}}