{"id":7737,"date":"2023-08-24T15:30:07","date_gmt":"2023-08-24T20:30:07","guid":{"rendered":"https:\/\/expressometro.mx\/?p=7737"},"modified":"2023-08-24T15:30:09","modified_gmt":"2023-08-24T20:30:09","slug":"aculco-realizo-la-5a-reforestacion-2023","status":"publish","type":"post","link":"https:\/\/expressometro.mx\/index.php\/2023\/08\/24\/aculco-realizo-la-5a-reforestacion-2023\/","title":{"rendered":"ACULCO REALIZ\u00d3 LA \u201c5\u00aa REFORESTACI\u00d3N 2023\u201d"},"content":{"rendered":"\n<p><\/p>\n\n\n\n<p>El Presidente Municipal, Jorge Alfredo Osornio Victoria, inform\u00f3 que, producto del esfuerzo y del trabajo permanente de miles de familias dedicadas al cuidado de los bosques, se llev\u00f3 a cabo &#8220;5\u00aa Reforestaci\u00f3n 2023&#8221;. Esta vez fue en la Comunidad de Gunyo Centro, con la finalidad de contribuir en el cuidado del medio ambiente.<\/p>\n\n\n\n<p>Jorge Osornio indic\u00f3 que el Estado de M\u00e9xico es la \u00fanica entidad en el pa\u00eds que aumenta su superficie forestal a\u00f1o tras a\u00f1o, lo cual es un gran avance y representa un reto para continuar trabajando y mantener el ritmo de crecimiento forestal. Es por esto que Aculco se une a\u00f1o tras a\u00f1o a esta gran labor ambientalista, con la plantaci\u00f3n de \u00e1rboles propias de la regi\u00f3n.<\/p>\n\n\n\n<p>Gracias a esta labor, la masa forestal del Estado de M\u00e9xico aument\u00f3, miles de hect\u00e1reas se ha recuperado e incorporado a la superficie boscosa, adem\u00e1s del incremento de la superficie de vegetaci\u00f3n forestal, en los \u00faltimos cinco a\u00f1os.<\/p>\n\n\n\n<p>Las diversas estrategias implementadas en esta administraci\u00f3n, todas ejecutadas desde el gobierno estatal, mediante el desarrollo de tecnolog\u00eda e infraestructura, capacitaci\u00f3n, impulso de plantaciones forestales comerciales, han tenido como finalidad la reconversi\u00f3n productiva, la apertura de mercados de productos maderables y no maderables, entre otras acciones.<\/p>\n\n\n\n<p>Finalmente, el alcalde aprovech\u00f3 para subrayar la importancia y el papel fundamental que tienen los bosques en el medio ambiente, ya que ah\u00ed se recargan los mantos acu\u00edferos, son indispensables para evitar la erosi\u00f3n, para generar ox\u00edgeno, entre muchos beneficios m\u00e1s.<\/p>\n","protected":false},"excerpt":{"rendered":"<p>El Presidente Municipal, Jorge Alfredo Osornio Victoria, inform\u00f3 que, producto del esfuerzo y del trabajo permanente de miles de familias dedicadas al cuidado de los bosques, se llev\u00f3 a cabo &#8220;5\u00aa Reforestaci\u00f3n 2023&#8221;. Esta vez fue en la Comunidad de Gunyo Centro, con la finalidad de contribuir en el cuidado del medio ambiente.<\/p>\n","protected":false},"author":1,"featured_media":7739,"comment_status":"open","ping_status":"open","sticky":false,"template":"","format":"standard","meta":{"footnotes":""},"categories":[3,8,5],"tags":[955,1982,86,954,158],"class_list":["post-7737","post","type-post","status-publish","format-standard","has-post-thumbnail","hentry","category-gobierno","category-medio-ambiente","category-salud","tag-aculco","tag-edomex","tag-gem","tag-jorge-osornio","tag-pri"],"yoast_head":"<!-- This site is optimized with the Yoast SEO plugin v27.4 - https:\/\/yoast.com\/product\/yoast-seo-wordpress\/ -->\n<title>ACULCO REALIZ\u00d3 LA \u201c5\u00aa REFORESTACI\u00d3N 2023\u201d - Expresso Metropolitano<\/title>\n<meta name=\"robots\" content=\"index, follow, max-snippet:-1, max-image-preview:large, max-video-preview:-1\" \/>\n<link rel=\"canonical\" href=\"https:\/\/expressometro.mx\/index.php\/2023\/08\/24\/aculco-realizo-la-5a-reforestacion-2023\/\" \/>\n<meta property=\"og:locale\" content=\"es_MX\" \/>\n<meta property=\"og:type\" content=\"article\" \/>\n<meta property=\"og:title\" content=\"ACULCO REALIZ\u00d3 LA \u201c5\u00aa REFORESTACI\u00d3N 2023\u201d - Expresso Metropolitano\" \/>\n<meta property=\"og:description\" content=\"El Presidente Municipal, Jorge Alfredo Osornio Victoria, inform\u00f3 que, producto del esfuerzo y del trabajo permanente de miles de familias dedicadas al cuidado de los bosques, se llev\u00f3 a cabo &quot;5\u00aa Reforestaci\u00f3n 2023&quot;. Esta vez fue en la Comunidad de Gunyo Centro, con la finalidad de contribuir en el cuidado del medio ambiente.\" \/>\n<meta property=\"og:url\" content=\"https:\/\/expressometro.mx\/index.php\/2023\/08\/24\/aculco-realizo-la-5a-reforestacion-2023\/\" \/>\n<meta property=\"og:site_name\" content=\"Expresso Metropolitano\" \/>\n<meta property=\"article:published_time\" content=\"2023-08-24T20:30:07+00:00\" \/>\n<meta property=\"article:modified_time\" content=\"2023-08-24T20:30:09+00:00\" \/>\n<meta property=\"og:image\" content=\"http:\/\/expressometro.mx\/wp-content\/uploads\/2023\/08\/Aculco-5a-Reforestacion-2023-230823-1.jpg\" \/>\n\t<meta property=\"og:image:width\" content=\"870\" \/>\n\t<meta property=\"og:image:height\" content=\"380\" \/>\n\t<meta property=\"og:image:type\" content=\"image\/jpeg\" \/>\n<meta name=\"author\" content=\"Expresso Metropolitano\" \/>\n<meta name=\"twitter:label1\" content=\"Escrito por\" \/>\n\t<meta name=\"twitter:data1\" content=\"Expresso Metropolitano\" \/>\n\t<meta name=\"twitter:label2\" content=\"Tiempo de lectura\" \/>\n\t<meta name=\"twitter:data2\" content=\"2 minutos\" \/>\n<script type=\"application\/ld+json\" class=\"yoast-schema-graph\">{\"@context\":\"https:\\\/\\\/schema.org\",\"@graph\":[{\"@type\":\"Article\",\"@id\":\"https:\\\/\\\/expressometro.mx\\\/index.php\\\/2023\\\/08\\\/24\\\/aculco-realizo-la-5a-reforestacion-2023\\\/#article\",\"isPartOf\":{\"@id\":\"https:\\\/\\\/expressometro.mx\\\/index.php\\\/2023\\\/08\\\/24\\\/aculco-realizo-la-5a-reforestacion-2023\\\/\"},\"author\":{\"name\":\"Expresso Metropolitano\",\"@id\":\"https:\\\/\\\/expressometro.mx\\\/#\\\/schema\\\/person\\\/efa971b4a0664db8ed5c22b1b0dd2f5d\"},\"headline\":\"ACULCO REALIZ\u00d3 LA \u201c5\u00aa REFORESTACI\u00d3N 2023\u201d\",\"datePublished\":\"2023-08-24T20:30:07+00:00\",\"dateModified\":\"2023-08-24T20:30:09+00:00\",\"mainEntityOfPage\":{\"@id\":\"https:\\\/\\\/expressometro.mx\\\/index.php\\\/2023\\\/08\\\/24\\\/aculco-realizo-la-5a-reforestacion-2023\\\/\"},\"wordCount\":270,\"commentCount\":0,\"publisher\":{\"@id\":\"https:\\\/\\\/expressometro.mx\\\/#organization\"},\"image\":{\"@id\":\"https:\\\/\\\/expressometro.mx\\\/index.php\\\/2023\\\/08\\\/24\\\/aculco-realizo-la-5a-reforestacion-2023\\\/#primaryimage\"},\"thumbnailUrl\":\"https:\\\/\\\/expressometro.mx\\\/wp-content\\\/uploads\\\/2023\\\/08\\\/Aculco-5a-Reforestacion-2023-230823-1.jpg\",\"keywords\":[\"Aculco\",\"Edomex\",\"GEM\",\"Jorge Osornio\",\"PRI\"],\"articleSection\":[\"Gobierno\",\"Medio ambiente\",\"Salud\"],\"inLanguage\":\"es\",\"potentialAction\":[{\"@type\":\"CommentAction\",\"name\":\"Comment\",\"target\":[\"https:\\\/\\\/expressometro.mx\\\/index.php\\\/2023\\\/08\\\/24\\\/aculco-realizo-la-5a-reforestacion-2023\\\/#respond\"]}]},{\"@type\":\"WebPage\",\"@id\":\"https:\\\/\\\/expressometro.mx\\\/index.php\\\/2023\\\/08\\\/24\\\/aculco-realizo-la-5a-reforestacion-2023\\\/\",\"url\":\"https:\\\/\\\/expressometro.mx\\\/index.php\\\/2023\\\/08\\\/24\\\/aculco-realizo-la-5a-reforestacion-2023\\\/\",\"name\":\"ACULCO REALIZ\u00d3 LA \u201c5\u00aa REFORESTACI\u00d3N 2023\u201d - Expresso Metropolitano\",\"isPartOf\":{\"@id\":\"https:\\\/\\\/expressometro.mx\\\/#website\"},\"primaryImageOfPage\":{\"@id\":\"https:\\\/\\\/expressometro.mx\\\/index.php\\\/2023\\\/08\\\/24\\\/aculco-realizo-la-5a-reforestacion-2023\\\/#primaryimage\"},\"image\":{\"@id\":\"https:\\\/\\\/expressometro.mx\\\/index.php\\\/2023\\\/08\\\/24\\\/aculco-realizo-la-5a-reforestacion-2023\\\/#primaryimage\"},\"thumbnailUrl\":\"https:\\\/\\\/expressometro.mx\\\/wp-content\\\/uploads\\\/2023\\\/08\\\/Aculco-5a-Reforestacion-2023-230823-1.jpg\",\"datePublished\":\"2023-08-24T20:30:07+00:00\",\"dateModified\":\"2023-08-24T20:30:09+00:00\",\"breadcrumb\":{\"@id\":\"https:\\\/\\\/expressometro.mx\\\/index.php\\\/2023\\\/08\\\/24\\\/aculco-realizo-la-5a-reforestacion-2023\\\/#breadcrumb\"},\"inLanguage\":\"es\",\"potentialAction\":[{\"@type\":\"ReadAction\",\"target\":[\"https:\\\/\\\/expressometro.mx\\\/index.php\\\/2023\\\/08\\\/24\\\/aculco-realizo-la-5a-reforestacion-2023\\\/\"]}]},{\"@type\":\"ImageObject\",\"inLanguage\":\"es\",\"@id\":\"https:\\\/\\\/expressometro.mx\\\/index.php\\\/2023\\\/08\\\/24\\\/aculco-realizo-la-5a-reforestacion-2023\\\/#primaryimage\",\"url\":\"https:\\\/\\\/expressometro.mx\\\/wp-content\\\/uploads\\\/2023\\\/08\\\/Aculco-5a-Reforestacion-2023-230823-1.jpg\",\"contentUrl\":\"https:\\\/\\\/expressometro.mx\\\/wp-content\\\/uploads\\\/2023\\\/08\\\/Aculco-5a-Reforestacion-2023-230823-1.jpg\",\"width\":870,\"height\":380},{\"@type\":\"BreadcrumbList\",\"@id\":\"https:\\\/\\\/expressometro.mx\\\/index.php\\\/2023\\\/08\\\/24\\\/aculco-realizo-la-5a-reforestacion-2023\\\/#breadcrumb\",\"itemListElement\":[{\"@type\":\"ListItem\",\"position\":1,\"name\":\"Inicio\",\"item\":\"https:\\\/\\\/expressometro.mx\\\/\"},{\"@type\":\"ListItem\",\"position\":2,\"name\":\"ACULCO REALIZ\u00d3 LA \u201c5\u00aa REFORESTACI\u00d3N 2023\u201d\"}]},{\"@type\":\"WebSite\",\"@id\":\"https:\\\/\\\/expressometro.mx\\\/#website\",\"url\":\"https:\\\/\\\/expressometro.mx\\\/\",\"name\":\"Expresso Metropolitano\",\"description\":\"Periodismo comprometido, informaci\u00f3n, investigaci\u00f3n y an\u00e1lisis\",\"publisher\":{\"@id\":\"https:\\\/\\\/expressometro.mx\\\/#organization\"},\"potentialAction\":[{\"@type\":\"SearchAction\",\"target\":{\"@type\":\"EntryPoint\",\"urlTemplate\":\"https:\\\/\\\/expressometro.mx\\\/?s={search_term_string}\"},\"query-input\":{\"@type\":\"PropertyValueSpecification\",\"valueRequired\":true,\"valueName\":\"search_term_string\"}}],\"inLanguage\":\"es\"},{\"@type\":\"Organization\",\"@id\":\"https:\\\/\\\/expressometro.mx\\\/#organization\",\"name\":\"Expresso Metropolitano\",\"url\":\"https:\\\/\\\/expressometro.mx\\\/\",\"logo\":{\"@type\":\"ImageObject\",\"inLanguage\":\"es\",\"@id\":\"https:\\\/\\\/expressometro.mx\\\/#\\\/schema\\\/logo\\\/image\\\/\",\"url\":\"https:\\\/\\\/expressometro.mx\\\/wp-content\\\/uploads\\\/2019\\\/07\\\/cropped-Logo-Expresso-Metropolitano-1-1.jpeg\",\"contentUrl\":\"https:\\\/\\\/expressometro.mx\\\/wp-content\\\/uploads\\\/2019\\\/07\\\/cropped-Logo-Expresso-Metropolitano-1-1.jpeg\",\"width\":290,\"height\":73,\"caption\":\"Expresso Metropolitano\"},\"image\":{\"@id\":\"https:\\\/\\\/expressometro.mx\\\/#\\\/schema\\\/logo\\\/image\\\/\"}},{\"@type\":\"Person\",\"@id\":\"https:\\\/\\\/expressometro.mx\\\/#\\\/schema\\\/person\\\/efa971b4a0664db8ed5c22b1b0dd2f5d\",\"name\":\"Expresso Metropolitano\",\"image\":{\"@type\":\"ImageObject\",\"inLanguage\":\"es\",\"@id\":\"https:\\\/\\\/secure.gravatar.com\\\/avatar\\\/a89f802b8de18c6952f223c88d3d106e9e3679839f4e25a02f4a6cc2ae6ba3b3?s=96&d=mm&r=g\",\"url\":\"https:\\\/\\\/secure.gravatar.com\\\/avatar\\\/a89f802b8de18c6952f223c88d3d106e9e3679839f4e25a02f4a6cc2ae6ba3b3?s=96&d=mm&r=g\",\"contentUrl\":\"https:\\\/\\\/secure.gravatar.com\\\/avatar\\\/a89f802b8de18c6952f223c88d3d106e9e3679839f4e25a02f4a6cc2ae6ba3b3?s=96&d=mm&r=g\",\"caption\":\"Expresso Metropolitano\"},\"url\":\"https:\\\/\\\/expressometro.mx\\\/index.php\\\/author\\\/diego\\\/\"}]}<\/script>\n<!-- \/ Yoast SEO plugin. -->","yoast_head_json":{"title":"ACULCO REALIZ\u00d3 LA \u201c5\u00aa REFORESTACI\u00d3N 2023\u201d - Expresso Metropolitano","robots":{"index":"index","follow":"follow","max-snippet":"max-snippet:-1","max-image-preview":"max-image-preview:large","max-video-preview":"max-video-preview:-1"},"canonical":"https:\/\/expressometro.mx\/index.php\/2023\/08\/24\/aculco-realizo-la-5a-reforestacion-2023\/","og_locale":"es_MX","og_type":"article","og_title":"ACULCO REALIZ\u00d3 LA \u201c5\u00aa REFORESTACI\u00d3N 2023\u201d - Expresso Metropolitano","og_description":"El Presidente Municipal, Jorge Alfredo Osornio Victoria, inform\u00f3 que, producto del esfuerzo y del trabajo permanente de miles de familias dedicadas al cuidado de los bosques, se llev\u00f3 a cabo \"5\u00aa Reforestaci\u00f3n 2023\". Esta vez fue en la Comunidad de Gunyo Centro, con la finalidad de contribuir en el cuidado del medio ambiente.","og_url":"https:\/\/expressometro.mx\/index.php\/2023\/08\/24\/aculco-realizo-la-5a-reforestacion-2023\/","og_site_name":"Expresso Metropolitano","article_published_time":"2023-08-24T20:30:07+00:00","article_modified_time":"2023-08-24T20:30:09+00:00","og_image":[{"width":870,"height":380,"url":"http:\/\/expressometro.mx\/wp-content\/uploads\/2023\/08\/Aculco-5a-Reforestacion-2023-230823-1.jpg","type":"image\/jpeg"}],"author":"Expresso Metropolitano","twitter_misc":{"Escrito por":"Expresso Metropolitano","Tiempo de lectura":"2 minutos"},"schema":{"@context":"https:\/\/schema.org","@graph":[{"@type":"Article","@id":"https:\/\/expressometro.mx\/index.php\/2023\/08\/24\/aculco-realizo-la-5a-reforestacion-2023\/#article","isPartOf":{"@id":"https:\/\/expressometro.mx\/index.php\/2023\/08\/24\/aculco-realizo-la-5a-reforestacion-2023\/"},"author":{"name":"Expresso Metropolitano","@id":"https:\/\/expressometro.mx\/#\/schema\/person\/efa971b4a0664db8ed5c22b1b0dd2f5d"},"headline":"ACULCO REALIZ\u00d3 LA \u201c5\u00aa REFORESTACI\u00d3N 2023\u201d","datePublished":"2023-08-24T20:30:07+00:00","dateModified":"2023-08-24T20:30:09+00:00","mainEntityOfPage":{"@id":"https:\/\/expressometro.mx\/index.php\/2023\/08\/24\/aculco-realizo-la-5a-reforestacion-2023\/"},"wordCount":270,"commentCount":0,"publisher":{"@id":"https:\/\/expressometro.mx\/#organization"},"image":{"@id":"https:\/\/expressometro.mx\/index.php\/2023\/08\/24\/aculco-realizo-la-5a-reforestacion-2023\/#primaryimage"},"thumbnailUrl":"https:\/\/expressometro.mx\/wp-content\/uploads\/2023\/08\/Aculco-5a-Reforestacion-2023-230823-1.jpg","keywords":["Aculco","Edomex","GEM","Jorge Osornio","PRI"],"articleSection":["Gobierno","Medio ambiente","Salud"],"inLanguage":"es","potentialAction":[{"@type":"CommentAction","name":"Comment","target":["https:\/\/expressometro.mx\/index.php\/2023\/08\/24\/aculco-realizo-la-5a-reforestacion-2023\/#respond"]}]},{"@type":"WebPage","@id":"https:\/\/expressometro.mx\/index.php\/2023\/08\/24\/aculco-realizo-la-5a-reforestacion-2023\/","url":"https:\/\/expressometro.mx\/index.php\/2023\/08\/24\/aculco-realizo-la-5a-reforestacion-2023\/","name":"ACULCO REALIZ\u00d3 LA \u201c5\u00aa REFORESTACI\u00d3N 2023\u201d - Expresso Metropolitano","isPartOf":{"@id":"https:\/\/expressometro.mx\/#website"},"primaryImageOfPage":{"@id":"https:\/\/expressometro.mx\/index.php\/2023\/08\/24\/aculco-realizo-la-5a-reforestacion-2023\/#primaryimage"},"image":{"@id":"https:\/\/expressometro.mx\/index.php\/2023\/08\/24\/aculco-realizo-la-5a-reforestacion-2023\/#primaryimage"},"thumbnailUrl":"https:\/\/expressometro.mx\/wp-content\/uploads\/2023\/08\/Aculco-5a-Reforestacion-2023-230823-1.jpg","datePublished":"2023-08-24T20:30:07+00:00","dateModified":"2023-08-24T20:30:09+00:00","breadcrumb":{"@id":"https:\/\/expressometro.mx\/index.php\/2023\/08\/24\/aculco-realizo-la-5a-reforestacion-2023\/#breadcrumb"},"inLanguage":"es","potentialAction":[{"@type":"ReadAction","target":["https:\/\/expressometro.mx\/index.php\/2023\/08\/24\/aculco-realizo-la-5a-reforestacion-2023\/"]}]},{"@type":"ImageObject","inLanguage":"es","@id":"https:\/\/expressometro.mx\/index.php\/2023\/08\/24\/aculco-realizo-la-5a-reforestacion-2023\/#primaryimage","url":"https:\/\/expressometro.mx\/wp-content\/uploads\/2023\/08\/Aculco-5a-Reforestacion-2023-230823-1.jpg","contentUrl":"https:\/\/expressometro.mx\/wp-content\/uploads\/2023\/08\/Aculco-5a-Reforestacion-2023-230823-1.jpg","width":870,"height":380},{"@type":"BreadcrumbList","@id":"https:\/\/expressometro.mx\/index.php\/2023\/08\/24\/aculco-realizo-la-5a-reforestacion-2023\/#breadcrumb","itemListElement":[{"@type":"ListItem","position":1,"name":"Inicio","item":"https:\/\/expressometro.mx\/"},{"@type":"ListItem","position":2,"name":"ACULCO REALIZ\u00d3 LA \u201c5\u00aa REFORESTACI\u00d3N 2023\u201d"}]},{"@type":"WebSite","@id":"https:\/\/expressometro.mx\/#website","url":"https:\/\/expressometro.mx\/","name":"Expresso Metropolitano","description":"Periodismo comprometido, informaci\u00f3n, investigaci\u00f3n y an\u00e1lisis","publisher":{"@id":"https:\/\/expressometro.mx\/#organization"},"potentialAction":[{"@type":"SearchAction","target":{"@type":"EntryPoint","urlTemplate":"https:\/\/expressometro.mx\/?s={search_term_string}"},"query-input":{"@type":"PropertyValueSpecification","valueRequired":true,"valueName":"search_term_string"}}],"inLanguage":"es"},{"@type":"Organization","@id":"https:\/\/expressometro.mx\/#organization","name":"Expresso Metropolitano","url":"https:\/\/expressometro.mx\/","logo":{"@type":"ImageObject","inLanguage":"es","@id":"https:\/\/expressometro.mx\/#\/schema\/logo\/image\/","url":"https:\/\/expressometro.mx\/wp-content\/uploads\/2019\/07\/cropped-Logo-Expresso-Metropolitano-1-1.jpeg","contentUrl":"https:\/\/expressometro.mx\/wp-content\/uploads\/2019\/07\/cropped-Logo-Expresso-Metropolitano-1-1.jpeg","width":290,"height":73,"caption":"Expresso Metropolitano"},"image":{"@id":"https:\/\/expressometro.mx\/#\/schema\/logo\/image\/"}},{"@type":"Person","@id":"https:\/\/expressometro.mx\/#\/schema\/person\/efa971b4a0664db8ed5c22b1b0dd2f5d","name":"Expresso Metropolitano","image":{"@type":"ImageObject","inLanguage":"es","@id":"https:\/\/secure.gravatar.com\/avatar\/a89f802b8de18c6952f223c88d3d106e9e3679839f4e25a02f4a6cc2ae6ba3b3?s=96&d=mm&r=g","url":"https:\/\/secure.gravatar.com\/avatar\/a89f802b8de18c6952f223c88d3d106e9e3679839f4e25a02f4a6cc2ae6ba3b3?s=96&d=mm&r=g","contentUrl":"https:\/\/secure.gravatar.com\/avatar\/a89f802b8de18c6952f223c88d3d106e9e3679839f4e25a02f4a6cc2ae6ba3b3?s=96&d=mm&r=g","caption":"Expresso Metropolitano"},"url":"https:\/\/expressometro.mx\/index.php\/author\/diego\/"}]}},"amp_enabled":true,"_links":{"self":[{"href":"https:\/\/expressometro.mx\/index.php\/wp-json\/wp\/v2\/posts\/7737","targetHints":{"allow":["GET"]}}],"collection":[{"href":"https:\/\/expressometro.mx\/index.php\/wp-json\/wp\/v2\/posts"}],"about":[{"href":"https:\/\/expressometro.mx\/index.php\/wp-json\/wp\/v2\/types\/post"}],"author":[{"embeddable":true,"href":"https:\/\/expressometro.mx\/index.php\/wp-json\/wp\/v2\/users\/1"}],"replies":[{"embeddable":true,"href":"https:\/\/expressometro.mx\/index.php\/wp-json\/wp\/v2\/comments?post=7737"}],"version-history":[{"count":1,"href":"https:\/\/expressometro.mx\/index.php\/wp-json\/wp\/v2\/posts\/7737\/revisions"}],"predecessor-version":[{"id":7740,"href":"https:\/\/expressometro.mx\/index.php\/wp-json\/wp\/v2\/posts\/7737\/revisions\/7740"}],"wp:featuredmedia":[{"embeddable":true,"href":"https:\/\/expressometro.mx\/index.php\/wp-json\/wp\/v2\/media\/7739"}],"wp:attachment":[{"href":"https:\/\/expressometro.mx\/index.php\/wp-json\/wp\/v2\/media?parent=7737"}],"wp:term":[{"taxonomy":"category","embeddable":true,"href":"https:\/\/expressometro.mx\/index.php\/wp-json\/wp\/v2\/categories?post=7737"},{"taxonomy":"post_tag","embeddable":true,"href":"https:\/\/expressometro.mx\/index.php\/wp-json\/wp\/v2\/tags?post=7737"}],"curies":[{"name":"wp","href":"https:\/\/api.w.org\/{rel}","templated":true}]}}