{"id":7731,"date":"2023-08-23T12:49:17","date_gmt":"2023-08-23T17:49:17","guid":{"rendered":"https:\/\/expressometro.mx\/?p=7731"},"modified":"2023-08-24T13:43:28","modified_gmt":"2023-08-24T18:43:28","slug":"jiquipilco-fue-sede-de-la-sesion-de-la-coordinacion-territorial-para-la-construccion-de-la-paz-y-la-seguridad-de-la-zona-norte-del-estado-de-mexico","status":"publish","type":"post","link":"https:\/\/expressometro.mx\/index.php\/2023\/08\/23\/jiquipilco-fue-sede-de-la-sesion-de-la-coordinacion-territorial-para-la-construccion-de-la-paz-y-la-seguridad-de-la-zona-norte-del-estado-de-mexico\/","title":{"rendered":"JIQUIPILCO FUE SEDE DE LA SESI\u00d3N DE LA COORDINACI\u00d3N TERRITORIAL PARA LA CONSTRUCCI\u00d3N DE LA PAZ Y LA SEGURIDAD DE LA ZONA NORTE DEL ESTADO DE M\u00c9XICO"},"content":{"rendered":"\n<p><\/p>\n\n\n\n<p>La Sesi\u00f3n de la Coordinaci\u00f3n Territorial para la Construcci\u00f3n de la Paz y la Seguridad de la zona norte del Estado de M\u00e9xico es un espacio de an\u00e1lisis y definici\u00f3n de estrategias y acciones concretas para devolver la tranquilidad y la paz a los habitantes de los municipios del norte del estado, esta vez Jiquipilco fue el anfitri\u00f3n.<\/p>\n\n\n\n<p>El Presidente Municipal, Felipe de Jes\u00fas S\u00e1nchez D\u00e1vila, le dio la bienvenida a los distintos presidentes municipales de la zona norte del estado, a la polic\u00eda estatal y a las autoridades encargadas de este programa. El edil indic\u00f3 que esta sesi\u00f3n legitima el trabajo coordinado que potencia los resultados de la pol\u00edtica en materia de seguridad y combate a la delincuencia.<\/p>\n\n\n\n<p>S\u00e1nchez D\u00e1vila destac\u00f3 que con la participaci\u00f3n de todas las instituciones involucradas es posible enfrentar el fen\u00f3meno de la delincuencia, a pesar de las limitaciones presupuestales y de las implicaciones tan complejas del problema.<\/p>\n\n\n\n<p>La reconstrucci\u00f3n del tejido social, como estrategia de largo plazo, es una acci\u00f3n concreta que se complementa con la actividad operativa cotidiana que, en concordancia con la pol\u00edtica de todos los niveles, tiene como objetivo sumar voluntades y visiones para que la seguridad sea una realidad en los municipios del norte del estado, en este caso.<\/p>\n\n\n\n<p>Al respecto, los presidentes municipales asistentes manifestaron su agradecimiento y felicitaci\u00f3n a quienes realizan los trabajos de inteligencia y operatividad que han permitido contener los \u00edndices delictivos. Finalmente, Felipe S\u00e1nchez, llam\u00f3 a las instituciones federales, estatales y municipales a redoblar esfuerzos durante la \u00e9poca decembrina, a fin de evitar que aumenten.<\/p>\n","protected":false},"excerpt":{"rendered":"<p>La Sesi\u00f3n de la Coordinaci\u00f3n Territorial para la Construcci\u00f3n de la Paz y la Seguridad de la zona norte del Estado de M\u00e9xico es un espacio de an\u00e1lisis y definici\u00f3n de estrategias y acciones concretas para devolver la tranquilidad y la paz a los habitantes de los municipios del norte del estado, esta vez Jiquipilco fue el anfitri\u00f3n.<\/p>\n","protected":false},"author":1,"featured_media":7733,"comment_status":"open","ping_status":"open","sticky":false,"template":"","format":"standard","meta":{"footnotes":""},"categories":[3,1,6],"tags":[1982,1670,86,196,158],"class_list":["post-7731","post","type-post","status-publish","format-standard","has-post-thumbnail","hentry","category-gobierno","category-otros","category-seguridad","tag-edomex","tag-felipe-de-jesus-sanchez","tag-gem","tag-jiquipilco","tag-pri"],"yoast_head":"<!-- This site is optimized with the Yoast SEO plugin v27.4 - https:\/\/yoast.com\/product\/yoast-seo-wordpress\/ -->\n<title>JIQUIPILCO FUE SEDE DE LA SESI\u00d3N DE LA COORDINACI\u00d3N TERRITORIAL PARA LA CONSTRUCCI\u00d3N DE LA PAZ Y LA SEGURIDAD DE LA ZONA NORTE DEL ESTADO DE M\u00c9XICO - Expresso Metropolitano<\/title>\n<meta name=\"robots\" content=\"index, follow, max-snippet:-1, max-image-preview:large, max-video-preview:-1\" \/>\n<link rel=\"canonical\" href=\"https:\/\/expressometro.mx\/index.php\/2023\/08\/23\/jiquipilco-fue-sede-de-la-sesion-de-la-coordinacion-territorial-para-la-construccion-de-la-paz-y-la-seguridad-de-la-zona-norte-del-estado-de-mexico\/\" \/>\n<meta property=\"og:locale\" content=\"es_MX\" \/>\n<meta property=\"og:type\" content=\"article\" \/>\n<meta property=\"og:title\" content=\"JIQUIPILCO FUE SEDE DE LA SESI\u00d3N DE LA COORDINACI\u00d3N TERRITORIAL PARA LA CONSTRUCCI\u00d3N DE LA PAZ Y LA SEGURIDAD DE LA ZONA NORTE DEL ESTADO DE M\u00c9XICO - Expresso Metropolitano\" \/>\n<meta property=\"og:description\" content=\"La Sesi\u00f3n de la Coordinaci\u00f3n Territorial para la Construcci\u00f3n de la Paz y la Seguridad de la zona norte del Estado de M\u00e9xico es un espacio de an\u00e1lisis y definici\u00f3n de estrategias y acciones concretas para devolver la tranquilidad y la paz a los habitantes de los municipios del norte del estado, esta vez Jiquipilco fue el anfitri\u00f3n.\" \/>\n<meta property=\"og:url\" content=\"https:\/\/expressometro.mx\/index.php\/2023\/08\/23\/jiquipilco-fue-sede-de-la-sesion-de-la-coordinacion-territorial-para-la-construccion-de-la-paz-y-la-seguridad-de-la-zona-norte-del-estado-de-mexico\/\" \/>\n<meta property=\"og:site_name\" content=\"Expresso Metropolitano\" \/>\n<meta property=\"article:published_time\" content=\"2023-08-23T17:49:17+00:00\" \/>\n<meta property=\"article:modified_time\" content=\"2023-08-24T18:43:28+00:00\" \/>\n<meta property=\"og:image\" content=\"http:\/\/expressometro.mx\/wp-content\/uploads\/2023\/08\/Jiquipilco-Sesion-de-Coordinacion-Territorial-220823-1.jpg\" \/>\n\t<meta property=\"og:image:width\" content=\"834\" \/>\n\t<meta property=\"og:image:height\" content=\"505\" \/>\n\t<meta property=\"og:image:type\" content=\"image\/jpeg\" \/>\n<meta name=\"author\" content=\"Expresso Metropolitano\" \/>\n<meta name=\"twitter:label1\" content=\"Escrito por\" \/>\n\t<meta name=\"twitter:data1\" content=\"Expresso Metropolitano\" \/>\n\t<meta name=\"twitter:label2\" content=\"Tiempo de lectura\" \/>\n\t<meta name=\"twitter:data2\" content=\"2 minutos\" \/>\n<script type=\"application\/ld+json\" class=\"yoast-schema-graph\">{\"@context\":\"https:\\\/\\\/schema.org\",\"@graph\":[{\"@type\":\"Article\",\"@id\":\"https:\\\/\\\/expressometro.mx\\\/index.php\\\/2023\\\/08\\\/23\\\/jiquipilco-fue-sede-de-la-sesion-de-la-coordinacion-territorial-para-la-construccion-de-la-paz-y-la-seguridad-de-la-zona-norte-del-estado-de-mexico\\\/#article\",\"isPartOf\":{\"@id\":\"https:\\\/\\\/expressometro.mx\\\/index.php\\\/2023\\\/08\\\/23\\\/jiquipilco-fue-sede-de-la-sesion-de-la-coordinacion-territorial-para-la-construccion-de-la-paz-y-la-seguridad-de-la-zona-norte-del-estado-de-mexico\\\/\"},\"author\":{\"name\":\"Expresso Metropolitano\",\"@id\":\"https:\\\/\\\/expressometro.mx\\\/#\\\/schema\\\/person\\\/efa971b4a0664db8ed5c22b1b0dd2f5d\"},\"headline\":\"JIQUIPILCO FUE SEDE DE LA SESI\u00d3N DE LA COORDINACI\u00d3N TERRITORIAL PARA LA CONSTRUCCI\u00d3N DE LA PAZ Y LA SEGURIDAD DE LA ZONA NORTE DEL ESTADO DE M\u00c9XICO\",\"datePublished\":\"2023-08-23T17:49:17+00:00\",\"dateModified\":\"2023-08-24T18:43:28+00:00\",\"mainEntityOfPage\":{\"@id\":\"https:\\\/\\\/expressometro.mx\\\/index.php\\\/2023\\\/08\\\/23\\\/jiquipilco-fue-sede-de-la-sesion-de-la-coordinacion-territorial-para-la-construccion-de-la-paz-y-la-seguridad-de-la-zona-norte-del-estado-de-mexico\\\/\"},\"wordCount\":313,\"commentCount\":0,\"publisher\":{\"@id\":\"https:\\\/\\\/expressometro.mx\\\/#organization\"},\"image\":{\"@id\":\"https:\\\/\\\/expressometro.mx\\\/index.php\\\/2023\\\/08\\\/23\\\/jiquipilco-fue-sede-de-la-sesion-de-la-coordinacion-territorial-para-la-construccion-de-la-paz-y-la-seguridad-de-la-zona-norte-del-estado-de-mexico\\\/#primaryimage\"},\"thumbnailUrl\":\"https:\\\/\\\/expressometro.mx\\\/wp-content\\\/uploads\\\/2023\\\/08\\\/Jiquipilco-Sesion-de-Coordinacion-Territorial-220823-1.jpg\",\"keywords\":[\"Edomex\",\"Felipe de Jes\u00fas S\u00e1nchez\",\"GEM\",\"Jiquipilco\",\"PRI\"],\"articleSection\":[\"Gobierno\",\"Otros\",\"Seguridad\"],\"inLanguage\":\"es\",\"potentialAction\":[{\"@type\":\"CommentAction\",\"name\":\"Comment\",\"target\":[\"https:\\\/\\\/expressometro.mx\\\/index.php\\\/2023\\\/08\\\/23\\\/jiquipilco-fue-sede-de-la-sesion-de-la-coordinacion-territorial-para-la-construccion-de-la-paz-y-la-seguridad-de-la-zona-norte-del-estado-de-mexico\\\/#respond\"]}]},{\"@type\":\"WebPage\",\"@id\":\"https:\\\/\\\/expressometro.mx\\\/index.php\\\/2023\\\/08\\\/23\\\/jiquipilco-fue-sede-de-la-sesion-de-la-coordinacion-territorial-para-la-construccion-de-la-paz-y-la-seguridad-de-la-zona-norte-del-estado-de-mexico\\\/\",\"url\":\"https:\\\/\\\/expressometro.mx\\\/index.php\\\/2023\\\/08\\\/23\\\/jiquipilco-fue-sede-de-la-sesion-de-la-coordinacion-territorial-para-la-construccion-de-la-paz-y-la-seguridad-de-la-zona-norte-del-estado-de-mexico\\\/\",\"name\":\"JIQUIPILCO FUE SEDE DE LA SESI\u00d3N DE LA COORDINACI\u00d3N TERRITORIAL PARA LA CONSTRUCCI\u00d3N DE LA PAZ Y LA SEGURIDAD DE LA ZONA NORTE DEL ESTADO DE M\u00c9XICO - Expresso Metropolitano\",\"isPartOf\":{\"@id\":\"https:\\\/\\\/expressometro.mx\\\/#website\"},\"primaryImageOfPage\":{\"@id\":\"https:\\\/\\\/expressometro.mx\\\/index.php\\\/2023\\\/08\\\/23\\\/jiquipilco-fue-sede-de-la-sesion-de-la-coordinacion-territorial-para-la-construccion-de-la-paz-y-la-seguridad-de-la-zona-norte-del-estado-de-mexico\\\/#primaryimage\"},\"image\":{\"@id\":\"https:\\\/\\\/expressometro.mx\\\/index.php\\\/2023\\\/08\\\/23\\\/jiquipilco-fue-sede-de-la-sesion-de-la-coordinacion-territorial-para-la-construccion-de-la-paz-y-la-seguridad-de-la-zona-norte-del-estado-de-mexico\\\/#primaryimage\"},\"thumbnailUrl\":\"https:\\\/\\\/expressometro.mx\\\/wp-content\\\/uploads\\\/2023\\\/08\\\/Jiquipilco-Sesion-de-Coordinacion-Territorial-220823-1.jpg\",\"datePublished\":\"2023-08-23T17:49:17+00:00\",\"dateModified\":\"2023-08-24T18:43:28+00:00\",\"breadcrumb\":{\"@id\":\"https:\\\/\\\/expressometro.mx\\\/index.php\\\/2023\\\/08\\\/23\\\/jiquipilco-fue-sede-de-la-sesion-de-la-coordinacion-territorial-para-la-construccion-de-la-paz-y-la-seguridad-de-la-zona-norte-del-estado-de-mexico\\\/#breadcrumb\"},\"inLanguage\":\"es\",\"potentialAction\":[{\"@type\":\"ReadAction\",\"target\":[\"https:\\\/\\\/expressometro.mx\\\/index.php\\\/2023\\\/08\\\/23\\\/jiquipilco-fue-sede-de-la-sesion-de-la-coordinacion-territorial-para-la-construccion-de-la-paz-y-la-seguridad-de-la-zona-norte-del-estado-de-mexico\\\/\"]}]},{\"@type\":\"ImageObject\",\"inLanguage\":\"es\",\"@id\":\"https:\\\/\\\/expressometro.mx\\\/index.php\\\/2023\\\/08\\\/23\\\/jiquipilco-fue-sede-de-la-sesion-de-la-coordinacion-territorial-para-la-construccion-de-la-paz-y-la-seguridad-de-la-zona-norte-del-estado-de-mexico\\\/#primaryimage\",\"url\":\"https:\\\/\\\/expressometro.mx\\\/wp-content\\\/uploads\\\/2023\\\/08\\\/Jiquipilco-Sesion-de-Coordinacion-Territorial-220823-1.jpg\",\"contentUrl\":\"https:\\\/\\\/expressometro.mx\\\/wp-content\\\/uploads\\\/2023\\\/08\\\/Jiquipilco-Sesion-de-Coordinacion-Territorial-220823-1.jpg\",\"width\":834,\"height\":505},{\"@type\":\"BreadcrumbList\",\"@id\":\"https:\\\/\\\/expressometro.mx\\\/index.php\\\/2023\\\/08\\\/23\\\/jiquipilco-fue-sede-de-la-sesion-de-la-coordinacion-territorial-para-la-construccion-de-la-paz-y-la-seguridad-de-la-zona-norte-del-estado-de-mexico\\\/#breadcrumb\",\"itemListElement\":[{\"@type\":\"ListItem\",\"position\":1,\"name\":\"Inicio\",\"item\":\"https:\\\/\\\/expressometro.mx\\\/\"},{\"@type\":\"ListItem\",\"position\":2,\"name\":\"JIQUIPILCO FUE SEDE DE LA SESI\u00d3N DE LA COORDINACI\u00d3N TERRITORIAL PARA LA CONSTRUCCI\u00d3N DE LA PAZ Y LA SEGURIDAD DE LA ZONA NORTE DEL ESTADO DE M\u00c9XICO\"}]},{\"@type\":\"WebSite\",\"@id\":\"https:\\\/\\\/expressometro.mx\\\/#website\",\"url\":\"https:\\\/\\\/expressometro.mx\\\/\",\"name\":\"Expresso Metropolitano\",\"description\":\"Periodismo comprometido, informaci\u00f3n, investigaci\u00f3n y an\u00e1lisis\",\"publisher\":{\"@id\":\"https:\\\/\\\/expressometro.mx\\\/#organization\"},\"potentialAction\":[{\"@type\":\"SearchAction\",\"target\":{\"@type\":\"EntryPoint\",\"urlTemplate\":\"https:\\\/\\\/expressometro.mx\\\/?s={search_term_string}\"},\"query-input\":{\"@type\":\"PropertyValueSpecification\",\"valueRequired\":true,\"valueName\":\"search_term_string\"}}],\"inLanguage\":\"es\"},{\"@type\":\"Organization\",\"@id\":\"https:\\\/\\\/expressometro.mx\\\/#organization\",\"name\":\"Expresso Metropolitano\",\"url\":\"https:\\\/\\\/expressometro.mx\\\/\",\"logo\":{\"@type\":\"ImageObject\",\"inLanguage\":\"es\",\"@id\":\"https:\\\/\\\/expressometro.mx\\\/#\\\/schema\\\/logo\\\/image\\\/\",\"url\":\"https:\\\/\\\/expressometro.mx\\\/wp-content\\\/uploads\\\/2019\\\/07\\\/cropped-Logo-Expresso-Metropolitano-1-1.jpeg\",\"contentUrl\":\"https:\\\/\\\/expressometro.mx\\\/wp-content\\\/uploads\\\/2019\\\/07\\\/cropped-Logo-Expresso-Metropolitano-1-1.jpeg\",\"width\":290,\"height\":73,\"caption\":\"Expresso Metropolitano\"},\"image\":{\"@id\":\"https:\\\/\\\/expressometro.mx\\\/#\\\/schema\\\/logo\\\/image\\\/\"}},{\"@type\":\"Person\",\"@id\":\"https:\\\/\\\/expressometro.mx\\\/#\\\/schema\\\/person\\\/efa971b4a0664db8ed5c22b1b0dd2f5d\",\"name\":\"Expresso Metropolitano\",\"image\":{\"@type\":\"ImageObject\",\"inLanguage\":\"es\",\"@id\":\"https:\\\/\\\/secure.gravatar.com\\\/avatar\\\/a89f802b8de18c6952f223c88d3d106e9e3679839f4e25a02f4a6cc2ae6ba3b3?s=96&d=mm&r=g\",\"url\":\"https:\\\/\\\/secure.gravatar.com\\\/avatar\\\/a89f802b8de18c6952f223c88d3d106e9e3679839f4e25a02f4a6cc2ae6ba3b3?s=96&d=mm&r=g\",\"contentUrl\":\"https:\\\/\\\/secure.gravatar.com\\\/avatar\\\/a89f802b8de18c6952f223c88d3d106e9e3679839f4e25a02f4a6cc2ae6ba3b3?s=96&d=mm&r=g\",\"caption\":\"Expresso Metropolitano\"},\"url\":\"https:\\\/\\\/expressometro.mx\\\/index.php\\\/author\\\/diego\\\/\"}]}<\/script>\n<!-- \/ Yoast SEO plugin. -->","yoast_head_json":{"title":"JIQUIPILCO FUE SEDE DE LA SESI\u00d3N DE LA COORDINACI\u00d3N TERRITORIAL PARA LA CONSTRUCCI\u00d3N DE LA PAZ Y LA SEGURIDAD DE LA ZONA NORTE DEL ESTADO DE M\u00c9XICO - Expresso Metropolitano","robots":{"index":"index","follow":"follow","max-snippet":"max-snippet:-1","max-image-preview":"max-image-preview:large","max-video-preview":"max-video-preview:-1"},"canonical":"https:\/\/expressometro.mx\/index.php\/2023\/08\/23\/jiquipilco-fue-sede-de-la-sesion-de-la-coordinacion-territorial-para-la-construccion-de-la-paz-y-la-seguridad-de-la-zona-norte-del-estado-de-mexico\/","og_locale":"es_MX","og_type":"article","og_title":"JIQUIPILCO FUE SEDE DE LA SESI\u00d3N DE LA COORDINACI\u00d3N TERRITORIAL PARA LA CONSTRUCCI\u00d3N DE LA PAZ Y LA SEGURIDAD DE LA ZONA NORTE DEL ESTADO DE M\u00c9XICO - Expresso Metropolitano","og_description":"La Sesi\u00f3n de la Coordinaci\u00f3n Territorial para la Construcci\u00f3n de la Paz y la Seguridad de la zona norte del Estado de M\u00e9xico es un espacio de an\u00e1lisis y definici\u00f3n de estrategias y acciones concretas para devolver la tranquilidad y la paz a los habitantes de los municipios del norte del estado, esta vez Jiquipilco fue el anfitri\u00f3n.","og_url":"https:\/\/expressometro.mx\/index.php\/2023\/08\/23\/jiquipilco-fue-sede-de-la-sesion-de-la-coordinacion-territorial-para-la-construccion-de-la-paz-y-la-seguridad-de-la-zona-norte-del-estado-de-mexico\/","og_site_name":"Expresso Metropolitano","article_published_time":"2023-08-23T17:49:17+00:00","article_modified_time":"2023-08-24T18:43:28+00:00","og_image":[{"width":834,"height":505,"url":"http:\/\/expressometro.mx\/wp-content\/uploads\/2023\/08\/Jiquipilco-Sesion-de-Coordinacion-Territorial-220823-1.jpg","type":"image\/jpeg"}],"author":"Expresso Metropolitano","twitter_misc":{"Escrito por":"Expresso Metropolitano","Tiempo de lectura":"2 minutos"},"schema":{"@context":"https:\/\/schema.org","@graph":[{"@type":"Article","@id":"https:\/\/expressometro.mx\/index.php\/2023\/08\/23\/jiquipilco-fue-sede-de-la-sesion-de-la-coordinacion-territorial-para-la-construccion-de-la-paz-y-la-seguridad-de-la-zona-norte-del-estado-de-mexico\/#article","isPartOf":{"@id":"https:\/\/expressometro.mx\/index.php\/2023\/08\/23\/jiquipilco-fue-sede-de-la-sesion-de-la-coordinacion-territorial-para-la-construccion-de-la-paz-y-la-seguridad-de-la-zona-norte-del-estado-de-mexico\/"},"author":{"name":"Expresso Metropolitano","@id":"https:\/\/expressometro.mx\/#\/schema\/person\/efa971b4a0664db8ed5c22b1b0dd2f5d"},"headline":"JIQUIPILCO FUE SEDE DE LA SESI\u00d3N DE LA COORDINACI\u00d3N TERRITORIAL PARA LA CONSTRUCCI\u00d3N DE LA PAZ Y LA SEGURIDAD DE LA ZONA NORTE DEL ESTADO DE M\u00c9XICO","datePublished":"2023-08-23T17:49:17+00:00","dateModified":"2023-08-24T18:43:28+00:00","mainEntityOfPage":{"@id":"https:\/\/expressometro.mx\/index.php\/2023\/08\/23\/jiquipilco-fue-sede-de-la-sesion-de-la-coordinacion-territorial-para-la-construccion-de-la-paz-y-la-seguridad-de-la-zona-norte-del-estado-de-mexico\/"},"wordCount":313,"commentCount":0,"publisher":{"@id":"https:\/\/expressometro.mx\/#organization"},"image":{"@id":"https:\/\/expressometro.mx\/index.php\/2023\/08\/23\/jiquipilco-fue-sede-de-la-sesion-de-la-coordinacion-territorial-para-la-construccion-de-la-paz-y-la-seguridad-de-la-zona-norte-del-estado-de-mexico\/#primaryimage"},"thumbnailUrl":"https:\/\/expressometro.mx\/wp-content\/uploads\/2023\/08\/Jiquipilco-Sesion-de-Coordinacion-Territorial-220823-1.jpg","keywords":["Edomex","Felipe de Jes\u00fas S\u00e1nchez","GEM","Jiquipilco","PRI"],"articleSection":["Gobierno","Otros","Seguridad"],"inLanguage":"es","potentialAction":[{"@type":"CommentAction","name":"Comment","target":["https:\/\/expressometro.mx\/index.php\/2023\/08\/23\/jiquipilco-fue-sede-de-la-sesion-de-la-coordinacion-territorial-para-la-construccion-de-la-paz-y-la-seguridad-de-la-zona-norte-del-estado-de-mexico\/#respond"]}]},{"@type":"WebPage","@id":"https:\/\/expressometro.mx\/index.php\/2023\/08\/23\/jiquipilco-fue-sede-de-la-sesion-de-la-coordinacion-territorial-para-la-construccion-de-la-paz-y-la-seguridad-de-la-zona-norte-del-estado-de-mexico\/","url":"https:\/\/expressometro.mx\/index.php\/2023\/08\/23\/jiquipilco-fue-sede-de-la-sesion-de-la-coordinacion-territorial-para-la-construccion-de-la-paz-y-la-seguridad-de-la-zona-norte-del-estado-de-mexico\/","name":"JIQUIPILCO FUE SEDE DE LA SESI\u00d3N DE LA COORDINACI\u00d3N TERRITORIAL PARA LA CONSTRUCCI\u00d3N DE LA PAZ Y LA SEGURIDAD DE LA ZONA NORTE DEL ESTADO DE M\u00c9XICO - Expresso Metropolitano","isPartOf":{"@id":"https:\/\/expressometro.mx\/#website"},"primaryImageOfPage":{"@id":"https:\/\/expressometro.mx\/index.php\/2023\/08\/23\/jiquipilco-fue-sede-de-la-sesion-de-la-coordinacion-territorial-para-la-construccion-de-la-paz-y-la-seguridad-de-la-zona-norte-del-estado-de-mexico\/#primaryimage"},"image":{"@id":"https:\/\/expressometro.mx\/index.php\/2023\/08\/23\/jiquipilco-fue-sede-de-la-sesion-de-la-coordinacion-territorial-para-la-construccion-de-la-paz-y-la-seguridad-de-la-zona-norte-del-estado-de-mexico\/#primaryimage"},"thumbnailUrl":"https:\/\/expressometro.mx\/wp-content\/uploads\/2023\/08\/Jiquipilco-Sesion-de-Coordinacion-Territorial-220823-1.jpg","datePublished":"2023-08-23T17:49:17+00:00","dateModified":"2023-08-24T18:43:28+00:00","breadcrumb":{"@id":"https:\/\/expressometro.mx\/index.php\/2023\/08\/23\/jiquipilco-fue-sede-de-la-sesion-de-la-coordinacion-territorial-para-la-construccion-de-la-paz-y-la-seguridad-de-la-zona-norte-del-estado-de-mexico\/#breadcrumb"},"inLanguage":"es","potentialAction":[{"@type":"ReadAction","target":["https:\/\/expressometro.mx\/index.php\/2023\/08\/23\/jiquipilco-fue-sede-de-la-sesion-de-la-coordinacion-territorial-para-la-construccion-de-la-paz-y-la-seguridad-de-la-zona-norte-del-estado-de-mexico\/"]}]},{"@type":"ImageObject","inLanguage":"es","@id":"https:\/\/expressometro.mx\/index.php\/2023\/08\/23\/jiquipilco-fue-sede-de-la-sesion-de-la-coordinacion-territorial-para-la-construccion-de-la-paz-y-la-seguridad-de-la-zona-norte-del-estado-de-mexico\/#primaryimage","url":"https:\/\/expressometro.mx\/wp-content\/uploads\/2023\/08\/Jiquipilco-Sesion-de-Coordinacion-Territorial-220823-1.jpg","contentUrl":"https:\/\/expressometro.mx\/wp-content\/uploads\/2023\/08\/Jiquipilco-Sesion-de-Coordinacion-Territorial-220823-1.jpg","width":834,"height":505},{"@type":"BreadcrumbList","@id":"https:\/\/expressometro.mx\/index.php\/2023\/08\/23\/jiquipilco-fue-sede-de-la-sesion-de-la-coordinacion-territorial-para-la-construccion-de-la-paz-y-la-seguridad-de-la-zona-norte-del-estado-de-mexico\/#breadcrumb","itemListElement":[{"@type":"ListItem","position":1,"name":"Inicio","item":"https:\/\/expressometro.mx\/"},{"@type":"ListItem","position":2,"name":"JIQUIPILCO FUE SEDE DE LA SESI\u00d3N DE LA COORDINACI\u00d3N TERRITORIAL PARA LA CONSTRUCCI\u00d3N DE LA PAZ Y LA SEGURIDAD DE LA ZONA NORTE DEL ESTADO DE M\u00c9XICO"}]},{"@type":"WebSite","@id":"https:\/\/expressometro.mx\/#website","url":"https:\/\/expressometro.mx\/","name":"Expresso Metropolitano","description":"Periodismo comprometido, informaci\u00f3n, investigaci\u00f3n y an\u00e1lisis","publisher":{"@id":"https:\/\/expressometro.mx\/#organization"},"potentialAction":[{"@type":"SearchAction","target":{"@type":"EntryPoint","urlTemplate":"https:\/\/expressometro.mx\/?s={search_term_string}"},"query-input":{"@type":"PropertyValueSpecification","valueRequired":true,"valueName":"search_term_string"}}],"inLanguage":"es"},{"@type":"Organization","@id":"https:\/\/expressometro.mx\/#organization","name":"Expresso Metropolitano","url":"https:\/\/expressometro.mx\/","logo":{"@type":"ImageObject","inLanguage":"es","@id":"https:\/\/expressometro.mx\/#\/schema\/logo\/image\/","url":"https:\/\/expressometro.mx\/wp-content\/uploads\/2019\/07\/cropped-Logo-Expresso-Metropolitano-1-1.jpeg","contentUrl":"https:\/\/expressometro.mx\/wp-content\/uploads\/2019\/07\/cropped-Logo-Expresso-Metropolitano-1-1.jpeg","width":290,"height":73,"caption":"Expresso Metropolitano"},"image":{"@id":"https:\/\/expressometro.mx\/#\/schema\/logo\/image\/"}},{"@type":"Person","@id":"https:\/\/expressometro.mx\/#\/schema\/person\/efa971b4a0664db8ed5c22b1b0dd2f5d","name":"Expresso Metropolitano","image":{"@type":"ImageObject","inLanguage":"es","@id":"https:\/\/secure.gravatar.com\/avatar\/a89f802b8de18c6952f223c88d3d106e9e3679839f4e25a02f4a6cc2ae6ba3b3?s=96&d=mm&r=g","url":"https:\/\/secure.gravatar.com\/avatar\/a89f802b8de18c6952f223c88d3d106e9e3679839f4e25a02f4a6cc2ae6ba3b3?s=96&d=mm&r=g","contentUrl":"https:\/\/secure.gravatar.com\/avatar\/a89f802b8de18c6952f223c88d3d106e9e3679839f4e25a02f4a6cc2ae6ba3b3?s=96&d=mm&r=g","caption":"Expresso Metropolitano"},"url":"https:\/\/expressometro.mx\/index.php\/author\/diego\/"}]}},"amp_enabled":true,"_links":{"self":[{"href":"https:\/\/expressometro.mx\/index.php\/wp-json\/wp\/v2\/posts\/7731","targetHints":{"allow":["GET"]}}],"collection":[{"href":"https:\/\/expressometro.mx\/index.php\/wp-json\/wp\/v2\/posts"}],"about":[{"href":"https:\/\/expressometro.mx\/index.php\/wp-json\/wp\/v2\/types\/post"}],"author":[{"embeddable":true,"href":"https:\/\/expressometro.mx\/index.php\/wp-json\/wp\/v2\/users\/1"}],"replies":[{"embeddable":true,"href":"https:\/\/expressometro.mx\/index.php\/wp-json\/wp\/v2\/comments?post=7731"}],"version-history":[{"count":1,"href":"https:\/\/expressometro.mx\/index.php\/wp-json\/wp\/v2\/posts\/7731\/revisions"}],"predecessor-version":[{"id":7734,"href":"https:\/\/expressometro.mx\/index.php\/wp-json\/wp\/v2\/posts\/7731\/revisions\/7734"}],"wp:featuredmedia":[{"embeddable":true,"href":"https:\/\/expressometro.mx\/index.php\/wp-json\/wp\/v2\/media\/7733"}],"wp:attachment":[{"href":"https:\/\/expressometro.mx\/index.php\/wp-json\/wp\/v2\/media?parent=7731"}],"wp:term":[{"taxonomy":"category","embeddable":true,"href":"https:\/\/expressometro.mx\/index.php\/wp-json\/wp\/v2\/categories?post=7731"},{"taxonomy":"post_tag","embeddable":true,"href":"https:\/\/expressometro.mx\/index.php\/wp-json\/wp\/v2\/tags?post=7731"}],"curies":[{"name":"wp","href":"https:\/\/api.w.org\/{rel}","templated":true}]}}