{"id":7683,"date":"2023-08-19T22:51:43","date_gmt":"2023-08-20T03:51:43","guid":{"rendered":"https:\/\/expressometro.mx\/?p=7683"},"modified":"2023-08-21T22:54:55","modified_gmt":"2023-08-22T03:54:55","slug":"cardenas-monroy-refrenda-su-apoyo-a-los-docentes","status":"publish","type":"post","link":"https:\/\/expressometro.mx\/index.php\/2023\/08\/19\/cardenas-monroy-refrenda-su-apoyo-a-los-docentes\/","title":{"rendered":"C\u00c1RDENAS MONROY REFRENDA SU APOYO A LOS DOCENTES"},"content":{"rendered":"\n<p><\/p>\n\n\n\n<p>Un rubro muy importante es la educaci\u00f3n, por eso el Diputado Federal Gustavo C\u00e1rdenas Monroy atendi\u00f3 a un grupo de maestros, refrendando el compromiso de cercan\u00eda con toda la ciudadan\u00eda.<\/p>\n\n\n\n<p>El Diputado, Gustavo C\u00e1rdenas Monroy, dijo que con los cambios pol\u00edticos ocurridos en la entidad es m\u00e1s factible lograr el progreso y la armon\u00eda social a trav\u00e9s de la educaci\u00f3n y la cultura, hecho por el cual el legislador abanderar\u00e1 las demandas de los docentes.<\/p>\n\n\n\n<p>C\u00e1rdenas Monroy reconoce que los maestros demandan la transparencia en el manejo de los recursos para este sector, ya que este sector enfrenta una serie de anomal\u00edas que deben ser atendidas por las autoridades educativas por lo que se\u00f1alaron se insistir\u00e1 para que se resuelvan las demandas del sector magisterial.<\/p>\n\n\n\n<p>Se comprometi\u00f3 a analizar las peticiones en el \u00e1mbito de su competencia en la legislaci\u00f3n local para buscar mejoras y aportes en la calidad educativa dentro del municipio.<\/p>\n","protected":false},"excerpt":{"rendered":"<p>Un rubro muy importante es la educaci\u00f3n, por eso el Diputado Federal Gustavo C\u00e1rdenas Monroy atendi\u00f3 a un grupo de maestros, refrendando el compromiso de cercan\u00eda con toda la ciudadan\u00eda.<\/p>\n","protected":false},"author":1,"featured_media":7685,"comment_status":"open","ping_status":"open","sticky":false,"template":"","format":"standard","meta":{"footnotes":""},"categories":[108,4,3,231],"tags":[1982,485,86,891,158],"class_list":["post-7683","post","type-post","status-publish","format-standard","has-post-thumbnail","hentry","category-educacion","category-finanzas","category-gobierno","category-politica","tag-edomex","tag-el-oro","tag-gem","tag-gustavo-cardenas-2","tag-pri"],"yoast_head":"<!-- This site is optimized with the Yoast SEO plugin v27.5 - https:\/\/yoast.com\/product\/yoast-seo-wordpress\/ -->\n<title>C\u00c1RDENAS MONROY REFRENDA SU APOYO A LOS DOCENTES - Expresso Metropolitano<\/title>\n<meta name=\"robots\" content=\"index, follow, max-snippet:-1, max-image-preview:large, max-video-preview:-1\" \/>\n<link rel=\"canonical\" href=\"https:\/\/expressometro.mx\/index.php\/2023\/08\/19\/cardenas-monroy-refrenda-su-apoyo-a-los-docentes\/\" \/>\n<meta property=\"og:locale\" content=\"es_MX\" \/>\n<meta property=\"og:type\" content=\"article\" \/>\n<meta property=\"og:title\" content=\"C\u00c1RDENAS MONROY REFRENDA SU APOYO A LOS DOCENTES - Expresso Metropolitano\" \/>\n<meta property=\"og:description\" content=\"Un rubro muy importante es la educaci\u00f3n, por eso el Diputado Federal Gustavo C\u00e1rdenas Monroy atendi\u00f3 a un grupo de maestros, refrendando el compromiso de cercan\u00eda con toda la ciudadan\u00eda.\" \/>\n<meta property=\"og:url\" content=\"https:\/\/expressometro.mx\/index.php\/2023\/08\/19\/cardenas-monroy-refrenda-su-apoyo-a-los-docentes\/\" \/>\n<meta property=\"og:site_name\" content=\"Expresso Metropolitano\" \/>\n<meta property=\"article:published_time\" content=\"2023-08-20T03:51:43+00:00\" \/>\n<meta property=\"article:modified_time\" content=\"2023-08-22T03:54:55+00:00\" \/>\n<meta property=\"og:image\" content=\"http:\/\/expressometro.mx\/wp-content\/uploads\/2023\/08\/Gustavo-Cardenas-Maestros-180823-1.jpg\" \/>\n\t<meta property=\"og:image:width\" content=\"600\" \/>\n\t<meta property=\"og:image:height\" content=\"450\" \/>\n\t<meta property=\"og:image:type\" content=\"image\/jpeg\" \/>\n<meta name=\"author\" content=\"Expresso Metropolitano\" \/>\n<meta name=\"twitter:label1\" content=\"Escrito por\" \/>\n\t<meta name=\"twitter:data1\" content=\"Expresso Metropolitano\" \/>\n\t<meta name=\"twitter:label2\" content=\"Tiempo de lectura\" \/>\n\t<meta name=\"twitter:data2\" content=\"1 minuto\" \/>\n<script type=\"application\/ld+json\" class=\"yoast-schema-graph\">{\"@context\":\"https:\\\/\\\/schema.org\",\"@graph\":[{\"@type\":\"Article\",\"@id\":\"https:\\\/\\\/expressometro.mx\\\/index.php\\\/2023\\\/08\\\/19\\\/cardenas-monroy-refrenda-su-apoyo-a-los-docentes\\\/#article\",\"isPartOf\":{\"@id\":\"https:\\\/\\\/expressometro.mx\\\/index.php\\\/2023\\\/08\\\/19\\\/cardenas-monroy-refrenda-su-apoyo-a-los-docentes\\\/\"},\"author\":{\"name\":\"Expresso Metropolitano\",\"@id\":\"https:\\\/\\\/expressometro.mx\\\/#\\\/schema\\\/person\\\/efa971b4a0664db8ed5c22b1b0dd2f5d\"},\"headline\":\"C\u00c1RDENAS MONROY REFRENDA SU APOYO A LOS DOCENTES\",\"datePublished\":\"2023-08-20T03:51:43+00:00\",\"dateModified\":\"2023-08-22T03:54:55+00:00\",\"mainEntityOfPage\":{\"@id\":\"https:\\\/\\\/expressometro.mx\\\/index.php\\\/2023\\\/08\\\/19\\\/cardenas-monroy-refrenda-su-apoyo-a-los-docentes\\\/\"},\"wordCount\":176,\"commentCount\":0,\"publisher\":{\"@id\":\"https:\\\/\\\/expressometro.mx\\\/#organization\"},\"image\":{\"@id\":\"https:\\\/\\\/expressometro.mx\\\/index.php\\\/2023\\\/08\\\/19\\\/cardenas-monroy-refrenda-su-apoyo-a-los-docentes\\\/#primaryimage\"},\"thumbnailUrl\":\"https:\\\/\\\/expressometro.mx\\\/wp-content\\\/uploads\\\/2023\\\/08\\\/Gustavo-Cardenas-Maestros-180823-1.jpg\",\"keywords\":[\"Edomex\",\"El Oro\",\"GEM\",\"Gustavo C\u00e1rdenas\",\"PRI\"],\"articleSection\":[\"Educaci\u00f3n\",\"Finanzas\",\"Gobierno\",\"Pol\u00edtica\"],\"inLanguage\":\"es\",\"potentialAction\":[{\"@type\":\"CommentAction\",\"name\":\"Comment\",\"target\":[\"https:\\\/\\\/expressometro.mx\\\/index.php\\\/2023\\\/08\\\/19\\\/cardenas-monroy-refrenda-su-apoyo-a-los-docentes\\\/#respond\"]}]},{\"@type\":\"WebPage\",\"@id\":\"https:\\\/\\\/expressometro.mx\\\/index.php\\\/2023\\\/08\\\/19\\\/cardenas-monroy-refrenda-su-apoyo-a-los-docentes\\\/\",\"url\":\"https:\\\/\\\/expressometro.mx\\\/index.php\\\/2023\\\/08\\\/19\\\/cardenas-monroy-refrenda-su-apoyo-a-los-docentes\\\/\",\"name\":\"C\u00c1RDENAS MONROY REFRENDA SU APOYO A LOS DOCENTES - Expresso Metropolitano\",\"isPartOf\":{\"@id\":\"https:\\\/\\\/expressometro.mx\\\/#website\"},\"primaryImageOfPage\":{\"@id\":\"https:\\\/\\\/expressometro.mx\\\/index.php\\\/2023\\\/08\\\/19\\\/cardenas-monroy-refrenda-su-apoyo-a-los-docentes\\\/#primaryimage\"},\"image\":{\"@id\":\"https:\\\/\\\/expressometro.mx\\\/index.php\\\/2023\\\/08\\\/19\\\/cardenas-monroy-refrenda-su-apoyo-a-los-docentes\\\/#primaryimage\"},\"thumbnailUrl\":\"https:\\\/\\\/expressometro.mx\\\/wp-content\\\/uploads\\\/2023\\\/08\\\/Gustavo-Cardenas-Maestros-180823-1.jpg\",\"datePublished\":\"2023-08-20T03:51:43+00:00\",\"dateModified\":\"2023-08-22T03:54:55+00:00\",\"breadcrumb\":{\"@id\":\"https:\\\/\\\/expressometro.mx\\\/index.php\\\/2023\\\/08\\\/19\\\/cardenas-monroy-refrenda-su-apoyo-a-los-docentes\\\/#breadcrumb\"},\"inLanguage\":\"es\",\"potentialAction\":[{\"@type\":\"ReadAction\",\"target\":[\"https:\\\/\\\/expressometro.mx\\\/index.php\\\/2023\\\/08\\\/19\\\/cardenas-monroy-refrenda-su-apoyo-a-los-docentes\\\/\"]}]},{\"@type\":\"ImageObject\",\"inLanguage\":\"es\",\"@id\":\"https:\\\/\\\/expressometro.mx\\\/index.php\\\/2023\\\/08\\\/19\\\/cardenas-monroy-refrenda-su-apoyo-a-los-docentes\\\/#primaryimage\",\"url\":\"https:\\\/\\\/expressometro.mx\\\/wp-content\\\/uploads\\\/2023\\\/08\\\/Gustavo-Cardenas-Maestros-180823-1.jpg\",\"contentUrl\":\"https:\\\/\\\/expressometro.mx\\\/wp-content\\\/uploads\\\/2023\\\/08\\\/Gustavo-Cardenas-Maestros-180823-1.jpg\",\"width\":600,\"height\":450},{\"@type\":\"BreadcrumbList\",\"@id\":\"https:\\\/\\\/expressometro.mx\\\/index.php\\\/2023\\\/08\\\/19\\\/cardenas-monroy-refrenda-su-apoyo-a-los-docentes\\\/#breadcrumb\",\"itemListElement\":[{\"@type\":\"ListItem\",\"position\":1,\"name\":\"Inicio\",\"item\":\"https:\\\/\\\/expressometro.mx\\\/\"},{\"@type\":\"ListItem\",\"position\":2,\"name\":\"C\u00c1RDENAS MONROY REFRENDA SU APOYO A LOS DOCENTES\"}]},{\"@type\":\"WebSite\",\"@id\":\"https:\\\/\\\/expressometro.mx\\\/#website\",\"url\":\"https:\\\/\\\/expressometro.mx\\\/\",\"name\":\"Expresso Metropolitano\",\"description\":\"Periodismo comprometido, informaci\u00f3n, investigaci\u00f3n y an\u00e1lisis\",\"publisher\":{\"@id\":\"https:\\\/\\\/expressometro.mx\\\/#organization\"},\"potentialAction\":[{\"@type\":\"SearchAction\",\"target\":{\"@type\":\"EntryPoint\",\"urlTemplate\":\"https:\\\/\\\/expressometro.mx\\\/?s={search_term_string}\"},\"query-input\":{\"@type\":\"PropertyValueSpecification\",\"valueRequired\":true,\"valueName\":\"search_term_string\"}}],\"inLanguage\":\"es\"},{\"@type\":\"Organization\",\"@id\":\"https:\\\/\\\/expressometro.mx\\\/#organization\",\"name\":\"Expresso Metropolitano\",\"url\":\"https:\\\/\\\/expressometro.mx\\\/\",\"logo\":{\"@type\":\"ImageObject\",\"inLanguage\":\"es\",\"@id\":\"https:\\\/\\\/expressometro.mx\\\/#\\\/schema\\\/logo\\\/image\\\/\",\"url\":\"https:\\\/\\\/expressometro.mx\\\/wp-content\\\/uploads\\\/2019\\\/07\\\/cropped-Logo-Expresso-Metropolitano-1-1.jpeg\",\"contentUrl\":\"https:\\\/\\\/expressometro.mx\\\/wp-content\\\/uploads\\\/2019\\\/07\\\/cropped-Logo-Expresso-Metropolitano-1-1.jpeg\",\"width\":290,\"height\":73,\"caption\":\"Expresso Metropolitano\"},\"image\":{\"@id\":\"https:\\\/\\\/expressometro.mx\\\/#\\\/schema\\\/logo\\\/image\\\/\"}},{\"@type\":\"Person\",\"@id\":\"https:\\\/\\\/expressometro.mx\\\/#\\\/schema\\\/person\\\/efa971b4a0664db8ed5c22b1b0dd2f5d\",\"name\":\"Expresso Metropolitano\",\"image\":{\"@type\":\"ImageObject\",\"inLanguage\":\"es\",\"@id\":\"https:\\\/\\\/secure.gravatar.com\\\/avatar\\\/a89f802b8de18c6952f223c88d3d106e9e3679839f4e25a02f4a6cc2ae6ba3b3?s=96&d=mm&r=g\",\"url\":\"https:\\\/\\\/secure.gravatar.com\\\/avatar\\\/a89f802b8de18c6952f223c88d3d106e9e3679839f4e25a02f4a6cc2ae6ba3b3?s=96&d=mm&r=g\",\"contentUrl\":\"https:\\\/\\\/secure.gravatar.com\\\/avatar\\\/a89f802b8de18c6952f223c88d3d106e9e3679839f4e25a02f4a6cc2ae6ba3b3?s=96&d=mm&r=g\",\"caption\":\"Expresso Metropolitano\"},\"url\":\"https:\\\/\\\/expressometro.mx\\\/index.php\\\/author\\\/diego\\\/\"}]}<\/script>\n<!-- \/ Yoast SEO plugin. -->","yoast_head_json":{"title":"C\u00c1RDENAS MONROY REFRENDA SU APOYO A LOS DOCENTES - Expresso Metropolitano","robots":{"index":"index","follow":"follow","max-snippet":"max-snippet:-1","max-image-preview":"max-image-preview:large","max-video-preview":"max-video-preview:-1"},"canonical":"https:\/\/expressometro.mx\/index.php\/2023\/08\/19\/cardenas-monroy-refrenda-su-apoyo-a-los-docentes\/","og_locale":"es_MX","og_type":"article","og_title":"C\u00c1RDENAS MONROY REFRENDA SU APOYO A LOS DOCENTES - Expresso Metropolitano","og_description":"Un rubro muy importante es la educaci\u00f3n, por eso el Diputado Federal Gustavo C\u00e1rdenas Monroy atendi\u00f3 a un grupo de maestros, refrendando el compromiso de cercan\u00eda con toda la ciudadan\u00eda.","og_url":"https:\/\/expressometro.mx\/index.php\/2023\/08\/19\/cardenas-monroy-refrenda-su-apoyo-a-los-docentes\/","og_site_name":"Expresso Metropolitano","article_published_time":"2023-08-20T03:51:43+00:00","article_modified_time":"2023-08-22T03:54:55+00:00","og_image":[{"width":600,"height":450,"url":"http:\/\/expressometro.mx\/wp-content\/uploads\/2023\/08\/Gustavo-Cardenas-Maestros-180823-1.jpg","type":"image\/jpeg"}],"author":"Expresso Metropolitano","twitter_misc":{"Escrito por":"Expresso Metropolitano","Tiempo de lectura":"1 minuto"},"schema":{"@context":"https:\/\/schema.org","@graph":[{"@type":"Article","@id":"https:\/\/expressometro.mx\/index.php\/2023\/08\/19\/cardenas-monroy-refrenda-su-apoyo-a-los-docentes\/#article","isPartOf":{"@id":"https:\/\/expressometro.mx\/index.php\/2023\/08\/19\/cardenas-monroy-refrenda-su-apoyo-a-los-docentes\/"},"author":{"name":"Expresso Metropolitano","@id":"https:\/\/expressometro.mx\/#\/schema\/person\/efa971b4a0664db8ed5c22b1b0dd2f5d"},"headline":"C\u00c1RDENAS MONROY REFRENDA SU APOYO A LOS DOCENTES","datePublished":"2023-08-20T03:51:43+00:00","dateModified":"2023-08-22T03:54:55+00:00","mainEntityOfPage":{"@id":"https:\/\/expressometro.mx\/index.php\/2023\/08\/19\/cardenas-monroy-refrenda-su-apoyo-a-los-docentes\/"},"wordCount":176,"commentCount":0,"publisher":{"@id":"https:\/\/expressometro.mx\/#organization"},"image":{"@id":"https:\/\/expressometro.mx\/index.php\/2023\/08\/19\/cardenas-monroy-refrenda-su-apoyo-a-los-docentes\/#primaryimage"},"thumbnailUrl":"https:\/\/expressometro.mx\/wp-content\/uploads\/2023\/08\/Gustavo-Cardenas-Maestros-180823-1.jpg","keywords":["Edomex","El Oro","GEM","Gustavo C\u00e1rdenas","PRI"],"articleSection":["Educaci\u00f3n","Finanzas","Gobierno","Pol\u00edtica"],"inLanguage":"es","potentialAction":[{"@type":"CommentAction","name":"Comment","target":["https:\/\/expressometro.mx\/index.php\/2023\/08\/19\/cardenas-monroy-refrenda-su-apoyo-a-los-docentes\/#respond"]}]},{"@type":"WebPage","@id":"https:\/\/expressometro.mx\/index.php\/2023\/08\/19\/cardenas-monroy-refrenda-su-apoyo-a-los-docentes\/","url":"https:\/\/expressometro.mx\/index.php\/2023\/08\/19\/cardenas-monroy-refrenda-su-apoyo-a-los-docentes\/","name":"C\u00c1RDENAS MONROY REFRENDA SU APOYO A LOS DOCENTES - Expresso Metropolitano","isPartOf":{"@id":"https:\/\/expressometro.mx\/#website"},"primaryImageOfPage":{"@id":"https:\/\/expressometro.mx\/index.php\/2023\/08\/19\/cardenas-monroy-refrenda-su-apoyo-a-los-docentes\/#primaryimage"},"image":{"@id":"https:\/\/expressometro.mx\/index.php\/2023\/08\/19\/cardenas-monroy-refrenda-su-apoyo-a-los-docentes\/#primaryimage"},"thumbnailUrl":"https:\/\/expressometro.mx\/wp-content\/uploads\/2023\/08\/Gustavo-Cardenas-Maestros-180823-1.jpg","datePublished":"2023-08-20T03:51:43+00:00","dateModified":"2023-08-22T03:54:55+00:00","breadcrumb":{"@id":"https:\/\/expressometro.mx\/index.php\/2023\/08\/19\/cardenas-monroy-refrenda-su-apoyo-a-los-docentes\/#breadcrumb"},"inLanguage":"es","potentialAction":[{"@type":"ReadAction","target":["https:\/\/expressometro.mx\/index.php\/2023\/08\/19\/cardenas-monroy-refrenda-su-apoyo-a-los-docentes\/"]}]},{"@type":"ImageObject","inLanguage":"es","@id":"https:\/\/expressometro.mx\/index.php\/2023\/08\/19\/cardenas-monroy-refrenda-su-apoyo-a-los-docentes\/#primaryimage","url":"https:\/\/expressometro.mx\/wp-content\/uploads\/2023\/08\/Gustavo-Cardenas-Maestros-180823-1.jpg","contentUrl":"https:\/\/expressometro.mx\/wp-content\/uploads\/2023\/08\/Gustavo-Cardenas-Maestros-180823-1.jpg","width":600,"height":450},{"@type":"BreadcrumbList","@id":"https:\/\/expressometro.mx\/index.php\/2023\/08\/19\/cardenas-monroy-refrenda-su-apoyo-a-los-docentes\/#breadcrumb","itemListElement":[{"@type":"ListItem","position":1,"name":"Inicio","item":"https:\/\/expressometro.mx\/"},{"@type":"ListItem","position":2,"name":"C\u00c1RDENAS MONROY REFRENDA SU APOYO A LOS DOCENTES"}]},{"@type":"WebSite","@id":"https:\/\/expressometro.mx\/#website","url":"https:\/\/expressometro.mx\/","name":"Expresso Metropolitano","description":"Periodismo comprometido, informaci\u00f3n, investigaci\u00f3n y an\u00e1lisis","publisher":{"@id":"https:\/\/expressometro.mx\/#organization"},"potentialAction":[{"@type":"SearchAction","target":{"@type":"EntryPoint","urlTemplate":"https:\/\/expressometro.mx\/?s={search_term_string}"},"query-input":{"@type":"PropertyValueSpecification","valueRequired":true,"valueName":"search_term_string"}}],"inLanguage":"es"},{"@type":"Organization","@id":"https:\/\/expressometro.mx\/#organization","name":"Expresso Metropolitano","url":"https:\/\/expressometro.mx\/","logo":{"@type":"ImageObject","inLanguage":"es","@id":"https:\/\/expressometro.mx\/#\/schema\/logo\/image\/","url":"https:\/\/expressometro.mx\/wp-content\/uploads\/2019\/07\/cropped-Logo-Expresso-Metropolitano-1-1.jpeg","contentUrl":"https:\/\/expressometro.mx\/wp-content\/uploads\/2019\/07\/cropped-Logo-Expresso-Metropolitano-1-1.jpeg","width":290,"height":73,"caption":"Expresso Metropolitano"},"image":{"@id":"https:\/\/expressometro.mx\/#\/schema\/logo\/image\/"}},{"@type":"Person","@id":"https:\/\/expressometro.mx\/#\/schema\/person\/efa971b4a0664db8ed5c22b1b0dd2f5d","name":"Expresso Metropolitano","image":{"@type":"ImageObject","inLanguage":"es","@id":"https:\/\/secure.gravatar.com\/avatar\/a89f802b8de18c6952f223c88d3d106e9e3679839f4e25a02f4a6cc2ae6ba3b3?s=96&d=mm&r=g","url":"https:\/\/secure.gravatar.com\/avatar\/a89f802b8de18c6952f223c88d3d106e9e3679839f4e25a02f4a6cc2ae6ba3b3?s=96&d=mm&r=g","contentUrl":"https:\/\/secure.gravatar.com\/avatar\/a89f802b8de18c6952f223c88d3d106e9e3679839f4e25a02f4a6cc2ae6ba3b3?s=96&d=mm&r=g","caption":"Expresso Metropolitano"},"url":"https:\/\/expressometro.mx\/index.php\/author\/diego\/"}]}},"amp_enabled":true,"_links":{"self":[{"href":"https:\/\/expressometro.mx\/index.php\/wp-json\/wp\/v2\/posts\/7683","targetHints":{"allow":["GET"]}}],"collection":[{"href":"https:\/\/expressometro.mx\/index.php\/wp-json\/wp\/v2\/posts"}],"about":[{"href":"https:\/\/expressometro.mx\/index.php\/wp-json\/wp\/v2\/types\/post"}],"author":[{"embeddable":true,"href":"https:\/\/expressometro.mx\/index.php\/wp-json\/wp\/v2\/users\/1"}],"replies":[{"embeddable":true,"href":"https:\/\/expressometro.mx\/index.php\/wp-json\/wp\/v2\/comments?post=7683"}],"version-history":[{"count":1,"href":"https:\/\/expressometro.mx\/index.php\/wp-json\/wp\/v2\/posts\/7683\/revisions"}],"predecessor-version":[{"id":7686,"href":"https:\/\/expressometro.mx\/index.php\/wp-json\/wp\/v2\/posts\/7683\/revisions\/7686"}],"wp:featuredmedia":[{"embeddable":true,"href":"https:\/\/expressometro.mx\/index.php\/wp-json\/wp\/v2\/media\/7685"}],"wp:attachment":[{"href":"https:\/\/expressometro.mx\/index.php\/wp-json\/wp\/v2\/media?parent=7683"}],"wp:term":[{"taxonomy":"category","embeddable":true,"href":"https:\/\/expressometro.mx\/index.php\/wp-json\/wp\/v2\/categories?post=7683"},{"taxonomy":"post_tag","embeddable":true,"href":"https:\/\/expressometro.mx\/index.php\/wp-json\/wp\/v2\/tags?post=7683"}],"curies":[{"name":"wp","href":"https:\/\/api.w.org\/{rel}","templated":true}]}}