{"id":7643,"date":"2023-08-13T21:21:45","date_gmt":"2023-08-14T02:21:45","guid":{"rendered":"https:\/\/expressometro.mx\/?p=7643"},"modified":"2023-08-17T21:24:53","modified_gmt":"2023-08-18T02:24:53","slug":"gustavo-cardenas-presente-en-el-203-aniversario-de-jocotitlan","status":"publish","type":"post","link":"https:\/\/expressometro.mx\/index.php\/2023\/08\/13\/gustavo-cardenas-presente-en-el-203-aniversario-de-jocotitlan\/","title":{"rendered":"GUSTAVO C\u00c1RDENAS, PRESENTE EN EL 203\u00b0 ANIVERSARIO DE JOCOTITL\u00c1N"},"content":{"rendered":"\n<p><\/p>\n\n\n\n<p>El Diputado Federal y Vicecoordinador del GP del PRI Gustavo C\u00e1rdenas Monroy, asisti\u00f3 a la Ceremonia del CCIII Aniversario de la Fundaci\u00f3n del Municipio de Jocotitl\u00e1n, acompa\u00f1ando al Presidente Municipal Jes\u00fas Cedillo Gonz\u00e1lez y a la Secretaria del Campo Leticia Mej\u00eda Garc\u00eda, donde reconoci\u00f3 la gran importancia del Municipio, siendo un lugar de desarrollo, con gente c\u00e1lida y fraterna.<\/p>\n\n\n\n<p>Este gran municipio poblado por mujeres y hombres que construyen su vida con honor y cuyo anhelo desde su creaci\u00f3n a la actualidad ha permitido transitar hacia mejores condiciones de vida muchos han sido los que con su dedicaci\u00f3n y esfuerzo han contribuido a la construcci\u00f3n del Jocotitl\u00e1n moderno, del que hoy se sienten orgullosos.<\/p>\n\n\n\n<p>Es por esto, que en el marco de esta celebraci\u00f3n se entregaron las preseas al m\u00e9rito Jocotitlense por su destacada trayectoria: al m\u00e9rito acad\u00e9mico, Jos\u00e9 Juan Salazar Miranda de Santiago Yeche; m\u00e9dico cirujano egresado de la Universidad Aut\u00f3noma del Estado de M\u00e9xico, obtuvo el premio nacional CENEVAL a la excelencia acad\u00e9mica; al m\u00e9rito Post Mortem: Juan Manuel S\u00e1nchez S\u00e1nchez (1968-2019); al m\u00e9rito agr\u00edcola, al c. Samuel Conrado G\u00f3mez, originario y vecino de la comunidad de Santiago Casandeje, se ha dedicado a cultivar la tierra, aplicando la rotaci\u00f3n de cultivos para una mejor producci\u00f3n de ma\u00edz, avena, trigo, triticale y calabaza, ha transmitido sus conocimientos de la agricultura, ha sido gestor comunitario de forma permanente en su comunidad; al m\u00e9rito educativo,&nbsp; a la Profra. Irene Urbina G\u00f3mez, originaria de San Francisco Cheje; al m\u00e9rito al servicio p\u00fablico, Teniente Coronel de Infanteria Jaime Iv\u00e1n L\u00f3pez Hern\u00e1ndez, originario de San Juan Coajomulco; y al m\u00e9rito deportivo Rub\u00e9n Alejandro Reyes Javier, originario del Barrio de los Javieres, atleta sobresaliente en la disciplina de nataci\u00f3n.<\/p>\n\n\n\n<p>Finalmente, el edil resalt\u00f3 que m\u00e1s all\u00e1 de la diversidad de opiniones y pensamientos los une su historia con un objetivo, que es el de dejar a nuevas generaciones un municipio mejor que siga siendo un referente de cultura de trabajo y de progreso. Tambi\u00e9n refrend\u00f3 su compromiso de continuar aportando toda su capacidad, esfuerzo, dedicaci\u00f3n y su trabajo para que sigan siendo un municipio de vanguardia ejemplo de progreso de lealtad a sus instituciones y unidad entre sus habitantes.<\/p>\n","protected":false},"excerpt":{"rendered":"<p>El Diputado Federal y Vicecoordinador del GP del PRI Gustavo C\u00e1rdenas Monroy, asisti\u00f3 a la Ceremonia del CCIII Aniversario de la Fundaci\u00f3n del Municipio de Jocotitl\u00e1n, acompa\u00f1ando al Presidente Municipal Jes\u00fas Cedillo Gonz\u00e1lez y a la Secretaria del Campo Leticia Mej\u00eda Garc\u00eda, donde reconoci\u00f3 la gran importancia del Municipio, siendo un lugar de desarrollo, con gente c\u00e1lida y fraterna.<\/p>\n","protected":false},"author":1,"featured_media":7645,"comment_status":"open","ping_status":"open","sticky":false,"template":"","format":"standard","meta":{"footnotes":""},"categories":[11,3,231],"tags":[1982,86,891,324,158],"class_list":["post-7643","post","type-post","status-publish","format-standard","has-post-thumbnail","hentry","category-cultura","category-gobierno","category-politica","tag-edomex","tag-gem","tag-gustavo-cardenas-2","tag-jocotitlan","tag-pri"],"yoast_head":"<!-- This site is optimized with the Yoast SEO plugin v27.5 - https:\/\/yoast.com\/product\/yoast-seo-wordpress\/ -->\n<title>GUSTAVO C\u00c1RDENAS, PRESENTE EN EL 203\u00b0 ANIVERSARIO DE JOCOTITL\u00c1N - Expresso Metropolitano<\/title>\n<meta name=\"robots\" content=\"index, follow, max-snippet:-1, max-image-preview:large, max-video-preview:-1\" \/>\n<link rel=\"canonical\" href=\"https:\/\/expressometro.mx\/index.php\/2023\/08\/13\/gustavo-cardenas-presente-en-el-203-aniversario-de-jocotitlan\/\" \/>\n<meta property=\"og:locale\" content=\"es_MX\" \/>\n<meta property=\"og:type\" content=\"article\" \/>\n<meta property=\"og:title\" content=\"GUSTAVO C\u00c1RDENAS, PRESENTE EN EL 203\u00b0 ANIVERSARIO DE JOCOTITL\u00c1N - Expresso Metropolitano\" \/>\n<meta property=\"og:description\" content=\"El Diputado Federal y Vicecoordinador del GP del PRI Gustavo C\u00e1rdenas Monroy, asisti\u00f3 a la Ceremonia del CCIII Aniversario de la Fundaci\u00f3n del Municipio de Jocotitl\u00e1n, acompa\u00f1ando al Presidente Municipal Jes\u00fas Cedillo Gonz\u00e1lez y a la Secretaria del Campo Leticia Mej\u00eda Garc\u00eda, donde reconoci\u00f3 la gran importancia del Municipio, siendo un lugar de desarrollo, con gente c\u00e1lida y fraterna.\" \/>\n<meta property=\"og:url\" content=\"https:\/\/expressometro.mx\/index.php\/2023\/08\/13\/gustavo-cardenas-presente-en-el-203-aniversario-de-jocotitlan\/\" \/>\n<meta property=\"og:site_name\" content=\"Expresso Metropolitano\" \/>\n<meta property=\"article:published_time\" content=\"2023-08-14T02:21:45+00:00\" \/>\n<meta property=\"article:modified_time\" content=\"2023-08-18T02:24:53+00:00\" \/>\n<meta property=\"og:image\" content=\"http:\/\/expressometro.mx\/wp-content\/uploads\/2023\/08\/Gustavo-Cardenas-203-Aniversario-Jocotitlan-130823-1.jpg\" \/>\n\t<meta property=\"og:image:width\" content=\"1600\" \/>\n\t<meta property=\"og:image:height\" content=\"900\" \/>\n\t<meta property=\"og:image:type\" content=\"image\/jpeg\" \/>\n<meta name=\"author\" content=\"Expresso Metropolitano\" \/>\n<meta name=\"twitter:label1\" content=\"Escrito por\" \/>\n\t<meta name=\"twitter:data1\" content=\"Expresso Metropolitano\" \/>\n\t<meta name=\"twitter:label2\" content=\"Tiempo de lectura\" \/>\n\t<meta name=\"twitter:data2\" content=\"2 minutos\" \/>\n<script type=\"application\/ld+json\" class=\"yoast-schema-graph\">{\"@context\":\"https:\\\/\\\/schema.org\",\"@graph\":[{\"@type\":\"Article\",\"@id\":\"https:\\\/\\\/expressometro.mx\\\/index.php\\\/2023\\\/08\\\/13\\\/gustavo-cardenas-presente-en-el-203-aniversario-de-jocotitlan\\\/#article\",\"isPartOf\":{\"@id\":\"https:\\\/\\\/expressometro.mx\\\/index.php\\\/2023\\\/08\\\/13\\\/gustavo-cardenas-presente-en-el-203-aniversario-de-jocotitlan\\\/\"},\"author\":{\"name\":\"Expresso Metropolitano\",\"@id\":\"https:\\\/\\\/expressometro.mx\\\/#\\\/schema\\\/person\\\/efa971b4a0664db8ed5c22b1b0dd2f5d\"},\"headline\":\"GUSTAVO C\u00c1RDENAS, PRESENTE EN EL 203\u00b0 ANIVERSARIO DE JOCOTITL\u00c1N\",\"datePublished\":\"2023-08-14T02:21:45+00:00\",\"dateModified\":\"2023-08-18T02:24:53+00:00\",\"mainEntityOfPage\":{\"@id\":\"https:\\\/\\\/expressometro.mx\\\/index.php\\\/2023\\\/08\\\/13\\\/gustavo-cardenas-presente-en-el-203-aniversario-de-jocotitlan\\\/\"},\"wordCount\":418,\"commentCount\":0,\"publisher\":{\"@id\":\"https:\\\/\\\/expressometro.mx\\\/#organization\"},\"image\":{\"@id\":\"https:\\\/\\\/expressometro.mx\\\/index.php\\\/2023\\\/08\\\/13\\\/gustavo-cardenas-presente-en-el-203-aniversario-de-jocotitlan\\\/#primaryimage\"},\"thumbnailUrl\":\"https:\\\/\\\/expressometro.mx\\\/wp-content\\\/uploads\\\/2023\\\/08\\\/Gustavo-Cardenas-203-Aniversario-Jocotitlan-130823-1.jpg\",\"keywords\":[\"Edomex\",\"GEM\",\"Gustavo C\u00e1rdenas\",\"Jocotitl\u00e1n\",\"PRI\"],\"articleSection\":[\"Cultura\",\"Gobierno\",\"Pol\u00edtica\"],\"inLanguage\":\"es\",\"potentialAction\":[{\"@type\":\"CommentAction\",\"name\":\"Comment\",\"target\":[\"https:\\\/\\\/expressometro.mx\\\/index.php\\\/2023\\\/08\\\/13\\\/gustavo-cardenas-presente-en-el-203-aniversario-de-jocotitlan\\\/#respond\"]}]},{\"@type\":\"WebPage\",\"@id\":\"https:\\\/\\\/expressometro.mx\\\/index.php\\\/2023\\\/08\\\/13\\\/gustavo-cardenas-presente-en-el-203-aniversario-de-jocotitlan\\\/\",\"url\":\"https:\\\/\\\/expressometro.mx\\\/index.php\\\/2023\\\/08\\\/13\\\/gustavo-cardenas-presente-en-el-203-aniversario-de-jocotitlan\\\/\",\"name\":\"GUSTAVO C\u00c1RDENAS, PRESENTE EN EL 203\u00b0 ANIVERSARIO DE JOCOTITL\u00c1N - Expresso Metropolitano\",\"isPartOf\":{\"@id\":\"https:\\\/\\\/expressometro.mx\\\/#website\"},\"primaryImageOfPage\":{\"@id\":\"https:\\\/\\\/expressometro.mx\\\/index.php\\\/2023\\\/08\\\/13\\\/gustavo-cardenas-presente-en-el-203-aniversario-de-jocotitlan\\\/#primaryimage\"},\"image\":{\"@id\":\"https:\\\/\\\/expressometro.mx\\\/index.php\\\/2023\\\/08\\\/13\\\/gustavo-cardenas-presente-en-el-203-aniversario-de-jocotitlan\\\/#primaryimage\"},\"thumbnailUrl\":\"https:\\\/\\\/expressometro.mx\\\/wp-content\\\/uploads\\\/2023\\\/08\\\/Gustavo-Cardenas-203-Aniversario-Jocotitlan-130823-1.jpg\",\"datePublished\":\"2023-08-14T02:21:45+00:00\",\"dateModified\":\"2023-08-18T02:24:53+00:00\",\"breadcrumb\":{\"@id\":\"https:\\\/\\\/expressometro.mx\\\/index.php\\\/2023\\\/08\\\/13\\\/gustavo-cardenas-presente-en-el-203-aniversario-de-jocotitlan\\\/#breadcrumb\"},\"inLanguage\":\"es\",\"potentialAction\":[{\"@type\":\"ReadAction\",\"target\":[\"https:\\\/\\\/expressometro.mx\\\/index.php\\\/2023\\\/08\\\/13\\\/gustavo-cardenas-presente-en-el-203-aniversario-de-jocotitlan\\\/\"]}]},{\"@type\":\"ImageObject\",\"inLanguage\":\"es\",\"@id\":\"https:\\\/\\\/expressometro.mx\\\/index.php\\\/2023\\\/08\\\/13\\\/gustavo-cardenas-presente-en-el-203-aniversario-de-jocotitlan\\\/#primaryimage\",\"url\":\"https:\\\/\\\/expressometro.mx\\\/wp-content\\\/uploads\\\/2023\\\/08\\\/Gustavo-Cardenas-203-Aniversario-Jocotitlan-130823-1.jpg\",\"contentUrl\":\"https:\\\/\\\/expressometro.mx\\\/wp-content\\\/uploads\\\/2023\\\/08\\\/Gustavo-Cardenas-203-Aniversario-Jocotitlan-130823-1.jpg\",\"width\":1600,\"height\":900},{\"@type\":\"BreadcrumbList\",\"@id\":\"https:\\\/\\\/expressometro.mx\\\/index.php\\\/2023\\\/08\\\/13\\\/gustavo-cardenas-presente-en-el-203-aniversario-de-jocotitlan\\\/#breadcrumb\",\"itemListElement\":[{\"@type\":\"ListItem\",\"position\":1,\"name\":\"Inicio\",\"item\":\"https:\\\/\\\/expressometro.mx\\\/\"},{\"@type\":\"ListItem\",\"position\":2,\"name\":\"GUSTAVO C\u00c1RDENAS, PRESENTE EN EL 203\u00b0 ANIVERSARIO DE JOCOTITL\u00c1N\"}]},{\"@type\":\"WebSite\",\"@id\":\"https:\\\/\\\/expressometro.mx\\\/#website\",\"url\":\"https:\\\/\\\/expressometro.mx\\\/\",\"name\":\"Expresso Metropolitano\",\"description\":\"Periodismo comprometido, informaci\u00f3n, investigaci\u00f3n y an\u00e1lisis\",\"publisher\":{\"@id\":\"https:\\\/\\\/expressometro.mx\\\/#organization\"},\"potentialAction\":[{\"@type\":\"SearchAction\",\"target\":{\"@type\":\"EntryPoint\",\"urlTemplate\":\"https:\\\/\\\/expressometro.mx\\\/?s={search_term_string}\"},\"query-input\":{\"@type\":\"PropertyValueSpecification\",\"valueRequired\":true,\"valueName\":\"search_term_string\"}}],\"inLanguage\":\"es\"},{\"@type\":\"Organization\",\"@id\":\"https:\\\/\\\/expressometro.mx\\\/#organization\",\"name\":\"Expresso Metropolitano\",\"url\":\"https:\\\/\\\/expressometro.mx\\\/\",\"logo\":{\"@type\":\"ImageObject\",\"inLanguage\":\"es\",\"@id\":\"https:\\\/\\\/expressometro.mx\\\/#\\\/schema\\\/logo\\\/image\\\/\",\"url\":\"https:\\\/\\\/expressometro.mx\\\/wp-content\\\/uploads\\\/2019\\\/07\\\/cropped-Logo-Expresso-Metropolitano-1-1.jpeg\",\"contentUrl\":\"https:\\\/\\\/expressometro.mx\\\/wp-content\\\/uploads\\\/2019\\\/07\\\/cropped-Logo-Expresso-Metropolitano-1-1.jpeg\",\"width\":290,\"height\":73,\"caption\":\"Expresso Metropolitano\"},\"image\":{\"@id\":\"https:\\\/\\\/expressometro.mx\\\/#\\\/schema\\\/logo\\\/image\\\/\"}},{\"@type\":\"Person\",\"@id\":\"https:\\\/\\\/expressometro.mx\\\/#\\\/schema\\\/person\\\/efa971b4a0664db8ed5c22b1b0dd2f5d\",\"name\":\"Expresso Metropolitano\",\"image\":{\"@type\":\"ImageObject\",\"inLanguage\":\"es\",\"@id\":\"https:\\\/\\\/secure.gravatar.com\\\/avatar\\\/a89f802b8de18c6952f223c88d3d106e9e3679839f4e25a02f4a6cc2ae6ba3b3?s=96&d=mm&r=g\",\"url\":\"https:\\\/\\\/secure.gravatar.com\\\/avatar\\\/a89f802b8de18c6952f223c88d3d106e9e3679839f4e25a02f4a6cc2ae6ba3b3?s=96&d=mm&r=g\",\"contentUrl\":\"https:\\\/\\\/secure.gravatar.com\\\/avatar\\\/a89f802b8de18c6952f223c88d3d106e9e3679839f4e25a02f4a6cc2ae6ba3b3?s=96&d=mm&r=g\",\"caption\":\"Expresso Metropolitano\"},\"url\":\"https:\\\/\\\/expressometro.mx\\\/index.php\\\/author\\\/diego\\\/\"}]}<\/script>\n<!-- \/ Yoast SEO plugin. -->","yoast_head_json":{"title":"GUSTAVO C\u00c1RDENAS, PRESENTE EN EL 203\u00b0 ANIVERSARIO DE JOCOTITL\u00c1N - Expresso Metropolitano","robots":{"index":"index","follow":"follow","max-snippet":"max-snippet:-1","max-image-preview":"max-image-preview:large","max-video-preview":"max-video-preview:-1"},"canonical":"https:\/\/expressometro.mx\/index.php\/2023\/08\/13\/gustavo-cardenas-presente-en-el-203-aniversario-de-jocotitlan\/","og_locale":"es_MX","og_type":"article","og_title":"GUSTAVO C\u00c1RDENAS, PRESENTE EN EL 203\u00b0 ANIVERSARIO DE JOCOTITL\u00c1N - Expresso Metropolitano","og_description":"El Diputado Federal y Vicecoordinador del GP del PRI Gustavo C\u00e1rdenas Monroy, asisti\u00f3 a la Ceremonia del CCIII Aniversario de la Fundaci\u00f3n del Municipio de Jocotitl\u00e1n, acompa\u00f1ando al Presidente Municipal Jes\u00fas Cedillo Gonz\u00e1lez y a la Secretaria del Campo Leticia Mej\u00eda Garc\u00eda, donde reconoci\u00f3 la gran importancia del Municipio, siendo un lugar de desarrollo, con gente c\u00e1lida y fraterna.","og_url":"https:\/\/expressometro.mx\/index.php\/2023\/08\/13\/gustavo-cardenas-presente-en-el-203-aniversario-de-jocotitlan\/","og_site_name":"Expresso Metropolitano","article_published_time":"2023-08-14T02:21:45+00:00","article_modified_time":"2023-08-18T02:24:53+00:00","og_image":[{"width":1600,"height":900,"url":"http:\/\/expressometro.mx\/wp-content\/uploads\/2023\/08\/Gustavo-Cardenas-203-Aniversario-Jocotitlan-130823-1.jpg","type":"image\/jpeg"}],"author":"Expresso Metropolitano","twitter_misc":{"Escrito por":"Expresso Metropolitano","Tiempo de lectura":"2 minutos"},"schema":{"@context":"https:\/\/schema.org","@graph":[{"@type":"Article","@id":"https:\/\/expressometro.mx\/index.php\/2023\/08\/13\/gustavo-cardenas-presente-en-el-203-aniversario-de-jocotitlan\/#article","isPartOf":{"@id":"https:\/\/expressometro.mx\/index.php\/2023\/08\/13\/gustavo-cardenas-presente-en-el-203-aniversario-de-jocotitlan\/"},"author":{"name":"Expresso Metropolitano","@id":"https:\/\/expressometro.mx\/#\/schema\/person\/efa971b4a0664db8ed5c22b1b0dd2f5d"},"headline":"GUSTAVO C\u00c1RDENAS, PRESENTE EN EL 203\u00b0 ANIVERSARIO DE JOCOTITL\u00c1N","datePublished":"2023-08-14T02:21:45+00:00","dateModified":"2023-08-18T02:24:53+00:00","mainEntityOfPage":{"@id":"https:\/\/expressometro.mx\/index.php\/2023\/08\/13\/gustavo-cardenas-presente-en-el-203-aniversario-de-jocotitlan\/"},"wordCount":418,"commentCount":0,"publisher":{"@id":"https:\/\/expressometro.mx\/#organization"},"image":{"@id":"https:\/\/expressometro.mx\/index.php\/2023\/08\/13\/gustavo-cardenas-presente-en-el-203-aniversario-de-jocotitlan\/#primaryimage"},"thumbnailUrl":"https:\/\/expressometro.mx\/wp-content\/uploads\/2023\/08\/Gustavo-Cardenas-203-Aniversario-Jocotitlan-130823-1.jpg","keywords":["Edomex","GEM","Gustavo C\u00e1rdenas","Jocotitl\u00e1n","PRI"],"articleSection":["Cultura","Gobierno","Pol\u00edtica"],"inLanguage":"es","potentialAction":[{"@type":"CommentAction","name":"Comment","target":["https:\/\/expressometro.mx\/index.php\/2023\/08\/13\/gustavo-cardenas-presente-en-el-203-aniversario-de-jocotitlan\/#respond"]}]},{"@type":"WebPage","@id":"https:\/\/expressometro.mx\/index.php\/2023\/08\/13\/gustavo-cardenas-presente-en-el-203-aniversario-de-jocotitlan\/","url":"https:\/\/expressometro.mx\/index.php\/2023\/08\/13\/gustavo-cardenas-presente-en-el-203-aniversario-de-jocotitlan\/","name":"GUSTAVO C\u00c1RDENAS, PRESENTE EN EL 203\u00b0 ANIVERSARIO DE JOCOTITL\u00c1N - Expresso Metropolitano","isPartOf":{"@id":"https:\/\/expressometro.mx\/#website"},"primaryImageOfPage":{"@id":"https:\/\/expressometro.mx\/index.php\/2023\/08\/13\/gustavo-cardenas-presente-en-el-203-aniversario-de-jocotitlan\/#primaryimage"},"image":{"@id":"https:\/\/expressometro.mx\/index.php\/2023\/08\/13\/gustavo-cardenas-presente-en-el-203-aniversario-de-jocotitlan\/#primaryimage"},"thumbnailUrl":"https:\/\/expressometro.mx\/wp-content\/uploads\/2023\/08\/Gustavo-Cardenas-203-Aniversario-Jocotitlan-130823-1.jpg","datePublished":"2023-08-14T02:21:45+00:00","dateModified":"2023-08-18T02:24:53+00:00","breadcrumb":{"@id":"https:\/\/expressometro.mx\/index.php\/2023\/08\/13\/gustavo-cardenas-presente-en-el-203-aniversario-de-jocotitlan\/#breadcrumb"},"inLanguage":"es","potentialAction":[{"@type":"ReadAction","target":["https:\/\/expressometro.mx\/index.php\/2023\/08\/13\/gustavo-cardenas-presente-en-el-203-aniversario-de-jocotitlan\/"]}]},{"@type":"ImageObject","inLanguage":"es","@id":"https:\/\/expressometro.mx\/index.php\/2023\/08\/13\/gustavo-cardenas-presente-en-el-203-aniversario-de-jocotitlan\/#primaryimage","url":"https:\/\/expressometro.mx\/wp-content\/uploads\/2023\/08\/Gustavo-Cardenas-203-Aniversario-Jocotitlan-130823-1.jpg","contentUrl":"https:\/\/expressometro.mx\/wp-content\/uploads\/2023\/08\/Gustavo-Cardenas-203-Aniversario-Jocotitlan-130823-1.jpg","width":1600,"height":900},{"@type":"BreadcrumbList","@id":"https:\/\/expressometro.mx\/index.php\/2023\/08\/13\/gustavo-cardenas-presente-en-el-203-aniversario-de-jocotitlan\/#breadcrumb","itemListElement":[{"@type":"ListItem","position":1,"name":"Inicio","item":"https:\/\/expressometro.mx\/"},{"@type":"ListItem","position":2,"name":"GUSTAVO C\u00c1RDENAS, PRESENTE EN EL 203\u00b0 ANIVERSARIO DE JOCOTITL\u00c1N"}]},{"@type":"WebSite","@id":"https:\/\/expressometro.mx\/#website","url":"https:\/\/expressometro.mx\/","name":"Expresso Metropolitano","description":"Periodismo comprometido, informaci\u00f3n, investigaci\u00f3n y an\u00e1lisis","publisher":{"@id":"https:\/\/expressometro.mx\/#organization"},"potentialAction":[{"@type":"SearchAction","target":{"@type":"EntryPoint","urlTemplate":"https:\/\/expressometro.mx\/?s={search_term_string}"},"query-input":{"@type":"PropertyValueSpecification","valueRequired":true,"valueName":"search_term_string"}}],"inLanguage":"es"},{"@type":"Organization","@id":"https:\/\/expressometro.mx\/#organization","name":"Expresso Metropolitano","url":"https:\/\/expressometro.mx\/","logo":{"@type":"ImageObject","inLanguage":"es","@id":"https:\/\/expressometro.mx\/#\/schema\/logo\/image\/","url":"https:\/\/expressometro.mx\/wp-content\/uploads\/2019\/07\/cropped-Logo-Expresso-Metropolitano-1-1.jpeg","contentUrl":"https:\/\/expressometro.mx\/wp-content\/uploads\/2019\/07\/cropped-Logo-Expresso-Metropolitano-1-1.jpeg","width":290,"height":73,"caption":"Expresso Metropolitano"},"image":{"@id":"https:\/\/expressometro.mx\/#\/schema\/logo\/image\/"}},{"@type":"Person","@id":"https:\/\/expressometro.mx\/#\/schema\/person\/efa971b4a0664db8ed5c22b1b0dd2f5d","name":"Expresso Metropolitano","image":{"@type":"ImageObject","inLanguage":"es","@id":"https:\/\/secure.gravatar.com\/avatar\/a89f802b8de18c6952f223c88d3d106e9e3679839f4e25a02f4a6cc2ae6ba3b3?s=96&d=mm&r=g","url":"https:\/\/secure.gravatar.com\/avatar\/a89f802b8de18c6952f223c88d3d106e9e3679839f4e25a02f4a6cc2ae6ba3b3?s=96&d=mm&r=g","contentUrl":"https:\/\/secure.gravatar.com\/avatar\/a89f802b8de18c6952f223c88d3d106e9e3679839f4e25a02f4a6cc2ae6ba3b3?s=96&d=mm&r=g","caption":"Expresso Metropolitano"},"url":"https:\/\/expressometro.mx\/index.php\/author\/diego\/"}]}},"amp_enabled":true,"_links":{"self":[{"href":"https:\/\/expressometro.mx\/index.php\/wp-json\/wp\/v2\/posts\/7643","targetHints":{"allow":["GET"]}}],"collection":[{"href":"https:\/\/expressometro.mx\/index.php\/wp-json\/wp\/v2\/posts"}],"about":[{"href":"https:\/\/expressometro.mx\/index.php\/wp-json\/wp\/v2\/types\/post"}],"author":[{"embeddable":true,"href":"https:\/\/expressometro.mx\/index.php\/wp-json\/wp\/v2\/users\/1"}],"replies":[{"embeddable":true,"href":"https:\/\/expressometro.mx\/index.php\/wp-json\/wp\/v2\/comments?post=7643"}],"version-history":[{"count":1,"href":"https:\/\/expressometro.mx\/index.php\/wp-json\/wp\/v2\/posts\/7643\/revisions"}],"predecessor-version":[{"id":7646,"href":"https:\/\/expressometro.mx\/index.php\/wp-json\/wp\/v2\/posts\/7643\/revisions\/7646"}],"wp:featuredmedia":[{"embeddable":true,"href":"https:\/\/expressometro.mx\/index.php\/wp-json\/wp\/v2\/media\/7645"}],"wp:attachment":[{"href":"https:\/\/expressometro.mx\/index.php\/wp-json\/wp\/v2\/media?parent=7643"}],"wp:term":[{"taxonomy":"category","embeddable":true,"href":"https:\/\/expressometro.mx\/index.php\/wp-json\/wp\/v2\/categories?post=7643"},{"taxonomy":"post_tag","embeddable":true,"href":"https:\/\/expressometro.mx\/index.php\/wp-json\/wp\/v2\/tags?post=7643"}],"curies":[{"name":"wp","href":"https:\/\/api.w.org\/{rel}","templated":true}]}}