{"id":7632,"date":"2023-08-12T10:43:31","date_gmt":"2023-08-12T15:43:31","guid":{"rendered":"https:\/\/expressometro.mx\/?p=7632"},"modified":"2023-08-17T14:37:27","modified_gmt":"2023-08-17T19:37:27","slug":"inauguracion-de-la-pavimentacion-del-camino-que-une-santa-isabel-con-el-potrero-de-manzana-sexta-jiquipilco","status":"publish","type":"post","link":"https:\/\/expressometro.mx\/index.php\/2023\/08\/12\/inauguracion-de-la-pavimentacion-del-camino-que-une-santa-isabel-con-el-potrero-de-manzana-sexta-jiquipilco\/","title":{"rendered":"INAUGURACI\u00d3N DE LA PAVIMENTACI\u00d3N DEL CAMINO QUE UNE SANTA ISABEL CON EL POTRERO DE MANZANA SEXTA: JIQUIPILCO"},"content":{"rendered":"\n<p><\/p>\n\n\n\n<p>El Diputado Federal, Gustavo C\u00e1rdenas Monroy, indic\u00f3 que en estos d\u00edas han estado entregando distintas obras en diferentes puntos del municipio de Jiquipilco: esta vez toc\u00f3 la pavimentaci\u00f3n con concreto hidr\u00e1ulico, que une a las comunidades de Santa Isabel con &#8220;El Potrero&#8221; de Manzana Sexta.<\/p>\n\n\n\n<p>El Legislador recalc\u00f3 la importancia de concretar estas obras b\u00e1sicas, que les han cambiado la vida de los habitantes del municipio, son acciones que establecen parte del plan de trabajo que se traz\u00f3 desde el inicio de esta administraci\u00f3n para que existan calles y avenidas en buen estado, y que los ciudadanos cuenten con vialidades seguras.<\/p>\n\n\n\n<p>Gustavo C\u00e1rdenas destac\u00f3 la labor incansable del presidente municipal Felipe S\u00e1nchez D\u00e1vila, ya que siempre est\u00e1 en el campo en las comunidades ya sea inaugurando obras, ya sea ayudando a reforestar, ya sea atendiendo al llamado de los habitantes de las distintas comunidades.<\/p>\n\n\n\n<p>Agradeci\u00f3 al p\u00fablico presente y los exhort\u00f3 a que sigan apoyando a su presidente municipal, puesto que, en la medida en que el presidente sienta el apoyo de la sociedad, de los ciudadanos, de las mujeres, de los hombres; ser\u00e1 un presidente m\u00e1s fuerte, un presidente que tiene m\u00e1s posibilidades de tener \u00e9xito en la gesti\u00f3n. Esa comunicaci\u00f3n y la cercan\u00eda le permiten ser m\u00e1s asertivo y m\u00e1s preciso en la toma de decisiones y de las obras que se hacen.<\/p>\n","protected":false},"excerpt":{"rendered":"<p>El Diputado Federal, Gustavo C\u00e1rdenas Monroy, indic\u00f3 que en estos d\u00edas han estado entregando distintas obras en diferentes puntos del municipio de Jiquipilco: esta vez toc\u00f3 la pavimentaci\u00f3n con concreto hidr\u00e1ulico, que une a las comunidades de Santa Isabel con &#8220;El Potrero&#8221; de Manzana Sexta.<\/p>\n","protected":false},"author":1,"featured_media":7634,"comment_status":"open","ping_status":"open","sticky":false,"template":"","format":"standard","meta":{"footnotes":""},"categories":[4,3,1,231,6],"tags":[1982,86,891,196,158],"class_list":["post-7632","post","type-post","status-publish","format-standard","has-post-thumbnail","hentry","category-finanzas","category-gobierno","category-otros","category-politica","category-seguridad","tag-edomex","tag-gem","tag-gustavo-cardenas-2","tag-jiquipilco","tag-pri"],"yoast_head":"<!-- This site is optimized with the Yoast SEO plugin v27.4 - https:\/\/yoast.com\/product\/yoast-seo-wordpress\/ -->\n<title>INAUGURACI\u00d3N DE LA PAVIMENTACI\u00d3N DEL CAMINO QUE UNE SANTA ISABEL CON EL POTRERO DE MANZANA SEXTA: JIQUIPILCO - Expresso Metropolitano<\/title>\n<meta name=\"robots\" content=\"index, follow, max-snippet:-1, max-image-preview:large, max-video-preview:-1\" \/>\n<link rel=\"canonical\" href=\"https:\/\/expressometro.mx\/index.php\/2023\/08\/12\/inauguracion-de-la-pavimentacion-del-camino-que-une-santa-isabel-con-el-potrero-de-manzana-sexta-jiquipilco\/\" \/>\n<meta property=\"og:locale\" content=\"es_MX\" \/>\n<meta property=\"og:type\" content=\"article\" \/>\n<meta property=\"og:title\" content=\"INAUGURACI\u00d3N DE LA PAVIMENTACI\u00d3N DEL CAMINO QUE UNE SANTA ISABEL CON EL POTRERO DE MANZANA SEXTA: JIQUIPILCO - Expresso Metropolitano\" \/>\n<meta property=\"og:description\" content=\"El Diputado Federal, Gustavo C\u00e1rdenas Monroy, indic\u00f3 que en estos d\u00edas han estado entregando distintas obras en diferentes puntos del municipio de Jiquipilco: esta vez toc\u00f3 la pavimentaci\u00f3n con concreto hidr\u00e1ulico, que une a las comunidades de Santa Isabel con &quot;El Potrero&quot; de Manzana Sexta.\" \/>\n<meta property=\"og:url\" content=\"https:\/\/expressometro.mx\/index.php\/2023\/08\/12\/inauguracion-de-la-pavimentacion-del-camino-que-une-santa-isabel-con-el-potrero-de-manzana-sexta-jiquipilco\/\" \/>\n<meta property=\"og:site_name\" content=\"Expresso Metropolitano\" \/>\n<meta property=\"article:published_time\" content=\"2023-08-12T15:43:31+00:00\" \/>\n<meta property=\"article:modified_time\" content=\"2023-08-17T19:37:27+00:00\" \/>\n<meta property=\"og:image\" content=\"http:\/\/expressometro.mx\/wp-content\/uploads\/2023\/08\/Gustavo-Cardenas-Jiquipilco-120823-1.jpg\" \/>\n\t<meta property=\"og:image:width\" content=\"1280\" \/>\n\t<meta property=\"og:image:height\" content=\"817\" \/>\n\t<meta property=\"og:image:type\" content=\"image\/jpeg\" \/>\n<meta name=\"author\" content=\"Expresso Metropolitano\" \/>\n<meta name=\"twitter:label1\" content=\"Escrito por\" \/>\n\t<meta name=\"twitter:data1\" content=\"Expresso Metropolitano\" \/>\n\t<meta name=\"twitter:label2\" content=\"Tiempo de lectura\" \/>\n\t<meta name=\"twitter:data2\" content=\"2 minutos\" \/>\n<script type=\"application\/ld+json\" class=\"yoast-schema-graph\">{\"@context\":\"https:\\\/\\\/schema.org\",\"@graph\":[{\"@type\":\"Article\",\"@id\":\"https:\\\/\\\/expressometro.mx\\\/index.php\\\/2023\\\/08\\\/12\\\/inauguracion-de-la-pavimentacion-del-camino-que-une-santa-isabel-con-el-potrero-de-manzana-sexta-jiquipilco\\\/#article\",\"isPartOf\":{\"@id\":\"https:\\\/\\\/expressometro.mx\\\/index.php\\\/2023\\\/08\\\/12\\\/inauguracion-de-la-pavimentacion-del-camino-que-une-santa-isabel-con-el-potrero-de-manzana-sexta-jiquipilco\\\/\"},\"author\":{\"name\":\"Expresso Metropolitano\",\"@id\":\"https:\\\/\\\/expressometro.mx\\\/#\\\/schema\\\/person\\\/efa971b4a0664db8ed5c22b1b0dd2f5d\"},\"headline\":\"INAUGURACI\u00d3N DE LA PAVIMENTACI\u00d3N DEL CAMINO QUE UNE SANTA ISABEL CON EL POTRERO DE MANZANA SEXTA: JIQUIPILCO\",\"datePublished\":\"2023-08-12T15:43:31+00:00\",\"dateModified\":\"2023-08-17T19:37:27+00:00\",\"mainEntityOfPage\":{\"@id\":\"https:\\\/\\\/expressometro.mx\\\/index.php\\\/2023\\\/08\\\/12\\\/inauguracion-de-la-pavimentacion-del-camino-que-une-santa-isabel-con-el-potrero-de-manzana-sexta-jiquipilco\\\/\"},\"wordCount\":261,\"commentCount\":0,\"publisher\":{\"@id\":\"https:\\\/\\\/expressometro.mx\\\/#organization\"},\"image\":{\"@id\":\"https:\\\/\\\/expressometro.mx\\\/index.php\\\/2023\\\/08\\\/12\\\/inauguracion-de-la-pavimentacion-del-camino-que-une-santa-isabel-con-el-potrero-de-manzana-sexta-jiquipilco\\\/#primaryimage\"},\"thumbnailUrl\":\"https:\\\/\\\/expressometro.mx\\\/wp-content\\\/uploads\\\/2023\\\/08\\\/Gustavo-Cardenas-Jiquipilco-120823-1.jpg\",\"keywords\":[\"Edomex\",\"GEM\",\"Gustavo C\u00e1rdenas\",\"Jiquipilco\",\"PRI\"],\"articleSection\":[\"Finanzas\",\"Gobierno\",\"Otros\",\"Pol\u00edtica\",\"Seguridad\"],\"inLanguage\":\"es\",\"potentialAction\":[{\"@type\":\"CommentAction\",\"name\":\"Comment\",\"target\":[\"https:\\\/\\\/expressometro.mx\\\/index.php\\\/2023\\\/08\\\/12\\\/inauguracion-de-la-pavimentacion-del-camino-que-une-santa-isabel-con-el-potrero-de-manzana-sexta-jiquipilco\\\/#respond\"]}]},{\"@type\":\"WebPage\",\"@id\":\"https:\\\/\\\/expressometro.mx\\\/index.php\\\/2023\\\/08\\\/12\\\/inauguracion-de-la-pavimentacion-del-camino-que-une-santa-isabel-con-el-potrero-de-manzana-sexta-jiquipilco\\\/\",\"url\":\"https:\\\/\\\/expressometro.mx\\\/index.php\\\/2023\\\/08\\\/12\\\/inauguracion-de-la-pavimentacion-del-camino-que-une-santa-isabel-con-el-potrero-de-manzana-sexta-jiquipilco\\\/\",\"name\":\"INAUGURACI\u00d3N DE LA PAVIMENTACI\u00d3N DEL CAMINO QUE UNE SANTA ISABEL CON EL POTRERO DE MANZANA SEXTA: JIQUIPILCO - Expresso Metropolitano\",\"isPartOf\":{\"@id\":\"https:\\\/\\\/expressometro.mx\\\/#website\"},\"primaryImageOfPage\":{\"@id\":\"https:\\\/\\\/expressometro.mx\\\/index.php\\\/2023\\\/08\\\/12\\\/inauguracion-de-la-pavimentacion-del-camino-que-une-santa-isabel-con-el-potrero-de-manzana-sexta-jiquipilco\\\/#primaryimage\"},\"image\":{\"@id\":\"https:\\\/\\\/expressometro.mx\\\/index.php\\\/2023\\\/08\\\/12\\\/inauguracion-de-la-pavimentacion-del-camino-que-une-santa-isabel-con-el-potrero-de-manzana-sexta-jiquipilco\\\/#primaryimage\"},\"thumbnailUrl\":\"https:\\\/\\\/expressometro.mx\\\/wp-content\\\/uploads\\\/2023\\\/08\\\/Gustavo-Cardenas-Jiquipilco-120823-1.jpg\",\"datePublished\":\"2023-08-12T15:43:31+00:00\",\"dateModified\":\"2023-08-17T19:37:27+00:00\",\"breadcrumb\":{\"@id\":\"https:\\\/\\\/expressometro.mx\\\/index.php\\\/2023\\\/08\\\/12\\\/inauguracion-de-la-pavimentacion-del-camino-que-une-santa-isabel-con-el-potrero-de-manzana-sexta-jiquipilco\\\/#breadcrumb\"},\"inLanguage\":\"es\",\"potentialAction\":[{\"@type\":\"ReadAction\",\"target\":[\"https:\\\/\\\/expressometro.mx\\\/index.php\\\/2023\\\/08\\\/12\\\/inauguracion-de-la-pavimentacion-del-camino-que-une-santa-isabel-con-el-potrero-de-manzana-sexta-jiquipilco\\\/\"]}]},{\"@type\":\"ImageObject\",\"inLanguage\":\"es\",\"@id\":\"https:\\\/\\\/expressometro.mx\\\/index.php\\\/2023\\\/08\\\/12\\\/inauguracion-de-la-pavimentacion-del-camino-que-une-santa-isabel-con-el-potrero-de-manzana-sexta-jiquipilco\\\/#primaryimage\",\"url\":\"https:\\\/\\\/expressometro.mx\\\/wp-content\\\/uploads\\\/2023\\\/08\\\/Gustavo-Cardenas-Jiquipilco-120823-1.jpg\",\"contentUrl\":\"https:\\\/\\\/expressometro.mx\\\/wp-content\\\/uploads\\\/2023\\\/08\\\/Gustavo-Cardenas-Jiquipilco-120823-1.jpg\",\"width\":1280,\"height\":817},{\"@type\":\"BreadcrumbList\",\"@id\":\"https:\\\/\\\/expressometro.mx\\\/index.php\\\/2023\\\/08\\\/12\\\/inauguracion-de-la-pavimentacion-del-camino-que-une-santa-isabel-con-el-potrero-de-manzana-sexta-jiquipilco\\\/#breadcrumb\",\"itemListElement\":[{\"@type\":\"ListItem\",\"position\":1,\"name\":\"Inicio\",\"item\":\"https:\\\/\\\/expressometro.mx\\\/\"},{\"@type\":\"ListItem\",\"position\":2,\"name\":\"INAUGURACI\u00d3N DE LA PAVIMENTACI\u00d3N DEL CAMINO QUE UNE SANTA ISABEL CON EL POTRERO DE MANZANA SEXTA: JIQUIPILCO\"}]},{\"@type\":\"WebSite\",\"@id\":\"https:\\\/\\\/expressometro.mx\\\/#website\",\"url\":\"https:\\\/\\\/expressometro.mx\\\/\",\"name\":\"Expresso Metropolitano\",\"description\":\"Periodismo comprometido, informaci\u00f3n, investigaci\u00f3n y an\u00e1lisis\",\"publisher\":{\"@id\":\"https:\\\/\\\/expressometro.mx\\\/#organization\"},\"potentialAction\":[{\"@type\":\"SearchAction\",\"target\":{\"@type\":\"EntryPoint\",\"urlTemplate\":\"https:\\\/\\\/expressometro.mx\\\/?s={search_term_string}\"},\"query-input\":{\"@type\":\"PropertyValueSpecification\",\"valueRequired\":true,\"valueName\":\"search_term_string\"}}],\"inLanguage\":\"es\"},{\"@type\":\"Organization\",\"@id\":\"https:\\\/\\\/expressometro.mx\\\/#organization\",\"name\":\"Expresso Metropolitano\",\"url\":\"https:\\\/\\\/expressometro.mx\\\/\",\"logo\":{\"@type\":\"ImageObject\",\"inLanguage\":\"es\",\"@id\":\"https:\\\/\\\/expressometro.mx\\\/#\\\/schema\\\/logo\\\/image\\\/\",\"url\":\"https:\\\/\\\/expressometro.mx\\\/wp-content\\\/uploads\\\/2019\\\/07\\\/cropped-Logo-Expresso-Metropolitano-1-1.jpeg\",\"contentUrl\":\"https:\\\/\\\/expressometro.mx\\\/wp-content\\\/uploads\\\/2019\\\/07\\\/cropped-Logo-Expresso-Metropolitano-1-1.jpeg\",\"width\":290,\"height\":73,\"caption\":\"Expresso Metropolitano\"},\"image\":{\"@id\":\"https:\\\/\\\/expressometro.mx\\\/#\\\/schema\\\/logo\\\/image\\\/\"}},{\"@type\":\"Person\",\"@id\":\"https:\\\/\\\/expressometro.mx\\\/#\\\/schema\\\/person\\\/efa971b4a0664db8ed5c22b1b0dd2f5d\",\"name\":\"Expresso Metropolitano\",\"image\":{\"@type\":\"ImageObject\",\"inLanguage\":\"es\",\"@id\":\"https:\\\/\\\/secure.gravatar.com\\\/avatar\\\/a89f802b8de18c6952f223c88d3d106e9e3679839f4e25a02f4a6cc2ae6ba3b3?s=96&d=mm&r=g\",\"url\":\"https:\\\/\\\/secure.gravatar.com\\\/avatar\\\/a89f802b8de18c6952f223c88d3d106e9e3679839f4e25a02f4a6cc2ae6ba3b3?s=96&d=mm&r=g\",\"contentUrl\":\"https:\\\/\\\/secure.gravatar.com\\\/avatar\\\/a89f802b8de18c6952f223c88d3d106e9e3679839f4e25a02f4a6cc2ae6ba3b3?s=96&d=mm&r=g\",\"caption\":\"Expresso Metropolitano\"},\"url\":\"https:\\\/\\\/expressometro.mx\\\/index.php\\\/author\\\/diego\\\/\"}]}<\/script>\n<!-- \/ Yoast SEO plugin. -->","yoast_head_json":{"title":"INAUGURACI\u00d3N DE LA PAVIMENTACI\u00d3N DEL CAMINO QUE UNE SANTA ISABEL CON EL POTRERO DE MANZANA SEXTA: JIQUIPILCO - Expresso Metropolitano","robots":{"index":"index","follow":"follow","max-snippet":"max-snippet:-1","max-image-preview":"max-image-preview:large","max-video-preview":"max-video-preview:-1"},"canonical":"https:\/\/expressometro.mx\/index.php\/2023\/08\/12\/inauguracion-de-la-pavimentacion-del-camino-que-une-santa-isabel-con-el-potrero-de-manzana-sexta-jiquipilco\/","og_locale":"es_MX","og_type":"article","og_title":"INAUGURACI\u00d3N DE LA PAVIMENTACI\u00d3N DEL CAMINO QUE UNE SANTA ISABEL CON EL POTRERO DE MANZANA SEXTA: JIQUIPILCO - Expresso Metropolitano","og_description":"El Diputado Federal, Gustavo C\u00e1rdenas Monroy, indic\u00f3 que en estos d\u00edas han estado entregando distintas obras en diferentes puntos del municipio de Jiquipilco: esta vez toc\u00f3 la pavimentaci\u00f3n con concreto hidr\u00e1ulico, que une a las comunidades de Santa Isabel con \"El Potrero\" de Manzana Sexta.","og_url":"https:\/\/expressometro.mx\/index.php\/2023\/08\/12\/inauguracion-de-la-pavimentacion-del-camino-que-une-santa-isabel-con-el-potrero-de-manzana-sexta-jiquipilco\/","og_site_name":"Expresso Metropolitano","article_published_time":"2023-08-12T15:43:31+00:00","article_modified_time":"2023-08-17T19:37:27+00:00","og_image":[{"width":1280,"height":817,"url":"http:\/\/expressometro.mx\/wp-content\/uploads\/2023\/08\/Gustavo-Cardenas-Jiquipilco-120823-1.jpg","type":"image\/jpeg"}],"author":"Expresso Metropolitano","twitter_misc":{"Escrito por":"Expresso Metropolitano","Tiempo de lectura":"2 minutos"},"schema":{"@context":"https:\/\/schema.org","@graph":[{"@type":"Article","@id":"https:\/\/expressometro.mx\/index.php\/2023\/08\/12\/inauguracion-de-la-pavimentacion-del-camino-que-une-santa-isabel-con-el-potrero-de-manzana-sexta-jiquipilco\/#article","isPartOf":{"@id":"https:\/\/expressometro.mx\/index.php\/2023\/08\/12\/inauguracion-de-la-pavimentacion-del-camino-que-une-santa-isabel-con-el-potrero-de-manzana-sexta-jiquipilco\/"},"author":{"name":"Expresso Metropolitano","@id":"https:\/\/expressometro.mx\/#\/schema\/person\/efa971b4a0664db8ed5c22b1b0dd2f5d"},"headline":"INAUGURACI\u00d3N DE LA PAVIMENTACI\u00d3N DEL CAMINO QUE UNE SANTA ISABEL CON EL POTRERO DE MANZANA SEXTA: JIQUIPILCO","datePublished":"2023-08-12T15:43:31+00:00","dateModified":"2023-08-17T19:37:27+00:00","mainEntityOfPage":{"@id":"https:\/\/expressometro.mx\/index.php\/2023\/08\/12\/inauguracion-de-la-pavimentacion-del-camino-que-une-santa-isabel-con-el-potrero-de-manzana-sexta-jiquipilco\/"},"wordCount":261,"commentCount":0,"publisher":{"@id":"https:\/\/expressometro.mx\/#organization"},"image":{"@id":"https:\/\/expressometro.mx\/index.php\/2023\/08\/12\/inauguracion-de-la-pavimentacion-del-camino-que-une-santa-isabel-con-el-potrero-de-manzana-sexta-jiquipilco\/#primaryimage"},"thumbnailUrl":"https:\/\/expressometro.mx\/wp-content\/uploads\/2023\/08\/Gustavo-Cardenas-Jiquipilco-120823-1.jpg","keywords":["Edomex","GEM","Gustavo C\u00e1rdenas","Jiquipilco","PRI"],"articleSection":["Finanzas","Gobierno","Otros","Pol\u00edtica","Seguridad"],"inLanguage":"es","potentialAction":[{"@type":"CommentAction","name":"Comment","target":["https:\/\/expressometro.mx\/index.php\/2023\/08\/12\/inauguracion-de-la-pavimentacion-del-camino-que-une-santa-isabel-con-el-potrero-de-manzana-sexta-jiquipilco\/#respond"]}]},{"@type":"WebPage","@id":"https:\/\/expressometro.mx\/index.php\/2023\/08\/12\/inauguracion-de-la-pavimentacion-del-camino-que-une-santa-isabel-con-el-potrero-de-manzana-sexta-jiquipilco\/","url":"https:\/\/expressometro.mx\/index.php\/2023\/08\/12\/inauguracion-de-la-pavimentacion-del-camino-que-une-santa-isabel-con-el-potrero-de-manzana-sexta-jiquipilco\/","name":"INAUGURACI\u00d3N DE LA PAVIMENTACI\u00d3N DEL CAMINO QUE UNE SANTA ISABEL CON EL POTRERO DE MANZANA SEXTA: JIQUIPILCO - Expresso Metropolitano","isPartOf":{"@id":"https:\/\/expressometro.mx\/#website"},"primaryImageOfPage":{"@id":"https:\/\/expressometro.mx\/index.php\/2023\/08\/12\/inauguracion-de-la-pavimentacion-del-camino-que-une-santa-isabel-con-el-potrero-de-manzana-sexta-jiquipilco\/#primaryimage"},"image":{"@id":"https:\/\/expressometro.mx\/index.php\/2023\/08\/12\/inauguracion-de-la-pavimentacion-del-camino-que-une-santa-isabel-con-el-potrero-de-manzana-sexta-jiquipilco\/#primaryimage"},"thumbnailUrl":"https:\/\/expressometro.mx\/wp-content\/uploads\/2023\/08\/Gustavo-Cardenas-Jiquipilco-120823-1.jpg","datePublished":"2023-08-12T15:43:31+00:00","dateModified":"2023-08-17T19:37:27+00:00","breadcrumb":{"@id":"https:\/\/expressometro.mx\/index.php\/2023\/08\/12\/inauguracion-de-la-pavimentacion-del-camino-que-une-santa-isabel-con-el-potrero-de-manzana-sexta-jiquipilco\/#breadcrumb"},"inLanguage":"es","potentialAction":[{"@type":"ReadAction","target":["https:\/\/expressometro.mx\/index.php\/2023\/08\/12\/inauguracion-de-la-pavimentacion-del-camino-que-une-santa-isabel-con-el-potrero-de-manzana-sexta-jiquipilco\/"]}]},{"@type":"ImageObject","inLanguage":"es","@id":"https:\/\/expressometro.mx\/index.php\/2023\/08\/12\/inauguracion-de-la-pavimentacion-del-camino-que-une-santa-isabel-con-el-potrero-de-manzana-sexta-jiquipilco\/#primaryimage","url":"https:\/\/expressometro.mx\/wp-content\/uploads\/2023\/08\/Gustavo-Cardenas-Jiquipilco-120823-1.jpg","contentUrl":"https:\/\/expressometro.mx\/wp-content\/uploads\/2023\/08\/Gustavo-Cardenas-Jiquipilco-120823-1.jpg","width":1280,"height":817},{"@type":"BreadcrumbList","@id":"https:\/\/expressometro.mx\/index.php\/2023\/08\/12\/inauguracion-de-la-pavimentacion-del-camino-que-une-santa-isabel-con-el-potrero-de-manzana-sexta-jiquipilco\/#breadcrumb","itemListElement":[{"@type":"ListItem","position":1,"name":"Inicio","item":"https:\/\/expressometro.mx\/"},{"@type":"ListItem","position":2,"name":"INAUGURACI\u00d3N DE LA PAVIMENTACI\u00d3N DEL CAMINO QUE UNE SANTA ISABEL CON EL POTRERO DE MANZANA SEXTA: JIQUIPILCO"}]},{"@type":"WebSite","@id":"https:\/\/expressometro.mx\/#website","url":"https:\/\/expressometro.mx\/","name":"Expresso Metropolitano","description":"Periodismo comprometido, informaci\u00f3n, investigaci\u00f3n y an\u00e1lisis","publisher":{"@id":"https:\/\/expressometro.mx\/#organization"},"potentialAction":[{"@type":"SearchAction","target":{"@type":"EntryPoint","urlTemplate":"https:\/\/expressometro.mx\/?s={search_term_string}"},"query-input":{"@type":"PropertyValueSpecification","valueRequired":true,"valueName":"search_term_string"}}],"inLanguage":"es"},{"@type":"Organization","@id":"https:\/\/expressometro.mx\/#organization","name":"Expresso Metropolitano","url":"https:\/\/expressometro.mx\/","logo":{"@type":"ImageObject","inLanguage":"es","@id":"https:\/\/expressometro.mx\/#\/schema\/logo\/image\/","url":"https:\/\/expressometro.mx\/wp-content\/uploads\/2019\/07\/cropped-Logo-Expresso-Metropolitano-1-1.jpeg","contentUrl":"https:\/\/expressometro.mx\/wp-content\/uploads\/2019\/07\/cropped-Logo-Expresso-Metropolitano-1-1.jpeg","width":290,"height":73,"caption":"Expresso Metropolitano"},"image":{"@id":"https:\/\/expressometro.mx\/#\/schema\/logo\/image\/"}},{"@type":"Person","@id":"https:\/\/expressometro.mx\/#\/schema\/person\/efa971b4a0664db8ed5c22b1b0dd2f5d","name":"Expresso Metropolitano","image":{"@type":"ImageObject","inLanguage":"es","@id":"https:\/\/secure.gravatar.com\/avatar\/a89f802b8de18c6952f223c88d3d106e9e3679839f4e25a02f4a6cc2ae6ba3b3?s=96&d=mm&r=g","url":"https:\/\/secure.gravatar.com\/avatar\/a89f802b8de18c6952f223c88d3d106e9e3679839f4e25a02f4a6cc2ae6ba3b3?s=96&d=mm&r=g","contentUrl":"https:\/\/secure.gravatar.com\/avatar\/a89f802b8de18c6952f223c88d3d106e9e3679839f4e25a02f4a6cc2ae6ba3b3?s=96&d=mm&r=g","caption":"Expresso Metropolitano"},"url":"https:\/\/expressometro.mx\/index.php\/author\/diego\/"}]}},"amp_enabled":true,"_links":{"self":[{"href":"https:\/\/expressometro.mx\/index.php\/wp-json\/wp\/v2\/posts\/7632","targetHints":{"allow":["GET"]}}],"collection":[{"href":"https:\/\/expressometro.mx\/index.php\/wp-json\/wp\/v2\/posts"}],"about":[{"href":"https:\/\/expressometro.mx\/index.php\/wp-json\/wp\/v2\/types\/post"}],"author":[{"embeddable":true,"href":"https:\/\/expressometro.mx\/index.php\/wp-json\/wp\/v2\/users\/1"}],"replies":[{"embeddable":true,"href":"https:\/\/expressometro.mx\/index.php\/wp-json\/wp\/v2\/comments?post=7632"}],"version-history":[{"count":1,"href":"https:\/\/expressometro.mx\/index.php\/wp-json\/wp\/v2\/posts\/7632\/revisions"}],"predecessor-version":[{"id":7635,"href":"https:\/\/expressometro.mx\/index.php\/wp-json\/wp\/v2\/posts\/7632\/revisions\/7635"}],"wp:featuredmedia":[{"embeddable":true,"href":"https:\/\/expressometro.mx\/index.php\/wp-json\/wp\/v2\/media\/7634"}],"wp:attachment":[{"href":"https:\/\/expressometro.mx\/index.php\/wp-json\/wp\/v2\/media?parent=7632"}],"wp:term":[{"taxonomy":"category","embeddable":true,"href":"https:\/\/expressometro.mx\/index.php\/wp-json\/wp\/v2\/categories?post=7632"},{"taxonomy":"post_tag","embeddable":true,"href":"https:\/\/expressometro.mx\/index.php\/wp-json\/wp\/v2\/tags?post=7632"}],"curies":[{"name":"wp","href":"https:\/\/api.w.org\/{rel}","templated":true}]}}