{"id":763,"date":"2019-09-24T21:40:10","date_gmt":"2019-09-25T02:40:10","guid":{"rendered":"http:\/\/expressometro.mx\/?p=763"},"modified":"2019-09-24T21:40:11","modified_gmt":"2019-09-25T02:40:11","slug":"en-edomex-se-garantizan-los-derechos-sociales-de-los-mexiquenses-alfredo-del-mazo","status":"publish","type":"post","link":"https:\/\/expressometro.mx\/index.php\/2019\/09\/24\/en-edomex-se-garantizan-los-derechos-sociales-de-los-mexiquenses-alfredo-del-mazo\/","title":{"rendered":"EN EDOM\u00c9X SE GARANTIZAN LOS DERECHOS SOCIALES DE LOS MEXIQUENSES: ALFREDO DEL MAZO"},"content":{"rendered":"\n<p>Al rendir su Segundo Informe de Resultados, el Gobernador Alfredo Del Mazo Maza, destac\u00f3 que datos del Consejo Nacional de Evaluaci\u00f3n de la Pol\u00edtica de Desarrollo Social (Coneval), se\u00f1alan que entre 2016 y 2018, en el Estado de M\u00e9xico 683 mil personas dejaron la condici\u00f3n de pobreza.<\/p>\n\n\n\n<p>\u201cCon la pol\u00edtica social, logramos que 683 mil personas dejaran atr\u00e1s la pobreza.&nbsp; A nivel nacional, una de cada tres personas que salieron de la pobreza y el 27 por ciento de quienes salieron de la pobreza extrema, son mexiquenses\u201d, indic\u00f3.<\/p>\n\n\n\n<p>Asimismo, inform\u00f3 que casi un mill\u00f3n 250 mil mexiquenses superaron la pobreza por ingreso, lo que significa, que cuentan con los recursos necesarios para atender mensualmente sus necesidades b\u00e1sicas de alimentaci\u00f3n.&nbsp;<\/p>\n\n\n\n<p>Estos resultados, dijo, colocan al Estado de M\u00e9xico como la entidad que m\u00e1s disminuy\u00f3 la pobreza a nivel nacional.&nbsp;<\/p>\n\n\n\n<p>El Gobernador Alfredo Del Mazo puntualiz\u00f3 que estos resultados son logros de la pol\u00edtica social que impulsa su administraci\u00f3n, mediante acciones como la puesta en marcha del Salario rosa, el cual llega a 204 mil amas de casa y sus familias.&nbsp;<\/p>\n\n\n\n<p>\u201cSalario Rosa contribuy\u00f3 en forma importante en la reducci\u00f3n de la desigualdad. Dos de cada tres mexiquenses que salieron de la pobreza, y dos de cada tres que superaron las l\u00edneas de pobreza por ingreso, son mujeres.<\/p>\n\n\n\n<p>\u201c\u00c9stos son los resultados m\u00e1s sensibles, y los m\u00e1s importantes a los que debemos aspirar, porque son los que atienden, impulsan y fortalecen a los hogares m\u00e1s necesitados\u201d, se\u00f1al\u00f3.&nbsp;&nbsp;<\/p>\n\n\n\n<p>Detall\u00f3 que Salario rosa incorpor\u00f3 ocho nuevas vertientes por lo que ahora llega a amas de casa que tambi\u00e9n son estudiantes, promotoras de la cultura, emprendedoras, que trabajan en el campo, as\u00ed como para aquellas que buscan capacitaci\u00f3n para el autoempleo, que tienen alg\u00fan familiar con discapacidad, quienes est\u00e1n embarazadas y mam\u00e1s j\u00f3venes o con hijos en edad de lactancia.&nbsp;&nbsp;<\/p>\n\n\n\n<p>El titular del Ejecutivo estatal afirm\u00f3 que en el Estado de M\u00e9xico, a trav\u00e9s de la estrategia \u201cFamilias Fuertes\u201d, se garantiza el cumplimiento de los derechos sociales de la poblaci\u00f3n, para asegurar su desarrollo en los rubros educativo, alimentario, salud y vivienda, cuyo principal objetivo es el crecimiento de las mujeres mexiquenses.&nbsp;<\/p>\n\n\n\n<p>\u201cLos avances m\u00e1s importantes los tenemos en materia social. Con una visi\u00f3n moderna e incluyente, nuestras estrategias para reducir la marginaci\u00f3n y abatir la desigualdad, est\u00e1n siendo eficaces para combatir la pobreza y sus causas\u201d, expres\u00f3.&nbsp;<\/p>\n\n\n\n<p>Al emitir su mensaje con motivo de su Segundo Informe de Resultados, Del Mazo Maza enfatiz\u00f3 que este a\u00f1o se destin\u00f3 el 70 por ciento del gasto programable a inversi\u00f3n social.&nbsp;<\/p>\n\n\n\n<p>Dio a conocer que el Estado de M\u00e9xico avanz\u00f3 en cuatro de las seis carencias que eval\u00faa el Coneval, al mejorar en acceso a la educaci\u00f3n, alimentaci\u00f3n y servicios b\u00e1sicos de vivienda, as\u00ed como en la calidad y espacios de vivienda.&nbsp;<\/p>\n\n\n\n<p>Apunt\u00f3 que los avances de Salario rosa han sido reconocidos por el Programa de Naciones Unidas para el Desarrollo, acci\u00f3n gubernamental que ofrece a las amas de casa y sus familias acceso a un ingreso, a una mejor alimentaci\u00f3n, servicios de salud, dignificaci\u00f3n de sus viviendas, capacitaci\u00f3n, oportunidades educativas e inclusive iniciar proyectos productivos.&nbsp;<\/p>\n\n\n\n<p><strong>Reconocimiento al trabajo del DIFEM<\/strong><\/p>\n\n\n\n<p>En el Patio Central de Palacio de Gobierno, Del Mazo Maza se\u00f1al\u00f3 que para garantizar la seguridad alimentaria se entregaron 4 millones de canastas alimentarias a m\u00e1s de un mill\u00f3n de mexiquenses, como adultos mayores, personas con discapacidad, ni\u00f1os ind\u00edgenas y jefas y jefes de familia en situaci\u00f3n de vulnerabilidad, donde cuatro de cada cinco fueron otorgadas a mujeres.&nbsp;<\/p>\n\n\n\n<p>Tambi\u00e9n el \u00edndice de desnutrici\u00f3n de m\u00e1s de 770 mil alumnos de educaci\u00f3n b\u00e1sica disminuy\u00f3 en 36 por ciento, con la entrega de desayunos escolares y raciones vespertinas que otorga el Sistema para el Desarrollo Integral de la Familia de la entidad (DIFEM).&nbsp;<\/p>\n\n\n\n<p>En este sentido, el Gobernador mexiquense reconoci\u00f3 el trabajo realizado por el DIFEM, que encabeza su esposa y Presidenta Honoraria de esta instituci\u00f3n, Fernanda Castillo de Del Mazo, ya que se logr\u00f3 equipar 73 unidades b\u00e1sicas de rehabilitaci\u00f3n y se construyeron tres m\u00e1s, se renov\u00f3 el Centro de Rehabilitaci\u00f3n y Educaci\u00f3n Especial (CREE) con una inversi\u00f3n de 85 millones de pesos.&nbsp;<\/p>\n\n\n\n<p>Se entregaron m\u00e1s de 26 mil ayudas funcionales, se crearon cinco Centros de Atenci\u00f3n M\u00faltiple (CAM), se construy\u00f3 el edificio de la Procuradur\u00eda de Protecci\u00f3n de Ni\u00f1as, Ni\u00f1os y Adolescentes y resultado de la reforma en materia de adopciones, se triplic\u00f3 el n\u00famero de menores que se han integrado a un hogar.&nbsp;&nbsp;&nbsp;<\/p>\n\n\n\n<p>Sostuvo que el Programa de Naciones Unidas para el Desarrollo particip\u00f3 tambi\u00e9n en la evaluaci\u00f3n de nueve programas sociales, y reconoci\u00f3 a la estrategia \u201cFamilias Fuertes\u201d por la calidad de su dise\u00f1o y la solidez de sus resultados.&nbsp;<\/p>\n\n\n\n<p>En materia educativa, el mandatario estatal sostuvo que se destinaron 2 mil millones de pesos para el equipamiento y mantenimiento de mil 100 escuelas y la construcci\u00f3n de mil 536 espacios educativos en 755 planteles, por lo que ahora m\u00e1s de medio mill\u00f3n de alumnos de educaci\u00f3n b\u00e1sica tienen mejores herramientas para desarrollar sus actividades acad\u00e9micas.&nbsp;<\/p>\n\n\n\n<p>Asimismo, para apoyar a la econom\u00eda de las familias mexiquenses los alumnos de preescolar, primaria y secundaria, recibieron su paquete de \u00fatiles escolares.&nbsp;<\/p>\n\n\n\n<p>Agreg\u00f3 que contin\u00faa el programa de becas para que los j\u00f3venes mexiquenses tengan la oportunidad de ir a estudiar al extranjero, as\u00ed como para que no abandonen sus estudios por falta de recursos, donde se destinaron 928 millones de pesos para entregar m\u00e1s de 122 mil becas, de las cuales siete de cada 10 fueron para mujeres.&nbsp;<\/p>\n\n\n\n<p>Destac\u00f3 el programa Becas y becarios de excelencia, que permiti\u00f3 a casi mil 100 mil j\u00f3venes estudiar en universidades de 20 pa\u00edses como Alemania, Brasil, Canad\u00e1, Espa\u00f1a, Francia y Estados Unidos.&nbsp;<\/p>\n\n\n\n<p>Para que los j\u00f3venes mexiquenses tambi\u00e9n tengan mejores condiciones educativas, se inici\u00f3 con la construcci\u00f3n de dos planteles de la Universidad Mexiquense Bicentenario, en Amatepec y Luvianos, adem\u00e1s se entregaron los planteles de Amecameca y Ozumba de la Universidad Digital.&nbsp;<\/p>\n\n\n\n<p>En el caso de la Universidad Aut\u00f3noma del Estado de M\u00e9xico (UAEM), se realiz\u00f3 la ampliaci\u00f3n de la Facultad de Artes, de la preparatoria de Almoloya de Alquisiras y del plantel Acolman, donde se invirtieron casi 108 millones de pesos.&nbsp;<\/p>\n\n\n\n<p>Reconoci\u00f3 tambi\u00e9n el papel que juegan los maestros mexiquenses, quienes con valores y compromiso gu\u00edan a la juventud, que es la base sobre la que crece el Estado de M\u00e9xico.&nbsp;<\/p>\n\n\n\n<p>Alfredo Del Mazo dio a conocer que en materia cultural se renov\u00f3 el Museo de Arte Moderno y se inauguraron el Nuevo Conservatorio del Estado de M\u00e9xico y el Museo del Deporte, este \u00faltimo ubicado en el Centro Cultural Mexiquense Bicentenario en Texcoco, adem\u00e1s de que se cre\u00f3 la Compa\u00f1\u00eda Estatal de Danza.&nbsp;<\/p>\n\n\n\n<p>Para fortalecer las acciones del Programa Nacional de Lectura, en coordinaci\u00f3n con el Consejo Honorario de la Coordinaci\u00f3n de Memoria Hist\u00f3rica y Cultural de M\u00e9xico, se pusieron en marcha Los Fandangos por la Lectura, aunado a ello, se lanz\u00f3 la estrategia estatal Crece Leyendo.&nbsp;<\/p>\n\n\n\n<p>En materia deportiva, puntualiz\u00f3, se mejoraron 24 espacios, acci\u00f3n para la que se destinaron casi 180 millones de pesos, entre los que destacan el Centro Deportivo de Alto Rendimiento de Zinacantepec, la Unidad Deportiva \u201cMart\u00edn Alarc\u00f3n Hisojo\u201d en Metepec y la Unidad Deportiva \u201cEl Rosario\u201d en Tlalnepantla.<\/p>\n\n\n\n<p>El jefe del Ejecutivo mexiquense apunt\u00f3 que en el rubro de salud se puso en operaci\u00f3n un Banco de Leche en Nezahualc\u00f3yotl, as\u00ed como tres salas de lactancia, con lo cual se fortalece la red de protecci\u00f3n a la salud de la primera infancia.&nbsp;<\/p>\n\n\n\n<p>Aunado a ello, se aplicaron 7 millones de vacunas, se otorgaron casi 2 millones de consultas y se consolid\u00f3 la estrategia de medicina preventiva.<\/p>\n\n\n\n<p>Adem\u00e1s, para fortalecer la atenci\u00f3n a la salud, durante los pr\u00f3ximos tres a\u00f1os se rehabilitar\u00e1n mil 221 Centros de Salud de primer nivel.&nbsp;<\/p>\n\n\n\n<p>El Gobernador Alfredo Del Mazo destac\u00f3 que tambi\u00e9n se han entregado casi 27 mil 500 t\u00edtulos de propiedad, mediante los cuales se garantiza la certeza jur\u00eddica del patrimonio de las familias mexiquenses, adem\u00e1s de que se realizaron 48 mil acciones de mejora a la vivienda, donde siete de cada 10, fueron para mujeres.<\/p>\n","protected":false},"excerpt":{"rendered":"<p>Al rendir su Segundo Informe de Resultados, el Gobernador Alfredo Del Mazo Maza, destac\u00f3 que datos del Consejo Nacional de Evaluaci\u00f3n de la Pol\u00edtica de Desarrollo Social (Coneval), se\u00f1alan que entre 2016 y 2018, en el Estado de M\u00e9xico 683 mil personas dejaron la condici\u00f3n de pobreza. \u201cCon la pol\u00edtica social, logramos que 683 mil personas dejaran atr\u00e1s la pobreza.&nbsp; A nivel nacional, una de cada tres personas que salieron de la pobreza y el 27 por ciento de quienes salieron de la pobreza extrema, son mexiquenses\u201d, indic\u00f3. Asimismo, inform\u00f3&hellip;<\/p>\n","protected":false},"author":1,"featured_media":764,"comment_status":"open","ping_status":"open","sticky":false,"template":"","format":"standard","meta":{"footnotes":""},"categories":[11,3,1],"tags":[],"class_list":["post-763","post","type-post","status-publish","format-standard","has-post-thumbnail","hentry","category-cultura","category-gobierno","category-otros"],"yoast_head":"<!-- This site is optimized with the Yoast SEO plugin v27.5 - https:\/\/yoast.com\/product\/yoast-seo-wordpress\/ -->\n<title>EN EDOM\u00c9X SE GARANTIZAN LOS DERECHOS SOCIALES DE LOS MEXIQUENSES: ALFREDO DEL MAZO - Expresso Metropolitano<\/title>\n<meta name=\"robots\" content=\"index, follow, max-snippet:-1, max-image-preview:large, max-video-preview:-1\" \/>\n<link rel=\"canonical\" href=\"https:\/\/expressometro.mx\/index.php\/2019\/09\/24\/en-edomex-se-garantizan-los-derechos-sociales-de-los-mexiquenses-alfredo-del-mazo\/\" \/>\n<meta property=\"og:locale\" content=\"es_MX\" \/>\n<meta property=\"og:type\" content=\"article\" \/>\n<meta property=\"og:title\" content=\"EN EDOM\u00c9X SE GARANTIZAN LOS DERECHOS SOCIALES DE LOS MEXIQUENSES: ALFREDO DEL MAZO - Expresso Metropolitano\" \/>\n<meta property=\"og:description\" content=\"Al rendir su Segundo Informe de Resultados, el Gobernador Alfredo Del Mazo Maza, destac\u00f3 que datos del Consejo Nacional de Evaluaci\u00f3n de la Pol\u00edtica de Desarrollo Social (Coneval), se\u00f1alan que entre 2016 y 2018, en el Estado de M\u00e9xico 683 mil personas dejaron la condici\u00f3n de pobreza. \u201cCon la pol\u00edtica social, logramos que 683 mil personas dejaran atr\u00e1s la pobreza.&nbsp; A nivel nacional, una de cada tres personas que salieron de la pobreza y el 27 por ciento de quienes salieron de la pobreza extrema, son mexiquenses\u201d, indic\u00f3. Asimismo, inform\u00f3&hellip;\" \/>\n<meta property=\"og:url\" content=\"https:\/\/expressometro.mx\/index.php\/2019\/09\/24\/en-edomex-se-garantizan-los-derechos-sociales-de-los-mexiquenses-alfredo-del-mazo\/\" \/>\n<meta property=\"og:site_name\" content=\"Expresso Metropolitano\" \/>\n<meta property=\"article:published_time\" content=\"2019-09-25T02:40:10+00:00\" \/>\n<meta property=\"article:modified_time\" content=\"2019-09-25T02:40:11+00:00\" \/>\n<meta property=\"og:image\" content=\"https:\/\/expressometro.mx\/wp-content\/uploads\/2019\/09\/7DDBD80B-53B6-4576-941F-ECB07F5D03D2.jpeg\" \/>\n\t<meta property=\"og:image:width\" content=\"1500\" \/>\n\t<meta property=\"og:image:height\" content=\"952\" \/>\n\t<meta property=\"og:image:type\" content=\"image\/jpeg\" \/>\n<meta name=\"author\" content=\"Expresso Metropolitano\" \/>\n<meta name=\"twitter:label1\" content=\"Escrito por\" \/>\n\t<meta name=\"twitter:data1\" content=\"Expresso Metropolitano\" \/>\n\t<meta name=\"twitter:label2\" content=\"Tiempo de lectura\" \/>\n\t<meta name=\"twitter:data2\" content=\"7 minutos\" \/>\n<script type=\"application\/ld+json\" class=\"yoast-schema-graph\">{\"@context\":\"https:\\\/\\\/schema.org\",\"@graph\":[{\"@type\":\"Article\",\"@id\":\"https:\\\/\\\/expressometro.mx\\\/index.php\\\/2019\\\/09\\\/24\\\/en-edomex-se-garantizan-los-derechos-sociales-de-los-mexiquenses-alfredo-del-mazo\\\/#article\",\"isPartOf\":{\"@id\":\"https:\\\/\\\/expressometro.mx\\\/index.php\\\/2019\\\/09\\\/24\\\/en-edomex-se-garantizan-los-derechos-sociales-de-los-mexiquenses-alfredo-del-mazo\\\/\"},\"author\":{\"name\":\"Expresso Metropolitano\",\"@id\":\"https:\\\/\\\/expressometro.mx\\\/#\\\/schema\\\/person\\\/efa971b4a0664db8ed5c22b1b0dd2f5d\"},\"headline\":\"EN EDOM\u00c9X SE GARANTIZAN LOS DERECHOS SOCIALES DE LOS MEXIQUENSES: ALFREDO DEL MAZO\",\"datePublished\":\"2019-09-25T02:40:10+00:00\",\"dateModified\":\"2019-09-25T02:40:11+00:00\",\"mainEntityOfPage\":{\"@id\":\"https:\\\/\\\/expressometro.mx\\\/index.php\\\/2019\\\/09\\\/24\\\/en-edomex-se-garantizan-los-derechos-sociales-de-los-mexiquenses-alfredo-del-mazo\\\/\"},\"wordCount\":1472,\"commentCount\":0,\"publisher\":{\"@id\":\"https:\\\/\\\/expressometro.mx\\\/#organization\"},\"image\":{\"@id\":\"https:\\\/\\\/expressometro.mx\\\/index.php\\\/2019\\\/09\\\/24\\\/en-edomex-se-garantizan-los-derechos-sociales-de-los-mexiquenses-alfredo-del-mazo\\\/#primaryimage\"},\"thumbnailUrl\":\"https:\\\/\\\/expressometro.mx\\\/wp-content\\\/uploads\\\/2019\\\/09\\\/7DDBD80B-53B6-4576-941F-ECB07F5D03D2.jpeg\",\"articleSection\":[\"Cultura\",\"Gobierno\",\"Otros\"],\"inLanguage\":\"es\",\"potentialAction\":[{\"@type\":\"CommentAction\",\"name\":\"Comment\",\"target\":[\"https:\\\/\\\/expressometro.mx\\\/index.php\\\/2019\\\/09\\\/24\\\/en-edomex-se-garantizan-los-derechos-sociales-de-los-mexiquenses-alfredo-del-mazo\\\/#respond\"]}]},{\"@type\":\"WebPage\",\"@id\":\"https:\\\/\\\/expressometro.mx\\\/index.php\\\/2019\\\/09\\\/24\\\/en-edomex-se-garantizan-los-derechos-sociales-de-los-mexiquenses-alfredo-del-mazo\\\/\",\"url\":\"https:\\\/\\\/expressometro.mx\\\/index.php\\\/2019\\\/09\\\/24\\\/en-edomex-se-garantizan-los-derechos-sociales-de-los-mexiquenses-alfredo-del-mazo\\\/\",\"name\":\"EN EDOM\u00c9X SE GARANTIZAN LOS DERECHOS SOCIALES DE LOS MEXIQUENSES: ALFREDO DEL MAZO - Expresso Metropolitano\",\"isPartOf\":{\"@id\":\"https:\\\/\\\/expressometro.mx\\\/#website\"},\"primaryImageOfPage\":{\"@id\":\"https:\\\/\\\/expressometro.mx\\\/index.php\\\/2019\\\/09\\\/24\\\/en-edomex-se-garantizan-los-derechos-sociales-de-los-mexiquenses-alfredo-del-mazo\\\/#primaryimage\"},\"image\":{\"@id\":\"https:\\\/\\\/expressometro.mx\\\/index.php\\\/2019\\\/09\\\/24\\\/en-edomex-se-garantizan-los-derechos-sociales-de-los-mexiquenses-alfredo-del-mazo\\\/#primaryimage\"},\"thumbnailUrl\":\"https:\\\/\\\/expressometro.mx\\\/wp-content\\\/uploads\\\/2019\\\/09\\\/7DDBD80B-53B6-4576-941F-ECB07F5D03D2.jpeg\",\"datePublished\":\"2019-09-25T02:40:10+00:00\",\"dateModified\":\"2019-09-25T02:40:11+00:00\",\"breadcrumb\":{\"@id\":\"https:\\\/\\\/expressometro.mx\\\/index.php\\\/2019\\\/09\\\/24\\\/en-edomex-se-garantizan-los-derechos-sociales-de-los-mexiquenses-alfredo-del-mazo\\\/#breadcrumb\"},\"inLanguage\":\"es\",\"potentialAction\":[{\"@type\":\"ReadAction\",\"target\":[\"https:\\\/\\\/expressometro.mx\\\/index.php\\\/2019\\\/09\\\/24\\\/en-edomex-se-garantizan-los-derechos-sociales-de-los-mexiquenses-alfredo-del-mazo\\\/\"]}]},{\"@type\":\"ImageObject\",\"inLanguage\":\"es\",\"@id\":\"https:\\\/\\\/expressometro.mx\\\/index.php\\\/2019\\\/09\\\/24\\\/en-edomex-se-garantizan-los-derechos-sociales-de-los-mexiquenses-alfredo-del-mazo\\\/#primaryimage\",\"url\":\"https:\\\/\\\/expressometro.mx\\\/wp-content\\\/uploads\\\/2019\\\/09\\\/7DDBD80B-53B6-4576-941F-ECB07F5D03D2.jpeg\",\"contentUrl\":\"https:\\\/\\\/expressometro.mx\\\/wp-content\\\/uploads\\\/2019\\\/09\\\/7DDBD80B-53B6-4576-941F-ECB07F5D03D2.jpeg\",\"width\":1500,\"height\":952},{\"@type\":\"BreadcrumbList\",\"@id\":\"https:\\\/\\\/expressometro.mx\\\/index.php\\\/2019\\\/09\\\/24\\\/en-edomex-se-garantizan-los-derechos-sociales-de-los-mexiquenses-alfredo-del-mazo\\\/#breadcrumb\",\"itemListElement\":[{\"@type\":\"ListItem\",\"position\":1,\"name\":\"Inicio\",\"item\":\"https:\\\/\\\/expressometro.mx\\\/\"},{\"@type\":\"ListItem\",\"position\":2,\"name\":\"EN EDOM\u00c9X SE GARANTIZAN LOS DERECHOS SOCIALES DE LOS MEXIQUENSES: ALFREDO DEL MAZO\"}]},{\"@type\":\"WebSite\",\"@id\":\"https:\\\/\\\/expressometro.mx\\\/#website\",\"url\":\"https:\\\/\\\/expressometro.mx\\\/\",\"name\":\"Expresso Metropolitano\",\"description\":\"Periodismo comprometido, informaci\u00f3n, investigaci\u00f3n y an\u00e1lisis\",\"publisher\":{\"@id\":\"https:\\\/\\\/expressometro.mx\\\/#organization\"},\"potentialAction\":[{\"@type\":\"SearchAction\",\"target\":{\"@type\":\"EntryPoint\",\"urlTemplate\":\"https:\\\/\\\/expressometro.mx\\\/?s={search_term_string}\"},\"query-input\":{\"@type\":\"PropertyValueSpecification\",\"valueRequired\":true,\"valueName\":\"search_term_string\"}}],\"inLanguage\":\"es\"},{\"@type\":\"Organization\",\"@id\":\"https:\\\/\\\/expressometro.mx\\\/#organization\",\"name\":\"Expresso Metropolitano\",\"url\":\"https:\\\/\\\/expressometro.mx\\\/\",\"logo\":{\"@type\":\"ImageObject\",\"inLanguage\":\"es\",\"@id\":\"https:\\\/\\\/expressometro.mx\\\/#\\\/schema\\\/logo\\\/image\\\/\",\"url\":\"https:\\\/\\\/expressometro.mx\\\/wp-content\\\/uploads\\\/2019\\\/07\\\/cropped-Logo-Expresso-Metropolitano-1-1.jpeg\",\"contentUrl\":\"https:\\\/\\\/expressometro.mx\\\/wp-content\\\/uploads\\\/2019\\\/07\\\/cropped-Logo-Expresso-Metropolitano-1-1.jpeg\",\"width\":290,\"height\":73,\"caption\":\"Expresso Metropolitano\"},\"image\":{\"@id\":\"https:\\\/\\\/expressometro.mx\\\/#\\\/schema\\\/logo\\\/image\\\/\"}},{\"@type\":\"Person\",\"@id\":\"https:\\\/\\\/expressometro.mx\\\/#\\\/schema\\\/person\\\/efa971b4a0664db8ed5c22b1b0dd2f5d\",\"name\":\"Expresso Metropolitano\",\"image\":{\"@type\":\"ImageObject\",\"inLanguage\":\"es\",\"@id\":\"https:\\\/\\\/secure.gravatar.com\\\/avatar\\\/a89f802b8de18c6952f223c88d3d106e9e3679839f4e25a02f4a6cc2ae6ba3b3?s=96&d=mm&r=g\",\"url\":\"https:\\\/\\\/secure.gravatar.com\\\/avatar\\\/a89f802b8de18c6952f223c88d3d106e9e3679839f4e25a02f4a6cc2ae6ba3b3?s=96&d=mm&r=g\",\"contentUrl\":\"https:\\\/\\\/secure.gravatar.com\\\/avatar\\\/a89f802b8de18c6952f223c88d3d106e9e3679839f4e25a02f4a6cc2ae6ba3b3?s=96&d=mm&r=g\",\"caption\":\"Expresso Metropolitano\"},\"url\":\"https:\\\/\\\/expressometro.mx\\\/index.php\\\/author\\\/diego\\\/\"}]}<\/script>\n<!-- \/ Yoast SEO plugin. -->","yoast_head_json":{"title":"EN EDOM\u00c9X SE GARANTIZAN LOS DERECHOS SOCIALES DE LOS MEXIQUENSES: ALFREDO DEL MAZO - Expresso Metropolitano","robots":{"index":"index","follow":"follow","max-snippet":"max-snippet:-1","max-image-preview":"max-image-preview:large","max-video-preview":"max-video-preview:-1"},"canonical":"https:\/\/expressometro.mx\/index.php\/2019\/09\/24\/en-edomex-se-garantizan-los-derechos-sociales-de-los-mexiquenses-alfredo-del-mazo\/","og_locale":"es_MX","og_type":"article","og_title":"EN EDOM\u00c9X SE GARANTIZAN LOS DERECHOS SOCIALES DE LOS MEXIQUENSES: ALFREDO DEL MAZO - Expresso Metropolitano","og_description":"Al rendir su Segundo Informe de Resultados, el Gobernador Alfredo Del Mazo Maza, destac\u00f3 que datos del Consejo Nacional de Evaluaci\u00f3n de la Pol\u00edtica de Desarrollo Social (Coneval), se\u00f1alan que entre 2016 y 2018, en el Estado de M\u00e9xico 683 mil personas dejaron la condici\u00f3n de pobreza. \u201cCon la pol\u00edtica social, logramos que 683 mil personas dejaran atr\u00e1s la pobreza.&nbsp; A nivel nacional, una de cada tres personas que salieron de la pobreza y el 27 por ciento de quienes salieron de la pobreza extrema, son mexiquenses\u201d, indic\u00f3. Asimismo, inform\u00f3&hellip;","og_url":"https:\/\/expressometro.mx\/index.php\/2019\/09\/24\/en-edomex-se-garantizan-los-derechos-sociales-de-los-mexiquenses-alfredo-del-mazo\/","og_site_name":"Expresso Metropolitano","article_published_time":"2019-09-25T02:40:10+00:00","article_modified_time":"2019-09-25T02:40:11+00:00","og_image":[{"width":1500,"height":952,"url":"https:\/\/expressometro.mx\/wp-content\/uploads\/2019\/09\/7DDBD80B-53B6-4576-941F-ECB07F5D03D2.jpeg","type":"image\/jpeg"}],"author":"Expresso Metropolitano","twitter_misc":{"Escrito por":"Expresso Metropolitano","Tiempo de lectura":"7 minutos"},"schema":{"@context":"https:\/\/schema.org","@graph":[{"@type":"Article","@id":"https:\/\/expressometro.mx\/index.php\/2019\/09\/24\/en-edomex-se-garantizan-los-derechos-sociales-de-los-mexiquenses-alfredo-del-mazo\/#article","isPartOf":{"@id":"https:\/\/expressometro.mx\/index.php\/2019\/09\/24\/en-edomex-se-garantizan-los-derechos-sociales-de-los-mexiquenses-alfredo-del-mazo\/"},"author":{"name":"Expresso Metropolitano","@id":"https:\/\/expressometro.mx\/#\/schema\/person\/efa971b4a0664db8ed5c22b1b0dd2f5d"},"headline":"EN EDOM\u00c9X SE GARANTIZAN LOS DERECHOS SOCIALES DE LOS MEXIQUENSES: ALFREDO DEL MAZO","datePublished":"2019-09-25T02:40:10+00:00","dateModified":"2019-09-25T02:40:11+00:00","mainEntityOfPage":{"@id":"https:\/\/expressometro.mx\/index.php\/2019\/09\/24\/en-edomex-se-garantizan-los-derechos-sociales-de-los-mexiquenses-alfredo-del-mazo\/"},"wordCount":1472,"commentCount":0,"publisher":{"@id":"https:\/\/expressometro.mx\/#organization"},"image":{"@id":"https:\/\/expressometro.mx\/index.php\/2019\/09\/24\/en-edomex-se-garantizan-los-derechos-sociales-de-los-mexiquenses-alfredo-del-mazo\/#primaryimage"},"thumbnailUrl":"https:\/\/expressometro.mx\/wp-content\/uploads\/2019\/09\/7DDBD80B-53B6-4576-941F-ECB07F5D03D2.jpeg","articleSection":["Cultura","Gobierno","Otros"],"inLanguage":"es","potentialAction":[{"@type":"CommentAction","name":"Comment","target":["https:\/\/expressometro.mx\/index.php\/2019\/09\/24\/en-edomex-se-garantizan-los-derechos-sociales-de-los-mexiquenses-alfredo-del-mazo\/#respond"]}]},{"@type":"WebPage","@id":"https:\/\/expressometro.mx\/index.php\/2019\/09\/24\/en-edomex-se-garantizan-los-derechos-sociales-de-los-mexiquenses-alfredo-del-mazo\/","url":"https:\/\/expressometro.mx\/index.php\/2019\/09\/24\/en-edomex-se-garantizan-los-derechos-sociales-de-los-mexiquenses-alfredo-del-mazo\/","name":"EN EDOM\u00c9X SE GARANTIZAN LOS DERECHOS SOCIALES DE LOS MEXIQUENSES: ALFREDO DEL MAZO - Expresso Metropolitano","isPartOf":{"@id":"https:\/\/expressometro.mx\/#website"},"primaryImageOfPage":{"@id":"https:\/\/expressometro.mx\/index.php\/2019\/09\/24\/en-edomex-se-garantizan-los-derechos-sociales-de-los-mexiquenses-alfredo-del-mazo\/#primaryimage"},"image":{"@id":"https:\/\/expressometro.mx\/index.php\/2019\/09\/24\/en-edomex-se-garantizan-los-derechos-sociales-de-los-mexiquenses-alfredo-del-mazo\/#primaryimage"},"thumbnailUrl":"https:\/\/expressometro.mx\/wp-content\/uploads\/2019\/09\/7DDBD80B-53B6-4576-941F-ECB07F5D03D2.jpeg","datePublished":"2019-09-25T02:40:10+00:00","dateModified":"2019-09-25T02:40:11+00:00","breadcrumb":{"@id":"https:\/\/expressometro.mx\/index.php\/2019\/09\/24\/en-edomex-se-garantizan-los-derechos-sociales-de-los-mexiquenses-alfredo-del-mazo\/#breadcrumb"},"inLanguage":"es","potentialAction":[{"@type":"ReadAction","target":["https:\/\/expressometro.mx\/index.php\/2019\/09\/24\/en-edomex-se-garantizan-los-derechos-sociales-de-los-mexiquenses-alfredo-del-mazo\/"]}]},{"@type":"ImageObject","inLanguage":"es","@id":"https:\/\/expressometro.mx\/index.php\/2019\/09\/24\/en-edomex-se-garantizan-los-derechos-sociales-de-los-mexiquenses-alfredo-del-mazo\/#primaryimage","url":"https:\/\/expressometro.mx\/wp-content\/uploads\/2019\/09\/7DDBD80B-53B6-4576-941F-ECB07F5D03D2.jpeg","contentUrl":"https:\/\/expressometro.mx\/wp-content\/uploads\/2019\/09\/7DDBD80B-53B6-4576-941F-ECB07F5D03D2.jpeg","width":1500,"height":952},{"@type":"BreadcrumbList","@id":"https:\/\/expressometro.mx\/index.php\/2019\/09\/24\/en-edomex-se-garantizan-los-derechos-sociales-de-los-mexiquenses-alfredo-del-mazo\/#breadcrumb","itemListElement":[{"@type":"ListItem","position":1,"name":"Inicio","item":"https:\/\/expressometro.mx\/"},{"@type":"ListItem","position":2,"name":"EN EDOM\u00c9X SE GARANTIZAN LOS DERECHOS SOCIALES DE LOS MEXIQUENSES: ALFREDO DEL MAZO"}]},{"@type":"WebSite","@id":"https:\/\/expressometro.mx\/#website","url":"https:\/\/expressometro.mx\/","name":"Expresso Metropolitano","description":"Periodismo comprometido, informaci\u00f3n, investigaci\u00f3n y an\u00e1lisis","publisher":{"@id":"https:\/\/expressometro.mx\/#organization"},"potentialAction":[{"@type":"SearchAction","target":{"@type":"EntryPoint","urlTemplate":"https:\/\/expressometro.mx\/?s={search_term_string}"},"query-input":{"@type":"PropertyValueSpecification","valueRequired":true,"valueName":"search_term_string"}}],"inLanguage":"es"},{"@type":"Organization","@id":"https:\/\/expressometro.mx\/#organization","name":"Expresso Metropolitano","url":"https:\/\/expressometro.mx\/","logo":{"@type":"ImageObject","inLanguage":"es","@id":"https:\/\/expressometro.mx\/#\/schema\/logo\/image\/","url":"https:\/\/expressometro.mx\/wp-content\/uploads\/2019\/07\/cropped-Logo-Expresso-Metropolitano-1-1.jpeg","contentUrl":"https:\/\/expressometro.mx\/wp-content\/uploads\/2019\/07\/cropped-Logo-Expresso-Metropolitano-1-1.jpeg","width":290,"height":73,"caption":"Expresso Metropolitano"},"image":{"@id":"https:\/\/expressometro.mx\/#\/schema\/logo\/image\/"}},{"@type":"Person","@id":"https:\/\/expressometro.mx\/#\/schema\/person\/efa971b4a0664db8ed5c22b1b0dd2f5d","name":"Expresso Metropolitano","image":{"@type":"ImageObject","inLanguage":"es","@id":"https:\/\/secure.gravatar.com\/avatar\/a89f802b8de18c6952f223c88d3d106e9e3679839f4e25a02f4a6cc2ae6ba3b3?s=96&d=mm&r=g","url":"https:\/\/secure.gravatar.com\/avatar\/a89f802b8de18c6952f223c88d3d106e9e3679839f4e25a02f4a6cc2ae6ba3b3?s=96&d=mm&r=g","contentUrl":"https:\/\/secure.gravatar.com\/avatar\/a89f802b8de18c6952f223c88d3d106e9e3679839f4e25a02f4a6cc2ae6ba3b3?s=96&d=mm&r=g","caption":"Expresso Metropolitano"},"url":"https:\/\/expressometro.mx\/index.php\/author\/diego\/"}]}},"amp_enabled":true,"_links":{"self":[{"href":"https:\/\/expressometro.mx\/index.php\/wp-json\/wp\/v2\/posts\/763","targetHints":{"allow":["GET"]}}],"collection":[{"href":"https:\/\/expressometro.mx\/index.php\/wp-json\/wp\/v2\/posts"}],"about":[{"href":"https:\/\/expressometro.mx\/index.php\/wp-json\/wp\/v2\/types\/post"}],"author":[{"embeddable":true,"href":"https:\/\/expressometro.mx\/index.php\/wp-json\/wp\/v2\/users\/1"}],"replies":[{"embeddable":true,"href":"https:\/\/expressometro.mx\/index.php\/wp-json\/wp\/v2\/comments?post=763"}],"version-history":[{"count":1,"href":"https:\/\/expressometro.mx\/index.php\/wp-json\/wp\/v2\/posts\/763\/revisions"}],"predecessor-version":[{"id":765,"href":"https:\/\/expressometro.mx\/index.php\/wp-json\/wp\/v2\/posts\/763\/revisions\/765"}],"wp:featuredmedia":[{"embeddable":true,"href":"https:\/\/expressometro.mx\/index.php\/wp-json\/wp\/v2\/media\/764"}],"wp:attachment":[{"href":"https:\/\/expressometro.mx\/index.php\/wp-json\/wp\/v2\/media?parent=763"}],"wp:term":[{"taxonomy":"category","embeddable":true,"href":"https:\/\/expressometro.mx\/index.php\/wp-json\/wp\/v2\/categories?post=763"},{"taxonomy":"post_tag","embeddable":true,"href":"https:\/\/expressometro.mx\/index.php\/wp-json\/wp\/v2\/tags?post=763"}],"curies":[{"name":"wp","href":"https:\/\/api.w.org\/{rel}","templated":true}]}}