{"id":7595,"date":"2023-07-17T10:35:15","date_gmt":"2023-07-17T15:35:15","guid":{"rendered":"https:\/\/expressometro.mx\/?p=7595"},"modified":"2023-08-16T10:44:29","modified_gmt":"2023-08-16T15:44:29","slug":"se-inaugura-la-casa-de-los-abuelos-en-aculco","status":"publish","type":"post","link":"https:\/\/expressometro.mx\/index.php\/2023\/07\/17\/se-inaugura-la-casa-de-los-abuelos-en-aculco\/","title":{"rendered":"SE INAUGURA LA CASA DE LOS ABUELOS EN ACULCO"},"content":{"rendered":"\n<p><\/p>\n\n\n\n<p>Se inaugur\u00f3 la Casa de los Abuelos, ubicado en el centro de Aculco, que a diferencia de la Casa de D\u00eda, contar\u00e1 con tres servicios importantes: asesor\u00eda legal, fisioterapia y odontolog\u00eda, de lunes a viernes, de 9 am a 4 pm. Contar\u00e1n tambi\u00e9n con nutri\u00f3logo los lunes y viernes.<\/p>\n\n\n\n<p>Esta inauguraci\u00f3n cont\u00f3 con la presencia del Presidente Municipal, Jorge Osornio Victoria; la Presidenta del DIF Aculco, Mtra. Rosa Yareth Andrade Quezada; El Coordinador Regional de Vinculaci\u00f3n y Enlace del Sistema Municipal y del DIF Estatal, Lic. Jos\u00e9 \u00c1ngel M\u00e1rquez Hern\u00e1ndez; la S\u00edndico Municipal, Lic. Guadalupe Irais Hern\u00e1ndez Bocanegra; la Cuarta Regidora, Mayra Morales M\u00e1rquez; el Director del Sistema Municipal DIF Aculco, Ing. Carlos Adolfo Quintana Serrano;; la Jefa del Departamento de Servicios Integrales del DIF Estado de M\u00e9xico, Lic. Guadalupe Beltr\u00e1n Estrada; el Secretario Particular del Director de la Comisi\u00f3n de Atenci\u00f3n Adultos Mayores del DIF Estado de M\u00e9xico, Lic. Jorge Armando Garc\u00eda; y los integrantes y miembros del Voluntariado DIF Aculco.<\/p>\n\n\n\n<p>La Mtra. Rosa Yareth Andrade agradeci\u00f3 el apoyo incondicional del Lic. Jos\u00e9 \u00c1ngel M\u00e1rquez, con el cual se pudo obtener los servicios y el mobiliario necesario para poder concretar este proyecto. Destac\u00f3 la importancia que tienen para esta administraci\u00f3n, el bienestar de los adultos mayores, ya que son una prioridad dentro de los compromisos adquiridos al inicio.<\/p>\n\n\n\n<p>Con la esperanza de ofrecerles un espacio de calidad donde puedan disfrutar de un trato amable por parte de los especialistas que los atender\u00e1n, se busc\u00f3 a los mejores en su ramo. Es por esto que contar\u00e1n con la atenci\u00f3n y asesor\u00eda jur\u00eddica enfocada en los problemas propias de este sector, de forma totalmente gratuita. Contar\u00e1n tambi\u00e9n la asistencia de una fisioterapeuta, que les proporcionar\u00e1 sus servicios de acuerdo con las necesidades de los adultos mayores. Finalmente, habr\u00e1 atenci\u00f3n odontol\u00f3gica, en la que se cubrir\u00e1 una parte reducida, para beneficio de los miembros de este grupo.<\/p>\n\n\n\n<p>La Casa de los Abuelos brindar\u00e1 atenci\u00f3n de lunes a viernes de 9 am a 4 pm, no pierdan la oportunidad de disfrutar de un rato de esparcimiento sano, y de atenci\u00f3n profesional.<\/p>\n","protected":false},"excerpt":{"rendered":"<p>Se inaugur\u00f3 la Casa de los Abuelos, ubicado en el centro de Aculco, que a diferencia de la Casa de D\u00eda, contar\u00e1 con tres servicios importantes: asesor\u00eda legal, fisioterapia y odontolog\u00eda, de lunes a viernes, de 9 am a 4 pm. Contar\u00e1n tambi\u00e9n con nutri\u00f3logo los lunes y viernes.<\/p>\n","protected":false},"author":1,"featured_media":7597,"comment_status":"open","ping_status":"open","sticky":false,"template":"","format":"standard","meta":{"footnotes":""},"categories":[4,3,1,5],"tags":[955,1982,86,954],"class_list":["post-7595","post","type-post","status-publish","format-standard","has-post-thumbnail","hentry","category-finanzas","category-gobierno","category-otros","category-salud","tag-aculco","tag-edomex","tag-gem","tag-jorge-osornio"],"yoast_head":"<!-- This site is optimized with the Yoast SEO plugin v27.5 - https:\/\/yoast.com\/product\/yoast-seo-wordpress\/ -->\n<title>SE INAUGURA LA CASA DE LOS ABUELOS EN ACULCO - Expresso Metropolitano<\/title>\n<meta name=\"robots\" content=\"index, follow, max-snippet:-1, max-image-preview:large, max-video-preview:-1\" \/>\n<link rel=\"canonical\" href=\"https:\/\/expressometro.mx\/index.php\/2023\/07\/17\/se-inaugura-la-casa-de-los-abuelos-en-aculco\/\" \/>\n<meta property=\"og:locale\" content=\"es_MX\" \/>\n<meta property=\"og:type\" content=\"article\" \/>\n<meta property=\"og:title\" content=\"SE INAUGURA LA CASA DE LOS ABUELOS EN ACULCO - Expresso Metropolitano\" \/>\n<meta property=\"og:description\" content=\"Se inaugur\u00f3 la Casa de los Abuelos, ubicado en el centro de Aculco, que a diferencia de la Casa de D\u00eda, contar\u00e1 con tres servicios importantes: asesor\u00eda legal, fisioterapia y odontolog\u00eda, de lunes a viernes, de 9 am a 4 pm. Contar\u00e1n tambi\u00e9n con nutri\u00f3logo los lunes y viernes.\" \/>\n<meta property=\"og:url\" content=\"https:\/\/expressometro.mx\/index.php\/2023\/07\/17\/se-inaugura-la-casa-de-los-abuelos-en-aculco\/\" \/>\n<meta property=\"og:site_name\" content=\"Expresso Metropolitano\" \/>\n<meta property=\"article:published_time\" content=\"2023-07-17T15:35:15+00:00\" \/>\n<meta property=\"article:modified_time\" content=\"2023-08-16T15:44:29+00:00\" \/>\n<meta property=\"og:image\" content=\"http:\/\/expressometro.mx\/wp-content\/uploads\/2023\/08\/Aculco-Inauguracion-de-la-Casa-de-los-Abuelos-170723-4.jpg\" \/>\n\t<meta property=\"og:image:width\" content=\"1600\" \/>\n\t<meta property=\"og:image:height\" content=\"1200\" \/>\n\t<meta property=\"og:image:type\" content=\"image\/jpeg\" \/>\n<meta name=\"author\" content=\"Expresso Metropolitano\" \/>\n<meta name=\"twitter:label1\" content=\"Escrito por\" \/>\n\t<meta name=\"twitter:data1\" content=\"Expresso Metropolitano\" \/>\n\t<meta name=\"twitter:label2\" content=\"Tiempo de lectura\" \/>\n\t<meta name=\"twitter:data2\" content=\"2 minutos\" \/>\n<script type=\"application\/ld+json\" class=\"yoast-schema-graph\">{\"@context\":\"https:\\\/\\\/schema.org\",\"@graph\":[{\"@type\":\"Article\",\"@id\":\"https:\\\/\\\/expressometro.mx\\\/index.php\\\/2023\\\/07\\\/17\\\/se-inaugura-la-casa-de-los-abuelos-en-aculco\\\/#article\",\"isPartOf\":{\"@id\":\"https:\\\/\\\/expressometro.mx\\\/index.php\\\/2023\\\/07\\\/17\\\/se-inaugura-la-casa-de-los-abuelos-en-aculco\\\/\"},\"author\":{\"name\":\"Expresso Metropolitano\",\"@id\":\"https:\\\/\\\/expressometro.mx\\\/#\\\/schema\\\/person\\\/efa971b4a0664db8ed5c22b1b0dd2f5d\"},\"headline\":\"SE INAUGURA LA CASA DE LOS ABUELOS EN ACULCO\",\"datePublished\":\"2023-07-17T15:35:15+00:00\",\"dateModified\":\"2023-08-16T15:44:29+00:00\",\"mainEntityOfPage\":{\"@id\":\"https:\\\/\\\/expressometro.mx\\\/index.php\\\/2023\\\/07\\\/17\\\/se-inaugura-la-casa-de-los-abuelos-en-aculco\\\/\"},\"wordCount\":385,\"commentCount\":0,\"publisher\":{\"@id\":\"https:\\\/\\\/expressometro.mx\\\/#organization\"},\"image\":{\"@id\":\"https:\\\/\\\/expressometro.mx\\\/index.php\\\/2023\\\/07\\\/17\\\/se-inaugura-la-casa-de-los-abuelos-en-aculco\\\/#primaryimage\"},\"thumbnailUrl\":\"https:\\\/\\\/expressometro.mx\\\/wp-content\\\/uploads\\\/2023\\\/08\\\/Aculco-Inauguracion-de-la-Casa-de-los-Abuelos-170723-4.jpg\",\"keywords\":[\"Aculco\",\"Edomex\",\"GEM\",\"Jorge Osornio\"],\"articleSection\":[\"Finanzas\",\"Gobierno\",\"Otros\",\"Salud\"],\"inLanguage\":\"es\",\"potentialAction\":[{\"@type\":\"CommentAction\",\"name\":\"Comment\",\"target\":[\"https:\\\/\\\/expressometro.mx\\\/index.php\\\/2023\\\/07\\\/17\\\/se-inaugura-la-casa-de-los-abuelos-en-aculco\\\/#respond\"]}]},{\"@type\":\"WebPage\",\"@id\":\"https:\\\/\\\/expressometro.mx\\\/index.php\\\/2023\\\/07\\\/17\\\/se-inaugura-la-casa-de-los-abuelos-en-aculco\\\/\",\"url\":\"https:\\\/\\\/expressometro.mx\\\/index.php\\\/2023\\\/07\\\/17\\\/se-inaugura-la-casa-de-los-abuelos-en-aculco\\\/\",\"name\":\"SE INAUGURA LA CASA DE LOS ABUELOS EN ACULCO - Expresso Metropolitano\",\"isPartOf\":{\"@id\":\"https:\\\/\\\/expressometro.mx\\\/#website\"},\"primaryImageOfPage\":{\"@id\":\"https:\\\/\\\/expressometro.mx\\\/index.php\\\/2023\\\/07\\\/17\\\/se-inaugura-la-casa-de-los-abuelos-en-aculco\\\/#primaryimage\"},\"image\":{\"@id\":\"https:\\\/\\\/expressometro.mx\\\/index.php\\\/2023\\\/07\\\/17\\\/se-inaugura-la-casa-de-los-abuelos-en-aculco\\\/#primaryimage\"},\"thumbnailUrl\":\"https:\\\/\\\/expressometro.mx\\\/wp-content\\\/uploads\\\/2023\\\/08\\\/Aculco-Inauguracion-de-la-Casa-de-los-Abuelos-170723-4.jpg\",\"datePublished\":\"2023-07-17T15:35:15+00:00\",\"dateModified\":\"2023-08-16T15:44:29+00:00\",\"breadcrumb\":{\"@id\":\"https:\\\/\\\/expressometro.mx\\\/index.php\\\/2023\\\/07\\\/17\\\/se-inaugura-la-casa-de-los-abuelos-en-aculco\\\/#breadcrumb\"},\"inLanguage\":\"es\",\"potentialAction\":[{\"@type\":\"ReadAction\",\"target\":[\"https:\\\/\\\/expressometro.mx\\\/index.php\\\/2023\\\/07\\\/17\\\/se-inaugura-la-casa-de-los-abuelos-en-aculco\\\/\"]}]},{\"@type\":\"ImageObject\",\"inLanguage\":\"es\",\"@id\":\"https:\\\/\\\/expressometro.mx\\\/index.php\\\/2023\\\/07\\\/17\\\/se-inaugura-la-casa-de-los-abuelos-en-aculco\\\/#primaryimage\",\"url\":\"https:\\\/\\\/expressometro.mx\\\/wp-content\\\/uploads\\\/2023\\\/08\\\/Aculco-Inauguracion-de-la-Casa-de-los-Abuelos-170723-4.jpg\",\"contentUrl\":\"https:\\\/\\\/expressometro.mx\\\/wp-content\\\/uploads\\\/2023\\\/08\\\/Aculco-Inauguracion-de-la-Casa-de-los-Abuelos-170723-4.jpg\",\"width\":1600,\"height\":1200},{\"@type\":\"BreadcrumbList\",\"@id\":\"https:\\\/\\\/expressometro.mx\\\/index.php\\\/2023\\\/07\\\/17\\\/se-inaugura-la-casa-de-los-abuelos-en-aculco\\\/#breadcrumb\",\"itemListElement\":[{\"@type\":\"ListItem\",\"position\":1,\"name\":\"Inicio\",\"item\":\"https:\\\/\\\/expressometro.mx\\\/\"},{\"@type\":\"ListItem\",\"position\":2,\"name\":\"SE INAUGURA LA CASA DE LOS ABUELOS EN ACULCO\"}]},{\"@type\":\"WebSite\",\"@id\":\"https:\\\/\\\/expressometro.mx\\\/#website\",\"url\":\"https:\\\/\\\/expressometro.mx\\\/\",\"name\":\"Expresso Metropolitano\",\"description\":\"Periodismo comprometido, informaci\u00f3n, investigaci\u00f3n y an\u00e1lisis\",\"publisher\":{\"@id\":\"https:\\\/\\\/expressometro.mx\\\/#organization\"},\"potentialAction\":[{\"@type\":\"SearchAction\",\"target\":{\"@type\":\"EntryPoint\",\"urlTemplate\":\"https:\\\/\\\/expressometro.mx\\\/?s={search_term_string}\"},\"query-input\":{\"@type\":\"PropertyValueSpecification\",\"valueRequired\":true,\"valueName\":\"search_term_string\"}}],\"inLanguage\":\"es\"},{\"@type\":\"Organization\",\"@id\":\"https:\\\/\\\/expressometro.mx\\\/#organization\",\"name\":\"Expresso Metropolitano\",\"url\":\"https:\\\/\\\/expressometro.mx\\\/\",\"logo\":{\"@type\":\"ImageObject\",\"inLanguage\":\"es\",\"@id\":\"https:\\\/\\\/expressometro.mx\\\/#\\\/schema\\\/logo\\\/image\\\/\",\"url\":\"https:\\\/\\\/expressometro.mx\\\/wp-content\\\/uploads\\\/2019\\\/07\\\/cropped-Logo-Expresso-Metropolitano-1-1.jpeg\",\"contentUrl\":\"https:\\\/\\\/expressometro.mx\\\/wp-content\\\/uploads\\\/2019\\\/07\\\/cropped-Logo-Expresso-Metropolitano-1-1.jpeg\",\"width\":290,\"height\":73,\"caption\":\"Expresso Metropolitano\"},\"image\":{\"@id\":\"https:\\\/\\\/expressometro.mx\\\/#\\\/schema\\\/logo\\\/image\\\/\"}},{\"@type\":\"Person\",\"@id\":\"https:\\\/\\\/expressometro.mx\\\/#\\\/schema\\\/person\\\/efa971b4a0664db8ed5c22b1b0dd2f5d\",\"name\":\"Expresso Metropolitano\",\"image\":{\"@type\":\"ImageObject\",\"inLanguage\":\"es\",\"@id\":\"https:\\\/\\\/secure.gravatar.com\\\/avatar\\\/a89f802b8de18c6952f223c88d3d106e9e3679839f4e25a02f4a6cc2ae6ba3b3?s=96&d=mm&r=g\",\"url\":\"https:\\\/\\\/secure.gravatar.com\\\/avatar\\\/a89f802b8de18c6952f223c88d3d106e9e3679839f4e25a02f4a6cc2ae6ba3b3?s=96&d=mm&r=g\",\"contentUrl\":\"https:\\\/\\\/secure.gravatar.com\\\/avatar\\\/a89f802b8de18c6952f223c88d3d106e9e3679839f4e25a02f4a6cc2ae6ba3b3?s=96&d=mm&r=g\",\"caption\":\"Expresso Metropolitano\"},\"url\":\"https:\\\/\\\/expressometro.mx\\\/index.php\\\/author\\\/diego\\\/\"}]}<\/script>\n<!-- \/ Yoast SEO plugin. -->","yoast_head_json":{"title":"SE INAUGURA LA CASA DE LOS ABUELOS EN ACULCO - Expresso Metropolitano","robots":{"index":"index","follow":"follow","max-snippet":"max-snippet:-1","max-image-preview":"max-image-preview:large","max-video-preview":"max-video-preview:-1"},"canonical":"https:\/\/expressometro.mx\/index.php\/2023\/07\/17\/se-inaugura-la-casa-de-los-abuelos-en-aculco\/","og_locale":"es_MX","og_type":"article","og_title":"SE INAUGURA LA CASA DE LOS ABUELOS EN ACULCO - Expresso Metropolitano","og_description":"Se inaugur\u00f3 la Casa de los Abuelos, ubicado en el centro de Aculco, que a diferencia de la Casa de D\u00eda, contar\u00e1 con tres servicios importantes: asesor\u00eda legal, fisioterapia y odontolog\u00eda, de lunes a viernes, de 9 am a 4 pm. Contar\u00e1n tambi\u00e9n con nutri\u00f3logo los lunes y viernes.","og_url":"https:\/\/expressometro.mx\/index.php\/2023\/07\/17\/se-inaugura-la-casa-de-los-abuelos-en-aculco\/","og_site_name":"Expresso Metropolitano","article_published_time":"2023-07-17T15:35:15+00:00","article_modified_time":"2023-08-16T15:44:29+00:00","og_image":[{"width":1600,"height":1200,"url":"http:\/\/expressometro.mx\/wp-content\/uploads\/2023\/08\/Aculco-Inauguracion-de-la-Casa-de-los-Abuelos-170723-4.jpg","type":"image\/jpeg"}],"author":"Expresso Metropolitano","twitter_misc":{"Escrito por":"Expresso Metropolitano","Tiempo de lectura":"2 minutos"},"schema":{"@context":"https:\/\/schema.org","@graph":[{"@type":"Article","@id":"https:\/\/expressometro.mx\/index.php\/2023\/07\/17\/se-inaugura-la-casa-de-los-abuelos-en-aculco\/#article","isPartOf":{"@id":"https:\/\/expressometro.mx\/index.php\/2023\/07\/17\/se-inaugura-la-casa-de-los-abuelos-en-aculco\/"},"author":{"name":"Expresso Metropolitano","@id":"https:\/\/expressometro.mx\/#\/schema\/person\/efa971b4a0664db8ed5c22b1b0dd2f5d"},"headline":"SE INAUGURA LA CASA DE LOS ABUELOS EN ACULCO","datePublished":"2023-07-17T15:35:15+00:00","dateModified":"2023-08-16T15:44:29+00:00","mainEntityOfPage":{"@id":"https:\/\/expressometro.mx\/index.php\/2023\/07\/17\/se-inaugura-la-casa-de-los-abuelos-en-aculco\/"},"wordCount":385,"commentCount":0,"publisher":{"@id":"https:\/\/expressometro.mx\/#organization"},"image":{"@id":"https:\/\/expressometro.mx\/index.php\/2023\/07\/17\/se-inaugura-la-casa-de-los-abuelos-en-aculco\/#primaryimage"},"thumbnailUrl":"https:\/\/expressometro.mx\/wp-content\/uploads\/2023\/08\/Aculco-Inauguracion-de-la-Casa-de-los-Abuelos-170723-4.jpg","keywords":["Aculco","Edomex","GEM","Jorge Osornio"],"articleSection":["Finanzas","Gobierno","Otros","Salud"],"inLanguage":"es","potentialAction":[{"@type":"CommentAction","name":"Comment","target":["https:\/\/expressometro.mx\/index.php\/2023\/07\/17\/se-inaugura-la-casa-de-los-abuelos-en-aculco\/#respond"]}]},{"@type":"WebPage","@id":"https:\/\/expressometro.mx\/index.php\/2023\/07\/17\/se-inaugura-la-casa-de-los-abuelos-en-aculco\/","url":"https:\/\/expressometro.mx\/index.php\/2023\/07\/17\/se-inaugura-la-casa-de-los-abuelos-en-aculco\/","name":"SE INAUGURA LA CASA DE LOS ABUELOS EN ACULCO - Expresso Metropolitano","isPartOf":{"@id":"https:\/\/expressometro.mx\/#website"},"primaryImageOfPage":{"@id":"https:\/\/expressometro.mx\/index.php\/2023\/07\/17\/se-inaugura-la-casa-de-los-abuelos-en-aculco\/#primaryimage"},"image":{"@id":"https:\/\/expressometro.mx\/index.php\/2023\/07\/17\/se-inaugura-la-casa-de-los-abuelos-en-aculco\/#primaryimage"},"thumbnailUrl":"https:\/\/expressometro.mx\/wp-content\/uploads\/2023\/08\/Aculco-Inauguracion-de-la-Casa-de-los-Abuelos-170723-4.jpg","datePublished":"2023-07-17T15:35:15+00:00","dateModified":"2023-08-16T15:44:29+00:00","breadcrumb":{"@id":"https:\/\/expressometro.mx\/index.php\/2023\/07\/17\/se-inaugura-la-casa-de-los-abuelos-en-aculco\/#breadcrumb"},"inLanguage":"es","potentialAction":[{"@type":"ReadAction","target":["https:\/\/expressometro.mx\/index.php\/2023\/07\/17\/se-inaugura-la-casa-de-los-abuelos-en-aculco\/"]}]},{"@type":"ImageObject","inLanguage":"es","@id":"https:\/\/expressometro.mx\/index.php\/2023\/07\/17\/se-inaugura-la-casa-de-los-abuelos-en-aculco\/#primaryimage","url":"https:\/\/expressometro.mx\/wp-content\/uploads\/2023\/08\/Aculco-Inauguracion-de-la-Casa-de-los-Abuelos-170723-4.jpg","contentUrl":"https:\/\/expressometro.mx\/wp-content\/uploads\/2023\/08\/Aculco-Inauguracion-de-la-Casa-de-los-Abuelos-170723-4.jpg","width":1600,"height":1200},{"@type":"BreadcrumbList","@id":"https:\/\/expressometro.mx\/index.php\/2023\/07\/17\/se-inaugura-la-casa-de-los-abuelos-en-aculco\/#breadcrumb","itemListElement":[{"@type":"ListItem","position":1,"name":"Inicio","item":"https:\/\/expressometro.mx\/"},{"@type":"ListItem","position":2,"name":"SE INAUGURA LA CASA DE LOS ABUELOS EN ACULCO"}]},{"@type":"WebSite","@id":"https:\/\/expressometro.mx\/#website","url":"https:\/\/expressometro.mx\/","name":"Expresso Metropolitano","description":"Periodismo comprometido, informaci\u00f3n, investigaci\u00f3n y an\u00e1lisis","publisher":{"@id":"https:\/\/expressometro.mx\/#organization"},"potentialAction":[{"@type":"SearchAction","target":{"@type":"EntryPoint","urlTemplate":"https:\/\/expressometro.mx\/?s={search_term_string}"},"query-input":{"@type":"PropertyValueSpecification","valueRequired":true,"valueName":"search_term_string"}}],"inLanguage":"es"},{"@type":"Organization","@id":"https:\/\/expressometro.mx\/#organization","name":"Expresso Metropolitano","url":"https:\/\/expressometro.mx\/","logo":{"@type":"ImageObject","inLanguage":"es","@id":"https:\/\/expressometro.mx\/#\/schema\/logo\/image\/","url":"https:\/\/expressometro.mx\/wp-content\/uploads\/2019\/07\/cropped-Logo-Expresso-Metropolitano-1-1.jpeg","contentUrl":"https:\/\/expressometro.mx\/wp-content\/uploads\/2019\/07\/cropped-Logo-Expresso-Metropolitano-1-1.jpeg","width":290,"height":73,"caption":"Expresso Metropolitano"},"image":{"@id":"https:\/\/expressometro.mx\/#\/schema\/logo\/image\/"}},{"@type":"Person","@id":"https:\/\/expressometro.mx\/#\/schema\/person\/efa971b4a0664db8ed5c22b1b0dd2f5d","name":"Expresso Metropolitano","image":{"@type":"ImageObject","inLanguage":"es","@id":"https:\/\/secure.gravatar.com\/avatar\/a89f802b8de18c6952f223c88d3d106e9e3679839f4e25a02f4a6cc2ae6ba3b3?s=96&d=mm&r=g","url":"https:\/\/secure.gravatar.com\/avatar\/a89f802b8de18c6952f223c88d3d106e9e3679839f4e25a02f4a6cc2ae6ba3b3?s=96&d=mm&r=g","contentUrl":"https:\/\/secure.gravatar.com\/avatar\/a89f802b8de18c6952f223c88d3d106e9e3679839f4e25a02f4a6cc2ae6ba3b3?s=96&d=mm&r=g","caption":"Expresso Metropolitano"},"url":"https:\/\/expressometro.mx\/index.php\/author\/diego\/"}]}},"amp_enabled":true,"_links":{"self":[{"href":"https:\/\/expressometro.mx\/index.php\/wp-json\/wp\/v2\/posts\/7595","targetHints":{"allow":["GET"]}}],"collection":[{"href":"https:\/\/expressometro.mx\/index.php\/wp-json\/wp\/v2\/posts"}],"about":[{"href":"https:\/\/expressometro.mx\/index.php\/wp-json\/wp\/v2\/types\/post"}],"author":[{"embeddable":true,"href":"https:\/\/expressometro.mx\/index.php\/wp-json\/wp\/v2\/users\/1"}],"replies":[{"embeddable":true,"href":"https:\/\/expressometro.mx\/index.php\/wp-json\/wp\/v2\/comments?post=7595"}],"version-history":[{"count":1,"href":"https:\/\/expressometro.mx\/index.php\/wp-json\/wp\/v2\/posts\/7595\/revisions"}],"predecessor-version":[{"id":7598,"href":"https:\/\/expressometro.mx\/index.php\/wp-json\/wp\/v2\/posts\/7595\/revisions\/7598"}],"wp:featuredmedia":[{"embeddable":true,"href":"https:\/\/expressometro.mx\/index.php\/wp-json\/wp\/v2\/media\/7597"}],"wp:attachment":[{"href":"https:\/\/expressometro.mx\/index.php\/wp-json\/wp\/v2\/media?parent=7595"}],"wp:term":[{"taxonomy":"category","embeddable":true,"href":"https:\/\/expressometro.mx\/index.php\/wp-json\/wp\/v2\/categories?post=7595"},{"taxonomy":"post_tag","embeddable":true,"href":"https:\/\/expressometro.mx\/index.php\/wp-json\/wp\/v2\/tags?post=7595"}],"curies":[{"name":"wp","href":"https:\/\/api.w.org\/{rel}","templated":true}]}}